{"id":25343,"date":"2023-08-09T16:57:27","date_gmt":"2023-08-09T16:57:27","guid":{"rendered":"https:\/\/crees.org.do\/?p=25343"},"modified":"2023-08-11T13:06:50","modified_gmt":"2023-08-11T13:06:50","slug":"la-puntuacion-de-la-republica-dominicana-en-el-indice-de-imperio-de-la-ley-se-ha-mantenido-practicamente-invariable","status":"publish","type":"post","link":"https:\/\/crees.org.do\/?p=25343","title":{"rendered":"La puntuaci\u00f3n de la Rep\u00fablica Dominicana en el \u00cdndice de Imperio de la Ley se ha mantenido pr\u00e1cticamente invariable"},"content":{"rendered":"<p><img fetchpriority=\"high\" decoding=\"async\" class=\"aligncenter wp-image-25344\" src=\"https:\/\/crees.org.do\/wp-content\/uploads\/2023\/08\/1-Slide-1-copy-11.png\" alt=\"\" width=\"896\" height=\"896\" srcset=\"https:\/\/crees.org.do\/wp-content\/uploads\/2023\/08\/1-Slide-1-copy-11.png 1200w, https:\/\/crees.org.do\/wp-content\/uploads\/2023\/08\/1-Slide-1-copy-11-450x450.png 450w, https:\/\/crees.org.do\/wp-content\/uploads\/2023\/08\/1-Slide-1-copy-11-2000x2000.png 2000w, https:\/\/crees.org.do\/wp-content\/uploads\/2023\/08\/1-Slide-1-copy-11-150x150.png 150w, https:\/\/crees.org.do\/wp-content\/uploads\/2023\/08\/1-Slide-1-copy-11-768x768.png 768w, https:\/\/crees.org.do\/wp-content\/uploads\/2023\/08\/1-Slide-1-copy-11-1536x1536.png 1536w, https:\/\/crees.org.do\/wp-content\/uploads\/2023\/08\/1-Slide-1-copy-11-2048x2048.png 2048w\" sizes=\"(max-width: 896px) 100vw, 896px\" \/><\/p>\n<p><img decoding=\"async\" class=\"wp-image-25345 aligncenter\" src=\"https:\/\/crees.org.do\/wp-content\/uploads\/2023\/08\/2-Slide-1-copy-21.png\" alt=\"\" width=\"896\" height=\"896\" srcset=\"https:\/\/crees.org.do\/wp-content\/uploads\/2023\/08\/2-Slide-1-copy-21.png 1200w, https:\/\/crees.org.do\/wp-content\/uploads\/2023\/08\/2-Slide-1-copy-21-450x450.png 450w, https:\/\/crees.org.do\/wp-content\/uploads\/2023\/08\/2-Slide-1-copy-21-2000x2000.png 2000w, https:\/\/crees.org.do\/wp-content\/uploads\/2023\/08\/2-Slide-1-copy-21-150x150.png 150w, https:\/\/crees.org.do\/wp-content\/uploads\/2023\/08\/2-Slide-1-copy-21-768x768.png 768w, https:\/\/crees.org.do\/wp-content\/uploads\/2023\/08\/2-Slide-1-copy-21-1536x1536.png 1536w, https:\/\/crees.org.do\/wp-content\/uploads\/2023\/08\/2-Slide-1-copy-21-2048x2048.png 2048w\" sizes=\"(max-width: 896px) 100vw, 896px\" \/><\/p>\n<h1>La puntuaci\u00f3n de la Rep\u00fablica Dominicana en el \u00cdndice de Imperio de la Ley se ha mantenido pr\u00e1cticamente invariable<\/h1>\n<p style=\"text-align: justify;\">De acuerdo con los datos recopilados por el World Justice Project en el periodo comprendido entre mayo de 2021 a octubre de 2022, a pesar de las reformas realizadas desde el 2020, en Rep\u00fablica Dominicana a\u00fan no se ha una mejora en t\u00e9rminos de la puntuaci\u00f3n del pa\u00eds en imperio de la ley. Desde el periodo 2012-2013, cuando se empez\u00f3 a utilizar una puntuaci\u00f3n general de imperio de la ley, la puntuaci\u00f3n de Rep\u00fablica Dominicana se ha mantenido pr\u00e1cticamente invariable en la mayor\u00eda de los reportes, verificando por tercer a\u00f1o consecutivo un puntaje de 0.48.<\/p>\n<p style=\"text-align: justify;\">Con relaci\u00f3n a su posici\u00f3n, la Rep\u00fablica Dominicana ocupa el puesto 92 entre los 140 pa\u00edses evaluados. El puesto actual representa un incremento de 2 posiciones con respecto al 2021. Sin embargo, el pa\u00eds se encuentra 2 puntos por debajo del promedio regional, siendo el promedio de Am\u00e9rica Latina 0.50.<\/p>\n<p style=\"text-align: justify;\">El \u00cdndice Imperio de la Ley mide el estado de derecho en funci\u00f3n de las experiencias y percepciones de los ciudadanos y los profesionales legales de un pa\u00eds y expertos de todo el mundo, utilizando ocho factores: 1) L\u00edmites al poder gubernamental; 2) Ausencia de corrupci\u00f3n; 3) Apertura del gobierno; 4) Derechos fundamentales; 5) Orden y seguridad; 6) Cumplimiento regulatorio; 7) Justicia civil; 8) Justicia penal.<\/p>\n<p style=\"text-align: justify;\">En comparaci\u00f3n con 2021, la Rep\u00fablica Dominicana no experiment\u00f3 cambios significativos en los factores que influyen en su puntuaci\u00f3n en el \u00edndice. Aunque se observ\u00f3 una ligera mejora en los L\u00edmites del poder gubernamental y en la Apertura del gobierno, esta mejor\u00eda fue contrarrestada por un empeoramiento en los Derechos fundamentales.<\/p>\n<p style=\"text-align: justify;\">Solo un Estado de Derecho (o imperio de las leyes) responsable y transparente, donde se cumplen y se hacen cumplir las leyes, podr\u00eda contribuir a garantizar un desarrollo socioecon\u00f3mico sostenido. En Rep\u00fablica Dominicana a\u00fan quedan por mejorar y fortalecer las instituciones que definen el Estado de Derecho. Esto es fundamental no solo para brindar seguridad y equidad a las personas, sino tambi\u00e9n para crear un ambiente que promueva iniciativas emprendedoras.<\/p>\n<div class=\"pvc_clear\"><\/div>\n<p class=\"pvc_stats all \" data-element-id=\"25343\" style=\"\"><i class=\"pvc-stats-icon medium\" aria-hidden=\"true\"><svg aria-hidden=\"true\" focusable=\"false\" data-prefix=\"far\" data-icon=\"chart-bar\" role=\"img\" xmlns=\"http:\/\/www.w3.org\/2000\/svg\" viewBox=\"0 0 512 512\" class=\"svg-inline--fa fa-chart-bar fa-w-16 fa-2x\"><path fill=\"currentColor\" d=\"M396.8 352h22.4c6.4 0 12.8-6.4 12.8-12.8V108.8c0-6.4-6.4-12.8-12.8-12.8h-22.4c-6.4 0-12.8 6.4-12.8 12.8v230.4c0 6.4 6.4 12.8 12.8 12.8zm-192 0h22.4c6.4 0 12.8-6.4 12.8-12.8V140.8c0-6.4-6.4-12.8-12.8-12.8h-22.4c-6.4 0-12.8 6.4-12.8 12.8v198.4c0 6.4 6.4 12.8 12.8 12.8zm96 0h22.4c6.4 0 12.8-6.4 12.8-12.8V204.8c0-6.4-6.4-12.8-12.8-12.8h-22.4c-6.4 0-12.8 6.4-12.8 12.8v134.4c0 6.4 6.4 12.8 12.8 12.8zM496 400H48V80c0-8.84-7.16-16-16-16H16C7.16 64 0 71.16 0 80v336c0 17.67 14.33 32 32 32h464c8.84 0 16-7.16 16-16v-16c0-8.84-7.16-16-16-16zm-387.2-48h22.4c6.4 0 12.8-6.4 12.8-12.8v-70.4c0-6.4-6.4-12.8-12.8-12.8h-22.4c-6.4 0-12.8 6.4-12.8 12.8v70.4c0 6.4 6.4 12.8 12.8 12.8z\" class=\"\"><\/path><\/svg><\/i> Vistas Totales&nbsp;1,530&nbsp;, Vistas Hoy&nbsp;4&nbsp;<\/p>\n<div class=\"pvc_clear\"><\/div>\n","protected":false},"excerpt":{"rendered":"<p>La puntuaci\u00f3n de la Rep\u00fablica Dominicana en el \u00cdndice de Imperio de la Ley se ha mantenido pr\u00e1cticamente invariable De acuerdo con los datos recopilados por el World Justice Project en el periodo comprendido entre mayo de 2021 a octubre de 2022, a pesar de las reformas realizadas desde el 2020, en Rep\u00fablica Dominicana a\u00fan&#8230;<\/p>\n<div class=\"pvc_clear\"><\/div>\n<p class=\"pvc_stats all \" data-element-id=\"25343\" style=\"\"><i class=\"pvc-stats-icon medium\" aria-hidden=\"true\"><svg aria-hidden=\"true\" focusable=\"false\" data-prefix=\"far\" data-icon=\"chart-bar\" role=\"img\" xmlns=\"http:\/\/www.w3.org\/2000\/svg\" viewBox=\"0 0 512 512\" class=\"svg-inline--fa fa-chart-bar fa-w-16 fa-2x\"><path fill=\"currentColor\" d=\"M396.8 352h22.4c6.4 0 12.8-6.4 12.8-12.8V108.8c0-6.4-6.4-12.8-12.8-12.8h-22.4c-6.4 0-12.8 6.4-12.8 12.8v230.4c0 6.4 6.4 12.8 12.8 12.8zm-192 0h22.4c6.4 0 12.8-6.4 12.8-12.8V140.8c0-6.4-6.4-12.8-12.8-12.8h-22.4c-6.4 0-12.8 6.4-12.8 12.8v198.4c0 6.4 6.4 12.8 12.8 12.8zm96 0h22.4c6.4 0 12.8-6.4 12.8-12.8V204.8c0-6.4-6.4-12.8-12.8-12.8h-22.4c-6.4 0-12.8 6.4-12.8 12.8v134.4c0 6.4 6.4 12.8 12.8 12.8zM496 400H48V80c0-8.84-7.16-16-16-16H16C7.16 64 0 71.16 0 80v336c0 17.67 14.33 32 32 32h464c8.84 0 16-7.16 16-16v-16c0-8.84-7.16-16-16-16zm-387.2-48h22.4c6.4 0 12.8-6.4 12.8-12.8v-70.4c0-6.4-6.4-12.8-12.8-12.8h-22.4c-6.4 0-12.8 6.4-12.8 12.8v70.4c0 6.4 6.4 12.8 12.8 12.8z\" class=\"\"><\/path><\/svg><\/i> Vistas Totales&nbsp;1,530&nbsp;, Vistas Hoy&nbsp;4&nbsp;<\/p>\n<div class=\"pvc_clear\"><\/div>\n","protected":false},"author":2,"featured_media":25344,"comment_status":"closed","ping_status":"closed","sticky":false,"template":"","format":"standard","meta":{"footnotes":""},"categories":[21],"tags":[],"class_list":["post-25343","post","type-post","status-publish","format-standard","has-post-thumbnail","hentry","category-blog"],"yoast_head":"<!-- This site is optimized with the Yoast SEO plugin v25.2 - https:\/\/yoast.com\/wordpress\/plugins\/seo\/ -->\n<title>La puntuaci\u00f3n de la Rep\u00fablica Dominicana en el \u00cdndice de Imperio de la Ley se ha mantenido pr\u00e1cticamente invariable | CREES<\/title>\n<meta name=\"robots\" content=\"index, follow, max-snippet:-1, max-image-preview:large, max-video-preview:-1\" \/>\n<link rel=\"canonical\" href=\"https:\/\/crees.org.do\/?p=25343\" \/>\n<meta property=\"og:locale\" content=\"es_ES\" \/>\n<meta property=\"og:type\" content=\"article\" \/>\n<meta property=\"og:title\" content=\"La puntuaci\u00f3n de la Rep\u00fablica Dominicana en el \u00cdndice de Imperio de la Ley se ha mantenido pr\u00e1cticamente invariable | CREES\" \/>\n<meta property=\"og:description\" content=\"La puntuaci\u00f3n de la Rep\u00fablica Dominicana en el \u00cdndice de Imperio de la Ley se ha mantenido pr\u00e1cticamente invariable De acuerdo con los datos recopilados por el World Justice Project en el periodo comprendido entre mayo de 2021 a octubre de 2022, a pesar de las reformas realizadas desde el 2020, en Rep\u00fablica Dominicana a\u00fan...\" \/>\n<meta property=\"og:url\" content=\"https:\/\/crees.org.do\/?p=25343\" \/>\n<meta property=\"og:site_name\" content=\"CREES\" \/>\n<meta property=\"article:publisher\" content=\"https:\/\/www.facebook.com\/CREESRD\/\" \/>\n<meta property=\"article:published_time\" content=\"2023-08-09T16:57:27+00:00\" \/>\n<meta property=\"article:modified_time\" content=\"2023-08-11T13:06:50+00:00\" \/>\n<meta property=\"og:image\" content=\"https:\/\/crees.org.do\/wp-content\/uploads\/2023\/08\/1-Slide-1-copy-11.png\" \/>\n\t<meta property=\"og:image:width\" content=\"1200\" \/>\n\t<meta property=\"og:image:height\" content=\"1200\" \/>\n\t<meta property=\"og:image:type\" content=\"image\/png\" \/>\n<meta name=\"author\" content=\"Crees\" \/>\n<meta name=\"twitter:card\" content=\"summary_large_image\" \/>\n<meta name=\"twitter:creator\" content=\"@CREESRD\" \/>\n<meta name=\"twitter:site\" content=\"@CREESRD\" \/>\n<meta name=\"twitter:label1\" content=\"Escrito por\" \/>\n\t<meta name=\"twitter:data1\" content=\"Crees\" \/>\n\t<meta name=\"twitter:label2\" content=\"Tiempo de lectura\" \/>\n\t<meta name=\"twitter:data2\" content=\"2 minutos\" \/>\n<script type=\"application\/ld+json\" class=\"yoast-schema-graph\">{\"@context\":\"https:\/\/schema.org\",\"@graph\":[{\"@type\":\"Article\",\"@id\":\"https:\/\/crees.org.do\/?p=25343#article\",\"isPartOf\":{\"@id\":\"https:\/\/crees.org.do\/?p=25343\"},\"author\":{\"name\":\"Crees\",\"@id\":\"https:\/\/crees.org.do\/#\/schema\/person\/e7f97cd94d7bf9cd0e0ce30acb7d56b8\"},\"headline\":\"La puntuaci\u00f3n de la Rep\u00fablica Dominicana en el \u00cdndice de Imperio de la Ley se ha mantenido pr\u00e1cticamente invariable\",\"datePublished\":\"2023-08-09T16:57:27+00:00\",\"dateModified\":\"2023-08-11T13:06:50+00:00\",\"mainEntityOfPage\":{\"@id\":\"https:\/\/crees.org.do\/?p=25343\"},\"wordCount\":388,\"publisher\":{\"@id\":\"https:\/\/crees.org.do\/#organization\"},\"image\":{\"@id\":\"https:\/\/crees.org.do\/?p=25343#primaryimage\"},\"thumbnailUrl\":\"https:\/\/crees.org.do\/wp-content\/uploads\/2023\/08\/1-Slide-1-copy-11.png\",\"articleSection\":[\"Blog\"],\"inLanguage\":\"es\"},{\"@type\":\"WebPage\",\"@id\":\"https:\/\/crees.org.do\/?p=25343\",\"url\":\"https:\/\/crees.org.do\/?p=25343\",\"name\":\"La puntuaci\u00f3n de la Rep\u00fablica Dominicana en el \u00cdndice de Imperio de la Ley se ha mantenido pr\u00e1cticamente invariable | CREES\",\"isPartOf\":{\"@id\":\"https:\/\/crees.org.do\/#website\"},\"primaryImageOfPage\":{\"@id\":\"https:\/\/crees.org.do\/?p=25343#primaryimage\"},\"image\":{\"@id\":\"https:\/\/crees.org.do\/?p=25343#primaryimage\"},\"thumbnailUrl\":\"https:\/\/crees.org.do\/wp-content\/uploads\/2023\/08\/1-Slide-1-copy-11.png\",\"datePublished\":\"2023-08-09T16:57:27+00:00\",\"dateModified\":\"2023-08-11T13:06:50+00:00\",\"breadcrumb\":{\"@id\":\"https:\/\/crees.org.do\/?p=25343#breadcrumb\"},\"inLanguage\":\"es\",\"potentialAction\":[{\"@type\":\"ReadAction\",\"target\":[\"https:\/\/crees.org.do\/?p=25343\"]}]},{\"@type\":\"ImageObject\",\"inLanguage\":\"es\",\"@id\":\"https:\/\/crees.org.do\/?p=25343#primaryimage\",\"url\":\"https:\/\/crees.org.do\/wp-content\/uploads\/2023\/08\/1-Slide-1-copy-11.png\",\"contentUrl\":\"https:\/\/crees.org.do\/wp-content\/uploads\/2023\/08\/1-Slide-1-copy-11.png\",\"width\":1200,\"height\":1200},{\"@type\":\"BreadcrumbList\",\"@id\":\"https:\/\/crees.org.do\/?p=25343#breadcrumb\",\"itemListElement\":[{\"@type\":\"ListItem\",\"position\":1,\"name\":\"Portada\",\"item\":\"https:\/\/crees.org.do\/\"},{\"@type\":\"ListItem\",\"position\":2,\"name\":\"La puntuaci\u00f3n de la Rep\u00fablica Dominicana en el \u00cdndice de Imperio de la Ley se ha mantenido pr\u00e1cticamente invariable\"}]},{\"@type\":\"WebSite\",\"@id\":\"https:\/\/crees.org.do\/#website\",\"url\":\"https:\/\/crees.org.do\/\",\"name\":\"CREES\",\"description\":\"Centro Regional de Estrategias Econ\u00f3micas Sostenibles\",\"publisher\":{\"@id\":\"https:\/\/crees.org.do\/#organization\"},\"potentialAction\":[{\"@type\":\"SearchAction\",\"target\":{\"@type\":\"EntryPoint\",\"urlTemplate\":\"https:\/\/crees.org.do\/?s={search_term_string}\"},\"query-input\":{\"@type\":\"PropertyValueSpecification\",\"valueRequired\":true,\"valueName\":\"search_term_string\"}}],\"inLanguage\":\"es\"},{\"@type\":\"Organization\",\"@id\":\"https:\/\/crees.org.do\/#organization\",\"name\":\"CREES | Centro Regional de Estrategias Econ\u00f3micas Sostenibles\",\"url\":\"https:\/\/crees.org.do\/\",\"logo\":{\"@type\":\"ImageObject\",\"inLanguage\":\"es\",\"@id\":\"https:\/\/crees.org.do\/#\/schema\/logo\/image\/\",\"url\":\"https:\/\/crees.org.do\/wp-content\/uploads\/2022\/03\/crees-logo-1.jpg\",\"contentUrl\":\"https:\/\/crees.org.do\/wp-content\/uploads\/2022\/03\/crees-logo-1.jpg\",\"width\":244,\"height\":71,\"caption\":\"CREES | Centro Regional de Estrategias Econ\u00f3micas Sostenibles\"},\"image\":{\"@id\":\"https:\/\/crees.org.do\/#\/schema\/logo\/image\/\"},\"sameAs\":[\"https:\/\/www.facebook.com\/CREESRD\/\",\"https:\/\/x.com\/CREESRD\"]},{\"@type\":\"Person\",\"@id\":\"https:\/\/crees.org.do\/#\/schema\/person\/e7f97cd94d7bf9cd0e0ce30acb7d56b8\",\"name\":\"Crees\",\"image\":{\"@type\":\"ImageObject\",\"inLanguage\":\"es\",\"@id\":\"https:\/\/crees.org.do\/#\/schema\/person\/image\/\",\"url\":\"https:\/\/secure.gravatar.com\/avatar\/390ac8f0be5d9aa046152553e2dd7011b59a512d89c150f5e5f28bb8d9a0b165?s=96&d=mm&r=g\",\"contentUrl\":\"https:\/\/secure.gravatar.com\/avatar\/390ac8f0be5d9aa046152553e2dd7011b59a512d89c150f5e5f28bb8d9a0b165?s=96&d=mm&r=g\",\"caption\":\"Crees\"},\"url\":\"https:\/\/crees.org.do\/?author=2\"}]}<\/script>\n<!-- \/ Yoast SEO plugin. -->","yoast_head_json":{"title":"La puntuaci\u00f3n de la Rep\u00fablica Dominicana en el \u00cdndice de Imperio de la Ley se ha mantenido pr\u00e1cticamente invariable | CREES","robots":{"index":"index","follow":"follow","max-snippet":"max-snippet:-1","max-image-preview":"max-image-preview:large","max-video-preview":"max-video-preview:-1"},"canonical":"https:\/\/crees.org.do\/?p=25343","og_locale":"es_ES","og_type":"article","og_title":"La puntuaci\u00f3n de la Rep\u00fablica Dominicana en el \u00cdndice de Imperio de la Ley se ha mantenido pr\u00e1cticamente invariable | CREES","og_description":"La puntuaci\u00f3n de la Rep\u00fablica Dominicana en el \u00cdndice de Imperio de la Ley se ha mantenido pr\u00e1cticamente invariable De acuerdo con los datos recopilados por el World Justice Project en el periodo comprendido entre mayo de 2021 a octubre de 2022, a pesar de las reformas realizadas desde el 2020, en Rep\u00fablica Dominicana a\u00fan...","og_url":"https:\/\/crees.org.do\/?p=25343","og_site_name":"CREES","article_publisher":"https:\/\/www.facebook.com\/CREESRD\/","article_published_time":"2023-08-09T16:57:27+00:00","article_modified_time":"2023-08-11T13:06:50+00:00","og_image":[{"width":1200,"height":1200,"url":"https:\/\/crees.org.do\/wp-content\/uploads\/2023\/08\/1-Slide-1-copy-11.png","type":"image\/png"}],"author":"Crees","twitter_card":"summary_large_image","twitter_creator":"@CREESRD","twitter_site":"@CREESRD","twitter_misc":{"Escrito por":"Crees","Tiempo de lectura":"2 minutos"},"schema":{"@context":"https:\/\/schema.org","@graph":[{"@type":"Article","@id":"https:\/\/crees.org.do\/?p=25343#article","isPartOf":{"@id":"https:\/\/crees.org.do\/?p=25343"},"author":{"name":"Crees","@id":"https:\/\/crees.org.do\/#\/schema\/person\/e7f97cd94d7bf9cd0e0ce30acb7d56b8"},"headline":"La puntuaci\u00f3n de la Rep\u00fablica Dominicana en el \u00cdndice de Imperio de la Ley se ha mantenido pr\u00e1cticamente invariable","datePublished":"2023-08-09T16:57:27+00:00","dateModified":"2023-08-11T13:06:50+00:00","mainEntityOfPage":{"@id":"https:\/\/crees.org.do\/?p=25343"},"wordCount":388,"publisher":{"@id":"https:\/\/crees.org.do\/#organization"},"image":{"@id":"https:\/\/crees.org.do\/?p=25343#primaryimage"},"thumbnailUrl":"https:\/\/crees.org.do\/wp-content\/uploads\/2023\/08\/1-Slide-1-copy-11.png","articleSection":["Blog"],"inLanguage":"es"},{"@type":"WebPage","@id":"https:\/\/crees.org.do\/?p=25343","url":"https:\/\/crees.org.do\/?p=25343","name":"La puntuaci\u00f3n de la Rep\u00fablica Dominicana en el \u00cdndice de Imperio de la Ley se ha mantenido pr\u00e1cticamente invariable | CREES","isPartOf":{"@id":"https:\/\/crees.org.do\/#website"},"primaryImageOfPage":{"@id":"https:\/\/crees.org.do\/?p=25343#primaryimage"},"image":{"@id":"https:\/\/crees.org.do\/?p=25343#primaryimage"},"thumbnailUrl":"https:\/\/crees.org.do\/wp-content\/uploads\/2023\/08\/1-Slide-1-copy-11.png","datePublished":"2023-08-09T16:57:27+00:00","dateModified":"2023-08-11T13:06:50+00:00","breadcrumb":{"@id":"https:\/\/crees.org.do\/?p=25343#breadcrumb"},"inLanguage":"es","potentialAction":[{"@type":"ReadAction","target":["https:\/\/crees.org.do\/?p=25343"]}]},{"@type":"ImageObject","inLanguage":"es","@id":"https:\/\/crees.org.do\/?p=25343#primaryimage","url":"https:\/\/crees.org.do\/wp-content\/uploads\/2023\/08\/1-Slide-1-copy-11.png","contentUrl":"https:\/\/crees.org.do\/wp-content\/uploads\/2023\/08\/1-Slide-1-copy-11.png","width":1200,"height":1200},{"@type":"BreadcrumbList","@id":"https:\/\/crees.org.do\/?p=25343#breadcrumb","itemListElement":[{"@type":"ListItem","position":1,"name":"Portada","item":"https:\/\/crees.org.do\/"},{"@type":"ListItem","position":2,"name":"La puntuaci\u00f3n de la Rep\u00fablica Dominicana en el \u00cdndice de Imperio de la Ley se ha mantenido pr\u00e1cticamente invariable"}]},{"@type":"WebSite","@id":"https:\/\/crees.org.do\/#website","url":"https:\/\/crees.org.do\/","name":"CREES","description":"Centro Regional de Estrategias Econ\u00f3micas Sostenibles","publisher":{"@id":"https:\/\/crees.org.do\/#organization"},"potentialAction":[{"@type":"SearchAction","target":{"@type":"EntryPoint","urlTemplate":"https:\/\/crees.org.do\/?s={search_term_string}"},"query-input":{"@type":"PropertyValueSpecification","valueRequired":true,"valueName":"search_term_string"}}],"inLanguage":"es"},{"@type":"Organization","@id":"https:\/\/crees.org.do\/#organization","name":"CREES | Centro Regional de Estrategias Econ\u00f3micas Sostenibles","url":"https:\/\/crees.org.do\/","logo":{"@type":"ImageObject","inLanguage":"es","@id":"https:\/\/crees.org.do\/#\/schema\/logo\/image\/","url":"https:\/\/crees.org.do\/wp-content\/uploads\/2022\/03\/crees-logo-1.jpg","contentUrl":"https:\/\/crees.org.do\/wp-content\/uploads\/2022\/03\/crees-logo-1.jpg","width":244,"height":71,"caption":"CREES | Centro Regional de Estrategias Econ\u00f3micas Sostenibles"},"image":{"@id":"https:\/\/crees.org.do\/#\/schema\/logo\/image\/"},"sameAs":["https:\/\/www.facebook.com\/CREESRD\/","https:\/\/x.com\/CREESRD"]},{"@type":"Person","@id":"https:\/\/crees.org.do\/#\/schema\/person\/e7f97cd94d7bf9cd0e0ce30acb7d56b8","name":"Crees","image":{"@type":"ImageObject","inLanguage":"es","@id":"https:\/\/crees.org.do\/#\/schema\/person\/image\/","url":"https:\/\/secure.gravatar.com\/avatar\/390ac8f0be5d9aa046152553e2dd7011b59a512d89c150f5e5f28bb8d9a0b165?s=96&d=mm&r=g","contentUrl":"https:\/\/secure.gravatar.com\/avatar\/390ac8f0be5d9aa046152553e2dd7011b59a512d89c150f5e5f28bb8d9a0b165?s=96&d=mm&r=g","caption":"Crees"},"url":"https:\/\/crees.org.do\/?author=2"}]}},"_links":{"self":[{"href":"https:\/\/crees.org.do\/index.php?rest_route=\/wp\/v2\/posts\/25343","targetHints":{"allow":["GET"]}}],"collection":[{"href":"https:\/\/crees.org.do\/index.php?rest_route=\/wp\/v2\/posts"}],"about":[{"href":"https:\/\/crees.org.do\/index.php?rest_route=\/wp\/v2\/types\/post"}],"author":[{"embeddable":true,"href":"https:\/\/crees.org.do\/index.php?rest_route=\/wp\/v2\/users\/2"}],"replies":[{"embeddable":true,"href":"https:\/\/crees.org.do\/index.php?rest_route=%2Fwp%2Fv2%2Fcomments&post=25343"}],"version-history":[{"count":1,"href":"https:\/\/crees.org.do\/index.php?rest_route=\/wp\/v2\/posts\/25343\/revisions"}],"predecessor-version":[{"id":25346,"href":"https:\/\/crees.org.do\/index.php?rest_route=\/wp\/v2\/posts\/25343\/revisions\/25346"}],"wp:featuredmedia":[{"embeddable":true,"href":"https:\/\/crees.org.do\/index.php?rest_route=\/wp\/v2\/media\/25344"}],"wp:attachment":[{"href":"https:\/\/crees.org.do\/index.php?rest_route=%2Fwp%2Fv2%2Fmedia&parent=25343"}],"wp:term":[{"taxonomy":"category","embeddable":true,"href":"https:\/\/crees.org.do\/index.php?rest_route=%2Fwp%2Fv2%2Fcategories&post=25343"},{"taxonomy":"post_tag","embeddable":true,"href":"https:\/\/crees.org.do\/index.php?rest_route=%2Fwp%2Fv2%2Ftags&post=25343"}],"curies":[{"name":"wp","href":"https:\/\/api.w.org\/{rel}","templated":true}]}}