{"id":25352,"date":"2023-08-10T17:27:07","date_gmt":"2023-08-10T17:27:07","guid":{"rendered":"https:\/\/crees.org.do\/?p=25352"},"modified":"2023-08-11T13:15:18","modified_gmt":"2023-08-11T13:15:18","slug":"que-nos-dice-el-flujo-de-contenedores-acerca-de-nuestras-exportaciones-e-importaciones","status":"publish","type":"post","link":"https:\/\/crees.org.do\/?p=25352","title":{"rendered":"\u00bfQu\u00e9 nos dice el flujo de contenedores acerca de nuestras exportaciones e importaciones?"},"content":{"rendered":"<h1><img fetchpriority=\"high\" decoding=\"async\" class=\"aligncenter wp-image-25353\" src=\"https:\/\/crees.org.do\/wp-content\/uploads\/2023\/08\/1-Slide-1.png\" alt=\"\" width=\"896\" height=\"896\" srcset=\"https:\/\/crees.org.do\/wp-content\/uploads\/2023\/08\/1-Slide-1.png 1200w, https:\/\/crees.org.do\/wp-content\/uploads\/2023\/08\/1-Slide-1-450x450.png 450w, https:\/\/crees.org.do\/wp-content\/uploads\/2023\/08\/1-Slide-1-2000x2000.png 2000w, https:\/\/crees.org.do\/wp-content\/uploads\/2023\/08\/1-Slide-1-150x150.png 150w, https:\/\/crees.org.do\/wp-content\/uploads\/2023\/08\/1-Slide-1-768x768.png 768w, https:\/\/crees.org.do\/wp-content\/uploads\/2023\/08\/1-Slide-1-1536x1536.png 1536w, https:\/\/crees.org.do\/wp-content\/uploads\/2023\/08\/1-Slide-1-2048x2048.png 2048w\" sizes=\"(max-width: 896px) 100vw, 896px\" \/><\/h1>\n<p><img decoding=\"async\" class=\"aligncenter wp-image-25354\" src=\"https:\/\/crees.org.do\/wp-content\/uploads\/2023\/08\/2-Slide-1-copy-18.png\" alt=\"\" width=\"896\" height=\"896\" srcset=\"https:\/\/crees.org.do\/wp-content\/uploads\/2023\/08\/2-Slide-1-copy-18.png 1200w, https:\/\/crees.org.do\/wp-content\/uploads\/2023\/08\/2-Slide-1-copy-18-450x450.png 450w, https:\/\/crees.org.do\/wp-content\/uploads\/2023\/08\/2-Slide-1-copy-18-2000x2000.png 2000w, https:\/\/crees.org.do\/wp-content\/uploads\/2023\/08\/2-Slide-1-copy-18-150x150.png 150w, https:\/\/crees.org.do\/wp-content\/uploads\/2023\/08\/2-Slide-1-copy-18-768x768.png 768w, https:\/\/crees.org.do\/wp-content\/uploads\/2023\/08\/2-Slide-1-copy-18-1536x1536.png 1536w, https:\/\/crees.org.do\/wp-content\/uploads\/2023\/08\/2-Slide-1-copy-18-2048x2048.png 2048w\" sizes=\"(max-width: 896px) 100vw, 896px\" \/><\/p>\n<p><img decoding=\"async\" class=\"aligncenter wp-image-25355\" src=\"https:\/\/crees.org.do\/wp-content\/uploads\/2023\/08\/3-Slide-1-copy-21.png\" alt=\"\" width=\"896\" height=\"896\" srcset=\"https:\/\/crees.org.do\/wp-content\/uploads\/2023\/08\/3-Slide-1-copy-21.png 1200w, https:\/\/crees.org.do\/wp-content\/uploads\/2023\/08\/3-Slide-1-copy-21-450x450.png 450w, https:\/\/crees.org.do\/wp-content\/uploads\/2023\/08\/3-Slide-1-copy-21-2000x2000.png 2000w, https:\/\/crees.org.do\/wp-content\/uploads\/2023\/08\/3-Slide-1-copy-21-150x150.png 150w, https:\/\/crees.org.do\/wp-content\/uploads\/2023\/08\/3-Slide-1-copy-21-768x768.png 768w, https:\/\/crees.org.do\/wp-content\/uploads\/2023\/08\/3-Slide-1-copy-21-1536x1536.png 1536w, https:\/\/crees.org.do\/wp-content\/uploads\/2023\/08\/3-Slide-1-copy-21-2048x2048.png 2048w\" sizes=\"(max-width: 896px) 100vw, 896px\" \/><\/p>\n<p><img loading=\"lazy\" decoding=\"async\" class=\"aligncenter wp-image-25356\" src=\"https:\/\/crees.org.do\/wp-content\/uploads\/2023\/08\/4-Slide-1-copy-22.png\" alt=\"\" width=\"896\" height=\"896\" srcset=\"https:\/\/crees.org.do\/wp-content\/uploads\/2023\/08\/4-Slide-1-copy-22.png 1200w, https:\/\/crees.org.do\/wp-content\/uploads\/2023\/08\/4-Slide-1-copy-22-450x450.png 450w, https:\/\/crees.org.do\/wp-content\/uploads\/2023\/08\/4-Slide-1-copy-22-2000x2000.png 2000w, https:\/\/crees.org.do\/wp-content\/uploads\/2023\/08\/4-Slide-1-copy-22-150x150.png 150w, https:\/\/crees.org.do\/wp-content\/uploads\/2023\/08\/4-Slide-1-copy-22-768x768.png 768w, https:\/\/crees.org.do\/wp-content\/uploads\/2023\/08\/4-Slide-1-copy-22-1536x1536.png 1536w, https:\/\/crees.org.do\/wp-content\/uploads\/2023\/08\/4-Slide-1-copy-22-2048x2048.png 2048w\" sizes=\"(max-width: 896px) 100vw, 896px\" \/><\/p>\n<h1><em>\u00bf<\/em><em>Qu\u00e9<\/em> nos dice el flujo de contenedores acerca de nuestras exportaciones e importaciones<em>?<\/em><\/h1>\n<p style=\"text-align: justify;\">Seg\u00fan los datos de la Oficina Nacional de Estad\u00edstica (ONE), en el primer semestre del a\u00f1o 2023 el volumen de importaciones y exportaciones mar\u00edtimas de la Rep\u00fablica Dominicana que se movilizo por los puertos del pa\u00eds fue de 973,982 TEUS, o contenedores de 20 pies. En comparaci\u00f3n con el volumen del mismo periodo del a\u00f1o 2022 se verific\u00f3 una reducci\u00f3n de 15.2% en la actividad portuaria, en t\u00e9rminos reales.<\/p>\n<p style=\"text-align: justify;\">Un TEU es una medida utilizada en el transporte mar\u00edtimo para medir la actividad portuaria, la capacidad de carga de los buques y la eficiencia de los puertos. TEU, por sus siglas en ingl\u00e9s, significa \u201ctwenty foot equivalent unit\u201d (unidad equivalente a 20 pies), que es el tama\u00f1o est\u00e1ndar utilizado en los contenedores mar\u00edtimos.<\/p>\n<p style=\"text-align: justify;\">El volumen de TEUS registrado en los primeros seis meses de 2023 estaba compuesto por 336,801 TEUS de importaciones, siendo 7.0% menor al a\u00f1o anterior. Las exportaciones contabilizaron 330,527 TEUS, lo que represent\u00f3 una reducci\u00f3n del 1.6%. En adici\u00f3n, en el primer semestre de este a\u00f1o solo 306,655 TEUS transitaron por los puertos del pa\u00eds, evidenciando una disminuci\u00f3n significativa del 31.9% con respecto al 2022. Los TEUS en tr\u00e1nsito pueden estar tanto llenos como vac\u00edos.<\/p>\n<p style=\"text-align: justify;\">La reducci\u00f3n de la magnitud de los contenedores en los puertos es c\u00f3nsona con el comportamiento de las exportaciones e importaciones verificado en el periodo enero-junio del a\u00f1o 2023. El valor de las exportaciones cay\u00f3 1.3%, mientras el valor total de los bienes importados se redujo en un 5.3% con respecto al primer semestre del a\u00f1o 2022. Lo anterior est\u00e1 en la l\u00ednea con la desaceleraci\u00f3n de la actividad econ\u00f3mica del pa\u00eds durante los primeros tres meses del a\u00f1o.<\/p>\n<div class=\"pvc_clear\"><\/div>\n<p class=\"pvc_stats all \" data-element-id=\"25352\" style=\"\"><i class=\"pvc-stats-icon medium\" aria-hidden=\"true\"><svg aria-hidden=\"true\" focusable=\"false\" data-prefix=\"far\" data-icon=\"chart-bar\" role=\"img\" xmlns=\"http:\/\/www.w3.org\/2000\/svg\" viewBox=\"0 0 512 512\" class=\"svg-inline--fa fa-chart-bar fa-w-16 fa-2x\"><path fill=\"currentColor\" d=\"M396.8 352h22.4c6.4 0 12.8-6.4 12.8-12.8V108.8c0-6.4-6.4-12.8-12.8-12.8h-22.4c-6.4 0-12.8 6.4-12.8 12.8v230.4c0 6.4 6.4 12.8 12.8 12.8zm-192 0h22.4c6.4 0 12.8-6.4 12.8-12.8V140.8c0-6.4-6.4-12.8-12.8-12.8h-22.4c-6.4 0-12.8 6.4-12.8 12.8v198.4c0 6.4 6.4 12.8 12.8 12.8zm96 0h22.4c6.4 0 12.8-6.4 12.8-12.8V204.8c0-6.4-6.4-12.8-12.8-12.8h-22.4c-6.4 0-12.8 6.4-12.8 12.8v134.4c0 6.4 6.4 12.8 12.8 12.8zM496 400H48V80c0-8.84-7.16-16-16-16H16C7.16 64 0 71.16 0 80v336c0 17.67 14.33 32 32 32h464c8.84 0 16-7.16 16-16v-16c0-8.84-7.16-16-16-16zm-387.2-48h22.4c6.4 0 12.8-6.4 12.8-12.8v-70.4c0-6.4-6.4-12.8-12.8-12.8h-22.4c-6.4 0-12.8 6.4-12.8 12.8v70.4c0 6.4 6.4 12.8 12.8 12.8z\" class=\"\"><\/path><\/svg><\/i> Vistas Totales&nbsp;1,461&nbsp;, Vistas Hoy&nbsp;4&nbsp;<\/p>\n<div class=\"pvc_clear\"><\/div>\n","protected":false},"excerpt":{"rendered":"<p>\u00bfQu\u00e9 nos dice el flujo de contenedores acerca de nuestras exportaciones e importaciones? Seg\u00fan los datos de la Oficina Nacional de Estad\u00edstica (ONE), en el primer semestre del a\u00f1o 2023 el volumen de importaciones y exportaciones mar\u00edtimas de la Rep\u00fablica Dominicana que se movilizo por los puertos del pa\u00eds fue de 973,982 TEUS, o contenedores&#8230;<\/p>\n<div class=\"pvc_clear\"><\/div>\n<p class=\"pvc_stats all \" data-element-id=\"25352\" style=\"\"><i class=\"pvc-stats-icon medium\" aria-hidden=\"true\"><svg aria-hidden=\"true\" focusable=\"false\" data-prefix=\"far\" data-icon=\"chart-bar\" role=\"img\" xmlns=\"http:\/\/www.w3.org\/2000\/svg\" viewBox=\"0 0 512 512\" class=\"svg-inline--fa fa-chart-bar fa-w-16 fa-2x\"><path fill=\"currentColor\" d=\"M396.8 352h22.4c6.4 0 12.8-6.4 12.8-12.8V108.8c0-6.4-6.4-12.8-12.8-12.8h-22.4c-6.4 0-12.8 6.4-12.8 12.8v230.4c0 6.4 6.4 12.8 12.8 12.8zm-192 0h22.4c6.4 0 12.8-6.4 12.8-12.8V140.8c0-6.4-6.4-12.8-12.8-12.8h-22.4c-6.4 0-12.8 6.4-12.8 12.8v198.4c0 6.4 6.4 12.8 12.8 12.8zm96 0h22.4c6.4 0 12.8-6.4 12.8-12.8V204.8c0-6.4-6.4-12.8-12.8-12.8h-22.4c-6.4 0-12.8 6.4-12.8 12.8v134.4c0 6.4 6.4 12.8 12.8 12.8zM496 400H48V80c0-8.84-7.16-16-16-16H16C7.16 64 0 71.16 0 80v336c0 17.67 14.33 32 32 32h464c8.84 0 16-7.16 16-16v-16c0-8.84-7.16-16-16-16zm-387.2-48h22.4c6.4 0 12.8-6.4 12.8-12.8v-70.4c0-6.4-6.4-12.8-12.8-12.8h-22.4c-6.4 0-12.8 6.4-12.8 12.8v70.4c0 6.4 6.4 12.8 12.8 12.8z\" class=\"\"><\/path><\/svg><\/i> Vistas Totales&nbsp;1,461&nbsp;, Vistas Hoy&nbsp;4&nbsp;<\/p>\n<div class=\"pvc_clear\"><\/div>\n","protected":false},"author":2,"featured_media":25353,"comment_status":"closed","ping_status":"closed","sticky":false,"template":"","format":"standard","meta":{"footnotes":""},"categories":[21],"tags":[],"class_list":["post-25352","post","type-post","status-publish","format-standard","has-post-thumbnail","hentry","category-blog"],"yoast_head":"<!-- This site is optimized with the Yoast SEO plugin v25.2 - https:\/\/yoast.com\/wordpress\/plugins\/seo\/ -->\n<title>\u00bfQu\u00e9 nos dice el flujo de contenedores acerca de nuestras exportaciones e importaciones? | CREES<\/title>\n<meta name=\"robots\" content=\"index, follow, max-snippet:-1, max-image-preview:large, max-video-preview:-1\" \/>\n<link rel=\"canonical\" href=\"https:\/\/crees.org.do\/?p=25352\" \/>\n<meta property=\"og:locale\" content=\"es_ES\" \/>\n<meta property=\"og:type\" content=\"article\" \/>\n<meta property=\"og:title\" content=\"\u00bfQu\u00e9 nos dice el flujo de contenedores acerca de nuestras exportaciones e importaciones? | CREES\" \/>\n<meta property=\"og:description\" content=\"\u00bfQu\u00e9 nos dice el flujo de contenedores acerca de nuestras exportaciones e importaciones? Seg\u00fan los datos de la Oficina Nacional de Estad\u00edstica (ONE), en el primer semestre del a\u00f1o 2023 el volumen de importaciones y exportaciones mar\u00edtimas de la Rep\u00fablica Dominicana que se movilizo por los puertos del pa\u00eds fue de 973,982 TEUS, o contenedores...\" \/>\n<meta property=\"og:url\" content=\"https:\/\/crees.org.do\/?p=25352\" \/>\n<meta property=\"og:site_name\" content=\"CREES\" \/>\n<meta property=\"article:publisher\" content=\"https:\/\/www.facebook.com\/CREESRD\/\" \/>\n<meta property=\"article:published_time\" content=\"2023-08-10T17:27:07+00:00\" \/>\n<meta property=\"article:modified_time\" content=\"2023-08-11T13:15:18+00:00\" \/>\n<meta property=\"og:image\" content=\"https:\/\/crees.org.do\/wp-content\/uploads\/2023\/08\/1-Slide-1-768x768.png\" \/>\n\t<meta property=\"og:image:width\" content=\"768\" \/>\n\t<meta property=\"og:image:height\" content=\"768\" \/>\n\t<meta property=\"og:image:type\" content=\"image\/png\" \/>\n<meta name=\"author\" content=\"Crees\" \/>\n<meta name=\"twitter:card\" content=\"summary_large_image\" \/>\n<meta name=\"twitter:creator\" content=\"@CREESRD\" \/>\n<meta name=\"twitter:site\" content=\"@CREESRD\" \/>\n<meta name=\"twitter:label1\" content=\"Escrito por\" \/>\n\t<meta name=\"twitter:data1\" content=\"Crees\" \/>\n\t<meta name=\"twitter:label2\" content=\"Tiempo de lectura\" \/>\n\t<meta name=\"twitter:data2\" content=\"2 minutos\" \/>\n<script type=\"application\/ld+json\" class=\"yoast-schema-graph\">{\"@context\":\"https:\/\/schema.org\",\"@graph\":[{\"@type\":\"Article\",\"@id\":\"https:\/\/crees.org.do\/?p=25352#article\",\"isPartOf\":{\"@id\":\"https:\/\/crees.org.do\/?p=25352\"},\"author\":{\"name\":\"Crees\",\"@id\":\"https:\/\/crees.org.do\/#\/schema\/person\/e7f97cd94d7bf9cd0e0ce30acb7d56b8\"},\"headline\":\"\u00bfQu\u00e9 nos dice el flujo de contenedores acerca de nuestras exportaciones e importaciones?\",\"datePublished\":\"2023-08-10T17:27:07+00:00\",\"dateModified\":\"2023-08-11T13:15:18+00:00\",\"mainEntityOfPage\":{\"@id\":\"https:\/\/crees.org.do\/?p=25352\"},\"wordCount\":317,\"publisher\":{\"@id\":\"https:\/\/crees.org.do\/#organization\"},\"image\":{\"@id\":\"https:\/\/crees.org.do\/?p=25352#primaryimage\"},\"thumbnailUrl\":\"https:\/\/crees.org.do\/wp-content\/uploads\/2023\/08\/1-Slide-1.png\",\"articleSection\":[\"Blog\"],\"inLanguage\":\"es\"},{\"@type\":\"WebPage\",\"@id\":\"https:\/\/crees.org.do\/?p=25352\",\"url\":\"https:\/\/crees.org.do\/?p=25352\",\"name\":\"\u00bfQu\u00e9 nos dice el flujo de contenedores acerca de nuestras exportaciones e importaciones? | CREES\",\"isPartOf\":{\"@id\":\"https:\/\/crees.org.do\/#website\"},\"primaryImageOfPage\":{\"@id\":\"https:\/\/crees.org.do\/?p=25352#primaryimage\"},\"image\":{\"@id\":\"https:\/\/crees.org.do\/?p=25352#primaryimage\"},\"thumbnailUrl\":\"https:\/\/crees.org.do\/wp-content\/uploads\/2023\/08\/1-Slide-1.png\",\"datePublished\":\"2023-08-10T17:27:07+00:00\",\"dateModified\":\"2023-08-11T13:15:18+00:00\",\"breadcrumb\":{\"@id\":\"https:\/\/crees.org.do\/?p=25352#breadcrumb\"},\"inLanguage\":\"es\",\"potentialAction\":[{\"@type\":\"ReadAction\",\"target\":[\"https:\/\/crees.org.do\/?p=25352\"]}]},{\"@type\":\"ImageObject\",\"inLanguage\":\"es\",\"@id\":\"https:\/\/crees.org.do\/?p=25352#primaryimage\",\"url\":\"https:\/\/crees.org.do\/wp-content\/uploads\/2023\/08\/1-Slide-1.png\",\"contentUrl\":\"https:\/\/crees.org.do\/wp-content\/uploads\/2023\/08\/1-Slide-1.png\",\"width\":1200,\"height\":1200},{\"@type\":\"BreadcrumbList\",\"@id\":\"https:\/\/crees.org.do\/?p=25352#breadcrumb\",\"itemListElement\":[{\"@type\":\"ListItem\",\"position\":1,\"name\":\"Portada\",\"item\":\"https:\/\/crees.org.do\/\"},{\"@type\":\"ListItem\",\"position\":2,\"name\":\"\u00bfQu\u00e9 nos dice el flujo de contenedores acerca de nuestras exportaciones e importaciones?\"}]},{\"@type\":\"WebSite\",\"@id\":\"https:\/\/crees.org.do\/#website\",\"url\":\"https:\/\/crees.org.do\/\",\"name\":\"CREES\",\"description\":\"Centro Regional de Estrategias Econ\u00f3micas Sostenibles\",\"publisher\":{\"@id\":\"https:\/\/crees.org.do\/#organization\"},\"potentialAction\":[{\"@type\":\"SearchAction\",\"target\":{\"@type\":\"EntryPoint\",\"urlTemplate\":\"https:\/\/crees.org.do\/?s={search_term_string}\"},\"query-input\":{\"@type\":\"PropertyValueSpecification\",\"valueRequired\":true,\"valueName\":\"search_term_string\"}}],\"inLanguage\":\"es\"},{\"@type\":\"Organization\",\"@id\":\"https:\/\/crees.org.do\/#organization\",\"name\":\"CREES | Centro Regional de Estrategias Econ\u00f3micas Sostenibles\",\"url\":\"https:\/\/crees.org.do\/\",\"logo\":{\"@type\":\"ImageObject\",\"inLanguage\":\"es\",\"@id\":\"https:\/\/crees.org.do\/#\/schema\/logo\/image\/\",\"url\":\"https:\/\/crees.org.do\/wp-content\/uploads\/2022\/03\/crees-logo-1.jpg\",\"contentUrl\":\"https:\/\/crees.org.do\/wp-content\/uploads\/2022\/03\/crees-logo-1.jpg\",\"width\":244,\"height\":71,\"caption\":\"CREES | Centro Regional de Estrategias Econ\u00f3micas Sostenibles\"},\"image\":{\"@id\":\"https:\/\/crees.org.do\/#\/schema\/logo\/image\/\"},\"sameAs\":[\"https:\/\/www.facebook.com\/CREESRD\/\",\"https:\/\/x.com\/CREESRD\"]},{\"@type\":\"Person\",\"@id\":\"https:\/\/crees.org.do\/#\/schema\/person\/e7f97cd94d7bf9cd0e0ce30acb7d56b8\",\"name\":\"Crees\",\"image\":{\"@type\":\"ImageObject\",\"inLanguage\":\"es\",\"@id\":\"https:\/\/crees.org.do\/#\/schema\/person\/image\/\",\"url\":\"https:\/\/secure.gravatar.com\/avatar\/390ac8f0be5d9aa046152553e2dd7011b59a512d89c150f5e5f28bb8d9a0b165?s=96&d=mm&r=g\",\"contentUrl\":\"https:\/\/secure.gravatar.com\/avatar\/390ac8f0be5d9aa046152553e2dd7011b59a512d89c150f5e5f28bb8d9a0b165?s=96&d=mm&r=g\",\"caption\":\"Crees\"},\"url\":\"https:\/\/crees.org.do\/?author=2\"}]}<\/script>\n<!-- \/ Yoast SEO plugin. -->","yoast_head_json":{"title":"\u00bfQu\u00e9 nos dice el flujo de contenedores acerca de nuestras exportaciones e importaciones? | CREES","robots":{"index":"index","follow":"follow","max-snippet":"max-snippet:-1","max-image-preview":"max-image-preview:large","max-video-preview":"max-video-preview:-1"},"canonical":"https:\/\/crees.org.do\/?p=25352","og_locale":"es_ES","og_type":"article","og_title":"\u00bfQu\u00e9 nos dice el flujo de contenedores acerca de nuestras exportaciones e importaciones? | CREES","og_description":"\u00bfQu\u00e9 nos dice el flujo de contenedores acerca de nuestras exportaciones e importaciones? Seg\u00fan los datos de la Oficina Nacional de Estad\u00edstica (ONE), en el primer semestre del a\u00f1o 2023 el volumen de importaciones y exportaciones mar\u00edtimas de la Rep\u00fablica Dominicana que se movilizo por los puertos del pa\u00eds fue de 973,982 TEUS, o contenedores...","og_url":"https:\/\/crees.org.do\/?p=25352","og_site_name":"CREES","article_publisher":"https:\/\/www.facebook.com\/CREESRD\/","article_published_time":"2023-08-10T17:27:07+00:00","article_modified_time":"2023-08-11T13:15:18+00:00","og_image":[{"width":768,"height":768,"url":"https:\/\/crees.org.do\/wp-content\/uploads\/2023\/08\/1-Slide-1-768x768.png","type":"image\/png"}],"author":"Crees","twitter_card":"summary_large_image","twitter_creator":"@CREESRD","twitter_site":"@CREESRD","twitter_misc":{"Escrito por":"Crees","Tiempo de lectura":"2 minutos"},"schema":{"@context":"https:\/\/schema.org","@graph":[{"@type":"Article","@id":"https:\/\/crees.org.do\/?p=25352#article","isPartOf":{"@id":"https:\/\/crees.org.do\/?p=25352"},"author":{"name":"Crees","@id":"https:\/\/crees.org.do\/#\/schema\/person\/e7f97cd94d7bf9cd0e0ce30acb7d56b8"},"headline":"\u00bfQu\u00e9 nos dice el flujo de contenedores acerca de nuestras exportaciones e importaciones?","datePublished":"2023-08-10T17:27:07+00:00","dateModified":"2023-08-11T13:15:18+00:00","mainEntityOfPage":{"@id":"https:\/\/crees.org.do\/?p=25352"},"wordCount":317,"publisher":{"@id":"https:\/\/crees.org.do\/#organization"},"image":{"@id":"https:\/\/crees.org.do\/?p=25352#primaryimage"},"thumbnailUrl":"https:\/\/crees.org.do\/wp-content\/uploads\/2023\/08\/1-Slide-1.png","articleSection":["Blog"],"inLanguage":"es"},{"@type":"WebPage","@id":"https:\/\/crees.org.do\/?p=25352","url":"https:\/\/crees.org.do\/?p=25352","name":"\u00bfQu\u00e9 nos dice el flujo de contenedores acerca de nuestras exportaciones e importaciones? | CREES","isPartOf":{"@id":"https:\/\/crees.org.do\/#website"},"primaryImageOfPage":{"@id":"https:\/\/crees.org.do\/?p=25352#primaryimage"},"image":{"@id":"https:\/\/crees.org.do\/?p=25352#primaryimage"},"thumbnailUrl":"https:\/\/crees.org.do\/wp-content\/uploads\/2023\/08\/1-Slide-1.png","datePublished":"2023-08-10T17:27:07+00:00","dateModified":"2023-08-11T13:15:18+00:00","breadcrumb":{"@id":"https:\/\/crees.org.do\/?p=25352#breadcrumb"},"inLanguage":"es","potentialAction":[{"@type":"ReadAction","target":["https:\/\/crees.org.do\/?p=25352"]}]},{"@type":"ImageObject","inLanguage":"es","@id":"https:\/\/crees.org.do\/?p=25352#primaryimage","url":"https:\/\/crees.org.do\/wp-content\/uploads\/2023\/08\/1-Slide-1.png","contentUrl":"https:\/\/crees.org.do\/wp-content\/uploads\/2023\/08\/1-Slide-1.png","width":1200,"height":1200},{"@type":"BreadcrumbList","@id":"https:\/\/crees.org.do\/?p=25352#breadcrumb","itemListElement":[{"@type":"ListItem","position":1,"name":"Portada","item":"https:\/\/crees.org.do\/"},{"@type":"ListItem","position":2,"name":"\u00bfQu\u00e9 nos dice el flujo de contenedores acerca de nuestras exportaciones e importaciones?"}]},{"@type":"WebSite","@id":"https:\/\/crees.org.do\/#website","url":"https:\/\/crees.org.do\/","name":"CREES","description":"Centro Regional de Estrategias Econ\u00f3micas Sostenibles","publisher":{"@id":"https:\/\/crees.org.do\/#organization"},"potentialAction":[{"@type":"SearchAction","target":{"@type":"EntryPoint","urlTemplate":"https:\/\/crees.org.do\/?s={search_term_string}"},"query-input":{"@type":"PropertyValueSpecification","valueRequired":true,"valueName":"search_term_string"}}],"inLanguage":"es"},{"@type":"Organization","@id":"https:\/\/crees.org.do\/#organization","name":"CREES | Centro Regional de Estrategias Econ\u00f3micas Sostenibles","url":"https:\/\/crees.org.do\/","logo":{"@type":"ImageObject","inLanguage":"es","@id":"https:\/\/crees.org.do\/#\/schema\/logo\/image\/","url":"https:\/\/crees.org.do\/wp-content\/uploads\/2022\/03\/crees-logo-1.jpg","contentUrl":"https:\/\/crees.org.do\/wp-content\/uploads\/2022\/03\/crees-logo-1.jpg","width":244,"height":71,"caption":"CREES | Centro Regional de Estrategias Econ\u00f3micas Sostenibles"},"image":{"@id":"https:\/\/crees.org.do\/#\/schema\/logo\/image\/"},"sameAs":["https:\/\/www.facebook.com\/CREESRD\/","https:\/\/x.com\/CREESRD"]},{"@type":"Person","@id":"https:\/\/crees.org.do\/#\/schema\/person\/e7f97cd94d7bf9cd0e0ce30acb7d56b8","name":"Crees","image":{"@type":"ImageObject","inLanguage":"es","@id":"https:\/\/crees.org.do\/#\/schema\/person\/image\/","url":"https:\/\/secure.gravatar.com\/avatar\/390ac8f0be5d9aa046152553e2dd7011b59a512d89c150f5e5f28bb8d9a0b165?s=96&d=mm&r=g","contentUrl":"https:\/\/secure.gravatar.com\/avatar\/390ac8f0be5d9aa046152553e2dd7011b59a512d89c150f5e5f28bb8d9a0b165?s=96&d=mm&r=g","caption":"Crees"},"url":"https:\/\/crees.org.do\/?author=2"}]}},"_links":{"self":[{"href":"https:\/\/crees.org.do\/index.php?rest_route=\/wp\/v2\/posts\/25352","targetHints":{"allow":["GET"]}}],"collection":[{"href":"https:\/\/crees.org.do\/index.php?rest_route=\/wp\/v2\/posts"}],"about":[{"href":"https:\/\/crees.org.do\/index.php?rest_route=\/wp\/v2\/types\/post"}],"author":[{"embeddable":true,"href":"https:\/\/crees.org.do\/index.php?rest_route=\/wp\/v2\/users\/2"}],"replies":[{"embeddable":true,"href":"https:\/\/crees.org.do\/index.php?rest_route=%2Fwp%2Fv2%2Fcomments&post=25352"}],"version-history":[{"count":2,"href":"https:\/\/crees.org.do\/index.php?rest_route=\/wp\/v2\/posts\/25352\/revisions"}],"predecessor-version":[{"id":25358,"href":"https:\/\/crees.org.do\/index.php?rest_route=\/wp\/v2\/posts\/25352\/revisions\/25358"}],"wp:featuredmedia":[{"embeddable":true,"href":"https:\/\/crees.org.do\/index.php?rest_route=\/wp\/v2\/media\/25353"}],"wp:attachment":[{"href":"https:\/\/crees.org.do\/index.php?rest_route=%2Fwp%2Fv2%2Fmedia&parent=25352"}],"wp:term":[{"taxonomy":"category","embeddable":true,"href":"https:\/\/crees.org.do\/index.php?rest_route=%2Fwp%2Fv2%2Fcategories&post=25352"},{"taxonomy":"post_tag","embeddable":true,"href":"https:\/\/crees.org.do\/index.php?rest_route=%2Fwp%2Fv2%2Ftags&post=25352"}],"curies":[{"name":"wp","href":"https:\/\/api.w.org\/{rel}","templated":true}]}}