{"id":25368,"date":"2023-08-17T16:25:50","date_gmt":"2023-08-17T16:25:50","guid":{"rendered":"https:\/\/crees.org.do\/?p=25368"},"modified":"2023-08-17T16:25:50","modified_gmt":"2023-08-17T16:25:50","slug":"el-precio-promedio-de-venta-de-energia-del-periodo-enero-mayo-2023-fue-superior-al-verificado-en-el-mismo-periodo-de-2022","status":"publish","type":"post","link":"https:\/\/crees.org.do\/?p=25368","title":{"rendered":"El precio promedio de venta de energ\u00eda del periodo enero-mayo 2023 fue superior al verificado en el mismo periodo de 2022"},"content":{"rendered":"<p><img fetchpriority=\"high\" decoding=\"async\" class=\"wp-image-25369 aligncenter\" src=\"https:\/\/crees.org.do\/wp-content\/uploads\/2023\/08\/Untitled-copy-6-3.png\" alt=\"El precio promedio de venta de energ\u00eda del periodo enero-mayo 2023 fue superior al verificado en el mismo periodo de 2022\" width=\"896\" height=\"896\" srcset=\"https:\/\/crees.org.do\/wp-content\/uploads\/2023\/08\/Untitled-copy-6-3.png 1200w, https:\/\/crees.org.do\/wp-content\/uploads\/2023\/08\/Untitled-copy-6-3-450x450.png 450w, https:\/\/crees.org.do\/wp-content\/uploads\/2023\/08\/Untitled-copy-6-3-2000x2000.png 2000w, https:\/\/crees.org.do\/wp-content\/uploads\/2023\/08\/Untitled-copy-6-3-150x150.png 150w, https:\/\/crees.org.do\/wp-content\/uploads\/2023\/08\/Untitled-copy-6-3-768x768.png 768w, https:\/\/crees.org.do\/wp-content\/uploads\/2023\/08\/Untitled-copy-6-3-1536x1536.png 1536w, https:\/\/crees.org.do\/wp-content\/uploads\/2023\/08\/Untitled-copy-6-3-2048x2048.png 2048w\" sizes=\"(max-width: 896px) 100vw, 896px\" \/><\/p>\n<h1><strong>El precio <\/strong><strong>promedio de venta de energ\u00eda<\/strong><strong> del periodo enero-mayo 2023 fue <\/strong><strong>superior<\/strong><strong> al verificado en el mismo periodo de 2022<\/strong><\/h1>\n<p>De acuerdo con las m\u00e1s recientes estad\u00edsticas del Ministerio de Energ\u00eda y Minas, el precio en d\u00f3lares de la energ\u00eda el\u00e9ctrica vendida por las empresas distribuidoras de electricidad (EDE) fue superior durante enero-mayo de este a\u00f1o con relaci\u00f3n al mismo periodo de 2022. Mientras en 2022 el precio promedio en esos primeros cinco meses represent\u00f3 16.45 centavos, en 2023 el promedio fue 17.75 centavos de d\u00f3lar por kilovatio.<\/p>\n<p>Las EDE han operado con un margen de energ\u00eda comprada y vendida superior al de 2022. Mientras los ingresos por kilovatio facturado aumentaron, el precio de la energ\u00eda comprada experiment\u00f3 una reducci\u00f3n. De acuerdo con los datos oficiales, en mayo de 2022 el margen fue 0.74 centavos por kilovatio, y en 2023 pas\u00f3 a representar 2.41 centavos de d\u00f3lar por kilovatio.<\/p>\n<p>A pesar de este incremento verificado en el margen entre compra y venta de energ\u00eda, las EDE no han podido mejorar sus niveles de p\u00e9rdidas de los gigavatios comprados. Las p\u00e9rdidas alcanzaron el 40.6% de la energ\u00eda comprada medida en gigavatios. En esas p\u00e9rdidas hay un componente de energ\u00eda facturada pero no cobrada que a mayo alcanzaba el 5.7%. Con esos niveles de p\u00e9rdidas ser\u00e1 dif\u00edcil poder alcanzar mejorar la posici\u00f3n de efectivo de las EDE y, en consecuencia, reducir los niveles de transferencias de recursos del contribuyente para cubrir el d\u00e9ficit operativo de las distribuidoras.<\/p>\n<p>La del sector el\u00e9ctrico es una importante reforma estructural que todav\u00eda est\u00e1 pendiente en Rep\u00fablica Dominicana.<\/p>\n<p>&nbsp;<\/p>\n<div class=\"pvc_clear\"><\/div>\n<p class=\"pvc_stats all \" data-element-id=\"25368\" style=\"\"><i class=\"pvc-stats-icon medium\" aria-hidden=\"true\"><svg aria-hidden=\"true\" focusable=\"false\" data-prefix=\"far\" data-icon=\"chart-bar\" role=\"img\" xmlns=\"http:\/\/www.w3.org\/2000\/svg\" viewBox=\"0 0 512 512\" class=\"svg-inline--fa fa-chart-bar fa-w-16 fa-2x\"><path fill=\"currentColor\" d=\"M396.8 352h22.4c6.4 0 12.8-6.4 12.8-12.8V108.8c0-6.4-6.4-12.8-12.8-12.8h-22.4c-6.4 0-12.8 6.4-12.8 12.8v230.4c0 6.4 6.4 12.8 12.8 12.8zm-192 0h22.4c6.4 0 12.8-6.4 12.8-12.8V140.8c0-6.4-6.4-12.8-12.8-12.8h-22.4c-6.4 0-12.8 6.4-12.8 12.8v198.4c0 6.4 6.4 12.8 12.8 12.8zm96 0h22.4c6.4 0 12.8-6.4 12.8-12.8V204.8c0-6.4-6.4-12.8-12.8-12.8h-22.4c-6.4 0-12.8 6.4-12.8 12.8v134.4c0 6.4 6.4 12.8 12.8 12.8zM496 400H48V80c0-8.84-7.16-16-16-16H16C7.16 64 0 71.16 0 80v336c0 17.67 14.33 32 32 32h464c8.84 0 16-7.16 16-16v-16c0-8.84-7.16-16-16-16zm-387.2-48h22.4c6.4 0 12.8-6.4 12.8-12.8v-70.4c0-6.4-6.4-12.8-12.8-12.8h-22.4c-6.4 0-12.8 6.4-12.8 12.8v70.4c0 6.4 6.4 12.8 12.8 12.8z\" class=\"\"><\/path><\/svg><\/i> Vistas Totales&nbsp;1,490&nbsp;<\/p>\n<div class=\"pvc_clear\"><\/div>\n","protected":false},"excerpt":{"rendered":"<p>El precio promedio de venta de energ\u00eda del periodo enero-mayo 2023 fue superior al verificado en el mismo periodo de 2022 De acuerdo con las m\u00e1s recientes estad\u00edsticas del Ministerio de Energ\u00eda y Minas, el precio en d\u00f3lares de la energ\u00eda el\u00e9ctrica vendida por las empresas distribuidoras de electricidad (EDE) fue superior durante enero-mayo de&#8230;<\/p>\n<div class=\"pvc_clear\"><\/div>\n<p class=\"pvc_stats all \" data-element-id=\"25368\" style=\"\"><i class=\"pvc-stats-icon medium\" aria-hidden=\"true\"><svg aria-hidden=\"true\" focusable=\"false\" data-prefix=\"far\" data-icon=\"chart-bar\" role=\"img\" xmlns=\"http:\/\/www.w3.org\/2000\/svg\" viewBox=\"0 0 512 512\" class=\"svg-inline--fa fa-chart-bar fa-w-16 fa-2x\"><path fill=\"currentColor\" d=\"M396.8 352h22.4c6.4 0 12.8-6.4 12.8-12.8V108.8c0-6.4-6.4-12.8-12.8-12.8h-22.4c-6.4 0-12.8 6.4-12.8 12.8v230.4c0 6.4 6.4 12.8 12.8 12.8zm-192 0h22.4c6.4 0 12.8-6.4 12.8-12.8V140.8c0-6.4-6.4-12.8-12.8-12.8h-22.4c-6.4 0-12.8 6.4-12.8 12.8v198.4c0 6.4 6.4 12.8 12.8 12.8zm96 0h22.4c6.4 0 12.8-6.4 12.8-12.8V204.8c0-6.4-6.4-12.8-12.8-12.8h-22.4c-6.4 0-12.8 6.4-12.8 12.8v134.4c0 6.4 6.4 12.8 12.8 12.8zM496 400H48V80c0-8.84-7.16-16-16-16H16C7.16 64 0 71.16 0 80v336c0 17.67 14.33 32 32 32h464c8.84 0 16-7.16 16-16v-16c0-8.84-7.16-16-16-16zm-387.2-48h22.4c6.4 0 12.8-6.4 12.8-12.8v-70.4c0-6.4-6.4-12.8-12.8-12.8h-22.4c-6.4 0-12.8 6.4-12.8 12.8v70.4c0 6.4 6.4 12.8 12.8 12.8z\" class=\"\"><\/path><\/svg><\/i> Vistas Totales&nbsp;1,490&nbsp;<\/p>\n<div class=\"pvc_clear\"><\/div>\n","protected":false},"author":2,"featured_media":25369,"comment_status":"closed","ping_status":"closed","sticky":false,"template":"","format":"standard","meta":{"footnotes":""},"categories":[21],"tags":[],"class_list":["post-25368","post","type-post","status-publish","format-standard","has-post-thumbnail","hentry","category-blog"],"yoast_head":"<!-- This site is optimized with the Yoast SEO plugin v25.2 - https:\/\/yoast.com\/wordpress\/plugins\/seo\/ -->\n<title>El precio promedio de venta de energ\u00eda del periodo enero-mayo 2023 fue superior al verificado en el mismo periodo de 2022 | CREES<\/title>\n<meta name=\"robots\" content=\"index, follow, max-snippet:-1, max-image-preview:large, max-video-preview:-1\" \/>\n<link rel=\"canonical\" href=\"https:\/\/crees.org.do\/?p=25368\" \/>\n<meta property=\"og:locale\" content=\"es_ES\" \/>\n<meta property=\"og:type\" content=\"article\" \/>\n<meta property=\"og:title\" content=\"El precio promedio de venta de energ\u00eda del periodo enero-mayo 2023 fue superior al verificado en el mismo periodo de 2022 | CREES\" \/>\n<meta property=\"og:description\" content=\"El precio promedio de venta de energ\u00eda del periodo enero-mayo 2023 fue superior al verificado en el mismo periodo de 2022 De acuerdo con las m\u00e1s recientes estad\u00edsticas del Ministerio de Energ\u00eda y Minas, el precio en d\u00f3lares de la energ\u00eda el\u00e9ctrica vendida por las empresas distribuidoras de electricidad (EDE) fue superior durante enero-mayo de...\" \/>\n<meta property=\"og:url\" content=\"https:\/\/crees.org.do\/?p=25368\" \/>\n<meta property=\"og:site_name\" content=\"CREES\" \/>\n<meta property=\"article:publisher\" content=\"https:\/\/www.facebook.com\/CREESRD\/\" \/>\n<meta property=\"article:published_time\" content=\"2023-08-17T16:25:50+00:00\" \/>\n<meta property=\"og:image\" content=\"https:\/\/crees.org.do\/wp-content\/uploads\/2023\/08\/Untitled-copy-6-3.png\" \/>\n\t<meta property=\"og:image:width\" content=\"1200\" \/>\n\t<meta property=\"og:image:height\" content=\"1200\" \/>\n\t<meta property=\"og:image:type\" content=\"image\/png\" \/>\n<meta name=\"author\" content=\"Crees\" \/>\n<meta name=\"twitter:card\" content=\"summary_large_image\" \/>\n<meta name=\"twitter:creator\" content=\"@CREESRD\" \/>\n<meta name=\"twitter:site\" content=\"@CREESRD\" \/>\n<meta name=\"twitter:label1\" content=\"Escrito por\" \/>\n\t<meta name=\"twitter:data1\" content=\"Crees\" \/>\n\t<meta name=\"twitter:label2\" content=\"Tiempo de lectura\" \/>\n\t<meta name=\"twitter:data2\" content=\"1 minuto\" \/>\n<script type=\"application\/ld+json\" class=\"yoast-schema-graph\">{\"@context\":\"https:\/\/schema.org\",\"@graph\":[{\"@type\":\"Article\",\"@id\":\"https:\/\/crees.org.do\/?p=25368#article\",\"isPartOf\":{\"@id\":\"https:\/\/crees.org.do\/?p=25368\"},\"author\":{\"name\":\"Crees\",\"@id\":\"https:\/\/crees.org.do\/#\/schema\/person\/e7f97cd94d7bf9cd0e0ce30acb7d56b8\"},\"headline\":\"El precio promedio de venta de energ\u00eda del periodo enero-mayo 2023 fue superior al verificado en el mismo periodo de 2022\",\"datePublished\":\"2023-08-17T16:25:50+00:00\",\"mainEntityOfPage\":{\"@id\":\"https:\/\/crees.org.do\/?p=25368\"},\"wordCount\":296,\"publisher\":{\"@id\":\"https:\/\/crees.org.do\/#organization\"},\"image\":{\"@id\":\"https:\/\/crees.org.do\/?p=25368#primaryimage\"},\"thumbnailUrl\":\"https:\/\/crees.org.do\/wp-content\/uploads\/2023\/08\/Untitled-copy-6-3.png\",\"articleSection\":[\"Blog\"],\"inLanguage\":\"es\"},{\"@type\":\"WebPage\",\"@id\":\"https:\/\/crees.org.do\/?p=25368\",\"url\":\"https:\/\/crees.org.do\/?p=25368\",\"name\":\"El precio promedio de venta de energ\u00eda del periodo enero-mayo 2023 fue superior al verificado en el mismo periodo de 2022 | CREES\",\"isPartOf\":{\"@id\":\"https:\/\/crees.org.do\/#website\"},\"primaryImageOfPage\":{\"@id\":\"https:\/\/crees.org.do\/?p=25368#primaryimage\"},\"image\":{\"@id\":\"https:\/\/crees.org.do\/?p=25368#primaryimage\"},\"thumbnailUrl\":\"https:\/\/crees.org.do\/wp-content\/uploads\/2023\/08\/Untitled-copy-6-3.png\",\"datePublished\":\"2023-08-17T16:25:50+00:00\",\"breadcrumb\":{\"@id\":\"https:\/\/crees.org.do\/?p=25368#breadcrumb\"},\"inLanguage\":\"es\",\"potentialAction\":[{\"@type\":\"ReadAction\",\"target\":[\"https:\/\/crees.org.do\/?p=25368\"]}]},{\"@type\":\"ImageObject\",\"inLanguage\":\"es\",\"@id\":\"https:\/\/crees.org.do\/?p=25368#primaryimage\",\"url\":\"https:\/\/crees.org.do\/wp-content\/uploads\/2023\/08\/Untitled-copy-6-3.png\",\"contentUrl\":\"https:\/\/crees.org.do\/wp-content\/uploads\/2023\/08\/Untitled-copy-6-3.png\",\"width\":1200,\"height\":1200,\"caption\":\"El precio promedio de venta de energ\u00eda del periodo enero-mayo 2023 fue superior al verificado en el mismo periodo de 2022\"},{\"@type\":\"BreadcrumbList\",\"@id\":\"https:\/\/crees.org.do\/?p=25368#breadcrumb\",\"itemListElement\":[{\"@type\":\"ListItem\",\"position\":1,\"name\":\"Portada\",\"item\":\"https:\/\/crees.org.do\/\"},{\"@type\":\"ListItem\",\"position\":2,\"name\":\"El precio promedio de venta de energ\u00eda del periodo enero-mayo 2023 fue superior al verificado en el mismo periodo de 2022\"}]},{\"@type\":\"WebSite\",\"@id\":\"https:\/\/crees.org.do\/#website\",\"url\":\"https:\/\/crees.org.do\/\",\"name\":\"CREES\",\"description\":\"Centro Regional de Estrategias Econ\u00f3micas Sostenibles\",\"publisher\":{\"@id\":\"https:\/\/crees.org.do\/#organization\"},\"potentialAction\":[{\"@type\":\"SearchAction\",\"target\":{\"@type\":\"EntryPoint\",\"urlTemplate\":\"https:\/\/crees.org.do\/?s={search_term_string}\"},\"query-input\":{\"@type\":\"PropertyValueSpecification\",\"valueRequired\":true,\"valueName\":\"search_term_string\"}}],\"inLanguage\":\"es\"},{\"@type\":\"Organization\",\"@id\":\"https:\/\/crees.org.do\/#organization\",\"name\":\"CREES | Centro Regional de Estrategias Econ\u00f3micas Sostenibles\",\"url\":\"https:\/\/crees.org.do\/\",\"logo\":{\"@type\":\"ImageObject\",\"inLanguage\":\"es\",\"@id\":\"https:\/\/crees.org.do\/#\/schema\/logo\/image\/\",\"url\":\"https:\/\/crees.org.do\/wp-content\/uploads\/2022\/03\/crees-logo-1.jpg\",\"contentUrl\":\"https:\/\/crees.org.do\/wp-content\/uploads\/2022\/03\/crees-logo-1.jpg\",\"width\":244,\"height\":71,\"caption\":\"CREES | Centro Regional de Estrategias Econ\u00f3micas Sostenibles\"},\"image\":{\"@id\":\"https:\/\/crees.org.do\/#\/schema\/logo\/image\/\"},\"sameAs\":[\"https:\/\/www.facebook.com\/CREESRD\/\",\"https:\/\/x.com\/CREESRD\"]},{\"@type\":\"Person\",\"@id\":\"https:\/\/crees.org.do\/#\/schema\/person\/e7f97cd94d7bf9cd0e0ce30acb7d56b8\",\"name\":\"Crees\",\"image\":{\"@type\":\"ImageObject\",\"inLanguage\":\"es\",\"@id\":\"https:\/\/crees.org.do\/#\/schema\/person\/image\/\",\"url\":\"https:\/\/secure.gravatar.com\/avatar\/390ac8f0be5d9aa046152553e2dd7011b59a512d89c150f5e5f28bb8d9a0b165?s=96&d=mm&r=g\",\"contentUrl\":\"https:\/\/secure.gravatar.com\/avatar\/390ac8f0be5d9aa046152553e2dd7011b59a512d89c150f5e5f28bb8d9a0b165?s=96&d=mm&r=g\",\"caption\":\"Crees\"},\"url\":\"https:\/\/crees.org.do\/?author=2\"}]}<\/script>\n<!-- \/ Yoast SEO plugin. -->","yoast_head_json":{"title":"El precio promedio de venta de energ\u00eda del periodo enero-mayo 2023 fue superior al verificado en el mismo periodo de 2022 | CREES","robots":{"index":"index","follow":"follow","max-snippet":"max-snippet:-1","max-image-preview":"max-image-preview:large","max-video-preview":"max-video-preview:-1"},"canonical":"https:\/\/crees.org.do\/?p=25368","og_locale":"es_ES","og_type":"article","og_title":"El precio promedio de venta de energ\u00eda del periodo enero-mayo 2023 fue superior al verificado en el mismo periodo de 2022 | CREES","og_description":"El precio promedio de venta de energ\u00eda del periodo enero-mayo 2023 fue superior al verificado en el mismo periodo de 2022 De acuerdo con las m\u00e1s recientes estad\u00edsticas del Ministerio de Energ\u00eda y Minas, el precio en d\u00f3lares de la energ\u00eda el\u00e9ctrica vendida por las empresas distribuidoras de electricidad (EDE) fue superior durante enero-mayo de...","og_url":"https:\/\/crees.org.do\/?p=25368","og_site_name":"CREES","article_publisher":"https:\/\/www.facebook.com\/CREESRD\/","article_published_time":"2023-08-17T16:25:50+00:00","og_image":[{"width":1200,"height":1200,"url":"https:\/\/crees.org.do\/wp-content\/uploads\/2023\/08\/Untitled-copy-6-3.png","type":"image\/png"}],"author":"Crees","twitter_card":"summary_large_image","twitter_creator":"@CREESRD","twitter_site":"@CREESRD","twitter_misc":{"Escrito por":"Crees","Tiempo de lectura":"1 minuto"},"schema":{"@context":"https:\/\/schema.org","@graph":[{"@type":"Article","@id":"https:\/\/crees.org.do\/?p=25368#article","isPartOf":{"@id":"https:\/\/crees.org.do\/?p=25368"},"author":{"name":"Crees","@id":"https:\/\/crees.org.do\/#\/schema\/person\/e7f97cd94d7bf9cd0e0ce30acb7d56b8"},"headline":"El precio promedio de venta de energ\u00eda del periodo enero-mayo 2023 fue superior al verificado en el mismo periodo de 2022","datePublished":"2023-08-17T16:25:50+00:00","mainEntityOfPage":{"@id":"https:\/\/crees.org.do\/?p=25368"},"wordCount":296,"publisher":{"@id":"https:\/\/crees.org.do\/#organization"},"image":{"@id":"https:\/\/crees.org.do\/?p=25368#primaryimage"},"thumbnailUrl":"https:\/\/crees.org.do\/wp-content\/uploads\/2023\/08\/Untitled-copy-6-3.png","articleSection":["Blog"],"inLanguage":"es"},{"@type":"WebPage","@id":"https:\/\/crees.org.do\/?p=25368","url":"https:\/\/crees.org.do\/?p=25368","name":"El precio promedio de venta de energ\u00eda del periodo enero-mayo 2023 fue superior al verificado en el mismo periodo de 2022 | CREES","isPartOf":{"@id":"https:\/\/crees.org.do\/#website"},"primaryImageOfPage":{"@id":"https:\/\/crees.org.do\/?p=25368#primaryimage"},"image":{"@id":"https:\/\/crees.org.do\/?p=25368#primaryimage"},"thumbnailUrl":"https:\/\/crees.org.do\/wp-content\/uploads\/2023\/08\/Untitled-copy-6-3.png","datePublished":"2023-08-17T16:25:50+00:00","breadcrumb":{"@id":"https:\/\/crees.org.do\/?p=25368#breadcrumb"},"inLanguage":"es","potentialAction":[{"@type":"ReadAction","target":["https:\/\/crees.org.do\/?p=25368"]}]},{"@type":"ImageObject","inLanguage":"es","@id":"https:\/\/crees.org.do\/?p=25368#primaryimage","url":"https:\/\/crees.org.do\/wp-content\/uploads\/2023\/08\/Untitled-copy-6-3.png","contentUrl":"https:\/\/crees.org.do\/wp-content\/uploads\/2023\/08\/Untitled-copy-6-3.png","width":1200,"height":1200,"caption":"El precio promedio de venta de energ\u00eda del periodo enero-mayo 2023 fue superior al verificado en el mismo periodo de 2022"},{"@type":"BreadcrumbList","@id":"https:\/\/crees.org.do\/?p=25368#breadcrumb","itemListElement":[{"@type":"ListItem","position":1,"name":"Portada","item":"https:\/\/crees.org.do\/"},{"@type":"ListItem","position":2,"name":"El precio promedio de venta de energ\u00eda del periodo enero-mayo 2023 fue superior al verificado en el mismo periodo de 2022"}]},{"@type":"WebSite","@id":"https:\/\/crees.org.do\/#website","url":"https:\/\/crees.org.do\/","name":"CREES","description":"Centro Regional de Estrategias Econ\u00f3micas Sostenibles","publisher":{"@id":"https:\/\/crees.org.do\/#organization"},"potentialAction":[{"@type":"SearchAction","target":{"@type":"EntryPoint","urlTemplate":"https:\/\/crees.org.do\/?s={search_term_string}"},"query-input":{"@type":"PropertyValueSpecification","valueRequired":true,"valueName":"search_term_string"}}],"inLanguage":"es"},{"@type":"Organization","@id":"https:\/\/crees.org.do\/#organization","name":"CREES | Centro Regional de Estrategias Econ\u00f3micas Sostenibles","url":"https:\/\/crees.org.do\/","logo":{"@type":"ImageObject","inLanguage":"es","@id":"https:\/\/crees.org.do\/#\/schema\/logo\/image\/","url":"https:\/\/crees.org.do\/wp-content\/uploads\/2022\/03\/crees-logo-1.jpg","contentUrl":"https:\/\/crees.org.do\/wp-content\/uploads\/2022\/03\/crees-logo-1.jpg","width":244,"height":71,"caption":"CREES | Centro Regional de Estrategias Econ\u00f3micas Sostenibles"},"image":{"@id":"https:\/\/crees.org.do\/#\/schema\/logo\/image\/"},"sameAs":["https:\/\/www.facebook.com\/CREESRD\/","https:\/\/x.com\/CREESRD"]},{"@type":"Person","@id":"https:\/\/crees.org.do\/#\/schema\/person\/e7f97cd94d7bf9cd0e0ce30acb7d56b8","name":"Crees","image":{"@type":"ImageObject","inLanguage":"es","@id":"https:\/\/crees.org.do\/#\/schema\/person\/image\/","url":"https:\/\/secure.gravatar.com\/avatar\/390ac8f0be5d9aa046152553e2dd7011b59a512d89c150f5e5f28bb8d9a0b165?s=96&d=mm&r=g","contentUrl":"https:\/\/secure.gravatar.com\/avatar\/390ac8f0be5d9aa046152553e2dd7011b59a512d89c150f5e5f28bb8d9a0b165?s=96&d=mm&r=g","caption":"Crees"},"url":"https:\/\/crees.org.do\/?author=2"}]}},"_links":{"self":[{"href":"https:\/\/crees.org.do\/index.php?rest_route=\/wp\/v2\/posts\/25368","targetHints":{"allow":["GET"]}}],"collection":[{"href":"https:\/\/crees.org.do\/index.php?rest_route=\/wp\/v2\/posts"}],"about":[{"href":"https:\/\/crees.org.do\/index.php?rest_route=\/wp\/v2\/types\/post"}],"author":[{"embeddable":true,"href":"https:\/\/crees.org.do\/index.php?rest_route=\/wp\/v2\/users\/2"}],"replies":[{"embeddable":true,"href":"https:\/\/crees.org.do\/index.php?rest_route=%2Fwp%2Fv2%2Fcomments&post=25368"}],"version-history":[{"count":2,"href":"https:\/\/crees.org.do\/index.php?rest_route=\/wp\/v2\/posts\/25368\/revisions"}],"predecessor-version":[{"id":25371,"href":"https:\/\/crees.org.do\/index.php?rest_route=\/wp\/v2\/posts\/25368\/revisions\/25371"}],"wp:featuredmedia":[{"embeddable":true,"href":"https:\/\/crees.org.do\/index.php?rest_route=\/wp\/v2\/media\/25369"}],"wp:attachment":[{"href":"https:\/\/crees.org.do\/index.php?rest_route=%2Fwp%2Fv2%2Fmedia&parent=25368"}],"wp:term":[{"taxonomy":"category","embeddable":true,"href":"https:\/\/crees.org.do\/index.php?rest_route=%2Fwp%2Fv2%2Fcategories&post=25368"},{"taxonomy":"post_tag","embeddable":true,"href":"https:\/\/crees.org.do\/index.php?rest_route=%2Fwp%2Fv2%2Ftags&post=25368"}],"curies":[{"name":"wp","href":"https:\/\/api.w.org\/{rel}","templated":true}]}}