{"id":25394,"date":"2023-08-11T19:38:41","date_gmt":"2023-08-11T19:38:41","guid":{"rendered":"https:\/\/crees.org.do\/?p=25394"},"modified":"2023-08-18T15:50:07","modified_gmt":"2023-08-18T15:50:07","slug":"cinco-obstaculos-para-el-desarrollo-de-negocios-en-rd","status":"publish","type":"post","link":"https:\/\/crees.org.do\/?p=25394","title":{"rendered":"Cinco obst\u00e1culos para el desarrollo de negocios en RD"},"content":{"rendered":"<p>Autor: Acento<\/p>\n<p>Fecha: 11 de agosto del 2023<\/p>\n<p>Extra\u00eddo de: <a href=\"https:\/\/acento.com.do\/economia\/cinco-obstaculos-para-el-desarrollo-de-negocios-en-rd-9233986.html\">Acento<\/a><\/p>\n<h1 class=\"font-700\">Cinco obst\u00e1culos para el desarrollo de negocios en RD<\/h1>\n<section class=\"nota-top-part\">\n<h2>El Centro Regional de Estrategias Econ\u00f3micas Sostenibles (CREES), hace an\u00e1lisis basado en el reciente estudio del Banco Mundial<\/h2>\n<\/section>\n<div class=\"autor-share-holder flex-container align-center justify-between\">\n<div class=\"autor flex-container align-center\">\n<p style=\"text-align: justify;\">La <strong>carga impositiva<\/strong>, el auge de <strong>empresas informales<\/strong>, la <strong>energ\u00eda el\u00e9ctrica<\/strong>, el bajo <strong>nivel educativo<\/strong> y el <strong>complejo procedimiento para el<\/strong> <strong>pago de impuestos<\/strong>, son los <a href=\"https:\/\/crees.org.do\/?p=25339\">cinco obst\u00e1culos<\/a> que le impiden a los <strong>emprendedores<\/strong> tener un mejor desarrollo sus empresas en <strong>Rep\u00fablica Dominicana<\/strong>.<\/p>\n<p style=\"text-align: justify;\">El Centro Regional de Estrategias Econ\u00f3micas Sostenibles <strong>(CREES),<\/strong> hace este an\u00e1lisis basado en el reciente estudio del <strong>Banco Mundial<\/strong> que muestra una serie de factores identificados por los emprendedores locales como dificultades para desarrollar sus empresas.<\/p>\n<p style=\"text-align: justify;\">La primera traba, se\u00f1ala <strong>CREES<\/strong> est\u00e1 relacionada con el sistema tributario, y 25 % de los encuestados respondi\u00f3 que esta representa una carga pesada para los negocios; mientras que 6.9 %) dice que sus procedimientos son complejos.<\/p>\n<p><a href=\"https:\/\/crees.org.do\/?p=25339\"><img fetchpriority=\"high\" decoding=\"async\" class=\"aligncenter wp-image-25340\" src=\"https:\/\/crees.org.do\/wp-content\/uploads\/2023\/08\/Slide-1-13.png\" alt=\"\" width=\"896\" height=\"896\" srcset=\"https:\/\/crees.org.do\/wp-content\/uploads\/2023\/08\/Slide-1-13.png 1200w, https:\/\/crees.org.do\/wp-content\/uploads\/2023\/08\/Slide-1-13-450x450.png 450w, https:\/\/crees.org.do\/wp-content\/uploads\/2023\/08\/Slide-1-13-2000x2000.png 2000w, https:\/\/crees.org.do\/wp-content\/uploads\/2023\/08\/Slide-1-13-150x150.png 150w, https:\/\/crees.org.do\/wp-content\/uploads\/2023\/08\/Slide-1-13-768x768.png 768w, https:\/\/crees.org.do\/wp-content\/uploads\/2023\/08\/Slide-1-13-1536x1536.png 1536w, https:\/\/crees.org.do\/wp-content\/uploads\/2023\/08\/Slide-1-13-2048x2048.png 2048w\" sizes=\"(max-width: 896px) 100vw, 896px\" \/><\/a><\/p>\n<p style=\"text-align: justify;\">Dado lo anterior, no es de extra\u00f1ar que en el pa\u00eds la informalidad sea elevada. El <strong>sistema tributario<\/strong>, entre otros factores regulatorios, crea un incentivo a permanecer al margen de las legislaciones.<\/p>\n<p style=\"text-align: justify;\">Como consecuencia, el segundo obst\u00e1culo identificado por los encuestados es la competencia de empresas informales que representa el 14.7 %.<\/p>\n<div class=\"banner-box\" style=\"text-align: justify;\"><\/div>\n<p style=\"text-align: justify;\">Los otros problemas, se relacionan a dos sectores claves de control p\u00fablico: <strong>electricidad<\/strong> 11.2 % y formaci\u00f3n <strong>educativa<\/strong> 9.7 %.<\/p>\n<p style=\"text-align: justify;\">En ambos sectores priman las decisiones pol\u00edticas por encima de las relacionadas con la eficiencia; o con la productividad, un elemento que se trata de promover por medio del estudio.<\/p>\n<p style=\"text-align: justify;\">Ambos sectores tienen en com\u00fan que diferentes administraciones no han realizado las reformas necesarias para proporcionar educaci\u00f3n p\u00fablica de mejor calidad o suministrar energ\u00eda constante sin recurrir a los subsidios para cubrir las p\u00e9rdidas de las distribuidoras.<\/p>\n<p style=\"text-align: justify;\">Una reflexi\u00f3n importante al observar estos cinco obst\u00e1culos, destaca <strong>CREES<\/strong> se relacionan con el problema fiscal de <strong>Rep\u00fablica Dominicana<\/strong>. El gasto en <strong>educaci\u00f3n,<\/strong> dado sus resultados, ha demostrado ser excesivo. Una reforma basada en elementos de fundamentos podr\u00eda arrojar mejores resultados con menos recursos. El <strong>sector energ\u00e9tico<\/strong> le cost\u00f3 a los contribuyentes dominicanos US$ 1,600 millones en 2022. Por medio de la carga tributaria a los ciudadanos, se trata de subsanar estos dos problemas. Elevar la tributaci\u00f3n para financiar estas falencias p\u00fablicas.<\/p>\n<p style=\"text-align: justify;\">Del estudio, en consecuencia, se desprende que, si se desea alcanzar un nivel mayor de productividad, y competitividad, en <strong>Rep\u00fablica Dominicana<\/strong> es preciso empezar con las reformas estructurales adecuadas.<\/p>\n<\/div>\n<\/div>\n<div class=\"pvc_clear\"><\/div>\n<p class=\"pvc_stats all \" data-element-id=\"25394\" style=\"\"><i class=\"pvc-stats-icon medium\" aria-hidden=\"true\"><svg aria-hidden=\"true\" focusable=\"false\" data-prefix=\"far\" data-icon=\"chart-bar\" role=\"img\" xmlns=\"http:\/\/www.w3.org\/2000\/svg\" viewBox=\"0 0 512 512\" class=\"svg-inline--fa fa-chart-bar fa-w-16 fa-2x\"><path fill=\"currentColor\" d=\"M396.8 352h22.4c6.4 0 12.8-6.4 12.8-12.8V108.8c0-6.4-6.4-12.8-12.8-12.8h-22.4c-6.4 0-12.8 6.4-12.8 12.8v230.4c0 6.4 6.4 12.8 12.8 12.8zm-192 0h22.4c6.4 0 12.8-6.4 12.8-12.8V140.8c0-6.4-6.4-12.8-12.8-12.8h-22.4c-6.4 0-12.8 6.4-12.8 12.8v198.4c0 6.4 6.4 12.8 12.8 12.8zm96 0h22.4c6.4 0 12.8-6.4 12.8-12.8V204.8c0-6.4-6.4-12.8-12.8-12.8h-22.4c-6.4 0-12.8 6.4-12.8 12.8v134.4c0 6.4 6.4 12.8 12.8 12.8zM496 400H48V80c0-8.84-7.16-16-16-16H16C7.16 64 0 71.16 0 80v336c0 17.67 14.33 32 32 32h464c8.84 0 16-7.16 16-16v-16c0-8.84-7.16-16-16-16zm-387.2-48h22.4c6.4 0 12.8-6.4 12.8-12.8v-70.4c0-6.4-6.4-12.8-12.8-12.8h-22.4c-6.4 0-12.8 6.4-12.8 12.8v70.4c0 6.4 6.4 12.8 12.8 12.8z\" class=\"\"><\/path><\/svg><\/i> Vistas Totales&nbsp;1,412&nbsp;, Vistas Hoy&nbsp;4&nbsp;<\/p>\n<div class=\"pvc_clear\"><\/div>\n","protected":false},"excerpt":{"rendered":"<p>Autor: Acento Fecha: 11 de agosto del 2023 Extra\u00eddo de: Acento Cinco obst\u00e1culos para el desarrollo de negocios en RD El Centro Regional de Estrategias Econ\u00f3micas Sostenibles (CREES), hace an\u00e1lisis basado en el reciente estudio del Banco Mundial La carga impositiva, el auge de empresas informales, la energ\u00eda el\u00e9ctrica, el bajo nivel educativo y el&#8230;<\/p>\n<div class=\"pvc_clear\"><\/div>\n<p class=\"pvc_stats all \" data-element-id=\"25394\" style=\"\"><i class=\"pvc-stats-icon medium\" aria-hidden=\"true\"><svg aria-hidden=\"true\" focusable=\"false\" data-prefix=\"far\" data-icon=\"chart-bar\" role=\"img\" xmlns=\"http:\/\/www.w3.org\/2000\/svg\" viewBox=\"0 0 512 512\" class=\"svg-inline--fa fa-chart-bar fa-w-16 fa-2x\"><path fill=\"currentColor\" d=\"M396.8 352h22.4c6.4 0 12.8-6.4 12.8-12.8V108.8c0-6.4-6.4-12.8-12.8-12.8h-22.4c-6.4 0-12.8 6.4-12.8 12.8v230.4c0 6.4 6.4 12.8 12.8 12.8zm-192 0h22.4c6.4 0 12.8-6.4 12.8-12.8V140.8c0-6.4-6.4-12.8-12.8-12.8h-22.4c-6.4 0-12.8 6.4-12.8 12.8v198.4c0 6.4 6.4 12.8 12.8 12.8zm96 0h22.4c6.4 0 12.8-6.4 12.8-12.8V204.8c0-6.4-6.4-12.8-12.8-12.8h-22.4c-6.4 0-12.8 6.4-12.8 12.8v134.4c0 6.4 6.4 12.8 12.8 12.8zM496 400H48V80c0-8.84-7.16-16-16-16H16C7.16 64 0 71.16 0 80v336c0 17.67 14.33 32 32 32h464c8.84 0 16-7.16 16-16v-16c0-8.84-7.16-16-16-16zm-387.2-48h22.4c6.4 0 12.8-6.4 12.8-12.8v-70.4c0-6.4-6.4-12.8-12.8-12.8h-22.4c-6.4 0-12.8 6.4-12.8 12.8v70.4c0 6.4 6.4 12.8 12.8 12.8z\" class=\"\"><\/path><\/svg><\/i> Vistas Totales&nbsp;1,412&nbsp;, Vistas Hoy&nbsp;4&nbsp;<\/p>\n<div class=\"pvc_clear\"><\/div>\n","protected":false},"author":2,"featured_media":25402,"comment_status":"closed","ping_status":"closed","sticky":false,"template":"","format":"standard","meta":{"footnotes":""},"categories":[19],"tags":[],"class_list":["post-25394","post","type-post","status-publish","format-standard","has-post-thumbnail","hentry","category-actualidad"],"yoast_head":"<!-- This site is optimized with the Yoast SEO plugin v25.2 - https:\/\/yoast.com\/wordpress\/plugins\/seo\/ -->\n<title>Cinco obst\u00e1culos para el desarrollo de negocios en RD | CREES<\/title>\n<meta name=\"robots\" content=\"index, follow, max-snippet:-1, max-image-preview:large, max-video-preview:-1\" \/>\n<link rel=\"canonical\" href=\"https:\/\/crees.org.do\/?p=25394\" \/>\n<meta property=\"og:locale\" content=\"es_ES\" \/>\n<meta property=\"og:type\" content=\"article\" \/>\n<meta property=\"og:title\" content=\"Cinco obst\u00e1culos para el desarrollo de negocios en RD | CREES\" \/>\n<meta property=\"og:description\" content=\"Autor: Acento Fecha: 11 de agosto del 2023 Extra\u00eddo de: Acento Cinco obst\u00e1culos para el desarrollo de negocios en RD El Centro Regional de Estrategias Econ\u00f3micas Sostenibles (CREES), hace an\u00e1lisis basado en el reciente estudio del Banco Mundial La carga impositiva, el auge de empresas informales, la energ\u00eda el\u00e9ctrica, el bajo nivel educativo y el...\" \/>\n<meta property=\"og:url\" content=\"https:\/\/crees.org.do\/?p=25394\" \/>\n<meta property=\"og:site_name\" content=\"CREES\" \/>\n<meta property=\"article:publisher\" content=\"https:\/\/www.facebook.com\/CREESRD\/\" \/>\n<meta property=\"article:published_time\" content=\"2023-08-11T19:38:41+00:00\" \/>\n<meta property=\"article:modified_time\" content=\"2023-08-18T15:50:07+00:00\" \/>\n<meta property=\"og:image\" content=\"https:\/\/crees.org.do\/wp-content\/uploads\/2023\/08\/miguel-collado-di-franco.jpg\" \/>\n\t<meta property=\"og:image:width\" content=\"680\" \/>\n\t<meta property=\"og:image:height\" content=\"453\" \/>\n\t<meta property=\"og:image:type\" content=\"image\/jpeg\" \/>\n<meta name=\"author\" content=\"Crees\" \/>\n<meta name=\"twitter:card\" content=\"summary_large_image\" \/>\n<meta name=\"twitter:creator\" content=\"@CREESRD\" \/>\n<meta name=\"twitter:site\" content=\"@CREESRD\" \/>\n<meta name=\"twitter:label1\" content=\"Escrito por\" \/>\n\t<meta name=\"twitter:data1\" content=\"Crees\" \/>\n\t<meta name=\"twitter:label2\" content=\"Tiempo de lectura\" \/>\n\t<meta name=\"twitter:data2\" content=\"2 minutos\" \/>\n<script type=\"application\/ld+json\" class=\"yoast-schema-graph\">{\"@context\":\"https:\/\/schema.org\",\"@graph\":[{\"@type\":\"Article\",\"@id\":\"https:\/\/crees.org.do\/?p=25394#article\",\"isPartOf\":{\"@id\":\"https:\/\/crees.org.do\/?p=25394\"},\"author\":{\"name\":\"Crees\",\"@id\":\"https:\/\/crees.org.do\/#\/schema\/person\/e7f97cd94d7bf9cd0e0ce30acb7d56b8\"},\"headline\":\"Cinco obst\u00e1culos para el desarrollo de negocios en RD\",\"datePublished\":\"2023-08-11T19:38:41+00:00\",\"dateModified\":\"2023-08-18T15:50:07+00:00\",\"mainEntityOfPage\":{\"@id\":\"https:\/\/crees.org.do\/?p=25394\"},\"wordCount\":431,\"publisher\":{\"@id\":\"https:\/\/crees.org.do\/#organization\"},\"image\":{\"@id\":\"https:\/\/crees.org.do\/?p=25394#primaryimage\"},\"thumbnailUrl\":\"https:\/\/crees.org.do\/wp-content\/uploads\/2023\/08\/miguel-collado-di-franco.jpg\",\"articleSection\":[\"Actualidad\"],\"inLanguage\":\"es\"},{\"@type\":\"WebPage\",\"@id\":\"https:\/\/crees.org.do\/?p=25394\",\"url\":\"https:\/\/crees.org.do\/?p=25394\",\"name\":\"Cinco obst\u00e1culos para el desarrollo de negocios en RD | CREES\",\"isPartOf\":{\"@id\":\"https:\/\/crees.org.do\/#website\"},\"primaryImageOfPage\":{\"@id\":\"https:\/\/crees.org.do\/?p=25394#primaryimage\"},\"image\":{\"@id\":\"https:\/\/crees.org.do\/?p=25394#primaryimage\"},\"thumbnailUrl\":\"https:\/\/crees.org.do\/wp-content\/uploads\/2023\/08\/miguel-collado-di-franco.jpg\",\"datePublished\":\"2023-08-11T19:38:41+00:00\",\"dateModified\":\"2023-08-18T15:50:07+00:00\",\"breadcrumb\":{\"@id\":\"https:\/\/crees.org.do\/?p=25394#breadcrumb\"},\"inLanguage\":\"es\",\"potentialAction\":[{\"@type\":\"ReadAction\",\"target\":[\"https:\/\/crees.org.do\/?p=25394\"]}]},{\"@type\":\"ImageObject\",\"inLanguage\":\"es\",\"@id\":\"https:\/\/crees.org.do\/?p=25394#primaryimage\",\"url\":\"https:\/\/crees.org.do\/wp-content\/uploads\/2023\/08\/miguel-collado-di-franco.jpg\",\"contentUrl\":\"https:\/\/crees.org.do\/wp-content\/uploads\/2023\/08\/miguel-collado-di-franco.jpg\",\"width\":680,\"height\":453},{\"@type\":\"BreadcrumbList\",\"@id\":\"https:\/\/crees.org.do\/?p=25394#breadcrumb\",\"itemListElement\":[{\"@type\":\"ListItem\",\"position\":1,\"name\":\"Portada\",\"item\":\"https:\/\/crees.org.do\/\"},{\"@type\":\"ListItem\",\"position\":2,\"name\":\"Cinco obst\u00e1culos para el desarrollo de negocios en RD\"}]},{\"@type\":\"WebSite\",\"@id\":\"https:\/\/crees.org.do\/#website\",\"url\":\"https:\/\/crees.org.do\/\",\"name\":\"CREES\",\"description\":\"Centro Regional de Estrategias Econ\u00f3micas Sostenibles\",\"publisher\":{\"@id\":\"https:\/\/crees.org.do\/#organization\"},\"potentialAction\":[{\"@type\":\"SearchAction\",\"target\":{\"@type\":\"EntryPoint\",\"urlTemplate\":\"https:\/\/crees.org.do\/?s={search_term_string}\"},\"query-input\":{\"@type\":\"PropertyValueSpecification\",\"valueRequired\":true,\"valueName\":\"search_term_string\"}}],\"inLanguage\":\"es\"},{\"@type\":\"Organization\",\"@id\":\"https:\/\/crees.org.do\/#organization\",\"name\":\"CREES | Centro Regional de Estrategias Econ\u00f3micas Sostenibles\",\"url\":\"https:\/\/crees.org.do\/\",\"logo\":{\"@type\":\"ImageObject\",\"inLanguage\":\"es\",\"@id\":\"https:\/\/crees.org.do\/#\/schema\/logo\/image\/\",\"url\":\"https:\/\/crees.org.do\/wp-content\/uploads\/2022\/03\/crees-logo-1.jpg\",\"contentUrl\":\"https:\/\/crees.org.do\/wp-content\/uploads\/2022\/03\/crees-logo-1.jpg\",\"width\":244,\"height\":71,\"caption\":\"CREES | Centro Regional de Estrategias Econ\u00f3micas Sostenibles\"},\"image\":{\"@id\":\"https:\/\/crees.org.do\/#\/schema\/logo\/image\/\"},\"sameAs\":[\"https:\/\/www.facebook.com\/CREESRD\/\",\"https:\/\/x.com\/CREESRD\"]},{\"@type\":\"Person\",\"@id\":\"https:\/\/crees.org.do\/#\/schema\/person\/e7f97cd94d7bf9cd0e0ce30acb7d56b8\",\"name\":\"Crees\",\"image\":{\"@type\":\"ImageObject\",\"inLanguage\":\"es\",\"@id\":\"https:\/\/crees.org.do\/#\/schema\/person\/image\/\",\"url\":\"https:\/\/secure.gravatar.com\/avatar\/390ac8f0be5d9aa046152553e2dd7011b59a512d89c150f5e5f28bb8d9a0b165?s=96&d=mm&r=g\",\"contentUrl\":\"https:\/\/secure.gravatar.com\/avatar\/390ac8f0be5d9aa046152553e2dd7011b59a512d89c150f5e5f28bb8d9a0b165?s=96&d=mm&r=g\",\"caption\":\"Crees\"},\"url\":\"https:\/\/crees.org.do\/?author=2\"}]}<\/script>\n<!-- \/ Yoast SEO plugin. -->","yoast_head_json":{"title":"Cinco obst\u00e1culos para el desarrollo de negocios en RD | CREES","robots":{"index":"index","follow":"follow","max-snippet":"max-snippet:-1","max-image-preview":"max-image-preview:large","max-video-preview":"max-video-preview:-1"},"canonical":"https:\/\/crees.org.do\/?p=25394","og_locale":"es_ES","og_type":"article","og_title":"Cinco obst\u00e1culos para el desarrollo de negocios en RD | CREES","og_description":"Autor: Acento Fecha: 11 de agosto del 2023 Extra\u00eddo de: Acento Cinco obst\u00e1culos para el desarrollo de negocios en RD El Centro Regional de Estrategias Econ\u00f3micas Sostenibles (CREES), hace an\u00e1lisis basado en el reciente estudio del Banco Mundial La carga impositiva, el auge de empresas informales, la energ\u00eda el\u00e9ctrica, el bajo nivel educativo y el...","og_url":"https:\/\/crees.org.do\/?p=25394","og_site_name":"CREES","article_publisher":"https:\/\/www.facebook.com\/CREESRD\/","article_published_time":"2023-08-11T19:38:41+00:00","article_modified_time":"2023-08-18T15:50:07+00:00","og_image":[{"width":680,"height":453,"url":"https:\/\/crees.org.do\/wp-content\/uploads\/2023\/08\/miguel-collado-di-franco.jpg","type":"image\/jpeg"}],"author":"Crees","twitter_card":"summary_large_image","twitter_creator":"@CREESRD","twitter_site":"@CREESRD","twitter_misc":{"Escrito por":"Crees","Tiempo de lectura":"2 minutos"},"schema":{"@context":"https:\/\/schema.org","@graph":[{"@type":"Article","@id":"https:\/\/crees.org.do\/?p=25394#article","isPartOf":{"@id":"https:\/\/crees.org.do\/?p=25394"},"author":{"name":"Crees","@id":"https:\/\/crees.org.do\/#\/schema\/person\/e7f97cd94d7bf9cd0e0ce30acb7d56b8"},"headline":"Cinco obst\u00e1culos para el desarrollo de negocios en RD","datePublished":"2023-08-11T19:38:41+00:00","dateModified":"2023-08-18T15:50:07+00:00","mainEntityOfPage":{"@id":"https:\/\/crees.org.do\/?p=25394"},"wordCount":431,"publisher":{"@id":"https:\/\/crees.org.do\/#organization"},"image":{"@id":"https:\/\/crees.org.do\/?p=25394#primaryimage"},"thumbnailUrl":"https:\/\/crees.org.do\/wp-content\/uploads\/2023\/08\/miguel-collado-di-franco.jpg","articleSection":["Actualidad"],"inLanguage":"es"},{"@type":"WebPage","@id":"https:\/\/crees.org.do\/?p=25394","url":"https:\/\/crees.org.do\/?p=25394","name":"Cinco obst\u00e1culos para el desarrollo de negocios en RD | CREES","isPartOf":{"@id":"https:\/\/crees.org.do\/#website"},"primaryImageOfPage":{"@id":"https:\/\/crees.org.do\/?p=25394#primaryimage"},"image":{"@id":"https:\/\/crees.org.do\/?p=25394#primaryimage"},"thumbnailUrl":"https:\/\/crees.org.do\/wp-content\/uploads\/2023\/08\/miguel-collado-di-franco.jpg","datePublished":"2023-08-11T19:38:41+00:00","dateModified":"2023-08-18T15:50:07+00:00","breadcrumb":{"@id":"https:\/\/crees.org.do\/?p=25394#breadcrumb"},"inLanguage":"es","potentialAction":[{"@type":"ReadAction","target":["https:\/\/crees.org.do\/?p=25394"]}]},{"@type":"ImageObject","inLanguage":"es","@id":"https:\/\/crees.org.do\/?p=25394#primaryimage","url":"https:\/\/crees.org.do\/wp-content\/uploads\/2023\/08\/miguel-collado-di-franco.jpg","contentUrl":"https:\/\/crees.org.do\/wp-content\/uploads\/2023\/08\/miguel-collado-di-franco.jpg","width":680,"height":453},{"@type":"BreadcrumbList","@id":"https:\/\/crees.org.do\/?p=25394#breadcrumb","itemListElement":[{"@type":"ListItem","position":1,"name":"Portada","item":"https:\/\/crees.org.do\/"},{"@type":"ListItem","position":2,"name":"Cinco obst\u00e1culos para el desarrollo de negocios en RD"}]},{"@type":"WebSite","@id":"https:\/\/crees.org.do\/#website","url":"https:\/\/crees.org.do\/","name":"CREES","description":"Centro Regional de Estrategias Econ\u00f3micas Sostenibles","publisher":{"@id":"https:\/\/crees.org.do\/#organization"},"potentialAction":[{"@type":"SearchAction","target":{"@type":"EntryPoint","urlTemplate":"https:\/\/crees.org.do\/?s={search_term_string}"},"query-input":{"@type":"PropertyValueSpecification","valueRequired":true,"valueName":"search_term_string"}}],"inLanguage":"es"},{"@type":"Organization","@id":"https:\/\/crees.org.do\/#organization","name":"CREES | Centro Regional de Estrategias Econ\u00f3micas Sostenibles","url":"https:\/\/crees.org.do\/","logo":{"@type":"ImageObject","inLanguage":"es","@id":"https:\/\/crees.org.do\/#\/schema\/logo\/image\/","url":"https:\/\/crees.org.do\/wp-content\/uploads\/2022\/03\/crees-logo-1.jpg","contentUrl":"https:\/\/crees.org.do\/wp-content\/uploads\/2022\/03\/crees-logo-1.jpg","width":244,"height":71,"caption":"CREES | Centro Regional de Estrategias Econ\u00f3micas Sostenibles"},"image":{"@id":"https:\/\/crees.org.do\/#\/schema\/logo\/image\/"},"sameAs":["https:\/\/www.facebook.com\/CREESRD\/","https:\/\/x.com\/CREESRD"]},{"@type":"Person","@id":"https:\/\/crees.org.do\/#\/schema\/person\/e7f97cd94d7bf9cd0e0ce30acb7d56b8","name":"Crees","image":{"@type":"ImageObject","inLanguage":"es","@id":"https:\/\/crees.org.do\/#\/schema\/person\/image\/","url":"https:\/\/secure.gravatar.com\/avatar\/390ac8f0be5d9aa046152553e2dd7011b59a512d89c150f5e5f28bb8d9a0b165?s=96&d=mm&r=g","contentUrl":"https:\/\/secure.gravatar.com\/avatar\/390ac8f0be5d9aa046152553e2dd7011b59a512d89c150f5e5f28bb8d9a0b165?s=96&d=mm&r=g","caption":"Crees"},"url":"https:\/\/crees.org.do\/?author=2"}]}},"_links":{"self":[{"href":"https:\/\/crees.org.do\/index.php?rest_route=\/wp\/v2\/posts\/25394","targetHints":{"allow":["GET"]}}],"collection":[{"href":"https:\/\/crees.org.do\/index.php?rest_route=\/wp\/v2\/posts"}],"about":[{"href":"https:\/\/crees.org.do\/index.php?rest_route=\/wp\/v2\/types\/post"}],"author":[{"embeddable":true,"href":"https:\/\/crees.org.do\/index.php?rest_route=\/wp\/v2\/users\/2"}],"replies":[{"embeddable":true,"href":"https:\/\/crees.org.do\/index.php?rest_route=%2Fwp%2Fv2%2Fcomments&post=25394"}],"version-history":[{"count":3,"href":"https:\/\/crees.org.do\/index.php?rest_route=\/wp\/v2\/posts\/25394\/revisions"}],"predecessor-version":[{"id":25442,"href":"https:\/\/crees.org.do\/index.php?rest_route=\/wp\/v2\/posts\/25394\/revisions\/25442"}],"wp:featuredmedia":[{"embeddable":true,"href":"https:\/\/crees.org.do\/index.php?rest_route=\/wp\/v2\/media\/25402"}],"wp:attachment":[{"href":"https:\/\/crees.org.do\/index.php?rest_route=%2Fwp%2Fv2%2Fmedia&parent=25394"}],"wp:term":[{"taxonomy":"category","embeddable":true,"href":"https:\/\/crees.org.do\/index.php?rest_route=%2Fwp%2Fv2%2Fcategories&post=25394"},{"taxonomy":"post_tag","embeddable":true,"href":"https:\/\/crees.org.do\/index.php?rest_route=%2Fwp%2Fv2%2Ftags&post=25394"}],"curies":[{"name":"wp","href":"https:\/\/api.w.org\/{rel}","templated":true}]}}