{"id":25424,"date":"2023-08-18T10:32:57","date_gmt":"2023-08-18T10:32:57","guid":{"rendered":"https:\/\/crees.org.do\/?p=25424"},"modified":"2023-08-18T14:50:17","modified_gmt":"2023-08-18T14:50:17","slug":"las-perdidas-totales-de-energia-ascendieron-a-40-6-de-la-energia-comprada-en-el-periodo-enero-mayo-de-2023","status":"publish","type":"post","link":"https:\/\/crees.org.do\/?p=25424","title":{"rendered":"Las p\u00e9rdidas totales de energ\u00eda ascendieron a 40.6% de la energ\u00eda comprada en el periodo enero-mayo de 2023"},"content":{"rendered":"<p><img fetchpriority=\"high\" decoding=\"async\" class=\"wp-image-25434 aligncenter\" src=\"https:\/\/crees.org.do\/wp-content\/uploads\/2023\/08\/Untitled-copy-4-9.png\" alt=\"Las p\u00e9rdidas totales de energ\u00eda ascendieron a 40.6% de la energ\u00eda comprada en el periodo enero-mayo de 2023\" width=\"896\" height=\"896\" srcset=\"https:\/\/crees.org.do\/wp-content\/uploads\/2023\/08\/Untitled-copy-4-9.png 1200w, https:\/\/crees.org.do\/wp-content\/uploads\/2023\/08\/Untitled-copy-4-9-450x450.png 450w, https:\/\/crees.org.do\/wp-content\/uploads\/2023\/08\/Untitled-copy-4-9-2000x2000.png 2000w, https:\/\/crees.org.do\/wp-content\/uploads\/2023\/08\/Untitled-copy-4-9-150x150.png 150w, https:\/\/crees.org.do\/wp-content\/uploads\/2023\/08\/Untitled-copy-4-9-768x768.png 768w, https:\/\/crees.org.do\/wp-content\/uploads\/2023\/08\/Untitled-copy-4-9-1536x1536.png 1536w, https:\/\/crees.org.do\/wp-content\/uploads\/2023\/08\/Untitled-copy-4-9-2048x2048.png 2048w\" sizes=\"(max-width: 896px) 100vw, 896px\" \/><\/p>\n<h1 style=\"text-align: justify;\">Las p\u00e9rdidas totales de energ\u00eda ascendieron a 40.6% de la energ\u00eda comprada en el periodo enero-mayo de 2023<\/h1>\n<p style=\"text-align: justify;\">En el periodo enero-mayo de 2023 las p\u00e9rdidas totales acumuladas de las empresas distribuidoras de electricidad (EDE) alcanzaron el 40.6%. Es decir, por cada 100 GWh de energ\u00eda comprada las EDE perdieron el equivalente a 41 GWh, seg\u00fan los datos del \u00faltimo informe de desempe\u00f1o elaborado por el Ministerio de Energ\u00eda y Minas.<\/p>\n<p style=\"text-align: justify;\">Entre enero y mayo de 2023, las EDE compraron 7,028.1 GWh. De ese monto, 2,449.6 GWh no pudieron ser facturados; por lo tanto, representaron energ\u00eda perdida. El cociente de los dos valores anteriores represent\u00f3 una p\u00e9rdida equivalente a 34.9%.<\/p>\n<p style=\"text-align: justify;\">Por otro lado, en este periodo las EDE cobraron 4,316.2 GWh de los 4,578.6 GWh facturados, lo que arroja una diferencia de 262.1 GWh de energ\u00eda no cobrada, equivalente a un 5.7%. La suma de ambos porcentajes componen el 40.6% de las p\u00e9rdidas totales acumuladas en este periodo.<\/p>\n<p style=\"text-align: justify;\">Mantener la distribuci\u00f3n de electricidad dentro del \u00e1mbito p\u00fablico impide que se creen los incentivos para que las EDE consigan operar con eficiencia sin demandar subsidios del gobierno central. El principal objetivo de pol\u00edtica p\u00fablica en el \u00e1rea energ\u00e9tica deber\u00eda ser la reforma del sistema de distribuci\u00f3n con el fin de reducir la carga que representan para las finanzas p\u00fablicas las transferencias corrientes destinadas a cubrir el subsidio de las EDE. Lo anterior contribuir\u00eda a disminuir la necesidad de recursos que son cubiertos por los ciudadanos en el presente con impuestos o, en el futuro, en forma de deuda p\u00fablica<\/p>\n<div class=\"pvc_clear\"><\/div>\n<p class=\"pvc_stats all \" data-element-id=\"25424\" style=\"\"><i class=\"pvc-stats-icon medium\" aria-hidden=\"true\"><svg aria-hidden=\"true\" focusable=\"false\" data-prefix=\"far\" data-icon=\"chart-bar\" role=\"img\" xmlns=\"http:\/\/www.w3.org\/2000\/svg\" viewBox=\"0 0 512 512\" class=\"svg-inline--fa fa-chart-bar fa-w-16 fa-2x\"><path fill=\"currentColor\" d=\"M396.8 352h22.4c6.4 0 12.8-6.4 12.8-12.8V108.8c0-6.4-6.4-12.8-12.8-12.8h-22.4c-6.4 0-12.8 6.4-12.8 12.8v230.4c0 6.4 6.4 12.8 12.8 12.8zm-192 0h22.4c6.4 0 12.8-6.4 12.8-12.8V140.8c0-6.4-6.4-12.8-12.8-12.8h-22.4c-6.4 0-12.8 6.4-12.8 12.8v198.4c0 6.4 6.4 12.8 12.8 12.8zm96 0h22.4c6.4 0 12.8-6.4 12.8-12.8V204.8c0-6.4-6.4-12.8-12.8-12.8h-22.4c-6.4 0-12.8 6.4-12.8 12.8v134.4c0 6.4 6.4 12.8 12.8 12.8zM496 400H48V80c0-8.84-7.16-16-16-16H16C7.16 64 0 71.16 0 80v336c0 17.67 14.33 32 32 32h464c8.84 0 16-7.16 16-16v-16c0-8.84-7.16-16-16-16zm-387.2-48h22.4c6.4 0 12.8-6.4 12.8-12.8v-70.4c0-6.4-6.4-12.8-12.8-12.8h-22.4c-6.4 0-12.8 6.4-12.8 12.8v70.4c0 6.4 6.4 12.8 12.8 12.8z\" class=\"\"><\/path><\/svg><\/i> Vistas Totales&nbsp;1,801&nbsp;, Vistas Hoy&nbsp;4&nbsp;<\/p>\n<div class=\"pvc_clear\"><\/div>\n","protected":false},"excerpt":{"rendered":"<p>Las p\u00e9rdidas totales de energ\u00eda ascendieron a 40.6% de la energ\u00eda comprada en el periodo enero-mayo de 2023 En el periodo enero-mayo de 2023 las p\u00e9rdidas totales acumuladas de las empresas distribuidoras de electricidad (EDE) alcanzaron el 40.6%. Es decir, por cada 100 GWh de energ\u00eda comprada las EDE perdieron el equivalente a 41 GWh,&#8230;<\/p>\n<div class=\"pvc_clear\"><\/div>\n<p class=\"pvc_stats all \" data-element-id=\"25424\" style=\"\"><i class=\"pvc-stats-icon medium\" aria-hidden=\"true\"><svg aria-hidden=\"true\" focusable=\"false\" data-prefix=\"far\" data-icon=\"chart-bar\" role=\"img\" xmlns=\"http:\/\/www.w3.org\/2000\/svg\" viewBox=\"0 0 512 512\" class=\"svg-inline--fa fa-chart-bar fa-w-16 fa-2x\"><path fill=\"currentColor\" d=\"M396.8 352h22.4c6.4 0 12.8-6.4 12.8-12.8V108.8c0-6.4-6.4-12.8-12.8-12.8h-22.4c-6.4 0-12.8 6.4-12.8 12.8v230.4c0 6.4 6.4 12.8 12.8 12.8zm-192 0h22.4c6.4 0 12.8-6.4 12.8-12.8V140.8c0-6.4-6.4-12.8-12.8-12.8h-22.4c-6.4 0-12.8 6.4-12.8 12.8v198.4c0 6.4 6.4 12.8 12.8 12.8zm96 0h22.4c6.4 0 12.8-6.4 12.8-12.8V204.8c0-6.4-6.4-12.8-12.8-12.8h-22.4c-6.4 0-12.8 6.4-12.8 12.8v134.4c0 6.4 6.4 12.8 12.8 12.8zM496 400H48V80c0-8.84-7.16-16-16-16H16C7.16 64 0 71.16 0 80v336c0 17.67 14.33 32 32 32h464c8.84 0 16-7.16 16-16v-16c0-8.84-7.16-16-16-16zm-387.2-48h22.4c6.4 0 12.8-6.4 12.8-12.8v-70.4c0-6.4-6.4-12.8-12.8-12.8h-22.4c-6.4 0-12.8 6.4-12.8 12.8v70.4c0 6.4 6.4 12.8 12.8 12.8z\" class=\"\"><\/path><\/svg><\/i> Vistas Totales&nbsp;1,801&nbsp;, Vistas Hoy&nbsp;4&nbsp;<\/p>\n<div class=\"pvc_clear\"><\/div>\n","protected":false},"author":2,"featured_media":25434,"comment_status":"closed","ping_status":"closed","sticky":false,"template":"","format":"standard","meta":{"footnotes":""},"categories":[21],"tags":[],"class_list":["post-25424","post","type-post","status-publish","format-standard","has-post-thumbnail","hentry","category-blog"],"yoast_head":"<!-- This site is optimized with the Yoast SEO plugin v25.2 - https:\/\/yoast.com\/wordpress\/plugins\/seo\/ -->\n<title>Las p\u00e9rdidas totales de energ\u00eda ascendieron a 40.6% de la energ\u00eda comprada en el periodo enero-mayo de 2023 | CREES<\/title>\n<meta name=\"robots\" content=\"index, follow, max-snippet:-1, max-image-preview:large, max-video-preview:-1\" \/>\n<link rel=\"canonical\" href=\"https:\/\/crees.org.do\/?p=25424\" \/>\n<meta property=\"og:locale\" content=\"es_ES\" \/>\n<meta property=\"og:type\" content=\"article\" \/>\n<meta property=\"og:title\" content=\"Las p\u00e9rdidas totales de energ\u00eda ascendieron a 40.6% de la energ\u00eda comprada en el periodo enero-mayo de 2023 | CREES\" \/>\n<meta property=\"og:description\" content=\"Las p\u00e9rdidas totales de energ\u00eda ascendieron a 40.6% de la energ\u00eda comprada en el periodo enero-mayo de 2023 En el periodo enero-mayo de 2023 las p\u00e9rdidas totales acumuladas de las empresas distribuidoras de electricidad (EDE) alcanzaron el 40.6%. Es decir, por cada 100 GWh de energ\u00eda comprada las EDE perdieron el equivalente a 41 GWh,...\" \/>\n<meta property=\"og:url\" content=\"https:\/\/crees.org.do\/?p=25424\" \/>\n<meta property=\"og:site_name\" content=\"CREES\" \/>\n<meta property=\"article:publisher\" content=\"https:\/\/www.facebook.com\/CREESRD\/\" \/>\n<meta property=\"article:published_time\" content=\"2023-08-18T10:32:57+00:00\" \/>\n<meta property=\"article:modified_time\" content=\"2023-08-18T14:50:17+00:00\" \/>\n<meta property=\"og:image\" content=\"https:\/\/crees.org.do\/wp-content\/uploads\/2023\/08\/Untitled-copy-4-9.png\" \/>\n\t<meta property=\"og:image:width\" content=\"1200\" \/>\n\t<meta property=\"og:image:height\" content=\"1200\" \/>\n\t<meta property=\"og:image:type\" content=\"image\/png\" \/>\n<meta name=\"author\" content=\"Crees\" \/>\n<meta name=\"twitter:card\" content=\"summary_large_image\" \/>\n<meta name=\"twitter:creator\" content=\"@CREESRD\" \/>\n<meta name=\"twitter:site\" content=\"@CREESRD\" \/>\n<meta name=\"twitter:label1\" content=\"Escrito por\" \/>\n\t<meta name=\"twitter:data1\" content=\"Crees\" \/>\n\t<meta name=\"twitter:label2\" content=\"Tiempo de lectura\" \/>\n\t<meta name=\"twitter:data2\" content=\"1 minuto\" \/>\n<script type=\"application\/ld+json\" class=\"yoast-schema-graph\">{\"@context\":\"https:\/\/schema.org\",\"@graph\":[{\"@type\":\"Article\",\"@id\":\"https:\/\/crees.org.do\/?p=25424#article\",\"isPartOf\":{\"@id\":\"https:\/\/crees.org.do\/?p=25424\"},\"author\":{\"name\":\"Crees\",\"@id\":\"https:\/\/crees.org.do\/#\/schema\/person\/e7f97cd94d7bf9cd0e0ce30acb7d56b8\"},\"headline\":\"Las p\u00e9rdidas totales de energ\u00eda ascendieron a 40.6% de la energ\u00eda comprada en el periodo enero-mayo de 2023\",\"datePublished\":\"2023-08-18T10:32:57+00:00\",\"dateModified\":\"2023-08-18T14:50:17+00:00\",\"mainEntityOfPage\":{\"@id\":\"https:\/\/crees.org.do\/?p=25424\"},\"wordCount\":284,\"publisher\":{\"@id\":\"https:\/\/crees.org.do\/#organization\"},\"image\":{\"@id\":\"https:\/\/crees.org.do\/?p=25424#primaryimage\"},\"thumbnailUrl\":\"https:\/\/crees.org.do\/wp-content\/uploads\/2023\/08\/Untitled-copy-4-9.png\",\"articleSection\":[\"Blog\"],\"inLanguage\":\"es\"},{\"@type\":\"WebPage\",\"@id\":\"https:\/\/crees.org.do\/?p=25424\",\"url\":\"https:\/\/crees.org.do\/?p=25424\",\"name\":\"Las p\u00e9rdidas totales de energ\u00eda ascendieron a 40.6% de la energ\u00eda comprada en el periodo enero-mayo de 2023 | CREES\",\"isPartOf\":{\"@id\":\"https:\/\/crees.org.do\/#website\"},\"primaryImageOfPage\":{\"@id\":\"https:\/\/crees.org.do\/?p=25424#primaryimage\"},\"image\":{\"@id\":\"https:\/\/crees.org.do\/?p=25424#primaryimage\"},\"thumbnailUrl\":\"https:\/\/crees.org.do\/wp-content\/uploads\/2023\/08\/Untitled-copy-4-9.png\",\"datePublished\":\"2023-08-18T10:32:57+00:00\",\"dateModified\":\"2023-08-18T14:50:17+00:00\",\"breadcrumb\":{\"@id\":\"https:\/\/crees.org.do\/?p=25424#breadcrumb\"},\"inLanguage\":\"es\",\"potentialAction\":[{\"@type\":\"ReadAction\",\"target\":[\"https:\/\/crees.org.do\/?p=25424\"]}]},{\"@type\":\"ImageObject\",\"inLanguage\":\"es\",\"@id\":\"https:\/\/crees.org.do\/?p=25424#primaryimage\",\"url\":\"https:\/\/crees.org.do\/wp-content\/uploads\/2023\/08\/Untitled-copy-4-9.png\",\"contentUrl\":\"https:\/\/crees.org.do\/wp-content\/uploads\/2023\/08\/Untitled-copy-4-9.png\",\"width\":1200,\"height\":1200,\"caption\":\"Las p\u00e9rdidas totales de energ\u00eda ascendieron a 40.6% de la energ\u00eda comprada en el periodo enero-mayo de 2023\"},{\"@type\":\"BreadcrumbList\",\"@id\":\"https:\/\/crees.org.do\/?p=25424#breadcrumb\",\"itemListElement\":[{\"@type\":\"ListItem\",\"position\":1,\"name\":\"Portada\",\"item\":\"https:\/\/crees.org.do\/\"},{\"@type\":\"ListItem\",\"position\":2,\"name\":\"Las p\u00e9rdidas totales de energ\u00eda ascendieron a 40.6% de la energ\u00eda comprada en el periodo enero-mayo de 2023\"}]},{\"@type\":\"WebSite\",\"@id\":\"https:\/\/crees.org.do\/#website\",\"url\":\"https:\/\/crees.org.do\/\",\"name\":\"CREES\",\"description\":\"Centro Regional de Estrategias Econ\u00f3micas Sostenibles\",\"publisher\":{\"@id\":\"https:\/\/crees.org.do\/#organization\"},\"potentialAction\":[{\"@type\":\"SearchAction\",\"target\":{\"@type\":\"EntryPoint\",\"urlTemplate\":\"https:\/\/crees.org.do\/?s={search_term_string}\"},\"query-input\":{\"@type\":\"PropertyValueSpecification\",\"valueRequired\":true,\"valueName\":\"search_term_string\"}}],\"inLanguage\":\"es\"},{\"@type\":\"Organization\",\"@id\":\"https:\/\/crees.org.do\/#organization\",\"name\":\"CREES | Centro Regional de Estrategias Econ\u00f3micas Sostenibles\",\"url\":\"https:\/\/crees.org.do\/\",\"logo\":{\"@type\":\"ImageObject\",\"inLanguage\":\"es\",\"@id\":\"https:\/\/crees.org.do\/#\/schema\/logo\/image\/\",\"url\":\"https:\/\/crees.org.do\/wp-content\/uploads\/2022\/03\/crees-logo-1.jpg\",\"contentUrl\":\"https:\/\/crees.org.do\/wp-content\/uploads\/2022\/03\/crees-logo-1.jpg\",\"width\":244,\"height\":71,\"caption\":\"CREES | Centro Regional de Estrategias Econ\u00f3micas Sostenibles\"},\"image\":{\"@id\":\"https:\/\/crees.org.do\/#\/schema\/logo\/image\/\"},\"sameAs\":[\"https:\/\/www.facebook.com\/CREESRD\/\",\"https:\/\/x.com\/CREESRD\"]},{\"@type\":\"Person\",\"@id\":\"https:\/\/crees.org.do\/#\/schema\/person\/e7f97cd94d7bf9cd0e0ce30acb7d56b8\",\"name\":\"Crees\",\"image\":{\"@type\":\"ImageObject\",\"inLanguage\":\"es\",\"@id\":\"https:\/\/crees.org.do\/#\/schema\/person\/image\/\",\"url\":\"https:\/\/secure.gravatar.com\/avatar\/390ac8f0be5d9aa046152553e2dd7011b59a512d89c150f5e5f28bb8d9a0b165?s=96&d=mm&r=g\",\"contentUrl\":\"https:\/\/secure.gravatar.com\/avatar\/390ac8f0be5d9aa046152553e2dd7011b59a512d89c150f5e5f28bb8d9a0b165?s=96&d=mm&r=g\",\"caption\":\"Crees\"},\"url\":\"https:\/\/crees.org.do\/?author=2\"}]}<\/script>\n<!-- \/ Yoast SEO plugin. -->","yoast_head_json":{"title":"Las p\u00e9rdidas totales de energ\u00eda ascendieron a 40.6% de la energ\u00eda comprada en el periodo enero-mayo de 2023 | CREES","robots":{"index":"index","follow":"follow","max-snippet":"max-snippet:-1","max-image-preview":"max-image-preview:large","max-video-preview":"max-video-preview:-1"},"canonical":"https:\/\/crees.org.do\/?p=25424","og_locale":"es_ES","og_type":"article","og_title":"Las p\u00e9rdidas totales de energ\u00eda ascendieron a 40.6% de la energ\u00eda comprada en el periodo enero-mayo de 2023 | CREES","og_description":"Las p\u00e9rdidas totales de energ\u00eda ascendieron a 40.6% de la energ\u00eda comprada en el periodo enero-mayo de 2023 En el periodo enero-mayo de 2023 las p\u00e9rdidas totales acumuladas de las empresas distribuidoras de electricidad (EDE) alcanzaron el 40.6%. Es decir, por cada 100 GWh de energ\u00eda comprada las EDE perdieron el equivalente a 41 GWh,...","og_url":"https:\/\/crees.org.do\/?p=25424","og_site_name":"CREES","article_publisher":"https:\/\/www.facebook.com\/CREESRD\/","article_published_time":"2023-08-18T10:32:57+00:00","article_modified_time":"2023-08-18T14:50:17+00:00","og_image":[{"width":1200,"height":1200,"url":"https:\/\/crees.org.do\/wp-content\/uploads\/2023\/08\/Untitled-copy-4-9.png","type":"image\/png"}],"author":"Crees","twitter_card":"summary_large_image","twitter_creator":"@CREESRD","twitter_site":"@CREESRD","twitter_misc":{"Escrito por":"Crees","Tiempo de lectura":"1 minuto"},"schema":{"@context":"https:\/\/schema.org","@graph":[{"@type":"Article","@id":"https:\/\/crees.org.do\/?p=25424#article","isPartOf":{"@id":"https:\/\/crees.org.do\/?p=25424"},"author":{"name":"Crees","@id":"https:\/\/crees.org.do\/#\/schema\/person\/e7f97cd94d7bf9cd0e0ce30acb7d56b8"},"headline":"Las p\u00e9rdidas totales de energ\u00eda ascendieron a 40.6% de la energ\u00eda comprada en el periodo enero-mayo de 2023","datePublished":"2023-08-18T10:32:57+00:00","dateModified":"2023-08-18T14:50:17+00:00","mainEntityOfPage":{"@id":"https:\/\/crees.org.do\/?p=25424"},"wordCount":284,"publisher":{"@id":"https:\/\/crees.org.do\/#organization"},"image":{"@id":"https:\/\/crees.org.do\/?p=25424#primaryimage"},"thumbnailUrl":"https:\/\/crees.org.do\/wp-content\/uploads\/2023\/08\/Untitled-copy-4-9.png","articleSection":["Blog"],"inLanguage":"es"},{"@type":"WebPage","@id":"https:\/\/crees.org.do\/?p=25424","url":"https:\/\/crees.org.do\/?p=25424","name":"Las p\u00e9rdidas totales de energ\u00eda ascendieron a 40.6% de la energ\u00eda comprada en el periodo enero-mayo de 2023 | CREES","isPartOf":{"@id":"https:\/\/crees.org.do\/#website"},"primaryImageOfPage":{"@id":"https:\/\/crees.org.do\/?p=25424#primaryimage"},"image":{"@id":"https:\/\/crees.org.do\/?p=25424#primaryimage"},"thumbnailUrl":"https:\/\/crees.org.do\/wp-content\/uploads\/2023\/08\/Untitled-copy-4-9.png","datePublished":"2023-08-18T10:32:57+00:00","dateModified":"2023-08-18T14:50:17+00:00","breadcrumb":{"@id":"https:\/\/crees.org.do\/?p=25424#breadcrumb"},"inLanguage":"es","potentialAction":[{"@type":"ReadAction","target":["https:\/\/crees.org.do\/?p=25424"]}]},{"@type":"ImageObject","inLanguage":"es","@id":"https:\/\/crees.org.do\/?p=25424#primaryimage","url":"https:\/\/crees.org.do\/wp-content\/uploads\/2023\/08\/Untitled-copy-4-9.png","contentUrl":"https:\/\/crees.org.do\/wp-content\/uploads\/2023\/08\/Untitled-copy-4-9.png","width":1200,"height":1200,"caption":"Las p\u00e9rdidas totales de energ\u00eda ascendieron a 40.6% de la energ\u00eda comprada en el periodo enero-mayo de 2023"},{"@type":"BreadcrumbList","@id":"https:\/\/crees.org.do\/?p=25424#breadcrumb","itemListElement":[{"@type":"ListItem","position":1,"name":"Portada","item":"https:\/\/crees.org.do\/"},{"@type":"ListItem","position":2,"name":"Las p\u00e9rdidas totales de energ\u00eda ascendieron a 40.6% de la energ\u00eda comprada en el periodo enero-mayo de 2023"}]},{"@type":"WebSite","@id":"https:\/\/crees.org.do\/#website","url":"https:\/\/crees.org.do\/","name":"CREES","description":"Centro Regional de Estrategias Econ\u00f3micas Sostenibles","publisher":{"@id":"https:\/\/crees.org.do\/#organization"},"potentialAction":[{"@type":"SearchAction","target":{"@type":"EntryPoint","urlTemplate":"https:\/\/crees.org.do\/?s={search_term_string}"},"query-input":{"@type":"PropertyValueSpecification","valueRequired":true,"valueName":"search_term_string"}}],"inLanguage":"es"},{"@type":"Organization","@id":"https:\/\/crees.org.do\/#organization","name":"CREES | Centro Regional de Estrategias Econ\u00f3micas Sostenibles","url":"https:\/\/crees.org.do\/","logo":{"@type":"ImageObject","inLanguage":"es","@id":"https:\/\/crees.org.do\/#\/schema\/logo\/image\/","url":"https:\/\/crees.org.do\/wp-content\/uploads\/2022\/03\/crees-logo-1.jpg","contentUrl":"https:\/\/crees.org.do\/wp-content\/uploads\/2022\/03\/crees-logo-1.jpg","width":244,"height":71,"caption":"CREES | Centro Regional de Estrategias Econ\u00f3micas Sostenibles"},"image":{"@id":"https:\/\/crees.org.do\/#\/schema\/logo\/image\/"},"sameAs":["https:\/\/www.facebook.com\/CREESRD\/","https:\/\/x.com\/CREESRD"]},{"@type":"Person","@id":"https:\/\/crees.org.do\/#\/schema\/person\/e7f97cd94d7bf9cd0e0ce30acb7d56b8","name":"Crees","image":{"@type":"ImageObject","inLanguage":"es","@id":"https:\/\/crees.org.do\/#\/schema\/person\/image\/","url":"https:\/\/secure.gravatar.com\/avatar\/390ac8f0be5d9aa046152553e2dd7011b59a512d89c150f5e5f28bb8d9a0b165?s=96&d=mm&r=g","contentUrl":"https:\/\/secure.gravatar.com\/avatar\/390ac8f0be5d9aa046152553e2dd7011b59a512d89c150f5e5f28bb8d9a0b165?s=96&d=mm&r=g","caption":"Crees"},"url":"https:\/\/crees.org.do\/?author=2"}]}},"_links":{"self":[{"href":"https:\/\/crees.org.do\/index.php?rest_route=\/wp\/v2\/posts\/25424","targetHints":{"allow":["GET"]}}],"collection":[{"href":"https:\/\/crees.org.do\/index.php?rest_route=\/wp\/v2\/posts"}],"about":[{"href":"https:\/\/crees.org.do\/index.php?rest_route=\/wp\/v2\/types\/post"}],"author":[{"embeddable":true,"href":"https:\/\/crees.org.do\/index.php?rest_route=\/wp\/v2\/users\/2"}],"replies":[{"embeddable":true,"href":"https:\/\/crees.org.do\/index.php?rest_route=%2Fwp%2Fv2%2Fcomments&post=25424"}],"version-history":[{"count":3,"href":"https:\/\/crees.org.do\/index.php?rest_route=\/wp\/v2\/posts\/25424\/revisions"}],"predecessor-version":[{"id":25445,"href":"https:\/\/crees.org.do\/index.php?rest_route=\/wp\/v2\/posts\/25424\/revisions\/25445"}],"wp:featuredmedia":[{"embeddable":true,"href":"https:\/\/crees.org.do\/index.php?rest_route=\/wp\/v2\/media\/25434"}],"wp:attachment":[{"href":"https:\/\/crees.org.do\/index.php?rest_route=%2Fwp%2Fv2%2Fmedia&parent=25424"}],"wp:term":[{"taxonomy":"category","embeddable":true,"href":"https:\/\/crees.org.do\/index.php?rest_route=%2Fwp%2Fv2%2Fcategories&post=25424"},{"taxonomy":"post_tag","embeddable":true,"href":"https:\/\/crees.org.do\/index.php?rest_route=%2Fwp%2Fv2%2Ftags&post=25424"}],"curies":[{"name":"wp","href":"https:\/\/api.w.org\/{rel}","templated":true}]}}