{"id":25446,"date":"2023-08-19T14:20:01","date_gmt":"2023-08-19T14:20:01","guid":{"rendered":"https:\/\/crees.org.do\/?p=25446"},"modified":"2023-08-25T17:23:59","modified_gmt":"2023-08-25T17:23:59","slug":"redistribucion-ingresos-y-gastos-una-ecuacion-con-migrana","status":"publish","type":"post","link":"https:\/\/crees.org.do\/?p=25446","title":{"rendered":"Ingresos y gastos: una ecuaci\u00f3n con migra\u00f1a"},"content":{"rendered":"<p>Autor: Mayelin Acosta Guzm\u00e1n<\/p>\n<p>Fecha: 19 de agosto del 2023<\/p>\n<p>Extra\u00eddo de: <a href=\"https:\/\/hoy.com.do\/redistribucion-ingresos-y-gastos-una-ecuacion-con-migrana\/\">Hoy<\/a><\/p>\n<p><img fetchpriority=\"high\" decoding=\"async\" class=\"size-full wp-image-25449 aligncenter\" src=\"https:\/\/crees.org.do\/wp-content\/uploads\/2023\/08\/SmartSelect_20230825_103918_Chrome-scaled.jpg\" alt=\"\" width=\"846\" height=\"1200\" srcset=\"https:\/\/crees.org.do\/wp-content\/uploads\/2023\/08\/SmartSelect_20230825_103918_Chrome-scaled.jpg 846w, https:\/\/crees.org.do\/wp-content\/uploads\/2023\/08\/SmartSelect_20230825_103918_Chrome-317x450.jpg 317w, https:\/\/crees.org.do\/wp-content\/uploads\/2023\/08\/SmartSelect_20230825_103918_Chrome-1410x2000.jpg 1410w, https:\/\/crees.org.do\/wp-content\/uploads\/2023\/08\/SmartSelect_20230825_103918_Chrome-768x1089.jpg 768w, https:\/\/crees.org.do\/wp-content\/uploads\/2023\/08\/SmartSelect_20230825_103918_Chrome-1083x1536.jpg 1083w, https:\/\/crees.org.do\/wp-content\/uploads\/2023\/08\/SmartSelect_20230825_103918_Chrome-1444x2048.jpg 1444w\" sizes=\"(max-width: 846px) 100vw, 846px\" \/><\/p>\n<p><img decoding=\"async\" class=\"size-full wp-image-25450 aligncenter\" src=\"https:\/\/crees.org.do\/wp-content\/uploads\/2023\/08\/SmartSelect_20230825_104010_Chrome-scaled.jpg\" alt=\"\" width=\"841\" height=\"1200\" srcset=\"https:\/\/crees.org.do\/wp-content\/uploads\/2023\/08\/SmartSelect_20230825_104010_Chrome-scaled.jpg 841w, https:\/\/crees.org.do\/wp-content\/uploads\/2023\/08\/SmartSelect_20230825_104010_Chrome-316x450.jpg 316w, https:\/\/crees.org.do\/wp-content\/uploads\/2023\/08\/SmartSelect_20230825_104010_Chrome-1402x2000.jpg 1402w, https:\/\/crees.org.do\/wp-content\/uploads\/2023\/08\/SmartSelect_20230825_104010_Chrome-768x1095.jpg 768w, https:\/\/crees.org.do\/wp-content\/uploads\/2023\/08\/SmartSelect_20230825_104010_Chrome-1077x1536.jpg 1077w, https:\/\/crees.org.do\/wp-content\/uploads\/2023\/08\/SmartSelect_20230825_104010_Chrome-1436x2048.jpg 1436w\" sizes=\"(max-width: 841px) 100vw, 841px\" \/><\/p>\n<p>&nbsp;<\/p>\n<h3><em>Texto completo de la nota impresa:<\/em><\/h3>\n<p>&nbsp;<\/p>\n<h2>Redistribuci\u00f3n: Ingresos y gastos una ecuaci\u00f3n con migra\u00f1a<\/h2>\n<h4>La reforma fiscal es muy importante para eliminar distorsiones, evasi\u00f3n y privilegios para quienes m\u00e1s consumen, y para reducir los costos de vivir y hacer negocios en Rep\u00fablica Dominicana<\/h4>\n<p style=\"text-align: justify;\">Definitivamente Rep\u00fablica Dominicana es un pa\u00eds con buen crecimiento econ\u00f3mico y durante las \u00faltimas dos d\u00e9cadas lo ha hecho a un ritmo m\u00e1s r\u00e1pido que otros de Am\u00e9rica Latina y el Caribe. Durante los \u00faltimos 23 a\u00f1os (2000-2022) la econom\u00eda registra un crecimiento promedio anual del Producto Interno Bruto (PIB) real de 4.78%, aunque hubo una ca\u00edda de 1.35% en 2003 por la crisis bancaria y de 6.72% en 2020 por la pandemia de coronavirus (COVID-19)..<\/p>\n<p style=\"text-align: justify;\">Pero este crecimiento ha estado acompa\u00f1ado por una mala distribuci\u00f3n del ingreso y las riquezas, es decir con muy bajo impacto positivo en la reducci\u00f3n de las desigualdades y la pobreza.<\/p>\n<p style=\"text-align: justify;\">Y la pol\u00edtica fiscal es esencial para reducir estas diferencias en materia de desigualdad. Con la redistribuci\u00f3n fiscal se puede lograr impuestos m\u00e1s bajos y menos progresivos. A la vez reducir los costos para las personas vivir y hacer negocio en el pa\u00eds.<\/p>\n<p style=\"text-align: justify;\">Y tambi\u00e9n es vital que los gastos sean estrat\u00e9gicos para apoyar a las empresas y las familias.<br \/>\nUna reforma fiscal, que aborde los ingresos, el gasto y la deuda p\u00fablica hace eco en los o\u00eddos de todos. Y es la receta indicada por todos los organismo multilaterales, economistas y el propio Gobierno.<\/p>\n<p style=\"text-align: justify;\">El Banco Mundial en su informe \u201cRepensar la productividad para impulsar el crecimiento sin dejar a nadie atr\u00e1s\u201d, advierte la necesidad de reformas estructurales para que contin\u00fae el crecimiento y se ampl\u00eden sus beneficios para m\u00e1s hogares y zonas en pobreza. Y entre estas reformas cita como fundamental mejorar la eficiencia del gasto p\u00fablico y el sistema tributario. Insta a eliminar las exenciones de impuestos y la ampliar la base impositiva y lograr la eficiencia del gasto.<\/p>\n<p style=\"text-align: justify;\">Otras propuestas son: racionalizaci\u00f3n de los gastos tributarios, aumento de los impuestos especiales (ejemplo: alcohol, tabaco, etc), redise\u00f1o del impuesto patrimonial e incorporaci\u00f3n de consideraciones ambientales y de cambio clim\u00e1tico (tales como un impuesto al carbono).<\/p>\n<p style=\"text-align: justify;\">Lo expuesto por el Banco Mundial coincide con las recomendaciones realizadas por el equipo del Fondo Monetario Internacional (FMI) en mayo en su informe en el marco de la consulta del Art\u00edculo IV correspondiente a 2023. Recomend\u00f3 que a mediano plazo la pol\u00edtica fiscal \u201cnecesita mejoras adicionales a los marcos de pol\u00edticas y la inclusi\u00f3n de una ley de responsabilidad fiscal, mejoras en la gesti\u00f3n financiera p\u00fablica, en la gobernanza de la infraestructura y de la administraci\u00f3n tributaria, en paralelo con iniciativas para incrementar de forma duradera los ingresos mediante la ampliaci\u00f3n de la base impositiva y la reducci\u00f3n de las exenciones tambi\u00e9n podr\u00edan apoyar la sostenibilidad fiscal\u201d.<\/p>\n<p style=\"text-align: justify;\">Mientras para el Banco Interamericano de Desarrollo (BID) es importante que el pa\u00eds aumente los ingresos fiscales para lograr su sostenibilidad fiscal y expanda su capacidad de invertir en la gente. Pero as\u00ed mismo insta a continuar y profundizar los esfuerzos para aumentar la eficiencia en el uso de los recursos p\u00fablicos, pues seg\u00fan su estudio \u201cMejor gasto para mejores vidas\u201d, las ineficiencias t\u00e9cnicas y malgasto del gasto p\u00fablico en Rep\u00fablica Dominicana represent\u00f3 el equivalente al 3,8% del PIB al 2019.<br \/>\nMatem\u00e1tica no cuadra.<\/p>\n<p style=\"text-align: justify;\">Durante el per\u00edodo 2000-2022 la presi\u00f3n tributaria promedio fue 13.1% del PIB, tasa que se encuentra muy por debajo del promedio de Am\u00e9rica Latina y el Caribe. Y se entiende que se pagan pocos impuestos.<\/p>\n<p style=\"text-align: justify;\">Sin embargo, Miguel Collado Di Franco, vicepresidente ejecutivo del Centro Regional de Estrategias Econ\u00f3micas Sostenibles (CREES), afirm\u00f3 que no es cierto que la presi\u00f3n tributaria del pa\u00eds es baja. Pues la relaci\u00f3n de los ingresos fiscales como porcentaje del PIB es similar a la de los dem\u00e1s pa\u00edses de Am\u00e9rica Central cuando se comparan ingresos tributarios con ingresos tributarios, las presiones tributarias son similares: 14.9% y 14.4%.<\/p>\n<p style=\"text-align: justify;\">Explic\u00f3 que el error est\u00e1 en realizar comparaciones y no ajustar los ingresos de la seguridad social. Pues en la mayor\u00eda de los pa\u00edses de Am\u00e9rica Latina la presi\u00f3n que se emplea es una presi\u00f3n fiscal con ingresos de la seguridad social.<\/p>\n<p style=\"text-align: justify;\">\u201cHist\u00f3ricamente la presi\u00f3n tributaria de Rep\u00fablica Dominicana ha ido en aumento. Es la tendencia desde 1991 a la fecha. Sin embargo, lo importante no es la presi\u00f3n tributaria, sino el nivel del gasto\u201d, enfatiz\u00f3.<\/p>\n<p style=\"text-align: justify;\">Collado Di Franco afirm\u00f3 que no hay problema de presi\u00f3n tributaria en RD, ya que los ingresos tributarios, expresados en d\u00f3lares, crecieron 21.7 veces entre el a\u00f1o 1990 y el 2022; el equivalente a un aumento de 2,073%. El problema es que el gasto, que depende de las decisiones pol\u00edticas, ha sido incrementado en 25.7 veces; \u00f3 2,470% en igual per\u00edodo.<\/p>\n<p style=\"text-align: justify;\">A pesar de los intentos de reducir los d\u00e9ficits fiscales mediante modificaciones al C\u00f3digo Tributario, como en los a\u00f1os 2000, 2004 y 2005, la ausencia de control en el gasto p\u00fablico mantuvo los d\u00e9ficits fiscales y las necesidades de endeudamiento p\u00fablico. Por ejemplo, en el a\u00f1o 2001 el gasto p\u00fablico creci\u00f3 en 24.0%, en el 2004 creci\u00f3 en 17.2% y en el 2006 creci\u00f3 en 13.4%.<\/p>\n<p style=\"text-align: justify;\">En los \u00faltimos 31 a\u00f1os, el sector p\u00fablico, medido por el gasto real del Gobierno Central, creci\u00f3 12.1 veces su valor; mientras que el PIB creci\u00f3 4.9 veces. \u201cEl problema principal de la Rep\u00fablica Dominicana es el gasto p\u00fablico. El Estado dominicano, en comparaci\u00f3n con la econom\u00eda, est\u00e1 sobredimensionado.\u201d, dijo al HOY.<\/p>\n<h3 style=\"text-align: justify;\">Eliminar distorsiones en el sistema tributario<\/h3>\n<p style=\"text-align: justify;\">Collado Di Franco resalt\u00f3 que el sistema tributario necesita ser reformado para reducir las distorsiones que ha creado y sus limitaciones al desarrollo de Rep\u00fablica Dominicana. Como consecuencia, aumentar\u00edan las recaudaciones de manera sostenida, tal como sucedi\u00f3 en la d\u00e9cada de los a\u00f1os 1990.<br \/>\nUn emprendedor de Rep\u00fablica Dominicana debe dedicar m\u00e1s tiempo para hacer el pago de impuestos, que el que dedica una persona que realice una funci\u00f3n similar en otro pa\u00eds del DR-CAFTA, unas 317 horas mientras el promedio de la Organizaci\u00f3n para la Cooperaci\u00f3n y el Desarrollo Econ\u00f3micos (OCDE) es 158 horas, de acuerdo a la \u00faltima comparaci\u00f3n de este tipo fue realizada en el a\u00f1o 2019 por el Banco Mundial.<\/p>\n<p style=\"text-align: justify;\">Dedicar m\u00e1s horas al pago de impuestos implica tener menos tiempo para realizar su propio negocio y por tanto es m\u00e1s costoso ser productivo. M\u00e1s tiempo y costo desincentivan a las empresas a ser formales y por tanto incentiva a la informalidad.<\/p>\n<p style=\"text-align: justify;\">Collado expres\u00f3 que por esto no sorprende que cerca del 57% del empleo en el pa\u00eds se creen en la informalidad.<\/p>\n<p style=\"text-align: justify;\">Afirm\u00f3 que el sistema tributario es oneroso por sus altas tasas y cantidad de tributos, as\u00ed como por la complejidad de su cumplimiento. \u201cEsto desincentiva a los ciudadanos a tributar y puede estimular la evasi\u00f3n; a la vez que hace m\u00e1s dif\u00edcil a la autoridad tributaria poder realizar su trabajo de recaudaci\u00f3n\u201d, dijo.<\/p>\n<p style=\"text-align: justify;\">Adem\u00e1s seg\u00fan el an\u00e1lisis de la CREES contar con tasas diferenciadas no ayuda al sistema tributario dominicano. Pues las estad\u00edsticas muestran que en el caso del el Impuesto sobre Transferencia de Bienes Industrializados y Servicios (ITBIS) es notorio c\u00f3mo las operaciones exentas mantienen una tendencia a incrementarse, al 2023 est\u00e1n son un 60.2 % y las operaciones grabadas son 39.8 %.<\/p>\n<h3 style=\"text-align: justify;\">Tasas altas estimulan la demanda de exenciones<\/h3>\n<p style=\"text-align: justify;\">Para Collado el otorgamiento de privilegios en forma de leyes es un reflejo de distorsiones del orden institucional por cuanto tienden a beneficiar a algunos grupos de la sociedad sobre otros. Por ejemplo en lugar de bajar la tasa y crear una legislaci\u00f3n uniforme para todos, se mantiene un privilegio para las personas de los niveles m\u00e1s altos de ingresos, ya que son estas las m\u00e1s beneficiadas al consumir m\u00e1s productos exentos del ITBIS.<\/p>\n<p style=\"text-align: justify;\">En Rep\u00fablica Dominicana existen 43 disposiciones legales que otorgan alg\u00fan tipo de tratamiento especial a diferentes sectores, en adici\u00f3n a las exenciones incluidas en el mismo C\u00f3digo Tributario. \u201cCuando en Rep\u00fablica Dominicana se habla del monto total de beneficios tributarios denominados gasto tributario, el 57% corresponde al ITBIS, o el 2.5% del PIB. Las exenciones del ISR representan el 16% del total, o el 0.7% del PIB\u201d, expuso.<\/p>\n<p style=\"text-align: justify;\">Pero Collado asegur\u00f3 que las exenciones o los privilegios est\u00e1n motivadas porque es costoso hacer negocios en el pa\u00eds, competir con las importaciones y poder exportar.<\/p>\n<p style=\"text-align: justify;\">\u201cEn lugar de realizar las reformas estructurales necesarias, la respuesta de los hacedores de pol\u00edticas es la creaci\u00f3n de las disposiciones legales para otorgar exenciones y exoneraciones impositivas\u201d, afirm\u00f3.<\/p>\n<h3 style=\"text-align: justify;\">18 % es una tasa alta<\/h3>\n<p style=\"text-align: justify;\">Estad\u00edsticas recopiladas por las CREES muestran que la tasa de ITBIS de Rep\u00fablica Dominicana (18 %); es m\u00e1s alta que el promedio de Am\u00e9rica Latina, de un 15.9%, y que el promedio de Am\u00e9rica Central que es 12.5 %, de acuerdo a datos del 2023.<\/p>\n<p style=\"text-align: justify;\">El ITBIS o IVA no solo encarece la vida para los consumidores por su pago en la compra final, sino porque encarece los costos de producci\u00f3n. Esto \u00faltimo es peor cuando el bien est\u00e1 exento del ITBIS. El consumidor termina pagando una proporci\u00f3n de todos los ITBIS que intervinieron en la cadena de producci\u00f3n. \u201cEs err\u00f3neo asumir que porque un bien est\u00e1 exento del IVA las personas de menores ingresos se benefician de la exenci\u00f3n. El an\u00e1lisis superficial no toma en cuenta que como el productor no puede compensar los ITBIS que pag\u00f3 en el proceso de producci\u00f3n ante la DGII, se ve precisado a llevar al costo del producto dicho impuesto y transfiere una parte al consumidor\u201d, expreso.<\/p>\n<p style=\"text-align: justify;\">Resalt\u00f3 que en los pa\u00edses de la OCDE prevalece el concepto de bajar las tasas impositivas porque ayudan a generar mayores inversiones. Tal como lo hizo Rep\u00fablica Dominicana cuando redujo su tasa de impuesto sobre la renta a personas jur\u00eddicas de 46% a 25% luego de la promulgaci\u00f3n del C\u00f3digo Tributario de 1992.<\/p>\n<p style=\"text-align: justify;\">\n<div class=\"pvc_clear\"><\/div>\n<p class=\"pvc_stats all \" data-element-id=\"25446\" style=\"\"><i class=\"pvc-stats-icon medium\" aria-hidden=\"true\"><svg aria-hidden=\"true\" focusable=\"false\" data-prefix=\"far\" data-icon=\"chart-bar\" role=\"img\" xmlns=\"http:\/\/www.w3.org\/2000\/svg\" viewBox=\"0 0 512 512\" class=\"svg-inline--fa fa-chart-bar fa-w-16 fa-2x\"><path fill=\"currentColor\" d=\"M396.8 352h22.4c6.4 0 12.8-6.4 12.8-12.8V108.8c0-6.4-6.4-12.8-12.8-12.8h-22.4c-6.4 0-12.8 6.4-12.8 12.8v230.4c0 6.4 6.4 12.8 12.8 12.8zm-192 0h22.4c6.4 0 12.8-6.4 12.8-12.8V140.8c0-6.4-6.4-12.8-12.8-12.8h-22.4c-6.4 0-12.8 6.4-12.8 12.8v198.4c0 6.4 6.4 12.8 12.8 12.8zm96 0h22.4c6.4 0 12.8-6.4 12.8-12.8V204.8c0-6.4-6.4-12.8-12.8-12.8h-22.4c-6.4 0-12.8 6.4-12.8 12.8v134.4c0 6.4 6.4 12.8 12.8 12.8zM496 400H48V80c0-8.84-7.16-16-16-16H16C7.16 64 0 71.16 0 80v336c0 17.67 14.33 32 32 32h464c8.84 0 16-7.16 16-16v-16c0-8.84-7.16-16-16-16zm-387.2-48h22.4c6.4 0 12.8-6.4 12.8-12.8v-70.4c0-6.4-6.4-12.8-12.8-12.8h-22.4c-6.4 0-12.8 6.4-12.8 12.8v70.4c0 6.4 6.4 12.8 12.8 12.8z\" class=\"\"><\/path><\/svg><\/i> Vistas Totales&nbsp;1,432&nbsp;, Vistas Hoy&nbsp;2&nbsp;<\/p>\n<div class=\"pvc_clear\"><\/div>\n","protected":false},"excerpt":{"rendered":"<p>Autor: Mayelin Acosta Guzm\u00e1n Fecha: 19 de agosto del 2023 Extra\u00eddo de: Hoy &nbsp; Texto completo de la nota impresa: &nbsp; Redistribuci\u00f3n: Ingresos y gastos una ecuaci\u00f3n con migra\u00f1a La reforma fiscal es muy importante para eliminar distorsiones, evasi\u00f3n y privilegios para quienes m\u00e1s consumen, y para reducir los costos de vivir y hacer negocios&#8230;<\/p>\n<div class=\"pvc_clear\"><\/div>\n<p class=\"pvc_stats all \" data-element-id=\"25446\" style=\"\"><i class=\"pvc-stats-icon medium\" aria-hidden=\"true\"><svg aria-hidden=\"true\" focusable=\"false\" data-prefix=\"far\" data-icon=\"chart-bar\" role=\"img\" xmlns=\"http:\/\/www.w3.org\/2000\/svg\" viewBox=\"0 0 512 512\" class=\"svg-inline--fa fa-chart-bar fa-w-16 fa-2x\"><path fill=\"currentColor\" d=\"M396.8 352h22.4c6.4 0 12.8-6.4 12.8-12.8V108.8c0-6.4-6.4-12.8-12.8-12.8h-22.4c-6.4 0-12.8 6.4-12.8 12.8v230.4c0 6.4 6.4 12.8 12.8 12.8zm-192 0h22.4c6.4 0 12.8-6.4 12.8-12.8V140.8c0-6.4-6.4-12.8-12.8-12.8h-22.4c-6.4 0-12.8 6.4-12.8 12.8v198.4c0 6.4 6.4 12.8 12.8 12.8zm96 0h22.4c6.4 0 12.8-6.4 12.8-12.8V204.8c0-6.4-6.4-12.8-12.8-12.8h-22.4c-6.4 0-12.8 6.4-12.8 12.8v134.4c0 6.4 6.4 12.8 12.8 12.8zM496 400H48V80c0-8.84-7.16-16-16-16H16C7.16 64 0 71.16 0 80v336c0 17.67 14.33 32 32 32h464c8.84 0 16-7.16 16-16v-16c0-8.84-7.16-16-16-16zm-387.2-48h22.4c6.4 0 12.8-6.4 12.8-12.8v-70.4c0-6.4-6.4-12.8-12.8-12.8h-22.4c-6.4 0-12.8 6.4-12.8 12.8v70.4c0 6.4 6.4 12.8 12.8 12.8z\" class=\"\"><\/path><\/svg><\/i> Vistas Totales&nbsp;1,432&nbsp;, Vistas Hoy&nbsp;2&nbsp;<\/p>\n<div class=\"pvc_clear\"><\/div>\n","protected":false},"author":2,"featured_media":25402,"comment_status":"closed","ping_status":"closed","sticky":false,"template":"","format":"standard","meta":{"footnotes":""},"categories":[19],"tags":[],"class_list":["post-25446","post","type-post","status-publish","format-standard","has-post-thumbnail","hentry","category-actualidad"],"yoast_head":"<!-- This site is optimized with the Yoast SEO plugin v25.2 - https:\/\/yoast.com\/wordpress\/plugins\/seo\/ -->\n<title>Ingresos y gastos: una ecuaci\u00f3n con migra\u00f1a | CREES<\/title>\n<meta name=\"robots\" content=\"index, follow, max-snippet:-1, max-image-preview:large, max-video-preview:-1\" \/>\n<link rel=\"canonical\" href=\"https:\/\/crees.org.do\/?p=25446\" \/>\n<meta property=\"og:locale\" content=\"es_ES\" \/>\n<meta property=\"og:type\" content=\"article\" \/>\n<meta property=\"og:title\" content=\"Ingresos y gastos: una ecuaci\u00f3n con migra\u00f1a | CREES\" \/>\n<meta property=\"og:description\" content=\"Autor: Mayelin Acosta Guzm\u00e1n Fecha: 19 de agosto del 2023 Extra\u00eddo de: Hoy &nbsp; Texto completo de la nota impresa: &nbsp; Redistribuci\u00f3n: Ingresos y gastos una ecuaci\u00f3n con migra\u00f1a La reforma fiscal es muy importante para eliminar distorsiones, evasi\u00f3n y privilegios para quienes m\u00e1s consumen, y para reducir los costos de vivir y hacer negocios...\" \/>\n<meta property=\"og:url\" content=\"https:\/\/crees.org.do\/?p=25446\" \/>\n<meta property=\"og:site_name\" content=\"CREES\" \/>\n<meta property=\"article:publisher\" content=\"https:\/\/www.facebook.com\/CREESRD\/\" \/>\n<meta property=\"article:published_time\" content=\"2023-08-19T14:20:01+00:00\" \/>\n<meta property=\"article:modified_time\" content=\"2023-08-25T17:23:59+00:00\" \/>\n<meta property=\"og:image\" content=\"https:\/\/crees.org.do\/wp-content\/uploads\/2023\/08\/miguel-collado-di-franco.jpg\" \/>\n\t<meta property=\"og:image:width\" content=\"680\" \/>\n\t<meta property=\"og:image:height\" content=\"453\" \/>\n\t<meta property=\"og:image:type\" content=\"image\/jpeg\" \/>\n<meta name=\"author\" content=\"Crees\" \/>\n<meta name=\"twitter:card\" content=\"summary_large_image\" \/>\n<meta name=\"twitter:creator\" content=\"@CREESRD\" \/>\n<meta name=\"twitter:site\" content=\"@CREESRD\" \/>\n<meta name=\"twitter:label1\" content=\"Escrito por\" \/>\n\t<meta name=\"twitter:data1\" content=\"Crees\" \/>\n\t<meta name=\"twitter:label2\" content=\"Tiempo de lectura\" \/>\n\t<meta name=\"twitter:data2\" content=\"9 minutos\" \/>\n<script type=\"application\/ld+json\" class=\"yoast-schema-graph\">{\"@context\":\"https:\/\/schema.org\",\"@graph\":[{\"@type\":\"Article\",\"@id\":\"https:\/\/crees.org.do\/?p=25446#article\",\"isPartOf\":{\"@id\":\"https:\/\/crees.org.do\/?p=25446\"},\"author\":{\"name\":\"Crees\",\"@id\":\"https:\/\/crees.org.do\/#\/schema\/person\/e7f97cd94d7bf9cd0e0ce30acb7d56b8\"},\"headline\":\"Ingresos y gastos: una ecuaci\u00f3n con migra\u00f1a\",\"datePublished\":\"2023-08-19T14:20:01+00:00\",\"dateModified\":\"2023-08-25T17:23:59+00:00\",\"mainEntityOfPage\":{\"@id\":\"https:\/\/crees.org.do\/?p=25446\"},\"wordCount\":1746,\"publisher\":{\"@id\":\"https:\/\/crees.org.do\/#organization\"},\"image\":{\"@id\":\"https:\/\/crees.org.do\/?p=25446#primaryimage\"},\"thumbnailUrl\":\"https:\/\/crees.org.do\/wp-content\/uploads\/2023\/08\/miguel-collado-di-franco.jpg\",\"articleSection\":[\"Actualidad\"],\"inLanguage\":\"es\"},{\"@type\":\"WebPage\",\"@id\":\"https:\/\/crees.org.do\/?p=25446\",\"url\":\"https:\/\/crees.org.do\/?p=25446\",\"name\":\"Ingresos y gastos: una ecuaci\u00f3n con migra\u00f1a | CREES\",\"isPartOf\":{\"@id\":\"https:\/\/crees.org.do\/#website\"},\"primaryImageOfPage\":{\"@id\":\"https:\/\/crees.org.do\/?p=25446#primaryimage\"},\"image\":{\"@id\":\"https:\/\/crees.org.do\/?p=25446#primaryimage\"},\"thumbnailUrl\":\"https:\/\/crees.org.do\/wp-content\/uploads\/2023\/08\/miguel-collado-di-franco.jpg\",\"datePublished\":\"2023-08-19T14:20:01+00:00\",\"dateModified\":\"2023-08-25T17:23:59+00:00\",\"breadcrumb\":{\"@id\":\"https:\/\/crees.org.do\/?p=25446#breadcrumb\"},\"inLanguage\":\"es\",\"potentialAction\":[{\"@type\":\"ReadAction\",\"target\":[\"https:\/\/crees.org.do\/?p=25446\"]}]},{\"@type\":\"ImageObject\",\"inLanguage\":\"es\",\"@id\":\"https:\/\/crees.org.do\/?p=25446#primaryimage\",\"url\":\"https:\/\/crees.org.do\/wp-content\/uploads\/2023\/08\/miguel-collado-di-franco.jpg\",\"contentUrl\":\"https:\/\/crees.org.do\/wp-content\/uploads\/2023\/08\/miguel-collado-di-franco.jpg\",\"width\":680,\"height\":453},{\"@type\":\"BreadcrumbList\",\"@id\":\"https:\/\/crees.org.do\/?p=25446#breadcrumb\",\"itemListElement\":[{\"@type\":\"ListItem\",\"position\":1,\"name\":\"Portada\",\"item\":\"https:\/\/crees.org.do\/\"},{\"@type\":\"ListItem\",\"position\":2,\"name\":\"Ingresos y gastos: una ecuaci\u00f3n con migra\u00f1a\"}]},{\"@type\":\"WebSite\",\"@id\":\"https:\/\/crees.org.do\/#website\",\"url\":\"https:\/\/crees.org.do\/\",\"name\":\"CREES\",\"description\":\"Centro Regional de Estrategias Econ\u00f3micas Sostenibles\",\"publisher\":{\"@id\":\"https:\/\/crees.org.do\/#organization\"},\"potentialAction\":[{\"@type\":\"SearchAction\",\"target\":{\"@type\":\"EntryPoint\",\"urlTemplate\":\"https:\/\/crees.org.do\/?s={search_term_string}\"},\"query-input\":{\"@type\":\"PropertyValueSpecification\",\"valueRequired\":true,\"valueName\":\"search_term_string\"}}],\"inLanguage\":\"es\"},{\"@type\":\"Organization\",\"@id\":\"https:\/\/crees.org.do\/#organization\",\"name\":\"CREES | Centro Regional de Estrategias Econ\u00f3micas Sostenibles\",\"url\":\"https:\/\/crees.org.do\/\",\"logo\":{\"@type\":\"ImageObject\",\"inLanguage\":\"es\",\"@id\":\"https:\/\/crees.org.do\/#\/schema\/logo\/image\/\",\"url\":\"https:\/\/crees.org.do\/wp-content\/uploads\/2022\/03\/crees-logo-1.jpg\",\"contentUrl\":\"https:\/\/crees.org.do\/wp-content\/uploads\/2022\/03\/crees-logo-1.jpg\",\"width\":244,\"height\":71,\"caption\":\"CREES | Centro Regional de Estrategias Econ\u00f3micas Sostenibles\"},\"image\":{\"@id\":\"https:\/\/crees.org.do\/#\/schema\/logo\/image\/\"},\"sameAs\":[\"https:\/\/www.facebook.com\/CREESRD\/\",\"https:\/\/x.com\/CREESRD\"]},{\"@type\":\"Person\",\"@id\":\"https:\/\/crees.org.do\/#\/schema\/person\/e7f97cd94d7bf9cd0e0ce30acb7d56b8\",\"name\":\"Crees\",\"image\":{\"@type\":\"ImageObject\",\"inLanguage\":\"es\",\"@id\":\"https:\/\/crees.org.do\/#\/schema\/person\/image\/\",\"url\":\"https:\/\/secure.gravatar.com\/avatar\/390ac8f0be5d9aa046152553e2dd7011b59a512d89c150f5e5f28bb8d9a0b165?s=96&d=mm&r=g\",\"contentUrl\":\"https:\/\/secure.gravatar.com\/avatar\/390ac8f0be5d9aa046152553e2dd7011b59a512d89c150f5e5f28bb8d9a0b165?s=96&d=mm&r=g\",\"caption\":\"Crees\"},\"url\":\"https:\/\/crees.org.do\/?author=2\"}]}<\/script>\n<!-- \/ Yoast SEO plugin. -->","yoast_head_json":{"title":"Ingresos y gastos: una ecuaci\u00f3n con migra\u00f1a | CREES","robots":{"index":"index","follow":"follow","max-snippet":"max-snippet:-1","max-image-preview":"max-image-preview:large","max-video-preview":"max-video-preview:-1"},"canonical":"https:\/\/crees.org.do\/?p=25446","og_locale":"es_ES","og_type":"article","og_title":"Ingresos y gastos: una ecuaci\u00f3n con migra\u00f1a | CREES","og_description":"Autor: Mayelin Acosta Guzm\u00e1n Fecha: 19 de agosto del 2023 Extra\u00eddo de: Hoy &nbsp; Texto completo de la nota impresa: &nbsp; Redistribuci\u00f3n: Ingresos y gastos una ecuaci\u00f3n con migra\u00f1a La reforma fiscal es muy importante para eliminar distorsiones, evasi\u00f3n y privilegios para quienes m\u00e1s consumen, y para reducir los costos de vivir y hacer negocios...","og_url":"https:\/\/crees.org.do\/?p=25446","og_site_name":"CREES","article_publisher":"https:\/\/www.facebook.com\/CREESRD\/","article_published_time":"2023-08-19T14:20:01+00:00","article_modified_time":"2023-08-25T17:23:59+00:00","og_image":[{"width":680,"height":453,"url":"https:\/\/crees.org.do\/wp-content\/uploads\/2023\/08\/miguel-collado-di-franco.jpg","type":"image\/jpeg"}],"author":"Crees","twitter_card":"summary_large_image","twitter_creator":"@CREESRD","twitter_site":"@CREESRD","twitter_misc":{"Escrito por":"Crees","Tiempo de lectura":"9 minutos"},"schema":{"@context":"https:\/\/schema.org","@graph":[{"@type":"Article","@id":"https:\/\/crees.org.do\/?p=25446#article","isPartOf":{"@id":"https:\/\/crees.org.do\/?p=25446"},"author":{"name":"Crees","@id":"https:\/\/crees.org.do\/#\/schema\/person\/e7f97cd94d7bf9cd0e0ce30acb7d56b8"},"headline":"Ingresos y gastos: una ecuaci\u00f3n con migra\u00f1a","datePublished":"2023-08-19T14:20:01+00:00","dateModified":"2023-08-25T17:23:59+00:00","mainEntityOfPage":{"@id":"https:\/\/crees.org.do\/?p=25446"},"wordCount":1746,"publisher":{"@id":"https:\/\/crees.org.do\/#organization"},"image":{"@id":"https:\/\/crees.org.do\/?p=25446#primaryimage"},"thumbnailUrl":"https:\/\/crees.org.do\/wp-content\/uploads\/2023\/08\/miguel-collado-di-franco.jpg","articleSection":["Actualidad"],"inLanguage":"es"},{"@type":"WebPage","@id":"https:\/\/crees.org.do\/?p=25446","url":"https:\/\/crees.org.do\/?p=25446","name":"Ingresos y gastos: una ecuaci\u00f3n con migra\u00f1a | CREES","isPartOf":{"@id":"https:\/\/crees.org.do\/#website"},"primaryImageOfPage":{"@id":"https:\/\/crees.org.do\/?p=25446#primaryimage"},"image":{"@id":"https:\/\/crees.org.do\/?p=25446#primaryimage"},"thumbnailUrl":"https:\/\/crees.org.do\/wp-content\/uploads\/2023\/08\/miguel-collado-di-franco.jpg","datePublished":"2023-08-19T14:20:01+00:00","dateModified":"2023-08-25T17:23:59+00:00","breadcrumb":{"@id":"https:\/\/crees.org.do\/?p=25446#breadcrumb"},"inLanguage":"es","potentialAction":[{"@type":"ReadAction","target":["https:\/\/crees.org.do\/?p=25446"]}]},{"@type":"ImageObject","inLanguage":"es","@id":"https:\/\/crees.org.do\/?p=25446#primaryimage","url":"https:\/\/crees.org.do\/wp-content\/uploads\/2023\/08\/miguel-collado-di-franco.jpg","contentUrl":"https:\/\/crees.org.do\/wp-content\/uploads\/2023\/08\/miguel-collado-di-franco.jpg","width":680,"height":453},{"@type":"BreadcrumbList","@id":"https:\/\/crees.org.do\/?p=25446#breadcrumb","itemListElement":[{"@type":"ListItem","position":1,"name":"Portada","item":"https:\/\/crees.org.do\/"},{"@type":"ListItem","position":2,"name":"Ingresos y gastos: una ecuaci\u00f3n con migra\u00f1a"}]},{"@type":"WebSite","@id":"https:\/\/crees.org.do\/#website","url":"https:\/\/crees.org.do\/","name":"CREES","description":"Centro Regional de Estrategias Econ\u00f3micas Sostenibles","publisher":{"@id":"https:\/\/crees.org.do\/#organization"},"potentialAction":[{"@type":"SearchAction","target":{"@type":"EntryPoint","urlTemplate":"https:\/\/crees.org.do\/?s={search_term_string}"},"query-input":{"@type":"PropertyValueSpecification","valueRequired":true,"valueName":"search_term_string"}}],"inLanguage":"es"},{"@type":"Organization","@id":"https:\/\/crees.org.do\/#organization","name":"CREES | Centro Regional de Estrategias Econ\u00f3micas Sostenibles","url":"https:\/\/crees.org.do\/","logo":{"@type":"ImageObject","inLanguage":"es","@id":"https:\/\/crees.org.do\/#\/schema\/logo\/image\/","url":"https:\/\/crees.org.do\/wp-content\/uploads\/2022\/03\/crees-logo-1.jpg","contentUrl":"https:\/\/crees.org.do\/wp-content\/uploads\/2022\/03\/crees-logo-1.jpg","width":244,"height":71,"caption":"CREES | Centro Regional de Estrategias Econ\u00f3micas Sostenibles"},"image":{"@id":"https:\/\/crees.org.do\/#\/schema\/logo\/image\/"},"sameAs":["https:\/\/www.facebook.com\/CREESRD\/","https:\/\/x.com\/CREESRD"]},{"@type":"Person","@id":"https:\/\/crees.org.do\/#\/schema\/person\/e7f97cd94d7bf9cd0e0ce30acb7d56b8","name":"Crees","image":{"@type":"ImageObject","inLanguage":"es","@id":"https:\/\/crees.org.do\/#\/schema\/person\/image\/","url":"https:\/\/secure.gravatar.com\/avatar\/390ac8f0be5d9aa046152553e2dd7011b59a512d89c150f5e5f28bb8d9a0b165?s=96&d=mm&r=g","contentUrl":"https:\/\/secure.gravatar.com\/avatar\/390ac8f0be5d9aa046152553e2dd7011b59a512d89c150f5e5f28bb8d9a0b165?s=96&d=mm&r=g","caption":"Crees"},"url":"https:\/\/crees.org.do\/?author=2"}]}},"_links":{"self":[{"href":"https:\/\/crees.org.do\/index.php?rest_route=\/wp\/v2\/posts\/25446","targetHints":{"allow":["GET"]}}],"collection":[{"href":"https:\/\/crees.org.do\/index.php?rest_route=\/wp\/v2\/posts"}],"about":[{"href":"https:\/\/crees.org.do\/index.php?rest_route=\/wp\/v2\/types\/post"}],"author":[{"embeddable":true,"href":"https:\/\/crees.org.do\/index.php?rest_route=\/wp\/v2\/users\/2"}],"replies":[{"embeddable":true,"href":"https:\/\/crees.org.do\/index.php?rest_route=%2Fwp%2Fv2%2Fcomments&post=25446"}],"version-history":[{"count":8,"href":"https:\/\/crees.org.do\/index.php?rest_route=\/wp\/v2\/posts\/25446\/revisions"}],"predecessor-version":[{"id":25499,"href":"https:\/\/crees.org.do\/index.php?rest_route=\/wp\/v2\/posts\/25446\/revisions\/25499"}],"wp:featuredmedia":[{"embeddable":true,"href":"https:\/\/crees.org.do\/index.php?rest_route=\/wp\/v2\/media\/25402"}],"wp:attachment":[{"href":"https:\/\/crees.org.do\/index.php?rest_route=%2Fwp%2Fv2%2Fmedia&parent=25446"}],"wp:term":[{"taxonomy":"category","embeddable":true,"href":"https:\/\/crees.org.do\/index.php?rest_route=%2Fwp%2Fv2%2Fcategories&post=25446"},{"taxonomy":"post_tag","embeddable":true,"href":"https:\/\/crees.org.do\/index.php?rest_route=%2Fwp%2Fv2%2Ftags&post=25446"}],"curies":[{"name":"wp","href":"https:\/\/api.w.org\/{rel}","templated":true}]}}