{"id":26260,"date":"2024-07-12T16:11:00","date_gmt":"2024-07-12T16:11:00","guid":{"rendered":"https:\/\/crees.org.do\/?p=26260"},"modified":"2024-07-12T16:11:00","modified_gmt":"2024-07-12T16:11:00","slug":"las-cuatro-c-a-tomar-en-cuenta-para-lograr-una-buena-reforma-fiscal","status":"publish","type":"post","link":"https:\/\/crees.org.do\/?p=26260","title":{"rendered":"Las cuatro C a tomar en cuenta para lograr una buena reforma fiscal"},"content":{"rendered":"<p>Autor: Jairon Severino<\/p>\n<p>Fecha: 11 de julio de 2024<\/p>\n<p>Extra\u00eddo de:\u00a0<a href=\"https:\/\/eldinero.com.do\/286270\/las-cuatro-c-a-tomar-en-cuenta-para-lograr-una-buena-reforma-fiscal\/\">El Dinero<\/a><\/p>\n<p style=\"text-align: justify;\">Reforma es un concepto que hemos escuchado mucho en estos d\u00edas en Rep\u00fablica Dominicana. Y no s\u00f3lo se trata la planteada en t\u00e9rminos fiscales, tambi\u00e9n est\u00e1 la constitucional, laboral, seguridad social, el\u00e9ctrica, educaci\u00f3n y m\u00e1s.<\/p>\n<p style=\"text-align: justify;\">Quiero hacerme eco de una explicaci\u00f3n muy atinada que hace el economista Edmundo Rivera, vicepresidente s\u00e9nior del Banco Latinoamericano de Comercio Exterior (Bladex) y economista de ER Capital Partners, quien considera que toda buena reforma necesita cuatro elementos. Algunos las identifican con las cuatro C, como su caso.<\/p>\n<p style=\"text-align: justify;\">Refiriendo al economista estadounidense Arnaldo Harberger, explica que toda reforma debe tener capacidad y competencia de la autoridad que la est\u00e1 llevando a cabo. Esta es, dice, una variable que debe ser analizada.<\/p>\n<p style=\"text-align: justify;\">La segunda C, seg\u00fan Rivera, es la coherencia de la reforma. Aqu\u00ed destaca el papel que ha desempe\u00f1ado al Centro Regional de Estrategias Econ\u00f3micas Sostenibles (CREES).<\/p>\n<div class=\"jeg_ad jeg_ad_article jnews_content_inline_ads  \" style=\"text-align: justify;\"><\/div>\n<p style=\"text-align: justify;\">La siguiente tiene que ver con la comunicaci\u00f3n, ya que cualquier reforma de esta caracter\u00edstica, si se maneja de forma poco transparente, poco abierta y con poco consenso, es un sello al fracaso.<\/p>\n<p style=\"text-align: justify;\">El cuatro elemento o C que destaca es el coraje, ya que si hay convicci\u00f3n se hace de manera valiente y con determinaci\u00f3n.<\/p>\n<p style=\"text-align: justify;\">La realidad es que cuando hacemos una reforma fiscal como la que se est\u00e1 planteando en Rep\u00fablica Dominicana, y esto se ha visto en otras naciones latinoamericanas, aunque lamentablemente en la regi\u00f3n haya m\u00e1s casos de fracasos que de \u00e9xitos, es como si fueran dos trenes que van paralelos.<\/p>\n<p style=\"text-align: justify;\">Hay un tren que es el de los ajustes, los cuales pueden ser a trav\u00e9s de los gastos o los ingresos, pero siempre cargando al sector privado, que es el que genera las riquezas que suplen al Estado.<\/p>\n<p style=\"text-align: justify;\">El segundo tren, y aqu\u00ed se hace menci\u00f3n del economista Miguel Collado di Franco, vicepresidente ejecutivo del CREES, es fundamental. Lo es porque es el que va a aligerar la mochila pesada que tiene el sector privado. Y esto no s\u00f3lo se trata de las grandes empresas y corporaciones.<\/p>\n<p style=\"text-align: justify;\">Este segundo tren tiene que ver con reformas, como la laboral, la de pensiones, de mercado, pero tambi\u00e9n los temas de tramitolog\u00eda y permisolog\u00eda, que no est\u00e1n en los c\u00e1lculos fiscales, pero s\u00ed afecta en la toma de decisiones de inversi\u00f3n y ahorro que tienen los agentes econ\u00f3micos.<\/p>\n<p style=\"text-align: justify;\">De hecho, los altos niveles de informalidad, en muchos casos, podr\u00edan atribuirse a esto. Se trata de gente productiva que no entran al mercado formal porque los altos costos de transacciones, aunque la inflaci\u00f3n sea cero, encarecen los procesos.<\/p>\n<p style=\"text-align: justify;\">Esta situaci\u00f3n, siendo un poco m\u00e1s hol\u00edstico, cuando se analiza este tipo de reformas y se hace de forma sin aprovechar los ciclos econ\u00f3micos, como es ahora cuando estamos en una fase de auge, podr\u00eda ser retadora. Lo cierto es que los dominicanos son emprendedores y en sentido general aqu\u00ed funciona una econom\u00eda solidaria.<\/p>\n<p style=\"text-align: justify;\">En definitiva, si cabe el consejo, hay que ser precavido en la consecuci\u00f3n de la reforma que se ha planteado. Pudi\u00e9ramos ganar mucho, pero tambi\u00e9n perderlo todo.<\/p>\n<div class=\"pvc_clear\"><\/div>\n<p class=\"pvc_stats all \" data-element-id=\"26260\" style=\"\"><i class=\"pvc-stats-icon medium\" aria-hidden=\"true\"><svg aria-hidden=\"true\" focusable=\"false\" data-prefix=\"far\" data-icon=\"chart-bar\" role=\"img\" xmlns=\"http:\/\/www.w3.org\/2000\/svg\" viewBox=\"0 0 512 512\" class=\"svg-inline--fa fa-chart-bar fa-w-16 fa-2x\"><path fill=\"currentColor\" d=\"M396.8 352h22.4c6.4 0 12.8-6.4 12.8-12.8V108.8c0-6.4-6.4-12.8-12.8-12.8h-22.4c-6.4 0-12.8 6.4-12.8 12.8v230.4c0 6.4 6.4 12.8 12.8 12.8zm-192 0h22.4c6.4 0 12.8-6.4 12.8-12.8V140.8c0-6.4-6.4-12.8-12.8-12.8h-22.4c-6.4 0-12.8 6.4-12.8 12.8v198.4c0 6.4 6.4 12.8 12.8 12.8zm96 0h22.4c6.4 0 12.8-6.4 12.8-12.8V204.8c0-6.4-6.4-12.8-12.8-12.8h-22.4c-6.4 0-12.8 6.4-12.8 12.8v134.4c0 6.4 6.4 12.8 12.8 12.8zM496 400H48V80c0-8.84-7.16-16-16-16H16C7.16 64 0 71.16 0 80v336c0 17.67 14.33 32 32 32h464c8.84 0 16-7.16 16-16v-16c0-8.84-7.16-16-16-16zm-387.2-48h22.4c6.4 0 12.8-6.4 12.8-12.8v-70.4c0-6.4-6.4-12.8-12.8-12.8h-22.4c-6.4 0-12.8 6.4-12.8 12.8v70.4c0 6.4 6.4 12.8 12.8 12.8z\" class=\"\"><\/path><\/svg><\/i> Vistas Totales&nbsp;1,209&nbsp;, Vistas Hoy&nbsp;6&nbsp;<\/p>\n<div class=\"pvc_clear\"><\/div>\n","protected":false},"excerpt":{"rendered":"<p>Autor: Jairon Severino Fecha: 11 de julio de 2024 Extra\u00eddo de:\u00a0El Dinero Reforma es un concepto que hemos escuchado mucho en estos d\u00edas en Rep\u00fablica Dominicana. Y no s\u00f3lo se trata la planteada en t\u00e9rminos fiscales, tambi\u00e9n est\u00e1 la constitucional, laboral, seguridad social, el\u00e9ctrica, educaci\u00f3n y m\u00e1s. Quiero hacerme eco de una explicaci\u00f3n muy atinada&#8230;<\/p>\n<div class=\"pvc_clear\"><\/div>\n<p class=\"pvc_stats all \" data-element-id=\"26260\" style=\"\"><i class=\"pvc-stats-icon medium\" aria-hidden=\"true\"><svg aria-hidden=\"true\" focusable=\"false\" data-prefix=\"far\" data-icon=\"chart-bar\" role=\"img\" xmlns=\"http:\/\/www.w3.org\/2000\/svg\" viewBox=\"0 0 512 512\" class=\"svg-inline--fa fa-chart-bar fa-w-16 fa-2x\"><path fill=\"currentColor\" d=\"M396.8 352h22.4c6.4 0 12.8-6.4 12.8-12.8V108.8c0-6.4-6.4-12.8-12.8-12.8h-22.4c-6.4 0-12.8 6.4-12.8 12.8v230.4c0 6.4 6.4 12.8 12.8 12.8zm-192 0h22.4c6.4 0 12.8-6.4 12.8-12.8V140.8c0-6.4-6.4-12.8-12.8-12.8h-22.4c-6.4 0-12.8 6.4-12.8 12.8v198.4c0 6.4 6.4 12.8 12.8 12.8zm96 0h22.4c6.4 0 12.8-6.4 12.8-12.8V204.8c0-6.4-6.4-12.8-12.8-12.8h-22.4c-6.4 0-12.8 6.4-12.8 12.8v134.4c0 6.4 6.4 12.8 12.8 12.8zM496 400H48V80c0-8.84-7.16-16-16-16H16C7.16 64 0 71.16 0 80v336c0 17.67 14.33 32 32 32h464c8.84 0 16-7.16 16-16v-16c0-8.84-7.16-16-16-16zm-387.2-48h22.4c6.4 0 12.8-6.4 12.8-12.8v-70.4c0-6.4-6.4-12.8-12.8-12.8h-22.4c-6.4 0-12.8 6.4-12.8 12.8v70.4c0 6.4 6.4 12.8 12.8 12.8z\" class=\"\"><\/path><\/svg><\/i> Vistas Totales&nbsp;1,209&nbsp;, Vistas Hoy&nbsp;6&nbsp;<\/p>\n<div class=\"pvc_clear\"><\/div>\n","protected":false},"author":2,"featured_media":26261,"comment_status":"closed","ping_status":"closed","sticky":false,"template":"","format":"standard","meta":{"footnotes":""},"categories":[19],"tags":[],"class_list":["post-26260","post","type-post","status-publish","format-standard","has-post-thumbnail","hentry","category-actualidad"],"yoast_head":"<!-- This site is optimized with the Yoast SEO plugin v25.2 - https:\/\/yoast.com\/wordpress\/plugins\/seo\/ -->\n<title>Las cuatro C a tomar en cuenta para lograr una buena reforma fiscal | CREES<\/title>\n<meta name=\"robots\" content=\"index, follow, max-snippet:-1, max-image-preview:large, max-video-preview:-1\" \/>\n<link rel=\"canonical\" href=\"https:\/\/crees.org.do\/?p=26260\" \/>\n<meta property=\"og:locale\" content=\"es_ES\" \/>\n<meta property=\"og:type\" content=\"article\" \/>\n<meta property=\"og:title\" content=\"Las cuatro C a tomar en cuenta para lograr una buena reforma fiscal | CREES\" \/>\n<meta property=\"og:description\" content=\"Autor: Jairon Severino Fecha: 11 de julio de 2024 Extra\u00eddo de:\u00a0El Dinero Reforma es un concepto que hemos escuchado mucho en estos d\u00edas en Rep\u00fablica Dominicana. Y no s\u00f3lo se trata la planteada en t\u00e9rminos fiscales, tambi\u00e9n est\u00e1 la constitucional, laboral, seguridad social, el\u00e9ctrica, educaci\u00f3n y m\u00e1s. Quiero hacerme eco de una explicaci\u00f3n muy atinada...\" \/>\n<meta property=\"og:url\" content=\"https:\/\/crees.org.do\/?p=26260\" \/>\n<meta property=\"og:site_name\" content=\"CREES\" \/>\n<meta property=\"article:publisher\" content=\"https:\/\/www.facebook.com\/CREESRD\/\" \/>\n<meta property=\"article:published_time\" content=\"2024-07-12T16:11:00+00:00\" \/>\n<meta property=\"og:image\" content=\"https:\/\/crees.org.do\/wp-content\/uploads\/2024\/07\/logo-eldinero.png\" \/>\n\t<meta property=\"og:image:width\" content=\"380\" \/>\n\t<meta property=\"og:image:height\" content=\"105\" \/>\n\t<meta property=\"og:image:type\" content=\"image\/png\" \/>\n<meta name=\"author\" content=\"Crees\" \/>\n<meta name=\"twitter:card\" content=\"summary_large_image\" \/>\n<meta name=\"twitter:creator\" content=\"@CREESRD\" \/>\n<meta name=\"twitter:site\" content=\"@CREESRD\" \/>\n<meta name=\"twitter:label1\" content=\"Escrito por\" \/>\n\t<meta name=\"twitter:data1\" content=\"Crees\" \/>\n\t<meta name=\"twitter:label2\" content=\"Tiempo de lectura\" \/>\n\t<meta name=\"twitter:data2\" content=\"3 minutos\" \/>\n<script type=\"application\/ld+json\" class=\"yoast-schema-graph\">{\"@context\":\"https:\/\/schema.org\",\"@graph\":[{\"@type\":\"Article\",\"@id\":\"https:\/\/crees.org.do\/?p=26260#article\",\"isPartOf\":{\"@id\":\"https:\/\/crees.org.do\/?p=26260\"},\"author\":{\"name\":\"Crees\",\"@id\":\"https:\/\/crees.org.do\/#\/schema\/person\/e7f97cd94d7bf9cd0e0ce30acb7d56b8\"},\"headline\":\"Las cuatro C a tomar en cuenta para lograr una buena reforma fiscal\",\"datePublished\":\"2024-07-12T16:11:00+00:00\",\"mainEntityOfPage\":{\"@id\":\"https:\/\/crees.org.do\/?p=26260\"},\"wordCount\":568,\"publisher\":{\"@id\":\"https:\/\/crees.org.do\/#organization\"},\"image\":{\"@id\":\"https:\/\/crees.org.do\/?p=26260#primaryimage\"},\"thumbnailUrl\":\"https:\/\/crees.org.do\/wp-content\/uploads\/2024\/07\/logo-eldinero.png\",\"articleSection\":[\"Actualidad\"],\"inLanguage\":\"es\"},{\"@type\":\"WebPage\",\"@id\":\"https:\/\/crees.org.do\/?p=26260\",\"url\":\"https:\/\/crees.org.do\/?p=26260\",\"name\":\"Las cuatro C a tomar en cuenta para lograr una buena reforma fiscal | CREES\",\"isPartOf\":{\"@id\":\"https:\/\/crees.org.do\/#website\"},\"primaryImageOfPage\":{\"@id\":\"https:\/\/crees.org.do\/?p=26260#primaryimage\"},\"image\":{\"@id\":\"https:\/\/crees.org.do\/?p=26260#primaryimage\"},\"thumbnailUrl\":\"https:\/\/crees.org.do\/wp-content\/uploads\/2024\/07\/logo-eldinero.png\",\"datePublished\":\"2024-07-12T16:11:00+00:00\",\"breadcrumb\":{\"@id\":\"https:\/\/crees.org.do\/?p=26260#breadcrumb\"},\"inLanguage\":\"es\",\"potentialAction\":[{\"@type\":\"ReadAction\",\"target\":[\"https:\/\/crees.org.do\/?p=26260\"]}]},{\"@type\":\"ImageObject\",\"inLanguage\":\"es\",\"@id\":\"https:\/\/crees.org.do\/?p=26260#primaryimage\",\"url\":\"https:\/\/crees.org.do\/wp-content\/uploads\/2024\/07\/logo-eldinero.png\",\"contentUrl\":\"https:\/\/crees.org.do\/wp-content\/uploads\/2024\/07\/logo-eldinero.png\",\"width\":380,\"height\":105},{\"@type\":\"BreadcrumbList\",\"@id\":\"https:\/\/crees.org.do\/?p=26260#breadcrumb\",\"itemListElement\":[{\"@type\":\"ListItem\",\"position\":1,\"name\":\"Portada\",\"item\":\"https:\/\/crees.org.do\/\"},{\"@type\":\"ListItem\",\"position\":2,\"name\":\"Las cuatro C a tomar en cuenta para lograr una buena reforma fiscal\"}]},{\"@type\":\"WebSite\",\"@id\":\"https:\/\/crees.org.do\/#website\",\"url\":\"https:\/\/crees.org.do\/\",\"name\":\"CREES\",\"description\":\"Centro Regional de Estrategias Econ\u00f3micas Sostenibles\",\"publisher\":{\"@id\":\"https:\/\/crees.org.do\/#organization\"},\"potentialAction\":[{\"@type\":\"SearchAction\",\"target\":{\"@type\":\"EntryPoint\",\"urlTemplate\":\"https:\/\/crees.org.do\/?s={search_term_string}\"},\"query-input\":{\"@type\":\"PropertyValueSpecification\",\"valueRequired\":true,\"valueName\":\"search_term_string\"}}],\"inLanguage\":\"es\"},{\"@type\":\"Organization\",\"@id\":\"https:\/\/crees.org.do\/#organization\",\"name\":\"CREES | Centro Regional de Estrategias Econ\u00f3micas Sostenibles\",\"url\":\"https:\/\/crees.org.do\/\",\"logo\":{\"@type\":\"ImageObject\",\"inLanguage\":\"es\",\"@id\":\"https:\/\/crees.org.do\/#\/schema\/logo\/image\/\",\"url\":\"https:\/\/crees.org.do\/wp-content\/uploads\/2022\/03\/crees-logo-1.jpg\",\"contentUrl\":\"https:\/\/crees.org.do\/wp-content\/uploads\/2022\/03\/crees-logo-1.jpg\",\"width\":244,\"height\":71,\"caption\":\"CREES | Centro Regional de Estrategias Econ\u00f3micas Sostenibles\"},\"image\":{\"@id\":\"https:\/\/crees.org.do\/#\/schema\/logo\/image\/\"},\"sameAs\":[\"https:\/\/www.facebook.com\/CREESRD\/\",\"https:\/\/x.com\/CREESRD\"]},{\"@type\":\"Person\",\"@id\":\"https:\/\/crees.org.do\/#\/schema\/person\/e7f97cd94d7bf9cd0e0ce30acb7d56b8\",\"name\":\"Crees\",\"image\":{\"@type\":\"ImageObject\",\"inLanguage\":\"es\",\"@id\":\"https:\/\/crees.org.do\/#\/schema\/person\/image\/\",\"url\":\"https:\/\/secure.gravatar.com\/avatar\/390ac8f0be5d9aa046152553e2dd7011b59a512d89c150f5e5f28bb8d9a0b165?s=96&d=mm&r=g\",\"contentUrl\":\"https:\/\/secure.gravatar.com\/avatar\/390ac8f0be5d9aa046152553e2dd7011b59a512d89c150f5e5f28bb8d9a0b165?s=96&d=mm&r=g\",\"caption\":\"Crees\"},\"url\":\"https:\/\/crees.org.do\/?author=2\"}]}<\/script>\n<!-- \/ Yoast SEO plugin. -->","yoast_head_json":{"title":"Las cuatro C a tomar en cuenta para lograr una buena reforma fiscal | CREES","robots":{"index":"index","follow":"follow","max-snippet":"max-snippet:-1","max-image-preview":"max-image-preview:large","max-video-preview":"max-video-preview:-1"},"canonical":"https:\/\/crees.org.do\/?p=26260","og_locale":"es_ES","og_type":"article","og_title":"Las cuatro C a tomar en cuenta para lograr una buena reforma fiscal | CREES","og_description":"Autor: Jairon Severino Fecha: 11 de julio de 2024 Extra\u00eddo de:\u00a0El Dinero Reforma es un concepto que hemos escuchado mucho en estos d\u00edas en Rep\u00fablica Dominicana. Y no s\u00f3lo se trata la planteada en t\u00e9rminos fiscales, tambi\u00e9n est\u00e1 la constitucional, laboral, seguridad social, el\u00e9ctrica, educaci\u00f3n y m\u00e1s. Quiero hacerme eco de una explicaci\u00f3n muy atinada...","og_url":"https:\/\/crees.org.do\/?p=26260","og_site_name":"CREES","article_publisher":"https:\/\/www.facebook.com\/CREESRD\/","article_published_time":"2024-07-12T16:11:00+00:00","og_image":[{"width":380,"height":105,"url":"https:\/\/crees.org.do\/wp-content\/uploads\/2024\/07\/logo-eldinero.png","type":"image\/png"}],"author":"Crees","twitter_card":"summary_large_image","twitter_creator":"@CREESRD","twitter_site":"@CREESRD","twitter_misc":{"Escrito por":"Crees","Tiempo de lectura":"3 minutos"},"schema":{"@context":"https:\/\/schema.org","@graph":[{"@type":"Article","@id":"https:\/\/crees.org.do\/?p=26260#article","isPartOf":{"@id":"https:\/\/crees.org.do\/?p=26260"},"author":{"name":"Crees","@id":"https:\/\/crees.org.do\/#\/schema\/person\/e7f97cd94d7bf9cd0e0ce30acb7d56b8"},"headline":"Las cuatro C a tomar en cuenta para lograr una buena reforma fiscal","datePublished":"2024-07-12T16:11:00+00:00","mainEntityOfPage":{"@id":"https:\/\/crees.org.do\/?p=26260"},"wordCount":568,"publisher":{"@id":"https:\/\/crees.org.do\/#organization"},"image":{"@id":"https:\/\/crees.org.do\/?p=26260#primaryimage"},"thumbnailUrl":"https:\/\/crees.org.do\/wp-content\/uploads\/2024\/07\/logo-eldinero.png","articleSection":["Actualidad"],"inLanguage":"es"},{"@type":"WebPage","@id":"https:\/\/crees.org.do\/?p=26260","url":"https:\/\/crees.org.do\/?p=26260","name":"Las cuatro C a tomar en cuenta para lograr una buena reforma fiscal | CREES","isPartOf":{"@id":"https:\/\/crees.org.do\/#website"},"primaryImageOfPage":{"@id":"https:\/\/crees.org.do\/?p=26260#primaryimage"},"image":{"@id":"https:\/\/crees.org.do\/?p=26260#primaryimage"},"thumbnailUrl":"https:\/\/crees.org.do\/wp-content\/uploads\/2024\/07\/logo-eldinero.png","datePublished":"2024-07-12T16:11:00+00:00","breadcrumb":{"@id":"https:\/\/crees.org.do\/?p=26260#breadcrumb"},"inLanguage":"es","potentialAction":[{"@type":"ReadAction","target":["https:\/\/crees.org.do\/?p=26260"]}]},{"@type":"ImageObject","inLanguage":"es","@id":"https:\/\/crees.org.do\/?p=26260#primaryimage","url":"https:\/\/crees.org.do\/wp-content\/uploads\/2024\/07\/logo-eldinero.png","contentUrl":"https:\/\/crees.org.do\/wp-content\/uploads\/2024\/07\/logo-eldinero.png","width":380,"height":105},{"@type":"BreadcrumbList","@id":"https:\/\/crees.org.do\/?p=26260#breadcrumb","itemListElement":[{"@type":"ListItem","position":1,"name":"Portada","item":"https:\/\/crees.org.do\/"},{"@type":"ListItem","position":2,"name":"Las cuatro C a tomar en cuenta para lograr una buena reforma fiscal"}]},{"@type":"WebSite","@id":"https:\/\/crees.org.do\/#website","url":"https:\/\/crees.org.do\/","name":"CREES","description":"Centro Regional de Estrategias Econ\u00f3micas Sostenibles","publisher":{"@id":"https:\/\/crees.org.do\/#organization"},"potentialAction":[{"@type":"SearchAction","target":{"@type":"EntryPoint","urlTemplate":"https:\/\/crees.org.do\/?s={search_term_string}"},"query-input":{"@type":"PropertyValueSpecification","valueRequired":true,"valueName":"search_term_string"}}],"inLanguage":"es"},{"@type":"Organization","@id":"https:\/\/crees.org.do\/#organization","name":"CREES | Centro Regional de Estrategias Econ\u00f3micas Sostenibles","url":"https:\/\/crees.org.do\/","logo":{"@type":"ImageObject","inLanguage":"es","@id":"https:\/\/crees.org.do\/#\/schema\/logo\/image\/","url":"https:\/\/crees.org.do\/wp-content\/uploads\/2022\/03\/crees-logo-1.jpg","contentUrl":"https:\/\/crees.org.do\/wp-content\/uploads\/2022\/03\/crees-logo-1.jpg","width":244,"height":71,"caption":"CREES | Centro Regional de Estrategias Econ\u00f3micas Sostenibles"},"image":{"@id":"https:\/\/crees.org.do\/#\/schema\/logo\/image\/"},"sameAs":["https:\/\/www.facebook.com\/CREESRD\/","https:\/\/x.com\/CREESRD"]},{"@type":"Person","@id":"https:\/\/crees.org.do\/#\/schema\/person\/e7f97cd94d7bf9cd0e0ce30acb7d56b8","name":"Crees","image":{"@type":"ImageObject","inLanguage":"es","@id":"https:\/\/crees.org.do\/#\/schema\/person\/image\/","url":"https:\/\/secure.gravatar.com\/avatar\/390ac8f0be5d9aa046152553e2dd7011b59a512d89c150f5e5f28bb8d9a0b165?s=96&d=mm&r=g","contentUrl":"https:\/\/secure.gravatar.com\/avatar\/390ac8f0be5d9aa046152553e2dd7011b59a512d89c150f5e5f28bb8d9a0b165?s=96&d=mm&r=g","caption":"Crees"},"url":"https:\/\/crees.org.do\/?author=2"}]}},"_links":{"self":[{"href":"https:\/\/crees.org.do\/index.php?rest_route=\/wp\/v2\/posts\/26260","targetHints":{"allow":["GET"]}}],"collection":[{"href":"https:\/\/crees.org.do\/index.php?rest_route=\/wp\/v2\/posts"}],"about":[{"href":"https:\/\/crees.org.do\/index.php?rest_route=\/wp\/v2\/types\/post"}],"author":[{"embeddable":true,"href":"https:\/\/crees.org.do\/index.php?rest_route=\/wp\/v2\/users\/2"}],"replies":[{"embeddable":true,"href":"https:\/\/crees.org.do\/index.php?rest_route=%2Fwp%2Fv2%2Fcomments&post=26260"}],"version-history":[{"count":1,"href":"https:\/\/crees.org.do\/index.php?rest_route=\/wp\/v2\/posts\/26260\/revisions"}],"predecessor-version":[{"id":26262,"href":"https:\/\/crees.org.do\/index.php?rest_route=\/wp\/v2\/posts\/26260\/revisions\/26262"}],"wp:featuredmedia":[{"embeddable":true,"href":"https:\/\/crees.org.do\/index.php?rest_route=\/wp\/v2\/media\/26261"}],"wp:attachment":[{"href":"https:\/\/crees.org.do\/index.php?rest_route=%2Fwp%2Fv2%2Fmedia&parent=26260"}],"wp:term":[{"taxonomy":"category","embeddable":true,"href":"https:\/\/crees.org.do\/index.php?rest_route=%2Fwp%2Fv2%2Fcategories&post=26260"},{"taxonomy":"post_tag","embeddable":true,"href":"https:\/\/crees.org.do\/index.php?rest_route=%2Fwp%2Fv2%2Ftags&post=26260"}],"curies":[{"name":"wp","href":"https:\/\/api.w.org\/{rel}","templated":true}]}}