{"id":26263,"date":"2024-07-12T16:15:11","date_gmt":"2024-07-12T16:15:11","guid":{"rendered":"https:\/\/crees.org.do\/?p=26263"},"modified":"2024-07-12T16:15:11","modified_gmt":"2024-07-12T16:15:11","slug":"miguel-collado-di-franco-cada-reforma-en-el-pasado-siempre-se-vendio-como-que-era-la-ultima","status":"publish","type":"post","link":"https:\/\/crees.org.do\/?p=26263","title":{"rendered":"Miguel Collado Di Franco: &#8220;Cada reforma en el pasado siempre se vendi\u00f3 como que era la \u00faltima&#8221;"},"content":{"rendered":"<p>Autor: Mariela Mej\u00eda<\/p>\n<p>Fecha: 8 de julio de 2024<\/p>\n<p>Extra\u00eddo de: <a href=\"https:\/\/www.diariolibre.com\/actualidad\/dialogo-libre\/2024\/07\/07\/la-reforma-fiscal-en-el-pais\/2779417\">Diario Libre<\/a><\/p>\n<div class=\"subtitle text-xl mb-4\">\n<h3 class=\"flex mb-2\" style=\"text-align: justify;\">En un contexto en el que se espera el sometimiento de una postergada reforma fiscal, Diario Libre convers\u00f3 sobre las perspectivas de esta medida con tres expertos<\/h3>\n<p style=\"text-align: justify;\">Tres\u00a0<strong>economistas<\/strong>\u00a0est\u00e1n sentados a la mesa con muchas reflexiones sobre c\u00f3mo manejar las finanzas p\u00fablicas. Uno comenta que no es sano para la\u00a0<strong>econom\u00eda<\/strong>\u00a0<strong>dominicana<\/strong>\u00a0tener &#8220;en vilo&#8221; a la poblaci\u00f3n y a los agentes econ\u00f3micos sobre qu\u00e9 y cu\u00e1ndo finalmente propondr\u00e1 el gobierno en una postergada y anunciada\u00a0<strong>reforma<\/strong>\u00a0<strong>fiscal<\/strong>\u00a0o tributaria. Coinciden en que, si el gobierno comunica m\u00e1s y mejor el beneficio social que traer\u00eda, se recibir\u00e1 un mayor respaldo de los contribuyentes.<\/p>\n<p style=\"text-align: justify;\">&#8220;Todo el mundo est\u00e1 a la expectativa de qu\u00e9 tipo de\u00a0<strong>reforma<\/strong>\u00a0y cu\u00e1ndo (&#8230;) Eso no ayuda a la misma\u00a0<strong>econom\u00eda<\/strong>. Tienes a los agentes econ\u00f3micos a la expectativa; incluso, tal vez haya inversiones que pudieran hacerse en este momento que est\u00e1n demoradas simplemente por toda la incertidumbre&#8221;, dice\u00a0<strong>Miguel Collado Di Franco<\/strong>, vicepresidente ejecutivo del Centro Regional de Estrategias Econ\u00f3micas Sostenibles (Crees).<\/p>\n<p style=\"text-align: justify;\">Es la segunda vez en la actual gesti\u00f3n perreme\u00edsta que se habla de someter una\u00a0<strong>reforma<\/strong>\u00a0<strong>fiscal<\/strong>. La primera fue en el 2021 y se diluy\u00f3 en medio de la oposici\u00f3n emanada desde la poblaci\u00f3n a\u00a0<strong>propuestas<\/strong>\u00a0que circularon que inclu\u00edan nuevos\u00a0<strong>impuestos<\/strong>. Ahora, someterla parece inminente.<\/p>\n<div id=\"dl_1x1_inread\" style=\"text-align: justify;\"><\/div>\n<div class=\"mb-5 component cita\" style=\"text-align: justify;\"><i>&#8220;Una reforma fiscal tambi\u00e9n es una bajada de impuestos, pero aqu\u00ed eso ya se ha eliminado&#8221;<\/i><span class=\"author\"><strong>Daniel Lacalle<\/strong><\/span><span class=\"status\">Economista espa\u00f1ol<\/span><span class=\"cita-icon\">\u201c<\/span><\/div>\n<p style=\"text-align: justify;\">El espa\u00f1ol\u00a0<strong>Daniel Lacalle<\/strong>, otro de los\u00a0<strong>economistas<\/strong>\u00a0sentados a la mesa, observa que las reformas se deben hacer en \u00e9pocas de\u00a0<strong>crecimiento<\/strong>\u00a0<strong>econ\u00f3mico<\/strong>, como la actual para la Rep\u00fablica Dominicana, cuando se proyecta que en este 2024 la naci\u00f3n retome su\u00a0<strong>crecimiento<\/strong>\u00a0potencial en torno al 5 % del producto interno bruto (PIB). &#8220;Si no, luego vienen las reformas inadecuadas en \u00e9poca de contracci\u00f3n y por obligaci\u00f3n&#8221;, dice el analista.<\/p>\n<p style=\"text-align: justify;\">Durante lo que va del a\u00f1o son variadas las\u00a0<strong>propuestas<\/strong>\u00a0divulgadas de\u00a0<strong>economistas<\/strong>\u00a0y entidades locales e internacionales para que el pa\u00eds las pondere en la anunciada\u00a0<strong>reforma<\/strong>. Algunos coinciden en que debe ser integral, es decir, que genere riqueza y\u00a0<strong>crecimiento<\/strong>, y alcance hasta el \u00e1mbito laboral (que reduzca, por ejemplo, el costo laboral) y el energ\u00e9tico (tal como la privatizaci\u00f3n de las empresas distribuidoras de electricidad). Pero en ese \u00ednterin, puede aparecer el &#8220;hartazgo&#8221;.<\/p>\n<div id=\"detalle-parrafo\" style=\"text-align: justify;\"><\/div>\n<h2 style=\"text-align: justify;\">La fatiga de la\u00a0<strong>reforma<\/strong><\/h2>\n<p style=\"text-align: justify;\"><strong>Edmundo Rivera<\/strong>, economista de ER Capital Partners y el tercero a la mesa, observa que la manera en la que se ha manejado la\u00a0<strong>reforma<\/strong>\u00a0es que con esta se promete que se aumentar\u00e1n las\u00a0<strong>recaudaciones<\/strong>\u00a0y as\u00ed reducir el\u00a0<strong>d\u00e9ficit<\/strong>\u00a0<strong>fiscal<\/strong>\u00a0del Sector P\u00fablico No Financiero, que equivale en este 2024 al 3.1 % del PIB.<\/p>\n<p style=\"text-align: justify;\">&#8220;T\u00fa haces una\u00a0<strong>reforma<\/strong>\u00a0prometiendo que vas a recaudar 3 %, por poner un ejemplo, 4 % del PIB, y despu\u00e9s, al final resulta que nada m\u00e1s recaudas 1.2 o 1.3 %. Ya al tercer a\u00f1o o al cuarto a\u00f1o se est\u00e1 hablando de otra\u00a0<strong>reforma<\/strong>\u00a0de nuevo&#8221;, dice.<\/p>\n<p style=\"text-align: justify;\">En la historia reciente, se aprob\u00f3 en el 2011 la Ley 139-11, en la que se establecen grav\u00e1menes a los juegos de azar, se aumenta de manera temporal la tasa del\u00a0<strong>impuesto<\/strong>\u00a0sobre la\u00a0<strong>renta<\/strong>\u00a0(ISR) de 25 a 29 % y se establece el\u00a0<strong>impuesto<\/strong>\u00a0a los activos financieros productivos netos que aplicaba solamente al sector financiero, que tambi\u00e9n fue un\u00a0<strong>impuesto<\/strong>\u00a0temporal.<\/p>\n<p style=\"text-align: justify;\">Al a\u00f1o siguiente, en el 2012, se realiz\u00f3 una\u00a0<strong>reforma<\/strong>\u00a0mediante la Ley 253-12. En ella se aumenta la tasa del\u00a0<strong>impuesto<\/strong>\u00a0sobre transferencias de bienes industrializados y servicios (Itbis) del 16 a 18 %, se gravan algunos alimentos de consumo masivo como el caf\u00e9, el cacao y el aceite. Asimismo, se establece el\u00a0<strong>impuesto<\/strong>\u00a0sobre los intereses que reciben las personas f\u00edsicas, se limitan las deducciones admitidas por concepto de intereses pagados, se establece el\u00a0<strong>impuesto<\/strong>\u00a0a los dividendos o utilidades distribuidas por las empresas a sus socios y se aumenta la tasa de ISR al 29 %, disminuy\u00e9ndose hasta 27 %, entre otras disposiciones.<\/p>\n<p style=\"text-align: justify;\">Posteriormente, en cada a\u00f1o se introdujeron cambios a leyes\u00a0<strong>tributarias<\/strong>\u00a0dentro de la\u00a0<strong>ley<\/strong>\u00a0de presupuesto, con vigencia de un a\u00f1o.<\/p>\n<h2 style=\"text-align: justify;\">&#8220;La \u00faltima&#8221;<\/h2>\n<p style=\"text-align: justify;\">&#8220;Cada\u00a0<strong>reforma<\/strong>\u00a0que se vio en el pasado siempre se vendi\u00f3 como que era la \u00faltima, la gran\u00a0<strong>reforma<\/strong>, y al final se qued\u00f3 corto&#8221;, dice Rivera. Entiende que, si el gobierno promueve la pr\u00f3xima como una obligaci\u00f3n exigida por organismos internacionales o porque hacen falta recursos para gastos p\u00fablicos en transporte, seguridad, educaci\u00f3n y salud, &#8220;la gente se desencanta&#8221;.<\/p>\n<p style=\"text-align: justify;\">Para Lacalle, la\u00a0<strong>reforma<\/strong>\u00a0<strong>fiscal<\/strong>\u00a0en el pa\u00eds parte de &#8220;un grave h\u00e1ndicap&#8221;: que es una\u00a0<strong>reforma<\/strong>\u00a0<strong>fiscal<\/strong>\u00a0que solamente puede considerar un\u00a0<strong>aumento<\/strong>\u00a0de\u00a0<strong>impuestos<\/strong>. &#8220;Porque\u00a0<strong>reforma<\/strong>\u00a0<strong>fiscal<\/strong>\u00a0tambi\u00e9n es una bajada de\u00a0<strong>impuestos<\/strong>, pero aqu\u00ed eso ya se ha eliminado&#8221;.<\/p>\n<p style=\"text-align: justify;\">Entiende que tambi\u00e9n se debe hablar de gastos y ver una\u00a0<strong>reforma<\/strong>\u00a0<strong>fiscal<\/strong>\u00a0orientada al\u00a0<strong>crecimiento<\/strong>.<\/p>\n<div class=\"my-12 component web-insert relative border bg-component\" style=\"text-align: justify;\"><span class=\"text-xl block my-3 component-title glosa\"><strong>\u00bfLa presi\u00f3n tributaria es baja o no?<\/strong><\/span>An\u00e1lisis e informes econ\u00f3micos sostienen que la Rep\u00fablica Dominicana tiene una baja presi\u00f3n tributaria, que el a\u00f1o pasado fue del 14.5 % respecto al PIB, mientras que el promedio de la regi\u00f3n est\u00e1 en 21.5 %. Pero hay otra \u00f3ptica en el an\u00e1lisis que variar\u00eda esta comparaci\u00f3n.&#8221;En un pa\u00eds en donde hay un 50 % en econom\u00eda informal, no se puede decir que los impuestos son bajos, no se puede decir eso. Es mentir sobre la realidad del pa\u00eds&#8221;, dice Lacalle. A seguidas Rivera agrega: &#8220;S\u00ed, porque lo ponen como porcentaje del PIB, pero hay un componente PIB que no es real&#8221;.Seg\u00fan Rivera, la medici\u00f3n de la carga fiscal de una sociedad se debe medir en horas-hombre. &#8220;\u00bfCu\u00e1ntas horas-hombre t\u00fa dedicas en un a\u00f1o para pagar tus impuestos?&#8221;, pregunta a modo de reflexi\u00f3n.Observa que la econom\u00eda dominicana es de alto costo-transacci\u00f3n y cara. Atribuye la raz\u00f3n a que existe alta fiscalidad.Considera que hay empresas que prefieren la informalidad como un mecanismo para protegerse del sistema, pues el mismo sistema empuja a la informalidad.Una de las claves que menciona es el costo capital, que es &#8220;muy alto&#8221; en el pa\u00eds, comparado con otros. &#8220;Como (la nacional) es una econom\u00eda rentista, se diluye de alguna manera, pero si t\u00fa agarras cualquier sector y lo comparas con la regi\u00f3n, te vas a dar cuenta de que los requerimientos de capital son muy altos, por eso es que hay una informalidad alta&#8221;.Rivera entiende que el objetivo de una reforma eficiente y eficaz no es tanto la contabilidad fiscal. &#8220;Si te quedas con la contabilidad fiscal, entras en el fracaso&#8221;, afirma. &#8220;Lo que t\u00fa tienes que fomentar es el ahorro, el crecimiento, y toda esa informalidad entrarla en la formalidad para la generaci\u00f3n de empleo, de inversiones y, sobre todo, el incremento del salario, pero necesita mucha comunicaci\u00f3n y estar claro&#8221;, dice.A su lado, Lacalle sentencia: &#8220;Ninguna consolidaci\u00f3n fiscal v\u00eda ingresos ha funcionado, jam\u00e1s&#8221;. Asegura que ning\u00fan gobierno -y tampoco el de la Rep\u00fablica Dominicana- tiene presupuesto con base cero. &#8220;Por lo tanto, el arrastre del d\u00e9ficit del a\u00f1o anterior, m\u00e1s el aumento de gasto de una regla fiscal -que no es una regla fiscal, sino un cheque en blanco para gastar- lo que est\u00e1 generando es un problema fiscal y a la vez monetario&#8221;.<\/p>\n<\/div>\n<\/div>\n<div class=\"border-b-2 pb-3 byline text-lg\" style=\"text-align: justify;\">\n<address class=\"author not-italic inline mr-2 block\">\u00a0<\/address>\n<\/div>\n<div class=\"pvc_clear\"><\/div>\n<p class=\"pvc_stats all \" data-element-id=\"26263\" style=\"\"><i class=\"pvc-stats-icon medium\" aria-hidden=\"true\"><svg aria-hidden=\"true\" focusable=\"false\" data-prefix=\"far\" data-icon=\"chart-bar\" role=\"img\" xmlns=\"http:\/\/www.w3.org\/2000\/svg\" viewBox=\"0 0 512 512\" class=\"svg-inline--fa fa-chart-bar fa-w-16 fa-2x\"><path fill=\"currentColor\" d=\"M396.8 352h22.4c6.4 0 12.8-6.4 12.8-12.8V108.8c0-6.4-6.4-12.8-12.8-12.8h-22.4c-6.4 0-12.8 6.4-12.8 12.8v230.4c0 6.4 6.4 12.8 12.8 12.8zm-192 0h22.4c6.4 0 12.8-6.4 12.8-12.8V140.8c0-6.4-6.4-12.8-12.8-12.8h-22.4c-6.4 0-12.8 6.4-12.8 12.8v198.4c0 6.4 6.4 12.8 12.8 12.8zm96 0h22.4c6.4 0 12.8-6.4 12.8-12.8V204.8c0-6.4-6.4-12.8-12.8-12.8h-22.4c-6.4 0-12.8 6.4-12.8 12.8v134.4c0 6.4 6.4 12.8 12.8 12.8zM496 400H48V80c0-8.84-7.16-16-16-16H16C7.16 64 0 71.16 0 80v336c0 17.67 14.33 32 32 32h464c8.84 0 16-7.16 16-16v-16c0-8.84-7.16-16-16-16zm-387.2-48h22.4c6.4 0 12.8-6.4 12.8-12.8v-70.4c0-6.4-6.4-12.8-12.8-12.8h-22.4c-6.4 0-12.8 6.4-12.8 12.8v70.4c0 6.4 6.4 12.8 12.8 12.8z\" class=\"\"><\/path><\/svg><\/i> Vistas Totales&nbsp;1,159&nbsp;, Vistas Hoy&nbsp;4&nbsp;<\/p>\n<div class=\"pvc_clear\"><\/div>\n","protected":false},"excerpt":{"rendered":"<p>Autor: Mariela Mej\u00eda Fecha: 8 de julio de 2024 Extra\u00eddo de: Diario Libre En un contexto en el que se espera el sometimiento de una postergada reforma fiscal, Diario Libre convers\u00f3 sobre las perspectivas de esta medida con tres expertos Tres\u00a0economistas\u00a0est\u00e1n sentados a la mesa con muchas reflexiones sobre c\u00f3mo manejar las finanzas p\u00fablicas. Uno&#8230;<\/p>\n<div class=\"pvc_clear\"><\/div>\n<p class=\"pvc_stats all \" data-element-id=\"26263\" style=\"\"><i class=\"pvc-stats-icon medium\" aria-hidden=\"true\"><svg aria-hidden=\"true\" focusable=\"false\" data-prefix=\"far\" data-icon=\"chart-bar\" role=\"img\" xmlns=\"http:\/\/www.w3.org\/2000\/svg\" viewBox=\"0 0 512 512\" class=\"svg-inline--fa fa-chart-bar fa-w-16 fa-2x\"><path fill=\"currentColor\" d=\"M396.8 352h22.4c6.4 0 12.8-6.4 12.8-12.8V108.8c0-6.4-6.4-12.8-12.8-12.8h-22.4c-6.4 0-12.8 6.4-12.8 12.8v230.4c0 6.4 6.4 12.8 12.8 12.8zm-192 0h22.4c6.4 0 12.8-6.4 12.8-12.8V140.8c0-6.4-6.4-12.8-12.8-12.8h-22.4c-6.4 0-12.8 6.4-12.8 12.8v198.4c0 6.4 6.4 12.8 12.8 12.8zm96 0h22.4c6.4 0 12.8-6.4 12.8-12.8V204.8c0-6.4-6.4-12.8-12.8-12.8h-22.4c-6.4 0-12.8 6.4-12.8 12.8v134.4c0 6.4 6.4 12.8 12.8 12.8zM496 400H48V80c0-8.84-7.16-16-16-16H16C7.16 64 0 71.16 0 80v336c0 17.67 14.33 32 32 32h464c8.84 0 16-7.16 16-16v-16c0-8.84-7.16-16-16-16zm-387.2-48h22.4c6.4 0 12.8-6.4 12.8-12.8v-70.4c0-6.4-6.4-12.8-12.8-12.8h-22.4c-6.4 0-12.8 6.4-12.8 12.8v70.4c0 6.4 6.4 12.8 12.8 12.8z\" class=\"\"><\/path><\/svg><\/i> Vistas Totales&nbsp;1,159&nbsp;, Vistas Hoy&nbsp;4&nbsp;<\/p>\n<div class=\"pvc_clear\"><\/div>\n","protected":false},"author":2,"featured_media":26264,"comment_status":"closed","ping_status":"closed","sticky":false,"template":"","format":"standard","meta":{"footnotes":""},"categories":[19],"tags":[],"class_list":["post-26263","post","type-post","status-publish","format-standard","has-post-thumbnail","hentry","category-actualidad"],"yoast_head":"<!-- This site is optimized with the Yoast SEO plugin v25.2 - https:\/\/yoast.com\/wordpress\/plugins\/seo\/ -->\n<title>Miguel Collado Di Franco: &quot;Cada reforma en el pasado siempre se vendi\u00f3 como que era la \u00faltima&quot; | CREES<\/title>\n<meta name=\"robots\" content=\"index, follow, max-snippet:-1, max-image-preview:large, max-video-preview:-1\" \/>\n<link rel=\"canonical\" href=\"https:\/\/crees.org.do\/?p=26263\" \/>\n<meta property=\"og:locale\" content=\"es_ES\" \/>\n<meta property=\"og:type\" content=\"article\" \/>\n<meta property=\"og:title\" content=\"Miguel Collado Di Franco: &quot;Cada reforma en el pasado siempre se vendi\u00f3 como que era la \u00faltima&quot; | CREES\" \/>\n<meta property=\"og:description\" content=\"Autor: Mariela Mej\u00eda Fecha: 8 de julio de 2024 Extra\u00eddo de: Diario Libre En un contexto en el que se espera el sometimiento de una postergada reforma fiscal, Diario Libre convers\u00f3 sobre las perspectivas de esta medida con tres expertos Tres\u00a0economistas\u00a0est\u00e1n sentados a la mesa con muchas reflexiones sobre c\u00f3mo manejar las finanzas p\u00fablicas. Uno...\" \/>\n<meta property=\"og:url\" content=\"https:\/\/crees.org.do\/?p=26263\" \/>\n<meta property=\"og:site_name\" content=\"CREES\" \/>\n<meta property=\"article:publisher\" content=\"https:\/\/www.facebook.com\/CREESRD\/\" \/>\n<meta property=\"article:published_time\" content=\"2024-07-12T16:15:11+00:00\" \/>\n<meta property=\"og:image\" content=\"https:\/\/crees.org.do\/wp-content\/uploads\/2024\/07\/imagen-whatsapp-image-2024-07-05-at-4.45.23-pm-focus-0-0-896-504.jpg\" \/>\n\t<meta property=\"og:image:width\" content=\"896\" \/>\n\t<meta property=\"og:image:height\" content=\"504\" \/>\n\t<meta property=\"og:image:type\" content=\"image\/jpeg\" \/>\n<meta name=\"author\" content=\"Crees\" \/>\n<meta name=\"twitter:card\" content=\"summary_large_image\" \/>\n<meta name=\"twitter:creator\" content=\"@CREESRD\" \/>\n<meta name=\"twitter:site\" content=\"@CREESRD\" \/>\n<meta name=\"twitter:label1\" content=\"Escrito por\" \/>\n\t<meta name=\"twitter:data1\" content=\"Crees\" \/>\n\t<meta name=\"twitter:label2\" content=\"Tiempo de lectura\" \/>\n\t<meta name=\"twitter:data2\" content=\"6 minutos\" \/>\n<script type=\"application\/ld+json\" class=\"yoast-schema-graph\">{\"@context\":\"https:\/\/schema.org\",\"@graph\":[{\"@type\":\"Article\",\"@id\":\"https:\/\/crees.org.do\/?p=26263#article\",\"isPartOf\":{\"@id\":\"https:\/\/crees.org.do\/?p=26263\"},\"author\":{\"name\":\"Crees\",\"@id\":\"https:\/\/crees.org.do\/#\/schema\/person\/e7f97cd94d7bf9cd0e0ce30acb7d56b8\"},\"headline\":\"Miguel Collado Di Franco: &#8220;Cada reforma en el pasado siempre se vendi\u00f3 como que era la \u00faltima&#8221;\",\"datePublished\":\"2024-07-12T16:15:11+00:00\",\"mainEntityOfPage\":{\"@id\":\"https:\/\/crees.org.do\/?p=26263\"},\"wordCount\":1282,\"publisher\":{\"@id\":\"https:\/\/crees.org.do\/#organization\"},\"image\":{\"@id\":\"https:\/\/crees.org.do\/?p=26263#primaryimage\"},\"thumbnailUrl\":\"https:\/\/crees.org.do\/wp-content\/uploads\/2024\/07\/imagen-whatsapp-image-2024-07-05-at-4.45.23-pm-focus-0-0-896-504.jpg\",\"articleSection\":[\"Actualidad\"],\"inLanguage\":\"es\"},{\"@type\":\"WebPage\",\"@id\":\"https:\/\/crees.org.do\/?p=26263\",\"url\":\"https:\/\/crees.org.do\/?p=26263\",\"name\":\"Miguel Collado Di Franco: \\\"Cada reforma en el pasado siempre se vendi\u00f3 como que era la \u00faltima\\\" | CREES\",\"isPartOf\":{\"@id\":\"https:\/\/crees.org.do\/#website\"},\"primaryImageOfPage\":{\"@id\":\"https:\/\/crees.org.do\/?p=26263#primaryimage\"},\"image\":{\"@id\":\"https:\/\/crees.org.do\/?p=26263#primaryimage\"},\"thumbnailUrl\":\"https:\/\/crees.org.do\/wp-content\/uploads\/2024\/07\/imagen-whatsapp-image-2024-07-05-at-4.45.23-pm-focus-0-0-896-504.jpg\",\"datePublished\":\"2024-07-12T16:15:11+00:00\",\"breadcrumb\":{\"@id\":\"https:\/\/crees.org.do\/?p=26263#breadcrumb\"},\"inLanguage\":\"es\",\"potentialAction\":[{\"@type\":\"ReadAction\",\"target\":[\"https:\/\/crees.org.do\/?p=26263\"]}]},{\"@type\":\"ImageObject\",\"inLanguage\":\"es\",\"@id\":\"https:\/\/crees.org.do\/?p=26263#primaryimage\",\"url\":\"https:\/\/crees.org.do\/wp-content\/uploads\/2024\/07\/imagen-whatsapp-image-2024-07-05-at-4.45.23-pm-focus-0-0-896-504.jpg\",\"contentUrl\":\"https:\/\/crees.org.do\/wp-content\/uploads\/2024\/07\/imagen-whatsapp-image-2024-07-05-at-4.45.23-pm-focus-0-0-896-504.jpg\",\"width\":896,\"height\":504},{\"@type\":\"BreadcrumbList\",\"@id\":\"https:\/\/crees.org.do\/?p=26263#breadcrumb\",\"itemListElement\":[{\"@type\":\"ListItem\",\"position\":1,\"name\":\"Portada\",\"item\":\"https:\/\/crees.org.do\/\"},{\"@type\":\"ListItem\",\"position\":2,\"name\":\"Miguel Collado Di Franco: &#8220;Cada reforma en el pasado siempre se vendi\u00f3 como que era la \u00faltima&#8221;\"}]},{\"@type\":\"WebSite\",\"@id\":\"https:\/\/crees.org.do\/#website\",\"url\":\"https:\/\/crees.org.do\/\",\"name\":\"CREES\",\"description\":\"Centro Regional de Estrategias Econ\u00f3micas Sostenibles\",\"publisher\":{\"@id\":\"https:\/\/crees.org.do\/#organization\"},\"potentialAction\":[{\"@type\":\"SearchAction\",\"target\":{\"@type\":\"EntryPoint\",\"urlTemplate\":\"https:\/\/crees.org.do\/?s={search_term_string}\"},\"query-input\":{\"@type\":\"PropertyValueSpecification\",\"valueRequired\":true,\"valueName\":\"search_term_string\"}}],\"inLanguage\":\"es\"},{\"@type\":\"Organization\",\"@id\":\"https:\/\/crees.org.do\/#organization\",\"name\":\"CREES | Centro Regional de Estrategias Econ\u00f3micas Sostenibles\",\"url\":\"https:\/\/crees.org.do\/\",\"logo\":{\"@type\":\"ImageObject\",\"inLanguage\":\"es\",\"@id\":\"https:\/\/crees.org.do\/#\/schema\/logo\/image\/\",\"url\":\"https:\/\/crees.org.do\/wp-content\/uploads\/2022\/03\/crees-logo-1.jpg\",\"contentUrl\":\"https:\/\/crees.org.do\/wp-content\/uploads\/2022\/03\/crees-logo-1.jpg\",\"width\":244,\"height\":71,\"caption\":\"CREES | Centro Regional de Estrategias Econ\u00f3micas Sostenibles\"},\"image\":{\"@id\":\"https:\/\/crees.org.do\/#\/schema\/logo\/image\/\"},\"sameAs\":[\"https:\/\/www.facebook.com\/CREESRD\/\",\"https:\/\/x.com\/CREESRD\"]},{\"@type\":\"Person\",\"@id\":\"https:\/\/crees.org.do\/#\/schema\/person\/e7f97cd94d7bf9cd0e0ce30acb7d56b8\",\"name\":\"Crees\",\"image\":{\"@type\":\"ImageObject\",\"inLanguage\":\"es\",\"@id\":\"https:\/\/crees.org.do\/#\/schema\/person\/image\/\",\"url\":\"https:\/\/secure.gravatar.com\/avatar\/390ac8f0be5d9aa046152553e2dd7011b59a512d89c150f5e5f28bb8d9a0b165?s=96&d=mm&r=g\",\"contentUrl\":\"https:\/\/secure.gravatar.com\/avatar\/390ac8f0be5d9aa046152553e2dd7011b59a512d89c150f5e5f28bb8d9a0b165?s=96&d=mm&r=g\",\"caption\":\"Crees\"},\"url\":\"https:\/\/crees.org.do\/?author=2\"}]}<\/script>\n<!-- \/ Yoast SEO plugin. -->","yoast_head_json":{"title":"Miguel Collado Di Franco: \"Cada reforma en el pasado siempre se vendi\u00f3 como que era la \u00faltima\" | CREES","robots":{"index":"index","follow":"follow","max-snippet":"max-snippet:-1","max-image-preview":"max-image-preview:large","max-video-preview":"max-video-preview:-1"},"canonical":"https:\/\/crees.org.do\/?p=26263","og_locale":"es_ES","og_type":"article","og_title":"Miguel Collado Di Franco: \"Cada reforma en el pasado siempre se vendi\u00f3 como que era la \u00faltima\" | CREES","og_description":"Autor: Mariela Mej\u00eda Fecha: 8 de julio de 2024 Extra\u00eddo de: Diario Libre En un contexto en el que se espera el sometimiento de una postergada reforma fiscal, Diario Libre convers\u00f3 sobre las perspectivas de esta medida con tres expertos Tres\u00a0economistas\u00a0est\u00e1n sentados a la mesa con muchas reflexiones sobre c\u00f3mo manejar las finanzas p\u00fablicas. Uno...","og_url":"https:\/\/crees.org.do\/?p=26263","og_site_name":"CREES","article_publisher":"https:\/\/www.facebook.com\/CREESRD\/","article_published_time":"2024-07-12T16:15:11+00:00","og_image":[{"width":896,"height":504,"url":"https:\/\/crees.org.do\/wp-content\/uploads\/2024\/07\/imagen-whatsapp-image-2024-07-05-at-4.45.23-pm-focus-0-0-896-504.jpg","type":"image\/jpeg"}],"author":"Crees","twitter_card":"summary_large_image","twitter_creator":"@CREESRD","twitter_site":"@CREESRD","twitter_misc":{"Escrito por":"Crees","Tiempo de lectura":"6 minutos"},"schema":{"@context":"https:\/\/schema.org","@graph":[{"@type":"Article","@id":"https:\/\/crees.org.do\/?p=26263#article","isPartOf":{"@id":"https:\/\/crees.org.do\/?p=26263"},"author":{"name":"Crees","@id":"https:\/\/crees.org.do\/#\/schema\/person\/e7f97cd94d7bf9cd0e0ce30acb7d56b8"},"headline":"Miguel Collado Di Franco: &#8220;Cada reforma en el pasado siempre se vendi\u00f3 como que era la \u00faltima&#8221;","datePublished":"2024-07-12T16:15:11+00:00","mainEntityOfPage":{"@id":"https:\/\/crees.org.do\/?p=26263"},"wordCount":1282,"publisher":{"@id":"https:\/\/crees.org.do\/#organization"},"image":{"@id":"https:\/\/crees.org.do\/?p=26263#primaryimage"},"thumbnailUrl":"https:\/\/crees.org.do\/wp-content\/uploads\/2024\/07\/imagen-whatsapp-image-2024-07-05-at-4.45.23-pm-focus-0-0-896-504.jpg","articleSection":["Actualidad"],"inLanguage":"es"},{"@type":"WebPage","@id":"https:\/\/crees.org.do\/?p=26263","url":"https:\/\/crees.org.do\/?p=26263","name":"Miguel Collado Di Franco: \"Cada reforma en el pasado siempre se vendi\u00f3 como que era la \u00faltima\" | CREES","isPartOf":{"@id":"https:\/\/crees.org.do\/#website"},"primaryImageOfPage":{"@id":"https:\/\/crees.org.do\/?p=26263#primaryimage"},"image":{"@id":"https:\/\/crees.org.do\/?p=26263#primaryimage"},"thumbnailUrl":"https:\/\/crees.org.do\/wp-content\/uploads\/2024\/07\/imagen-whatsapp-image-2024-07-05-at-4.45.23-pm-focus-0-0-896-504.jpg","datePublished":"2024-07-12T16:15:11+00:00","breadcrumb":{"@id":"https:\/\/crees.org.do\/?p=26263#breadcrumb"},"inLanguage":"es","potentialAction":[{"@type":"ReadAction","target":["https:\/\/crees.org.do\/?p=26263"]}]},{"@type":"ImageObject","inLanguage":"es","@id":"https:\/\/crees.org.do\/?p=26263#primaryimage","url":"https:\/\/crees.org.do\/wp-content\/uploads\/2024\/07\/imagen-whatsapp-image-2024-07-05-at-4.45.23-pm-focus-0-0-896-504.jpg","contentUrl":"https:\/\/crees.org.do\/wp-content\/uploads\/2024\/07\/imagen-whatsapp-image-2024-07-05-at-4.45.23-pm-focus-0-0-896-504.jpg","width":896,"height":504},{"@type":"BreadcrumbList","@id":"https:\/\/crees.org.do\/?p=26263#breadcrumb","itemListElement":[{"@type":"ListItem","position":1,"name":"Portada","item":"https:\/\/crees.org.do\/"},{"@type":"ListItem","position":2,"name":"Miguel Collado Di Franco: &#8220;Cada reforma en el pasado siempre se vendi\u00f3 como que era la \u00faltima&#8221;"}]},{"@type":"WebSite","@id":"https:\/\/crees.org.do\/#website","url":"https:\/\/crees.org.do\/","name":"CREES","description":"Centro Regional de Estrategias Econ\u00f3micas Sostenibles","publisher":{"@id":"https:\/\/crees.org.do\/#organization"},"potentialAction":[{"@type":"SearchAction","target":{"@type":"EntryPoint","urlTemplate":"https:\/\/crees.org.do\/?s={search_term_string}"},"query-input":{"@type":"PropertyValueSpecification","valueRequired":true,"valueName":"search_term_string"}}],"inLanguage":"es"},{"@type":"Organization","@id":"https:\/\/crees.org.do\/#organization","name":"CREES | Centro Regional de Estrategias Econ\u00f3micas Sostenibles","url":"https:\/\/crees.org.do\/","logo":{"@type":"ImageObject","inLanguage":"es","@id":"https:\/\/crees.org.do\/#\/schema\/logo\/image\/","url":"https:\/\/crees.org.do\/wp-content\/uploads\/2022\/03\/crees-logo-1.jpg","contentUrl":"https:\/\/crees.org.do\/wp-content\/uploads\/2022\/03\/crees-logo-1.jpg","width":244,"height":71,"caption":"CREES | Centro Regional de Estrategias Econ\u00f3micas Sostenibles"},"image":{"@id":"https:\/\/crees.org.do\/#\/schema\/logo\/image\/"},"sameAs":["https:\/\/www.facebook.com\/CREESRD\/","https:\/\/x.com\/CREESRD"]},{"@type":"Person","@id":"https:\/\/crees.org.do\/#\/schema\/person\/e7f97cd94d7bf9cd0e0ce30acb7d56b8","name":"Crees","image":{"@type":"ImageObject","inLanguage":"es","@id":"https:\/\/crees.org.do\/#\/schema\/person\/image\/","url":"https:\/\/secure.gravatar.com\/avatar\/390ac8f0be5d9aa046152553e2dd7011b59a512d89c150f5e5f28bb8d9a0b165?s=96&d=mm&r=g","contentUrl":"https:\/\/secure.gravatar.com\/avatar\/390ac8f0be5d9aa046152553e2dd7011b59a512d89c150f5e5f28bb8d9a0b165?s=96&d=mm&r=g","caption":"Crees"},"url":"https:\/\/crees.org.do\/?author=2"}]}},"_links":{"self":[{"href":"https:\/\/crees.org.do\/index.php?rest_route=\/wp\/v2\/posts\/26263","targetHints":{"allow":["GET"]}}],"collection":[{"href":"https:\/\/crees.org.do\/index.php?rest_route=\/wp\/v2\/posts"}],"about":[{"href":"https:\/\/crees.org.do\/index.php?rest_route=\/wp\/v2\/types\/post"}],"author":[{"embeddable":true,"href":"https:\/\/crees.org.do\/index.php?rest_route=\/wp\/v2\/users\/2"}],"replies":[{"embeddable":true,"href":"https:\/\/crees.org.do\/index.php?rest_route=%2Fwp%2Fv2%2Fcomments&post=26263"}],"version-history":[{"count":1,"href":"https:\/\/crees.org.do\/index.php?rest_route=\/wp\/v2\/posts\/26263\/revisions"}],"predecessor-version":[{"id":26265,"href":"https:\/\/crees.org.do\/index.php?rest_route=\/wp\/v2\/posts\/26263\/revisions\/26265"}],"wp:featuredmedia":[{"embeddable":true,"href":"https:\/\/crees.org.do\/index.php?rest_route=\/wp\/v2\/media\/26264"}],"wp:attachment":[{"href":"https:\/\/crees.org.do\/index.php?rest_route=%2Fwp%2Fv2%2Fmedia&parent=26263"}],"wp:term":[{"taxonomy":"category","embeddable":true,"href":"https:\/\/crees.org.do\/index.php?rest_route=%2Fwp%2Fv2%2Fcategories&post=26263"},{"taxonomy":"post_tag","embeddable":true,"href":"https:\/\/crees.org.do\/index.php?rest_route=%2Fwp%2Fv2%2Ftags&post=26263"}],"curies":[{"name":"wp","href":"https:\/\/api.w.org\/{rel}","templated":true}]}}