{"id":26266,"date":"2024-07-12T16:23:07","date_gmt":"2024-07-12T16:23:07","guid":{"rendered":"https:\/\/crees.org.do\/?p=26266"},"modified":"2024-07-12T16:23:07","modified_gmt":"2024-07-12T16:23:07","slug":"daniel-lacalle-la-gigantesca-deuda-que-tiene-el-banco-central-es-una-bomba-de-relojeria","status":"publish","type":"post","link":"https:\/\/crees.org.do\/?p=26266","title":{"rendered":"Daniel Lacalle: &#8220;La gigantesca deuda que tiene el Banco Central es una bomba de relojer\u00eda&#8221;"},"content":{"rendered":"<p>Autor: Mariela Mej\u00eda<\/p>\n<p>Fecha: 8 de julio de 2024<\/p>\n<p>Extra\u00eddo de:\u00a0<a href=\"https:\/\/www.diariolibre.com\/actualidad\/dialogo-libre\/2024\/07\/07\/la-deuda-que-tiene-el-banco-central-y-la-reforma-fiscal\/2779432\">Diario Libre<\/a><\/p>\n<h3>El doctor en econom\u00eda Daniel Lacalle convers\u00f3 con Diario Libre sobre la econom\u00eda dominicana<\/h3>\n<p style=\"text-align: justify;\">El\u00a0<strong>economista<\/strong>\u00a0espa\u00f1ol\u00a0<strong>Daniel Lacalle<\/strong>\u00a0destaca la ventaja competitiva que tiene la\u00a0<strong>Rep\u00fablica Dominicana<\/strong>\u00a0respecto al resto de las econom\u00edas latinoamericanas con moneda propia, influyendo en esto la alta recepci\u00f3n de remesas y la revalorizaci\u00f3n del d\u00f3lar con respecto al resto de las monedas con las que el pa\u00eds comercia.<\/p>\n<p style=\"text-align: justify;\">Pero el experimentado analista financiero observa que esto &#8220;est\u00e1 diluyendo relativamente el\u00a0<strong>agujero<\/strong>\u00a0monetario que tiene el\u00a0<strong>Banco Central<\/strong>&#8220;. &#8220;La gigantesca\u00a0<strong>deuda<\/strong>\u00a0remunerada que tiene el\u00a0<strong>Banco Central<\/strong>\u00a0es una bomba de relojer\u00eda que salta siempre&#8221;, enfatiza.<\/p>\n<p style=\"text-align: justify;\">Observa que el debate en la\u00a0<strong>Rep\u00fablica Dominicana<\/strong>\u00a0se ha centrado en una\u00a0<strong>reforma<\/strong>\u00a0<strong>fiscal<\/strong>\u00a0en la que el d\u00e9ficit del Estado no solamente no se controla, sino que, adem\u00e1s, se incentiva. &#8220;Y, adem\u00e1s, tanto por la regla de gasto como por la idea de que se solventa el d\u00e9ficit v\u00eda ingresos. Y, por el otro lado, el\u00a0<strong>Banco Central<\/strong>\u00a0tiene una bomba de relojer\u00eda puesta en el activo que son los bonos remunerados, que son inflaci\u00f3n a futuro&#8221;.<\/p>\n<div class=\"my-12 component cifra relative border bg-component\" style=\"text-align: justify;\">\n<h2 class=\"relative block mb-3\"><span class=\"float-left mr-2 cifra-number glosa\">15.1 % <\/span>Porcentaje al que equivale del PIB la deuda interna con el Banco Central a marzo del 2024.<\/h2>\n<p>La\u00a0<strong>deuda<\/strong>\u00a0externa del\u00a0<strong>Banco Central<\/strong>\u00a0ascend\u00eda a 1,086.8 millones de pesos en marzo del 2024, seg\u00fan reporta el Ministerio de Hacienda. En tanto, la interna con dicho banco ascend\u00eda a 18,652.3 millones de pesos, equivalentes al 15.1 % del PIB.<\/p>\n<p>Lacalle es un\u00a0<strong>gestor<\/strong>\u00a0de\u00a0<strong>inversiones<\/strong>\u00a0y ha sido profesor de econom\u00eda. Estuvo en el pa\u00eds participando en un panel sobre las perspectivas de la econom\u00eda internacional, organizado por el Centro Regional de Estrategias Econ\u00f3micas Sostenibles (Crees). Al otro d\u00eda de celebrarse ese evento, visit\u00f3 Diario Libre. A este medio se\u00f1ala que el pa\u00eds busca una\u00a0<strong>reforma<\/strong>\u00a0que &#8220;supuestamente va a solucionar los problemas fiscales, pero no soluciona los problemas fiscales porque est\u00e1 basada en aumentar unos ingresos que siempre van a ser c\u00edclicos&#8221;.<\/p>\n<div id=\"detalle-parrafo\"><\/div>\n<h2>Le preocupa el\u00a0<strong>c\u00e1lculo<\/strong><\/h2>\n<p>En su conversaci\u00f3n con Diario Libre, Lacalle se\u00f1ala algo que le preocupa del debate que se mantiene en la opini\u00f3n p\u00fablica sobre la eventual\u00a0<strong>reforma<\/strong>\u00a0<strong>fiscal<\/strong>: &#8220;que se ignore el\u00a0<strong>c\u00e1lculo<\/strong>\u00a0<strong>econ\u00f3mico<\/strong>&#8220;. &#8220;Cuando se parte de entrada de que el gasto es inamovible y, adem\u00e1s, en t\u00e9rminos reales tiene que subir un 3 % anual, y se ignora el hecho emp\u00edrico de que los ingresos son c\u00edclicos, tienes ya generado el problema monetario y\u00a0<strong>fiscal<\/strong>\u00a0de los pr\u00f3ximos cinco a\u00f1os, nada m\u00e1s&#8221;.<\/p>\n<p>Insiste en que las\u00a0<strong>reformas<\/strong>\u00a0&#8220;m\u00e1s exitosas y menos dolorosas&#8221; se toman en \u00e9poca de crecimiento. &#8220;Ni siquiera hace falta una crisis. Con que la econom\u00eda dominicana pase de crecer del 4 % al 2, que es crecimiento est\u00e1ndar de la regi\u00f3n, es un\u00a0<strong>agujero<\/strong>\u00a0todav\u00eda mayor&#8221;, dice.<\/p>\n<p>Agrega que, si se le pone &#8220;el\u00a0<strong>agujero<\/strong>\u00a0en el\u00a0<strong>Banco Central<\/strong>\u00a0del 20 % del PIB, el\u00a0<strong>agujero<\/strong>\u00a0<strong>fiscal<\/strong>\u00a0en el 5 % del PIB&#8221;, entonces hay que aprovechar que el pa\u00eds tiene &#8220;herramientas bien pensadas y bien analizadas&#8221;, antes de que &#8220;aparezca alguien del Fondo Monetario Internacional y diga: \u00b4\u00bfcu\u00e1les son las tres partidas m\u00e1s grandes? Esta, esta y esta, un 50 % menos, y se vaya&#8221;.<\/p>\n<\/div>\n<p>&nbsp;<\/p>\n<div class=\"pvc_clear\"><\/div>\n<p class=\"pvc_stats all \" data-element-id=\"26266\" style=\"\"><i class=\"pvc-stats-icon medium\" aria-hidden=\"true\"><svg aria-hidden=\"true\" focusable=\"false\" data-prefix=\"far\" data-icon=\"chart-bar\" role=\"img\" xmlns=\"http:\/\/www.w3.org\/2000\/svg\" viewBox=\"0 0 512 512\" class=\"svg-inline--fa fa-chart-bar fa-w-16 fa-2x\"><path fill=\"currentColor\" d=\"M396.8 352h22.4c6.4 0 12.8-6.4 12.8-12.8V108.8c0-6.4-6.4-12.8-12.8-12.8h-22.4c-6.4 0-12.8 6.4-12.8 12.8v230.4c0 6.4 6.4 12.8 12.8 12.8zm-192 0h22.4c6.4 0 12.8-6.4 12.8-12.8V140.8c0-6.4-6.4-12.8-12.8-12.8h-22.4c-6.4 0-12.8 6.4-12.8 12.8v198.4c0 6.4 6.4 12.8 12.8 12.8zm96 0h22.4c6.4 0 12.8-6.4 12.8-12.8V204.8c0-6.4-6.4-12.8-12.8-12.8h-22.4c-6.4 0-12.8 6.4-12.8 12.8v134.4c0 6.4 6.4 12.8 12.8 12.8zM496 400H48V80c0-8.84-7.16-16-16-16H16C7.16 64 0 71.16 0 80v336c0 17.67 14.33 32 32 32h464c8.84 0 16-7.16 16-16v-16c0-8.84-7.16-16-16-16zm-387.2-48h22.4c6.4 0 12.8-6.4 12.8-12.8v-70.4c0-6.4-6.4-12.8-12.8-12.8h-22.4c-6.4 0-12.8 6.4-12.8 12.8v70.4c0 6.4 6.4 12.8 12.8 12.8z\" class=\"\"><\/path><\/svg><\/i> Vistas Totales&nbsp;1,760&nbsp;, Vistas Hoy&nbsp;4&nbsp;<\/p>\n<div class=\"pvc_clear\"><\/div>\n","protected":false},"excerpt":{"rendered":"<p>Autor: Mariela Mej\u00eda Fecha: 8 de julio de 2024 Extra\u00eddo de:\u00a0Diario Libre El doctor en econom\u00eda Daniel Lacalle convers\u00f3 con Diario Libre sobre la econom\u00eda dominicana El\u00a0economista\u00a0espa\u00f1ol\u00a0Daniel Lacalle\u00a0destaca la ventaja competitiva que tiene la\u00a0Rep\u00fablica Dominicana\u00a0respecto al resto de las econom\u00edas latinoamericanas con moneda propia, influyendo en esto la alta recepci\u00f3n de remesas y la revalorizaci\u00f3n&#8230;<\/p>\n<div class=\"pvc_clear\"><\/div>\n<p class=\"pvc_stats all \" data-element-id=\"26266\" style=\"\"><i class=\"pvc-stats-icon medium\" aria-hidden=\"true\"><svg aria-hidden=\"true\" focusable=\"false\" data-prefix=\"far\" data-icon=\"chart-bar\" role=\"img\" xmlns=\"http:\/\/www.w3.org\/2000\/svg\" viewBox=\"0 0 512 512\" class=\"svg-inline--fa fa-chart-bar fa-w-16 fa-2x\"><path fill=\"currentColor\" d=\"M396.8 352h22.4c6.4 0 12.8-6.4 12.8-12.8V108.8c0-6.4-6.4-12.8-12.8-12.8h-22.4c-6.4 0-12.8 6.4-12.8 12.8v230.4c0 6.4 6.4 12.8 12.8 12.8zm-192 0h22.4c6.4 0 12.8-6.4 12.8-12.8V140.8c0-6.4-6.4-12.8-12.8-12.8h-22.4c-6.4 0-12.8 6.4-12.8 12.8v198.4c0 6.4 6.4 12.8 12.8 12.8zm96 0h22.4c6.4 0 12.8-6.4 12.8-12.8V204.8c0-6.4-6.4-12.8-12.8-12.8h-22.4c-6.4 0-12.8 6.4-12.8 12.8v134.4c0 6.4 6.4 12.8 12.8 12.8zM496 400H48V80c0-8.84-7.16-16-16-16H16C7.16 64 0 71.16 0 80v336c0 17.67 14.33 32 32 32h464c8.84 0 16-7.16 16-16v-16c0-8.84-7.16-16-16-16zm-387.2-48h22.4c6.4 0 12.8-6.4 12.8-12.8v-70.4c0-6.4-6.4-12.8-12.8-12.8h-22.4c-6.4 0-12.8 6.4-12.8 12.8v70.4c0 6.4 6.4 12.8 12.8 12.8z\" class=\"\"><\/path><\/svg><\/i> Vistas Totales&nbsp;1,760&nbsp;, Vistas Hoy&nbsp;4&nbsp;<\/p>\n<div class=\"pvc_clear\"><\/div>\n","protected":false},"author":2,"featured_media":26267,"comment_status":"closed","ping_status":"closed","sticky":false,"template":"","format":"standard","meta":{"footnotes":""},"categories":[19],"tags":[],"class_list":["post-26266","post","type-post","status-publish","format-standard","has-post-thumbnail","hentry","category-actualidad"],"yoast_head":"<!-- This site is optimized with the Yoast SEO plugin v25.2 - https:\/\/yoast.com\/wordpress\/plugins\/seo\/ -->\n<title>Daniel Lacalle: &quot;La gigantesca deuda que tiene el Banco Central es una bomba de relojer\u00eda&quot; | CREES<\/title>\n<meta name=\"robots\" content=\"index, follow, max-snippet:-1, max-image-preview:large, max-video-preview:-1\" \/>\n<link rel=\"canonical\" href=\"https:\/\/crees.org.do\/?p=26266\" \/>\n<meta property=\"og:locale\" content=\"es_ES\" \/>\n<meta property=\"og:type\" content=\"article\" \/>\n<meta property=\"og:title\" content=\"Daniel Lacalle: &quot;La gigantesca deuda que tiene el Banco Central es una bomba de relojer\u00eda&quot; | CREES\" \/>\n<meta property=\"og:description\" content=\"Autor: Mariela Mej\u00eda Fecha: 8 de julio de 2024 Extra\u00eddo de:\u00a0Diario Libre El doctor en econom\u00eda Daniel Lacalle convers\u00f3 con Diario Libre sobre la econom\u00eda dominicana El\u00a0economista\u00a0espa\u00f1ol\u00a0Daniel Lacalle\u00a0destaca la ventaja competitiva que tiene la\u00a0Rep\u00fablica Dominicana\u00a0respecto al resto de las econom\u00edas latinoamericanas con moneda propia, influyendo en esto la alta recepci\u00f3n de remesas y la revalorizaci\u00f3n...\" \/>\n<meta property=\"og:url\" content=\"https:\/\/crees.org.do\/?p=26266\" \/>\n<meta property=\"og:site_name\" content=\"CREES\" \/>\n<meta property=\"article:publisher\" content=\"https:\/\/www.facebook.com\/CREESRD\/\" \/>\n<meta property=\"article:published_time\" content=\"2024-07-12T16:23:07+00:00\" \/>\n<meta property=\"og:image\" content=\"https:\/\/crees.org.do\/wp-content\/uploads\/2024\/07\/imagen-04072024-dialogo-libre-con-david-lacalle-matias-boncosky08-focus-0-0-896-504.jpg\" \/>\n\t<meta property=\"og:image:width\" content=\"896\" \/>\n\t<meta property=\"og:image:height\" content=\"504\" \/>\n\t<meta property=\"og:image:type\" content=\"image\/jpeg\" \/>\n<meta name=\"author\" content=\"Crees\" \/>\n<meta name=\"twitter:card\" content=\"summary_large_image\" \/>\n<meta name=\"twitter:creator\" content=\"@CREESRD\" \/>\n<meta name=\"twitter:site\" content=\"@CREESRD\" \/>\n<meta name=\"twitter:label1\" content=\"Escrito por\" \/>\n\t<meta name=\"twitter:data1\" content=\"Crees\" \/>\n\t<meta name=\"twitter:label2\" content=\"Tiempo de lectura\" \/>\n\t<meta name=\"twitter:data2\" content=\"3 minutos\" \/>\n<script type=\"application\/ld+json\" class=\"yoast-schema-graph\">{\"@context\":\"https:\/\/schema.org\",\"@graph\":[{\"@type\":\"Article\",\"@id\":\"https:\/\/crees.org.do\/?p=26266#article\",\"isPartOf\":{\"@id\":\"https:\/\/crees.org.do\/?p=26266\"},\"author\":{\"name\":\"Crees\",\"@id\":\"https:\/\/crees.org.do\/#\/schema\/person\/e7f97cd94d7bf9cd0e0ce30acb7d56b8\"},\"headline\":\"Daniel Lacalle: &#8220;La gigantesca deuda que tiene el Banco Central es una bomba de relojer\u00eda&#8221;\",\"datePublished\":\"2024-07-12T16:23:07+00:00\",\"mainEntityOfPage\":{\"@id\":\"https:\/\/crees.org.do\/?p=26266\"},\"wordCount\":589,\"publisher\":{\"@id\":\"https:\/\/crees.org.do\/#organization\"},\"image\":{\"@id\":\"https:\/\/crees.org.do\/?p=26266#primaryimage\"},\"thumbnailUrl\":\"https:\/\/crees.org.do\/wp-content\/uploads\/2024\/07\/imagen-04072024-dialogo-libre-con-david-lacalle-matias-boncosky08-focus-0-0-896-504.jpg\",\"articleSection\":[\"Actualidad\"],\"inLanguage\":\"es\"},{\"@type\":\"WebPage\",\"@id\":\"https:\/\/crees.org.do\/?p=26266\",\"url\":\"https:\/\/crees.org.do\/?p=26266\",\"name\":\"Daniel Lacalle: \\\"La gigantesca deuda que tiene el Banco Central es una bomba de relojer\u00eda\\\" | CREES\",\"isPartOf\":{\"@id\":\"https:\/\/crees.org.do\/#website\"},\"primaryImageOfPage\":{\"@id\":\"https:\/\/crees.org.do\/?p=26266#primaryimage\"},\"image\":{\"@id\":\"https:\/\/crees.org.do\/?p=26266#primaryimage\"},\"thumbnailUrl\":\"https:\/\/crees.org.do\/wp-content\/uploads\/2024\/07\/imagen-04072024-dialogo-libre-con-david-lacalle-matias-boncosky08-focus-0-0-896-504.jpg\",\"datePublished\":\"2024-07-12T16:23:07+00:00\",\"breadcrumb\":{\"@id\":\"https:\/\/crees.org.do\/?p=26266#breadcrumb\"},\"inLanguage\":\"es\",\"potentialAction\":[{\"@type\":\"ReadAction\",\"target\":[\"https:\/\/crees.org.do\/?p=26266\"]}]},{\"@type\":\"ImageObject\",\"inLanguage\":\"es\",\"@id\":\"https:\/\/crees.org.do\/?p=26266#primaryimage\",\"url\":\"https:\/\/crees.org.do\/wp-content\/uploads\/2024\/07\/imagen-04072024-dialogo-libre-con-david-lacalle-matias-boncosky08-focus-0-0-896-504.jpg\",\"contentUrl\":\"https:\/\/crees.org.do\/wp-content\/uploads\/2024\/07\/imagen-04072024-dialogo-libre-con-david-lacalle-matias-boncosky08-focus-0-0-896-504.jpg\",\"width\":896,\"height\":504},{\"@type\":\"BreadcrumbList\",\"@id\":\"https:\/\/crees.org.do\/?p=26266#breadcrumb\",\"itemListElement\":[{\"@type\":\"ListItem\",\"position\":1,\"name\":\"Portada\",\"item\":\"https:\/\/crees.org.do\/\"},{\"@type\":\"ListItem\",\"position\":2,\"name\":\"Daniel Lacalle: &#8220;La gigantesca deuda que tiene el Banco Central es una bomba de relojer\u00eda&#8221;\"}]},{\"@type\":\"WebSite\",\"@id\":\"https:\/\/crees.org.do\/#website\",\"url\":\"https:\/\/crees.org.do\/\",\"name\":\"CREES\",\"description\":\"Centro Regional de Estrategias Econ\u00f3micas Sostenibles\",\"publisher\":{\"@id\":\"https:\/\/crees.org.do\/#organization\"},\"potentialAction\":[{\"@type\":\"SearchAction\",\"target\":{\"@type\":\"EntryPoint\",\"urlTemplate\":\"https:\/\/crees.org.do\/?s={search_term_string}\"},\"query-input\":{\"@type\":\"PropertyValueSpecification\",\"valueRequired\":true,\"valueName\":\"search_term_string\"}}],\"inLanguage\":\"es\"},{\"@type\":\"Organization\",\"@id\":\"https:\/\/crees.org.do\/#organization\",\"name\":\"CREES | Centro Regional de Estrategias Econ\u00f3micas Sostenibles\",\"url\":\"https:\/\/crees.org.do\/\",\"logo\":{\"@type\":\"ImageObject\",\"inLanguage\":\"es\",\"@id\":\"https:\/\/crees.org.do\/#\/schema\/logo\/image\/\",\"url\":\"https:\/\/crees.org.do\/wp-content\/uploads\/2022\/03\/crees-logo-1.jpg\",\"contentUrl\":\"https:\/\/crees.org.do\/wp-content\/uploads\/2022\/03\/crees-logo-1.jpg\",\"width\":244,\"height\":71,\"caption\":\"CREES | Centro Regional de Estrategias Econ\u00f3micas Sostenibles\"},\"image\":{\"@id\":\"https:\/\/crees.org.do\/#\/schema\/logo\/image\/\"},\"sameAs\":[\"https:\/\/www.facebook.com\/CREESRD\/\",\"https:\/\/x.com\/CREESRD\"]},{\"@type\":\"Person\",\"@id\":\"https:\/\/crees.org.do\/#\/schema\/person\/e7f97cd94d7bf9cd0e0ce30acb7d56b8\",\"name\":\"Crees\",\"image\":{\"@type\":\"ImageObject\",\"inLanguage\":\"es\",\"@id\":\"https:\/\/crees.org.do\/#\/schema\/person\/image\/\",\"url\":\"https:\/\/secure.gravatar.com\/avatar\/390ac8f0be5d9aa046152553e2dd7011b59a512d89c150f5e5f28bb8d9a0b165?s=96&d=mm&r=g\",\"contentUrl\":\"https:\/\/secure.gravatar.com\/avatar\/390ac8f0be5d9aa046152553e2dd7011b59a512d89c150f5e5f28bb8d9a0b165?s=96&d=mm&r=g\",\"caption\":\"Crees\"},\"url\":\"https:\/\/crees.org.do\/?author=2\"}]}<\/script>\n<!-- \/ Yoast SEO plugin. -->","yoast_head_json":{"title":"Daniel Lacalle: \"La gigantesca deuda que tiene el Banco Central es una bomba de relojer\u00eda\" | CREES","robots":{"index":"index","follow":"follow","max-snippet":"max-snippet:-1","max-image-preview":"max-image-preview:large","max-video-preview":"max-video-preview:-1"},"canonical":"https:\/\/crees.org.do\/?p=26266","og_locale":"es_ES","og_type":"article","og_title":"Daniel Lacalle: \"La gigantesca deuda que tiene el Banco Central es una bomba de relojer\u00eda\" | CREES","og_description":"Autor: Mariela Mej\u00eda Fecha: 8 de julio de 2024 Extra\u00eddo de:\u00a0Diario Libre El doctor en econom\u00eda Daniel Lacalle convers\u00f3 con Diario Libre sobre la econom\u00eda dominicana El\u00a0economista\u00a0espa\u00f1ol\u00a0Daniel Lacalle\u00a0destaca la ventaja competitiva que tiene la\u00a0Rep\u00fablica Dominicana\u00a0respecto al resto de las econom\u00edas latinoamericanas con moneda propia, influyendo en esto la alta recepci\u00f3n de remesas y la revalorizaci\u00f3n...","og_url":"https:\/\/crees.org.do\/?p=26266","og_site_name":"CREES","article_publisher":"https:\/\/www.facebook.com\/CREESRD\/","article_published_time":"2024-07-12T16:23:07+00:00","og_image":[{"width":896,"height":504,"url":"https:\/\/crees.org.do\/wp-content\/uploads\/2024\/07\/imagen-04072024-dialogo-libre-con-david-lacalle-matias-boncosky08-focus-0-0-896-504.jpg","type":"image\/jpeg"}],"author":"Crees","twitter_card":"summary_large_image","twitter_creator":"@CREESRD","twitter_site":"@CREESRD","twitter_misc":{"Escrito por":"Crees","Tiempo de lectura":"3 minutos"},"schema":{"@context":"https:\/\/schema.org","@graph":[{"@type":"Article","@id":"https:\/\/crees.org.do\/?p=26266#article","isPartOf":{"@id":"https:\/\/crees.org.do\/?p=26266"},"author":{"name":"Crees","@id":"https:\/\/crees.org.do\/#\/schema\/person\/e7f97cd94d7bf9cd0e0ce30acb7d56b8"},"headline":"Daniel Lacalle: &#8220;La gigantesca deuda que tiene el Banco Central es una bomba de relojer\u00eda&#8221;","datePublished":"2024-07-12T16:23:07+00:00","mainEntityOfPage":{"@id":"https:\/\/crees.org.do\/?p=26266"},"wordCount":589,"publisher":{"@id":"https:\/\/crees.org.do\/#organization"},"image":{"@id":"https:\/\/crees.org.do\/?p=26266#primaryimage"},"thumbnailUrl":"https:\/\/crees.org.do\/wp-content\/uploads\/2024\/07\/imagen-04072024-dialogo-libre-con-david-lacalle-matias-boncosky08-focus-0-0-896-504.jpg","articleSection":["Actualidad"],"inLanguage":"es"},{"@type":"WebPage","@id":"https:\/\/crees.org.do\/?p=26266","url":"https:\/\/crees.org.do\/?p=26266","name":"Daniel Lacalle: \"La gigantesca deuda que tiene el Banco Central es una bomba de relojer\u00eda\" | CREES","isPartOf":{"@id":"https:\/\/crees.org.do\/#website"},"primaryImageOfPage":{"@id":"https:\/\/crees.org.do\/?p=26266#primaryimage"},"image":{"@id":"https:\/\/crees.org.do\/?p=26266#primaryimage"},"thumbnailUrl":"https:\/\/crees.org.do\/wp-content\/uploads\/2024\/07\/imagen-04072024-dialogo-libre-con-david-lacalle-matias-boncosky08-focus-0-0-896-504.jpg","datePublished":"2024-07-12T16:23:07+00:00","breadcrumb":{"@id":"https:\/\/crees.org.do\/?p=26266#breadcrumb"},"inLanguage":"es","potentialAction":[{"@type":"ReadAction","target":["https:\/\/crees.org.do\/?p=26266"]}]},{"@type":"ImageObject","inLanguage":"es","@id":"https:\/\/crees.org.do\/?p=26266#primaryimage","url":"https:\/\/crees.org.do\/wp-content\/uploads\/2024\/07\/imagen-04072024-dialogo-libre-con-david-lacalle-matias-boncosky08-focus-0-0-896-504.jpg","contentUrl":"https:\/\/crees.org.do\/wp-content\/uploads\/2024\/07\/imagen-04072024-dialogo-libre-con-david-lacalle-matias-boncosky08-focus-0-0-896-504.jpg","width":896,"height":504},{"@type":"BreadcrumbList","@id":"https:\/\/crees.org.do\/?p=26266#breadcrumb","itemListElement":[{"@type":"ListItem","position":1,"name":"Portada","item":"https:\/\/crees.org.do\/"},{"@type":"ListItem","position":2,"name":"Daniel Lacalle: &#8220;La gigantesca deuda que tiene el Banco Central es una bomba de relojer\u00eda&#8221;"}]},{"@type":"WebSite","@id":"https:\/\/crees.org.do\/#website","url":"https:\/\/crees.org.do\/","name":"CREES","description":"Centro Regional de Estrategias Econ\u00f3micas Sostenibles","publisher":{"@id":"https:\/\/crees.org.do\/#organization"},"potentialAction":[{"@type":"SearchAction","target":{"@type":"EntryPoint","urlTemplate":"https:\/\/crees.org.do\/?s={search_term_string}"},"query-input":{"@type":"PropertyValueSpecification","valueRequired":true,"valueName":"search_term_string"}}],"inLanguage":"es"},{"@type":"Organization","@id":"https:\/\/crees.org.do\/#organization","name":"CREES | Centro Regional de Estrategias Econ\u00f3micas Sostenibles","url":"https:\/\/crees.org.do\/","logo":{"@type":"ImageObject","inLanguage":"es","@id":"https:\/\/crees.org.do\/#\/schema\/logo\/image\/","url":"https:\/\/crees.org.do\/wp-content\/uploads\/2022\/03\/crees-logo-1.jpg","contentUrl":"https:\/\/crees.org.do\/wp-content\/uploads\/2022\/03\/crees-logo-1.jpg","width":244,"height":71,"caption":"CREES | Centro Regional de Estrategias Econ\u00f3micas Sostenibles"},"image":{"@id":"https:\/\/crees.org.do\/#\/schema\/logo\/image\/"},"sameAs":["https:\/\/www.facebook.com\/CREESRD\/","https:\/\/x.com\/CREESRD"]},{"@type":"Person","@id":"https:\/\/crees.org.do\/#\/schema\/person\/e7f97cd94d7bf9cd0e0ce30acb7d56b8","name":"Crees","image":{"@type":"ImageObject","inLanguage":"es","@id":"https:\/\/crees.org.do\/#\/schema\/person\/image\/","url":"https:\/\/secure.gravatar.com\/avatar\/390ac8f0be5d9aa046152553e2dd7011b59a512d89c150f5e5f28bb8d9a0b165?s=96&d=mm&r=g","contentUrl":"https:\/\/secure.gravatar.com\/avatar\/390ac8f0be5d9aa046152553e2dd7011b59a512d89c150f5e5f28bb8d9a0b165?s=96&d=mm&r=g","caption":"Crees"},"url":"https:\/\/crees.org.do\/?author=2"}]}},"_links":{"self":[{"href":"https:\/\/crees.org.do\/index.php?rest_route=\/wp\/v2\/posts\/26266","targetHints":{"allow":["GET"]}}],"collection":[{"href":"https:\/\/crees.org.do\/index.php?rest_route=\/wp\/v2\/posts"}],"about":[{"href":"https:\/\/crees.org.do\/index.php?rest_route=\/wp\/v2\/types\/post"}],"author":[{"embeddable":true,"href":"https:\/\/crees.org.do\/index.php?rest_route=\/wp\/v2\/users\/2"}],"replies":[{"embeddable":true,"href":"https:\/\/crees.org.do\/index.php?rest_route=%2Fwp%2Fv2%2Fcomments&post=26266"}],"version-history":[{"count":1,"href":"https:\/\/crees.org.do\/index.php?rest_route=\/wp\/v2\/posts\/26266\/revisions"}],"predecessor-version":[{"id":26268,"href":"https:\/\/crees.org.do\/index.php?rest_route=\/wp\/v2\/posts\/26266\/revisions\/26268"}],"wp:featuredmedia":[{"embeddable":true,"href":"https:\/\/crees.org.do\/index.php?rest_route=\/wp\/v2\/media\/26267"}],"wp:attachment":[{"href":"https:\/\/crees.org.do\/index.php?rest_route=%2Fwp%2Fv2%2Fmedia&parent=26266"}],"wp:term":[{"taxonomy":"category","embeddable":true,"href":"https:\/\/crees.org.do\/index.php?rest_route=%2Fwp%2Fv2%2Fcategories&post=26266"},{"taxonomy":"post_tag","embeddable":true,"href":"https:\/\/crees.org.do\/index.php?rest_route=%2Fwp%2Fv2%2Ftags&post=26266"}],"curies":[{"name":"wp","href":"https:\/\/api.w.org\/{rel}","templated":true}]}}