{"id":26329,"date":"2024-08-01T18:22:42","date_gmt":"2024-08-01T18:22:42","guid":{"rendered":"https:\/\/crees.org.do\/?p=26329"},"modified":"2024-08-01T18:47:28","modified_gmt":"2024-08-01T18:47:28","slug":"mayor-gasto-publico-determina-el-desarrollo","status":"publish","type":"post","link":"https:\/\/crees.org.do\/?p=26329","title":{"rendered":"\u00bfMayor gasto p\u00fablico determina el desarrollo?"},"content":{"rendered":"<h1><img fetchpriority=\"high\" decoding=\"async\" class=\"aligncenter wp-image-26330\" src=\"https:\/\/crees.org.do\/wp-content\/uploads\/2024\/08\/Untitled-copy-14-3.png\" alt=\"\" width=\"896\" height=\"896\" srcset=\"https:\/\/crees.org.do\/wp-content\/uploads\/2024\/08\/Untitled-copy-14-3.png 1200w, https:\/\/crees.org.do\/wp-content\/uploads\/2024\/08\/Untitled-copy-14-3-450x450.png 450w, https:\/\/crees.org.do\/wp-content\/uploads\/2024\/08\/Untitled-copy-14-3-2000x2000.png 2000w, https:\/\/crees.org.do\/wp-content\/uploads\/2024\/08\/Untitled-copy-14-3-150x150.png 150w, https:\/\/crees.org.do\/wp-content\/uploads\/2024\/08\/Untitled-copy-14-3-768x768.png 768w, https:\/\/crees.org.do\/wp-content\/uploads\/2024\/08\/Untitled-copy-14-3-1536x1536.png 1536w, https:\/\/crees.org.do\/wp-content\/uploads\/2024\/08\/Untitled-copy-14-3-2048x2048.png 2048w\" sizes=\"(max-width: 896px) 100vw, 896px\" \/><\/h1>\n<h1>\u00bfMayor gasto p\u00fablico determina el desarrollo?<\/h1>\n<p style=\"text-align: justify;\">Se suele afirmar que el desarrollo de un pa\u00eds se logra necesariamente a trav\u00e9s de un gasto p\u00fablico elevado. Sin embargo, el hecho de que algunos pa\u00edses desarrollados tengan altos niveles de gasto no implica que su desarrollo sea producto de dicho gasto.<\/p>\n<p style=\"text-align: justify;\">La riqueza y el bienestar se logran a trav\u00e9s de una combinaci\u00f3n de factores, incluyendo pol\u00edticas econ\u00f3micas efectivas, un entorno favorable para la inversi\u00f3n, innovaci\u00f3n y una administraci\u00f3n p\u00fablica eficiente. El gasto p\u00fablico proviene del dinero de las personas, ya sea a trav\u00e9s de impuestos, inflaci\u00f3n o deuda (impuestos futuros). En otras palabras, cuando se argumenta que el gobierno debe gastar m\u00e1s, indirectamente se est\u00e1 diciendo que las personas tendr\u00e1n menos recursos disponibles para gastar por s\u00ed mismas.<\/p>\n<p style=\"text-align: justify;\">Ejemplos claros de pa\u00edses que han alcanzado un alto nivel de desarrollo con un gasto p\u00fablico relativamente bajo son Singapur e Irlanda. Estos pa\u00edses nos sirven de muestra para afirmar que existen modelos alternativos al desarrollo que no dependen exclusivamente de un alto gasto gubernamental. A pesar de tener niveles de gasto p\u00fablico mucho menores que pa\u00edses como Alemania o Suecia, que a menudo se presentan como modelos de desarrollo, tanto Singapur como Irlanda muestran elevados PIB per c\u00e1pita, superando incluso a Alemania y Suecia.<\/p>\n<p style=\"text-align: justify;\">Uno de los factores clave en el desarrollo de Irlanda y Singapur es su atractivo clima de negocios, caracterizado por tasas impositivas bajas. Estos pa\u00edses han implementado sistemas impositivos atractivos que han fomentado la inversi\u00f3n y el crecimiento econ\u00f3mico. Adem\u00e1s, han adoptado un enfoque a largo plazo en sus estrategias de desarrollo, reconociendo que el progreso sostenible requiere tiempo. De hecho, no es sino hasta los \u00faltimos a\u00f1os que en Singapur se ha decidido aumentar levemente algunas de sus tasas impositivas.<\/p>\n<p style=\"text-align: justify;\">Adem\u00e1s, si observamos el \u00cdndice de Desarrollo Humano (IDH), vemos que los cuatro pa\u00edses mencionados tienen niveles muy cercanos de desarrollo. Esto sugiere que no solo es posible lograr altos est\u00e1ndares de vida sin un gasto p\u00fablico desmesurado, sino que tambi\u00e9n se pueden alcanzar resultados comparables en t\u00e9rminos de salud y educaci\u00f3n. De hecho, entre estos cuatro pa\u00edses, Irlanda destaca por tener la mayor esperanza de vida.<\/p>\n<p style=\"text-align: justify;\">Existen v\u00edas alternativas para alcanzar el desarrollo. La prosperidad y la riqueza no se logran \u00fanicamente a trav\u00e9s de un mayor gasto p\u00fablico.<\/p>\n<div class=\"pvc_clear\"><\/div>\n<p class=\"pvc_stats all \" data-element-id=\"26329\" style=\"\"><i class=\"pvc-stats-icon medium\" aria-hidden=\"true\"><svg aria-hidden=\"true\" focusable=\"false\" data-prefix=\"far\" data-icon=\"chart-bar\" role=\"img\" xmlns=\"http:\/\/www.w3.org\/2000\/svg\" viewBox=\"0 0 512 512\" class=\"svg-inline--fa fa-chart-bar fa-w-16 fa-2x\"><path fill=\"currentColor\" d=\"M396.8 352h22.4c6.4 0 12.8-6.4 12.8-12.8V108.8c0-6.4-6.4-12.8-12.8-12.8h-22.4c-6.4 0-12.8 6.4-12.8 12.8v230.4c0 6.4 6.4 12.8 12.8 12.8zm-192 0h22.4c6.4 0 12.8-6.4 12.8-12.8V140.8c0-6.4-6.4-12.8-12.8-12.8h-22.4c-6.4 0-12.8 6.4-12.8 12.8v198.4c0 6.4 6.4 12.8 12.8 12.8zm96 0h22.4c6.4 0 12.8-6.4 12.8-12.8V204.8c0-6.4-6.4-12.8-12.8-12.8h-22.4c-6.4 0-12.8 6.4-12.8 12.8v134.4c0 6.4 6.4 12.8 12.8 12.8zM496 400H48V80c0-8.84-7.16-16-16-16H16C7.16 64 0 71.16 0 80v336c0 17.67 14.33 32 32 32h464c8.84 0 16-7.16 16-16v-16c0-8.84-7.16-16-16-16zm-387.2-48h22.4c6.4 0 12.8-6.4 12.8-12.8v-70.4c0-6.4-6.4-12.8-12.8-12.8h-22.4c-6.4 0-12.8 6.4-12.8 12.8v70.4c0 6.4 6.4 12.8 12.8 12.8z\" class=\"\"><\/path><\/svg><\/i> Vistas Totales&nbsp;1,557&nbsp;, Vistas Hoy&nbsp;2&nbsp;<\/p>\n<div class=\"pvc_clear\"><\/div>\n","protected":false},"excerpt":{"rendered":"<p>\u00bfMayor gasto p\u00fablico determina el desarrollo? Se suele afirmar que el desarrollo de un pa\u00eds se logra necesariamente a trav\u00e9s de un gasto p\u00fablico elevado. Sin embargo, el hecho de que algunos pa\u00edses desarrollados tengan altos niveles de gasto no implica que su desarrollo sea producto de dicho gasto. La riqueza y el bienestar se&#8230;<\/p>\n<div class=\"pvc_clear\"><\/div>\n<p class=\"pvc_stats all \" data-element-id=\"26329\" style=\"\"><i class=\"pvc-stats-icon medium\" aria-hidden=\"true\"><svg aria-hidden=\"true\" focusable=\"false\" data-prefix=\"far\" data-icon=\"chart-bar\" role=\"img\" xmlns=\"http:\/\/www.w3.org\/2000\/svg\" viewBox=\"0 0 512 512\" class=\"svg-inline--fa fa-chart-bar fa-w-16 fa-2x\"><path fill=\"currentColor\" d=\"M396.8 352h22.4c6.4 0 12.8-6.4 12.8-12.8V108.8c0-6.4-6.4-12.8-12.8-12.8h-22.4c-6.4 0-12.8 6.4-12.8 12.8v230.4c0 6.4 6.4 12.8 12.8 12.8zm-192 0h22.4c6.4 0 12.8-6.4 12.8-12.8V140.8c0-6.4-6.4-12.8-12.8-12.8h-22.4c-6.4 0-12.8 6.4-12.8 12.8v198.4c0 6.4 6.4 12.8 12.8 12.8zm96 0h22.4c6.4 0 12.8-6.4 12.8-12.8V204.8c0-6.4-6.4-12.8-12.8-12.8h-22.4c-6.4 0-12.8 6.4-12.8 12.8v134.4c0 6.4 6.4 12.8 12.8 12.8zM496 400H48V80c0-8.84-7.16-16-16-16H16C7.16 64 0 71.16 0 80v336c0 17.67 14.33 32 32 32h464c8.84 0 16-7.16 16-16v-16c0-8.84-7.16-16-16-16zm-387.2-48h22.4c6.4 0 12.8-6.4 12.8-12.8v-70.4c0-6.4-6.4-12.8-12.8-12.8h-22.4c-6.4 0-12.8 6.4-12.8 12.8v70.4c0 6.4 6.4 12.8 12.8 12.8z\" class=\"\"><\/path><\/svg><\/i> Vistas Totales&nbsp;1,557&nbsp;, Vistas Hoy&nbsp;2&nbsp;<\/p>\n<div class=\"pvc_clear\"><\/div>\n","protected":false},"author":2,"featured_media":26330,"comment_status":"closed","ping_status":"closed","sticky":false,"template":"","format":"standard","meta":{"footnotes":""},"categories":[21],"tags":[],"class_list":["post-26329","post","type-post","status-publish","format-standard","has-post-thumbnail","hentry","category-blog"],"yoast_head":"<!-- This site is optimized with the Yoast SEO plugin v25.2 - https:\/\/yoast.com\/wordpress\/plugins\/seo\/ -->\n<title>\u00bfMayor gasto p\u00fablico determina el desarrollo? | CREES<\/title>\n<meta name=\"robots\" content=\"index, follow, max-snippet:-1, max-image-preview:large, max-video-preview:-1\" \/>\n<link rel=\"canonical\" href=\"https:\/\/crees.org.do\/?p=26329\" \/>\n<meta property=\"og:locale\" content=\"es_ES\" \/>\n<meta property=\"og:type\" content=\"article\" \/>\n<meta property=\"og:title\" content=\"\u00bfMayor gasto p\u00fablico determina el desarrollo? | CREES\" \/>\n<meta property=\"og:description\" content=\"\u00bfMayor gasto p\u00fablico determina el desarrollo? Se suele afirmar que el desarrollo de un pa\u00eds se logra necesariamente a trav\u00e9s de un gasto p\u00fablico elevado. Sin embargo, el hecho de que algunos pa\u00edses desarrollados tengan altos niveles de gasto no implica que su desarrollo sea producto de dicho gasto. La riqueza y el bienestar se...\" \/>\n<meta property=\"og:url\" content=\"https:\/\/crees.org.do\/?p=26329\" \/>\n<meta property=\"og:site_name\" content=\"CREES\" \/>\n<meta property=\"article:publisher\" content=\"https:\/\/www.facebook.com\/CREESRD\/\" \/>\n<meta property=\"article:published_time\" content=\"2024-08-01T18:22:42+00:00\" \/>\n<meta property=\"article:modified_time\" content=\"2024-08-01T18:47:28+00:00\" \/>\n<meta property=\"og:image\" content=\"https:\/\/crees.org.do\/wp-content\/uploads\/2024\/08\/Untitled-copy-14-3.png\" \/>\n\t<meta property=\"og:image:width\" content=\"1200\" \/>\n\t<meta property=\"og:image:height\" content=\"1200\" \/>\n\t<meta property=\"og:image:type\" content=\"image\/png\" \/>\n<meta name=\"author\" content=\"Crees\" \/>\n<meta name=\"twitter:card\" content=\"summary_large_image\" \/>\n<meta name=\"twitter:creator\" content=\"@CREESRD\" \/>\n<meta name=\"twitter:site\" content=\"@CREESRD\" \/>\n<meta name=\"twitter:label1\" content=\"Escrito por\" \/>\n\t<meta name=\"twitter:data1\" content=\"Crees\" \/>\n\t<meta name=\"twitter:label2\" content=\"Tiempo de lectura\" \/>\n\t<meta name=\"twitter:data2\" content=\"2 minutos\" \/>\n<script type=\"application\/ld+json\" class=\"yoast-schema-graph\">{\"@context\":\"https:\/\/schema.org\",\"@graph\":[{\"@type\":\"Article\",\"@id\":\"https:\/\/crees.org.do\/?p=26329#article\",\"isPartOf\":{\"@id\":\"https:\/\/crees.org.do\/?p=26329\"},\"author\":{\"name\":\"Crees\",\"@id\":\"https:\/\/crees.org.do\/#\/schema\/person\/e7f97cd94d7bf9cd0e0ce30acb7d56b8\"},\"headline\":\"\u00bfMayor gasto p\u00fablico determina el desarrollo?\",\"datePublished\":\"2024-08-01T18:22:42+00:00\",\"dateModified\":\"2024-08-01T18:47:28+00:00\",\"mainEntityOfPage\":{\"@id\":\"https:\/\/crees.org.do\/?p=26329\"},\"wordCount\":430,\"publisher\":{\"@id\":\"https:\/\/crees.org.do\/#organization\"},\"image\":{\"@id\":\"https:\/\/crees.org.do\/?p=26329#primaryimage\"},\"thumbnailUrl\":\"https:\/\/crees.org.do\/wp-content\/uploads\/2024\/08\/Untitled-copy-14-3.png\",\"articleSection\":[\"Blog\"],\"inLanguage\":\"es\"},{\"@type\":\"WebPage\",\"@id\":\"https:\/\/crees.org.do\/?p=26329\",\"url\":\"https:\/\/crees.org.do\/?p=26329\",\"name\":\"\u00bfMayor gasto p\u00fablico determina el desarrollo? | CREES\",\"isPartOf\":{\"@id\":\"https:\/\/crees.org.do\/#website\"},\"primaryImageOfPage\":{\"@id\":\"https:\/\/crees.org.do\/?p=26329#primaryimage\"},\"image\":{\"@id\":\"https:\/\/crees.org.do\/?p=26329#primaryimage\"},\"thumbnailUrl\":\"https:\/\/crees.org.do\/wp-content\/uploads\/2024\/08\/Untitled-copy-14-3.png\",\"datePublished\":\"2024-08-01T18:22:42+00:00\",\"dateModified\":\"2024-08-01T18:47:28+00:00\",\"breadcrumb\":{\"@id\":\"https:\/\/crees.org.do\/?p=26329#breadcrumb\"},\"inLanguage\":\"es\",\"potentialAction\":[{\"@type\":\"ReadAction\",\"target\":[\"https:\/\/crees.org.do\/?p=26329\"]}]},{\"@type\":\"ImageObject\",\"inLanguage\":\"es\",\"@id\":\"https:\/\/crees.org.do\/?p=26329#primaryimage\",\"url\":\"https:\/\/crees.org.do\/wp-content\/uploads\/2024\/08\/Untitled-copy-14-3.png\",\"contentUrl\":\"https:\/\/crees.org.do\/wp-content\/uploads\/2024\/08\/Untitled-copy-14-3.png\",\"width\":1200,\"height\":1200},{\"@type\":\"BreadcrumbList\",\"@id\":\"https:\/\/crees.org.do\/?p=26329#breadcrumb\",\"itemListElement\":[{\"@type\":\"ListItem\",\"position\":1,\"name\":\"Portada\",\"item\":\"https:\/\/crees.org.do\/\"},{\"@type\":\"ListItem\",\"position\":2,\"name\":\"\u00bfMayor gasto p\u00fablico determina el desarrollo?\"}]},{\"@type\":\"WebSite\",\"@id\":\"https:\/\/crees.org.do\/#website\",\"url\":\"https:\/\/crees.org.do\/\",\"name\":\"CREES\",\"description\":\"Centro Regional de Estrategias Econ\u00f3micas Sostenibles\",\"publisher\":{\"@id\":\"https:\/\/crees.org.do\/#organization\"},\"potentialAction\":[{\"@type\":\"SearchAction\",\"target\":{\"@type\":\"EntryPoint\",\"urlTemplate\":\"https:\/\/crees.org.do\/?s={search_term_string}\"},\"query-input\":{\"@type\":\"PropertyValueSpecification\",\"valueRequired\":true,\"valueName\":\"search_term_string\"}}],\"inLanguage\":\"es\"},{\"@type\":\"Organization\",\"@id\":\"https:\/\/crees.org.do\/#organization\",\"name\":\"CREES | Centro Regional de Estrategias Econ\u00f3micas Sostenibles\",\"url\":\"https:\/\/crees.org.do\/\",\"logo\":{\"@type\":\"ImageObject\",\"inLanguage\":\"es\",\"@id\":\"https:\/\/crees.org.do\/#\/schema\/logo\/image\/\",\"url\":\"https:\/\/crees.org.do\/wp-content\/uploads\/2022\/03\/crees-logo-1.jpg\",\"contentUrl\":\"https:\/\/crees.org.do\/wp-content\/uploads\/2022\/03\/crees-logo-1.jpg\",\"width\":244,\"height\":71,\"caption\":\"CREES | Centro Regional de Estrategias Econ\u00f3micas Sostenibles\"},\"image\":{\"@id\":\"https:\/\/crees.org.do\/#\/schema\/logo\/image\/\"},\"sameAs\":[\"https:\/\/www.facebook.com\/CREESRD\/\",\"https:\/\/x.com\/CREESRD\"]},{\"@type\":\"Person\",\"@id\":\"https:\/\/crees.org.do\/#\/schema\/person\/e7f97cd94d7bf9cd0e0ce30acb7d56b8\",\"name\":\"Crees\",\"image\":{\"@type\":\"ImageObject\",\"inLanguage\":\"es\",\"@id\":\"https:\/\/crees.org.do\/#\/schema\/person\/image\/\",\"url\":\"https:\/\/secure.gravatar.com\/avatar\/390ac8f0be5d9aa046152553e2dd7011b59a512d89c150f5e5f28bb8d9a0b165?s=96&d=mm&r=g\",\"contentUrl\":\"https:\/\/secure.gravatar.com\/avatar\/390ac8f0be5d9aa046152553e2dd7011b59a512d89c150f5e5f28bb8d9a0b165?s=96&d=mm&r=g\",\"caption\":\"Crees\"},\"url\":\"https:\/\/crees.org.do\/?author=2\"}]}<\/script>\n<!-- \/ Yoast SEO plugin. -->","yoast_head_json":{"title":"\u00bfMayor gasto p\u00fablico determina el desarrollo? | CREES","robots":{"index":"index","follow":"follow","max-snippet":"max-snippet:-1","max-image-preview":"max-image-preview:large","max-video-preview":"max-video-preview:-1"},"canonical":"https:\/\/crees.org.do\/?p=26329","og_locale":"es_ES","og_type":"article","og_title":"\u00bfMayor gasto p\u00fablico determina el desarrollo? | CREES","og_description":"\u00bfMayor gasto p\u00fablico determina el desarrollo? Se suele afirmar que el desarrollo de un pa\u00eds se logra necesariamente a trav\u00e9s de un gasto p\u00fablico elevado. Sin embargo, el hecho de que algunos pa\u00edses desarrollados tengan altos niveles de gasto no implica que su desarrollo sea producto de dicho gasto. La riqueza y el bienestar se...","og_url":"https:\/\/crees.org.do\/?p=26329","og_site_name":"CREES","article_publisher":"https:\/\/www.facebook.com\/CREESRD\/","article_published_time":"2024-08-01T18:22:42+00:00","article_modified_time":"2024-08-01T18:47:28+00:00","og_image":[{"width":1200,"height":1200,"url":"https:\/\/crees.org.do\/wp-content\/uploads\/2024\/08\/Untitled-copy-14-3.png","type":"image\/png"}],"author":"Crees","twitter_card":"summary_large_image","twitter_creator":"@CREESRD","twitter_site":"@CREESRD","twitter_misc":{"Escrito por":"Crees","Tiempo de lectura":"2 minutos"},"schema":{"@context":"https:\/\/schema.org","@graph":[{"@type":"Article","@id":"https:\/\/crees.org.do\/?p=26329#article","isPartOf":{"@id":"https:\/\/crees.org.do\/?p=26329"},"author":{"name":"Crees","@id":"https:\/\/crees.org.do\/#\/schema\/person\/e7f97cd94d7bf9cd0e0ce30acb7d56b8"},"headline":"\u00bfMayor gasto p\u00fablico determina el desarrollo?","datePublished":"2024-08-01T18:22:42+00:00","dateModified":"2024-08-01T18:47:28+00:00","mainEntityOfPage":{"@id":"https:\/\/crees.org.do\/?p=26329"},"wordCount":430,"publisher":{"@id":"https:\/\/crees.org.do\/#organization"},"image":{"@id":"https:\/\/crees.org.do\/?p=26329#primaryimage"},"thumbnailUrl":"https:\/\/crees.org.do\/wp-content\/uploads\/2024\/08\/Untitled-copy-14-3.png","articleSection":["Blog"],"inLanguage":"es"},{"@type":"WebPage","@id":"https:\/\/crees.org.do\/?p=26329","url":"https:\/\/crees.org.do\/?p=26329","name":"\u00bfMayor gasto p\u00fablico determina el desarrollo? | CREES","isPartOf":{"@id":"https:\/\/crees.org.do\/#website"},"primaryImageOfPage":{"@id":"https:\/\/crees.org.do\/?p=26329#primaryimage"},"image":{"@id":"https:\/\/crees.org.do\/?p=26329#primaryimage"},"thumbnailUrl":"https:\/\/crees.org.do\/wp-content\/uploads\/2024\/08\/Untitled-copy-14-3.png","datePublished":"2024-08-01T18:22:42+00:00","dateModified":"2024-08-01T18:47:28+00:00","breadcrumb":{"@id":"https:\/\/crees.org.do\/?p=26329#breadcrumb"},"inLanguage":"es","potentialAction":[{"@type":"ReadAction","target":["https:\/\/crees.org.do\/?p=26329"]}]},{"@type":"ImageObject","inLanguage":"es","@id":"https:\/\/crees.org.do\/?p=26329#primaryimage","url":"https:\/\/crees.org.do\/wp-content\/uploads\/2024\/08\/Untitled-copy-14-3.png","contentUrl":"https:\/\/crees.org.do\/wp-content\/uploads\/2024\/08\/Untitled-copy-14-3.png","width":1200,"height":1200},{"@type":"BreadcrumbList","@id":"https:\/\/crees.org.do\/?p=26329#breadcrumb","itemListElement":[{"@type":"ListItem","position":1,"name":"Portada","item":"https:\/\/crees.org.do\/"},{"@type":"ListItem","position":2,"name":"\u00bfMayor gasto p\u00fablico determina el desarrollo?"}]},{"@type":"WebSite","@id":"https:\/\/crees.org.do\/#website","url":"https:\/\/crees.org.do\/","name":"CREES","description":"Centro Regional de Estrategias Econ\u00f3micas Sostenibles","publisher":{"@id":"https:\/\/crees.org.do\/#organization"},"potentialAction":[{"@type":"SearchAction","target":{"@type":"EntryPoint","urlTemplate":"https:\/\/crees.org.do\/?s={search_term_string}"},"query-input":{"@type":"PropertyValueSpecification","valueRequired":true,"valueName":"search_term_string"}}],"inLanguage":"es"},{"@type":"Organization","@id":"https:\/\/crees.org.do\/#organization","name":"CREES | Centro Regional de Estrategias Econ\u00f3micas Sostenibles","url":"https:\/\/crees.org.do\/","logo":{"@type":"ImageObject","inLanguage":"es","@id":"https:\/\/crees.org.do\/#\/schema\/logo\/image\/","url":"https:\/\/crees.org.do\/wp-content\/uploads\/2022\/03\/crees-logo-1.jpg","contentUrl":"https:\/\/crees.org.do\/wp-content\/uploads\/2022\/03\/crees-logo-1.jpg","width":244,"height":71,"caption":"CREES | Centro Regional de Estrategias Econ\u00f3micas Sostenibles"},"image":{"@id":"https:\/\/crees.org.do\/#\/schema\/logo\/image\/"},"sameAs":["https:\/\/www.facebook.com\/CREESRD\/","https:\/\/x.com\/CREESRD"]},{"@type":"Person","@id":"https:\/\/crees.org.do\/#\/schema\/person\/e7f97cd94d7bf9cd0e0ce30acb7d56b8","name":"Crees","image":{"@type":"ImageObject","inLanguage":"es","@id":"https:\/\/crees.org.do\/#\/schema\/person\/image\/","url":"https:\/\/secure.gravatar.com\/avatar\/390ac8f0be5d9aa046152553e2dd7011b59a512d89c150f5e5f28bb8d9a0b165?s=96&d=mm&r=g","contentUrl":"https:\/\/secure.gravatar.com\/avatar\/390ac8f0be5d9aa046152553e2dd7011b59a512d89c150f5e5f28bb8d9a0b165?s=96&d=mm&r=g","caption":"Crees"},"url":"https:\/\/crees.org.do\/?author=2"}]}},"_links":{"self":[{"href":"https:\/\/crees.org.do\/index.php?rest_route=\/wp\/v2\/posts\/26329","targetHints":{"allow":["GET"]}}],"collection":[{"href":"https:\/\/crees.org.do\/index.php?rest_route=\/wp\/v2\/posts"}],"about":[{"href":"https:\/\/crees.org.do\/index.php?rest_route=\/wp\/v2\/types\/post"}],"author":[{"embeddable":true,"href":"https:\/\/crees.org.do\/index.php?rest_route=\/wp\/v2\/users\/2"}],"replies":[{"embeddable":true,"href":"https:\/\/crees.org.do\/index.php?rest_route=%2Fwp%2Fv2%2Fcomments&post=26329"}],"version-history":[{"count":3,"href":"https:\/\/crees.org.do\/index.php?rest_route=\/wp\/v2\/posts\/26329\/revisions"}],"predecessor-version":[{"id":26333,"href":"https:\/\/crees.org.do\/index.php?rest_route=\/wp\/v2\/posts\/26329\/revisions\/26333"}],"wp:featuredmedia":[{"embeddable":true,"href":"https:\/\/crees.org.do\/index.php?rest_route=\/wp\/v2\/media\/26330"}],"wp:attachment":[{"href":"https:\/\/crees.org.do\/index.php?rest_route=%2Fwp%2Fv2%2Fmedia&parent=26329"}],"wp:term":[{"taxonomy":"category","embeddable":true,"href":"https:\/\/crees.org.do\/index.php?rest_route=%2Fwp%2Fv2%2Fcategories&post=26329"},{"taxonomy":"post_tag","embeddable":true,"href":"https:\/\/crees.org.do\/index.php?rest_route=%2Fwp%2Fv2%2Ftags&post=26329"}],"curies":[{"name":"wp","href":"https:\/\/api.w.org\/{rel}","templated":true}]}}