{"id":26334,"date":"2024-08-02T15:08:46","date_gmt":"2024-08-02T15:08:46","guid":{"rendered":"https:\/\/crees.org.do\/?p=26334"},"modified":"2024-08-02T15:08:46","modified_gmt":"2024-08-02T15:08:46","slug":"crees-mision-del-fmi-deja-dudas-sobre-reforma-tributaria-en-rd","status":"publish","type":"post","link":"https:\/\/crees.org.do\/?p=26334","title":{"rendered":"Crees: Misi\u00f3n del FMI deja dudas sobre reforma tributaria en RD"},"content":{"rendered":"<p>Autor: Mar\u00eda del Carmen Guill\u00e9n<\/p>\n<p>Fecha: 30 de julio de 2024<\/p>\n<p>Extra\u00eddo de:\u00a0<a href=\"https:\/\/www.diariolibre.com\/economia\/macroeconomia\/2024\/07\/30\/lo-que-opina-miguel-collado-sobre-articulos-de-la-mision-fmi\/2802244\">Diario Libre<\/a><\/p>\n<p style=\"text-align: justify;\">El Centro Regional de Estrategias Econ\u00f3micas Sostenibles (Crees) consider\u00f3 ayer como<strong>\u00a0inconclusos los dos reportes<\/strong>\u00a0emitidos por la misi\u00f3n del Fondo Monetario Internacional (<strong>FMI<\/strong>) que visit\u00f3 el pa\u00eds recientemente para evaluar las condiciones econ\u00f3micas y monetarias de la Rep\u00fablica Dominicana.<\/p>\n<p style=\"text-align: justify;\">Lejos de ofrecer recomendaciones directas, el Crees sostuvo que el equipo internacional dej\u00f3 una\u00a0<strong>serie de interrogantes sobre la reforma tributaria\u00a0<\/strong>en su informe preliminar, publicado el 24 de este mes, y en un art\u00edculo titulado &#8220;<em>La reforma fiscal puede ayudar a la Rep\u00fablica Dominicana a captar m\u00e1s inversi\u00f3n<\/em>&#8221; del pasado 24 de junio de este a\u00f1o.<\/p>\n<p style=\"text-align: justify;\">En un art\u00edculo, el economista Miguel Collado, vicepresidente ejecutivo del Crees, cita la declaraci\u00f3n del art\u00edculo IV, en el que el equipo establece que &#8220;resulta imperiosa una<strong>\u00a0reforma fiscal integral<\/strong>\u00a0que eleve de forma duradera los ingresos fiscales mediante una ampliaci\u00f3n de la base tributaria y la eliminaci\u00f3n de exenciones [&#8230;].<\/p>\n<p style=\"text-align: justify;\">Mientras que el art\u00edculo de un mes anterior es m\u00e1s expl\u00edcito en ese prop\u00f3sito: &#8220;Los<strong>\u00a0ingresos tributarios est\u00e1n limitados<\/strong>\u00a0por el alto nivel de exenciones y un elevado umbral sobre el cual se aplica el impuesto sobre la renta de las personas f\u00edsicas&#8221;.<\/p>\n<p style=\"text-align: justify;\">&#8220;Ambos\u00a0<strong>documentos dejan dudas<\/strong>\u00a0sobre cu\u00e1l ser\u00e1 el futuro de la reforma fiscal anunciada por las autoridades. La manera de plantear la\u00a0<strong>reforma tributaria<\/strong>\u00a0abre interrogantes para las familias y empresas del pa\u00eds, que son quienes tendr\u00edan que pagar con sus recursos las modificaciones tributarias recomendadas por los t\u00e9cnicos del FMI&#8221;, indic\u00f3 en una publicaci\u00f3n.<\/p>\n<p style=\"text-align: justify;\">De hecho, calific\u00f3 las publicaciones como un &#8220;<strong>art\u00edculo de endoso<\/strong>&#8221; de la pol\u00edtica que piensa aplicar un pa\u00eds determinado, citando que los miembros de la misi\u00f3n recomiendan un aumento permanente de los ingresos tributarios de, al menos, un 2 % del producto interno bruto (PIB).<\/p>\n<p style=\"text-align: justify;\">&#8220;Con una modificaci\u00f3n de este tipo no\u00a0<strong>ser\u00eda mucho lo que las autoridades podr\u00edan recaudar\u00a0<\/strong>del 2 % del PIB. Seg\u00fan las cifras oficiales, citadas por el FMI, las exenciones del ISR (Impuesto sobre la Renta) a las personas f\u00edsicas representan el 0.076 % del PIB&#8221;, apunt\u00f3.<\/p>\n<h2 style=\"text-align: justify;\">El Crees detalla puntos a tomar en cuenta<\/h2>\n<p style=\"text-align: justify;\">Precis\u00f3 que, teniendo en cuenta que la anterior medida, por su impacto sobre los hogares,\u00a0<strong>promover\u00eda transacciones informales<\/strong>, queda lejos de llegar a la meta establecida. Salvo que el objetivo sea incrementar el tramo m\u00e1s alto del impuesto sobre la renta. En tal caso, la elusi\u00f3n ser\u00eda el otro incentivo que se estar\u00eda promoviendo.<\/p>\n<p style=\"text-align: justify;\">En ese orden, Collado indica varios puntos a tomar en cuenta\u00a0<strong>antes de analizar\u00a0<\/strong>el tema de las reformas, entre ellas:<\/p>\n<ul class=\"list-text\" style=\"text-align: justify;\">\n<li>Es importante aclararle a las familias qu\u00e9 porcentaje de los dos puntos de presi\u00f3n tributaria provendr\u00edan de: la inclusi\u00f3n de nuevas personas a tributar al tramo primero que es de 15 % y c\u00f3mo se subir\u00edan los dem\u00e1s tramos que en la actualidad tienen tasas de 20 % y 25 %.<\/li>\n<\/ul>\n<ul class=\"list-text\" style=\"text-align: justify;\">\n<li>Los perceptores m\u00e1s altos de ingresos son los que tienen m\u00e1s incentivos a eludir. Esos son los que se encuentran en el tramo de la tasa de 25 %.<\/li>\n<\/ul>\n<ul class=\"list-text\" style=\"text-align: justify;\">\n<li>Las familias querr\u00edan saber si el consejo que da el FMI es que se haga una ampliaci\u00f3n a una de las tasas actuales, es decir, al 18 % o al 16 %. Si las autoridades llegaran a expandir las bases a cualquiera de esas dos tasas, que son muy superiores a la tasa efectiva actual, que no llega al 10 %, y superior al 12.5 % que es el promedio para las econom\u00edas de Centroam\u00e9rica, necesitar\u00edan empezar a comunicar desde ahora c\u00f3mo esto impactar\u00e1 a los hogares<\/li>\n<\/ul>\n<ul class=\"list-text\" style=\"text-align: justify;\">\n<li>El an\u00e1lisis planteado en los documentos del FMI se limita a eliminar exenciones en cuanto a la parte impositiva, aunque s\u00ed recomienda la mejora en la eficiencia recaudatoria. Es decir, se plantea un enfoque fiscalista para obtener m\u00e1s dinero de los contribuyentes y no para corregir las distorsiones<\/li>\n<\/ul>\n<p style=\"text-align: justify;\">&#8220;Queda pensar que el\u00a0<strong>principal objetivo<\/strong>\u00a0de los funcionarios de FMI es que las autoridades se enfoquen en el Impuesto de Bienes Industrializados y Servicios (Itbis). La principal exenci\u00f3n o, en el lenguaje de las autoridades, gasto tributario&#8221;, observ\u00f3 el ejecutivo.<\/p>\n<div class=\"pvc_clear\"><\/div>\n<p class=\"pvc_stats all \" data-element-id=\"26334\" style=\"\"><i class=\"pvc-stats-icon medium\" aria-hidden=\"true\"><svg aria-hidden=\"true\" focusable=\"false\" data-prefix=\"far\" data-icon=\"chart-bar\" role=\"img\" xmlns=\"http:\/\/www.w3.org\/2000\/svg\" viewBox=\"0 0 512 512\" class=\"svg-inline--fa fa-chart-bar fa-w-16 fa-2x\"><path fill=\"currentColor\" d=\"M396.8 352h22.4c6.4 0 12.8-6.4 12.8-12.8V108.8c0-6.4-6.4-12.8-12.8-12.8h-22.4c-6.4 0-12.8 6.4-12.8 12.8v230.4c0 6.4 6.4 12.8 12.8 12.8zm-192 0h22.4c6.4 0 12.8-6.4 12.8-12.8V140.8c0-6.4-6.4-12.8-12.8-12.8h-22.4c-6.4 0-12.8 6.4-12.8 12.8v198.4c0 6.4 6.4 12.8 12.8 12.8zm96 0h22.4c6.4 0 12.8-6.4 12.8-12.8V204.8c0-6.4-6.4-12.8-12.8-12.8h-22.4c-6.4 0-12.8 6.4-12.8 12.8v134.4c0 6.4 6.4 12.8 12.8 12.8zM496 400H48V80c0-8.84-7.16-16-16-16H16C7.16 64 0 71.16 0 80v336c0 17.67 14.33 32 32 32h464c8.84 0 16-7.16 16-16v-16c0-8.84-7.16-16-16-16zm-387.2-48h22.4c6.4 0 12.8-6.4 12.8-12.8v-70.4c0-6.4-6.4-12.8-12.8-12.8h-22.4c-6.4 0-12.8 6.4-12.8 12.8v70.4c0 6.4 6.4 12.8 12.8 12.8z\" class=\"\"><\/path><\/svg><\/i> Vistas Totales&nbsp;1,378&nbsp;, Vistas Hoy&nbsp;2&nbsp;<\/p>\n<div class=\"pvc_clear\"><\/div>\n","protected":false},"excerpt":{"rendered":"<p>Autor: Mar\u00eda del Carmen Guill\u00e9n Fecha: 30 de julio de 2024 Extra\u00eddo de:\u00a0Diario Libre El Centro Regional de Estrategias Econ\u00f3micas Sostenibles (Crees) consider\u00f3 ayer como\u00a0inconclusos los dos reportes\u00a0emitidos por la misi\u00f3n del Fondo Monetario Internacional (FMI) que visit\u00f3 el pa\u00eds recientemente para evaluar las condiciones econ\u00f3micas y monetarias de la Rep\u00fablica Dominicana. Lejos de ofrecer&#8230;<\/p>\n<div class=\"pvc_clear\"><\/div>\n<p class=\"pvc_stats all \" data-element-id=\"26334\" style=\"\"><i class=\"pvc-stats-icon medium\" aria-hidden=\"true\"><svg aria-hidden=\"true\" focusable=\"false\" data-prefix=\"far\" data-icon=\"chart-bar\" role=\"img\" xmlns=\"http:\/\/www.w3.org\/2000\/svg\" viewBox=\"0 0 512 512\" class=\"svg-inline--fa fa-chart-bar fa-w-16 fa-2x\"><path fill=\"currentColor\" d=\"M396.8 352h22.4c6.4 0 12.8-6.4 12.8-12.8V108.8c0-6.4-6.4-12.8-12.8-12.8h-22.4c-6.4 0-12.8 6.4-12.8 12.8v230.4c0 6.4 6.4 12.8 12.8 12.8zm-192 0h22.4c6.4 0 12.8-6.4 12.8-12.8V140.8c0-6.4-6.4-12.8-12.8-12.8h-22.4c-6.4 0-12.8 6.4-12.8 12.8v198.4c0 6.4 6.4 12.8 12.8 12.8zm96 0h22.4c6.4 0 12.8-6.4 12.8-12.8V204.8c0-6.4-6.4-12.8-12.8-12.8h-22.4c-6.4 0-12.8 6.4-12.8 12.8v134.4c0 6.4 6.4 12.8 12.8 12.8zM496 400H48V80c0-8.84-7.16-16-16-16H16C7.16 64 0 71.16 0 80v336c0 17.67 14.33 32 32 32h464c8.84 0 16-7.16 16-16v-16c0-8.84-7.16-16-16-16zm-387.2-48h22.4c6.4 0 12.8-6.4 12.8-12.8v-70.4c0-6.4-6.4-12.8-12.8-12.8h-22.4c-6.4 0-12.8 6.4-12.8 12.8v70.4c0 6.4 6.4 12.8 12.8 12.8z\" class=\"\"><\/path><\/svg><\/i> Vistas Totales&nbsp;1,378&nbsp;, Vistas Hoy&nbsp;2&nbsp;<\/p>\n<div class=\"pvc_clear\"><\/div>\n","protected":false},"author":2,"featured_media":26335,"comment_status":"closed","ping_status":"closed","sticky":false,"template":"","format":"standard","meta":{"footnotes":""},"categories":[19],"tags":[],"class_list":["post-26334","post","type-post","status-publish","format-standard","has-post-thumbnail","hentry","category-actualidad"],"yoast_head":"<!-- This site is optimized with the Yoast SEO plugin v25.2 - https:\/\/yoast.com\/wordpress\/plugins\/seo\/ -->\n<title>Crees: Misi\u00f3n del FMI deja dudas sobre reforma tributaria en RD | CREES<\/title>\n<meta name=\"robots\" content=\"index, follow, max-snippet:-1, max-image-preview:large, max-video-preview:-1\" \/>\n<link rel=\"canonical\" href=\"https:\/\/crees.org.do\/?p=26334\" \/>\n<meta property=\"og:locale\" content=\"es_ES\" \/>\n<meta property=\"og:type\" content=\"article\" \/>\n<meta property=\"og:title\" content=\"Crees: Misi\u00f3n del FMI deja dudas sobre reforma tributaria en RD | CREES\" \/>\n<meta property=\"og:description\" content=\"Autor: Mar\u00eda del Carmen Guill\u00e9n Fecha: 30 de julio de 2024 Extra\u00eddo de:\u00a0Diario Libre El Centro Regional de Estrategias Econ\u00f3micas Sostenibles (Crees) consider\u00f3 ayer como\u00a0inconclusos los dos reportes\u00a0emitidos por la misi\u00f3n del Fondo Monetario Internacional (FMI) que visit\u00f3 el pa\u00eds recientemente para evaluar las condiciones econ\u00f3micas y monetarias de la Rep\u00fablica Dominicana. Lejos de ofrecer...\" \/>\n<meta property=\"og:url\" content=\"https:\/\/crees.org.do\/?p=26334\" \/>\n<meta property=\"og:site_name\" content=\"CREES\" \/>\n<meta property=\"article:publisher\" content=\"https:\/\/www.facebook.com\/CREESRD\/\" \/>\n<meta property=\"article:published_time\" content=\"2024-08-02T15:08:46+00:00\" \/>\n<meta property=\"og:image\" content=\"https:\/\/crees.org.do\/wp-content\/uploads\/2024\/08\/04072024-dialogo-libre-con-miguel-collado-di-franco-matias-boncosky02-focus-0.08-0.37-896-504.jpg\" \/>\n\t<meta property=\"og:image:width\" content=\"896\" \/>\n\t<meta property=\"og:image:height\" content=\"504\" \/>\n\t<meta property=\"og:image:type\" content=\"image\/jpeg\" \/>\n<meta name=\"author\" content=\"Crees\" \/>\n<meta name=\"twitter:card\" content=\"summary_large_image\" \/>\n<meta name=\"twitter:creator\" content=\"@CREESRD\" \/>\n<meta name=\"twitter:site\" content=\"@CREESRD\" \/>\n<meta name=\"twitter:label1\" content=\"Escrito por\" \/>\n\t<meta name=\"twitter:data1\" content=\"Crees\" \/>\n\t<meta name=\"twitter:label2\" content=\"Tiempo de lectura\" \/>\n\t<meta name=\"twitter:data2\" content=\"4 minutos\" \/>\n<script type=\"application\/ld+json\" class=\"yoast-schema-graph\">{\"@context\":\"https:\/\/schema.org\",\"@graph\":[{\"@type\":\"Article\",\"@id\":\"https:\/\/crees.org.do\/?p=26334#article\",\"isPartOf\":{\"@id\":\"https:\/\/crees.org.do\/?p=26334\"},\"author\":{\"name\":\"Crees\",\"@id\":\"https:\/\/crees.org.do\/#\/schema\/person\/e7f97cd94d7bf9cd0e0ce30acb7d56b8\"},\"headline\":\"Crees: Misi\u00f3n del FMI deja dudas sobre reforma tributaria en RD\",\"datePublished\":\"2024-08-02T15:08:46+00:00\",\"mainEntityOfPage\":{\"@id\":\"https:\/\/crees.org.do\/?p=26334\"},\"wordCount\":737,\"publisher\":{\"@id\":\"https:\/\/crees.org.do\/#organization\"},\"image\":{\"@id\":\"https:\/\/crees.org.do\/?p=26334#primaryimage\"},\"thumbnailUrl\":\"https:\/\/crees.org.do\/wp-content\/uploads\/2024\/08\/04072024-dialogo-libre-con-miguel-collado-di-franco-matias-boncosky02-focus-0.08-0.37-896-504.jpg\",\"articleSection\":[\"Actualidad\"],\"inLanguage\":\"es\"},{\"@type\":\"WebPage\",\"@id\":\"https:\/\/crees.org.do\/?p=26334\",\"url\":\"https:\/\/crees.org.do\/?p=26334\",\"name\":\"Crees: Misi\u00f3n del FMI deja dudas sobre reforma tributaria en RD | CREES\",\"isPartOf\":{\"@id\":\"https:\/\/crees.org.do\/#website\"},\"primaryImageOfPage\":{\"@id\":\"https:\/\/crees.org.do\/?p=26334#primaryimage\"},\"image\":{\"@id\":\"https:\/\/crees.org.do\/?p=26334#primaryimage\"},\"thumbnailUrl\":\"https:\/\/crees.org.do\/wp-content\/uploads\/2024\/08\/04072024-dialogo-libre-con-miguel-collado-di-franco-matias-boncosky02-focus-0.08-0.37-896-504.jpg\",\"datePublished\":\"2024-08-02T15:08:46+00:00\",\"breadcrumb\":{\"@id\":\"https:\/\/crees.org.do\/?p=26334#breadcrumb\"},\"inLanguage\":\"es\",\"potentialAction\":[{\"@type\":\"ReadAction\",\"target\":[\"https:\/\/crees.org.do\/?p=26334\"]}]},{\"@type\":\"ImageObject\",\"inLanguage\":\"es\",\"@id\":\"https:\/\/crees.org.do\/?p=26334#primaryimage\",\"url\":\"https:\/\/crees.org.do\/wp-content\/uploads\/2024\/08\/04072024-dialogo-libre-con-miguel-collado-di-franco-matias-boncosky02-focus-0.08-0.37-896-504.jpg\",\"contentUrl\":\"https:\/\/crees.org.do\/wp-content\/uploads\/2024\/08\/04072024-dialogo-libre-con-miguel-collado-di-franco-matias-boncosky02-focus-0.08-0.37-896-504.jpg\",\"width\":896,\"height\":504},{\"@type\":\"BreadcrumbList\",\"@id\":\"https:\/\/crees.org.do\/?p=26334#breadcrumb\",\"itemListElement\":[{\"@type\":\"ListItem\",\"position\":1,\"name\":\"Portada\",\"item\":\"https:\/\/crees.org.do\/\"},{\"@type\":\"ListItem\",\"position\":2,\"name\":\"Crees: Misi\u00f3n del FMI deja dudas sobre reforma tributaria en RD\"}]},{\"@type\":\"WebSite\",\"@id\":\"https:\/\/crees.org.do\/#website\",\"url\":\"https:\/\/crees.org.do\/\",\"name\":\"CREES\",\"description\":\"Centro Regional de Estrategias Econ\u00f3micas Sostenibles\",\"publisher\":{\"@id\":\"https:\/\/crees.org.do\/#organization\"},\"potentialAction\":[{\"@type\":\"SearchAction\",\"target\":{\"@type\":\"EntryPoint\",\"urlTemplate\":\"https:\/\/crees.org.do\/?s={search_term_string}\"},\"query-input\":{\"@type\":\"PropertyValueSpecification\",\"valueRequired\":true,\"valueName\":\"search_term_string\"}}],\"inLanguage\":\"es\"},{\"@type\":\"Organization\",\"@id\":\"https:\/\/crees.org.do\/#organization\",\"name\":\"CREES | Centro Regional de Estrategias Econ\u00f3micas Sostenibles\",\"url\":\"https:\/\/crees.org.do\/\",\"logo\":{\"@type\":\"ImageObject\",\"inLanguage\":\"es\",\"@id\":\"https:\/\/crees.org.do\/#\/schema\/logo\/image\/\",\"url\":\"https:\/\/crees.org.do\/wp-content\/uploads\/2022\/03\/crees-logo-1.jpg\",\"contentUrl\":\"https:\/\/crees.org.do\/wp-content\/uploads\/2022\/03\/crees-logo-1.jpg\",\"width\":244,\"height\":71,\"caption\":\"CREES | Centro Regional de Estrategias Econ\u00f3micas Sostenibles\"},\"image\":{\"@id\":\"https:\/\/crees.org.do\/#\/schema\/logo\/image\/\"},\"sameAs\":[\"https:\/\/www.facebook.com\/CREESRD\/\",\"https:\/\/x.com\/CREESRD\"]},{\"@type\":\"Person\",\"@id\":\"https:\/\/crees.org.do\/#\/schema\/person\/e7f97cd94d7bf9cd0e0ce30acb7d56b8\",\"name\":\"Crees\",\"image\":{\"@type\":\"ImageObject\",\"inLanguage\":\"es\",\"@id\":\"https:\/\/crees.org.do\/#\/schema\/person\/image\/\",\"url\":\"https:\/\/secure.gravatar.com\/avatar\/390ac8f0be5d9aa046152553e2dd7011b59a512d89c150f5e5f28bb8d9a0b165?s=96&d=mm&r=g\",\"contentUrl\":\"https:\/\/secure.gravatar.com\/avatar\/390ac8f0be5d9aa046152553e2dd7011b59a512d89c150f5e5f28bb8d9a0b165?s=96&d=mm&r=g\",\"caption\":\"Crees\"},\"url\":\"https:\/\/crees.org.do\/?author=2\"}]}<\/script>\n<!-- \/ Yoast SEO plugin. -->","yoast_head_json":{"title":"Crees: Misi\u00f3n del FMI deja dudas sobre reforma tributaria en RD | CREES","robots":{"index":"index","follow":"follow","max-snippet":"max-snippet:-1","max-image-preview":"max-image-preview:large","max-video-preview":"max-video-preview:-1"},"canonical":"https:\/\/crees.org.do\/?p=26334","og_locale":"es_ES","og_type":"article","og_title":"Crees: Misi\u00f3n del FMI deja dudas sobre reforma tributaria en RD | CREES","og_description":"Autor: Mar\u00eda del Carmen Guill\u00e9n Fecha: 30 de julio de 2024 Extra\u00eddo de:\u00a0Diario Libre El Centro Regional de Estrategias Econ\u00f3micas Sostenibles (Crees) consider\u00f3 ayer como\u00a0inconclusos los dos reportes\u00a0emitidos por la misi\u00f3n del Fondo Monetario Internacional (FMI) que visit\u00f3 el pa\u00eds recientemente para evaluar las condiciones econ\u00f3micas y monetarias de la Rep\u00fablica Dominicana. Lejos de ofrecer...","og_url":"https:\/\/crees.org.do\/?p=26334","og_site_name":"CREES","article_publisher":"https:\/\/www.facebook.com\/CREESRD\/","article_published_time":"2024-08-02T15:08:46+00:00","og_image":[{"width":896,"height":504,"url":"https:\/\/crees.org.do\/wp-content\/uploads\/2024\/08\/04072024-dialogo-libre-con-miguel-collado-di-franco-matias-boncosky02-focus-0.08-0.37-896-504.jpg","type":"image\/jpeg"}],"author":"Crees","twitter_card":"summary_large_image","twitter_creator":"@CREESRD","twitter_site":"@CREESRD","twitter_misc":{"Escrito por":"Crees","Tiempo de lectura":"4 minutos"},"schema":{"@context":"https:\/\/schema.org","@graph":[{"@type":"Article","@id":"https:\/\/crees.org.do\/?p=26334#article","isPartOf":{"@id":"https:\/\/crees.org.do\/?p=26334"},"author":{"name":"Crees","@id":"https:\/\/crees.org.do\/#\/schema\/person\/e7f97cd94d7bf9cd0e0ce30acb7d56b8"},"headline":"Crees: Misi\u00f3n del FMI deja dudas sobre reforma tributaria en RD","datePublished":"2024-08-02T15:08:46+00:00","mainEntityOfPage":{"@id":"https:\/\/crees.org.do\/?p=26334"},"wordCount":737,"publisher":{"@id":"https:\/\/crees.org.do\/#organization"},"image":{"@id":"https:\/\/crees.org.do\/?p=26334#primaryimage"},"thumbnailUrl":"https:\/\/crees.org.do\/wp-content\/uploads\/2024\/08\/04072024-dialogo-libre-con-miguel-collado-di-franco-matias-boncosky02-focus-0.08-0.37-896-504.jpg","articleSection":["Actualidad"],"inLanguage":"es"},{"@type":"WebPage","@id":"https:\/\/crees.org.do\/?p=26334","url":"https:\/\/crees.org.do\/?p=26334","name":"Crees: Misi\u00f3n del FMI deja dudas sobre reforma tributaria en RD | CREES","isPartOf":{"@id":"https:\/\/crees.org.do\/#website"},"primaryImageOfPage":{"@id":"https:\/\/crees.org.do\/?p=26334#primaryimage"},"image":{"@id":"https:\/\/crees.org.do\/?p=26334#primaryimage"},"thumbnailUrl":"https:\/\/crees.org.do\/wp-content\/uploads\/2024\/08\/04072024-dialogo-libre-con-miguel-collado-di-franco-matias-boncosky02-focus-0.08-0.37-896-504.jpg","datePublished":"2024-08-02T15:08:46+00:00","breadcrumb":{"@id":"https:\/\/crees.org.do\/?p=26334#breadcrumb"},"inLanguage":"es","potentialAction":[{"@type":"ReadAction","target":["https:\/\/crees.org.do\/?p=26334"]}]},{"@type":"ImageObject","inLanguage":"es","@id":"https:\/\/crees.org.do\/?p=26334#primaryimage","url":"https:\/\/crees.org.do\/wp-content\/uploads\/2024\/08\/04072024-dialogo-libre-con-miguel-collado-di-franco-matias-boncosky02-focus-0.08-0.37-896-504.jpg","contentUrl":"https:\/\/crees.org.do\/wp-content\/uploads\/2024\/08\/04072024-dialogo-libre-con-miguel-collado-di-franco-matias-boncosky02-focus-0.08-0.37-896-504.jpg","width":896,"height":504},{"@type":"BreadcrumbList","@id":"https:\/\/crees.org.do\/?p=26334#breadcrumb","itemListElement":[{"@type":"ListItem","position":1,"name":"Portada","item":"https:\/\/crees.org.do\/"},{"@type":"ListItem","position":2,"name":"Crees: Misi\u00f3n del FMI deja dudas sobre reforma tributaria en RD"}]},{"@type":"WebSite","@id":"https:\/\/crees.org.do\/#website","url":"https:\/\/crees.org.do\/","name":"CREES","description":"Centro Regional de Estrategias Econ\u00f3micas Sostenibles","publisher":{"@id":"https:\/\/crees.org.do\/#organization"},"potentialAction":[{"@type":"SearchAction","target":{"@type":"EntryPoint","urlTemplate":"https:\/\/crees.org.do\/?s={search_term_string}"},"query-input":{"@type":"PropertyValueSpecification","valueRequired":true,"valueName":"search_term_string"}}],"inLanguage":"es"},{"@type":"Organization","@id":"https:\/\/crees.org.do\/#organization","name":"CREES | Centro Regional de Estrategias Econ\u00f3micas Sostenibles","url":"https:\/\/crees.org.do\/","logo":{"@type":"ImageObject","inLanguage":"es","@id":"https:\/\/crees.org.do\/#\/schema\/logo\/image\/","url":"https:\/\/crees.org.do\/wp-content\/uploads\/2022\/03\/crees-logo-1.jpg","contentUrl":"https:\/\/crees.org.do\/wp-content\/uploads\/2022\/03\/crees-logo-1.jpg","width":244,"height":71,"caption":"CREES | Centro Regional de Estrategias Econ\u00f3micas Sostenibles"},"image":{"@id":"https:\/\/crees.org.do\/#\/schema\/logo\/image\/"},"sameAs":["https:\/\/www.facebook.com\/CREESRD\/","https:\/\/x.com\/CREESRD"]},{"@type":"Person","@id":"https:\/\/crees.org.do\/#\/schema\/person\/e7f97cd94d7bf9cd0e0ce30acb7d56b8","name":"Crees","image":{"@type":"ImageObject","inLanguage":"es","@id":"https:\/\/crees.org.do\/#\/schema\/person\/image\/","url":"https:\/\/secure.gravatar.com\/avatar\/390ac8f0be5d9aa046152553e2dd7011b59a512d89c150f5e5f28bb8d9a0b165?s=96&d=mm&r=g","contentUrl":"https:\/\/secure.gravatar.com\/avatar\/390ac8f0be5d9aa046152553e2dd7011b59a512d89c150f5e5f28bb8d9a0b165?s=96&d=mm&r=g","caption":"Crees"},"url":"https:\/\/crees.org.do\/?author=2"}]}},"_links":{"self":[{"href":"https:\/\/crees.org.do\/index.php?rest_route=\/wp\/v2\/posts\/26334","targetHints":{"allow":["GET"]}}],"collection":[{"href":"https:\/\/crees.org.do\/index.php?rest_route=\/wp\/v2\/posts"}],"about":[{"href":"https:\/\/crees.org.do\/index.php?rest_route=\/wp\/v2\/types\/post"}],"author":[{"embeddable":true,"href":"https:\/\/crees.org.do\/index.php?rest_route=\/wp\/v2\/users\/2"}],"replies":[{"embeddable":true,"href":"https:\/\/crees.org.do\/index.php?rest_route=%2Fwp%2Fv2%2Fcomments&post=26334"}],"version-history":[{"count":1,"href":"https:\/\/crees.org.do\/index.php?rest_route=\/wp\/v2\/posts\/26334\/revisions"}],"predecessor-version":[{"id":26336,"href":"https:\/\/crees.org.do\/index.php?rest_route=\/wp\/v2\/posts\/26334\/revisions\/26336"}],"wp:featuredmedia":[{"embeddable":true,"href":"https:\/\/crees.org.do\/index.php?rest_route=\/wp\/v2\/media\/26335"}],"wp:attachment":[{"href":"https:\/\/crees.org.do\/index.php?rest_route=%2Fwp%2Fv2%2Fmedia&parent=26334"}],"wp:term":[{"taxonomy":"category","embeddable":true,"href":"https:\/\/crees.org.do\/index.php?rest_route=%2Fwp%2Fv2%2Fcategories&post=26334"},{"taxonomy":"post_tag","embeddable":true,"href":"https:\/\/crees.org.do\/index.php?rest_route=%2Fwp%2Fv2%2Ftags&post=26334"}],"curies":[{"name":"wp","href":"https:\/\/api.w.org\/{rel}","templated":true}]}}