{"id":27455,"date":"2025-01-17T13:18:11","date_gmt":"2025-01-17T13:18:11","guid":{"rendered":"https:\/\/crees.org.do\/?p=27455"},"modified":"2025-04-15T20:40:58","modified_gmt":"2025-04-15T20:40:58","slug":"impuestos-y-desigualdad","status":"publish","type":"post","link":"https:\/\/crees.org.do\/?p=27455","title":{"rendered":"Impuestos y desigualdad"},"content":{"rendered":"<p><img fetchpriority=\"high\" decoding=\"async\" class=\"aligncenter wp-image-27456\" src=\"https:\/\/crees.org.do\/wp-content\/uploads\/2025\/01\/gonzalo-schwarz_0.jpg\" alt=\"\" width=\"300\" height=\"300\" srcset=\"https:\/\/crees.org.do\/wp-content\/uploads\/2025\/01\/gonzalo-schwarz_0.jpg 220w, https:\/\/crees.org.do\/wp-content\/uploads\/2025\/01\/gonzalo-schwarz_0-150x150.jpg 150w\" sizes=\"(max-width: 300px) 100vw, 300px\" \/><\/p>\n<h2 class=\"page-title\" style=\"text-align: center;\">Impuestos y desigualdad<\/h2>\n<p>Autor: Gonzalo Schwarz<\/p>\n<p>Publicado originalmente: 15 de enero de 2025<\/p>\n<p>Extra\u00eddo de:\u00a0<a href=\"https:\/\/www.elcato.org\/impuestos-y-desigualdad\">El Cato<\/a><\/p>\n<h3 class=\"page-title\" style=\"text-align: justify;\"><strong>Gonzalo Schwarz<\/strong>\u00a0indica que a pesar de que Uruguay ostenta una de las instituciones m\u00e1s s\u00f3lidas en la regi\u00f3n, todav\u00eda predomina un discurso basado en la seguridad econ\u00f3mica y juego de suma cero enfocado en la desigualdad en vez del dinamismo econ\u00f3mico.<\/h3>\n<p style=\"text-align: justify;\">Las elecciones nos demuestran que en\u00a0<strong>Uruguay<\/strong>\u00a0la\u00a0<strong>democracia\u00a0<\/strong>sigue vivita y coleando y que nuestro pa\u00eds sigue siendo un ejemplo de instituciones fuertes en la regi\u00f3n. Sin embargo, lo que tambi\u00e9n nos mostraron es que seguimos pensando de manera paulatina sobre los cambios que requerimos para que los uruguayos alcancen su m\u00e1ximo potencial y tengan m\u00e1s\u00a0<strong>florecimiento humano<\/strong>. Mi pa\u00eds no es el de los grandes cambios, sino de las reformas y movimientos graduales. Donde prevalece m\u00e1s un discurso basado en la\u00a0<strong>seguridad econ\u00f3mica<\/strong>\u00a0y juego de suma cero enfocado en la\u00a0<strong>desigualdad<\/strong>\u00a0en vez de en el\u00a0<strong>dinamismo econ\u00f3mico<\/strong>, el cual a la larga genera m\u00e1s seguridad econ\u00f3mica y m\u00e1s\u00a0<strong>movilidad social<\/strong>.<\/p>\n<p style=\"text-align: justify;\">El estar en contra de la desigualdad es loable, si a lo que nos referimos con eso es que nos preocupa que la gente que est\u00e1 en la\u00a0<strong>pobreza<\/strong>\u00a0no puede salir de ella y que existen barreras que dejan a la gente en la pobreza. Pero, si en cambio, lo vemos como al parecer lo ven varios sectores de la izquierda actual uruguaya como una<strong>\u00a0lucha de clases<\/strong>, como un\u00a0<strong>juego de suma cero<\/strong>\u00a0que requiere que para que esos pobres salgan de la pobreza hay que atacar o estar en contra de los ricos, ah\u00ed ya el concepto de<strong>\u00a0desigualdad econ\u00f3mica\u00a0<\/strong>pierde su relevancia. Ya que al enfocarse en ese aspecto y no en c\u00f3mo remover las barreras que generan m\u00e1s desigualdad econ\u00f3mica acabaremos generando m\u00e1s pobres en el largo plazo.<\/p>\n<p style=\"text-align: justify;\">Hace poco escuchamos propuestas de economistas como<strong>\u00a0Mauricio De Rosa<\/strong>\u00a0que proponen un<strong>\u00a0impuesto al patrimonio<\/strong>. Cabe destacar que en la actualidad muy pocos pa\u00edses tienen este tipo de impuestos, solamente Colombia, Noruega, Suiza y Espa\u00f1a. La tendencia en los \u00faltimos a\u00f1os ha sido de m\u00e1s bien remover ese tipo de impuestos. En 1995 hab\u00eda 15 pa\u00edses que ten\u00edan un impuesto al patrimonio y ahora, como dec\u00edamos, hay solo cuatro. Entre los pa\u00edses que han removido sus impuestos al patrimonio luego de experimentar con ellos, se incluye a pa\u00edses como Alemania, Pa\u00edses Bajos, Dinamarca, Finlandia y Suecia, entre algunos de los m\u00e1s llamativos. Si muchos de esos pa\u00edses, y en especial, los escandinavos, que son conocidos como los pa\u00edses con mayor movilidad social y menor desigualdad, remueven esos impuestos, \u00bfpor qu\u00e9 pensamos que en Uruguay eso funcionar\u00eda?<\/p>\n<p style=\"text-align: justify;\">Existen varias cr\u00edticas al impuesto al patrimonio. En primer lugar, hay problemas legales, ya que pa\u00edses que lo han removido como los\u00a0<strong>Pa\u00edses Bajos<\/strong>\u00a0dictaminaron que iba en contra de su constituci\u00f3n. Otra critica es que es doble o hasta a veces un triple impuesto ya que las personas de altos ingresos ya pagan impuestos a los dividendos, a las ganancias de sus inversiones, impuestos a la propiedad y muchos otros impuestos. De igual manera esos impuestos desincentivan la\u00a0<strong>inversi\u00f3n privada<\/strong>, cae la<strong>\u00a0actividad econ\u00f3mica<\/strong>\u00a0y ciertamente hacen que el capital se escape del pa\u00eds y sea invertido en otros lados. En el largo plazo para reducir la desigualdad con este tipo de impuestos s\u00f3lo se logra que haya menos\u00a0<strong>oportunidades laborales<\/strong>\u00a0y actividad econ\u00f3mica, algo que perjudica m\u00e1s a las clases bajas y medias.<\/p>\n<p style=\"text-align: justify;\">El 50% m\u00e1s rico de la poblaci\u00f3n paga un poco m\u00e1s del 97% de todos los impuestos y el 50% m\u00e1s pobre de la poblaci\u00f3n paga solo un poco m\u00e1s del 2% de todos los impuestos en Estados Unidos. \u00bfEso nos parece justo? Ser\u00eda bueno conocer estas estad\u00edsticas en Uruguay antes de pensar en nuevos impuestos. Lo que s\u00ed sabemos es que, en rankings, Uruguay es el tercer pa\u00eds con m\u00e1s\u00a0<strong>carga impositiva\u00a0<\/strong>en la regi\u00f3n, detr\u00e1s de\u00a0<strong>Brasil<\/strong>\u00a0y\u00a0<strong>Argentina<\/strong>.<\/p>\n<p style=\"text-align: justify;\">Cabe preguntarse tambi\u00e9n, para qu\u00e9 precisamos m\u00e1s impuestos, para qu\u00e9 precisamos m\u00e1s recaudaci\u00f3n. Y hay que preguntarse, \u00bfno hay c\u00f3mo reducir gastos en el estado para compensar cualquier\u00a0<strong>d\u00e9ficit<\/strong>? \u00bfEstamos 100% seguros de que todo lo que se gasta en el estado es eficiente, es necesario?<\/p>\n<p style=\"text-align: justify;\">Mas all\u00e1 de toda esa discusi\u00f3n y argumentos que pueden existir a favor o en contra de un impuesto al patrimonio, la pregunta deber\u00eda ser \u00bfqu\u00e9 tan importante es la desigualdad econ\u00f3mica, si a la vez hay movilidad social? La movilidad social es un juego de suma positiva donde a diferencia de ver el mundo, a trav\u00e9s del lente de la desigualdad econ\u00f3mica, no precisamos que algunas personas bajen de la escala para que otras puedan subir. Una movilidad social ascendente es posible para todos los grupos a la vez.<\/p>\n<p style=\"text-align: justify;\">Tal vez el mensaje del\u00a0<strong>desarrollo econ\u00f3mico<\/strong>\u00a0haya sido el equivocado en las \u00faltimas elecciones. Pero lo que no es equivocado es pensar en que ese desarrollo conlleva a mayor movilidad social. Tal vez es un mensaje para las pr\u00f3ximas elecciones, que el enfoque debiese ser en la movilidad social y en enfocarse en que todos los uruguayos puedan encontrar su auto realizaci\u00f3n y pensar en el florecimiento humano como una meta. Ya veremos lo que nos deparan los siguientes cinco a\u00f1os, la campa\u00f1a no dej\u00f3 mucho para analizar en cuanto a qu\u00e9 pol\u00edticas p\u00fablicas espec\u00edficas se van a promover.<\/p>\n<p style=\"text-align: justify;\">Pero con un impuesto al patrimonio, un enfoque m\u00e1s socialista como acaba de confirmar el futuro ministro de trabajo no deja mucho que desear. Al contrario, muchos de los pa\u00edses con m\u00e1s movilidad social y menos desigualdad son m\u00e1s capitalistas de lo que se piensa. Los impuestos corporativos en los pa\u00edses escandinavos rondan el 20%, en Uruguay, el 25%. No importa tanto la recaudaci\u00f3n del<strong>\u00a0impuesto corporativo<\/strong>, sino los incentivos que eso tiene a la<strong>\u00a0creaci\u00f3n de empresas<\/strong>\u00a0y\u00a0<strong>generaci\u00f3n de empleo<\/strong>, que es la principal manera en que las personas pueden subir la escala econ\u00f3mica.<\/p>\n<p style=\"text-align: justify;\">Estas son cosas que vale la pena discutir en Uruguay, pero siempre enfoc\u00e1ndose en c\u00f3mo eso ayuda a las personas, no necesariamente c\u00f3mo empujar un sistema ideol\u00f3gico u otro. El florecimiento humano se da cuando todos los ciudadanos pueden aspirar a lograr su m\u00e1ximo potencial humano y proyectarse a futuro. \u00bfEn serio pensamos en que la mejor manera de lograr esto es hablar de impuestos y promover juegos de suma cero? Me caben muchas dudas.<\/p>\n<p style=\"text-align: justify;\"><em>Este art\u00edculo fue publicado originalmente en\u00a0<\/em><a href=\"https:\/\/www.miradasur.org\/p\/impuestos-y-desigualdad\" target=\"_blank\" rel=\"noopener\">El Pa\u00eds<\/a><em>\u00a0(Uruguay) el 7 de enero de 2025.<\/em><\/p>\n<div class=\"pvc_clear\"><\/div>\n<p class=\"pvc_stats all \" data-element-id=\"27455\" style=\"\"><i class=\"pvc-stats-icon medium\" aria-hidden=\"true\"><svg aria-hidden=\"true\" focusable=\"false\" data-prefix=\"far\" data-icon=\"chart-bar\" role=\"img\" xmlns=\"http:\/\/www.w3.org\/2000\/svg\" viewBox=\"0 0 512 512\" class=\"svg-inline--fa fa-chart-bar fa-w-16 fa-2x\"><path fill=\"currentColor\" d=\"M396.8 352h22.4c6.4 0 12.8-6.4 12.8-12.8V108.8c0-6.4-6.4-12.8-12.8-12.8h-22.4c-6.4 0-12.8 6.4-12.8 12.8v230.4c0 6.4 6.4 12.8 12.8 12.8zm-192 0h22.4c6.4 0 12.8-6.4 12.8-12.8V140.8c0-6.4-6.4-12.8-12.8-12.8h-22.4c-6.4 0-12.8 6.4-12.8 12.8v198.4c0 6.4 6.4 12.8 12.8 12.8zm96 0h22.4c6.4 0 12.8-6.4 12.8-12.8V204.8c0-6.4-6.4-12.8-12.8-12.8h-22.4c-6.4 0-12.8 6.4-12.8 12.8v134.4c0 6.4 6.4 12.8 12.8 12.8zM496 400H48V80c0-8.84-7.16-16-16-16H16C7.16 64 0 71.16 0 80v336c0 17.67 14.33 32 32 32h464c8.84 0 16-7.16 16-16v-16c0-8.84-7.16-16-16-16zm-387.2-48h22.4c6.4 0 12.8-6.4 12.8-12.8v-70.4c0-6.4-6.4-12.8-12.8-12.8h-22.4c-6.4 0-12.8 6.4-12.8 12.8v70.4c0 6.4 6.4 12.8 12.8 12.8z\" class=\"\"><\/path><\/svg><\/i> Vistas Totales&nbsp;1,315&nbsp;, Vistas Hoy&nbsp;4&nbsp;<\/p>\n<div class=\"pvc_clear\"><\/div>\n","protected":false},"excerpt":{"rendered":"<p>Impuestos y desigualdad Autor: Gonzalo Schwarz Publicado originalmente: 15 de enero de 2025 Extra\u00eddo de:\u00a0El Cato Gonzalo Schwarz\u00a0indica que a pesar de que Uruguay ostenta una de las instituciones m\u00e1s s\u00f3lidas en la regi\u00f3n, todav\u00eda predomina un discurso basado en la seguridad econ\u00f3mica y juego de suma cero enfocado en la desigualdad en vez del&#8230;<\/p>\n<div class=\"pvc_clear\"><\/div>\n<p class=\"pvc_stats all \" data-element-id=\"27455\" style=\"\"><i class=\"pvc-stats-icon medium\" aria-hidden=\"true\"><svg aria-hidden=\"true\" focusable=\"false\" data-prefix=\"far\" data-icon=\"chart-bar\" role=\"img\" xmlns=\"http:\/\/www.w3.org\/2000\/svg\" viewBox=\"0 0 512 512\" class=\"svg-inline--fa fa-chart-bar fa-w-16 fa-2x\"><path fill=\"currentColor\" d=\"M396.8 352h22.4c6.4 0 12.8-6.4 12.8-12.8V108.8c0-6.4-6.4-12.8-12.8-12.8h-22.4c-6.4 0-12.8 6.4-12.8 12.8v230.4c0 6.4 6.4 12.8 12.8 12.8zm-192 0h22.4c6.4 0 12.8-6.4 12.8-12.8V140.8c0-6.4-6.4-12.8-12.8-12.8h-22.4c-6.4 0-12.8 6.4-12.8 12.8v198.4c0 6.4 6.4 12.8 12.8 12.8zm96 0h22.4c6.4 0 12.8-6.4 12.8-12.8V204.8c0-6.4-6.4-12.8-12.8-12.8h-22.4c-6.4 0-12.8 6.4-12.8 12.8v134.4c0 6.4 6.4 12.8 12.8 12.8zM496 400H48V80c0-8.84-7.16-16-16-16H16C7.16 64 0 71.16 0 80v336c0 17.67 14.33 32 32 32h464c8.84 0 16-7.16 16-16v-16c0-8.84-7.16-16-16-16zm-387.2-48h22.4c6.4 0 12.8-6.4 12.8-12.8v-70.4c0-6.4-6.4-12.8-12.8-12.8h-22.4c-6.4 0-12.8 6.4-12.8 12.8v70.4c0 6.4 6.4 12.8 12.8 12.8z\" class=\"\"><\/path><\/svg><\/i> Vistas Totales&nbsp;1,315&nbsp;, Vistas Hoy&nbsp;4&nbsp;<\/p>\n<div class=\"pvc_clear\"><\/div>\n","protected":false},"author":2,"featured_media":27457,"comment_status":"closed","ping_status":"closed","sticky":false,"template":"","format":"standard","meta":{"footnotes":""},"categories":[22],"tags":[],"class_list":["post-27455","post","type-post","status-publish","format-standard","has-post-thumbnail","hentry","category-articulos"],"yoast_head":"<!-- This site is optimized with the Yoast SEO plugin v25.2 - https:\/\/yoast.com\/wordpress\/plugins\/seo\/ -->\n<title>Impuestos y desigualdad | CREES<\/title>\n<meta name=\"robots\" content=\"index, follow, max-snippet:-1, max-image-preview:large, max-video-preview:-1\" \/>\n<link rel=\"canonical\" href=\"https:\/\/crees.org.do\/?p=27455\" \/>\n<meta property=\"og:locale\" content=\"es_ES\" \/>\n<meta property=\"og:type\" content=\"article\" \/>\n<meta property=\"og:title\" content=\"Impuestos y desigualdad | CREES\" \/>\n<meta property=\"og:description\" content=\"Impuestos y desigualdad Autor: Gonzalo Schwarz Publicado originalmente: 15 de enero de 2025 Extra\u00eddo de:\u00a0El Cato Gonzalo Schwarz\u00a0indica que a pesar de que Uruguay ostenta una de las instituciones m\u00e1s s\u00f3lidas en la regi\u00f3n, todav\u00eda predomina un discurso basado en la seguridad econ\u00f3mica y juego de suma cero enfocado en la desigualdad en vez del...\" \/>\n<meta property=\"og:url\" content=\"https:\/\/crees.org.do\/?p=27455\" \/>\n<meta property=\"og:site_name\" content=\"CREES\" \/>\n<meta property=\"article:publisher\" content=\"https:\/\/www.facebook.com\/CREESRD\/\" \/>\n<meta property=\"article:published_time\" content=\"2025-01-17T13:18:11+00:00\" \/>\n<meta property=\"article:modified_time\" content=\"2025-04-15T20:40:58+00:00\" \/>\n<meta property=\"og:image\" content=\"https:\/\/crees.org.do\/wp-content\/uploads\/2025\/01\/gettyimages-484158138-scaled.jpeg\" \/>\n\t<meta property=\"og:image:width\" content=\"1200\" \/>\n\t<meta property=\"og:image:height\" content=\"641\" \/>\n\t<meta property=\"og:image:type\" content=\"image\/jpeg\" \/>\n<meta name=\"author\" content=\"Crees\" \/>\n<meta name=\"twitter:card\" content=\"summary_large_image\" \/>\n<meta name=\"twitter:creator\" content=\"@CREESRD\" \/>\n<meta name=\"twitter:site\" content=\"@CREESRD\" \/>\n<meta name=\"twitter:label1\" content=\"Escrito por\" \/>\n\t<meta name=\"twitter:data1\" content=\"Crees\" \/>\n\t<meta name=\"twitter:label2\" content=\"Tiempo de lectura\" \/>\n\t<meta name=\"twitter:data2\" content=\"6 minutos\" \/>\n<script type=\"application\/ld+json\" class=\"yoast-schema-graph\">{\"@context\":\"https:\/\/schema.org\",\"@graph\":[{\"@type\":\"Article\",\"@id\":\"https:\/\/crees.org.do\/?p=27455#article\",\"isPartOf\":{\"@id\":\"https:\/\/crees.org.do\/?p=27455\"},\"author\":{\"name\":\"Crees\",\"@id\":\"https:\/\/crees.org.do\/#\/schema\/person\/e7f97cd94d7bf9cd0e0ce30acb7d56b8\"},\"headline\":\"Impuestos y desigualdad\",\"datePublished\":\"2025-01-17T13:18:11+00:00\",\"dateModified\":\"2025-04-15T20:40:58+00:00\",\"mainEntityOfPage\":{\"@id\":\"https:\/\/crees.org.do\/?p=27455\"},\"wordCount\":1167,\"publisher\":{\"@id\":\"https:\/\/crees.org.do\/#organization\"},\"image\":{\"@id\":\"https:\/\/crees.org.do\/?p=27455#primaryimage\"},\"thumbnailUrl\":\"https:\/\/crees.org.do\/wp-content\/uploads\/2025\/01\/gettyimages-484158138-scaled.jpeg\",\"articleSection\":[\"Art\u00edculos\"],\"inLanguage\":\"es\"},{\"@type\":\"WebPage\",\"@id\":\"https:\/\/crees.org.do\/?p=27455\",\"url\":\"https:\/\/crees.org.do\/?p=27455\",\"name\":\"Impuestos y desigualdad | CREES\",\"isPartOf\":{\"@id\":\"https:\/\/crees.org.do\/#website\"},\"primaryImageOfPage\":{\"@id\":\"https:\/\/crees.org.do\/?p=27455#primaryimage\"},\"image\":{\"@id\":\"https:\/\/crees.org.do\/?p=27455#primaryimage\"},\"thumbnailUrl\":\"https:\/\/crees.org.do\/wp-content\/uploads\/2025\/01\/gettyimages-484158138-scaled.jpeg\",\"datePublished\":\"2025-01-17T13:18:11+00:00\",\"dateModified\":\"2025-04-15T20:40:58+00:00\",\"breadcrumb\":{\"@id\":\"https:\/\/crees.org.do\/?p=27455#breadcrumb\"},\"inLanguage\":\"es\",\"potentialAction\":[{\"@type\":\"ReadAction\",\"target\":[\"https:\/\/crees.org.do\/?p=27455\"]}]},{\"@type\":\"ImageObject\",\"inLanguage\":\"es\",\"@id\":\"https:\/\/crees.org.do\/?p=27455#primaryimage\",\"url\":\"https:\/\/crees.org.do\/wp-content\/uploads\/2025\/01\/gettyimages-484158138-scaled.jpeg\",\"contentUrl\":\"https:\/\/crees.org.do\/wp-content\/uploads\/2025\/01\/gettyimages-484158138-scaled.jpeg\",\"width\":1200,\"height\":641},{\"@type\":\"BreadcrumbList\",\"@id\":\"https:\/\/crees.org.do\/?p=27455#breadcrumb\",\"itemListElement\":[{\"@type\":\"ListItem\",\"position\":1,\"name\":\"Portada\",\"item\":\"https:\/\/crees.org.do\/\"},{\"@type\":\"ListItem\",\"position\":2,\"name\":\"Impuestos y desigualdad\"}]},{\"@type\":\"WebSite\",\"@id\":\"https:\/\/crees.org.do\/#website\",\"url\":\"https:\/\/crees.org.do\/\",\"name\":\"CREES\",\"description\":\"Centro Regional de Estrategias Econ\u00f3micas Sostenibles\",\"publisher\":{\"@id\":\"https:\/\/crees.org.do\/#organization\"},\"potentialAction\":[{\"@type\":\"SearchAction\",\"target\":{\"@type\":\"EntryPoint\",\"urlTemplate\":\"https:\/\/crees.org.do\/?s={search_term_string}\"},\"query-input\":{\"@type\":\"PropertyValueSpecification\",\"valueRequired\":true,\"valueName\":\"search_term_string\"}}],\"inLanguage\":\"es\"},{\"@type\":\"Organization\",\"@id\":\"https:\/\/crees.org.do\/#organization\",\"name\":\"CREES | Centro Regional de Estrategias Econ\u00f3micas Sostenibles\",\"url\":\"https:\/\/crees.org.do\/\",\"logo\":{\"@type\":\"ImageObject\",\"inLanguage\":\"es\",\"@id\":\"https:\/\/crees.org.do\/#\/schema\/logo\/image\/\",\"url\":\"https:\/\/crees.org.do\/wp-content\/uploads\/2022\/03\/crees-logo-1.jpg\",\"contentUrl\":\"https:\/\/crees.org.do\/wp-content\/uploads\/2022\/03\/crees-logo-1.jpg\",\"width\":244,\"height\":71,\"caption\":\"CREES | Centro Regional de Estrategias Econ\u00f3micas Sostenibles\"},\"image\":{\"@id\":\"https:\/\/crees.org.do\/#\/schema\/logo\/image\/\"},\"sameAs\":[\"https:\/\/www.facebook.com\/CREESRD\/\",\"https:\/\/x.com\/CREESRD\"]},{\"@type\":\"Person\",\"@id\":\"https:\/\/crees.org.do\/#\/schema\/person\/e7f97cd94d7bf9cd0e0ce30acb7d56b8\",\"name\":\"Crees\",\"image\":{\"@type\":\"ImageObject\",\"inLanguage\":\"es\",\"@id\":\"https:\/\/crees.org.do\/#\/schema\/person\/image\/\",\"url\":\"https:\/\/secure.gravatar.com\/avatar\/390ac8f0be5d9aa046152553e2dd7011b59a512d89c150f5e5f28bb8d9a0b165?s=96&d=mm&r=g\",\"contentUrl\":\"https:\/\/secure.gravatar.com\/avatar\/390ac8f0be5d9aa046152553e2dd7011b59a512d89c150f5e5f28bb8d9a0b165?s=96&d=mm&r=g\",\"caption\":\"Crees\"},\"url\":\"https:\/\/crees.org.do\/?author=2\"}]}<\/script>\n<!-- \/ Yoast SEO plugin. -->","yoast_head_json":{"title":"Impuestos y desigualdad | CREES","robots":{"index":"index","follow":"follow","max-snippet":"max-snippet:-1","max-image-preview":"max-image-preview:large","max-video-preview":"max-video-preview:-1"},"canonical":"https:\/\/crees.org.do\/?p=27455","og_locale":"es_ES","og_type":"article","og_title":"Impuestos y desigualdad | CREES","og_description":"Impuestos y desigualdad Autor: Gonzalo Schwarz Publicado originalmente: 15 de enero de 2025 Extra\u00eddo de:\u00a0El Cato Gonzalo Schwarz\u00a0indica que a pesar de que Uruguay ostenta una de las instituciones m\u00e1s s\u00f3lidas en la regi\u00f3n, todav\u00eda predomina un discurso basado en la seguridad econ\u00f3mica y juego de suma cero enfocado en la desigualdad en vez del...","og_url":"https:\/\/crees.org.do\/?p=27455","og_site_name":"CREES","article_publisher":"https:\/\/www.facebook.com\/CREESRD\/","article_published_time":"2025-01-17T13:18:11+00:00","article_modified_time":"2025-04-15T20:40:58+00:00","og_image":[{"width":1200,"height":641,"url":"https:\/\/crees.org.do\/wp-content\/uploads\/2025\/01\/gettyimages-484158138-scaled.jpeg","type":"image\/jpeg"}],"author":"Crees","twitter_card":"summary_large_image","twitter_creator":"@CREESRD","twitter_site":"@CREESRD","twitter_misc":{"Escrito por":"Crees","Tiempo de lectura":"6 minutos"},"schema":{"@context":"https:\/\/schema.org","@graph":[{"@type":"Article","@id":"https:\/\/crees.org.do\/?p=27455#article","isPartOf":{"@id":"https:\/\/crees.org.do\/?p=27455"},"author":{"name":"Crees","@id":"https:\/\/crees.org.do\/#\/schema\/person\/e7f97cd94d7bf9cd0e0ce30acb7d56b8"},"headline":"Impuestos y desigualdad","datePublished":"2025-01-17T13:18:11+00:00","dateModified":"2025-04-15T20:40:58+00:00","mainEntityOfPage":{"@id":"https:\/\/crees.org.do\/?p=27455"},"wordCount":1167,"publisher":{"@id":"https:\/\/crees.org.do\/#organization"},"image":{"@id":"https:\/\/crees.org.do\/?p=27455#primaryimage"},"thumbnailUrl":"https:\/\/crees.org.do\/wp-content\/uploads\/2025\/01\/gettyimages-484158138-scaled.jpeg","articleSection":["Art\u00edculos"],"inLanguage":"es"},{"@type":"WebPage","@id":"https:\/\/crees.org.do\/?p=27455","url":"https:\/\/crees.org.do\/?p=27455","name":"Impuestos y desigualdad | CREES","isPartOf":{"@id":"https:\/\/crees.org.do\/#website"},"primaryImageOfPage":{"@id":"https:\/\/crees.org.do\/?p=27455#primaryimage"},"image":{"@id":"https:\/\/crees.org.do\/?p=27455#primaryimage"},"thumbnailUrl":"https:\/\/crees.org.do\/wp-content\/uploads\/2025\/01\/gettyimages-484158138-scaled.jpeg","datePublished":"2025-01-17T13:18:11+00:00","dateModified":"2025-04-15T20:40:58+00:00","breadcrumb":{"@id":"https:\/\/crees.org.do\/?p=27455#breadcrumb"},"inLanguage":"es","potentialAction":[{"@type":"ReadAction","target":["https:\/\/crees.org.do\/?p=27455"]}]},{"@type":"ImageObject","inLanguage":"es","@id":"https:\/\/crees.org.do\/?p=27455#primaryimage","url":"https:\/\/crees.org.do\/wp-content\/uploads\/2025\/01\/gettyimages-484158138-scaled.jpeg","contentUrl":"https:\/\/crees.org.do\/wp-content\/uploads\/2025\/01\/gettyimages-484158138-scaled.jpeg","width":1200,"height":641},{"@type":"BreadcrumbList","@id":"https:\/\/crees.org.do\/?p=27455#breadcrumb","itemListElement":[{"@type":"ListItem","position":1,"name":"Portada","item":"https:\/\/crees.org.do\/"},{"@type":"ListItem","position":2,"name":"Impuestos y desigualdad"}]},{"@type":"WebSite","@id":"https:\/\/crees.org.do\/#website","url":"https:\/\/crees.org.do\/","name":"CREES","description":"Centro Regional de Estrategias Econ\u00f3micas Sostenibles","publisher":{"@id":"https:\/\/crees.org.do\/#organization"},"potentialAction":[{"@type":"SearchAction","target":{"@type":"EntryPoint","urlTemplate":"https:\/\/crees.org.do\/?s={search_term_string}"},"query-input":{"@type":"PropertyValueSpecification","valueRequired":true,"valueName":"search_term_string"}}],"inLanguage":"es"},{"@type":"Organization","@id":"https:\/\/crees.org.do\/#organization","name":"CREES | Centro Regional de Estrategias Econ\u00f3micas Sostenibles","url":"https:\/\/crees.org.do\/","logo":{"@type":"ImageObject","inLanguage":"es","@id":"https:\/\/crees.org.do\/#\/schema\/logo\/image\/","url":"https:\/\/crees.org.do\/wp-content\/uploads\/2022\/03\/crees-logo-1.jpg","contentUrl":"https:\/\/crees.org.do\/wp-content\/uploads\/2022\/03\/crees-logo-1.jpg","width":244,"height":71,"caption":"CREES | Centro Regional de Estrategias Econ\u00f3micas Sostenibles"},"image":{"@id":"https:\/\/crees.org.do\/#\/schema\/logo\/image\/"},"sameAs":["https:\/\/www.facebook.com\/CREESRD\/","https:\/\/x.com\/CREESRD"]},{"@type":"Person","@id":"https:\/\/crees.org.do\/#\/schema\/person\/e7f97cd94d7bf9cd0e0ce30acb7d56b8","name":"Crees","image":{"@type":"ImageObject","inLanguage":"es","@id":"https:\/\/crees.org.do\/#\/schema\/person\/image\/","url":"https:\/\/secure.gravatar.com\/avatar\/390ac8f0be5d9aa046152553e2dd7011b59a512d89c150f5e5f28bb8d9a0b165?s=96&d=mm&r=g","contentUrl":"https:\/\/secure.gravatar.com\/avatar\/390ac8f0be5d9aa046152553e2dd7011b59a512d89c150f5e5f28bb8d9a0b165?s=96&d=mm&r=g","caption":"Crees"},"url":"https:\/\/crees.org.do\/?author=2"}]}},"_links":{"self":[{"href":"https:\/\/crees.org.do\/index.php?rest_route=\/wp\/v2\/posts\/27455","targetHints":{"allow":["GET"]}}],"collection":[{"href":"https:\/\/crees.org.do\/index.php?rest_route=\/wp\/v2\/posts"}],"about":[{"href":"https:\/\/crees.org.do\/index.php?rest_route=\/wp\/v2\/types\/post"}],"author":[{"embeddable":true,"href":"https:\/\/crees.org.do\/index.php?rest_route=\/wp\/v2\/users\/2"}],"replies":[{"embeddable":true,"href":"https:\/\/crees.org.do\/index.php?rest_route=%2Fwp%2Fv2%2Fcomments&post=27455"}],"version-history":[{"count":4,"href":"https:\/\/crees.org.do\/index.php?rest_route=\/wp\/v2\/posts\/27455\/revisions"}],"predecessor-version":[{"id":27972,"href":"https:\/\/crees.org.do\/index.php?rest_route=\/wp\/v2\/posts\/27455\/revisions\/27972"}],"wp:featuredmedia":[{"embeddable":true,"href":"https:\/\/crees.org.do\/index.php?rest_route=\/wp\/v2\/media\/27457"}],"wp:attachment":[{"href":"https:\/\/crees.org.do\/index.php?rest_route=%2Fwp%2Fv2%2Fmedia&parent=27455"}],"wp:term":[{"taxonomy":"category","embeddable":true,"href":"https:\/\/crees.org.do\/index.php?rest_route=%2Fwp%2Fv2%2Fcategories&post=27455"},{"taxonomy":"post_tag","embeddable":true,"href":"https:\/\/crees.org.do\/index.php?rest_route=%2Fwp%2Fv2%2Ftags&post=27455"}],"curies":[{"name":"wp","href":"https:\/\/api.w.org\/{rel}","templated":true}]}}