{"id":27744,"date":"2025-03-06T19:17:49","date_gmt":"2025-03-06T19:17:49","guid":{"rendered":"https:\/\/crees.org.do\/?p=27744"},"modified":"2025-03-07T15:55:17","modified_gmt":"2025-03-07T15:55:17","slug":"informalidad-laboral-sigue-alta-en-rd-pese-a-leve-reduccion-en-2024","status":"publish","type":"post","link":"https:\/\/crees.org.do\/?p=27744","title":{"rendered":"Informalidad laboral sigue alta en RD pese a leve reducci\u00f3n en 2024"},"content":{"rendered":"<p style=\"text-align: justify;\">Autor: La Propuesta Digital<\/p>\n<p style=\"text-align: justify;\">Fecha: 28 de febrero de 2025<\/p>\n<p style=\"text-align: justify;\">Extra\u00eddo de: <a href=\"https:\/\/lapropuestadigital.com\/informalidad-laboral-sigue-alta-en-rd-pese-a-leve-reduccion-en-2024\/\">La Propuesta Digital<\/a><\/p>\n<h2>Informalidad laboral sigue alta en RD pese a leve reducci\u00f3n en 2024<\/h2>\n<p>Santo Domingo, 28 febrero. \u2013 La informalidad laboral en la Rep\u00fablica Dominicana cerr\u00f3 el 2024 en\u00a0<strong>54.8%<\/strong>, mostrando una reducci\u00f3n respecto al\u00a0<strong>56.8%<\/strong>\u00a0registrado en 2023 y al m\u00e1ximo de\u00a0<strong>58.9%<\/strong>\u00a0alcanzado en 2021, seg\u00fan datos de la Encuesta Nacional Continua de Fuerza de Trabajo (<strong>ENCFT<\/strong>) del Banco Central.<\/p>\n<p>A pesar de esta tendencia a la baja en los \u00faltimos a\u00f1os, m\u00e1s de la mitad de los trabajadores sigue fuera del sistema formal, lo que evidencia que la informalidad sigue siendo un problema estructural en el mercado laboral, de acuerdo con un an\u00e1lisis del\u00a0<strong>Centro Regional de Estrategias Econ\u00f3micas Sostenibles (CREES)<\/strong>.<\/p>\n<p>Por actividad econ\u00f3mica, los sectores con mayor proporci\u00f3n de trabajadores informales en 2024 fueron\u00a0<strong>agricultura y ganader\u00eda (89.0%)<\/strong>,\u00a0<strong>construcci\u00f3n (86.0%)<\/strong>\u00a0y\u00a0<strong>transporte y comunicaciones (69.0%)<\/strong>, seg\u00fan el informe del\u00a0<strong>CREES<\/strong>\u00a0basado en datos de la\u00a0<strong>ENCFT<\/strong>. Tambi\u00e9n destacan\u00a0<strong>comercio (63.0%)<\/strong>\u00a0y\u00a0<strong>hoteles, bares y restaurantes (51.0%)<\/strong>, sectores que emplean a una parte importante de la poblaci\u00f3n. En contraste, las ramas con menor nivel de informalidad fueron\u00a0<strong>electricidad y agua (2.0%)<\/strong>,\u00a0<strong>salud y asistencia social (3.0%)<\/strong>\u00a0y\u00a0<strong>ense\u00f1anza (5.0%)<\/strong>.<\/p>\n<p>El alto nivel de informalidad refleja las barreras impuestas por la regulaci\u00f3n laboral dominicana. Seg\u00fan el\u00a0<strong>CREES<\/strong>, las empresas y trabajadores enfrentan costos elevados para operar dentro del marco regulado, lo que los obliga a mantenerse fuera del sistema formal.<\/p>\n<p><img fetchpriority=\"high\" decoding=\"async\" class=\"wp-image-27715 aligncenter\" src=\"https:\/\/crees.org.do\/wp-content\/uploads\/2025\/02\/1-Untitled-copy-17-1.png\" alt=\"\" width=\"896\" height=\"896\" srcset=\"https:\/\/crees.org.do\/wp-content\/uploads\/2025\/02\/1-Untitled-copy-17-1.png 1200w, https:\/\/crees.org.do\/wp-content\/uploads\/2025\/02\/1-Untitled-copy-17-1-450x450.png 450w, https:\/\/crees.org.do\/wp-content\/uploads\/2025\/02\/1-Untitled-copy-17-1-2000x2000.png 2000w, https:\/\/crees.org.do\/wp-content\/uploads\/2025\/02\/1-Untitled-copy-17-1-150x150.png 150w, https:\/\/crees.org.do\/wp-content\/uploads\/2025\/02\/1-Untitled-copy-17-1-768x768.png 768w, https:\/\/crees.org.do\/wp-content\/uploads\/2025\/02\/1-Untitled-copy-17-1-1536x1536.png 1536w, https:\/\/crees.org.do\/wp-content\/uploads\/2025\/02\/1-Untitled-copy-17-1-2048x2048.png 2048w\" sizes=\"(max-width: 896px) 100vw, 896px\" \/><\/p>\n<p>Elementos como\u00a0<strong>la cesant\u00eda, regulaciones salariales r\u00edgidas y trabas burocr\u00e1ticas<\/strong>\u00a0encarecen la contrataci\u00f3n y reducen la capacidad del sector privado para generar empleos formales y productivos.<\/p>\n<p>Para reducir de manera efectiva la informalidad, el\u00a0<strong>CREES<\/strong>\u00a0destaca la necesidad de reformas en las reglas\u00a0<strong>fiscales y laborales<\/strong>, con el fin de eliminar distorsiones que encarecen la producci\u00f3n y desincentivan la contrataci\u00f3n formal. Un sistema tributario que se enfoque \u00fanicamente en la recaudaci\u00f3n sin considerar su impacto en la generaci\u00f3n de empleo solo continuar\u00e1 empujando a miles de trabajadores hacia la informalidad.<\/p>\n<p>Finalmente, el\u00a0<strong>CREES<\/strong>\u00a0enfatiza que la Rep\u00fablica Dominicana necesita reformas estructurales que impulsen la creaci\u00f3n de riqueza y la productividad. Las pol\u00edticas p\u00fablicas deben facilitar el crecimiento econ\u00f3mico y permitir que los trabajadores alcancen sus metas personales sin las restricciones que actualmente limitan el acceso a la formalidad.<\/p>\n<p><img decoding=\"async\" class=\"wp-image-27713 aligncenter\" src=\"https:\/\/crees.org.do\/wp-content\/uploads\/2025\/02\/2-Untitled-copy-19-1.png\" alt=\"\" width=\"896\" height=\"896\" srcset=\"https:\/\/crees.org.do\/wp-content\/uploads\/2025\/02\/2-Untitled-copy-19-1.png 1200w, https:\/\/crees.org.do\/wp-content\/uploads\/2025\/02\/2-Untitled-copy-19-1-450x450.png 450w, https:\/\/crees.org.do\/wp-content\/uploads\/2025\/02\/2-Untitled-copy-19-1-2000x2000.png 2000w, https:\/\/crees.org.do\/wp-content\/uploads\/2025\/02\/2-Untitled-copy-19-1-150x150.png 150w, https:\/\/crees.org.do\/wp-content\/uploads\/2025\/02\/2-Untitled-copy-19-1-768x768.png 768w, https:\/\/crees.org.do\/wp-content\/uploads\/2025\/02\/2-Untitled-copy-19-1-1536x1536.png 1536w, https:\/\/crees.org.do\/wp-content\/uploads\/2025\/02\/2-Untitled-copy-19-1-2048x2048.png 2048w\" sizes=\"(max-width: 896px) 100vw, 896px\" \/><\/p>\n<p>&nbsp;<\/p>\n<div class=\"pvc_clear\"><\/div>\n<p class=\"pvc_stats all \" data-element-id=\"27744\" style=\"\"><i class=\"pvc-stats-icon medium\" aria-hidden=\"true\"><svg aria-hidden=\"true\" focusable=\"false\" data-prefix=\"far\" data-icon=\"chart-bar\" role=\"img\" xmlns=\"http:\/\/www.w3.org\/2000\/svg\" viewBox=\"0 0 512 512\" class=\"svg-inline--fa fa-chart-bar fa-w-16 fa-2x\"><path fill=\"currentColor\" d=\"M396.8 352h22.4c6.4 0 12.8-6.4 12.8-12.8V108.8c0-6.4-6.4-12.8-12.8-12.8h-22.4c-6.4 0-12.8 6.4-12.8 12.8v230.4c0 6.4 6.4 12.8 12.8 12.8zm-192 0h22.4c6.4 0 12.8-6.4 12.8-12.8V140.8c0-6.4-6.4-12.8-12.8-12.8h-22.4c-6.4 0-12.8 6.4-12.8 12.8v198.4c0 6.4 6.4 12.8 12.8 12.8zm96 0h22.4c6.4 0 12.8-6.4 12.8-12.8V204.8c0-6.4-6.4-12.8-12.8-12.8h-22.4c-6.4 0-12.8 6.4-12.8 12.8v134.4c0 6.4 6.4 12.8 12.8 12.8zM496 400H48V80c0-8.84-7.16-16-16-16H16C7.16 64 0 71.16 0 80v336c0 17.67 14.33 32 32 32h464c8.84 0 16-7.16 16-16v-16c0-8.84-7.16-16-16-16zm-387.2-48h22.4c6.4 0 12.8-6.4 12.8-12.8v-70.4c0-6.4-6.4-12.8-12.8-12.8h-22.4c-6.4 0-12.8 6.4-12.8 12.8v70.4c0 6.4 6.4 12.8 12.8 12.8z\" class=\"\"><\/path><\/svg><\/i> Vistas Totales&nbsp;6,845&nbsp;, Vistas Hoy&nbsp;6&nbsp;<\/p>\n<div class=\"pvc_clear\"><\/div>\n","protected":false},"excerpt":{"rendered":"<p>Autor: La Propuesta Digital Fecha: 28 de febrero de 2025 Extra\u00eddo de: La Propuesta Digital Informalidad laboral sigue alta en RD pese a leve reducci\u00f3n en 2024 Santo Domingo, 28 febrero. \u2013 La informalidad laboral en la Rep\u00fablica Dominicana cerr\u00f3 el 2024 en\u00a054.8%, mostrando una reducci\u00f3n respecto al\u00a056.8%\u00a0registrado en 2023 y al m\u00e1ximo de\u00a058.9%\u00a0alcanzado en&#8230;<\/p>\n<div class=\"pvc_clear\"><\/div>\n<p class=\"pvc_stats all \" data-element-id=\"27744\" style=\"\"><i class=\"pvc-stats-icon medium\" aria-hidden=\"true\"><svg aria-hidden=\"true\" focusable=\"false\" data-prefix=\"far\" data-icon=\"chart-bar\" role=\"img\" xmlns=\"http:\/\/www.w3.org\/2000\/svg\" viewBox=\"0 0 512 512\" class=\"svg-inline--fa fa-chart-bar fa-w-16 fa-2x\"><path fill=\"currentColor\" d=\"M396.8 352h22.4c6.4 0 12.8-6.4 12.8-12.8V108.8c0-6.4-6.4-12.8-12.8-12.8h-22.4c-6.4 0-12.8 6.4-12.8 12.8v230.4c0 6.4 6.4 12.8 12.8 12.8zm-192 0h22.4c6.4 0 12.8-6.4 12.8-12.8V140.8c0-6.4-6.4-12.8-12.8-12.8h-22.4c-6.4 0-12.8 6.4-12.8 12.8v198.4c0 6.4 6.4 12.8 12.8 12.8zm96 0h22.4c6.4 0 12.8-6.4 12.8-12.8V204.8c0-6.4-6.4-12.8-12.8-12.8h-22.4c-6.4 0-12.8 6.4-12.8 12.8v134.4c0 6.4 6.4 12.8 12.8 12.8zM496 400H48V80c0-8.84-7.16-16-16-16H16C7.16 64 0 71.16 0 80v336c0 17.67 14.33 32 32 32h464c8.84 0 16-7.16 16-16v-16c0-8.84-7.16-16-16-16zm-387.2-48h22.4c6.4 0 12.8-6.4 12.8-12.8v-70.4c0-6.4-6.4-12.8-12.8-12.8h-22.4c-6.4 0-12.8 6.4-12.8 12.8v70.4c0 6.4 6.4 12.8 12.8 12.8z\" class=\"\"><\/path><\/svg><\/i> Vistas Totales&nbsp;6,845&nbsp;, Vistas Hoy&nbsp;6&nbsp;<\/p>\n<div class=\"pvc_clear\"><\/div>\n","protected":false},"author":2,"featured_media":27745,"comment_status":"closed","ping_status":"closed","sticky":false,"template":"","format":"standard","meta":{"footnotes":""},"categories":[19],"tags":[],"class_list":["post-27744","post","type-post","status-publish","format-standard","has-post-thumbnail","hentry","category-actualidad"],"yoast_head":"<!-- This site is optimized with the Yoast SEO plugin v25.2 - https:\/\/yoast.com\/wordpress\/plugins\/seo\/ -->\n<title>Informalidad laboral sigue alta en RD pese a leve reducci\u00f3n en 2024 | CREES<\/title>\n<meta name=\"robots\" content=\"index, follow, max-snippet:-1, max-image-preview:large, max-video-preview:-1\" \/>\n<link rel=\"canonical\" href=\"https:\/\/crees.org.do\/?p=27744\" \/>\n<meta property=\"og:locale\" content=\"es_ES\" \/>\n<meta property=\"og:type\" content=\"article\" \/>\n<meta property=\"og:title\" content=\"Informalidad laboral sigue alta en RD pese a leve reducci\u00f3n en 2024 | CREES\" \/>\n<meta property=\"og:description\" content=\"Autor: La Propuesta Digital Fecha: 28 de febrero de 2025 Extra\u00eddo de: La Propuesta Digital Informalidad laboral sigue alta en RD pese a leve reducci\u00f3n en 2024 Santo Domingo, 28 febrero. \u2013 La informalidad laboral en la Rep\u00fablica Dominicana cerr\u00f3 el 2024 en\u00a054.8%, mostrando una reducci\u00f3n respecto al\u00a056.8%\u00a0registrado en 2023 y al m\u00e1ximo de\u00a058.9%\u00a0alcanzado en...\" \/>\n<meta property=\"og:url\" content=\"https:\/\/crees.org.do\/?p=27744\" \/>\n<meta property=\"og:site_name\" content=\"CREES\" \/>\n<meta property=\"article:publisher\" content=\"https:\/\/www.facebook.com\/CREESRD\/\" \/>\n<meta property=\"article:published_time\" content=\"2025-03-06T19:17:49+00:00\" \/>\n<meta property=\"article:modified_time\" content=\"2025-03-07T15:55:17+00:00\" \/>\n<meta property=\"og:image\" content=\"https:\/\/crees.org.do\/wp-content\/uploads\/2025\/03\/informalidad-economia-01-1-1140x800-1.webp\" \/>\n\t<meta property=\"og:image:width\" content=\"800\" \/>\n\t<meta property=\"og:image:height\" content=\"445\" \/>\n\t<meta property=\"og:image:type\" content=\"image\/webp\" \/>\n<meta name=\"author\" content=\"Crees\" \/>\n<meta name=\"twitter:card\" content=\"summary_large_image\" \/>\n<meta name=\"twitter:creator\" content=\"@CREESRD\" \/>\n<meta name=\"twitter:site\" content=\"@CREESRD\" \/>\n<meta name=\"twitter:label1\" content=\"Escrito por\" \/>\n\t<meta name=\"twitter:data1\" content=\"Crees\" \/>\n\t<meta name=\"twitter:label2\" content=\"Tiempo de lectura\" \/>\n\t<meta name=\"twitter:data2\" content=\"2 minutos\" \/>\n<script type=\"application\/ld+json\" class=\"yoast-schema-graph\">{\"@context\":\"https:\/\/schema.org\",\"@graph\":[{\"@type\":\"Article\",\"@id\":\"https:\/\/crees.org.do\/?p=27744#article\",\"isPartOf\":{\"@id\":\"https:\/\/crees.org.do\/?p=27744\"},\"author\":{\"name\":\"Crees\",\"@id\":\"https:\/\/crees.org.do\/#\/schema\/person\/e7f97cd94d7bf9cd0e0ce30acb7d56b8\"},\"headline\":\"Informalidad laboral sigue alta en RD pese a leve reducci\u00f3n en 2024\",\"datePublished\":\"2025-03-06T19:17:49+00:00\",\"dateModified\":\"2025-03-07T15:55:17+00:00\",\"mainEntityOfPage\":{\"@id\":\"https:\/\/crees.org.do\/?p=27744\"},\"wordCount\":410,\"publisher\":{\"@id\":\"https:\/\/crees.org.do\/#organization\"},\"image\":{\"@id\":\"https:\/\/crees.org.do\/?p=27744#primaryimage\"},\"thumbnailUrl\":\"https:\/\/crees.org.do\/wp-content\/uploads\/2025\/03\/informalidad-economia-01-1-1140x800-1.webp\",\"articleSection\":[\"Actualidad\"],\"inLanguage\":\"es\"},{\"@type\":\"WebPage\",\"@id\":\"https:\/\/crees.org.do\/?p=27744\",\"url\":\"https:\/\/crees.org.do\/?p=27744\",\"name\":\"Informalidad laboral sigue alta en RD pese a leve reducci\u00f3n en 2024 | CREES\",\"isPartOf\":{\"@id\":\"https:\/\/crees.org.do\/#website\"},\"primaryImageOfPage\":{\"@id\":\"https:\/\/crees.org.do\/?p=27744#primaryimage\"},\"image\":{\"@id\":\"https:\/\/crees.org.do\/?p=27744#primaryimage\"},\"thumbnailUrl\":\"https:\/\/crees.org.do\/wp-content\/uploads\/2025\/03\/informalidad-economia-01-1-1140x800-1.webp\",\"datePublished\":\"2025-03-06T19:17:49+00:00\",\"dateModified\":\"2025-03-07T15:55:17+00:00\",\"breadcrumb\":{\"@id\":\"https:\/\/crees.org.do\/?p=27744#breadcrumb\"},\"inLanguage\":\"es\",\"potentialAction\":[{\"@type\":\"ReadAction\",\"target\":[\"https:\/\/crees.org.do\/?p=27744\"]}]},{\"@type\":\"ImageObject\",\"inLanguage\":\"es\",\"@id\":\"https:\/\/crees.org.do\/?p=27744#primaryimage\",\"url\":\"https:\/\/crees.org.do\/wp-content\/uploads\/2025\/03\/informalidad-economia-01-1-1140x800-1.webp\",\"contentUrl\":\"https:\/\/crees.org.do\/wp-content\/uploads\/2025\/03\/informalidad-economia-01-1-1140x800-1.webp\",\"width\":800,\"height\":445},{\"@type\":\"BreadcrumbList\",\"@id\":\"https:\/\/crees.org.do\/?p=27744#breadcrumb\",\"itemListElement\":[{\"@type\":\"ListItem\",\"position\":1,\"name\":\"Portada\",\"item\":\"https:\/\/crees.org.do\/\"},{\"@type\":\"ListItem\",\"position\":2,\"name\":\"Informalidad laboral sigue alta en RD pese a leve reducci\u00f3n en 2024\"}]},{\"@type\":\"WebSite\",\"@id\":\"https:\/\/crees.org.do\/#website\",\"url\":\"https:\/\/crees.org.do\/\",\"name\":\"CREES\",\"description\":\"Centro Regional de Estrategias Econ\u00f3micas Sostenibles\",\"publisher\":{\"@id\":\"https:\/\/crees.org.do\/#organization\"},\"potentialAction\":[{\"@type\":\"SearchAction\",\"target\":{\"@type\":\"EntryPoint\",\"urlTemplate\":\"https:\/\/crees.org.do\/?s={search_term_string}\"},\"query-input\":{\"@type\":\"PropertyValueSpecification\",\"valueRequired\":true,\"valueName\":\"search_term_string\"}}],\"inLanguage\":\"es\"},{\"@type\":\"Organization\",\"@id\":\"https:\/\/crees.org.do\/#organization\",\"name\":\"CREES | Centro Regional de Estrategias Econ\u00f3micas Sostenibles\",\"url\":\"https:\/\/crees.org.do\/\",\"logo\":{\"@type\":\"ImageObject\",\"inLanguage\":\"es\",\"@id\":\"https:\/\/crees.org.do\/#\/schema\/logo\/image\/\",\"url\":\"https:\/\/crees.org.do\/wp-content\/uploads\/2022\/03\/crees-logo-1.jpg\",\"contentUrl\":\"https:\/\/crees.org.do\/wp-content\/uploads\/2022\/03\/crees-logo-1.jpg\",\"width\":244,\"height\":71,\"caption\":\"CREES | Centro Regional de Estrategias Econ\u00f3micas Sostenibles\"},\"image\":{\"@id\":\"https:\/\/crees.org.do\/#\/schema\/logo\/image\/\"},\"sameAs\":[\"https:\/\/www.facebook.com\/CREESRD\/\",\"https:\/\/x.com\/CREESRD\"]},{\"@type\":\"Person\",\"@id\":\"https:\/\/crees.org.do\/#\/schema\/person\/e7f97cd94d7bf9cd0e0ce30acb7d56b8\",\"name\":\"Crees\",\"image\":{\"@type\":\"ImageObject\",\"inLanguage\":\"es\",\"@id\":\"https:\/\/crees.org.do\/#\/schema\/person\/image\/\",\"url\":\"https:\/\/secure.gravatar.com\/avatar\/390ac8f0be5d9aa046152553e2dd7011b59a512d89c150f5e5f28bb8d9a0b165?s=96&d=mm&r=g\",\"contentUrl\":\"https:\/\/secure.gravatar.com\/avatar\/390ac8f0be5d9aa046152553e2dd7011b59a512d89c150f5e5f28bb8d9a0b165?s=96&d=mm&r=g\",\"caption\":\"Crees\"},\"url\":\"https:\/\/crees.org.do\/?author=2\"}]}<\/script>\n<!-- \/ Yoast SEO plugin. -->","yoast_head_json":{"title":"Informalidad laboral sigue alta en RD pese a leve reducci\u00f3n en 2024 | CREES","robots":{"index":"index","follow":"follow","max-snippet":"max-snippet:-1","max-image-preview":"max-image-preview:large","max-video-preview":"max-video-preview:-1"},"canonical":"https:\/\/crees.org.do\/?p=27744","og_locale":"es_ES","og_type":"article","og_title":"Informalidad laboral sigue alta en RD pese a leve reducci\u00f3n en 2024 | CREES","og_description":"Autor: La Propuesta Digital Fecha: 28 de febrero de 2025 Extra\u00eddo de: La Propuesta Digital Informalidad laboral sigue alta en RD pese a leve reducci\u00f3n en 2024 Santo Domingo, 28 febrero. \u2013 La informalidad laboral en la Rep\u00fablica Dominicana cerr\u00f3 el 2024 en\u00a054.8%, mostrando una reducci\u00f3n respecto al\u00a056.8%\u00a0registrado en 2023 y al m\u00e1ximo de\u00a058.9%\u00a0alcanzado en...","og_url":"https:\/\/crees.org.do\/?p=27744","og_site_name":"CREES","article_publisher":"https:\/\/www.facebook.com\/CREESRD\/","article_published_time":"2025-03-06T19:17:49+00:00","article_modified_time":"2025-03-07T15:55:17+00:00","og_image":[{"width":800,"height":445,"url":"https:\/\/crees.org.do\/wp-content\/uploads\/2025\/03\/informalidad-economia-01-1-1140x800-1.webp","type":"image\/webp"}],"author":"Crees","twitter_card":"summary_large_image","twitter_creator":"@CREESRD","twitter_site":"@CREESRD","twitter_misc":{"Escrito por":"Crees","Tiempo de lectura":"2 minutos"},"schema":{"@context":"https:\/\/schema.org","@graph":[{"@type":"Article","@id":"https:\/\/crees.org.do\/?p=27744#article","isPartOf":{"@id":"https:\/\/crees.org.do\/?p=27744"},"author":{"name":"Crees","@id":"https:\/\/crees.org.do\/#\/schema\/person\/e7f97cd94d7bf9cd0e0ce30acb7d56b8"},"headline":"Informalidad laboral sigue alta en RD pese a leve reducci\u00f3n en 2024","datePublished":"2025-03-06T19:17:49+00:00","dateModified":"2025-03-07T15:55:17+00:00","mainEntityOfPage":{"@id":"https:\/\/crees.org.do\/?p=27744"},"wordCount":410,"publisher":{"@id":"https:\/\/crees.org.do\/#organization"},"image":{"@id":"https:\/\/crees.org.do\/?p=27744#primaryimage"},"thumbnailUrl":"https:\/\/crees.org.do\/wp-content\/uploads\/2025\/03\/informalidad-economia-01-1-1140x800-1.webp","articleSection":["Actualidad"],"inLanguage":"es"},{"@type":"WebPage","@id":"https:\/\/crees.org.do\/?p=27744","url":"https:\/\/crees.org.do\/?p=27744","name":"Informalidad laboral sigue alta en RD pese a leve reducci\u00f3n en 2024 | CREES","isPartOf":{"@id":"https:\/\/crees.org.do\/#website"},"primaryImageOfPage":{"@id":"https:\/\/crees.org.do\/?p=27744#primaryimage"},"image":{"@id":"https:\/\/crees.org.do\/?p=27744#primaryimage"},"thumbnailUrl":"https:\/\/crees.org.do\/wp-content\/uploads\/2025\/03\/informalidad-economia-01-1-1140x800-1.webp","datePublished":"2025-03-06T19:17:49+00:00","dateModified":"2025-03-07T15:55:17+00:00","breadcrumb":{"@id":"https:\/\/crees.org.do\/?p=27744#breadcrumb"},"inLanguage":"es","potentialAction":[{"@type":"ReadAction","target":["https:\/\/crees.org.do\/?p=27744"]}]},{"@type":"ImageObject","inLanguage":"es","@id":"https:\/\/crees.org.do\/?p=27744#primaryimage","url":"https:\/\/crees.org.do\/wp-content\/uploads\/2025\/03\/informalidad-economia-01-1-1140x800-1.webp","contentUrl":"https:\/\/crees.org.do\/wp-content\/uploads\/2025\/03\/informalidad-economia-01-1-1140x800-1.webp","width":800,"height":445},{"@type":"BreadcrumbList","@id":"https:\/\/crees.org.do\/?p=27744#breadcrumb","itemListElement":[{"@type":"ListItem","position":1,"name":"Portada","item":"https:\/\/crees.org.do\/"},{"@type":"ListItem","position":2,"name":"Informalidad laboral sigue alta en RD pese a leve reducci\u00f3n en 2024"}]},{"@type":"WebSite","@id":"https:\/\/crees.org.do\/#website","url":"https:\/\/crees.org.do\/","name":"CREES","description":"Centro Regional de Estrategias Econ\u00f3micas Sostenibles","publisher":{"@id":"https:\/\/crees.org.do\/#organization"},"potentialAction":[{"@type":"SearchAction","target":{"@type":"EntryPoint","urlTemplate":"https:\/\/crees.org.do\/?s={search_term_string}"},"query-input":{"@type":"PropertyValueSpecification","valueRequired":true,"valueName":"search_term_string"}}],"inLanguage":"es"},{"@type":"Organization","@id":"https:\/\/crees.org.do\/#organization","name":"CREES | Centro Regional de Estrategias Econ\u00f3micas Sostenibles","url":"https:\/\/crees.org.do\/","logo":{"@type":"ImageObject","inLanguage":"es","@id":"https:\/\/crees.org.do\/#\/schema\/logo\/image\/","url":"https:\/\/crees.org.do\/wp-content\/uploads\/2022\/03\/crees-logo-1.jpg","contentUrl":"https:\/\/crees.org.do\/wp-content\/uploads\/2022\/03\/crees-logo-1.jpg","width":244,"height":71,"caption":"CREES | Centro Regional de Estrategias Econ\u00f3micas Sostenibles"},"image":{"@id":"https:\/\/crees.org.do\/#\/schema\/logo\/image\/"},"sameAs":["https:\/\/www.facebook.com\/CREESRD\/","https:\/\/x.com\/CREESRD"]},{"@type":"Person","@id":"https:\/\/crees.org.do\/#\/schema\/person\/e7f97cd94d7bf9cd0e0ce30acb7d56b8","name":"Crees","image":{"@type":"ImageObject","inLanguage":"es","@id":"https:\/\/crees.org.do\/#\/schema\/person\/image\/","url":"https:\/\/secure.gravatar.com\/avatar\/390ac8f0be5d9aa046152553e2dd7011b59a512d89c150f5e5f28bb8d9a0b165?s=96&d=mm&r=g","contentUrl":"https:\/\/secure.gravatar.com\/avatar\/390ac8f0be5d9aa046152553e2dd7011b59a512d89c150f5e5f28bb8d9a0b165?s=96&d=mm&r=g","caption":"Crees"},"url":"https:\/\/crees.org.do\/?author=2"}]}},"_links":{"self":[{"href":"https:\/\/crees.org.do\/index.php?rest_route=\/wp\/v2\/posts\/27744","targetHints":{"allow":["GET"]}}],"collection":[{"href":"https:\/\/crees.org.do\/index.php?rest_route=\/wp\/v2\/posts"}],"about":[{"href":"https:\/\/crees.org.do\/index.php?rest_route=\/wp\/v2\/types\/post"}],"author":[{"embeddable":true,"href":"https:\/\/crees.org.do\/index.php?rest_route=\/wp\/v2\/users\/2"}],"replies":[{"embeddable":true,"href":"https:\/\/crees.org.do\/index.php?rest_route=%2Fwp%2Fv2%2Fcomments&post=27744"}],"version-history":[{"count":3,"href":"https:\/\/crees.org.do\/index.php?rest_route=\/wp\/v2\/posts\/27744\/revisions"}],"predecessor-version":[{"id":27767,"href":"https:\/\/crees.org.do\/index.php?rest_route=\/wp\/v2\/posts\/27744\/revisions\/27767"}],"wp:featuredmedia":[{"embeddable":true,"href":"https:\/\/crees.org.do\/index.php?rest_route=\/wp\/v2\/media\/27745"}],"wp:attachment":[{"href":"https:\/\/crees.org.do\/index.php?rest_route=%2Fwp%2Fv2%2Fmedia&parent=27744"}],"wp:term":[{"taxonomy":"category","embeddable":true,"href":"https:\/\/crees.org.do\/index.php?rest_route=%2Fwp%2Fv2%2Fcategories&post=27744"},{"taxonomy":"post_tag","embeddable":true,"href":"https:\/\/crees.org.do\/index.php?rest_route=%2Fwp%2Fv2%2Ftags&post=27744"}],"curies":[{"name":"wp","href":"https:\/\/api.w.org\/{rel}","templated":true}]}}