{"id":27804,"date":"2025-03-21T14:25:22","date_gmt":"2025-03-21T14:25:22","guid":{"rendered":"https:\/\/crees.org.do\/?p=27804"},"modified":"2025-03-24T13:30:42","modified_gmt":"2025-03-24T13:30:42","slug":"el-verdadero-peso-de-los-impuestos-en-america-latina-una-comparacion-ajustada-de-la-presion-tributaria","status":"publish","type":"post","link":"https:\/\/crees.org.do\/?p=27804","title":{"rendered":"El verdadero peso de los impuestos en Am\u00e9rica Latina: una comparaci\u00f3n\u00a0de la presi\u00f3n tributaria ajustada"},"content":{"rendered":"<p>&nbsp;<\/p>\n<p>Fecha: 20 de marzo de 2025<\/p>\n<p><img fetchpriority=\"high\" decoding=\"async\" class=\"aligncenter wp-image-27847 size-full\" src=\"https:\/\/crees.org.do\/wp-content\/uploads\/2025\/03\/1-Slide-1-2.png\" alt=\"\" width=\"800\" height=\"452\" srcset=\"https:\/\/crees.org.do\/wp-content\/uploads\/2025\/03\/1-Slide-1-2.png 800w, https:\/\/crees.org.do\/wp-content\/uploads\/2025\/03\/1-Slide-1-2-450x254.png 450w, https:\/\/crees.org.do\/wp-content\/uploads\/2025\/03\/1-Slide-1-2-768x434.png 768w\" sizes=\"(max-width: 800px) 100vw, 800px\" \/><\/p>\n<p><img decoding=\"async\" class=\"aligncenter wp-image-27836 size-full\" src=\"https:\/\/crees.org.do\/wp-content\/uploads\/2025\/03\/2-Untitled-1.png\" alt=\"\" width=\"800\" height=\"977\" srcset=\"https:\/\/crees.org.do\/wp-content\/uploads\/2025\/03\/2-Untitled-1.png 800w, https:\/\/crees.org.do\/wp-content\/uploads\/2025\/03\/2-Untitled-1-368x450.png 368w, https:\/\/crees.org.do\/wp-content\/uploads\/2025\/03\/2-Untitled-1-768x938.png 768w\" sizes=\"(max-width: 800px) 100vw, 800px\" \/><\/p>\n<p><img decoding=\"async\" class=\"aligncenter wp-image-27808 size-full\" src=\"https:\/\/crees.org.do\/wp-content\/uploads\/2025\/03\/3-Untitled-copy-18.png\" alt=\"\" width=\"800\" height=\"874\" srcset=\"https:\/\/crees.org.do\/wp-content\/uploads\/2025\/03\/3-Untitled-copy-18.png 800w, https:\/\/crees.org.do\/wp-content\/uploads\/2025\/03\/3-Untitled-copy-18-412x450.png 412w, https:\/\/crees.org.do\/wp-content\/uploads\/2025\/03\/3-Untitled-copy-18-768x839.png 768w\" sizes=\"(max-width: 800px) 100vw, 800px\" \/><\/p>\n<p><img loading=\"lazy\" decoding=\"async\" class=\"aligncenter wp-image-27809 size-full\" src=\"https:\/\/crees.org.do\/wp-content\/uploads\/2025\/03\/4-Untitled-copy-8.png\" alt=\"\" width=\"800\" height=\"688\" srcset=\"https:\/\/crees.org.do\/wp-content\/uploads\/2025\/03\/4-Untitled-copy-8.png 800w, https:\/\/crees.org.do\/wp-content\/uploads\/2025\/03\/4-Untitled-copy-8-450x387.png 450w, https:\/\/crees.org.do\/wp-content\/uploads\/2025\/03\/4-Untitled-copy-8-768x660.png 768w, https:\/\/crees.org.do\/wp-content\/uploads\/2025\/03\/4-Untitled-copy-8-80x68.png 80w\" sizes=\"(max-width: 800px) 100vw, 800px\" \/><\/p>\n<p><img loading=\"lazy\" decoding=\"async\" class=\"aligncenter wp-image-27811 size-full\" src=\"https:\/\/crees.org.do\/wp-content\/uploads\/2025\/03\/5-Untitled-copy-2.png\" alt=\"\" width=\"800\" height=\"818\" srcset=\"https:\/\/crees.org.do\/wp-content\/uploads\/2025\/03\/5-Untitled-copy-2.png 800w, https:\/\/crees.org.do\/wp-content\/uploads\/2025\/03\/5-Untitled-copy-2-440x450.png 440w, https:\/\/crees.org.do\/wp-content\/uploads\/2025\/03\/5-Untitled-copy-2-768x785.png 768w\" sizes=\"(max-width: 800px) 100vw, 800px\" \/><\/p>\n<p><img loading=\"lazy\" decoding=\"async\" class=\"aligncenter wp-image-27841 size-full\" src=\"https:\/\/crees.org.do\/wp-content\/uploads\/2025\/03\/6-Untitled-copy-9-1.png\" alt=\"\" width=\"800\" height=\"624\" srcset=\"https:\/\/crees.org.do\/wp-content\/uploads\/2025\/03\/6-Untitled-copy-9-1.png 800w, https:\/\/crees.org.do\/wp-content\/uploads\/2025\/03\/6-Untitled-copy-9-1-450x351.png 450w, https:\/\/crees.org.do\/wp-content\/uploads\/2025\/03\/6-Untitled-copy-9-1-768x599.png 768w\" sizes=\"(max-width: 800px) 100vw, 800px\" \/><\/p>\n<p><img loading=\"lazy\" decoding=\"async\" class=\"aligncenter wp-image-27813 size-full\" src=\"https:\/\/crees.org.do\/wp-content\/uploads\/2025\/03\/7-Untitled-copy-3.png\" alt=\"\" width=\"800\" height=\"801\" srcset=\"https:\/\/crees.org.do\/wp-content\/uploads\/2025\/03\/7-Untitled-copy-3.png 800w, https:\/\/crees.org.do\/wp-content\/uploads\/2025\/03\/7-Untitled-copy-3-450x450.png 450w, https:\/\/crees.org.do\/wp-content\/uploads\/2025\/03\/7-Untitled-copy-3-150x150.png 150w, https:\/\/crees.org.do\/wp-content\/uploads\/2025\/03\/7-Untitled-copy-3-768x769.png 768w\" sizes=\"(max-width: 800px) 100vw, 800px\" \/><\/p>\n<p><img loading=\"lazy\" decoding=\"async\" class=\"aligncenter wp-image-27815 size-full\" src=\"https:\/\/crees.org.do\/wp-content\/uploads\/2025\/03\/8-Untitled-copy-10.png\" alt=\"\" width=\"800\" height=\"740\" srcset=\"https:\/\/crees.org.do\/wp-content\/uploads\/2025\/03\/8-Untitled-copy-10.png 800w, https:\/\/crees.org.do\/wp-content\/uploads\/2025\/03\/8-Untitled-copy-10-450x416.png 450w, https:\/\/crees.org.do\/wp-content\/uploads\/2025\/03\/8-Untitled-copy-10-768x710.png 768w\" sizes=\"(max-width: 800px) 100vw, 800px\" \/><\/p>\n<p><img loading=\"lazy\" decoding=\"async\" class=\"aligncenter wp-image-27816 size-full\" src=\"https:\/\/crees.org.do\/wp-content\/uploads\/2025\/03\/9-Untitled-copy-4.png\" alt=\"\" width=\"800\" height=\"827\" srcset=\"https:\/\/crees.org.do\/wp-content\/uploads\/2025\/03\/9-Untitled-copy-4.png 800w, https:\/\/crees.org.do\/wp-content\/uploads\/2025\/03\/9-Untitled-copy-4-435x450.png 435w, https:\/\/crees.org.do\/wp-content\/uploads\/2025\/03\/9-Untitled-copy-4-768x794.png 768w\" sizes=\"(max-width: 800px) 100vw, 800px\" \/><\/p>\n<p><img loading=\"lazy\" decoding=\"async\" class=\"aligncenter wp-image-27817 size-full\" src=\"https:\/\/crees.org.do\/wp-content\/uploads\/2025\/03\/10-Untitled-copy-11.png\" alt=\"\" width=\"800\" height=\"922\" srcset=\"https:\/\/crees.org.do\/wp-content\/uploads\/2025\/03\/10-Untitled-copy-11.png 800w, https:\/\/crees.org.do\/wp-content\/uploads\/2025\/03\/10-Untitled-copy-11-390x450.png 390w, https:\/\/crees.org.do\/wp-content\/uploads\/2025\/03\/10-Untitled-copy-11-768x885.png 768w\" sizes=\"(max-width: 800px) 100vw, 800px\" \/><\/p>\n<p><img loading=\"lazy\" decoding=\"async\" class=\"aligncenter wp-image-27818 size-full\" src=\"https:\/\/crees.org.do\/wp-content\/uploads\/2025\/03\/11-Untitled-copy-5.png\" alt=\"\" width=\"800\" height=\"751\" srcset=\"https:\/\/crees.org.do\/wp-content\/uploads\/2025\/03\/11-Untitled-copy-5.png 800w, https:\/\/crees.org.do\/wp-content\/uploads\/2025\/03\/11-Untitled-copy-5-450x422.png 450w, https:\/\/crees.org.do\/wp-content\/uploads\/2025\/03\/11-Untitled-copy-5-768x721.png 768w\" sizes=\"(max-width: 800px) 100vw, 800px\" \/><\/p>\n<p><img loading=\"lazy\" decoding=\"async\" class=\"aligncenter wp-image-27819 size-full\" src=\"https:\/\/crees.org.do\/wp-content\/uploads\/2025\/03\/12-Untitled-copy-12.png\" alt=\"\" width=\"800\" height=\"482\" srcset=\"https:\/\/crees.org.do\/wp-content\/uploads\/2025\/03\/12-Untitled-copy-12.png 800w, https:\/\/crees.org.do\/wp-content\/uploads\/2025\/03\/12-Untitled-copy-12-450x271.png 450w, https:\/\/crees.org.do\/wp-content\/uploads\/2025\/03\/12-Untitled-copy-12-768x463.png 768w\" sizes=\"(max-width: 800px) 100vw, 800px\" \/><\/p>\n<p><img loading=\"lazy\" decoding=\"async\" class=\"aligncenter wp-image-27820 size-full\" src=\"https:\/\/crees.org.do\/wp-content\/uploads\/2025\/03\/13-Untitled-copy-19.png\" alt=\"\" width=\"800\" height=\"751\" srcset=\"https:\/\/crees.org.do\/wp-content\/uploads\/2025\/03\/13-Untitled-copy-19.png 800w, https:\/\/crees.org.do\/wp-content\/uploads\/2025\/03\/13-Untitled-copy-19-450x422.png 450w, https:\/\/crees.org.do\/wp-content\/uploads\/2025\/03\/13-Untitled-copy-19-768x721.png 768w\" sizes=\"(max-width: 800px) 100vw, 800px\" \/><\/p>\n<p><img loading=\"lazy\" decoding=\"async\" class=\"aligncenter wp-image-27821 size-full\" src=\"https:\/\/crees.org.do\/wp-content\/uploads\/2025\/03\/14-Untitled-copy-13.png\" alt=\"\" width=\"800\" height=\"340\" srcset=\"https:\/\/crees.org.do\/wp-content\/uploads\/2025\/03\/14-Untitled-copy-13.png 800w, https:\/\/crees.org.do\/wp-content\/uploads\/2025\/03\/14-Untitled-copy-13-450x191.png 450w, https:\/\/crees.org.do\/wp-content\/uploads\/2025\/03\/14-Untitled-copy-13-768x326.png 768w\" sizes=\"(max-width: 800px) 100vw, 800px\" \/><\/p>\n<p><img loading=\"lazy\" decoding=\"async\" class=\"aligncenter wp-image-27822 size-full\" src=\"https:\/\/crees.org.do\/wp-content\/uploads\/2025\/03\/15-Untitled-copy-7.png\" alt=\"\" width=\"800\" height=\"881\" srcset=\"https:\/\/crees.org.do\/wp-content\/uploads\/2025\/03\/15-Untitled-copy-7.png 800w, https:\/\/crees.org.do\/wp-content\/uploads\/2025\/03\/15-Untitled-copy-7-409x450.png 409w, https:\/\/crees.org.do\/wp-content\/uploads\/2025\/03\/15-Untitled-copy-7-768x846.png 768w\" sizes=\"(max-width: 800px) 100vw, 800px\" \/><\/p>\n<p><img loading=\"lazy\" decoding=\"async\" class=\"aligncenter wp-image-27823 size-full\" src=\"https:\/\/crees.org.do\/wp-content\/uploads\/2025\/03\/16-Untitled-copy-14.png\" alt=\"\" width=\"800\" height=\"342\" srcset=\"https:\/\/crees.org.do\/wp-content\/uploads\/2025\/03\/16-Untitled-copy-14.png 800w, https:\/\/crees.org.do\/wp-content\/uploads\/2025\/03\/16-Untitled-copy-14-450x192.png 450w, https:\/\/crees.org.do\/wp-content\/uploads\/2025\/03\/16-Untitled-copy-14-768x328.png 768w\" sizes=\"(max-width: 800px) 100vw, 800px\" \/><\/p>\n<p><img loading=\"lazy\" decoding=\"async\" class=\"aligncenter wp-image-27824 size-full\" src=\"https:\/\/crees.org.do\/wp-content\/uploads\/2025\/03\/17-Untitled-copy-16.png\" alt=\"\" width=\"800\" height=\"615\" srcset=\"https:\/\/crees.org.do\/wp-content\/uploads\/2025\/03\/17-Untitled-copy-16.png 800w, https:\/\/crees.org.do\/wp-content\/uploads\/2025\/03\/17-Untitled-copy-16-450x346.png 450w, https:\/\/crees.org.do\/wp-content\/uploads\/2025\/03\/17-Untitled-copy-16-768x590.png 768w\" sizes=\"(max-width: 800px) 100vw, 800px\" \/><\/p>\n<p style=\"text-align: justify;\"><img loading=\"lazy\" decoding=\"async\" class=\"aligncenter wp-image-27825 size-full\" src=\"https:\/\/crees.org.do\/wp-content\/uploads\/2025\/03\/18-Untitled.png\" alt=\"\" width=\"800\" height=\"266\" srcset=\"https:\/\/crees.org.do\/wp-content\/uploads\/2025\/03\/18-Untitled.png 800w, https:\/\/crees.org.do\/wp-content\/uploads\/2025\/03\/18-Untitled-450x150.png 450w, https:\/\/crees.org.do\/wp-content\/uploads\/2025\/03\/18-Untitled-768x255.png 768w\" sizes=\"(max-width: 800px) 100vw, 800px\" \/><\/p>\n<h3>Descargue aqu\u00ed:<\/h3>\n<div class='w3eden'><!-- WPDM Link Template: Default Template -->\n\n<div class=\"link-template-default card mb-2\">\n    <div class=\"card-body\">\n        <div class=\"media\">\n            <div class=\"mr-3 img-48\"><img decoding=\"async\" class=\"wpdm_icon\" alt=\"Icono\" src=\"https:\/\/crees.org.do\/wp-content\/plugins\/download-manager\/assets\/file-type-icons\/pdf.svg\" \/><\/div>\n            <div class=\"media-body\">\n                <h3 class=\"package-title\"><a href='https:\/\/crees.org.do\/?wpdmpro=el-verdadero-peso-de-los-impuestos-en-america-latina-una-comparacion-ajustada-de-la-presion-tributaria'>El verdadero peso de los impuestos en Am\u00e9rica Latina: una comparaci\u00f3n ajustada de la presi\u00f3n tributaria<\/a><\/h3>\n                <div class=\"text-muted text-small\"><i class=\"fas fa-copy\"><\/i> 1 archivo(s) <i class=\"fas fa-hdd ml-3\"><\/i> 4.89 MB<\/div>\n            <\/div>\n            <div class=\"ml-3\">\n                <a class='wpdm-download-link download-on-click btn btn-primary ' rel='nofollow' href='#' data-downloadurl=\"https:\/\/crees.org.do\/?wpdmpro=el-verdadero-peso-de-los-impuestos-en-america-latina-una-comparacion-ajustada-de-la-presion-tributaria&wpdmdl=27839&refresh=69f2991e5382b1777506590\">Descargar<\/a>\n            <\/div>\n        <\/div>\n    <\/div>\n<\/div>\n\n<\/div>\n<div class=\"pvc_clear\"><\/div>\n<p class=\"pvc_stats all \" data-element-id=\"27804\" style=\"\"><i class=\"pvc-stats-icon medium\" aria-hidden=\"true\"><svg aria-hidden=\"true\" focusable=\"false\" data-prefix=\"far\" data-icon=\"chart-bar\" role=\"img\" xmlns=\"http:\/\/www.w3.org\/2000\/svg\" viewBox=\"0 0 512 512\" class=\"svg-inline--fa fa-chart-bar fa-w-16 fa-2x\"><path fill=\"currentColor\" d=\"M396.8 352h22.4c6.4 0 12.8-6.4 12.8-12.8V108.8c0-6.4-6.4-12.8-12.8-12.8h-22.4c-6.4 0-12.8 6.4-12.8 12.8v230.4c0 6.4 6.4 12.8 12.8 12.8zm-192 0h22.4c6.4 0 12.8-6.4 12.8-12.8V140.8c0-6.4-6.4-12.8-12.8-12.8h-22.4c-6.4 0-12.8 6.4-12.8 12.8v198.4c0 6.4 6.4 12.8 12.8 12.8zm96 0h22.4c6.4 0 12.8-6.4 12.8-12.8V204.8c0-6.4-6.4-12.8-12.8-12.8h-22.4c-6.4 0-12.8 6.4-12.8 12.8v134.4c0 6.4 6.4 12.8 12.8 12.8zM496 400H48V80c0-8.84-7.16-16-16-16H16C7.16 64 0 71.16 0 80v336c0 17.67 14.33 32 32 32h464c8.84 0 16-7.16 16-16v-16c0-8.84-7.16-16-16-16zm-387.2-48h22.4c6.4 0 12.8-6.4 12.8-12.8v-70.4c0-6.4-6.4-12.8-12.8-12.8h-22.4c-6.4 0-12.8 6.4-12.8 12.8v70.4c0 6.4 6.4 12.8 12.8 12.8z\" class=\"\"><\/path><\/svg><\/i> Vistas Totales&nbsp;2,281&nbsp;, Vistas Hoy&nbsp;4&nbsp;<\/p>\n<div class=\"pvc_clear\"><\/div>\n","protected":false},"excerpt":{"rendered":"<p>&nbsp; Fecha: 20 de marzo de 2025 Descargue aqu\u00ed: Vistas Totales&nbsp;2,281&nbsp;, Vistas Hoy&nbsp;4&nbsp;<\/p>\n<div class=\"pvc_clear\"><\/div>\n<p class=\"pvc_stats all \" data-element-id=\"27804\" style=\"\"><i class=\"pvc-stats-icon medium\" aria-hidden=\"true\"><svg aria-hidden=\"true\" focusable=\"false\" data-prefix=\"far\" data-icon=\"chart-bar\" role=\"img\" xmlns=\"http:\/\/www.w3.org\/2000\/svg\" viewBox=\"0 0 512 512\" class=\"svg-inline--fa fa-chart-bar fa-w-16 fa-2x\"><path fill=\"currentColor\" d=\"M396.8 352h22.4c6.4 0 12.8-6.4 12.8-12.8V108.8c0-6.4-6.4-12.8-12.8-12.8h-22.4c-6.4 0-12.8 6.4-12.8 12.8v230.4c0 6.4 6.4 12.8 12.8 12.8zm-192 0h22.4c6.4 0 12.8-6.4 12.8-12.8V140.8c0-6.4-6.4-12.8-12.8-12.8h-22.4c-6.4 0-12.8 6.4-12.8 12.8v198.4c0 6.4 6.4 12.8 12.8 12.8zm96 0h22.4c6.4 0 12.8-6.4 12.8-12.8V204.8c0-6.4-6.4-12.8-12.8-12.8h-22.4c-6.4 0-12.8 6.4-12.8 12.8v134.4c0 6.4 6.4 12.8 12.8 12.8zM496 400H48V80c0-8.84-7.16-16-16-16H16C7.16 64 0 71.16 0 80v336c0 17.67 14.33 32 32 32h464c8.84 0 16-7.16 16-16v-16c0-8.84-7.16-16-16-16zm-387.2-48h22.4c6.4 0 12.8-6.4 12.8-12.8v-70.4c0-6.4-6.4-12.8-12.8-12.8h-22.4c-6.4 0-12.8 6.4-12.8 12.8v70.4c0 6.4 6.4 12.8 12.8 12.8z\" class=\"\"><\/path><\/svg><\/i> Vistas Totales&nbsp;2,281&nbsp;, Vistas Hoy&nbsp;4&nbsp;<\/p>\n<div class=\"pvc_clear\"><\/div>\n","protected":false},"author":2,"featured_media":27847,"comment_status":"closed","ping_status":"closed","sticky":false,"template":"","format":"standard","meta":{"footnotes":""},"categories":[22],"tags":[],"class_list":["post-27804","post","type-post","status-publish","format-standard","has-post-thumbnail","hentry","category-articulos"],"yoast_head":"<!-- This site is optimized with the Yoast SEO plugin v25.2 - https:\/\/yoast.com\/wordpress\/plugins\/seo\/ -->\n<title>El verdadero peso de los impuestos en Am\u00e9rica Latina: una comparaci\u00f3n\u00a0de la presi\u00f3n tributaria ajustada | CREES<\/title>\n<meta name=\"robots\" content=\"index, follow, max-snippet:-1, max-image-preview:large, max-video-preview:-1\" \/>\n<link rel=\"canonical\" href=\"https:\/\/crees.org.do\/?p=27804\" \/>\n<meta property=\"og:locale\" content=\"es_ES\" \/>\n<meta property=\"og:type\" content=\"article\" \/>\n<meta property=\"og:title\" content=\"El verdadero peso de los impuestos en Am\u00e9rica Latina: una comparaci\u00f3n\u00a0de la presi\u00f3n tributaria ajustada | CREES\" \/>\n<meta property=\"og:description\" content=\"&nbsp; Fecha: 20 de marzo de 2025 Descargue aqu\u00ed: Vistas Totales&nbsp;2,281&nbsp;, Vistas Hoy&nbsp;4&nbsp;\" \/>\n<meta property=\"og:url\" content=\"https:\/\/crees.org.do\/?p=27804\" \/>\n<meta property=\"og:site_name\" content=\"CREES\" \/>\n<meta property=\"article:publisher\" content=\"https:\/\/www.facebook.com\/CREESRD\/\" \/>\n<meta property=\"article:published_time\" content=\"2025-03-21T14:25:22+00:00\" \/>\n<meta property=\"article:modified_time\" content=\"2025-03-24T13:30:42+00:00\" \/>\n<meta property=\"og:image\" content=\"https:\/\/crees.org.do\/wp-content\/uploads\/2025\/03\/1-Slide-1-2.png\" \/>\n\t<meta property=\"og:image:width\" content=\"800\" \/>\n\t<meta property=\"og:image:height\" content=\"452\" \/>\n\t<meta property=\"og:image:type\" content=\"image\/png\" \/>\n<meta name=\"author\" content=\"Crees\" \/>\n<meta name=\"twitter:card\" content=\"summary_large_image\" \/>\n<meta name=\"twitter:creator\" content=\"@CREESRD\" \/>\n<meta name=\"twitter:site\" content=\"@CREESRD\" \/>\n<meta name=\"twitter:label1\" content=\"Escrito por\" \/>\n\t<meta name=\"twitter:data1\" content=\"Crees\" \/>\n<script type=\"application\/ld+json\" class=\"yoast-schema-graph\">{\"@context\":\"https:\/\/schema.org\",\"@graph\":[{\"@type\":\"Article\",\"@id\":\"https:\/\/crees.org.do\/?p=27804#article\",\"isPartOf\":{\"@id\":\"https:\/\/crees.org.do\/?p=27804\"},\"author\":{\"name\":\"Crees\",\"@id\":\"https:\/\/crees.org.do\/#\/schema\/person\/e7f97cd94d7bf9cd0e0ce30acb7d56b8\"},\"headline\":\"El verdadero peso de los impuestos en Am\u00e9rica Latina: una comparaci\u00f3n\u00a0de la presi\u00f3n tributaria ajustada\",\"datePublished\":\"2025-03-21T14:25:22+00:00\",\"dateModified\":\"2025-03-24T13:30:42+00:00\",\"mainEntityOfPage\":{\"@id\":\"https:\/\/crees.org.do\/?p=27804\"},\"wordCount\":29,\"publisher\":{\"@id\":\"https:\/\/crees.org.do\/#organization\"},\"image\":{\"@id\":\"https:\/\/crees.org.do\/?p=27804#primaryimage\"},\"thumbnailUrl\":\"https:\/\/crees.org.do\/wp-content\/uploads\/2025\/03\/1-Slide-1-2.png\",\"articleSection\":[\"Art\u00edculos\"],\"inLanguage\":\"es\"},{\"@type\":\"WebPage\",\"@id\":\"https:\/\/crees.org.do\/?p=27804\",\"url\":\"https:\/\/crees.org.do\/?p=27804\",\"name\":\"El verdadero peso de los impuestos en Am\u00e9rica Latina: una comparaci\u00f3n\u00a0de la presi\u00f3n tributaria ajustada | CREES\",\"isPartOf\":{\"@id\":\"https:\/\/crees.org.do\/#website\"},\"primaryImageOfPage\":{\"@id\":\"https:\/\/crees.org.do\/?p=27804#primaryimage\"},\"image\":{\"@id\":\"https:\/\/crees.org.do\/?p=27804#primaryimage\"},\"thumbnailUrl\":\"https:\/\/crees.org.do\/wp-content\/uploads\/2025\/03\/1-Slide-1-2.png\",\"datePublished\":\"2025-03-21T14:25:22+00:00\",\"dateModified\":\"2025-03-24T13:30:42+00:00\",\"breadcrumb\":{\"@id\":\"https:\/\/crees.org.do\/?p=27804#breadcrumb\"},\"inLanguage\":\"es\",\"potentialAction\":[{\"@type\":\"ReadAction\",\"target\":[\"https:\/\/crees.org.do\/?p=27804\"]}]},{\"@type\":\"ImageObject\",\"inLanguage\":\"es\",\"@id\":\"https:\/\/crees.org.do\/?p=27804#primaryimage\",\"url\":\"https:\/\/crees.org.do\/wp-content\/uploads\/2025\/03\/1-Slide-1-2.png\",\"contentUrl\":\"https:\/\/crees.org.do\/wp-content\/uploads\/2025\/03\/1-Slide-1-2.png\",\"width\":800,\"height\":452},{\"@type\":\"BreadcrumbList\",\"@id\":\"https:\/\/crees.org.do\/?p=27804#breadcrumb\",\"itemListElement\":[{\"@type\":\"ListItem\",\"position\":1,\"name\":\"Portada\",\"item\":\"https:\/\/crees.org.do\/\"},{\"@type\":\"ListItem\",\"position\":2,\"name\":\"El verdadero peso de los impuestos en Am\u00e9rica Latina: una comparaci\u00f3n\u00a0de la presi\u00f3n tributaria ajustada\"}]},{\"@type\":\"WebSite\",\"@id\":\"https:\/\/crees.org.do\/#website\",\"url\":\"https:\/\/crees.org.do\/\",\"name\":\"CREES\",\"description\":\"Centro Regional de Estrategias Econ\u00f3micas Sostenibles\",\"publisher\":{\"@id\":\"https:\/\/crees.org.do\/#organization\"},\"potentialAction\":[{\"@type\":\"SearchAction\",\"target\":{\"@type\":\"EntryPoint\",\"urlTemplate\":\"https:\/\/crees.org.do\/?s={search_term_string}\"},\"query-input\":{\"@type\":\"PropertyValueSpecification\",\"valueRequired\":true,\"valueName\":\"search_term_string\"}}],\"inLanguage\":\"es\"},{\"@type\":\"Organization\",\"@id\":\"https:\/\/crees.org.do\/#organization\",\"name\":\"CREES | Centro Regional de Estrategias Econ\u00f3micas Sostenibles\",\"url\":\"https:\/\/crees.org.do\/\",\"logo\":{\"@type\":\"ImageObject\",\"inLanguage\":\"es\",\"@id\":\"https:\/\/crees.org.do\/#\/schema\/logo\/image\/\",\"url\":\"https:\/\/crees.org.do\/wp-content\/uploads\/2022\/03\/crees-logo-1.jpg\",\"contentUrl\":\"https:\/\/crees.org.do\/wp-content\/uploads\/2022\/03\/crees-logo-1.jpg\",\"width\":244,\"height\":71,\"caption\":\"CREES | Centro Regional de Estrategias Econ\u00f3micas Sostenibles\"},\"image\":{\"@id\":\"https:\/\/crees.org.do\/#\/schema\/logo\/image\/\"},\"sameAs\":[\"https:\/\/www.facebook.com\/CREESRD\/\",\"https:\/\/x.com\/CREESRD\"]},{\"@type\":\"Person\",\"@id\":\"https:\/\/crees.org.do\/#\/schema\/person\/e7f97cd94d7bf9cd0e0ce30acb7d56b8\",\"name\":\"Crees\",\"image\":{\"@type\":\"ImageObject\",\"inLanguage\":\"es\",\"@id\":\"https:\/\/crees.org.do\/#\/schema\/person\/image\/\",\"url\":\"https:\/\/secure.gravatar.com\/avatar\/390ac8f0be5d9aa046152553e2dd7011b59a512d89c150f5e5f28bb8d9a0b165?s=96&d=mm&r=g\",\"contentUrl\":\"https:\/\/secure.gravatar.com\/avatar\/390ac8f0be5d9aa046152553e2dd7011b59a512d89c150f5e5f28bb8d9a0b165?s=96&d=mm&r=g\",\"caption\":\"Crees\"},\"url\":\"https:\/\/crees.org.do\/?author=2\"}]}<\/script>\n<!-- \/ Yoast SEO plugin. -->","yoast_head_json":{"title":"El verdadero peso de los impuestos en Am\u00e9rica Latina: una comparaci\u00f3n\u00a0de la presi\u00f3n tributaria ajustada | CREES","robots":{"index":"index","follow":"follow","max-snippet":"max-snippet:-1","max-image-preview":"max-image-preview:large","max-video-preview":"max-video-preview:-1"},"canonical":"https:\/\/crees.org.do\/?p=27804","og_locale":"es_ES","og_type":"article","og_title":"El verdadero peso de los impuestos en Am\u00e9rica Latina: una comparaci\u00f3n\u00a0de la presi\u00f3n tributaria ajustada | CREES","og_description":"&nbsp; Fecha: 20 de marzo de 2025 Descargue aqu\u00ed: Vistas Totales&nbsp;2,281&nbsp;, Vistas Hoy&nbsp;4&nbsp;","og_url":"https:\/\/crees.org.do\/?p=27804","og_site_name":"CREES","article_publisher":"https:\/\/www.facebook.com\/CREESRD\/","article_published_time":"2025-03-21T14:25:22+00:00","article_modified_time":"2025-03-24T13:30:42+00:00","og_image":[{"width":800,"height":452,"url":"https:\/\/crees.org.do\/wp-content\/uploads\/2025\/03\/1-Slide-1-2.png","type":"image\/png"}],"author":"Crees","twitter_card":"summary_large_image","twitter_creator":"@CREESRD","twitter_site":"@CREESRD","twitter_misc":{"Escrito por":"Crees"},"schema":{"@context":"https:\/\/schema.org","@graph":[{"@type":"Article","@id":"https:\/\/crees.org.do\/?p=27804#article","isPartOf":{"@id":"https:\/\/crees.org.do\/?p=27804"},"author":{"name":"Crees","@id":"https:\/\/crees.org.do\/#\/schema\/person\/e7f97cd94d7bf9cd0e0ce30acb7d56b8"},"headline":"El verdadero peso de los impuestos en Am\u00e9rica Latina: una comparaci\u00f3n\u00a0de la presi\u00f3n tributaria ajustada","datePublished":"2025-03-21T14:25:22+00:00","dateModified":"2025-03-24T13:30:42+00:00","mainEntityOfPage":{"@id":"https:\/\/crees.org.do\/?p=27804"},"wordCount":29,"publisher":{"@id":"https:\/\/crees.org.do\/#organization"},"image":{"@id":"https:\/\/crees.org.do\/?p=27804#primaryimage"},"thumbnailUrl":"https:\/\/crees.org.do\/wp-content\/uploads\/2025\/03\/1-Slide-1-2.png","articleSection":["Art\u00edculos"],"inLanguage":"es"},{"@type":"WebPage","@id":"https:\/\/crees.org.do\/?p=27804","url":"https:\/\/crees.org.do\/?p=27804","name":"El verdadero peso de los impuestos en Am\u00e9rica Latina: una comparaci\u00f3n\u00a0de la presi\u00f3n tributaria ajustada | CREES","isPartOf":{"@id":"https:\/\/crees.org.do\/#website"},"primaryImageOfPage":{"@id":"https:\/\/crees.org.do\/?p=27804#primaryimage"},"image":{"@id":"https:\/\/crees.org.do\/?p=27804#primaryimage"},"thumbnailUrl":"https:\/\/crees.org.do\/wp-content\/uploads\/2025\/03\/1-Slide-1-2.png","datePublished":"2025-03-21T14:25:22+00:00","dateModified":"2025-03-24T13:30:42+00:00","breadcrumb":{"@id":"https:\/\/crees.org.do\/?p=27804#breadcrumb"},"inLanguage":"es","potentialAction":[{"@type":"ReadAction","target":["https:\/\/crees.org.do\/?p=27804"]}]},{"@type":"ImageObject","inLanguage":"es","@id":"https:\/\/crees.org.do\/?p=27804#primaryimage","url":"https:\/\/crees.org.do\/wp-content\/uploads\/2025\/03\/1-Slide-1-2.png","contentUrl":"https:\/\/crees.org.do\/wp-content\/uploads\/2025\/03\/1-Slide-1-2.png","width":800,"height":452},{"@type":"BreadcrumbList","@id":"https:\/\/crees.org.do\/?p=27804#breadcrumb","itemListElement":[{"@type":"ListItem","position":1,"name":"Portada","item":"https:\/\/crees.org.do\/"},{"@type":"ListItem","position":2,"name":"El verdadero peso de los impuestos en Am\u00e9rica Latina: una comparaci\u00f3n\u00a0de la presi\u00f3n tributaria ajustada"}]},{"@type":"WebSite","@id":"https:\/\/crees.org.do\/#website","url":"https:\/\/crees.org.do\/","name":"CREES","description":"Centro Regional de Estrategias Econ\u00f3micas Sostenibles","publisher":{"@id":"https:\/\/crees.org.do\/#organization"},"potentialAction":[{"@type":"SearchAction","target":{"@type":"EntryPoint","urlTemplate":"https:\/\/crees.org.do\/?s={search_term_string}"},"query-input":{"@type":"PropertyValueSpecification","valueRequired":true,"valueName":"search_term_string"}}],"inLanguage":"es"},{"@type":"Organization","@id":"https:\/\/crees.org.do\/#organization","name":"CREES | Centro Regional de Estrategias Econ\u00f3micas Sostenibles","url":"https:\/\/crees.org.do\/","logo":{"@type":"ImageObject","inLanguage":"es","@id":"https:\/\/crees.org.do\/#\/schema\/logo\/image\/","url":"https:\/\/crees.org.do\/wp-content\/uploads\/2022\/03\/crees-logo-1.jpg","contentUrl":"https:\/\/crees.org.do\/wp-content\/uploads\/2022\/03\/crees-logo-1.jpg","width":244,"height":71,"caption":"CREES | Centro Regional de Estrategias Econ\u00f3micas Sostenibles"},"image":{"@id":"https:\/\/crees.org.do\/#\/schema\/logo\/image\/"},"sameAs":["https:\/\/www.facebook.com\/CREESRD\/","https:\/\/x.com\/CREESRD"]},{"@type":"Person","@id":"https:\/\/crees.org.do\/#\/schema\/person\/e7f97cd94d7bf9cd0e0ce30acb7d56b8","name":"Crees","image":{"@type":"ImageObject","inLanguage":"es","@id":"https:\/\/crees.org.do\/#\/schema\/person\/image\/","url":"https:\/\/secure.gravatar.com\/avatar\/390ac8f0be5d9aa046152553e2dd7011b59a512d89c150f5e5f28bb8d9a0b165?s=96&d=mm&r=g","contentUrl":"https:\/\/secure.gravatar.com\/avatar\/390ac8f0be5d9aa046152553e2dd7011b59a512d89c150f5e5f28bb8d9a0b165?s=96&d=mm&r=g","caption":"Crees"},"url":"https:\/\/crees.org.do\/?author=2"}]}},"_links":{"self":[{"href":"https:\/\/crees.org.do\/index.php?rest_route=\/wp\/v2\/posts\/27804","targetHints":{"allow":["GET"]}}],"collection":[{"href":"https:\/\/crees.org.do\/index.php?rest_route=\/wp\/v2\/posts"}],"about":[{"href":"https:\/\/crees.org.do\/index.php?rest_route=\/wp\/v2\/types\/post"}],"author":[{"embeddable":true,"href":"https:\/\/crees.org.do\/index.php?rest_route=\/wp\/v2\/users\/2"}],"replies":[{"embeddable":true,"href":"https:\/\/crees.org.do\/index.php?rest_route=%2Fwp%2Fv2%2Fcomments&post=27804"}],"version-history":[{"count":9,"href":"https:\/\/crees.org.do\/index.php?rest_route=\/wp\/v2\/posts\/27804\/revisions"}],"predecessor-version":[{"id":27850,"href":"https:\/\/crees.org.do\/index.php?rest_route=\/wp\/v2\/posts\/27804\/revisions\/27850"}],"wp:featuredmedia":[{"embeddable":true,"href":"https:\/\/crees.org.do\/index.php?rest_route=\/wp\/v2\/media\/27847"}],"wp:attachment":[{"href":"https:\/\/crees.org.do\/index.php?rest_route=%2Fwp%2Fv2%2Fmedia&parent=27804"}],"wp:term":[{"taxonomy":"category","embeddable":true,"href":"https:\/\/crees.org.do\/index.php?rest_route=%2Fwp%2Fv2%2Fcategories&post=27804"},{"taxonomy":"post_tag","embeddable":true,"href":"https:\/\/crees.org.do\/index.php?rest_route=%2Fwp%2Fv2%2Ftags&post=27804"}],"curies":[{"name":"wp","href":"https:\/\/api.w.org\/{rel}","templated":true}]}}