{"id":27867,"date":"2025-03-28T14:29:24","date_gmt":"2025-03-28T14:29:24","guid":{"rendered":"https:\/\/crees.org.do\/?p=27867"},"modified":"2025-03-28T14:29:24","modified_gmt":"2025-03-28T14:29:24","slug":"republica-dominicana-es-el-pais-en-el-cual-la-recaudacion-por-impuestos-tiene-el-mayor-peso-dentro-de-la-presion-tributaria-en-america-latina","status":"publish","type":"post","link":"https:\/\/crees.org.do\/?p=27867","title":{"rendered":"Rep\u00fablica Dominicana es el pa\u00eds en el cual la recaudaci\u00f3n por impuestos tiene el mayor peso dentro de la presi\u00f3n tributaria en Am\u00e9rica Latina"},"content":{"rendered":"<h2><img fetchpriority=\"high\" decoding=\"async\" class=\"aligncenter wp-image-27868\" src=\"https:\/\/crees.org.do\/wp-content\/uploads\/2025\/03\/Untitled-copy-14-4.png\" alt=\"\" width=\"869\" height=\"869\" srcset=\"https:\/\/crees.org.do\/wp-content\/uploads\/2025\/03\/Untitled-copy-14-4.png 1200w, https:\/\/crees.org.do\/wp-content\/uploads\/2025\/03\/Untitled-copy-14-4-450x450.png 450w, https:\/\/crees.org.do\/wp-content\/uploads\/2025\/03\/Untitled-copy-14-4-2000x2000.png 2000w, https:\/\/crees.org.do\/wp-content\/uploads\/2025\/03\/Untitled-copy-14-4-150x150.png 150w, https:\/\/crees.org.do\/wp-content\/uploads\/2025\/03\/Untitled-copy-14-4-768x768.png 768w, https:\/\/crees.org.do\/wp-content\/uploads\/2025\/03\/Untitled-copy-14-4-1536x1536.png 1536w, https:\/\/crees.org.do\/wp-content\/uploads\/2025\/03\/Untitled-copy-14-4-2048x2048.png 2048w\" sizes=\"(max-width: 869px) 100vw, 869px\" \/><\/h2>\n<h2><strong>Rep\u00fablica Dominicana<\/strong> <strong>es el pa\u00eds en el cual la <\/strong><strong>recaudaci\u00f3n por impuestos<\/strong><strong> tiene el <\/strong><strong>mayor peso<\/strong><strong> dentro de la presi\u00f3n tributaria en Am\u00e9rica Latina<\/strong><\/h2>\n<p style=\"text-align: justify;\">Al comparar la presi\u00f3n tributaria entre pa\u00edses de Am\u00e9rica Latina, es com\u00fan incluir no solo impuestos, sino tambi\u00e9n ingresos por aportes a la seguridad social y, en algunos casos, por actividades extractivas como la miner\u00eda y los hidrocarburos. Sin embargo, este enfoque puede llevar a conclusiones equivocadas si no se distingue adecuadamente el origen de los recursos recaudados.<\/p>\n<p style=\"text-align: justify;\">De acuerdo con datos de la OCDE, el 98.2% de la recaudaci\u00f3n fiscal en Rep\u00fablica Dominicana proviene directamente del cobro de impuestos. Esta proporci\u00f3n es la m\u00e1s alta de toda la regi\u00f3n y contrasta con el promedio latinoamericano, donde solo el 77.9% de la presi\u00f3n tributaria corresponde a impuestos, mientras que el resto proviene de otros ingresos no impositivos.<\/p>\n<p style=\"text-align: justify;\">En pa\u00edses como Brasil, Uruguay y Costa Rica, m\u00e1s del 25% de la presi\u00f3n tributaria est\u00e1 compuesta por ingresos de la seguridad social. Estos recursos, aunque obligatorios, no tienen la misma naturaleza que los impuestos generales y suelen destinarse a fines espec\u00edficos. En contraste, Rep\u00fablica Dominicana adopt\u00f3 un sistema de capitalizaci\u00f3n individual para la seguridad social, lo que representa un avance importante frente a los esquemas tradicionales de reparto utilizados a\u00fan por muchos pa\u00edses de la regi\u00f3n. En este modelo, los aportes obligatorios de los trabajadores no se canalizan al fisco ni se registran como ingresos p\u00fablicos, sino que se gestionan fuera del presupuesto del Estado, pero manteniendo su funci\u00f3n de protecci\u00f3n social.<\/p>\n<p style=\"text-align: justify;\">Esto significa que, si bien la presi\u00f3n tributaria total dominicana puede parecer baja en las comparaciones internacionales, el peso real de los impuestos sobre los contribuyentes es significativamente mayor de lo que reflejan los datos sin ajustes.<\/p>\n<p style=\"text-align: justify;\">Comparar correctamente implica observar no solo cu\u00e1nto se recauda, sino c\u00f3mo se recauda. Esta distinci\u00f3n es fundamental para evitar diagn\u00f3sticos err\u00f3neos y para dise\u00f1ar pol\u00edticas fiscales que promuevan el desarrollo econ\u00f3mico sostenible.<\/p>\n<div class=\"pvc_clear\"><\/div>\n<p class=\"pvc_stats all \" data-element-id=\"27867\" style=\"\"><i class=\"pvc-stats-icon medium\" aria-hidden=\"true\"><svg aria-hidden=\"true\" focusable=\"false\" data-prefix=\"far\" data-icon=\"chart-bar\" role=\"img\" xmlns=\"http:\/\/www.w3.org\/2000\/svg\" viewBox=\"0 0 512 512\" class=\"svg-inline--fa fa-chart-bar fa-w-16 fa-2x\"><path fill=\"currentColor\" d=\"M396.8 352h22.4c6.4 0 12.8-6.4 12.8-12.8V108.8c0-6.4-6.4-12.8-12.8-12.8h-22.4c-6.4 0-12.8 6.4-12.8 12.8v230.4c0 6.4 6.4 12.8 12.8 12.8zm-192 0h22.4c6.4 0 12.8-6.4 12.8-12.8V140.8c0-6.4-6.4-12.8-12.8-12.8h-22.4c-6.4 0-12.8 6.4-12.8 12.8v198.4c0 6.4 6.4 12.8 12.8 12.8zm96 0h22.4c6.4 0 12.8-6.4 12.8-12.8V204.8c0-6.4-6.4-12.8-12.8-12.8h-22.4c-6.4 0-12.8 6.4-12.8 12.8v134.4c0 6.4 6.4 12.8 12.8 12.8zM496 400H48V80c0-8.84-7.16-16-16-16H16C7.16 64 0 71.16 0 80v336c0 17.67 14.33 32 32 32h464c8.84 0 16-7.16 16-16v-16c0-8.84-7.16-16-16-16zm-387.2-48h22.4c6.4 0 12.8-6.4 12.8-12.8v-70.4c0-6.4-6.4-12.8-12.8-12.8h-22.4c-6.4 0-12.8 6.4-12.8 12.8v70.4c0 6.4 6.4 12.8 12.8 12.8z\" class=\"\"><\/path><\/svg><\/i> Vistas Totales&nbsp;1,487&nbsp;, Vistas Hoy&nbsp;2&nbsp;<\/p>\n<div class=\"pvc_clear\"><\/div>\n","protected":false},"excerpt":{"rendered":"<p>Rep\u00fablica Dominicana es el pa\u00eds en el cual la recaudaci\u00f3n por impuestos tiene el mayor peso dentro de la presi\u00f3n tributaria en Am\u00e9rica Latina Al comparar la presi\u00f3n tributaria entre pa\u00edses de Am\u00e9rica Latina, es com\u00fan incluir no solo impuestos, sino tambi\u00e9n ingresos por aportes a la seguridad social y, en algunos casos, por actividades&#8230;<\/p>\n<div class=\"pvc_clear\"><\/div>\n<p class=\"pvc_stats all \" data-element-id=\"27867\" style=\"\"><i class=\"pvc-stats-icon medium\" aria-hidden=\"true\"><svg aria-hidden=\"true\" focusable=\"false\" data-prefix=\"far\" data-icon=\"chart-bar\" role=\"img\" xmlns=\"http:\/\/www.w3.org\/2000\/svg\" viewBox=\"0 0 512 512\" class=\"svg-inline--fa fa-chart-bar fa-w-16 fa-2x\"><path fill=\"currentColor\" d=\"M396.8 352h22.4c6.4 0 12.8-6.4 12.8-12.8V108.8c0-6.4-6.4-12.8-12.8-12.8h-22.4c-6.4 0-12.8 6.4-12.8 12.8v230.4c0 6.4 6.4 12.8 12.8 12.8zm-192 0h22.4c6.4 0 12.8-6.4 12.8-12.8V140.8c0-6.4-6.4-12.8-12.8-12.8h-22.4c-6.4 0-12.8 6.4-12.8 12.8v198.4c0 6.4 6.4 12.8 12.8 12.8zm96 0h22.4c6.4 0 12.8-6.4 12.8-12.8V204.8c0-6.4-6.4-12.8-12.8-12.8h-22.4c-6.4 0-12.8 6.4-12.8 12.8v134.4c0 6.4 6.4 12.8 12.8 12.8zM496 400H48V80c0-8.84-7.16-16-16-16H16C7.16 64 0 71.16 0 80v336c0 17.67 14.33 32 32 32h464c8.84 0 16-7.16 16-16v-16c0-8.84-7.16-16-16-16zm-387.2-48h22.4c6.4 0 12.8-6.4 12.8-12.8v-70.4c0-6.4-6.4-12.8-12.8-12.8h-22.4c-6.4 0-12.8 6.4-12.8 12.8v70.4c0 6.4 6.4 12.8 12.8 12.8z\" class=\"\"><\/path><\/svg><\/i> Vistas Totales&nbsp;1,487&nbsp;, Vistas Hoy&nbsp;2&nbsp;<\/p>\n<div class=\"pvc_clear\"><\/div>\n","protected":false},"author":2,"featured_media":27868,"comment_status":"closed","ping_status":"closed","sticky":false,"template":"","format":"standard","meta":{"footnotes":""},"categories":[21],"tags":[],"class_list":["post-27867","post","type-post","status-publish","format-standard","has-post-thumbnail","hentry","category-blog"],"yoast_head":"<!-- This site is optimized with the Yoast SEO plugin v25.2 - https:\/\/yoast.com\/wordpress\/plugins\/seo\/ -->\n<title>Rep\u00fablica Dominicana es el pa\u00eds en el cual la recaudaci\u00f3n por impuestos tiene el mayor peso dentro de la presi\u00f3n tributaria en Am\u00e9rica Latina | CREES<\/title>\n<meta name=\"robots\" content=\"index, follow, max-snippet:-1, max-image-preview:large, max-video-preview:-1\" \/>\n<link rel=\"canonical\" href=\"https:\/\/crees.org.do\/?p=27867\" \/>\n<meta property=\"og:locale\" content=\"es_ES\" \/>\n<meta property=\"og:type\" content=\"article\" \/>\n<meta property=\"og:title\" content=\"Rep\u00fablica Dominicana es el pa\u00eds en el cual la recaudaci\u00f3n por impuestos tiene el mayor peso dentro de la presi\u00f3n tributaria en Am\u00e9rica Latina | CREES\" \/>\n<meta property=\"og:description\" content=\"Rep\u00fablica Dominicana es el pa\u00eds en el cual la recaudaci\u00f3n por impuestos tiene el mayor peso dentro de la presi\u00f3n tributaria en Am\u00e9rica Latina Al comparar la presi\u00f3n tributaria entre pa\u00edses de Am\u00e9rica Latina, es com\u00fan incluir no solo impuestos, sino tambi\u00e9n ingresos por aportes a la seguridad social y, en algunos casos, por actividades...\" \/>\n<meta property=\"og:url\" content=\"https:\/\/crees.org.do\/?p=27867\" \/>\n<meta property=\"og:site_name\" content=\"CREES\" \/>\n<meta property=\"article:publisher\" content=\"https:\/\/www.facebook.com\/CREESRD\/\" \/>\n<meta property=\"article:published_time\" content=\"2025-03-28T14:29:24+00:00\" \/>\n<meta property=\"og:image\" content=\"https:\/\/crees.org.do\/wp-content\/uploads\/2025\/03\/Untitled-copy-14-4.png\" \/>\n\t<meta property=\"og:image:width\" content=\"1200\" \/>\n\t<meta property=\"og:image:height\" content=\"1200\" \/>\n\t<meta property=\"og:image:type\" content=\"image\/png\" \/>\n<meta name=\"author\" content=\"Crees\" \/>\n<meta name=\"twitter:card\" content=\"summary_large_image\" \/>\n<meta name=\"twitter:creator\" content=\"@CREESRD\" \/>\n<meta name=\"twitter:site\" content=\"@CREESRD\" \/>\n<meta name=\"twitter:label1\" content=\"Escrito por\" \/>\n\t<meta name=\"twitter:data1\" content=\"Crees\" \/>\n\t<meta name=\"twitter:label2\" content=\"Tiempo de lectura\" \/>\n\t<meta name=\"twitter:data2\" content=\"2 minutos\" \/>\n<script type=\"application\/ld+json\" class=\"yoast-schema-graph\">{\"@context\":\"https:\/\/schema.org\",\"@graph\":[{\"@type\":\"Article\",\"@id\":\"https:\/\/crees.org.do\/?p=27867#article\",\"isPartOf\":{\"@id\":\"https:\/\/crees.org.do\/?p=27867\"},\"author\":{\"name\":\"Crees\",\"@id\":\"https:\/\/crees.org.do\/#\/schema\/person\/e7f97cd94d7bf9cd0e0ce30acb7d56b8\"},\"headline\":\"Rep\u00fablica Dominicana es el pa\u00eds en el cual la recaudaci\u00f3n por impuestos tiene el mayor peso dentro de la presi\u00f3n tributaria en Am\u00e9rica Latina\",\"datePublished\":\"2025-03-28T14:29:24+00:00\",\"mainEntityOfPage\":{\"@id\":\"https:\/\/crees.org.do\/?p=27867\"},\"wordCount\":387,\"publisher\":{\"@id\":\"https:\/\/crees.org.do\/#organization\"},\"image\":{\"@id\":\"https:\/\/crees.org.do\/?p=27867#primaryimage\"},\"thumbnailUrl\":\"https:\/\/crees.org.do\/wp-content\/uploads\/2025\/03\/Untitled-copy-14-4.png\",\"articleSection\":[\"Blog\"],\"inLanguage\":\"es\"},{\"@type\":\"WebPage\",\"@id\":\"https:\/\/crees.org.do\/?p=27867\",\"url\":\"https:\/\/crees.org.do\/?p=27867\",\"name\":\"Rep\u00fablica Dominicana es el pa\u00eds en el cual la recaudaci\u00f3n por impuestos tiene el mayor peso dentro de la presi\u00f3n tributaria en Am\u00e9rica Latina | CREES\",\"isPartOf\":{\"@id\":\"https:\/\/crees.org.do\/#website\"},\"primaryImageOfPage\":{\"@id\":\"https:\/\/crees.org.do\/?p=27867#primaryimage\"},\"image\":{\"@id\":\"https:\/\/crees.org.do\/?p=27867#primaryimage\"},\"thumbnailUrl\":\"https:\/\/crees.org.do\/wp-content\/uploads\/2025\/03\/Untitled-copy-14-4.png\",\"datePublished\":\"2025-03-28T14:29:24+00:00\",\"breadcrumb\":{\"@id\":\"https:\/\/crees.org.do\/?p=27867#breadcrumb\"},\"inLanguage\":\"es\",\"potentialAction\":[{\"@type\":\"ReadAction\",\"target\":[\"https:\/\/crees.org.do\/?p=27867\"]}]},{\"@type\":\"ImageObject\",\"inLanguage\":\"es\",\"@id\":\"https:\/\/crees.org.do\/?p=27867#primaryimage\",\"url\":\"https:\/\/crees.org.do\/wp-content\/uploads\/2025\/03\/Untitled-copy-14-4.png\",\"contentUrl\":\"https:\/\/crees.org.do\/wp-content\/uploads\/2025\/03\/Untitled-copy-14-4.png\",\"width\":1200,\"height\":1200},{\"@type\":\"BreadcrumbList\",\"@id\":\"https:\/\/crees.org.do\/?p=27867#breadcrumb\",\"itemListElement\":[{\"@type\":\"ListItem\",\"position\":1,\"name\":\"Portada\",\"item\":\"https:\/\/crees.org.do\/\"},{\"@type\":\"ListItem\",\"position\":2,\"name\":\"Rep\u00fablica Dominicana es el pa\u00eds en el cual la recaudaci\u00f3n por impuestos tiene el mayor peso dentro de la presi\u00f3n tributaria en Am\u00e9rica Latina\"}]},{\"@type\":\"WebSite\",\"@id\":\"https:\/\/crees.org.do\/#website\",\"url\":\"https:\/\/crees.org.do\/\",\"name\":\"CREES\",\"description\":\"Centro Regional de Estrategias Econ\u00f3micas Sostenibles\",\"publisher\":{\"@id\":\"https:\/\/crees.org.do\/#organization\"},\"potentialAction\":[{\"@type\":\"SearchAction\",\"target\":{\"@type\":\"EntryPoint\",\"urlTemplate\":\"https:\/\/crees.org.do\/?s={search_term_string}\"},\"query-input\":{\"@type\":\"PropertyValueSpecification\",\"valueRequired\":true,\"valueName\":\"search_term_string\"}}],\"inLanguage\":\"es\"},{\"@type\":\"Organization\",\"@id\":\"https:\/\/crees.org.do\/#organization\",\"name\":\"CREES | Centro Regional de Estrategias Econ\u00f3micas Sostenibles\",\"url\":\"https:\/\/crees.org.do\/\",\"logo\":{\"@type\":\"ImageObject\",\"inLanguage\":\"es\",\"@id\":\"https:\/\/crees.org.do\/#\/schema\/logo\/image\/\",\"url\":\"https:\/\/crees.org.do\/wp-content\/uploads\/2022\/03\/crees-logo-1.jpg\",\"contentUrl\":\"https:\/\/crees.org.do\/wp-content\/uploads\/2022\/03\/crees-logo-1.jpg\",\"width\":244,\"height\":71,\"caption\":\"CREES | Centro Regional de Estrategias Econ\u00f3micas Sostenibles\"},\"image\":{\"@id\":\"https:\/\/crees.org.do\/#\/schema\/logo\/image\/\"},\"sameAs\":[\"https:\/\/www.facebook.com\/CREESRD\/\",\"https:\/\/x.com\/CREESRD\"]},{\"@type\":\"Person\",\"@id\":\"https:\/\/crees.org.do\/#\/schema\/person\/e7f97cd94d7bf9cd0e0ce30acb7d56b8\",\"name\":\"Crees\",\"image\":{\"@type\":\"ImageObject\",\"inLanguage\":\"es\",\"@id\":\"https:\/\/crees.org.do\/#\/schema\/person\/image\/\",\"url\":\"https:\/\/secure.gravatar.com\/avatar\/390ac8f0be5d9aa046152553e2dd7011b59a512d89c150f5e5f28bb8d9a0b165?s=96&d=mm&r=g\",\"contentUrl\":\"https:\/\/secure.gravatar.com\/avatar\/390ac8f0be5d9aa046152553e2dd7011b59a512d89c150f5e5f28bb8d9a0b165?s=96&d=mm&r=g\",\"caption\":\"Crees\"},\"url\":\"https:\/\/crees.org.do\/?author=2\"}]}<\/script>\n<!-- \/ Yoast SEO plugin. -->","yoast_head_json":{"title":"Rep\u00fablica Dominicana es el pa\u00eds en el cual la recaudaci\u00f3n por impuestos tiene el mayor peso dentro de la presi\u00f3n tributaria en Am\u00e9rica Latina | CREES","robots":{"index":"index","follow":"follow","max-snippet":"max-snippet:-1","max-image-preview":"max-image-preview:large","max-video-preview":"max-video-preview:-1"},"canonical":"https:\/\/crees.org.do\/?p=27867","og_locale":"es_ES","og_type":"article","og_title":"Rep\u00fablica Dominicana es el pa\u00eds en el cual la recaudaci\u00f3n por impuestos tiene el mayor peso dentro de la presi\u00f3n tributaria en Am\u00e9rica Latina | CREES","og_description":"Rep\u00fablica Dominicana es el pa\u00eds en el cual la recaudaci\u00f3n por impuestos tiene el mayor peso dentro de la presi\u00f3n tributaria en Am\u00e9rica Latina Al comparar la presi\u00f3n tributaria entre pa\u00edses de Am\u00e9rica Latina, es com\u00fan incluir no solo impuestos, sino tambi\u00e9n ingresos por aportes a la seguridad social y, en algunos casos, por actividades...","og_url":"https:\/\/crees.org.do\/?p=27867","og_site_name":"CREES","article_publisher":"https:\/\/www.facebook.com\/CREESRD\/","article_published_time":"2025-03-28T14:29:24+00:00","og_image":[{"width":1200,"height":1200,"url":"https:\/\/crees.org.do\/wp-content\/uploads\/2025\/03\/Untitled-copy-14-4.png","type":"image\/png"}],"author":"Crees","twitter_card":"summary_large_image","twitter_creator":"@CREESRD","twitter_site":"@CREESRD","twitter_misc":{"Escrito por":"Crees","Tiempo de lectura":"2 minutos"},"schema":{"@context":"https:\/\/schema.org","@graph":[{"@type":"Article","@id":"https:\/\/crees.org.do\/?p=27867#article","isPartOf":{"@id":"https:\/\/crees.org.do\/?p=27867"},"author":{"name":"Crees","@id":"https:\/\/crees.org.do\/#\/schema\/person\/e7f97cd94d7bf9cd0e0ce30acb7d56b8"},"headline":"Rep\u00fablica Dominicana es el pa\u00eds en el cual la recaudaci\u00f3n por impuestos tiene el mayor peso dentro de la presi\u00f3n tributaria en Am\u00e9rica Latina","datePublished":"2025-03-28T14:29:24+00:00","mainEntityOfPage":{"@id":"https:\/\/crees.org.do\/?p=27867"},"wordCount":387,"publisher":{"@id":"https:\/\/crees.org.do\/#organization"},"image":{"@id":"https:\/\/crees.org.do\/?p=27867#primaryimage"},"thumbnailUrl":"https:\/\/crees.org.do\/wp-content\/uploads\/2025\/03\/Untitled-copy-14-4.png","articleSection":["Blog"],"inLanguage":"es"},{"@type":"WebPage","@id":"https:\/\/crees.org.do\/?p=27867","url":"https:\/\/crees.org.do\/?p=27867","name":"Rep\u00fablica Dominicana es el pa\u00eds en el cual la recaudaci\u00f3n por impuestos tiene el mayor peso dentro de la presi\u00f3n tributaria en Am\u00e9rica Latina | CREES","isPartOf":{"@id":"https:\/\/crees.org.do\/#website"},"primaryImageOfPage":{"@id":"https:\/\/crees.org.do\/?p=27867#primaryimage"},"image":{"@id":"https:\/\/crees.org.do\/?p=27867#primaryimage"},"thumbnailUrl":"https:\/\/crees.org.do\/wp-content\/uploads\/2025\/03\/Untitled-copy-14-4.png","datePublished":"2025-03-28T14:29:24+00:00","breadcrumb":{"@id":"https:\/\/crees.org.do\/?p=27867#breadcrumb"},"inLanguage":"es","potentialAction":[{"@type":"ReadAction","target":["https:\/\/crees.org.do\/?p=27867"]}]},{"@type":"ImageObject","inLanguage":"es","@id":"https:\/\/crees.org.do\/?p=27867#primaryimage","url":"https:\/\/crees.org.do\/wp-content\/uploads\/2025\/03\/Untitled-copy-14-4.png","contentUrl":"https:\/\/crees.org.do\/wp-content\/uploads\/2025\/03\/Untitled-copy-14-4.png","width":1200,"height":1200},{"@type":"BreadcrumbList","@id":"https:\/\/crees.org.do\/?p=27867#breadcrumb","itemListElement":[{"@type":"ListItem","position":1,"name":"Portada","item":"https:\/\/crees.org.do\/"},{"@type":"ListItem","position":2,"name":"Rep\u00fablica Dominicana es el pa\u00eds en el cual la recaudaci\u00f3n por impuestos tiene el mayor peso dentro de la presi\u00f3n tributaria en Am\u00e9rica Latina"}]},{"@type":"WebSite","@id":"https:\/\/crees.org.do\/#website","url":"https:\/\/crees.org.do\/","name":"CREES","description":"Centro Regional de Estrategias Econ\u00f3micas Sostenibles","publisher":{"@id":"https:\/\/crees.org.do\/#organization"},"potentialAction":[{"@type":"SearchAction","target":{"@type":"EntryPoint","urlTemplate":"https:\/\/crees.org.do\/?s={search_term_string}"},"query-input":{"@type":"PropertyValueSpecification","valueRequired":true,"valueName":"search_term_string"}}],"inLanguage":"es"},{"@type":"Organization","@id":"https:\/\/crees.org.do\/#organization","name":"CREES | Centro Regional de Estrategias Econ\u00f3micas Sostenibles","url":"https:\/\/crees.org.do\/","logo":{"@type":"ImageObject","inLanguage":"es","@id":"https:\/\/crees.org.do\/#\/schema\/logo\/image\/","url":"https:\/\/crees.org.do\/wp-content\/uploads\/2022\/03\/crees-logo-1.jpg","contentUrl":"https:\/\/crees.org.do\/wp-content\/uploads\/2022\/03\/crees-logo-1.jpg","width":244,"height":71,"caption":"CREES | Centro Regional de Estrategias Econ\u00f3micas Sostenibles"},"image":{"@id":"https:\/\/crees.org.do\/#\/schema\/logo\/image\/"},"sameAs":["https:\/\/www.facebook.com\/CREESRD\/","https:\/\/x.com\/CREESRD"]},{"@type":"Person","@id":"https:\/\/crees.org.do\/#\/schema\/person\/e7f97cd94d7bf9cd0e0ce30acb7d56b8","name":"Crees","image":{"@type":"ImageObject","inLanguage":"es","@id":"https:\/\/crees.org.do\/#\/schema\/person\/image\/","url":"https:\/\/secure.gravatar.com\/avatar\/390ac8f0be5d9aa046152553e2dd7011b59a512d89c150f5e5f28bb8d9a0b165?s=96&d=mm&r=g","contentUrl":"https:\/\/secure.gravatar.com\/avatar\/390ac8f0be5d9aa046152553e2dd7011b59a512d89c150f5e5f28bb8d9a0b165?s=96&d=mm&r=g","caption":"Crees"},"url":"https:\/\/crees.org.do\/?author=2"}]}},"_links":{"self":[{"href":"https:\/\/crees.org.do\/index.php?rest_route=\/wp\/v2\/posts\/27867","targetHints":{"allow":["GET"]}}],"collection":[{"href":"https:\/\/crees.org.do\/index.php?rest_route=\/wp\/v2\/posts"}],"about":[{"href":"https:\/\/crees.org.do\/index.php?rest_route=\/wp\/v2\/types\/post"}],"author":[{"embeddable":true,"href":"https:\/\/crees.org.do\/index.php?rest_route=\/wp\/v2\/users\/2"}],"replies":[{"embeddable":true,"href":"https:\/\/crees.org.do\/index.php?rest_route=%2Fwp%2Fv2%2Fcomments&post=27867"}],"version-history":[{"count":1,"href":"https:\/\/crees.org.do\/index.php?rest_route=\/wp\/v2\/posts\/27867\/revisions"}],"predecessor-version":[{"id":27869,"href":"https:\/\/crees.org.do\/index.php?rest_route=\/wp\/v2\/posts\/27867\/revisions\/27869"}],"wp:featuredmedia":[{"embeddable":true,"href":"https:\/\/crees.org.do\/index.php?rest_route=\/wp\/v2\/media\/27868"}],"wp:attachment":[{"href":"https:\/\/crees.org.do\/index.php?rest_route=%2Fwp%2Fv2%2Fmedia&parent=27867"}],"wp:term":[{"taxonomy":"category","embeddable":true,"href":"https:\/\/crees.org.do\/index.php?rest_route=%2Fwp%2Fv2%2Fcategories&post=27867"},{"taxonomy":"post_tag","embeddable":true,"href":"https:\/\/crees.org.do\/index.php?rest_route=%2Fwp%2Fv2%2Ftags&post=27867"}],"curies":[{"name":"wp","href":"https:\/\/api.w.org\/{rel}","templated":true}]}}