{"id":27870,"date":"2025-03-28T14:43:42","date_gmt":"2025-03-28T14:43:42","guid":{"rendered":"https:\/\/crees.org.do\/?p=27870"},"modified":"2025-03-28T16:51:37","modified_gmt":"2025-03-28T16:51:37","slug":"evolucion-de-la-deuda-publica-consolidada-a-enero-de-2025","status":"publish","type":"post","link":"https:\/\/crees.org.do\/?p=27870","title":{"rendered":"Evoluci\u00f3n de la deuda p\u00fablica consolidada a enero de 2025"},"content":{"rendered":"<p><img fetchpriority=\"high\" decoding=\"async\" class=\"aligncenter wp-image-27871\" src=\"https:\/\/crees.org.do\/wp-content\/uploads\/2025\/03\/1-Slide-1-copy-28-1.png\" alt=\"\" width=\"869\" height=\"869\" srcset=\"https:\/\/crees.org.do\/wp-content\/uploads\/2025\/03\/1-Slide-1-copy-28-1.png 1200w, https:\/\/crees.org.do\/wp-content\/uploads\/2025\/03\/1-Slide-1-copy-28-1-450x450.png 450w, https:\/\/crees.org.do\/wp-content\/uploads\/2025\/03\/1-Slide-1-copy-28-1-2000x2000.png 2000w, https:\/\/crees.org.do\/wp-content\/uploads\/2025\/03\/1-Slide-1-copy-28-1-150x150.png 150w, https:\/\/crees.org.do\/wp-content\/uploads\/2025\/03\/1-Slide-1-copy-28-1-768x768.png 768w, https:\/\/crees.org.do\/wp-content\/uploads\/2025\/03\/1-Slide-1-copy-28-1-1536x1536.png 1536w, https:\/\/crees.org.do\/wp-content\/uploads\/2025\/03\/1-Slide-1-copy-28-1-2048x2048.png 2048w\" sizes=\"(max-width: 869px) 100vw, 869px\" \/><\/p>\n<p><img decoding=\"async\" class=\"aligncenter wp-image-27872\" src=\"https:\/\/crees.org.do\/wp-content\/uploads\/2025\/03\/2-Slide-1-copy-12.png\" alt=\"\" width=\"869\" height=\"869\" srcset=\"https:\/\/crees.org.do\/wp-content\/uploads\/2025\/03\/2-Slide-1-copy-12.png 1200w, https:\/\/crees.org.do\/wp-content\/uploads\/2025\/03\/2-Slide-1-copy-12-450x450.png 450w, https:\/\/crees.org.do\/wp-content\/uploads\/2025\/03\/2-Slide-1-copy-12-2000x2000.png 2000w, https:\/\/crees.org.do\/wp-content\/uploads\/2025\/03\/2-Slide-1-copy-12-150x150.png 150w, https:\/\/crees.org.do\/wp-content\/uploads\/2025\/03\/2-Slide-1-copy-12-768x768.png 768w, https:\/\/crees.org.do\/wp-content\/uploads\/2025\/03\/2-Slide-1-copy-12-1536x1536.png 1536w, https:\/\/crees.org.do\/wp-content\/uploads\/2025\/03\/2-Slide-1-copy-12-2048x2048.png 2048w\" sizes=\"(max-width: 869px) 100vw, 869px\" \/><\/p>\n<h2>Evoluci\u00f3n de la deuda p\u00fablica consolidada a enero de 2025<\/h2>\n<p style=\"text-align: justify;\">La deuda p\u00fablica consolidada (incluyendo deuda intergubernamental) a enero de 2025 ascendi\u00f3 a US$72,776.3 millones\ud83d\udcb5. Este monto est\u00e1 compuesto por la deuda del Sector P\u00fablico No Financiero (SPNF), que fue de US$57,299.4 millones, y la deuda del Banco Central de la Rep\u00fablica Dominicana (BCRD), que represent\u00f3 US$15,476.9 millones\ud83d\udcb0. Para ponerlo en perspectiva, la deuda se ha multiplicado aproximadamente 16.4 veces desde el a\u00f1o 2000.<\/p>\n<p style=\"text-align: justify;\">Al mes de enero de 2025, la deuda p\u00fablica consolidada se ubic\u00f3 en 56.6% del PIB, de los cuales un 44.6% correspond\u00eda a la deuda del SPNF y el restante 12.0% a la deuda del BCRD. La participaci\u00f3n del BCRD en el total se redujo en comparaci\u00f3n con el 15.1% registrado en 2023, en gran parte por la intensificaci\u00f3n de la pol\u00edtica monetaria expansiva en los \u00faltimos meses del a\u00f1o y que se extendi\u00f3 a inicios de 2025. Como parte de esa estrategia, el BCRD liber\u00f3 liquidez mediante la redenci\u00f3n de t\u00edtulos colocados en el mercado, reduciendo as\u00ed su deuda. Como resultado, los valores en circulaci\u00f3n del BCRD pasaron de RD$1,035,624.6 millones en enero de 2024 a RD$853,805.6 millones en enero de 2025, lo que representa una disminuci\u00f3n de RD$181,819.0 millones, equivalente a un 17.6%.<\/p>\n<p style=\"text-align: justify;\">Por su parte, entre el cierre de 2019 y enero de 2025 (poco m\u00e1s de cinco a\u00f1os) la deuda del SPNF experiment\u00f3 un aumento significativo de US$21,356.9 millones, lo que representa un crecimiento del 59.4%. Para poner este incremento en perspectiva, alcanzar una variaci\u00f3n de esta magnitud antes de 2019 tom\u00f3 un periodo de nueve a\u00f1os, desde 2010 hasta 2019.<\/p>\n<p style=\"text-align: justify;\">Aunque la relaci\u00f3n de la deuda respecto del PIB se utiliza com\u00fanmente como indicador de sostenibilidad, no es una medida del todo adecuada. Esta relaci\u00f3n no refleja el costo real del endeudamiento ni su impacto sobre las finanzas p\u00fablicas. Un indicador m\u00e1s revelador es el gasto en intereses en relaci\u00f3n con los ingresos tributarios: seg\u00fan el presupuesto de 2025, se estima que alcanzar\u00e1 el 29% de los ingresos tributarios\ud83d\udcc8, el nivel m\u00e1s alto desde 2021. Este dato ilustra con mayor claridad la presi\u00f3n que ejerce la deuda sobre el espacio fiscal y subraya la necesidad de avanzar en reformas fiscales y estructurales que garanticen la sostenibilidad de las finanzas p\u00fablicas. Para romper con el c\u00edrculo vicioso en el que el gasto p\u00fablico persigue los aumentos de ingreso sin mejorar la eficiencia del estado, es fundamental establecer un marco fiscal m\u00e1s s\u00f3lido.<\/p>\n<div class=\"pvc_clear\"><\/div>\n<p class=\"pvc_stats all \" data-element-id=\"27870\" style=\"\"><i class=\"pvc-stats-icon medium\" aria-hidden=\"true\"><svg aria-hidden=\"true\" focusable=\"false\" data-prefix=\"far\" data-icon=\"chart-bar\" role=\"img\" xmlns=\"http:\/\/www.w3.org\/2000\/svg\" viewBox=\"0 0 512 512\" class=\"svg-inline--fa fa-chart-bar fa-w-16 fa-2x\"><path fill=\"currentColor\" d=\"M396.8 352h22.4c6.4 0 12.8-6.4 12.8-12.8V108.8c0-6.4-6.4-12.8-12.8-12.8h-22.4c-6.4 0-12.8 6.4-12.8 12.8v230.4c0 6.4 6.4 12.8 12.8 12.8zm-192 0h22.4c6.4 0 12.8-6.4 12.8-12.8V140.8c0-6.4-6.4-12.8-12.8-12.8h-22.4c-6.4 0-12.8 6.4-12.8 12.8v198.4c0 6.4 6.4 12.8 12.8 12.8zm96 0h22.4c6.4 0 12.8-6.4 12.8-12.8V204.8c0-6.4-6.4-12.8-12.8-12.8h-22.4c-6.4 0-12.8 6.4-12.8 12.8v134.4c0 6.4 6.4 12.8 12.8 12.8zM496 400H48V80c0-8.84-7.16-16-16-16H16C7.16 64 0 71.16 0 80v336c0 17.67 14.33 32 32 32h464c8.84 0 16-7.16 16-16v-16c0-8.84-7.16-16-16-16zm-387.2-48h22.4c6.4 0 12.8-6.4 12.8-12.8v-70.4c0-6.4-6.4-12.8-12.8-12.8h-22.4c-6.4 0-12.8 6.4-12.8 12.8v70.4c0 6.4 6.4 12.8 12.8 12.8z\" class=\"\"><\/path><\/svg><\/i> Vistas Totales&nbsp;16,378&nbsp;, Vistas Hoy&nbsp;4&nbsp;<\/p>\n<div class=\"pvc_clear\"><\/div>\n","protected":false},"excerpt":{"rendered":"<p>Evoluci\u00f3n de la deuda p\u00fablica consolidada a enero de 2025 La deuda p\u00fablica consolidada (incluyendo deuda intergubernamental) a enero de 2025 ascendi\u00f3 a US$72,776.3 millones\ud83d\udcb5. Este monto est\u00e1 compuesto por la deuda del Sector P\u00fablico No Financiero (SPNF), que fue de US$57,299.4 millones, y la deuda del Banco Central de la Rep\u00fablica Dominicana (BCRD), que&#8230;<\/p>\n<div class=\"pvc_clear\"><\/div>\n<p class=\"pvc_stats all \" data-element-id=\"27870\" style=\"\"><i class=\"pvc-stats-icon medium\" aria-hidden=\"true\"><svg aria-hidden=\"true\" focusable=\"false\" data-prefix=\"far\" data-icon=\"chart-bar\" role=\"img\" xmlns=\"http:\/\/www.w3.org\/2000\/svg\" viewBox=\"0 0 512 512\" class=\"svg-inline--fa fa-chart-bar fa-w-16 fa-2x\"><path fill=\"currentColor\" d=\"M396.8 352h22.4c6.4 0 12.8-6.4 12.8-12.8V108.8c0-6.4-6.4-12.8-12.8-12.8h-22.4c-6.4 0-12.8 6.4-12.8 12.8v230.4c0 6.4 6.4 12.8 12.8 12.8zm-192 0h22.4c6.4 0 12.8-6.4 12.8-12.8V140.8c0-6.4-6.4-12.8-12.8-12.8h-22.4c-6.4 0-12.8 6.4-12.8 12.8v198.4c0 6.4 6.4 12.8 12.8 12.8zm96 0h22.4c6.4 0 12.8-6.4 12.8-12.8V204.8c0-6.4-6.4-12.8-12.8-12.8h-22.4c-6.4 0-12.8 6.4-12.8 12.8v134.4c0 6.4 6.4 12.8 12.8 12.8zM496 400H48V80c0-8.84-7.16-16-16-16H16C7.16 64 0 71.16 0 80v336c0 17.67 14.33 32 32 32h464c8.84 0 16-7.16 16-16v-16c0-8.84-7.16-16-16-16zm-387.2-48h22.4c6.4 0 12.8-6.4 12.8-12.8v-70.4c0-6.4-6.4-12.8-12.8-12.8h-22.4c-6.4 0-12.8 6.4-12.8 12.8v70.4c0 6.4 6.4 12.8 12.8 12.8z\" class=\"\"><\/path><\/svg><\/i> Vistas Totales&nbsp;16,378&nbsp;, Vistas Hoy&nbsp;4&nbsp;<\/p>\n<div class=\"pvc_clear\"><\/div>\n","protected":false},"author":2,"featured_media":27871,"comment_status":"closed","ping_status":"closed","sticky":false,"template":"","format":"standard","meta":{"footnotes":""},"categories":[21],"tags":[],"class_list":["post-27870","post","type-post","status-publish","format-standard","has-post-thumbnail","hentry","category-blog"],"yoast_head":"<!-- This site is optimized with the Yoast SEO plugin v25.2 - https:\/\/yoast.com\/wordpress\/plugins\/seo\/ -->\n<title>Evoluci\u00f3n de la deuda p\u00fablica consolidada a enero de 2025 | CREES<\/title>\n<meta name=\"robots\" content=\"index, follow, max-snippet:-1, max-image-preview:large, max-video-preview:-1\" \/>\n<link rel=\"canonical\" href=\"https:\/\/crees.org.do\/?p=27870\" \/>\n<meta property=\"og:locale\" content=\"es_ES\" \/>\n<meta property=\"og:type\" content=\"article\" \/>\n<meta property=\"og:title\" content=\"Evoluci\u00f3n de la deuda p\u00fablica consolidada a enero de 2025 | CREES\" \/>\n<meta property=\"og:description\" content=\"Evoluci\u00f3n de la deuda p\u00fablica consolidada a enero de 2025 La deuda p\u00fablica consolidada (incluyendo deuda intergubernamental) a enero de 2025 ascendi\u00f3 a US$72,776.3 millones\ud83d\udcb5. Este monto est\u00e1 compuesto por la deuda del Sector P\u00fablico No Financiero (SPNF), que fue de US$57,299.4 millones, y la deuda del Banco Central de la Rep\u00fablica Dominicana (BCRD), que...\" \/>\n<meta property=\"og:url\" content=\"https:\/\/crees.org.do\/?p=27870\" \/>\n<meta property=\"og:site_name\" content=\"CREES\" \/>\n<meta property=\"article:publisher\" content=\"https:\/\/www.facebook.com\/CREESRD\/\" \/>\n<meta property=\"article:published_time\" content=\"2025-03-28T14:43:42+00:00\" \/>\n<meta property=\"article:modified_time\" content=\"2025-03-28T16:51:37+00:00\" \/>\n<meta property=\"og:image\" content=\"https:\/\/crees.org.do\/wp-content\/uploads\/2025\/03\/1-Slide-1-copy-28-1.png\" \/>\n\t<meta property=\"og:image:width\" content=\"1200\" \/>\n\t<meta property=\"og:image:height\" content=\"1200\" \/>\n\t<meta property=\"og:image:type\" content=\"image\/png\" \/>\n<meta name=\"author\" content=\"Crees\" \/>\n<meta name=\"twitter:card\" content=\"summary_large_image\" \/>\n<meta name=\"twitter:creator\" content=\"@CREESRD\" \/>\n<meta name=\"twitter:site\" content=\"@CREESRD\" \/>\n<meta name=\"twitter:label1\" content=\"Escrito por\" \/>\n\t<meta name=\"twitter:data1\" content=\"Crees\" \/>\n\t<meta name=\"twitter:label2\" content=\"Tiempo de lectura\" \/>\n\t<meta name=\"twitter:data2\" content=\"2 minutos\" \/>\n<script type=\"application\/ld+json\" class=\"yoast-schema-graph\">{\"@context\":\"https:\/\/schema.org\",\"@graph\":[{\"@type\":\"Article\",\"@id\":\"https:\/\/crees.org.do\/?p=27870#article\",\"isPartOf\":{\"@id\":\"https:\/\/crees.org.do\/?p=27870\"},\"author\":{\"name\":\"Crees\",\"@id\":\"https:\/\/crees.org.do\/#\/schema\/person\/e7f97cd94d7bf9cd0e0ce30acb7d56b8\"},\"headline\":\"Evoluci\u00f3n de la deuda p\u00fablica consolidada a enero de 2025\",\"datePublished\":\"2025-03-28T14:43:42+00:00\",\"dateModified\":\"2025-03-28T16:51:37+00:00\",\"mainEntityOfPage\":{\"@id\":\"https:\/\/crees.org.do\/?p=27870\"},\"wordCount\":433,\"publisher\":{\"@id\":\"https:\/\/crees.org.do\/#organization\"},\"image\":{\"@id\":\"https:\/\/crees.org.do\/?p=27870#primaryimage\"},\"thumbnailUrl\":\"https:\/\/crees.org.do\/wp-content\/uploads\/2025\/03\/1-Slide-1-copy-28-1.png\",\"articleSection\":[\"Blog\"],\"inLanguage\":\"es\"},{\"@type\":\"WebPage\",\"@id\":\"https:\/\/crees.org.do\/?p=27870\",\"url\":\"https:\/\/crees.org.do\/?p=27870\",\"name\":\"Evoluci\u00f3n de la deuda p\u00fablica consolidada a enero de 2025 | CREES\",\"isPartOf\":{\"@id\":\"https:\/\/crees.org.do\/#website\"},\"primaryImageOfPage\":{\"@id\":\"https:\/\/crees.org.do\/?p=27870#primaryimage\"},\"image\":{\"@id\":\"https:\/\/crees.org.do\/?p=27870#primaryimage\"},\"thumbnailUrl\":\"https:\/\/crees.org.do\/wp-content\/uploads\/2025\/03\/1-Slide-1-copy-28-1.png\",\"datePublished\":\"2025-03-28T14:43:42+00:00\",\"dateModified\":\"2025-03-28T16:51:37+00:00\",\"breadcrumb\":{\"@id\":\"https:\/\/crees.org.do\/?p=27870#breadcrumb\"},\"inLanguage\":\"es\",\"potentialAction\":[{\"@type\":\"ReadAction\",\"target\":[\"https:\/\/crees.org.do\/?p=27870\"]}]},{\"@type\":\"ImageObject\",\"inLanguage\":\"es\",\"@id\":\"https:\/\/crees.org.do\/?p=27870#primaryimage\",\"url\":\"https:\/\/crees.org.do\/wp-content\/uploads\/2025\/03\/1-Slide-1-copy-28-1.png\",\"contentUrl\":\"https:\/\/crees.org.do\/wp-content\/uploads\/2025\/03\/1-Slide-1-copy-28-1.png\",\"width\":1200,\"height\":1200},{\"@type\":\"BreadcrumbList\",\"@id\":\"https:\/\/crees.org.do\/?p=27870#breadcrumb\",\"itemListElement\":[{\"@type\":\"ListItem\",\"position\":1,\"name\":\"Portada\",\"item\":\"https:\/\/crees.org.do\/\"},{\"@type\":\"ListItem\",\"position\":2,\"name\":\"Evoluci\u00f3n de la deuda p\u00fablica consolidada a enero de 2025\"}]},{\"@type\":\"WebSite\",\"@id\":\"https:\/\/crees.org.do\/#website\",\"url\":\"https:\/\/crees.org.do\/\",\"name\":\"CREES\",\"description\":\"Centro Regional de Estrategias Econ\u00f3micas Sostenibles\",\"publisher\":{\"@id\":\"https:\/\/crees.org.do\/#organization\"},\"potentialAction\":[{\"@type\":\"SearchAction\",\"target\":{\"@type\":\"EntryPoint\",\"urlTemplate\":\"https:\/\/crees.org.do\/?s={search_term_string}\"},\"query-input\":{\"@type\":\"PropertyValueSpecification\",\"valueRequired\":true,\"valueName\":\"search_term_string\"}}],\"inLanguage\":\"es\"},{\"@type\":\"Organization\",\"@id\":\"https:\/\/crees.org.do\/#organization\",\"name\":\"CREES | Centro Regional de Estrategias Econ\u00f3micas Sostenibles\",\"url\":\"https:\/\/crees.org.do\/\",\"logo\":{\"@type\":\"ImageObject\",\"inLanguage\":\"es\",\"@id\":\"https:\/\/crees.org.do\/#\/schema\/logo\/image\/\",\"url\":\"https:\/\/crees.org.do\/wp-content\/uploads\/2022\/03\/crees-logo-1.jpg\",\"contentUrl\":\"https:\/\/crees.org.do\/wp-content\/uploads\/2022\/03\/crees-logo-1.jpg\",\"width\":244,\"height\":71,\"caption\":\"CREES | Centro Regional de Estrategias Econ\u00f3micas Sostenibles\"},\"image\":{\"@id\":\"https:\/\/crees.org.do\/#\/schema\/logo\/image\/\"},\"sameAs\":[\"https:\/\/www.facebook.com\/CREESRD\/\",\"https:\/\/x.com\/CREESRD\"]},{\"@type\":\"Person\",\"@id\":\"https:\/\/crees.org.do\/#\/schema\/person\/e7f97cd94d7bf9cd0e0ce30acb7d56b8\",\"name\":\"Crees\",\"image\":{\"@type\":\"ImageObject\",\"inLanguage\":\"es\",\"@id\":\"https:\/\/crees.org.do\/#\/schema\/person\/image\/\",\"url\":\"https:\/\/secure.gravatar.com\/avatar\/390ac8f0be5d9aa046152553e2dd7011b59a512d89c150f5e5f28bb8d9a0b165?s=96&d=mm&r=g\",\"contentUrl\":\"https:\/\/secure.gravatar.com\/avatar\/390ac8f0be5d9aa046152553e2dd7011b59a512d89c150f5e5f28bb8d9a0b165?s=96&d=mm&r=g\",\"caption\":\"Crees\"},\"url\":\"https:\/\/crees.org.do\/?author=2\"}]}<\/script>\n<!-- \/ Yoast SEO plugin. -->","yoast_head_json":{"title":"Evoluci\u00f3n de la deuda p\u00fablica consolidada a enero de 2025 | CREES","robots":{"index":"index","follow":"follow","max-snippet":"max-snippet:-1","max-image-preview":"max-image-preview:large","max-video-preview":"max-video-preview:-1"},"canonical":"https:\/\/crees.org.do\/?p=27870","og_locale":"es_ES","og_type":"article","og_title":"Evoluci\u00f3n de la deuda p\u00fablica consolidada a enero de 2025 | CREES","og_description":"Evoluci\u00f3n de la deuda p\u00fablica consolidada a enero de 2025 La deuda p\u00fablica consolidada (incluyendo deuda intergubernamental) a enero de 2025 ascendi\u00f3 a US$72,776.3 millones\ud83d\udcb5. Este monto est\u00e1 compuesto por la deuda del Sector P\u00fablico No Financiero (SPNF), que fue de US$57,299.4 millones, y la deuda del Banco Central de la Rep\u00fablica Dominicana (BCRD), que...","og_url":"https:\/\/crees.org.do\/?p=27870","og_site_name":"CREES","article_publisher":"https:\/\/www.facebook.com\/CREESRD\/","article_published_time":"2025-03-28T14:43:42+00:00","article_modified_time":"2025-03-28T16:51:37+00:00","og_image":[{"width":1200,"height":1200,"url":"https:\/\/crees.org.do\/wp-content\/uploads\/2025\/03\/1-Slide-1-copy-28-1.png","type":"image\/png"}],"author":"Crees","twitter_card":"summary_large_image","twitter_creator":"@CREESRD","twitter_site":"@CREESRD","twitter_misc":{"Escrito por":"Crees","Tiempo de lectura":"2 minutos"},"schema":{"@context":"https:\/\/schema.org","@graph":[{"@type":"Article","@id":"https:\/\/crees.org.do\/?p=27870#article","isPartOf":{"@id":"https:\/\/crees.org.do\/?p=27870"},"author":{"name":"Crees","@id":"https:\/\/crees.org.do\/#\/schema\/person\/e7f97cd94d7bf9cd0e0ce30acb7d56b8"},"headline":"Evoluci\u00f3n de la deuda p\u00fablica consolidada a enero de 2025","datePublished":"2025-03-28T14:43:42+00:00","dateModified":"2025-03-28T16:51:37+00:00","mainEntityOfPage":{"@id":"https:\/\/crees.org.do\/?p=27870"},"wordCount":433,"publisher":{"@id":"https:\/\/crees.org.do\/#organization"},"image":{"@id":"https:\/\/crees.org.do\/?p=27870#primaryimage"},"thumbnailUrl":"https:\/\/crees.org.do\/wp-content\/uploads\/2025\/03\/1-Slide-1-copy-28-1.png","articleSection":["Blog"],"inLanguage":"es"},{"@type":"WebPage","@id":"https:\/\/crees.org.do\/?p=27870","url":"https:\/\/crees.org.do\/?p=27870","name":"Evoluci\u00f3n de la deuda p\u00fablica consolidada a enero de 2025 | CREES","isPartOf":{"@id":"https:\/\/crees.org.do\/#website"},"primaryImageOfPage":{"@id":"https:\/\/crees.org.do\/?p=27870#primaryimage"},"image":{"@id":"https:\/\/crees.org.do\/?p=27870#primaryimage"},"thumbnailUrl":"https:\/\/crees.org.do\/wp-content\/uploads\/2025\/03\/1-Slide-1-copy-28-1.png","datePublished":"2025-03-28T14:43:42+00:00","dateModified":"2025-03-28T16:51:37+00:00","breadcrumb":{"@id":"https:\/\/crees.org.do\/?p=27870#breadcrumb"},"inLanguage":"es","potentialAction":[{"@type":"ReadAction","target":["https:\/\/crees.org.do\/?p=27870"]}]},{"@type":"ImageObject","inLanguage":"es","@id":"https:\/\/crees.org.do\/?p=27870#primaryimage","url":"https:\/\/crees.org.do\/wp-content\/uploads\/2025\/03\/1-Slide-1-copy-28-1.png","contentUrl":"https:\/\/crees.org.do\/wp-content\/uploads\/2025\/03\/1-Slide-1-copy-28-1.png","width":1200,"height":1200},{"@type":"BreadcrumbList","@id":"https:\/\/crees.org.do\/?p=27870#breadcrumb","itemListElement":[{"@type":"ListItem","position":1,"name":"Portada","item":"https:\/\/crees.org.do\/"},{"@type":"ListItem","position":2,"name":"Evoluci\u00f3n de la deuda p\u00fablica consolidada a enero de 2025"}]},{"@type":"WebSite","@id":"https:\/\/crees.org.do\/#website","url":"https:\/\/crees.org.do\/","name":"CREES","description":"Centro Regional de Estrategias Econ\u00f3micas Sostenibles","publisher":{"@id":"https:\/\/crees.org.do\/#organization"},"potentialAction":[{"@type":"SearchAction","target":{"@type":"EntryPoint","urlTemplate":"https:\/\/crees.org.do\/?s={search_term_string}"},"query-input":{"@type":"PropertyValueSpecification","valueRequired":true,"valueName":"search_term_string"}}],"inLanguage":"es"},{"@type":"Organization","@id":"https:\/\/crees.org.do\/#organization","name":"CREES | Centro Regional de Estrategias Econ\u00f3micas Sostenibles","url":"https:\/\/crees.org.do\/","logo":{"@type":"ImageObject","inLanguage":"es","@id":"https:\/\/crees.org.do\/#\/schema\/logo\/image\/","url":"https:\/\/crees.org.do\/wp-content\/uploads\/2022\/03\/crees-logo-1.jpg","contentUrl":"https:\/\/crees.org.do\/wp-content\/uploads\/2022\/03\/crees-logo-1.jpg","width":244,"height":71,"caption":"CREES | Centro Regional de Estrategias Econ\u00f3micas Sostenibles"},"image":{"@id":"https:\/\/crees.org.do\/#\/schema\/logo\/image\/"},"sameAs":["https:\/\/www.facebook.com\/CREESRD\/","https:\/\/x.com\/CREESRD"]},{"@type":"Person","@id":"https:\/\/crees.org.do\/#\/schema\/person\/e7f97cd94d7bf9cd0e0ce30acb7d56b8","name":"Crees","image":{"@type":"ImageObject","inLanguage":"es","@id":"https:\/\/crees.org.do\/#\/schema\/person\/image\/","url":"https:\/\/secure.gravatar.com\/avatar\/390ac8f0be5d9aa046152553e2dd7011b59a512d89c150f5e5f28bb8d9a0b165?s=96&d=mm&r=g","contentUrl":"https:\/\/secure.gravatar.com\/avatar\/390ac8f0be5d9aa046152553e2dd7011b59a512d89c150f5e5f28bb8d9a0b165?s=96&d=mm&r=g","caption":"Crees"},"url":"https:\/\/crees.org.do\/?author=2"}]}},"_links":{"self":[{"href":"https:\/\/crees.org.do\/index.php?rest_route=\/wp\/v2\/posts\/27870","targetHints":{"allow":["GET"]}}],"collection":[{"href":"https:\/\/crees.org.do\/index.php?rest_route=\/wp\/v2\/posts"}],"about":[{"href":"https:\/\/crees.org.do\/index.php?rest_route=\/wp\/v2\/types\/post"}],"author":[{"embeddable":true,"href":"https:\/\/crees.org.do\/index.php?rest_route=\/wp\/v2\/users\/2"}],"replies":[{"embeddable":true,"href":"https:\/\/crees.org.do\/index.php?rest_route=%2Fwp%2Fv2%2Fcomments&post=27870"}],"version-history":[{"count":3,"href":"https:\/\/crees.org.do\/index.php?rest_route=\/wp\/v2\/posts\/27870\/revisions"}],"predecessor-version":[{"id":27878,"href":"https:\/\/crees.org.do\/index.php?rest_route=\/wp\/v2\/posts\/27870\/revisions\/27878"}],"wp:featuredmedia":[{"embeddable":true,"href":"https:\/\/crees.org.do\/index.php?rest_route=\/wp\/v2\/media\/27871"}],"wp:attachment":[{"href":"https:\/\/crees.org.do\/index.php?rest_route=%2Fwp%2Fv2%2Fmedia&parent=27870"}],"wp:term":[{"taxonomy":"category","embeddable":true,"href":"https:\/\/crees.org.do\/index.php?rest_route=%2Fwp%2Fv2%2Fcategories&post=27870"},{"taxonomy":"post_tag","embeddable":true,"href":"https:\/\/crees.org.do\/index.php?rest_route=%2Fwp%2Fv2%2Ftags&post=27870"}],"curies":[{"name":"wp","href":"https:\/\/api.w.org\/{rel}","templated":true}]}}