{"id":27886,"date":"2025-04-02T19:16:21","date_gmt":"2025-04-02T19:16:21","guid":{"rendered":"https:\/\/crees.org.do\/?p=27886"},"modified":"2025-04-04T14:48:23","modified_gmt":"2025-04-04T14:48:23","slug":"gasto-gobierno-central-crece-mas-que-sus-ingresos-segun-el-crees","status":"publish","type":"post","link":"https:\/\/crees.org.do\/?p=27886","title":{"rendered":"Gasto Gobierno central crece m\u00e1s que sus ingresos, seg\u00fan el CREES"},"content":{"rendered":"<p style=\"text-align: justify;\">Autor: El Caribe<\/p>\n<p style=\"text-align: justify;\">Fecha: 28 de marzo de 2025<\/p>\n<p style=\"text-align: justify;\">Extra\u00eddo de: <a href=\"https:\/\/www.elcaribe.com.do\/panorama\/dinero\/gasto-gobierno-central-crece-mas-que-sus-ingresos-segun-el-crees\/\">El Caribe<\/a><\/p>\n<h2 class=\"entry-title\" style=\"text-align: justify;\">Gasto Gobierno central crece m\u00e1s que sus ingresos, seg\u00fan el CREES<\/h2>\n<p style=\"text-align: justify;\">Entre 1990 y 2024, el gasto del Gobierno central de la Rep\u00fablica Dominicana ha crecido a un ritmo superior al de sus ingresos, lo que ha generado d\u00e9ficits fiscales persistentes, de acuerdo con un estudio del Centro Regional de Estrategias Econ\u00f3micas Sostenibles (CREES).<\/p>\n<p style=\"text-align: justify;\">Mientras los ingresos fiscales aumentaron en un 2,528% o 26 veces, el gasto p\u00fablico se increment\u00f3 en 29 veces, reflejando un desbalance estructural en las finanzas p\u00fablicas. Para cubrir esta brecha, el Estado ha recurrido a deudas, lo que ha elevado la carga de intereses sobre el presupuesto. Sin embargo, el problema no radica solo en la cantidad de gasto, sino en su composici\u00f3n.<\/p>\n<p style=\"text-align: justify;\">Seg\u00fan el estudio del CREES, el crecimiento del gasto ha sido impulsado principalmente por el gasto corriente, que incluye pagos de n\u00f3mina, subsidios, contrataci\u00f3n de bienes y servicios, y pagos de intereses de la deuda p\u00fablica. Entre 1990 y 2024, este rubro se expandi\u00f3 en un 4,993%, pasando de US$415.2 millones a US$21,150.0 millones.<\/p>\n<p style=\"text-align: justify;\">En contraste, el gasto de capital, que comprende inversiones en infraestructura y equipamiento, creci\u00f3 657%, al pasar de US$413.9 millones a US$3,133.7 millones en el mismo per\u00edodo.<\/p>\n<p style=\"text-align: justify;\">El informe del CREES advierte que financiar el consumo presente con deuda no es una estrategia financiera sostenible, ya que limita la capacidad de inversi\u00f3n futura y obliga a mayores cargas impositivas para el pago de compromisos financieros. Adem\u00e1s, este patr\u00f3n de gasto ha reducido el espacio fiscal para proyectos de infraestructura y desarrollo.<\/p>\n<p style=\"text-align: justify;\">El centro de estudios enfatiza la necesidad de aplicar medidas para mejorar la calidad del gasto p\u00fablico.<br \/>\nEn lugar de aumentar la deuda para sostener el aparato burocr\u00e1tico, la entidad sugiere reducir el gasto innecesario, evaluar su eficiencia y promover una mayor inversi\u00f3n privada en sectores estrat\u00e9gicos.<\/p>\n<div class=\"pvc_clear\"><\/div>\n<p class=\"pvc_stats all \" data-element-id=\"27886\" style=\"\"><i class=\"pvc-stats-icon medium\" aria-hidden=\"true\"><svg aria-hidden=\"true\" focusable=\"false\" data-prefix=\"far\" data-icon=\"chart-bar\" role=\"img\" xmlns=\"http:\/\/www.w3.org\/2000\/svg\" viewBox=\"0 0 512 512\" class=\"svg-inline--fa fa-chart-bar fa-w-16 fa-2x\"><path fill=\"currentColor\" d=\"M396.8 352h22.4c6.4 0 12.8-6.4 12.8-12.8V108.8c0-6.4-6.4-12.8-12.8-12.8h-22.4c-6.4 0-12.8 6.4-12.8 12.8v230.4c0 6.4 6.4 12.8 12.8 12.8zm-192 0h22.4c6.4 0 12.8-6.4 12.8-12.8V140.8c0-6.4-6.4-12.8-12.8-12.8h-22.4c-6.4 0-12.8 6.4-12.8 12.8v198.4c0 6.4 6.4 12.8 12.8 12.8zm96 0h22.4c6.4 0 12.8-6.4 12.8-12.8V204.8c0-6.4-6.4-12.8-12.8-12.8h-22.4c-6.4 0-12.8 6.4-12.8 12.8v134.4c0 6.4 6.4 12.8 12.8 12.8zM496 400H48V80c0-8.84-7.16-16-16-16H16C7.16 64 0 71.16 0 80v336c0 17.67 14.33 32 32 32h464c8.84 0 16-7.16 16-16v-16c0-8.84-7.16-16-16-16zm-387.2-48h22.4c6.4 0 12.8-6.4 12.8-12.8v-70.4c0-6.4-6.4-12.8-12.8-12.8h-22.4c-6.4 0-12.8 6.4-12.8 12.8v70.4c0 6.4 6.4 12.8 12.8 12.8z\" class=\"\"><\/path><\/svg><\/i> Vistas Totales&nbsp;1,237&nbsp;, Vistas Hoy&nbsp;2&nbsp;<\/p>\n<div class=\"pvc_clear\"><\/div>\n","protected":false},"excerpt":{"rendered":"<p>Autor: El Caribe Fecha: 28 de marzo de 2025 Extra\u00eddo de: El Caribe Gasto Gobierno central crece m\u00e1s que sus ingresos, seg\u00fan el CREES Entre 1990 y 2024, el gasto del Gobierno central de la Rep\u00fablica Dominicana ha crecido a un ritmo superior al de sus ingresos, lo que ha generado d\u00e9ficits fiscales persistentes, de&#8230;<\/p>\n<div class=\"pvc_clear\"><\/div>\n<p class=\"pvc_stats all \" data-element-id=\"27886\" style=\"\"><i class=\"pvc-stats-icon medium\" aria-hidden=\"true\"><svg aria-hidden=\"true\" focusable=\"false\" data-prefix=\"far\" data-icon=\"chart-bar\" role=\"img\" xmlns=\"http:\/\/www.w3.org\/2000\/svg\" viewBox=\"0 0 512 512\" class=\"svg-inline--fa fa-chart-bar fa-w-16 fa-2x\"><path fill=\"currentColor\" d=\"M396.8 352h22.4c6.4 0 12.8-6.4 12.8-12.8V108.8c0-6.4-6.4-12.8-12.8-12.8h-22.4c-6.4 0-12.8 6.4-12.8 12.8v230.4c0 6.4 6.4 12.8 12.8 12.8zm-192 0h22.4c6.4 0 12.8-6.4 12.8-12.8V140.8c0-6.4-6.4-12.8-12.8-12.8h-22.4c-6.4 0-12.8 6.4-12.8 12.8v198.4c0 6.4 6.4 12.8 12.8 12.8zm96 0h22.4c6.4 0 12.8-6.4 12.8-12.8V204.8c0-6.4-6.4-12.8-12.8-12.8h-22.4c-6.4 0-12.8 6.4-12.8 12.8v134.4c0 6.4 6.4 12.8 12.8 12.8zM496 400H48V80c0-8.84-7.16-16-16-16H16C7.16 64 0 71.16 0 80v336c0 17.67 14.33 32 32 32h464c8.84 0 16-7.16 16-16v-16c0-8.84-7.16-16-16-16zm-387.2-48h22.4c6.4 0 12.8-6.4 12.8-12.8v-70.4c0-6.4-6.4-12.8-12.8-12.8h-22.4c-6.4 0-12.8 6.4-12.8 12.8v70.4c0 6.4 6.4 12.8 12.8 12.8z\" class=\"\"><\/path><\/svg><\/i> Vistas Totales&nbsp;1,237&nbsp;, Vistas Hoy&nbsp;2&nbsp;<\/p>\n<div class=\"pvc_clear\"><\/div>\n","protected":false},"author":2,"featured_media":27887,"comment_status":"closed","ping_status":"closed","sticky":false,"template":"","format":"standard","meta":{"footnotes":""},"categories":[19],"tags":[],"class_list":["post-27886","post","type-post","status-publish","format-standard","has-post-thumbnail","hentry","category-actualidad"],"yoast_head":"<!-- This site is optimized with the Yoast SEO plugin v25.2 - https:\/\/yoast.com\/wordpress\/plugins\/seo\/ -->\n<title>Gasto Gobierno central crece m\u00e1s que sus ingresos, seg\u00fan el CREES | CREES<\/title>\n<meta name=\"robots\" content=\"index, follow, max-snippet:-1, max-image-preview:large, max-video-preview:-1\" \/>\n<link rel=\"canonical\" href=\"https:\/\/crees.org.do\/?p=27886\" \/>\n<meta property=\"og:locale\" content=\"es_ES\" \/>\n<meta property=\"og:type\" content=\"article\" \/>\n<meta property=\"og:title\" content=\"Gasto Gobierno central crece m\u00e1s que sus ingresos, seg\u00fan el CREES | CREES\" \/>\n<meta property=\"og:description\" content=\"Autor: El Caribe Fecha: 28 de marzo de 2025 Extra\u00eddo de: El Caribe Gasto Gobierno central crece m\u00e1s que sus ingresos, seg\u00fan el CREES Entre 1990 y 2024, el gasto del Gobierno central de la Rep\u00fablica Dominicana ha crecido a un ritmo superior al de sus ingresos, lo que ha generado d\u00e9ficits fiscales persistentes, de...\" \/>\n<meta property=\"og:url\" content=\"https:\/\/crees.org.do\/?p=27886\" \/>\n<meta property=\"og:site_name\" content=\"CREES\" \/>\n<meta property=\"article:publisher\" content=\"https:\/\/www.facebook.com\/CREESRD\/\" \/>\n<meta property=\"article:published_time\" content=\"2025-04-02T19:16:21+00:00\" \/>\n<meta property=\"article:modified_time\" content=\"2025-04-04T14:48:23+00:00\" \/>\n<meta property=\"og:image\" content=\"https:\/\/crees.org.do\/wp-content\/uploads\/2025\/04\/67e743252c911_miguel-collado-economista-dpolanco-12.jpg.webp\" \/>\n\t<meta property=\"og:image:width\" content=\"1000\" \/>\n\t<meta property=\"og:image:height\" content=\"600\" \/>\n\t<meta property=\"og:image:type\" content=\"image\/webp\" \/>\n<meta name=\"author\" content=\"Crees\" \/>\n<meta name=\"twitter:card\" content=\"summary_large_image\" \/>\n<meta name=\"twitter:creator\" content=\"@CREESRD\" \/>\n<meta name=\"twitter:site\" content=\"@CREESRD\" \/>\n<meta name=\"twitter:label1\" content=\"Escrito por\" \/>\n\t<meta name=\"twitter:data1\" content=\"Crees\" \/>\n\t<meta name=\"twitter:label2\" content=\"Tiempo de lectura\" \/>\n\t<meta name=\"twitter:data2\" content=\"2 minutos\" \/>\n<script type=\"application\/ld+json\" class=\"yoast-schema-graph\">{\"@context\":\"https:\/\/schema.org\",\"@graph\":[{\"@type\":\"Article\",\"@id\":\"https:\/\/crees.org.do\/?p=27886#article\",\"isPartOf\":{\"@id\":\"https:\/\/crees.org.do\/?p=27886\"},\"author\":{\"name\":\"Crees\",\"@id\":\"https:\/\/crees.org.do\/#\/schema\/person\/e7f97cd94d7bf9cd0e0ce30acb7d56b8\"},\"headline\":\"Gasto Gobierno central crece m\u00e1s que sus ingresos, seg\u00fan el CREES\",\"datePublished\":\"2025-04-02T19:16:21+00:00\",\"dateModified\":\"2025-04-04T14:48:23+00:00\",\"mainEntityOfPage\":{\"@id\":\"https:\/\/crees.org.do\/?p=27886\"},\"wordCount\":336,\"publisher\":{\"@id\":\"https:\/\/crees.org.do\/#organization\"},\"image\":{\"@id\":\"https:\/\/crees.org.do\/?p=27886#primaryimage\"},\"thumbnailUrl\":\"https:\/\/crees.org.do\/wp-content\/uploads\/2025\/04\/67e743252c911_miguel-collado-economista-dpolanco-12.jpg.webp\",\"articleSection\":[\"Actualidad\"],\"inLanguage\":\"es\"},{\"@type\":\"WebPage\",\"@id\":\"https:\/\/crees.org.do\/?p=27886\",\"url\":\"https:\/\/crees.org.do\/?p=27886\",\"name\":\"Gasto Gobierno central crece m\u00e1s que sus ingresos, seg\u00fan el CREES | CREES\",\"isPartOf\":{\"@id\":\"https:\/\/crees.org.do\/#website\"},\"primaryImageOfPage\":{\"@id\":\"https:\/\/crees.org.do\/?p=27886#primaryimage\"},\"image\":{\"@id\":\"https:\/\/crees.org.do\/?p=27886#primaryimage\"},\"thumbnailUrl\":\"https:\/\/crees.org.do\/wp-content\/uploads\/2025\/04\/67e743252c911_miguel-collado-economista-dpolanco-12.jpg.webp\",\"datePublished\":\"2025-04-02T19:16:21+00:00\",\"dateModified\":\"2025-04-04T14:48:23+00:00\",\"breadcrumb\":{\"@id\":\"https:\/\/crees.org.do\/?p=27886#breadcrumb\"},\"inLanguage\":\"es\",\"potentialAction\":[{\"@type\":\"ReadAction\",\"target\":[\"https:\/\/crees.org.do\/?p=27886\"]}]},{\"@type\":\"ImageObject\",\"inLanguage\":\"es\",\"@id\":\"https:\/\/crees.org.do\/?p=27886#primaryimage\",\"url\":\"https:\/\/crees.org.do\/wp-content\/uploads\/2025\/04\/67e743252c911_miguel-collado-economista-dpolanco-12.jpg.webp\",\"contentUrl\":\"https:\/\/crees.org.do\/wp-content\/uploads\/2025\/04\/67e743252c911_miguel-collado-economista-dpolanco-12.jpg.webp\",\"width\":1000,\"height\":600},{\"@type\":\"BreadcrumbList\",\"@id\":\"https:\/\/crees.org.do\/?p=27886#breadcrumb\",\"itemListElement\":[{\"@type\":\"ListItem\",\"position\":1,\"name\":\"Portada\",\"item\":\"https:\/\/crees.org.do\/\"},{\"@type\":\"ListItem\",\"position\":2,\"name\":\"Gasto Gobierno central crece m\u00e1s que sus ingresos, seg\u00fan el CREES\"}]},{\"@type\":\"WebSite\",\"@id\":\"https:\/\/crees.org.do\/#website\",\"url\":\"https:\/\/crees.org.do\/\",\"name\":\"CREES\",\"description\":\"Centro Regional de Estrategias Econ\u00f3micas Sostenibles\",\"publisher\":{\"@id\":\"https:\/\/crees.org.do\/#organization\"},\"potentialAction\":[{\"@type\":\"SearchAction\",\"target\":{\"@type\":\"EntryPoint\",\"urlTemplate\":\"https:\/\/crees.org.do\/?s={search_term_string}\"},\"query-input\":{\"@type\":\"PropertyValueSpecification\",\"valueRequired\":true,\"valueName\":\"search_term_string\"}}],\"inLanguage\":\"es\"},{\"@type\":\"Organization\",\"@id\":\"https:\/\/crees.org.do\/#organization\",\"name\":\"CREES | Centro Regional de Estrategias Econ\u00f3micas Sostenibles\",\"url\":\"https:\/\/crees.org.do\/\",\"logo\":{\"@type\":\"ImageObject\",\"inLanguage\":\"es\",\"@id\":\"https:\/\/crees.org.do\/#\/schema\/logo\/image\/\",\"url\":\"https:\/\/crees.org.do\/wp-content\/uploads\/2022\/03\/crees-logo-1.jpg\",\"contentUrl\":\"https:\/\/crees.org.do\/wp-content\/uploads\/2022\/03\/crees-logo-1.jpg\",\"width\":244,\"height\":71,\"caption\":\"CREES | Centro Regional de Estrategias Econ\u00f3micas Sostenibles\"},\"image\":{\"@id\":\"https:\/\/crees.org.do\/#\/schema\/logo\/image\/\"},\"sameAs\":[\"https:\/\/www.facebook.com\/CREESRD\/\",\"https:\/\/x.com\/CREESRD\"]},{\"@type\":\"Person\",\"@id\":\"https:\/\/crees.org.do\/#\/schema\/person\/e7f97cd94d7bf9cd0e0ce30acb7d56b8\",\"name\":\"Crees\",\"image\":{\"@type\":\"ImageObject\",\"inLanguage\":\"es\",\"@id\":\"https:\/\/crees.org.do\/#\/schema\/person\/image\/\",\"url\":\"https:\/\/secure.gravatar.com\/avatar\/390ac8f0be5d9aa046152553e2dd7011b59a512d89c150f5e5f28bb8d9a0b165?s=96&d=mm&r=g\",\"contentUrl\":\"https:\/\/secure.gravatar.com\/avatar\/390ac8f0be5d9aa046152553e2dd7011b59a512d89c150f5e5f28bb8d9a0b165?s=96&d=mm&r=g\",\"caption\":\"Crees\"},\"url\":\"https:\/\/crees.org.do\/?author=2\"}]}<\/script>\n<!-- \/ Yoast SEO plugin. -->","yoast_head_json":{"title":"Gasto Gobierno central crece m\u00e1s que sus ingresos, seg\u00fan el CREES | CREES","robots":{"index":"index","follow":"follow","max-snippet":"max-snippet:-1","max-image-preview":"max-image-preview:large","max-video-preview":"max-video-preview:-1"},"canonical":"https:\/\/crees.org.do\/?p=27886","og_locale":"es_ES","og_type":"article","og_title":"Gasto Gobierno central crece m\u00e1s que sus ingresos, seg\u00fan el CREES | CREES","og_description":"Autor: El Caribe Fecha: 28 de marzo de 2025 Extra\u00eddo de: El Caribe Gasto Gobierno central crece m\u00e1s que sus ingresos, seg\u00fan el CREES Entre 1990 y 2024, el gasto del Gobierno central de la Rep\u00fablica Dominicana ha crecido a un ritmo superior al de sus ingresos, lo que ha generado d\u00e9ficits fiscales persistentes, de...","og_url":"https:\/\/crees.org.do\/?p=27886","og_site_name":"CREES","article_publisher":"https:\/\/www.facebook.com\/CREESRD\/","article_published_time":"2025-04-02T19:16:21+00:00","article_modified_time":"2025-04-04T14:48:23+00:00","og_image":[{"width":1000,"height":600,"url":"https:\/\/crees.org.do\/wp-content\/uploads\/2025\/04\/67e743252c911_miguel-collado-economista-dpolanco-12.jpg.webp","type":"image\/webp"}],"author":"Crees","twitter_card":"summary_large_image","twitter_creator":"@CREESRD","twitter_site":"@CREESRD","twitter_misc":{"Escrito por":"Crees","Tiempo de lectura":"2 minutos"},"schema":{"@context":"https:\/\/schema.org","@graph":[{"@type":"Article","@id":"https:\/\/crees.org.do\/?p=27886#article","isPartOf":{"@id":"https:\/\/crees.org.do\/?p=27886"},"author":{"name":"Crees","@id":"https:\/\/crees.org.do\/#\/schema\/person\/e7f97cd94d7bf9cd0e0ce30acb7d56b8"},"headline":"Gasto Gobierno central crece m\u00e1s que sus ingresos, seg\u00fan el CREES","datePublished":"2025-04-02T19:16:21+00:00","dateModified":"2025-04-04T14:48:23+00:00","mainEntityOfPage":{"@id":"https:\/\/crees.org.do\/?p=27886"},"wordCount":336,"publisher":{"@id":"https:\/\/crees.org.do\/#organization"},"image":{"@id":"https:\/\/crees.org.do\/?p=27886#primaryimage"},"thumbnailUrl":"https:\/\/crees.org.do\/wp-content\/uploads\/2025\/04\/67e743252c911_miguel-collado-economista-dpolanco-12.jpg.webp","articleSection":["Actualidad"],"inLanguage":"es"},{"@type":"WebPage","@id":"https:\/\/crees.org.do\/?p=27886","url":"https:\/\/crees.org.do\/?p=27886","name":"Gasto Gobierno central crece m\u00e1s que sus ingresos, seg\u00fan el CREES | CREES","isPartOf":{"@id":"https:\/\/crees.org.do\/#website"},"primaryImageOfPage":{"@id":"https:\/\/crees.org.do\/?p=27886#primaryimage"},"image":{"@id":"https:\/\/crees.org.do\/?p=27886#primaryimage"},"thumbnailUrl":"https:\/\/crees.org.do\/wp-content\/uploads\/2025\/04\/67e743252c911_miguel-collado-economista-dpolanco-12.jpg.webp","datePublished":"2025-04-02T19:16:21+00:00","dateModified":"2025-04-04T14:48:23+00:00","breadcrumb":{"@id":"https:\/\/crees.org.do\/?p=27886#breadcrumb"},"inLanguage":"es","potentialAction":[{"@type":"ReadAction","target":["https:\/\/crees.org.do\/?p=27886"]}]},{"@type":"ImageObject","inLanguage":"es","@id":"https:\/\/crees.org.do\/?p=27886#primaryimage","url":"https:\/\/crees.org.do\/wp-content\/uploads\/2025\/04\/67e743252c911_miguel-collado-economista-dpolanco-12.jpg.webp","contentUrl":"https:\/\/crees.org.do\/wp-content\/uploads\/2025\/04\/67e743252c911_miguel-collado-economista-dpolanco-12.jpg.webp","width":1000,"height":600},{"@type":"BreadcrumbList","@id":"https:\/\/crees.org.do\/?p=27886#breadcrumb","itemListElement":[{"@type":"ListItem","position":1,"name":"Portada","item":"https:\/\/crees.org.do\/"},{"@type":"ListItem","position":2,"name":"Gasto Gobierno central crece m\u00e1s que sus ingresos, seg\u00fan el CREES"}]},{"@type":"WebSite","@id":"https:\/\/crees.org.do\/#website","url":"https:\/\/crees.org.do\/","name":"CREES","description":"Centro Regional de Estrategias Econ\u00f3micas Sostenibles","publisher":{"@id":"https:\/\/crees.org.do\/#organization"},"potentialAction":[{"@type":"SearchAction","target":{"@type":"EntryPoint","urlTemplate":"https:\/\/crees.org.do\/?s={search_term_string}"},"query-input":{"@type":"PropertyValueSpecification","valueRequired":true,"valueName":"search_term_string"}}],"inLanguage":"es"},{"@type":"Organization","@id":"https:\/\/crees.org.do\/#organization","name":"CREES | Centro Regional de Estrategias Econ\u00f3micas Sostenibles","url":"https:\/\/crees.org.do\/","logo":{"@type":"ImageObject","inLanguage":"es","@id":"https:\/\/crees.org.do\/#\/schema\/logo\/image\/","url":"https:\/\/crees.org.do\/wp-content\/uploads\/2022\/03\/crees-logo-1.jpg","contentUrl":"https:\/\/crees.org.do\/wp-content\/uploads\/2022\/03\/crees-logo-1.jpg","width":244,"height":71,"caption":"CREES | Centro Regional de Estrategias Econ\u00f3micas Sostenibles"},"image":{"@id":"https:\/\/crees.org.do\/#\/schema\/logo\/image\/"},"sameAs":["https:\/\/www.facebook.com\/CREESRD\/","https:\/\/x.com\/CREESRD"]},{"@type":"Person","@id":"https:\/\/crees.org.do\/#\/schema\/person\/e7f97cd94d7bf9cd0e0ce30acb7d56b8","name":"Crees","image":{"@type":"ImageObject","inLanguage":"es","@id":"https:\/\/crees.org.do\/#\/schema\/person\/image\/","url":"https:\/\/secure.gravatar.com\/avatar\/390ac8f0be5d9aa046152553e2dd7011b59a512d89c150f5e5f28bb8d9a0b165?s=96&d=mm&r=g","contentUrl":"https:\/\/secure.gravatar.com\/avatar\/390ac8f0be5d9aa046152553e2dd7011b59a512d89c150f5e5f28bb8d9a0b165?s=96&d=mm&r=g","caption":"Crees"},"url":"https:\/\/crees.org.do\/?author=2"}]}},"_links":{"self":[{"href":"https:\/\/crees.org.do\/index.php?rest_route=\/wp\/v2\/posts\/27886","targetHints":{"allow":["GET"]}}],"collection":[{"href":"https:\/\/crees.org.do\/index.php?rest_route=\/wp\/v2\/posts"}],"about":[{"href":"https:\/\/crees.org.do\/index.php?rest_route=\/wp\/v2\/types\/post"}],"author":[{"embeddable":true,"href":"https:\/\/crees.org.do\/index.php?rest_route=\/wp\/v2\/users\/2"}],"replies":[{"embeddable":true,"href":"https:\/\/crees.org.do\/index.php?rest_route=%2Fwp%2Fv2%2Fcomments&post=27886"}],"version-history":[{"count":3,"href":"https:\/\/crees.org.do\/index.php?rest_route=\/wp\/v2\/posts\/27886\/revisions"}],"predecessor-version":[{"id":27904,"href":"https:\/\/crees.org.do\/index.php?rest_route=\/wp\/v2\/posts\/27886\/revisions\/27904"}],"wp:featuredmedia":[{"embeddable":true,"href":"https:\/\/crees.org.do\/index.php?rest_route=\/wp\/v2\/media\/27887"}],"wp:attachment":[{"href":"https:\/\/crees.org.do\/index.php?rest_route=%2Fwp%2Fv2%2Fmedia&parent=27886"}],"wp:term":[{"taxonomy":"category","embeddable":true,"href":"https:\/\/crees.org.do\/index.php?rest_route=%2Fwp%2Fv2%2Fcategories&post=27886"},{"taxonomy":"post_tag","embeddable":true,"href":"https:\/\/crees.org.do\/index.php?rest_route=%2Fwp%2Fv2%2Ftags&post=27886"}],"curies":[{"name":"wp","href":"https:\/\/api.w.org\/{rel}","templated":true}]}}