{"id":28012,"date":"2025-04-25T14:11:57","date_gmt":"2025-04-25T14:11:57","guid":{"rendered":"https:\/\/crees.org.do\/?p=28012"},"modified":"2025-04-25T14:21:46","modified_gmt":"2025-04-25T14:21:46","slug":"collado-di-franco-reforma-a-cesantia-no-debe-verse-como-eliminacion-de-derechos","status":"publish","type":"post","link":"https:\/\/crees.org.do\/?p=28012","title":{"rendered":"Collado Di Franco: \u201cReforma a cesant\u00eda no debe verse como eliminaci\u00f3n de derechos\u201d"},"content":{"rendered":"<p style=\"text-align: justify;\">Autor: Massiel de Jes\u00fas<\/p>\n<p style=\"text-align: justify;\">Fecha: 8 de abril de 2025<\/p>\n<p style=\"text-align: justify;\">Extra\u00eddo de: <a href=\"https:\/\/eldinero.com.do\/320607\/collado-di-franco-reforma-a-cesantia-no-debe-verse-como-eliminacion-de-derechos\/\">elDinero<\/a><\/p>\n<h2 style=\"text-align: justify;\">Collado Di Franco: \u201cReforma a cesant\u00eda no debe verse como eliminaci\u00f3n de derechos\u201d<\/h2>\n<p style=\"text-align: justify;\">El economista\u00a0<a href=\"https:\/\/eldinero.com.do\/personajesemana\/miguel-collado-di-franco\/\">Miguel Collado Di Franco<\/a>, vicepresidente ejecutivo del\u00a0<strong>Centro Regional de Estrategias Econ\u00f3micas Sostenibles (<a href=\"https:\/\/eldinero.com.do\/320487\/crees-rd-debe-aumentar-productividad-ante-aranceles-de-estados-unidos\/\">CREES<\/a>)<\/strong>, aboga por una revisi\u00f3n del sistema de cesant\u00eda en Rep\u00fablica Dominicana. El modelo actual fomenta la informalidad, encarece la contrataci\u00f3n y limita la movilidad laboral, dijo, lo cual dificulta la incorporaci\u00f3n de j\u00f3venes al mercado y aumenta el riesgo de despido para nuevos empleados.<\/p>\n<p style=\"text-align: justify;\">Con un 54.8% de informalidad laboral en el pa\u00eds, Collado propone explorar alternativas que \u201cresguarden\u201d los derechos de los trabajadores sin comprometer la competitividad empresarial. Destaca que la actualizaci\u00f3n del C\u00f3digo de Trabajo dominicano ha sido un proceso largo. En 2013 se cre\u00f3 una Comisi\u00f3n Especial para su revisi\u00f3n mediante el decreto 286-13, y desde entonces tanto trabajadores como empleadores esperan una nueva legislaci\u00f3n que les permita realizar transacciones individuales, libres y voluntarias.<\/p>\n<p style=\"text-align: justify;\">\u201c<strong>Ver la reforma de cesant\u00eda como una eliminaci\u00f3n de derechos es un error; debe interpretarse como una modernizaci\u00f3n del sistema hacia uno m\u00e1s justo, flexible y eficiente<\/strong>\u201d, enfatiza. Esta transici\u00f3n hacia un modelo m\u00e1s equilibrado, conforme con el economista, no solo mejorar\u00e1 la formalizaci\u00f3n del empleo, sino que tambi\u00e9n aumentar\u00e1 la competitividad empresarial y garantizar\u00e1 una mejor protecci\u00f3n a los trabajadores a largo plazo.<\/p>\n<p style=\"text-align: justify;\">El economista subraya la necesidad de crear una ley que propicie mayores oportunidades laborales en el sector formal, que reduzca costos laborales no salariales y elimine los obst\u00e1culos procedimentales que entorpecen las relaciones laborales. \u201cEs fundamental abordar las distorsiones que se han perpetuado desde antes de la Ley 16-92, que instaur\u00f3 el actual C\u00f3digo de Trabajo\u201d, a\u00f1ade.<\/p>\n<p style=\"text-align: justify;\">Collado se\u00f1ala que uno de los principales factores que limita las oportunidades laborales para los j\u00f3venes y menos calificados es precisamente el sistema de cesant\u00eda vigente. En este contexto, propone considerar alternativas al modelo actual de acumulaci\u00f3n indefinida de derechos de cesant\u00eda, un pasivo contingente que pesa sobre las empresas y reduce el salario real de los empleados.<\/p>\n<p style=\"text-align: justify;\">El an\u00e1lisis comparativo con modelos internacionales como los de Austria, Ecuador y Chile revela que es posible estructurar un sistema que proteja al trabajador sin distorsionar el mercado laboral. \u201cEstos pa\u00edses han implementado mecanismos que reemplazan la indemnizaci\u00f3n por despido con cuentas individuales de cesant\u00eda o fondos de seguro de desempleo, asegurando compensaciones accesibles para los trabajadores y menor riesgo para las empresas\u201d, explica.<\/p>\n<p style=\"text-align: justify;\">Indica que adoptar un modelo basado en la capitalizaci\u00f3n individual permitir\u00eda a cada trabajador acumular recursos propios utilizables en caso de despido. Si estos fondos se invierten adecuadamente, podr\u00edan generar rendimientos beneficiosos tanto para los trabajadores como para la inversi\u00f3n productiva del pa\u00eds. \u201cUtilizar estos recursos apropiadamente evitar\u00eda financiar d\u00e9ficits estatales y mejorar\u00eda la productividad laboral y, por ende, los salarios\u201d, subraya Collado.<\/p>\n<p style=\"text-align: justify;\">Advierte que avanzar hacia una nueva legislaci\u00f3n laboral sin reformar el esquema de cesant\u00eda ser\u00eda perder una oportunidad crucial en beneficio de los trabajadores. \u201cAprobar una legislaci\u00f3n sin cambios sustanciales no debe ser considerado un logro pol\u00edtico. El verdadero legado deber\u00eda ser una reforma integral, aunque implique unos meses m\u00e1s para lograr un estudio completo que permita a los legisladores implementar una transformaci\u00f3n laboral significativa en Rep\u00fablica Dominicana\u201d, puntualiza.<\/p>\n<p style=\"text-align: justify;\">Recalca que al margen de que dos legislaciones: la Ley No. 87-01 (que crea el Sistema Dominicano de Seguridad Social) en su art\u00edculo 50 y de la Ley No. 1-12 (de Estrategia Nacional de Desarrollo), en su art\u00edculo 31 establezcan la creaci\u00f3n de un sistema de seguro de desempleo que sustituya el esquema de cesant\u00eda actual; cree necesaria su revisi\u00f3n debido al impacto negativo sobre el mercado laboral.<\/p>\n<div class=\"pvc_clear\"><\/div>\n<p class=\"pvc_stats all \" data-element-id=\"28012\" style=\"\"><i class=\"pvc-stats-icon medium\" aria-hidden=\"true\"><svg aria-hidden=\"true\" focusable=\"false\" data-prefix=\"far\" data-icon=\"chart-bar\" role=\"img\" xmlns=\"http:\/\/www.w3.org\/2000\/svg\" viewBox=\"0 0 512 512\" class=\"svg-inline--fa fa-chart-bar fa-w-16 fa-2x\"><path fill=\"currentColor\" d=\"M396.8 352h22.4c6.4 0 12.8-6.4 12.8-12.8V108.8c0-6.4-6.4-12.8-12.8-12.8h-22.4c-6.4 0-12.8 6.4-12.8 12.8v230.4c0 6.4 6.4 12.8 12.8 12.8zm-192 0h22.4c6.4 0 12.8-6.4 12.8-12.8V140.8c0-6.4-6.4-12.8-12.8-12.8h-22.4c-6.4 0-12.8 6.4-12.8 12.8v198.4c0 6.4 6.4 12.8 12.8 12.8zm96 0h22.4c6.4 0 12.8-6.4 12.8-12.8V204.8c0-6.4-6.4-12.8-12.8-12.8h-22.4c-6.4 0-12.8 6.4-12.8 12.8v134.4c0 6.4 6.4 12.8 12.8 12.8zM496 400H48V80c0-8.84-7.16-16-16-16H16C7.16 64 0 71.16 0 80v336c0 17.67 14.33 32 32 32h464c8.84 0 16-7.16 16-16v-16c0-8.84-7.16-16-16-16zm-387.2-48h22.4c6.4 0 12.8-6.4 12.8-12.8v-70.4c0-6.4-6.4-12.8-12.8-12.8h-22.4c-6.4 0-12.8 6.4-12.8 12.8v70.4c0 6.4 6.4 12.8 12.8 12.8z\" class=\"\"><\/path><\/svg><\/i> Vistas Totales&nbsp;1,096&nbsp;, Vistas Hoy&nbsp;2&nbsp;<\/p>\n<div class=\"pvc_clear\"><\/div>\n","protected":false},"excerpt":{"rendered":"<p>Autor: Massiel de Jes\u00fas Fecha: 8 de abril de 2025 Extra\u00eddo de: elDinero Collado Di Franco: \u201cReforma a cesant\u00eda no debe verse como eliminaci\u00f3n de derechos\u201d El economista\u00a0Miguel Collado Di Franco, vicepresidente ejecutivo del\u00a0Centro Regional de Estrategias Econ\u00f3micas Sostenibles (CREES), aboga por una revisi\u00f3n del sistema de cesant\u00eda en Rep\u00fablica Dominicana. El modelo actual fomenta&#8230;<\/p>\n<div class=\"pvc_clear\"><\/div>\n<p class=\"pvc_stats all \" data-element-id=\"28012\" style=\"\"><i class=\"pvc-stats-icon medium\" aria-hidden=\"true\"><svg aria-hidden=\"true\" focusable=\"false\" data-prefix=\"far\" data-icon=\"chart-bar\" role=\"img\" xmlns=\"http:\/\/www.w3.org\/2000\/svg\" viewBox=\"0 0 512 512\" class=\"svg-inline--fa fa-chart-bar fa-w-16 fa-2x\"><path fill=\"currentColor\" d=\"M396.8 352h22.4c6.4 0 12.8-6.4 12.8-12.8V108.8c0-6.4-6.4-12.8-12.8-12.8h-22.4c-6.4 0-12.8 6.4-12.8 12.8v230.4c0 6.4 6.4 12.8 12.8 12.8zm-192 0h22.4c6.4 0 12.8-6.4 12.8-12.8V140.8c0-6.4-6.4-12.8-12.8-12.8h-22.4c-6.4 0-12.8 6.4-12.8 12.8v198.4c0 6.4 6.4 12.8 12.8 12.8zm96 0h22.4c6.4 0 12.8-6.4 12.8-12.8V204.8c0-6.4-6.4-12.8-12.8-12.8h-22.4c-6.4 0-12.8 6.4-12.8 12.8v134.4c0 6.4 6.4 12.8 12.8 12.8zM496 400H48V80c0-8.84-7.16-16-16-16H16C7.16 64 0 71.16 0 80v336c0 17.67 14.33 32 32 32h464c8.84 0 16-7.16 16-16v-16c0-8.84-7.16-16-16-16zm-387.2-48h22.4c6.4 0 12.8-6.4 12.8-12.8v-70.4c0-6.4-6.4-12.8-12.8-12.8h-22.4c-6.4 0-12.8 6.4-12.8 12.8v70.4c0 6.4 6.4 12.8 12.8 12.8z\" class=\"\"><\/path><\/svg><\/i> Vistas Totales&nbsp;1,096&nbsp;, Vistas Hoy&nbsp;2&nbsp;<\/p>\n<div class=\"pvc_clear\"><\/div>\n","protected":false},"author":2,"featured_media":28013,"comment_status":"closed","ping_status":"closed","sticky":false,"template":"","format":"standard","meta":{"footnotes":""},"categories":[19],"tags":[],"class_list":["post-28012","post","type-post","status-publish","format-standard","has-post-thumbnail","hentry","category-actualidad"],"yoast_head":"<!-- This site is optimized with the Yoast SEO plugin v25.2 - https:\/\/yoast.com\/wordpress\/plugins\/seo\/ -->\n<title>Collado Di Franco: \u201cReforma a cesant\u00eda no debe verse como eliminaci\u00f3n de derechos\u201d | CREES<\/title>\n<meta name=\"robots\" content=\"index, follow, max-snippet:-1, max-image-preview:large, max-video-preview:-1\" \/>\n<link rel=\"canonical\" href=\"https:\/\/crees.org.do\/?p=28012\" \/>\n<meta property=\"og:locale\" content=\"es_ES\" \/>\n<meta property=\"og:type\" content=\"article\" \/>\n<meta property=\"og:title\" content=\"Collado Di Franco: \u201cReforma a cesant\u00eda no debe verse como eliminaci\u00f3n de derechos\u201d | CREES\" \/>\n<meta property=\"og:description\" content=\"Autor: Massiel de Jes\u00fas Fecha: 8 de abril de 2025 Extra\u00eddo de: elDinero Collado Di Franco: \u201cReforma a cesant\u00eda no debe verse como eliminaci\u00f3n de derechos\u201d El economista\u00a0Miguel Collado Di Franco, vicepresidente ejecutivo del\u00a0Centro Regional de Estrategias Econ\u00f3micas Sostenibles (CREES), aboga por una revisi\u00f3n del sistema de cesant\u00eda en Rep\u00fablica Dominicana. El modelo actual fomenta...\" \/>\n<meta property=\"og:url\" content=\"https:\/\/crees.org.do\/?p=28012\" \/>\n<meta property=\"og:site_name\" content=\"CREES\" \/>\n<meta property=\"article:publisher\" content=\"https:\/\/www.facebook.com\/CREESRD\/\" \/>\n<meta property=\"article:published_time\" content=\"2025-04-25T14:11:57+00:00\" \/>\n<meta property=\"article:modified_time\" content=\"2025-04-25T14:21:46+00:00\" \/>\n<meta property=\"og:image\" content=\"https:\/\/crees.org.do\/wp-content\/uploads\/2025\/04\/Miguel-Collado-Dfranco-7-750x536-1.jpg\" \/>\n\t<meta property=\"og:image:width\" content=\"750\" \/>\n\t<meta property=\"og:image:height\" content=\"536\" \/>\n\t<meta property=\"og:image:type\" content=\"image\/jpeg\" \/>\n<meta name=\"author\" content=\"Crees\" \/>\n<meta name=\"twitter:card\" content=\"summary_large_image\" \/>\n<meta name=\"twitter:creator\" content=\"@CREESRD\" \/>\n<meta name=\"twitter:site\" content=\"@CREESRD\" \/>\n<meta name=\"twitter:label1\" content=\"Escrito por\" \/>\n\t<meta name=\"twitter:data1\" content=\"Crees\" \/>\n\t<meta name=\"twitter:label2\" content=\"Tiempo de lectura\" \/>\n\t<meta name=\"twitter:data2\" content=\"3 minutos\" \/>\n<script type=\"application\/ld+json\" class=\"yoast-schema-graph\">{\"@context\":\"https:\/\/schema.org\",\"@graph\":[{\"@type\":\"Article\",\"@id\":\"https:\/\/crees.org.do\/?p=28012#article\",\"isPartOf\":{\"@id\":\"https:\/\/crees.org.do\/?p=28012\"},\"author\":{\"name\":\"Crees\",\"@id\":\"https:\/\/crees.org.do\/#\/schema\/person\/e7f97cd94d7bf9cd0e0ce30acb7d56b8\"},\"headline\":\"Collado Di Franco: \u201cReforma a cesant\u00eda no debe verse como eliminaci\u00f3n de derechos\u201d\",\"datePublished\":\"2025-04-25T14:11:57+00:00\",\"dateModified\":\"2025-04-25T14:21:46+00:00\",\"mainEntityOfPage\":{\"@id\":\"https:\/\/crees.org.do\/?p=28012\"},\"wordCount\":671,\"publisher\":{\"@id\":\"https:\/\/crees.org.do\/#organization\"},\"image\":{\"@id\":\"https:\/\/crees.org.do\/?p=28012#primaryimage\"},\"thumbnailUrl\":\"https:\/\/crees.org.do\/wp-content\/uploads\/2025\/04\/Miguel-Collado-Dfranco-7-750x536-1.jpg\",\"articleSection\":[\"Actualidad\"],\"inLanguage\":\"es\"},{\"@type\":\"WebPage\",\"@id\":\"https:\/\/crees.org.do\/?p=28012\",\"url\":\"https:\/\/crees.org.do\/?p=28012\",\"name\":\"Collado Di Franco: \u201cReforma a cesant\u00eda no debe verse como eliminaci\u00f3n de derechos\u201d | CREES\",\"isPartOf\":{\"@id\":\"https:\/\/crees.org.do\/#website\"},\"primaryImageOfPage\":{\"@id\":\"https:\/\/crees.org.do\/?p=28012#primaryimage\"},\"image\":{\"@id\":\"https:\/\/crees.org.do\/?p=28012#primaryimage\"},\"thumbnailUrl\":\"https:\/\/crees.org.do\/wp-content\/uploads\/2025\/04\/Miguel-Collado-Dfranco-7-750x536-1.jpg\",\"datePublished\":\"2025-04-25T14:11:57+00:00\",\"dateModified\":\"2025-04-25T14:21:46+00:00\",\"breadcrumb\":{\"@id\":\"https:\/\/crees.org.do\/?p=28012#breadcrumb\"},\"inLanguage\":\"es\",\"potentialAction\":[{\"@type\":\"ReadAction\",\"target\":[\"https:\/\/crees.org.do\/?p=28012\"]}]},{\"@type\":\"ImageObject\",\"inLanguage\":\"es\",\"@id\":\"https:\/\/crees.org.do\/?p=28012#primaryimage\",\"url\":\"https:\/\/crees.org.do\/wp-content\/uploads\/2025\/04\/Miguel-Collado-Dfranco-7-750x536-1.jpg\",\"contentUrl\":\"https:\/\/crees.org.do\/wp-content\/uploads\/2025\/04\/Miguel-Collado-Dfranco-7-750x536-1.jpg\",\"width\":750,\"height\":536},{\"@type\":\"BreadcrumbList\",\"@id\":\"https:\/\/crees.org.do\/?p=28012#breadcrumb\",\"itemListElement\":[{\"@type\":\"ListItem\",\"position\":1,\"name\":\"Portada\",\"item\":\"https:\/\/crees.org.do\/\"},{\"@type\":\"ListItem\",\"position\":2,\"name\":\"Collado Di Franco: \u201cReforma a cesant\u00eda no debe verse como eliminaci\u00f3n de derechos\u201d\"}]},{\"@type\":\"WebSite\",\"@id\":\"https:\/\/crees.org.do\/#website\",\"url\":\"https:\/\/crees.org.do\/\",\"name\":\"CREES\",\"description\":\"Centro Regional de Estrategias Econ\u00f3micas Sostenibles\",\"publisher\":{\"@id\":\"https:\/\/crees.org.do\/#organization\"},\"potentialAction\":[{\"@type\":\"SearchAction\",\"target\":{\"@type\":\"EntryPoint\",\"urlTemplate\":\"https:\/\/crees.org.do\/?s={search_term_string}\"},\"query-input\":{\"@type\":\"PropertyValueSpecification\",\"valueRequired\":true,\"valueName\":\"search_term_string\"}}],\"inLanguage\":\"es\"},{\"@type\":\"Organization\",\"@id\":\"https:\/\/crees.org.do\/#organization\",\"name\":\"CREES | Centro Regional de Estrategias Econ\u00f3micas Sostenibles\",\"url\":\"https:\/\/crees.org.do\/\",\"logo\":{\"@type\":\"ImageObject\",\"inLanguage\":\"es\",\"@id\":\"https:\/\/crees.org.do\/#\/schema\/logo\/image\/\",\"url\":\"https:\/\/crees.org.do\/wp-content\/uploads\/2022\/03\/crees-logo-1.jpg\",\"contentUrl\":\"https:\/\/crees.org.do\/wp-content\/uploads\/2022\/03\/crees-logo-1.jpg\",\"width\":244,\"height\":71,\"caption\":\"CREES | Centro Regional de Estrategias Econ\u00f3micas Sostenibles\"},\"image\":{\"@id\":\"https:\/\/crees.org.do\/#\/schema\/logo\/image\/\"},\"sameAs\":[\"https:\/\/www.facebook.com\/CREESRD\/\",\"https:\/\/x.com\/CREESRD\"]},{\"@type\":\"Person\",\"@id\":\"https:\/\/crees.org.do\/#\/schema\/person\/e7f97cd94d7bf9cd0e0ce30acb7d56b8\",\"name\":\"Crees\",\"image\":{\"@type\":\"ImageObject\",\"inLanguage\":\"es\",\"@id\":\"https:\/\/crees.org.do\/#\/schema\/person\/image\/\",\"url\":\"https:\/\/secure.gravatar.com\/avatar\/390ac8f0be5d9aa046152553e2dd7011b59a512d89c150f5e5f28bb8d9a0b165?s=96&d=mm&r=g\",\"contentUrl\":\"https:\/\/secure.gravatar.com\/avatar\/390ac8f0be5d9aa046152553e2dd7011b59a512d89c150f5e5f28bb8d9a0b165?s=96&d=mm&r=g\",\"caption\":\"Crees\"},\"url\":\"https:\/\/crees.org.do\/?author=2\"}]}<\/script>\n<!-- \/ Yoast SEO plugin. -->","yoast_head_json":{"title":"Collado Di Franco: \u201cReforma a cesant\u00eda no debe verse como eliminaci\u00f3n de derechos\u201d | CREES","robots":{"index":"index","follow":"follow","max-snippet":"max-snippet:-1","max-image-preview":"max-image-preview:large","max-video-preview":"max-video-preview:-1"},"canonical":"https:\/\/crees.org.do\/?p=28012","og_locale":"es_ES","og_type":"article","og_title":"Collado Di Franco: \u201cReforma a cesant\u00eda no debe verse como eliminaci\u00f3n de derechos\u201d | CREES","og_description":"Autor: Massiel de Jes\u00fas Fecha: 8 de abril de 2025 Extra\u00eddo de: elDinero Collado Di Franco: \u201cReforma a cesant\u00eda no debe verse como eliminaci\u00f3n de derechos\u201d El economista\u00a0Miguel Collado Di Franco, vicepresidente ejecutivo del\u00a0Centro Regional de Estrategias Econ\u00f3micas Sostenibles (CREES), aboga por una revisi\u00f3n del sistema de cesant\u00eda en Rep\u00fablica Dominicana. El modelo actual fomenta...","og_url":"https:\/\/crees.org.do\/?p=28012","og_site_name":"CREES","article_publisher":"https:\/\/www.facebook.com\/CREESRD\/","article_published_time":"2025-04-25T14:11:57+00:00","article_modified_time":"2025-04-25T14:21:46+00:00","og_image":[{"width":750,"height":536,"url":"https:\/\/crees.org.do\/wp-content\/uploads\/2025\/04\/Miguel-Collado-Dfranco-7-750x536-1.jpg","type":"image\/jpeg"}],"author":"Crees","twitter_card":"summary_large_image","twitter_creator":"@CREESRD","twitter_site":"@CREESRD","twitter_misc":{"Escrito por":"Crees","Tiempo de lectura":"3 minutos"},"schema":{"@context":"https:\/\/schema.org","@graph":[{"@type":"Article","@id":"https:\/\/crees.org.do\/?p=28012#article","isPartOf":{"@id":"https:\/\/crees.org.do\/?p=28012"},"author":{"name":"Crees","@id":"https:\/\/crees.org.do\/#\/schema\/person\/e7f97cd94d7bf9cd0e0ce30acb7d56b8"},"headline":"Collado Di Franco: \u201cReforma a cesant\u00eda no debe verse como eliminaci\u00f3n de derechos\u201d","datePublished":"2025-04-25T14:11:57+00:00","dateModified":"2025-04-25T14:21:46+00:00","mainEntityOfPage":{"@id":"https:\/\/crees.org.do\/?p=28012"},"wordCount":671,"publisher":{"@id":"https:\/\/crees.org.do\/#organization"},"image":{"@id":"https:\/\/crees.org.do\/?p=28012#primaryimage"},"thumbnailUrl":"https:\/\/crees.org.do\/wp-content\/uploads\/2025\/04\/Miguel-Collado-Dfranco-7-750x536-1.jpg","articleSection":["Actualidad"],"inLanguage":"es"},{"@type":"WebPage","@id":"https:\/\/crees.org.do\/?p=28012","url":"https:\/\/crees.org.do\/?p=28012","name":"Collado Di Franco: \u201cReforma a cesant\u00eda no debe verse como eliminaci\u00f3n de derechos\u201d | CREES","isPartOf":{"@id":"https:\/\/crees.org.do\/#website"},"primaryImageOfPage":{"@id":"https:\/\/crees.org.do\/?p=28012#primaryimage"},"image":{"@id":"https:\/\/crees.org.do\/?p=28012#primaryimage"},"thumbnailUrl":"https:\/\/crees.org.do\/wp-content\/uploads\/2025\/04\/Miguel-Collado-Dfranco-7-750x536-1.jpg","datePublished":"2025-04-25T14:11:57+00:00","dateModified":"2025-04-25T14:21:46+00:00","breadcrumb":{"@id":"https:\/\/crees.org.do\/?p=28012#breadcrumb"},"inLanguage":"es","potentialAction":[{"@type":"ReadAction","target":["https:\/\/crees.org.do\/?p=28012"]}]},{"@type":"ImageObject","inLanguage":"es","@id":"https:\/\/crees.org.do\/?p=28012#primaryimage","url":"https:\/\/crees.org.do\/wp-content\/uploads\/2025\/04\/Miguel-Collado-Dfranco-7-750x536-1.jpg","contentUrl":"https:\/\/crees.org.do\/wp-content\/uploads\/2025\/04\/Miguel-Collado-Dfranco-7-750x536-1.jpg","width":750,"height":536},{"@type":"BreadcrumbList","@id":"https:\/\/crees.org.do\/?p=28012#breadcrumb","itemListElement":[{"@type":"ListItem","position":1,"name":"Portada","item":"https:\/\/crees.org.do\/"},{"@type":"ListItem","position":2,"name":"Collado Di Franco: \u201cReforma a cesant\u00eda no debe verse como eliminaci\u00f3n de derechos\u201d"}]},{"@type":"WebSite","@id":"https:\/\/crees.org.do\/#website","url":"https:\/\/crees.org.do\/","name":"CREES","description":"Centro Regional de Estrategias Econ\u00f3micas Sostenibles","publisher":{"@id":"https:\/\/crees.org.do\/#organization"},"potentialAction":[{"@type":"SearchAction","target":{"@type":"EntryPoint","urlTemplate":"https:\/\/crees.org.do\/?s={search_term_string}"},"query-input":{"@type":"PropertyValueSpecification","valueRequired":true,"valueName":"search_term_string"}}],"inLanguage":"es"},{"@type":"Organization","@id":"https:\/\/crees.org.do\/#organization","name":"CREES | Centro Regional de Estrategias Econ\u00f3micas Sostenibles","url":"https:\/\/crees.org.do\/","logo":{"@type":"ImageObject","inLanguage":"es","@id":"https:\/\/crees.org.do\/#\/schema\/logo\/image\/","url":"https:\/\/crees.org.do\/wp-content\/uploads\/2022\/03\/crees-logo-1.jpg","contentUrl":"https:\/\/crees.org.do\/wp-content\/uploads\/2022\/03\/crees-logo-1.jpg","width":244,"height":71,"caption":"CREES | Centro Regional de Estrategias Econ\u00f3micas Sostenibles"},"image":{"@id":"https:\/\/crees.org.do\/#\/schema\/logo\/image\/"},"sameAs":["https:\/\/www.facebook.com\/CREESRD\/","https:\/\/x.com\/CREESRD"]},{"@type":"Person","@id":"https:\/\/crees.org.do\/#\/schema\/person\/e7f97cd94d7bf9cd0e0ce30acb7d56b8","name":"Crees","image":{"@type":"ImageObject","inLanguage":"es","@id":"https:\/\/crees.org.do\/#\/schema\/person\/image\/","url":"https:\/\/secure.gravatar.com\/avatar\/390ac8f0be5d9aa046152553e2dd7011b59a512d89c150f5e5f28bb8d9a0b165?s=96&d=mm&r=g","contentUrl":"https:\/\/secure.gravatar.com\/avatar\/390ac8f0be5d9aa046152553e2dd7011b59a512d89c150f5e5f28bb8d9a0b165?s=96&d=mm&r=g","caption":"Crees"},"url":"https:\/\/crees.org.do\/?author=2"}]}},"_links":{"self":[{"href":"https:\/\/crees.org.do\/index.php?rest_route=\/wp\/v2\/posts\/28012","targetHints":{"allow":["GET"]}}],"collection":[{"href":"https:\/\/crees.org.do\/index.php?rest_route=\/wp\/v2\/posts"}],"about":[{"href":"https:\/\/crees.org.do\/index.php?rest_route=\/wp\/v2\/types\/post"}],"author":[{"embeddable":true,"href":"https:\/\/crees.org.do\/index.php?rest_route=\/wp\/v2\/users\/2"}],"replies":[{"embeddable":true,"href":"https:\/\/crees.org.do\/index.php?rest_route=%2Fwp%2Fv2%2Fcomments&post=28012"}],"version-history":[{"count":2,"href":"https:\/\/crees.org.do\/index.php?rest_route=\/wp\/v2\/posts\/28012\/revisions"}],"predecessor-version":[{"id":28017,"href":"https:\/\/crees.org.do\/index.php?rest_route=\/wp\/v2\/posts\/28012\/revisions\/28017"}],"wp:featuredmedia":[{"embeddable":true,"href":"https:\/\/crees.org.do\/index.php?rest_route=\/wp\/v2\/media\/28013"}],"wp:attachment":[{"href":"https:\/\/crees.org.do\/index.php?rest_route=%2Fwp%2Fv2%2Fmedia&parent=28012"}],"wp:term":[{"taxonomy":"category","embeddable":true,"href":"https:\/\/crees.org.do\/index.php?rest_route=%2Fwp%2Fv2%2Fcategories&post=28012"},{"taxonomy":"post_tag","embeddable":true,"href":"https:\/\/crees.org.do\/index.php?rest_route=%2Fwp%2Fv2%2Ftags&post=28012"}],"curies":[{"name":"wp","href":"https:\/\/api.w.org\/{rel}","templated":true}]}}