{"id":28016,"date":"2025-04-25T14:28:26","date_gmt":"2025-04-25T14:28:26","guid":{"rendered":"https:\/\/crees.org.do\/?p=28016"},"modified":"2025-04-25T15:05:43","modified_gmt":"2025-04-25T15:05:43","slug":"un-clima-de-negocios-para-generar-mas-produccion-y-exportaciones","status":"publish","type":"post","link":"https:\/\/crees.org.do\/?p=28016","title":{"rendered":"Un clima de negocios para generar m\u00e1s producci\u00f3n y exportaciones"},"content":{"rendered":"<p style=\"text-align: justify;\">Autor: Miguel Collado Di Franco<\/p>\n<p style=\"text-align: justify;\">Fecha: 24 de abril de 2025<\/p>\n<p><img fetchpriority=\"high\" decoding=\"async\" class=\"aligncenter wp-image-28026\" src=\"https:\/\/crees.org.do\/wp-content\/uploads\/2025\/04\/Copy-of-Copy-of-Exportaciones-de-nacionales-6.png\" alt=\"\" width=\"896\" height=\"896\" srcset=\"https:\/\/crees.org.do\/wp-content\/uploads\/2025\/04\/Copy-of-Copy-of-Exportaciones-de-nacionales-6.png 1200w, https:\/\/crees.org.do\/wp-content\/uploads\/2025\/04\/Copy-of-Copy-of-Exportaciones-de-nacionales-6-450x450.png 450w, https:\/\/crees.org.do\/wp-content\/uploads\/2025\/04\/Copy-of-Copy-of-Exportaciones-de-nacionales-6-2000x2000.png 2000w, https:\/\/crees.org.do\/wp-content\/uploads\/2025\/04\/Copy-of-Copy-of-Exportaciones-de-nacionales-6-150x150.png 150w, https:\/\/crees.org.do\/wp-content\/uploads\/2025\/04\/Copy-of-Copy-of-Exportaciones-de-nacionales-6-768x768.png 768w, https:\/\/crees.org.do\/wp-content\/uploads\/2025\/04\/Copy-of-Copy-of-Exportaciones-de-nacionales-6-1536x1536.png 1536w, https:\/\/crees.org.do\/wp-content\/uploads\/2025\/04\/Copy-of-Copy-of-Exportaciones-de-nacionales-6-2048x2048.png 2048w\" sizes=\"(max-width: 896px) 100vw, 896px\" \/><\/p>\n<p><img decoding=\"async\" class=\"aligncenter wp-image-28022\" src=\"https:\/\/crees.org.do\/wp-content\/uploads\/2025\/04\/Exportaciones-de-nacionales-5.png\" alt=\"\" width=\"896\" height=\"896\" srcset=\"https:\/\/crees.org.do\/wp-content\/uploads\/2025\/04\/Exportaciones-de-nacionales-5.png 1200w, https:\/\/crees.org.do\/wp-content\/uploads\/2025\/04\/Exportaciones-de-nacionales-5-450x450.png 450w, https:\/\/crees.org.do\/wp-content\/uploads\/2025\/04\/Exportaciones-de-nacionales-5-2000x2000.png 2000w, https:\/\/crees.org.do\/wp-content\/uploads\/2025\/04\/Exportaciones-de-nacionales-5-150x150.png 150w, https:\/\/crees.org.do\/wp-content\/uploads\/2025\/04\/Exportaciones-de-nacionales-5-768x768.png 768w, https:\/\/crees.org.do\/wp-content\/uploads\/2025\/04\/Exportaciones-de-nacionales-5-1536x1536.png 1536w, https:\/\/crees.org.do\/wp-content\/uploads\/2025\/04\/Exportaciones-de-nacionales-5-2048x2048.png 2048w\" sizes=\"(max-width: 896px) 100vw, 896px\" \/><\/p>\n<h2 style=\"text-align: justify;\">Un clima de negocios para generar m\u00e1s producci\u00f3n y exportaciones<\/h2>\n<p style=\"text-align: justify;\">Medidas como porcentaje del producto interno bruto (PIB), las exportaciones de bienes de Rep\u00fablica Dominicana son las menores entre los pa\u00edses que conforman el DR-CAFTA. En el gr\u00e1fico es posible apreciar que entre los pa\u00edses que conforman el tratado comercial con Estados Unidos; y adicionando a Panam\u00e1 a la comparaci\u00f3n, Rep\u00fablica Dominicana tiene una tasa baja de exportaciones con relaci\u00f3n al total de su econom\u00eda.<\/p>\n<p style=\"text-align: justify;\">Al observar el segundo gr\u00e1fico, es posible notar la disminuci\u00f3n en la participaci\u00f3n de las exportaciones, tanto nacionales como de zonas francas, como porcentaje del PIB. Una econom\u00eda que tiene un mercado interno peque\u00f1o debe crear condiciones para crecer hacia afuera. Expandir su producci\u00f3n en volumen y en valor agregado aprovechando otros mercados. Las pol\u00edticas p\u00fablicas de Rep\u00fablica Dominicana est\u00e1n mostrando que no favorecen esa din\u00e1mica.<\/p>\n<p style=\"text-align: justify;\">En un gr\u00e1fico adicional, en esta misma p\u00e1gina, se aprecia el incremento en el ingreso de remesas. Turismo ha incrementado, pero el ingreso de divisas provenientes de remesas lo ha hecho de una forma superior, a pasar de 20.4% del total de divisas en 2013 a 26.8% en 2024. En su mayor\u00eda son ingresos para consumo, no son divisas que entran a la econom\u00eda a convertirse en ahorro para ser empleado en procesos productivos que, a su vez, incrementen la producci\u00f3n.<\/p>\n<p style=\"text-align: justify;\">La din\u00e1mica de producci\u00f3n necesita tiempo. Empieza con el ahorro que se convierte en producci\u00f3n y, al final, pasando por los procesos intermedios, en bienes finales. Se compra la tierra, se siembra la semilla, se abona, y al final se tiene la cosecha. Si esa cosecha es de calidad y se puede vender, local e internacionalmente, a precios competitivos, es posible lograr mayores exportaciones. Es un ejemplo simple que se puede aplicar a los procesos de bienes industriales complejos.<\/p>\n<p style=\"text-align: justify;\">\u00bfQu\u00e9 necesita una econom\u00eda para lograr, en el tiempo, m\u00e1s bienes (y servicios) que sean exportables? Primero, el ahorro, que se traduce en inversi\u00f3n. En consecuencia, las primeras pol\u00edticas a evitar son aquellas que crean un r\u00e9gimen de incertidumbre y de penalizaci\u00f3n al ahorro. Esas condiciones inician con las reglas de juego: un sistema de impuestos adecuado, burocracia, permisos, licencias, entre otras. Luego, la manera como los costos inciden dentro del proceso, una vez iniciado. Es decir, que los insumos no sean encarecidos artificialmente, que el transporte refleje precios de mercado y no de oligopolios; y que la mano de obra refleje el costo de su productividad, no salarios artificiales motivados por precios al alza por, entre otras razones, pol\u00edticas monetarias expansivas que inciden sobre la inflaci\u00f3n de precios.<\/p>\n<p style=\"text-align: justify;\">Un centro de pensamiento econ\u00f3mico debe, como parte de su funci\u00f3n, plantear argumentos como los aqu\u00ed expresados. Son las autoridades las que deciden cu\u00e1ndo cambiar las pol\u00edticas p\u00fablicas para favorecer los procesos productivos, por medio de las pol\u00edticas adecuadas, para generar mayor producci\u00f3n local y para exportaci\u00f3n.<\/p>\n<div class=\"pvc_clear\"><\/div>\n<p class=\"pvc_stats all \" data-element-id=\"28016\" style=\"\"><i class=\"pvc-stats-icon medium\" aria-hidden=\"true\"><svg aria-hidden=\"true\" focusable=\"false\" data-prefix=\"far\" data-icon=\"chart-bar\" role=\"img\" xmlns=\"http:\/\/www.w3.org\/2000\/svg\" viewBox=\"0 0 512 512\" class=\"svg-inline--fa fa-chart-bar fa-w-16 fa-2x\"><path fill=\"currentColor\" d=\"M396.8 352h22.4c6.4 0 12.8-6.4 12.8-12.8V108.8c0-6.4-6.4-12.8-12.8-12.8h-22.4c-6.4 0-12.8 6.4-12.8 12.8v230.4c0 6.4 6.4 12.8 12.8 12.8zm-192 0h22.4c6.4 0 12.8-6.4 12.8-12.8V140.8c0-6.4-6.4-12.8-12.8-12.8h-22.4c-6.4 0-12.8 6.4-12.8 12.8v198.4c0 6.4 6.4 12.8 12.8 12.8zm96 0h22.4c6.4 0 12.8-6.4 12.8-12.8V204.8c0-6.4-6.4-12.8-12.8-12.8h-22.4c-6.4 0-12.8 6.4-12.8 12.8v134.4c0 6.4 6.4 12.8 12.8 12.8zM496 400H48V80c0-8.84-7.16-16-16-16H16C7.16 64 0 71.16 0 80v336c0 17.67 14.33 32 32 32h464c8.84 0 16-7.16 16-16v-16c0-8.84-7.16-16-16-16zm-387.2-48h22.4c6.4 0 12.8-6.4 12.8-12.8v-70.4c0-6.4-6.4-12.8-12.8-12.8h-22.4c-6.4 0-12.8 6.4-12.8 12.8v70.4c0 6.4 6.4 12.8 12.8 12.8z\" class=\"\"><\/path><\/svg><\/i> Vistas Totales&nbsp;1,516&nbsp;, Vistas Hoy&nbsp;2&nbsp;<\/p>\n<div class=\"pvc_clear\"><\/div>\n","protected":false},"excerpt":{"rendered":"<p>Autor: Miguel Collado Di Franco Fecha: 24 de abril de 2025 Un clima de negocios para generar m\u00e1s producci\u00f3n y exportaciones Medidas como porcentaje del producto interno bruto (PIB), las exportaciones de bienes de Rep\u00fablica Dominicana son las menores entre los pa\u00edses que conforman el DR-CAFTA. En el gr\u00e1fico es posible apreciar que entre los&#8230;<\/p>\n<div class=\"pvc_clear\"><\/div>\n<p class=\"pvc_stats all \" data-element-id=\"28016\" style=\"\"><i class=\"pvc-stats-icon medium\" aria-hidden=\"true\"><svg aria-hidden=\"true\" focusable=\"false\" data-prefix=\"far\" data-icon=\"chart-bar\" role=\"img\" xmlns=\"http:\/\/www.w3.org\/2000\/svg\" viewBox=\"0 0 512 512\" class=\"svg-inline--fa fa-chart-bar fa-w-16 fa-2x\"><path fill=\"currentColor\" d=\"M396.8 352h22.4c6.4 0 12.8-6.4 12.8-12.8V108.8c0-6.4-6.4-12.8-12.8-12.8h-22.4c-6.4 0-12.8 6.4-12.8 12.8v230.4c0 6.4 6.4 12.8 12.8 12.8zm-192 0h22.4c6.4 0 12.8-6.4 12.8-12.8V140.8c0-6.4-6.4-12.8-12.8-12.8h-22.4c-6.4 0-12.8 6.4-12.8 12.8v198.4c0 6.4 6.4 12.8 12.8 12.8zm96 0h22.4c6.4 0 12.8-6.4 12.8-12.8V204.8c0-6.4-6.4-12.8-12.8-12.8h-22.4c-6.4 0-12.8 6.4-12.8 12.8v134.4c0 6.4 6.4 12.8 12.8 12.8zM496 400H48V80c0-8.84-7.16-16-16-16H16C7.16 64 0 71.16 0 80v336c0 17.67 14.33 32 32 32h464c8.84 0 16-7.16 16-16v-16c0-8.84-7.16-16-16-16zm-387.2-48h22.4c6.4 0 12.8-6.4 12.8-12.8v-70.4c0-6.4-6.4-12.8-12.8-12.8h-22.4c-6.4 0-12.8 6.4-12.8 12.8v70.4c0 6.4 6.4 12.8 12.8 12.8z\" class=\"\"><\/path><\/svg><\/i> Vistas Totales&nbsp;1,516&nbsp;, Vistas Hoy&nbsp;2&nbsp;<\/p>\n<div class=\"pvc_clear\"><\/div>\n","protected":false},"author":2,"featured_media":28026,"comment_status":"closed","ping_status":"closed","sticky":false,"template":"","format":"standard","meta":{"footnotes":""},"categories":[22],"tags":[],"class_list":["post-28016","post","type-post","status-publish","format-standard","has-post-thumbnail","hentry","category-articulos"],"yoast_head":"<!-- This site is optimized with the Yoast SEO plugin v25.2 - https:\/\/yoast.com\/wordpress\/plugins\/seo\/ -->\n<title>Un clima de negocios para generar m\u00e1s producci\u00f3n y exportaciones | CREES<\/title>\n<meta name=\"robots\" content=\"index, follow, max-snippet:-1, max-image-preview:large, max-video-preview:-1\" \/>\n<link rel=\"canonical\" href=\"https:\/\/crees.org.do\/?p=28016\" \/>\n<meta property=\"og:locale\" content=\"es_ES\" \/>\n<meta property=\"og:type\" content=\"article\" \/>\n<meta property=\"og:title\" content=\"Un clima de negocios para generar m\u00e1s producci\u00f3n y exportaciones | CREES\" \/>\n<meta property=\"og:description\" content=\"Autor: Miguel Collado Di Franco Fecha: 24 de abril de 2025 Un clima de negocios para generar m\u00e1s producci\u00f3n y exportaciones Medidas como porcentaje del producto interno bruto (PIB), las exportaciones de bienes de Rep\u00fablica Dominicana son las menores entre los pa\u00edses que conforman el DR-CAFTA. En el gr\u00e1fico es posible apreciar que entre los...\" \/>\n<meta property=\"og:url\" content=\"https:\/\/crees.org.do\/?p=28016\" \/>\n<meta property=\"og:site_name\" content=\"CREES\" \/>\n<meta property=\"article:publisher\" content=\"https:\/\/www.facebook.com\/CREESRD\/\" \/>\n<meta property=\"article:published_time\" content=\"2025-04-25T14:28:26+00:00\" \/>\n<meta property=\"article:modified_time\" content=\"2025-04-25T15:05:43+00:00\" \/>\n<meta property=\"og:image\" content=\"https:\/\/crees.org.do\/wp-content\/uploads\/2025\/04\/Copy-of-Copy-of-Exportaciones-de-nacionales-6.png\" \/>\n\t<meta property=\"og:image:width\" content=\"1200\" \/>\n\t<meta property=\"og:image:height\" content=\"1200\" \/>\n\t<meta property=\"og:image:type\" content=\"image\/png\" \/>\n<meta name=\"author\" content=\"Crees\" \/>\n<meta name=\"twitter:card\" content=\"summary_large_image\" \/>\n<meta name=\"twitter:creator\" content=\"@CREESRD\" \/>\n<meta name=\"twitter:site\" content=\"@CREESRD\" \/>\n<meta name=\"twitter:label1\" content=\"Escrito por\" \/>\n\t<meta name=\"twitter:data1\" content=\"Crees\" \/>\n\t<meta name=\"twitter:label2\" content=\"Tiempo de lectura\" \/>\n\t<meta name=\"twitter:data2\" content=\"3 minutos\" \/>\n<script type=\"application\/ld+json\" class=\"yoast-schema-graph\">{\"@context\":\"https:\/\/schema.org\",\"@graph\":[{\"@type\":\"Article\",\"@id\":\"https:\/\/crees.org.do\/?p=28016#article\",\"isPartOf\":{\"@id\":\"https:\/\/crees.org.do\/?p=28016\"},\"author\":{\"name\":\"Crees\",\"@id\":\"https:\/\/crees.org.do\/#\/schema\/person\/e7f97cd94d7bf9cd0e0ce30acb7d56b8\"},\"headline\":\"Un clima de negocios para generar m\u00e1s producci\u00f3n y exportaciones\",\"datePublished\":\"2025-04-25T14:28:26+00:00\",\"dateModified\":\"2025-04-25T15:05:43+00:00\",\"mainEntityOfPage\":{\"@id\":\"https:\/\/crees.org.do\/?p=28016\"},\"wordCount\":539,\"publisher\":{\"@id\":\"https:\/\/crees.org.do\/#organization\"},\"image\":{\"@id\":\"https:\/\/crees.org.do\/?p=28016#primaryimage\"},\"thumbnailUrl\":\"https:\/\/crees.org.do\/wp-content\/uploads\/2025\/04\/Copy-of-Copy-of-Exportaciones-de-nacionales-6.png\",\"articleSection\":[\"Art\u00edculos\"],\"inLanguage\":\"es\"},{\"@type\":\"WebPage\",\"@id\":\"https:\/\/crees.org.do\/?p=28016\",\"url\":\"https:\/\/crees.org.do\/?p=28016\",\"name\":\"Un clima de negocios para generar m\u00e1s producci\u00f3n y exportaciones | CREES\",\"isPartOf\":{\"@id\":\"https:\/\/crees.org.do\/#website\"},\"primaryImageOfPage\":{\"@id\":\"https:\/\/crees.org.do\/?p=28016#primaryimage\"},\"image\":{\"@id\":\"https:\/\/crees.org.do\/?p=28016#primaryimage\"},\"thumbnailUrl\":\"https:\/\/crees.org.do\/wp-content\/uploads\/2025\/04\/Copy-of-Copy-of-Exportaciones-de-nacionales-6.png\",\"datePublished\":\"2025-04-25T14:28:26+00:00\",\"dateModified\":\"2025-04-25T15:05:43+00:00\",\"breadcrumb\":{\"@id\":\"https:\/\/crees.org.do\/?p=28016#breadcrumb\"},\"inLanguage\":\"es\",\"potentialAction\":[{\"@type\":\"ReadAction\",\"target\":[\"https:\/\/crees.org.do\/?p=28016\"]}]},{\"@type\":\"ImageObject\",\"inLanguage\":\"es\",\"@id\":\"https:\/\/crees.org.do\/?p=28016#primaryimage\",\"url\":\"https:\/\/crees.org.do\/wp-content\/uploads\/2025\/04\/Copy-of-Copy-of-Exportaciones-de-nacionales-6.png\",\"contentUrl\":\"https:\/\/crees.org.do\/wp-content\/uploads\/2025\/04\/Copy-of-Copy-of-Exportaciones-de-nacionales-6.png\",\"width\":1200,\"height\":1200},{\"@type\":\"BreadcrumbList\",\"@id\":\"https:\/\/crees.org.do\/?p=28016#breadcrumb\",\"itemListElement\":[{\"@type\":\"ListItem\",\"position\":1,\"name\":\"Portada\",\"item\":\"https:\/\/crees.org.do\/\"},{\"@type\":\"ListItem\",\"position\":2,\"name\":\"Un clima de negocios para generar m\u00e1s producci\u00f3n y exportaciones\"}]},{\"@type\":\"WebSite\",\"@id\":\"https:\/\/crees.org.do\/#website\",\"url\":\"https:\/\/crees.org.do\/\",\"name\":\"CREES\",\"description\":\"Centro Regional de Estrategias Econ\u00f3micas Sostenibles\",\"publisher\":{\"@id\":\"https:\/\/crees.org.do\/#organization\"},\"potentialAction\":[{\"@type\":\"SearchAction\",\"target\":{\"@type\":\"EntryPoint\",\"urlTemplate\":\"https:\/\/crees.org.do\/?s={search_term_string}\"},\"query-input\":{\"@type\":\"PropertyValueSpecification\",\"valueRequired\":true,\"valueName\":\"search_term_string\"}}],\"inLanguage\":\"es\"},{\"@type\":\"Organization\",\"@id\":\"https:\/\/crees.org.do\/#organization\",\"name\":\"CREES | Centro Regional de Estrategias Econ\u00f3micas Sostenibles\",\"url\":\"https:\/\/crees.org.do\/\",\"logo\":{\"@type\":\"ImageObject\",\"inLanguage\":\"es\",\"@id\":\"https:\/\/crees.org.do\/#\/schema\/logo\/image\/\",\"url\":\"https:\/\/crees.org.do\/wp-content\/uploads\/2022\/03\/crees-logo-1.jpg\",\"contentUrl\":\"https:\/\/crees.org.do\/wp-content\/uploads\/2022\/03\/crees-logo-1.jpg\",\"width\":244,\"height\":71,\"caption\":\"CREES | Centro Regional de Estrategias Econ\u00f3micas Sostenibles\"},\"image\":{\"@id\":\"https:\/\/crees.org.do\/#\/schema\/logo\/image\/\"},\"sameAs\":[\"https:\/\/www.facebook.com\/CREESRD\/\",\"https:\/\/x.com\/CREESRD\"]},{\"@type\":\"Person\",\"@id\":\"https:\/\/crees.org.do\/#\/schema\/person\/e7f97cd94d7bf9cd0e0ce30acb7d56b8\",\"name\":\"Crees\",\"image\":{\"@type\":\"ImageObject\",\"inLanguage\":\"es\",\"@id\":\"https:\/\/crees.org.do\/#\/schema\/person\/image\/\",\"url\":\"https:\/\/secure.gravatar.com\/avatar\/390ac8f0be5d9aa046152553e2dd7011b59a512d89c150f5e5f28bb8d9a0b165?s=96&d=mm&r=g\",\"contentUrl\":\"https:\/\/secure.gravatar.com\/avatar\/390ac8f0be5d9aa046152553e2dd7011b59a512d89c150f5e5f28bb8d9a0b165?s=96&d=mm&r=g\",\"caption\":\"Crees\"},\"url\":\"https:\/\/crees.org.do\/?author=2\"}]}<\/script>\n<!-- \/ Yoast SEO plugin. -->","yoast_head_json":{"title":"Un clima de negocios para generar m\u00e1s producci\u00f3n y exportaciones | CREES","robots":{"index":"index","follow":"follow","max-snippet":"max-snippet:-1","max-image-preview":"max-image-preview:large","max-video-preview":"max-video-preview:-1"},"canonical":"https:\/\/crees.org.do\/?p=28016","og_locale":"es_ES","og_type":"article","og_title":"Un clima de negocios para generar m\u00e1s producci\u00f3n y exportaciones | CREES","og_description":"Autor: Miguel Collado Di Franco Fecha: 24 de abril de 2025 Un clima de negocios para generar m\u00e1s producci\u00f3n y exportaciones Medidas como porcentaje del producto interno bruto (PIB), las exportaciones de bienes de Rep\u00fablica Dominicana son las menores entre los pa\u00edses que conforman el DR-CAFTA. En el gr\u00e1fico es posible apreciar que entre los...","og_url":"https:\/\/crees.org.do\/?p=28016","og_site_name":"CREES","article_publisher":"https:\/\/www.facebook.com\/CREESRD\/","article_published_time":"2025-04-25T14:28:26+00:00","article_modified_time":"2025-04-25T15:05:43+00:00","og_image":[{"width":1200,"height":1200,"url":"https:\/\/crees.org.do\/wp-content\/uploads\/2025\/04\/Copy-of-Copy-of-Exportaciones-de-nacionales-6.png","type":"image\/png"}],"author":"Crees","twitter_card":"summary_large_image","twitter_creator":"@CREESRD","twitter_site":"@CREESRD","twitter_misc":{"Escrito por":"Crees","Tiempo de lectura":"3 minutos"},"schema":{"@context":"https:\/\/schema.org","@graph":[{"@type":"Article","@id":"https:\/\/crees.org.do\/?p=28016#article","isPartOf":{"@id":"https:\/\/crees.org.do\/?p=28016"},"author":{"name":"Crees","@id":"https:\/\/crees.org.do\/#\/schema\/person\/e7f97cd94d7bf9cd0e0ce30acb7d56b8"},"headline":"Un clima de negocios para generar m\u00e1s producci\u00f3n y exportaciones","datePublished":"2025-04-25T14:28:26+00:00","dateModified":"2025-04-25T15:05:43+00:00","mainEntityOfPage":{"@id":"https:\/\/crees.org.do\/?p=28016"},"wordCount":539,"publisher":{"@id":"https:\/\/crees.org.do\/#organization"},"image":{"@id":"https:\/\/crees.org.do\/?p=28016#primaryimage"},"thumbnailUrl":"https:\/\/crees.org.do\/wp-content\/uploads\/2025\/04\/Copy-of-Copy-of-Exportaciones-de-nacionales-6.png","articleSection":["Art\u00edculos"],"inLanguage":"es"},{"@type":"WebPage","@id":"https:\/\/crees.org.do\/?p=28016","url":"https:\/\/crees.org.do\/?p=28016","name":"Un clima de negocios para generar m\u00e1s producci\u00f3n y exportaciones | CREES","isPartOf":{"@id":"https:\/\/crees.org.do\/#website"},"primaryImageOfPage":{"@id":"https:\/\/crees.org.do\/?p=28016#primaryimage"},"image":{"@id":"https:\/\/crees.org.do\/?p=28016#primaryimage"},"thumbnailUrl":"https:\/\/crees.org.do\/wp-content\/uploads\/2025\/04\/Copy-of-Copy-of-Exportaciones-de-nacionales-6.png","datePublished":"2025-04-25T14:28:26+00:00","dateModified":"2025-04-25T15:05:43+00:00","breadcrumb":{"@id":"https:\/\/crees.org.do\/?p=28016#breadcrumb"},"inLanguage":"es","potentialAction":[{"@type":"ReadAction","target":["https:\/\/crees.org.do\/?p=28016"]}]},{"@type":"ImageObject","inLanguage":"es","@id":"https:\/\/crees.org.do\/?p=28016#primaryimage","url":"https:\/\/crees.org.do\/wp-content\/uploads\/2025\/04\/Copy-of-Copy-of-Exportaciones-de-nacionales-6.png","contentUrl":"https:\/\/crees.org.do\/wp-content\/uploads\/2025\/04\/Copy-of-Copy-of-Exportaciones-de-nacionales-6.png","width":1200,"height":1200},{"@type":"BreadcrumbList","@id":"https:\/\/crees.org.do\/?p=28016#breadcrumb","itemListElement":[{"@type":"ListItem","position":1,"name":"Portada","item":"https:\/\/crees.org.do\/"},{"@type":"ListItem","position":2,"name":"Un clima de negocios para generar m\u00e1s producci\u00f3n y exportaciones"}]},{"@type":"WebSite","@id":"https:\/\/crees.org.do\/#website","url":"https:\/\/crees.org.do\/","name":"CREES","description":"Centro Regional de Estrategias Econ\u00f3micas Sostenibles","publisher":{"@id":"https:\/\/crees.org.do\/#organization"},"potentialAction":[{"@type":"SearchAction","target":{"@type":"EntryPoint","urlTemplate":"https:\/\/crees.org.do\/?s={search_term_string}"},"query-input":{"@type":"PropertyValueSpecification","valueRequired":true,"valueName":"search_term_string"}}],"inLanguage":"es"},{"@type":"Organization","@id":"https:\/\/crees.org.do\/#organization","name":"CREES | Centro Regional de Estrategias Econ\u00f3micas Sostenibles","url":"https:\/\/crees.org.do\/","logo":{"@type":"ImageObject","inLanguage":"es","@id":"https:\/\/crees.org.do\/#\/schema\/logo\/image\/","url":"https:\/\/crees.org.do\/wp-content\/uploads\/2022\/03\/crees-logo-1.jpg","contentUrl":"https:\/\/crees.org.do\/wp-content\/uploads\/2022\/03\/crees-logo-1.jpg","width":244,"height":71,"caption":"CREES | Centro Regional de Estrategias Econ\u00f3micas Sostenibles"},"image":{"@id":"https:\/\/crees.org.do\/#\/schema\/logo\/image\/"},"sameAs":["https:\/\/www.facebook.com\/CREESRD\/","https:\/\/x.com\/CREESRD"]},{"@type":"Person","@id":"https:\/\/crees.org.do\/#\/schema\/person\/e7f97cd94d7bf9cd0e0ce30acb7d56b8","name":"Crees","image":{"@type":"ImageObject","inLanguage":"es","@id":"https:\/\/crees.org.do\/#\/schema\/person\/image\/","url":"https:\/\/secure.gravatar.com\/avatar\/390ac8f0be5d9aa046152553e2dd7011b59a512d89c150f5e5f28bb8d9a0b165?s=96&d=mm&r=g","contentUrl":"https:\/\/secure.gravatar.com\/avatar\/390ac8f0be5d9aa046152553e2dd7011b59a512d89c150f5e5f28bb8d9a0b165?s=96&d=mm&r=g","caption":"Crees"},"url":"https:\/\/crees.org.do\/?author=2"}]}},"_links":{"self":[{"href":"https:\/\/crees.org.do\/index.php?rest_route=\/wp\/v2\/posts\/28016","targetHints":{"allow":["GET"]}}],"collection":[{"href":"https:\/\/crees.org.do\/index.php?rest_route=\/wp\/v2\/posts"}],"about":[{"href":"https:\/\/crees.org.do\/index.php?rest_route=\/wp\/v2\/types\/post"}],"author":[{"embeddable":true,"href":"https:\/\/crees.org.do\/index.php?rest_route=\/wp\/v2\/users\/2"}],"replies":[{"embeddable":true,"href":"https:\/\/crees.org.do\/index.php?rest_route=%2Fwp%2Fv2%2Fcomments&post=28016"}],"version-history":[{"count":4,"href":"https:\/\/crees.org.do\/index.php?rest_route=\/wp\/v2\/posts\/28016\/revisions"}],"predecessor-version":[{"id":28027,"href":"https:\/\/crees.org.do\/index.php?rest_route=\/wp\/v2\/posts\/28016\/revisions\/28027"}],"wp:featuredmedia":[{"embeddable":true,"href":"https:\/\/crees.org.do\/index.php?rest_route=\/wp\/v2\/media\/28026"}],"wp:attachment":[{"href":"https:\/\/crees.org.do\/index.php?rest_route=%2Fwp%2Fv2%2Fmedia&parent=28016"}],"wp:term":[{"taxonomy":"category","embeddable":true,"href":"https:\/\/crees.org.do\/index.php?rest_route=%2Fwp%2Fv2%2Fcategories&post=28016"},{"taxonomy":"post_tag","embeddable":true,"href":"https:\/\/crees.org.do\/index.php?rest_route=%2Fwp%2Fv2%2Ftags&post=28016"}],"curies":[{"name":"wp","href":"https:\/\/api.w.org\/{rel}","templated":true}]}}