{"id":28046,"date":"2025-05-01T18:53:01","date_gmt":"2025-05-01T18:53:01","guid":{"rendered":"https:\/\/crees.org.do\/?p=28046"},"modified":"2025-05-01T18:53:01","modified_gmt":"2025-05-01T18:53:01","slug":"rd-ocupa-el-segundo-lugar-de-los-paises-del-dr-cafta-con-mayor-exportacion-a-los-estados-unidos","status":"publish","type":"post","link":"https:\/\/crees.org.do\/?p=28046","title":{"rendered":"RD ocupa el segundo lugar de los pa\u00edses del DR-CAFTA con mayor exportaci\u00f3n a los Estados Unidos"},"content":{"rendered":"<p style=\"text-align: justify;\">Autor: Acento<\/p>\n<p style=\"text-align: justify;\">Fecha: 25 de abril de 2025<\/p>\n<p style=\"text-align: justify;\">Extra\u00eddo de:\u00a0<a href=\"https:\/\/acento.com.do\/economia\/rd-ocupa-el-segundo-lugar-de-los-paises-del-dr-cafta-con-mayor-exportacion-a-los-estados-unidos-9489188.html\">Acento<\/a><\/p>\n<h2 style=\"text-align: justify;\">RD ocupa el segundo lugar de los pa\u00edses del DR-CAFTA con mayor exportaci\u00f3n a los Estados Unidos<\/h2>\n<p style=\"text-align: justify;\"><strong>Rep\u00fablica Dominicana<\/strong>\u00a0es el segundo pa\u00eds con mayor\u00a0<strong>exportaci\u00f3n<\/strong>\u00a0a los\u00a0<strong>Estados Unidos<\/strong>\u00a0de los pa\u00edses miembros del\u00a0<strong>DR-CAFTA,<\/strong>\u00a0superado por\u00a0<strong>Costa Rica<\/strong>\u00a0que lidera la lista.<\/p>\n<p style=\"text-align: justify;\">Seg\u00fan la Comisi\u00f3n de Comercio Internacional de los Estados Unidos\u00a0<strong>(USITC),<\/strong>\u00a0con un 31.8 % del total, y un aumento de 2 puntos porcentuales con respecto a 2023,\u00a0<strong>Costa Rica<\/strong>\u00a0mantuvo su posici\u00f3n de liderazgo, consolid\u00e1ndose nuevamente como el mayor exportador hacia Estados Unidos entre los pa\u00edses de este grupo en el 2024.<\/p>\n<p style=\"text-align: justify;\">En el an\u00e1lisis publicado por el Centro Regional de Estrategias Econ\u00f3micas Sostenibles\u00a0<strong>(CREES),<\/strong>\u00a0indica que\u00a0<strong>Costa Rica<\/strong>\u00a0ha mantenido un crecimiento excepcional en sus exportaciones a Estados Unidos, con un crecimiento de 126% desde 2019, alcanzando un total de US$ 11,634.91 millones en exportaciones hacia este destino en 2024.<\/p>\n<p style=\"text-align: justify;\">En cuanto a\u00a0<strong>Rep\u00fablica Dominicana<\/strong>, el pa\u00eds est\u00e1 en segundo lugar con un 20.5 % de las exportaciones, lo que representa un crecimiento de 0.4 puntos porcentuales respecto al 2023. El pa\u00eds ha logrado sostener esta posici\u00f3n durante ocho a\u00f1os consecutivos. Seg\u00fan la USITC, en 2024 export\u00f3 US$ 7,505.43 millones a Estados Unidos, un 6.3 % m\u00e1s que en 2023.<\/p>\n<p style=\"text-align: justify;\">Asimismo, sostiene que\u00a0<strong>Honduras<\/strong>\u00a0se posicion\u00f3 en tercer lugar con un 15.1%, aunque experiment\u00f3 una ligera ca\u00edda de 0.7 puntos porcentuales en comparaci\u00f3n con el a\u00f1o anterior. Seguido por\u00a0<strong>Guatemala<\/strong>\u00a0y\u00a0<strong>Nicaragua<\/strong>\u00a0que tambi\u00e9n mostraron participaciones importantes, con un 13.7% y 12.6% respectivamente.<\/p>\n<p style=\"text-align: justify;\">Por otro lado,\u00a0<strong>El Salvador<\/strong>\u00a0represent\u00f3 apenas un 6.3%, una ca\u00edda de 0.7 puntos porcentuales respecto a 2023, y solo export\u00f3 US$ 2,311.21 millones a Estados Unidos en todo el 2024.<\/p>\n<p style=\"text-align: justify;\">Este bajo desempe\u00f1o lo mantiene nuevamente en la \u00faltima posici\u00f3n dentro del DR-CAFTA.\u00a0 Explica, que aunque en los \u00faltimos a\u00f1os, el pa\u00eds ha mantenido esta posici\u00f3n, la proporci\u00f3n dentro del DR-CAFTA por parte de El Salvador ha mantenido una tendencia decreciente en los \u00faltimos a\u00f1os, pasando de un m\u00e1ximo de 10.7% en 2016 al 6.3% que sostuvo en el a\u00f1o 2024 lo que refleja una ca\u00edda de 4.4 puntos porcentuales en los \u00faltimos ocho a\u00f1os.<\/p>\n<p><img fetchpriority=\"high\" decoding=\"async\" class=\"aligncenter wp-image-27997\" src=\"https:\/\/crees.org.do\/wp-content\/uploads\/2025\/04\/Exportaciones-DR-CAFTA-a-Estados-Unidos-1.png\" alt=\"\" width=\"896\" height=\"896\" srcset=\"https:\/\/crees.org.do\/wp-content\/uploads\/2025\/04\/Exportaciones-DR-CAFTA-a-Estados-Unidos-1.png 1200w, https:\/\/crees.org.do\/wp-content\/uploads\/2025\/04\/Exportaciones-DR-CAFTA-a-Estados-Unidos-1-450x450.png 450w, https:\/\/crees.org.do\/wp-content\/uploads\/2025\/04\/Exportaciones-DR-CAFTA-a-Estados-Unidos-1-2000x2000.png 2000w, https:\/\/crees.org.do\/wp-content\/uploads\/2025\/04\/Exportaciones-DR-CAFTA-a-Estados-Unidos-1-150x150.png 150w, https:\/\/crees.org.do\/wp-content\/uploads\/2025\/04\/Exportaciones-DR-CAFTA-a-Estados-Unidos-1-768x768.png 768w, https:\/\/crees.org.do\/wp-content\/uploads\/2025\/04\/Exportaciones-DR-CAFTA-a-Estados-Unidos-1-1536x1536.png 1536w, https:\/\/crees.org.do\/wp-content\/uploads\/2025\/04\/Exportaciones-DR-CAFTA-a-Estados-Unidos-1-2048x2048.png 2048w\" sizes=\"(max-width: 896px) 100vw, 896px\" \/><\/p>\n<div class=\"pvc_clear\"><\/div>\n<p class=\"pvc_stats all \" data-element-id=\"28046\" style=\"\"><i class=\"pvc-stats-icon medium\" aria-hidden=\"true\"><svg aria-hidden=\"true\" focusable=\"false\" data-prefix=\"far\" data-icon=\"chart-bar\" role=\"img\" xmlns=\"http:\/\/www.w3.org\/2000\/svg\" viewBox=\"0 0 512 512\" class=\"svg-inline--fa fa-chart-bar fa-w-16 fa-2x\"><path fill=\"currentColor\" d=\"M396.8 352h22.4c6.4 0 12.8-6.4 12.8-12.8V108.8c0-6.4-6.4-12.8-12.8-12.8h-22.4c-6.4 0-12.8 6.4-12.8 12.8v230.4c0 6.4 6.4 12.8 12.8 12.8zm-192 0h22.4c6.4 0 12.8-6.4 12.8-12.8V140.8c0-6.4-6.4-12.8-12.8-12.8h-22.4c-6.4 0-12.8 6.4-12.8 12.8v198.4c0 6.4 6.4 12.8 12.8 12.8zm96 0h22.4c6.4 0 12.8-6.4 12.8-12.8V204.8c0-6.4-6.4-12.8-12.8-12.8h-22.4c-6.4 0-12.8 6.4-12.8 12.8v134.4c0 6.4 6.4 12.8 12.8 12.8zM496 400H48V80c0-8.84-7.16-16-16-16H16C7.16 64 0 71.16 0 80v336c0 17.67 14.33 32 32 32h464c8.84 0 16-7.16 16-16v-16c0-8.84-7.16-16-16-16zm-387.2-48h22.4c6.4 0 12.8-6.4 12.8-12.8v-70.4c0-6.4-6.4-12.8-12.8-12.8h-22.4c-6.4 0-12.8 6.4-12.8 12.8v70.4c0 6.4 6.4 12.8 12.8 12.8z\" class=\"\"><\/path><\/svg><\/i> Vistas Totales&nbsp;1,247&nbsp;, Vistas Hoy&nbsp;4&nbsp;<\/p>\n<div class=\"pvc_clear\"><\/div>\n","protected":false},"excerpt":{"rendered":"<p>Autor: Acento Fecha: 25 de abril de 2025 Extra\u00eddo de:\u00a0Acento RD ocupa el segundo lugar de los pa\u00edses del DR-CAFTA con mayor exportaci\u00f3n a los Estados Unidos Rep\u00fablica Dominicana\u00a0es el segundo pa\u00eds con mayor\u00a0exportaci\u00f3n\u00a0a los\u00a0Estados Unidos\u00a0de los pa\u00edses miembros del\u00a0DR-CAFTA,\u00a0superado por\u00a0Costa Rica\u00a0que lidera la lista. Seg\u00fan la Comisi\u00f3n de Comercio Internacional de los Estados Unidos\u00a0(USITC),\u00a0con&#8230;<\/p>\n<div class=\"pvc_clear\"><\/div>\n<p class=\"pvc_stats all \" data-element-id=\"28046\" style=\"\"><i class=\"pvc-stats-icon medium\" aria-hidden=\"true\"><svg aria-hidden=\"true\" focusable=\"false\" data-prefix=\"far\" data-icon=\"chart-bar\" role=\"img\" xmlns=\"http:\/\/www.w3.org\/2000\/svg\" viewBox=\"0 0 512 512\" class=\"svg-inline--fa fa-chart-bar fa-w-16 fa-2x\"><path fill=\"currentColor\" d=\"M396.8 352h22.4c6.4 0 12.8-6.4 12.8-12.8V108.8c0-6.4-6.4-12.8-12.8-12.8h-22.4c-6.4 0-12.8 6.4-12.8 12.8v230.4c0 6.4 6.4 12.8 12.8 12.8zm-192 0h22.4c6.4 0 12.8-6.4 12.8-12.8V140.8c0-6.4-6.4-12.8-12.8-12.8h-22.4c-6.4 0-12.8 6.4-12.8 12.8v198.4c0 6.4 6.4 12.8 12.8 12.8zm96 0h22.4c6.4 0 12.8-6.4 12.8-12.8V204.8c0-6.4-6.4-12.8-12.8-12.8h-22.4c-6.4 0-12.8 6.4-12.8 12.8v134.4c0 6.4 6.4 12.8 12.8 12.8zM496 400H48V80c0-8.84-7.16-16-16-16H16C7.16 64 0 71.16 0 80v336c0 17.67 14.33 32 32 32h464c8.84 0 16-7.16 16-16v-16c0-8.84-7.16-16-16-16zm-387.2-48h22.4c6.4 0 12.8-6.4 12.8-12.8v-70.4c0-6.4-6.4-12.8-12.8-12.8h-22.4c-6.4 0-12.8 6.4-12.8 12.8v70.4c0 6.4 6.4 12.8 12.8 12.8z\" class=\"\"><\/path><\/svg><\/i> Vistas Totales&nbsp;1,247&nbsp;, Vistas Hoy&nbsp;4&nbsp;<\/p>\n<div class=\"pvc_clear\"><\/div>\n","protected":false},"author":2,"featured_media":28047,"comment_status":"closed","ping_status":"closed","sticky":false,"template":"","format":"standard","meta":{"footnotes":""},"categories":[19],"tags":[],"class_list":["post-28046","post","type-post","status-publish","format-standard","has-post-thumbnail","hentry","category-actualidad"],"yoast_head":"<!-- This site is optimized with the Yoast SEO plugin v25.2 - https:\/\/yoast.com\/wordpress\/plugins\/seo\/ -->\n<title>RD ocupa el segundo lugar de los pa\u00edses del DR-CAFTA con mayor exportaci\u00f3n a los Estados Unidos | CREES<\/title>\n<meta name=\"robots\" content=\"index, follow, max-snippet:-1, max-image-preview:large, max-video-preview:-1\" \/>\n<link rel=\"canonical\" href=\"https:\/\/crees.org.do\/?p=28046\" \/>\n<meta property=\"og:locale\" content=\"es_ES\" \/>\n<meta property=\"og:type\" content=\"article\" \/>\n<meta property=\"og:title\" content=\"RD ocupa el segundo lugar de los pa\u00edses del DR-CAFTA con mayor exportaci\u00f3n a los Estados Unidos | CREES\" \/>\n<meta property=\"og:description\" content=\"Autor: Acento Fecha: 25 de abril de 2025 Extra\u00eddo de:\u00a0Acento RD ocupa el segundo lugar de los pa\u00edses del DR-CAFTA con mayor exportaci\u00f3n a los Estados Unidos Rep\u00fablica Dominicana\u00a0es el segundo pa\u00eds con mayor\u00a0exportaci\u00f3n\u00a0a los\u00a0Estados Unidos\u00a0de los pa\u00edses miembros del\u00a0DR-CAFTA,\u00a0superado por\u00a0Costa Rica\u00a0que lidera la lista. Seg\u00fan la Comisi\u00f3n de Comercio Internacional de los Estados Unidos\u00a0(USITC),\u00a0con...\" \/>\n<meta property=\"og:url\" content=\"https:\/\/crees.org.do\/?p=28046\" \/>\n<meta property=\"og:site_name\" content=\"CREES\" \/>\n<meta property=\"article:publisher\" content=\"https:\/\/www.facebook.com\/CREESRD\/\" \/>\n<meta property=\"article:published_time\" content=\"2025-05-01T18:53:01+00:00\" \/>\n<meta property=\"og:image\" content=\"https:\/\/crees.org.do\/wp-content\/uploads\/2025\/05\/exportaciones-728x497-1.png\" \/>\n\t<meta property=\"og:image:width\" content=\"728\" \/>\n\t<meta property=\"og:image:height\" content=\"497\" \/>\n\t<meta property=\"og:image:type\" content=\"image\/png\" \/>\n<meta name=\"author\" content=\"Crees\" \/>\n<meta name=\"twitter:card\" content=\"summary_large_image\" \/>\n<meta name=\"twitter:creator\" content=\"@CREESRD\" \/>\n<meta name=\"twitter:site\" content=\"@CREESRD\" \/>\n<meta name=\"twitter:label1\" content=\"Escrito por\" \/>\n\t<meta name=\"twitter:data1\" content=\"Crees\" \/>\n\t<meta name=\"twitter:label2\" content=\"Tiempo de lectura\" \/>\n\t<meta name=\"twitter:data2\" content=\"2 minutos\" \/>\n<script type=\"application\/ld+json\" class=\"yoast-schema-graph\">{\"@context\":\"https:\/\/schema.org\",\"@graph\":[{\"@type\":\"Article\",\"@id\":\"https:\/\/crees.org.do\/?p=28046#article\",\"isPartOf\":{\"@id\":\"https:\/\/crees.org.do\/?p=28046\"},\"author\":{\"name\":\"Crees\",\"@id\":\"https:\/\/crees.org.do\/#\/schema\/person\/e7f97cd94d7bf9cd0e0ce30acb7d56b8\"},\"headline\":\"RD ocupa el segundo lugar de los pa\u00edses del DR-CAFTA con mayor exportaci\u00f3n a los Estados Unidos\",\"datePublished\":\"2025-05-01T18:53:01+00:00\",\"mainEntityOfPage\":{\"@id\":\"https:\/\/crees.org.do\/?p=28046\"},\"wordCount\":388,\"publisher\":{\"@id\":\"https:\/\/crees.org.do\/#organization\"},\"image\":{\"@id\":\"https:\/\/crees.org.do\/?p=28046#primaryimage\"},\"thumbnailUrl\":\"https:\/\/crees.org.do\/wp-content\/uploads\/2025\/05\/exportaciones-728x497-1.png\",\"articleSection\":[\"Actualidad\"],\"inLanguage\":\"es\"},{\"@type\":\"WebPage\",\"@id\":\"https:\/\/crees.org.do\/?p=28046\",\"url\":\"https:\/\/crees.org.do\/?p=28046\",\"name\":\"RD ocupa el segundo lugar de los pa\u00edses del DR-CAFTA con mayor exportaci\u00f3n a los Estados Unidos | CREES\",\"isPartOf\":{\"@id\":\"https:\/\/crees.org.do\/#website\"},\"primaryImageOfPage\":{\"@id\":\"https:\/\/crees.org.do\/?p=28046#primaryimage\"},\"image\":{\"@id\":\"https:\/\/crees.org.do\/?p=28046#primaryimage\"},\"thumbnailUrl\":\"https:\/\/crees.org.do\/wp-content\/uploads\/2025\/05\/exportaciones-728x497-1.png\",\"datePublished\":\"2025-05-01T18:53:01+00:00\",\"breadcrumb\":{\"@id\":\"https:\/\/crees.org.do\/?p=28046#breadcrumb\"},\"inLanguage\":\"es\",\"potentialAction\":[{\"@type\":\"ReadAction\",\"target\":[\"https:\/\/crees.org.do\/?p=28046\"]}]},{\"@type\":\"ImageObject\",\"inLanguage\":\"es\",\"@id\":\"https:\/\/crees.org.do\/?p=28046#primaryimage\",\"url\":\"https:\/\/crees.org.do\/wp-content\/uploads\/2025\/05\/exportaciones-728x497-1.png\",\"contentUrl\":\"https:\/\/crees.org.do\/wp-content\/uploads\/2025\/05\/exportaciones-728x497-1.png\",\"width\":728,\"height\":497},{\"@type\":\"BreadcrumbList\",\"@id\":\"https:\/\/crees.org.do\/?p=28046#breadcrumb\",\"itemListElement\":[{\"@type\":\"ListItem\",\"position\":1,\"name\":\"Portada\",\"item\":\"https:\/\/crees.org.do\/\"},{\"@type\":\"ListItem\",\"position\":2,\"name\":\"RD ocupa el segundo lugar de los pa\u00edses del DR-CAFTA con mayor exportaci\u00f3n a los Estados Unidos\"}]},{\"@type\":\"WebSite\",\"@id\":\"https:\/\/crees.org.do\/#website\",\"url\":\"https:\/\/crees.org.do\/\",\"name\":\"CREES\",\"description\":\"Centro Regional de Estrategias Econ\u00f3micas Sostenibles\",\"publisher\":{\"@id\":\"https:\/\/crees.org.do\/#organization\"},\"potentialAction\":[{\"@type\":\"SearchAction\",\"target\":{\"@type\":\"EntryPoint\",\"urlTemplate\":\"https:\/\/crees.org.do\/?s={search_term_string}\"},\"query-input\":{\"@type\":\"PropertyValueSpecification\",\"valueRequired\":true,\"valueName\":\"search_term_string\"}}],\"inLanguage\":\"es\"},{\"@type\":\"Organization\",\"@id\":\"https:\/\/crees.org.do\/#organization\",\"name\":\"CREES | Centro Regional de Estrategias Econ\u00f3micas Sostenibles\",\"url\":\"https:\/\/crees.org.do\/\",\"logo\":{\"@type\":\"ImageObject\",\"inLanguage\":\"es\",\"@id\":\"https:\/\/crees.org.do\/#\/schema\/logo\/image\/\",\"url\":\"https:\/\/crees.org.do\/wp-content\/uploads\/2022\/03\/crees-logo-1.jpg\",\"contentUrl\":\"https:\/\/crees.org.do\/wp-content\/uploads\/2022\/03\/crees-logo-1.jpg\",\"width\":244,\"height\":71,\"caption\":\"CREES | Centro Regional de Estrategias Econ\u00f3micas Sostenibles\"},\"image\":{\"@id\":\"https:\/\/crees.org.do\/#\/schema\/logo\/image\/\"},\"sameAs\":[\"https:\/\/www.facebook.com\/CREESRD\/\",\"https:\/\/x.com\/CREESRD\"]},{\"@type\":\"Person\",\"@id\":\"https:\/\/crees.org.do\/#\/schema\/person\/e7f97cd94d7bf9cd0e0ce30acb7d56b8\",\"name\":\"Crees\",\"image\":{\"@type\":\"ImageObject\",\"inLanguage\":\"es\",\"@id\":\"https:\/\/crees.org.do\/#\/schema\/person\/image\/\",\"url\":\"https:\/\/secure.gravatar.com\/avatar\/390ac8f0be5d9aa046152553e2dd7011b59a512d89c150f5e5f28bb8d9a0b165?s=96&d=mm&r=g\",\"contentUrl\":\"https:\/\/secure.gravatar.com\/avatar\/390ac8f0be5d9aa046152553e2dd7011b59a512d89c150f5e5f28bb8d9a0b165?s=96&d=mm&r=g\",\"caption\":\"Crees\"},\"url\":\"https:\/\/crees.org.do\/?author=2\"}]}<\/script>\n<!-- \/ Yoast SEO plugin. -->","yoast_head_json":{"title":"RD ocupa el segundo lugar de los pa\u00edses del DR-CAFTA con mayor exportaci\u00f3n a los Estados Unidos | CREES","robots":{"index":"index","follow":"follow","max-snippet":"max-snippet:-1","max-image-preview":"max-image-preview:large","max-video-preview":"max-video-preview:-1"},"canonical":"https:\/\/crees.org.do\/?p=28046","og_locale":"es_ES","og_type":"article","og_title":"RD ocupa el segundo lugar de los pa\u00edses del DR-CAFTA con mayor exportaci\u00f3n a los Estados Unidos | CREES","og_description":"Autor: Acento Fecha: 25 de abril de 2025 Extra\u00eddo de:\u00a0Acento RD ocupa el segundo lugar de los pa\u00edses del DR-CAFTA con mayor exportaci\u00f3n a los Estados Unidos Rep\u00fablica Dominicana\u00a0es el segundo pa\u00eds con mayor\u00a0exportaci\u00f3n\u00a0a los\u00a0Estados Unidos\u00a0de los pa\u00edses miembros del\u00a0DR-CAFTA,\u00a0superado por\u00a0Costa Rica\u00a0que lidera la lista. Seg\u00fan la Comisi\u00f3n de Comercio Internacional de los Estados Unidos\u00a0(USITC),\u00a0con...","og_url":"https:\/\/crees.org.do\/?p=28046","og_site_name":"CREES","article_publisher":"https:\/\/www.facebook.com\/CREESRD\/","article_published_time":"2025-05-01T18:53:01+00:00","og_image":[{"width":728,"height":497,"url":"https:\/\/crees.org.do\/wp-content\/uploads\/2025\/05\/exportaciones-728x497-1.png","type":"image\/png"}],"author":"Crees","twitter_card":"summary_large_image","twitter_creator":"@CREESRD","twitter_site":"@CREESRD","twitter_misc":{"Escrito por":"Crees","Tiempo de lectura":"2 minutos"},"schema":{"@context":"https:\/\/schema.org","@graph":[{"@type":"Article","@id":"https:\/\/crees.org.do\/?p=28046#article","isPartOf":{"@id":"https:\/\/crees.org.do\/?p=28046"},"author":{"name":"Crees","@id":"https:\/\/crees.org.do\/#\/schema\/person\/e7f97cd94d7bf9cd0e0ce30acb7d56b8"},"headline":"RD ocupa el segundo lugar de los pa\u00edses del DR-CAFTA con mayor exportaci\u00f3n a los Estados Unidos","datePublished":"2025-05-01T18:53:01+00:00","mainEntityOfPage":{"@id":"https:\/\/crees.org.do\/?p=28046"},"wordCount":388,"publisher":{"@id":"https:\/\/crees.org.do\/#organization"},"image":{"@id":"https:\/\/crees.org.do\/?p=28046#primaryimage"},"thumbnailUrl":"https:\/\/crees.org.do\/wp-content\/uploads\/2025\/05\/exportaciones-728x497-1.png","articleSection":["Actualidad"],"inLanguage":"es"},{"@type":"WebPage","@id":"https:\/\/crees.org.do\/?p=28046","url":"https:\/\/crees.org.do\/?p=28046","name":"RD ocupa el segundo lugar de los pa\u00edses del DR-CAFTA con mayor exportaci\u00f3n a los Estados Unidos | CREES","isPartOf":{"@id":"https:\/\/crees.org.do\/#website"},"primaryImageOfPage":{"@id":"https:\/\/crees.org.do\/?p=28046#primaryimage"},"image":{"@id":"https:\/\/crees.org.do\/?p=28046#primaryimage"},"thumbnailUrl":"https:\/\/crees.org.do\/wp-content\/uploads\/2025\/05\/exportaciones-728x497-1.png","datePublished":"2025-05-01T18:53:01+00:00","breadcrumb":{"@id":"https:\/\/crees.org.do\/?p=28046#breadcrumb"},"inLanguage":"es","potentialAction":[{"@type":"ReadAction","target":["https:\/\/crees.org.do\/?p=28046"]}]},{"@type":"ImageObject","inLanguage":"es","@id":"https:\/\/crees.org.do\/?p=28046#primaryimage","url":"https:\/\/crees.org.do\/wp-content\/uploads\/2025\/05\/exportaciones-728x497-1.png","contentUrl":"https:\/\/crees.org.do\/wp-content\/uploads\/2025\/05\/exportaciones-728x497-1.png","width":728,"height":497},{"@type":"BreadcrumbList","@id":"https:\/\/crees.org.do\/?p=28046#breadcrumb","itemListElement":[{"@type":"ListItem","position":1,"name":"Portada","item":"https:\/\/crees.org.do\/"},{"@type":"ListItem","position":2,"name":"RD ocupa el segundo lugar de los pa\u00edses del DR-CAFTA con mayor exportaci\u00f3n a los Estados Unidos"}]},{"@type":"WebSite","@id":"https:\/\/crees.org.do\/#website","url":"https:\/\/crees.org.do\/","name":"CREES","description":"Centro Regional de Estrategias Econ\u00f3micas Sostenibles","publisher":{"@id":"https:\/\/crees.org.do\/#organization"},"potentialAction":[{"@type":"SearchAction","target":{"@type":"EntryPoint","urlTemplate":"https:\/\/crees.org.do\/?s={search_term_string}"},"query-input":{"@type":"PropertyValueSpecification","valueRequired":true,"valueName":"search_term_string"}}],"inLanguage":"es"},{"@type":"Organization","@id":"https:\/\/crees.org.do\/#organization","name":"CREES | Centro Regional de Estrategias Econ\u00f3micas Sostenibles","url":"https:\/\/crees.org.do\/","logo":{"@type":"ImageObject","inLanguage":"es","@id":"https:\/\/crees.org.do\/#\/schema\/logo\/image\/","url":"https:\/\/crees.org.do\/wp-content\/uploads\/2022\/03\/crees-logo-1.jpg","contentUrl":"https:\/\/crees.org.do\/wp-content\/uploads\/2022\/03\/crees-logo-1.jpg","width":244,"height":71,"caption":"CREES | Centro Regional de Estrategias Econ\u00f3micas Sostenibles"},"image":{"@id":"https:\/\/crees.org.do\/#\/schema\/logo\/image\/"},"sameAs":["https:\/\/www.facebook.com\/CREESRD\/","https:\/\/x.com\/CREESRD"]},{"@type":"Person","@id":"https:\/\/crees.org.do\/#\/schema\/person\/e7f97cd94d7bf9cd0e0ce30acb7d56b8","name":"Crees","image":{"@type":"ImageObject","inLanguage":"es","@id":"https:\/\/crees.org.do\/#\/schema\/person\/image\/","url":"https:\/\/secure.gravatar.com\/avatar\/390ac8f0be5d9aa046152553e2dd7011b59a512d89c150f5e5f28bb8d9a0b165?s=96&d=mm&r=g","contentUrl":"https:\/\/secure.gravatar.com\/avatar\/390ac8f0be5d9aa046152553e2dd7011b59a512d89c150f5e5f28bb8d9a0b165?s=96&d=mm&r=g","caption":"Crees"},"url":"https:\/\/crees.org.do\/?author=2"}]}},"_links":{"self":[{"href":"https:\/\/crees.org.do\/index.php?rest_route=\/wp\/v2\/posts\/28046","targetHints":{"allow":["GET"]}}],"collection":[{"href":"https:\/\/crees.org.do\/index.php?rest_route=\/wp\/v2\/posts"}],"about":[{"href":"https:\/\/crees.org.do\/index.php?rest_route=\/wp\/v2\/types\/post"}],"author":[{"embeddable":true,"href":"https:\/\/crees.org.do\/index.php?rest_route=\/wp\/v2\/users\/2"}],"replies":[{"embeddable":true,"href":"https:\/\/crees.org.do\/index.php?rest_route=%2Fwp%2Fv2%2Fcomments&post=28046"}],"version-history":[{"count":1,"href":"https:\/\/crees.org.do\/index.php?rest_route=\/wp\/v2\/posts\/28046\/revisions"}],"predecessor-version":[{"id":28048,"href":"https:\/\/crees.org.do\/index.php?rest_route=\/wp\/v2\/posts\/28046\/revisions\/28048"}],"wp:featuredmedia":[{"embeddable":true,"href":"https:\/\/crees.org.do\/index.php?rest_route=\/wp\/v2\/media\/28047"}],"wp:attachment":[{"href":"https:\/\/crees.org.do\/index.php?rest_route=%2Fwp%2Fv2%2Fmedia&parent=28046"}],"wp:term":[{"taxonomy":"category","embeddable":true,"href":"https:\/\/crees.org.do\/index.php?rest_route=%2Fwp%2Fv2%2Fcategories&post=28046"},{"taxonomy":"post_tag","embeddable":true,"href":"https:\/\/crees.org.do\/index.php?rest_route=%2Fwp%2Fv2%2Ftags&post=28046"}],"curies":[{"name":"wp","href":"https:\/\/api.w.org\/{rel}","templated":true}]}}