{"id":28088,"date":"2025-05-09T13:34:11","date_gmt":"2025-05-09T13:34:11","guid":{"rendered":"https:\/\/crees.org.do\/?p=28088"},"modified":"2025-05-09T14:26:29","modified_gmt":"2025-05-09T14:26:29","slug":"el-alto-costo-de-las-ede-para-los-contribuyentes-dominicanos","status":"publish","type":"post","link":"https:\/\/crees.org.do\/?p=28088","title":{"rendered":"El alto costo de las EDE para los contribuyentes dominicanos"},"content":{"rendered":"<p style=\"text-align: justify;\">Autor: La Propuesta Digital<\/p>\n<p style=\"text-align: justify;\">Fecha: 2 de mayo de 2025<\/p>\n<p style=\"text-align: justify;\">Extra\u00eddo de: <a href=\"https:\/\/lapropuestadigital.com\/el-alto-costo-de-las-ede-para-los-contribuyentes-dominicanos\/\">La Propuesta Digital<\/a><\/p>\n<p><img fetchpriority=\"high\" decoding=\"async\" class=\"aligncenter wp-image-28057\" src=\"https:\/\/crees.org.do\/wp-content\/uploads\/2025\/05\/1-Slide-1-copy-2.png\" alt=\"\" width=\"896\" height=\"896\" srcset=\"https:\/\/crees.org.do\/wp-content\/uploads\/2025\/05\/1-Slide-1-copy-2.png 1200w, https:\/\/crees.org.do\/wp-content\/uploads\/2025\/05\/1-Slide-1-copy-2-450x450.png 450w, https:\/\/crees.org.do\/wp-content\/uploads\/2025\/05\/1-Slide-1-copy-2-2000x2000.png 2000w, https:\/\/crees.org.do\/wp-content\/uploads\/2025\/05\/1-Slide-1-copy-2-150x150.png 150w, https:\/\/crees.org.do\/wp-content\/uploads\/2025\/05\/1-Slide-1-copy-2-768x768.png 768w, https:\/\/crees.org.do\/wp-content\/uploads\/2025\/05\/1-Slide-1-copy-2-1536x1536.png 1536w, https:\/\/crees.org.do\/wp-content\/uploads\/2025\/05\/1-Slide-1-copy-2-2048x2048.png 2048w\" sizes=\"(max-width: 896px) 100vw, 896px\" \/><\/p>\n<h2 style=\"text-align: justify;\">El alto costo de las EDE para los contribuyentes dominicanos<\/h2>\n<p style=\"text-align: justify;\"><strong>Santo Domingo, 2 mayo. \u2013\u00a0<\/strong>Las Empresas Distribuidoras de Electricidad (EDE), de propiedad estatal, representaron en 2024 un gasto significativo para el pa\u00eds, equivalente al 1.4% del Producto Interno Bruto (PIB), lo que se traduce en US$1,769 millones pagados con recursos provenientes de los contribuyentes. As\u00ed lo revela un informe reciente del Centro Regional de Estrategias Econ\u00f3micas Sostenibles (CREES).<\/p>\n<p style=\"text-align: justify;\">Estas empresas contin\u00faan siendo financiadas por el erario debido a su ineficiencia operativa, incapaces de reducir p\u00e9rdidas t\u00e9cnicas y comerciales. En 2024, las EDE no lograron cobrar el 42.2% de la energ\u00eda que adquirieron: el 37.6% de esa energ\u00eda nunca se factur\u00f3, y un 4.6% fue facturado pero no cobrado, seg\u00fan indica CREES.<\/p>\n<p style=\"text-align: justify;\">El impacto de estas p\u00e9rdidas se dimensiona al compararlas con otras prioridades nacionales. En 2024, el gobierno destin\u00f3 el equivalente a US$1,144 millones \u20140.9% del PIB\u2014 a la justicia y la seguridad ciudadana. Esto significa que se gast\u00f3 1.6 veces m\u00e1s en cubrir las deficiencias de las EDE que en la protecci\u00f3n de la ciudadan\u00eda, de acuerdo con los datos recopilados por CREES.<\/p>\n<p style=\"text-align: justify;\">El peso fiscal de las EDE es innegable. En los \u00faltimos cinco a\u00f1os, las transferencias a estas empresas han representado casi la mitad del d\u00e9ficit fiscal promedio de 3.0% del PIB.<\/p>\n<p style=\"text-align: justify;\">Pero m\u00e1s all\u00e1 del aspecto econ\u00f3mico, CREES advierte que tambi\u00e9n se trata de un problema \u00e9tico: los ciudadanos no tienen acceso a los beneficios o la propiedad de estas empresas, pero est\u00e1n obligados a asumir sus p\u00e9rdidas mediante impuestos.<\/p>\n<p style=\"text-align: justify;\">Ante este escenario, CREES propone que la propiedad de las EDE sea transferida a entidades con solvencia econ\u00f3mica y reputaci\u00f3n que salvaguarde una buena gesti\u00f3n.<\/p>\n<p style=\"text-align: justify;\">Este modelo, seg\u00fan el centro de estudios, ser\u00eda m\u00e1s efectivo que el esquema de subcontrataci\u00f3n planteado, que obligar\u00eda al Estado a seguir financiando inversiones futuras con deuda p\u00fablica, sin que existan garant\u00edas de que las p\u00e9rdidas desaparecer\u00e1n.<\/p>\n<p style=\"text-align: justify;\">En un sistema de mercado, subraya CREES, los incentivos que mueven a cualquier emprendedor son evitar la p\u00e9rdida de su capital y lograr una ganancia. Esto aplica tanto al colmadero como al hotelero o al due\u00f1o de una telef\u00f3nica.<\/p>\n<p style=\"text-align: justify;\">La distribuci\u00f3n de electricidad, aunque m\u00e1s compleja, no deber\u00eda ser la excepci\u00f3n. La soluci\u00f3n a la crisis de las EDE debe ir m\u00e1s all\u00e1 de la complacencia, concluye el informe.<\/p>\n<p style=\"text-align: justify;\"><img decoding=\"async\" class=\"wp-image-28058 aligncenter\" src=\"https:\/\/crees.org.do\/wp-content\/uploads\/2025\/05\/2-Slide-1-copy-3.png\" alt=\"\" width=\"896\" height=\"896\" srcset=\"https:\/\/crees.org.do\/wp-content\/uploads\/2025\/05\/2-Slide-1-copy-3.png 1200w, https:\/\/crees.org.do\/wp-content\/uploads\/2025\/05\/2-Slide-1-copy-3-450x450.png 450w, https:\/\/crees.org.do\/wp-content\/uploads\/2025\/05\/2-Slide-1-copy-3-2000x2000.png 2000w, https:\/\/crees.org.do\/wp-content\/uploads\/2025\/05\/2-Slide-1-copy-3-150x150.png 150w, https:\/\/crees.org.do\/wp-content\/uploads\/2025\/05\/2-Slide-1-copy-3-768x768.png 768w, https:\/\/crees.org.do\/wp-content\/uploads\/2025\/05\/2-Slide-1-copy-3-1536x1536.png 1536w, https:\/\/crees.org.do\/wp-content\/uploads\/2025\/05\/2-Slide-1-copy-3-2048x2048.png 2048w\" sizes=\"(max-width: 896px) 100vw, 896px\" \/><\/p>\n<div class=\"pvc_clear\"><\/div>\n<p class=\"pvc_stats all \" data-element-id=\"28088\" style=\"\"><i class=\"pvc-stats-icon medium\" aria-hidden=\"true\"><svg aria-hidden=\"true\" focusable=\"false\" data-prefix=\"far\" data-icon=\"chart-bar\" role=\"img\" xmlns=\"http:\/\/www.w3.org\/2000\/svg\" viewBox=\"0 0 512 512\" class=\"svg-inline--fa fa-chart-bar fa-w-16 fa-2x\"><path fill=\"currentColor\" d=\"M396.8 352h22.4c6.4 0 12.8-6.4 12.8-12.8V108.8c0-6.4-6.4-12.8-12.8-12.8h-22.4c-6.4 0-12.8 6.4-12.8 12.8v230.4c0 6.4 6.4 12.8 12.8 12.8zm-192 0h22.4c6.4 0 12.8-6.4 12.8-12.8V140.8c0-6.4-6.4-12.8-12.8-12.8h-22.4c-6.4 0-12.8 6.4-12.8 12.8v198.4c0 6.4 6.4 12.8 12.8 12.8zm96 0h22.4c6.4 0 12.8-6.4 12.8-12.8V204.8c0-6.4-6.4-12.8-12.8-12.8h-22.4c-6.4 0-12.8 6.4-12.8 12.8v134.4c0 6.4 6.4 12.8 12.8 12.8zM496 400H48V80c0-8.84-7.16-16-16-16H16C7.16 64 0 71.16 0 80v336c0 17.67 14.33 32 32 32h464c8.84 0 16-7.16 16-16v-16c0-8.84-7.16-16-16-16zm-387.2-48h22.4c6.4 0 12.8-6.4 12.8-12.8v-70.4c0-6.4-6.4-12.8-12.8-12.8h-22.4c-6.4 0-12.8 6.4-12.8 12.8v70.4c0 6.4 6.4 12.8 12.8 12.8z\" class=\"\"><\/path><\/svg><\/i> Vistas Totales&nbsp;964&nbsp;, Vistas Hoy&nbsp;2&nbsp;<\/p>\n<div class=\"pvc_clear\"><\/div>\n","protected":false},"excerpt":{"rendered":"<p>Autor: La Propuesta Digital Fecha: 2 de mayo de 2025 Extra\u00eddo de: La Propuesta Digital El alto costo de las EDE para los contribuyentes dominicanos Santo Domingo, 2 mayo. \u2013\u00a0Las Empresas Distribuidoras de Electricidad (EDE), de propiedad estatal, representaron en 2024 un gasto significativo para el pa\u00eds, equivalente al 1.4% del Producto Interno Bruto (PIB),&#8230;<\/p>\n<div class=\"pvc_clear\"><\/div>\n<p class=\"pvc_stats all \" data-element-id=\"28088\" style=\"\"><i class=\"pvc-stats-icon medium\" aria-hidden=\"true\"><svg aria-hidden=\"true\" focusable=\"false\" data-prefix=\"far\" data-icon=\"chart-bar\" role=\"img\" xmlns=\"http:\/\/www.w3.org\/2000\/svg\" viewBox=\"0 0 512 512\" class=\"svg-inline--fa fa-chart-bar fa-w-16 fa-2x\"><path fill=\"currentColor\" d=\"M396.8 352h22.4c6.4 0 12.8-6.4 12.8-12.8V108.8c0-6.4-6.4-12.8-12.8-12.8h-22.4c-6.4 0-12.8 6.4-12.8 12.8v230.4c0 6.4 6.4 12.8 12.8 12.8zm-192 0h22.4c6.4 0 12.8-6.4 12.8-12.8V140.8c0-6.4-6.4-12.8-12.8-12.8h-22.4c-6.4 0-12.8 6.4-12.8 12.8v198.4c0 6.4 6.4 12.8 12.8 12.8zm96 0h22.4c6.4 0 12.8-6.4 12.8-12.8V204.8c0-6.4-6.4-12.8-12.8-12.8h-22.4c-6.4 0-12.8 6.4-12.8 12.8v134.4c0 6.4 6.4 12.8 12.8 12.8zM496 400H48V80c0-8.84-7.16-16-16-16H16C7.16 64 0 71.16 0 80v336c0 17.67 14.33 32 32 32h464c8.84 0 16-7.16 16-16v-16c0-8.84-7.16-16-16-16zm-387.2-48h22.4c6.4 0 12.8-6.4 12.8-12.8v-70.4c0-6.4-6.4-12.8-12.8-12.8h-22.4c-6.4 0-12.8 6.4-12.8 12.8v70.4c0 6.4 6.4 12.8 12.8 12.8z\" class=\"\"><\/path><\/svg><\/i> Vistas Totales&nbsp;964&nbsp;, Vistas Hoy&nbsp;2&nbsp;<\/p>\n<div class=\"pvc_clear\"><\/div>\n","protected":false},"author":2,"featured_media":28091,"comment_status":"closed","ping_status":"closed","sticky":false,"template":"","format":"standard","meta":{"footnotes":""},"categories":[19],"tags":[],"class_list":["post-28088","post","type-post","status-publish","format-standard","has-post-thumbnail","hentry","category-actualidad"],"yoast_head":"<!-- This site is optimized with the Yoast SEO plugin v25.2 - https:\/\/yoast.com\/wordpress\/plugins\/seo\/ -->\n<title>El alto costo de las EDE para los contribuyentes dominicanos | CREES<\/title>\n<meta name=\"robots\" content=\"index, follow, max-snippet:-1, max-image-preview:large, max-video-preview:-1\" \/>\n<link rel=\"canonical\" href=\"https:\/\/crees.org.do\/?p=28088\" \/>\n<meta property=\"og:locale\" content=\"es_ES\" \/>\n<meta property=\"og:type\" content=\"article\" \/>\n<meta property=\"og:title\" content=\"El alto costo de las EDE para los contribuyentes dominicanos | CREES\" \/>\n<meta property=\"og:description\" content=\"Autor: La Propuesta Digital Fecha: 2 de mayo de 2025 Extra\u00eddo de: La Propuesta Digital El alto costo de las EDE para los contribuyentes dominicanos Santo Domingo, 2 mayo. \u2013\u00a0Las Empresas Distribuidoras de Electricidad (EDE), de propiedad estatal, representaron en 2024 un gasto significativo para el pa\u00eds, equivalente al 1.4% del Producto Interno Bruto (PIB),...\" \/>\n<meta property=\"og:url\" content=\"https:\/\/crees.org.do\/?p=28088\" \/>\n<meta property=\"og:site_name\" content=\"CREES\" \/>\n<meta property=\"article:publisher\" content=\"https:\/\/www.facebook.com\/CREESRD\/\" \/>\n<meta property=\"article:published_time\" content=\"2025-05-09T13:34:11+00:00\" \/>\n<meta property=\"article:modified_time\" content=\"2025-05-09T14:26:29+00:00\" \/>\n<meta property=\"og:image\" content=\"https:\/\/crees.org.do\/wp-content\/uploads\/2025\/05\/IMG_4121.png\" \/>\n\t<meta property=\"og:image:width\" content=\"1200\" \/>\n\t<meta property=\"og:image:height\" content=\"668\" \/>\n\t<meta property=\"og:image:type\" content=\"image\/png\" \/>\n<meta name=\"author\" content=\"Crees\" \/>\n<meta name=\"twitter:card\" content=\"summary_large_image\" \/>\n<meta name=\"twitter:creator\" content=\"@CREESRD\" \/>\n<meta name=\"twitter:site\" content=\"@CREESRD\" \/>\n<meta name=\"twitter:label1\" content=\"Escrito por\" \/>\n\t<meta name=\"twitter:data1\" content=\"Crees\" \/>\n\t<meta name=\"twitter:label2\" content=\"Tiempo de lectura\" \/>\n\t<meta name=\"twitter:data2\" content=\"2 minutos\" \/>\n<script type=\"application\/ld+json\" class=\"yoast-schema-graph\">{\"@context\":\"https:\/\/schema.org\",\"@graph\":[{\"@type\":\"Article\",\"@id\":\"https:\/\/crees.org.do\/?p=28088#article\",\"isPartOf\":{\"@id\":\"https:\/\/crees.org.do\/?p=28088\"},\"author\":{\"name\":\"Crees\",\"@id\":\"https:\/\/crees.org.do\/#\/schema\/person\/e7f97cd94d7bf9cd0e0ce30acb7d56b8\"},\"headline\":\"El alto costo de las EDE para los contribuyentes dominicanos\",\"datePublished\":\"2025-05-09T13:34:11+00:00\",\"dateModified\":\"2025-05-09T14:26:29+00:00\",\"mainEntityOfPage\":{\"@id\":\"https:\/\/crees.org.do\/?p=28088\"},\"wordCount\":438,\"publisher\":{\"@id\":\"https:\/\/crees.org.do\/#organization\"},\"image\":{\"@id\":\"https:\/\/crees.org.do\/?p=28088#primaryimage\"},\"thumbnailUrl\":\"https:\/\/crees.org.do\/wp-content\/uploads\/2025\/05\/IMG_4121.png\",\"articleSection\":[\"Actualidad\"],\"inLanguage\":\"es\"},{\"@type\":\"WebPage\",\"@id\":\"https:\/\/crees.org.do\/?p=28088\",\"url\":\"https:\/\/crees.org.do\/?p=28088\",\"name\":\"El alto costo de las EDE para los contribuyentes dominicanos | CREES\",\"isPartOf\":{\"@id\":\"https:\/\/crees.org.do\/#website\"},\"primaryImageOfPage\":{\"@id\":\"https:\/\/crees.org.do\/?p=28088#primaryimage\"},\"image\":{\"@id\":\"https:\/\/crees.org.do\/?p=28088#primaryimage\"},\"thumbnailUrl\":\"https:\/\/crees.org.do\/wp-content\/uploads\/2025\/05\/IMG_4121.png\",\"datePublished\":\"2025-05-09T13:34:11+00:00\",\"dateModified\":\"2025-05-09T14:26:29+00:00\",\"breadcrumb\":{\"@id\":\"https:\/\/crees.org.do\/?p=28088#breadcrumb\"},\"inLanguage\":\"es\",\"potentialAction\":[{\"@type\":\"ReadAction\",\"target\":[\"https:\/\/crees.org.do\/?p=28088\"]}]},{\"@type\":\"ImageObject\",\"inLanguage\":\"es\",\"@id\":\"https:\/\/crees.org.do\/?p=28088#primaryimage\",\"url\":\"https:\/\/crees.org.do\/wp-content\/uploads\/2025\/05\/IMG_4121.png\",\"contentUrl\":\"https:\/\/crees.org.do\/wp-content\/uploads\/2025\/05\/IMG_4121.png\",\"width\":1200,\"height\":668},{\"@type\":\"BreadcrumbList\",\"@id\":\"https:\/\/crees.org.do\/?p=28088#breadcrumb\",\"itemListElement\":[{\"@type\":\"ListItem\",\"position\":1,\"name\":\"Portada\",\"item\":\"https:\/\/crees.org.do\/\"},{\"@type\":\"ListItem\",\"position\":2,\"name\":\"El alto costo de las EDE para los contribuyentes dominicanos\"}]},{\"@type\":\"WebSite\",\"@id\":\"https:\/\/crees.org.do\/#website\",\"url\":\"https:\/\/crees.org.do\/\",\"name\":\"CREES\",\"description\":\"Centro Regional de Estrategias Econ\u00f3micas Sostenibles\",\"publisher\":{\"@id\":\"https:\/\/crees.org.do\/#organization\"},\"potentialAction\":[{\"@type\":\"SearchAction\",\"target\":{\"@type\":\"EntryPoint\",\"urlTemplate\":\"https:\/\/crees.org.do\/?s={search_term_string}\"},\"query-input\":{\"@type\":\"PropertyValueSpecification\",\"valueRequired\":true,\"valueName\":\"search_term_string\"}}],\"inLanguage\":\"es\"},{\"@type\":\"Organization\",\"@id\":\"https:\/\/crees.org.do\/#organization\",\"name\":\"CREES | Centro Regional de Estrategias Econ\u00f3micas Sostenibles\",\"url\":\"https:\/\/crees.org.do\/\",\"logo\":{\"@type\":\"ImageObject\",\"inLanguage\":\"es\",\"@id\":\"https:\/\/crees.org.do\/#\/schema\/logo\/image\/\",\"url\":\"https:\/\/crees.org.do\/wp-content\/uploads\/2022\/03\/crees-logo-1.jpg\",\"contentUrl\":\"https:\/\/crees.org.do\/wp-content\/uploads\/2022\/03\/crees-logo-1.jpg\",\"width\":244,\"height\":71,\"caption\":\"CREES | Centro Regional de Estrategias Econ\u00f3micas Sostenibles\"},\"image\":{\"@id\":\"https:\/\/crees.org.do\/#\/schema\/logo\/image\/\"},\"sameAs\":[\"https:\/\/www.facebook.com\/CREESRD\/\",\"https:\/\/x.com\/CREESRD\"]},{\"@type\":\"Person\",\"@id\":\"https:\/\/crees.org.do\/#\/schema\/person\/e7f97cd94d7bf9cd0e0ce30acb7d56b8\",\"name\":\"Crees\",\"image\":{\"@type\":\"ImageObject\",\"inLanguage\":\"es\",\"@id\":\"https:\/\/crees.org.do\/#\/schema\/person\/image\/\",\"url\":\"https:\/\/secure.gravatar.com\/avatar\/390ac8f0be5d9aa046152553e2dd7011b59a512d89c150f5e5f28bb8d9a0b165?s=96&d=mm&r=g\",\"contentUrl\":\"https:\/\/secure.gravatar.com\/avatar\/390ac8f0be5d9aa046152553e2dd7011b59a512d89c150f5e5f28bb8d9a0b165?s=96&d=mm&r=g\",\"caption\":\"Crees\"},\"url\":\"https:\/\/crees.org.do\/?author=2\"}]}<\/script>\n<!-- \/ Yoast SEO plugin. -->","yoast_head_json":{"title":"El alto costo de las EDE para los contribuyentes dominicanos | CREES","robots":{"index":"index","follow":"follow","max-snippet":"max-snippet:-1","max-image-preview":"max-image-preview:large","max-video-preview":"max-video-preview:-1"},"canonical":"https:\/\/crees.org.do\/?p=28088","og_locale":"es_ES","og_type":"article","og_title":"El alto costo de las EDE para los contribuyentes dominicanos | CREES","og_description":"Autor: La Propuesta Digital Fecha: 2 de mayo de 2025 Extra\u00eddo de: La Propuesta Digital El alto costo de las EDE para los contribuyentes dominicanos Santo Domingo, 2 mayo. \u2013\u00a0Las Empresas Distribuidoras de Electricidad (EDE), de propiedad estatal, representaron en 2024 un gasto significativo para el pa\u00eds, equivalente al 1.4% del Producto Interno Bruto (PIB),...","og_url":"https:\/\/crees.org.do\/?p=28088","og_site_name":"CREES","article_publisher":"https:\/\/www.facebook.com\/CREESRD\/","article_published_time":"2025-05-09T13:34:11+00:00","article_modified_time":"2025-05-09T14:26:29+00:00","og_image":[{"width":1200,"height":668,"url":"https:\/\/crees.org.do\/wp-content\/uploads\/2025\/05\/IMG_4121.png","type":"image\/png"}],"author":"Crees","twitter_card":"summary_large_image","twitter_creator":"@CREESRD","twitter_site":"@CREESRD","twitter_misc":{"Escrito por":"Crees","Tiempo de lectura":"2 minutos"},"schema":{"@context":"https:\/\/schema.org","@graph":[{"@type":"Article","@id":"https:\/\/crees.org.do\/?p=28088#article","isPartOf":{"@id":"https:\/\/crees.org.do\/?p=28088"},"author":{"name":"Crees","@id":"https:\/\/crees.org.do\/#\/schema\/person\/e7f97cd94d7bf9cd0e0ce30acb7d56b8"},"headline":"El alto costo de las EDE para los contribuyentes dominicanos","datePublished":"2025-05-09T13:34:11+00:00","dateModified":"2025-05-09T14:26:29+00:00","mainEntityOfPage":{"@id":"https:\/\/crees.org.do\/?p=28088"},"wordCount":438,"publisher":{"@id":"https:\/\/crees.org.do\/#organization"},"image":{"@id":"https:\/\/crees.org.do\/?p=28088#primaryimage"},"thumbnailUrl":"https:\/\/crees.org.do\/wp-content\/uploads\/2025\/05\/IMG_4121.png","articleSection":["Actualidad"],"inLanguage":"es"},{"@type":"WebPage","@id":"https:\/\/crees.org.do\/?p=28088","url":"https:\/\/crees.org.do\/?p=28088","name":"El alto costo de las EDE para los contribuyentes dominicanos | CREES","isPartOf":{"@id":"https:\/\/crees.org.do\/#website"},"primaryImageOfPage":{"@id":"https:\/\/crees.org.do\/?p=28088#primaryimage"},"image":{"@id":"https:\/\/crees.org.do\/?p=28088#primaryimage"},"thumbnailUrl":"https:\/\/crees.org.do\/wp-content\/uploads\/2025\/05\/IMG_4121.png","datePublished":"2025-05-09T13:34:11+00:00","dateModified":"2025-05-09T14:26:29+00:00","breadcrumb":{"@id":"https:\/\/crees.org.do\/?p=28088#breadcrumb"},"inLanguage":"es","potentialAction":[{"@type":"ReadAction","target":["https:\/\/crees.org.do\/?p=28088"]}]},{"@type":"ImageObject","inLanguage":"es","@id":"https:\/\/crees.org.do\/?p=28088#primaryimage","url":"https:\/\/crees.org.do\/wp-content\/uploads\/2025\/05\/IMG_4121.png","contentUrl":"https:\/\/crees.org.do\/wp-content\/uploads\/2025\/05\/IMG_4121.png","width":1200,"height":668},{"@type":"BreadcrumbList","@id":"https:\/\/crees.org.do\/?p=28088#breadcrumb","itemListElement":[{"@type":"ListItem","position":1,"name":"Portada","item":"https:\/\/crees.org.do\/"},{"@type":"ListItem","position":2,"name":"El alto costo de las EDE para los contribuyentes dominicanos"}]},{"@type":"WebSite","@id":"https:\/\/crees.org.do\/#website","url":"https:\/\/crees.org.do\/","name":"CREES","description":"Centro Regional de Estrategias Econ\u00f3micas Sostenibles","publisher":{"@id":"https:\/\/crees.org.do\/#organization"},"potentialAction":[{"@type":"SearchAction","target":{"@type":"EntryPoint","urlTemplate":"https:\/\/crees.org.do\/?s={search_term_string}"},"query-input":{"@type":"PropertyValueSpecification","valueRequired":true,"valueName":"search_term_string"}}],"inLanguage":"es"},{"@type":"Organization","@id":"https:\/\/crees.org.do\/#organization","name":"CREES | Centro Regional de Estrategias Econ\u00f3micas Sostenibles","url":"https:\/\/crees.org.do\/","logo":{"@type":"ImageObject","inLanguage":"es","@id":"https:\/\/crees.org.do\/#\/schema\/logo\/image\/","url":"https:\/\/crees.org.do\/wp-content\/uploads\/2022\/03\/crees-logo-1.jpg","contentUrl":"https:\/\/crees.org.do\/wp-content\/uploads\/2022\/03\/crees-logo-1.jpg","width":244,"height":71,"caption":"CREES | Centro Regional de Estrategias Econ\u00f3micas Sostenibles"},"image":{"@id":"https:\/\/crees.org.do\/#\/schema\/logo\/image\/"},"sameAs":["https:\/\/www.facebook.com\/CREESRD\/","https:\/\/x.com\/CREESRD"]},{"@type":"Person","@id":"https:\/\/crees.org.do\/#\/schema\/person\/e7f97cd94d7bf9cd0e0ce30acb7d56b8","name":"Crees","image":{"@type":"ImageObject","inLanguage":"es","@id":"https:\/\/crees.org.do\/#\/schema\/person\/image\/","url":"https:\/\/secure.gravatar.com\/avatar\/390ac8f0be5d9aa046152553e2dd7011b59a512d89c150f5e5f28bb8d9a0b165?s=96&d=mm&r=g","contentUrl":"https:\/\/secure.gravatar.com\/avatar\/390ac8f0be5d9aa046152553e2dd7011b59a512d89c150f5e5f28bb8d9a0b165?s=96&d=mm&r=g","caption":"Crees"},"url":"https:\/\/crees.org.do\/?author=2"}]}},"_links":{"self":[{"href":"https:\/\/crees.org.do\/index.php?rest_route=\/wp\/v2\/posts\/28088","targetHints":{"allow":["GET"]}}],"collection":[{"href":"https:\/\/crees.org.do\/index.php?rest_route=\/wp\/v2\/posts"}],"about":[{"href":"https:\/\/crees.org.do\/index.php?rest_route=\/wp\/v2\/types\/post"}],"author":[{"embeddable":true,"href":"https:\/\/crees.org.do\/index.php?rest_route=\/wp\/v2\/users\/2"}],"replies":[{"embeddable":true,"href":"https:\/\/crees.org.do\/index.php?rest_route=%2Fwp%2Fv2%2Fcomments&post=28088"}],"version-history":[{"count":3,"href":"https:\/\/crees.org.do\/index.php?rest_route=\/wp\/v2\/posts\/28088\/revisions"}],"predecessor-version":[{"id":28113,"href":"https:\/\/crees.org.do\/index.php?rest_route=\/wp\/v2\/posts\/28088\/revisions\/28113"}],"wp:featuredmedia":[{"embeddable":true,"href":"https:\/\/crees.org.do\/index.php?rest_route=\/wp\/v2\/media\/28091"}],"wp:attachment":[{"href":"https:\/\/crees.org.do\/index.php?rest_route=%2Fwp%2Fv2%2Fmedia&parent=28088"}],"wp:term":[{"taxonomy":"category","embeddable":true,"href":"https:\/\/crees.org.do\/index.php?rest_route=%2Fwp%2Fv2%2Fcategories&post=28088"},{"taxonomy":"post_tag","embeddable":true,"href":"https:\/\/crees.org.do\/index.php?rest_route=%2Fwp%2Fv2%2Ftags&post=28088"}],"curies":[{"name":"wp","href":"https:\/\/api.w.org\/{rel}","templated":true}]}}