{"id":28093,"date":"2025-05-09T14:07:10","date_gmt":"2025-05-09T14:07:10","guid":{"rendered":"https:\/\/crees.org.do\/?p=28093"},"modified":"2025-05-09T14:07:10","modified_gmt":"2025-05-09T14:07:10","slug":"el-indice-simon-de-abundancia-2025","status":"publish","type":"post","link":"https:\/\/crees.org.do\/?p=28093","title":{"rendered":"El \u00cdndice Simon de Abundancia 2025"},"content":{"rendered":"<p><img fetchpriority=\"high\" decoding=\"async\" class=\"aligncenter wp-image-28100\" src=\"https:\/\/crees.org.do\/wp-content\/uploads\/2025\/05\/sai2025-mint-02.png\" alt=\"\" width=\"869\" height=\"464\" srcset=\"https:\/\/crees.org.do\/wp-content\/uploads\/2025\/05\/sai2025-mint-02.png 1200w, https:\/\/crees.org.do\/wp-content\/uploads\/2025\/05\/sai2025-mint-02-450x240.png 450w, https:\/\/crees.org.do\/wp-content\/uploads\/2025\/05\/sai2025-mint-02-768x410.png 768w\" sizes=\"(max-width: 869px) 100vw, 869px\" \/><\/p>\n<p>Autor: Gale L. Pooley y Marian L. Tupy<\/p>\n<p>Publicado originalmente: 6 de mayo de 2025<\/p>\n<p>Extra\u00eddo de: <a href=\"https:\/\/www.elcato.org\/el-indice-simon-de-abundancia-2025\">El Cato<\/a><\/p>\n<h2 class=\"page-title\">El \u00cdndice Simon de Abundancia 2025<\/h2>\n<h4><strong>Gale L. Pooley<\/strong>\u00a0y\u00a0<strong>Marian L. Tupy<\/strong>\u00a0se\u00f1alan que los recursos del planeta Tierra eran un 518,4% m\u00e1s abundante en 2024 que en 1980.<\/h4>\n<p style=\"text-align: justify;\">El\u00a0<strong>\u00cdndice Simon de Abundancia<\/strong>\u00a0(ISA) mide la relaci\u00f3n entre la\u00a0<strong>abundancia de recursos<\/strong>\u00a0y la\u00a0<strong>poblaci\u00f3n<\/strong>. Convierte en un \u00fanico valor la\u00a0<strong>abundancia per c\u00e1pita<\/strong>\u00a0de 50 productos b\u00e1sicos y el tama\u00f1o de la\u00a0<strong>poblaci\u00f3n mundial<\/strong>. El \u00edndice comenz\u00f3 en 1980 con un valor base de 100. En 2024, el IAS se situ\u00f3 en 618,4, lo que indica que los recursos se han vuelto un 518,4 por ciento m\u00e1s abundantes en los \u00faltimos 44 a\u00f1os. Los 50 productos b\u00e1sicos del conjunto de datos eran m\u00e1s abundantes en 2024 que en 1980. La<strong>\u00a0abundancia mundial de recursos\u00a0<\/strong>aument\u00f3 a una tasa de crecimiento anual compuesta del 4,22%, es decir, se duplic\u00f3 cada 17 a\u00f1os.<\/p>\n<p><strong>Gr\u00e1fico 1: \u00cdndice Simon de Abundancia, 1980-2024 (1980 = 100)<\/strong><\/p>\n<p>&nbsp;<\/p>\n<p><img decoding=\"async\" class=\"aligncenter wp-image-28102\" src=\"https:\/\/crees.org.do\/wp-content\/uploads\/2025\/05\/figure-1_0.png\" alt=\"\" width=\"869\" height=\"600\" srcset=\"https:\/\/crees.org.do\/wp-content\/uploads\/2025\/05\/figure-1_0.png 1200w, https:\/\/crees.org.do\/wp-content\/uploads\/2025\/05\/figure-1_0-450x311.png 450w, https:\/\/crees.org.do\/wp-content\/uploads\/2025\/05\/figure-1_0-768x530.png 768w\" sizes=\"(max-width: 869px) 100vw, 869px\" \/><\/p>\n<p style=\"text-align: justify;\">El ISA\u00a0se basa en las ideas de\u00a0<strong>Julian Simon<\/strong>, economista de la Universidad de Maryland y acad\u00e9mico\u00a0del\u00a0<strong>Instituto Cato<\/strong>, pionero en la investigaci\u00f3n y el an\u00e1lisis de la relaci\u00f3n entre el crecimiento de la poblaci\u00f3n y la abundancia de recursos. Si los recursos fueran realmente finitos, como cree mucha gente, se esperar\u00eda que un aumento de la poblaci\u00f3n provocara escasez y precios m\u00e1s altos. Sin embargo, como descubri\u00f3 Simon a trav\u00e9s de una investigaci\u00f3n exhaustiva que dur\u00f3 d\u00e9cadas, ocurr\u00eda lo contrario. A medida que aumentaba la poblaci\u00f3n mundial, los recursos tend\u00edan a ser m\u00e1s abundantes.<\/p>\n<p style=\"text-align: justify;\">\u00bfC\u00f3mo es posible? Simon reconoci\u00f3 que los \u00e1tomos, sin conocimiento, no tienen valor econ\u00f3mico. El conocimiento transforma los \u00e1tomos en recursos, y la oferta de conocimientos por descubrir es ilimitada. Tambi\u00e9n comprendi\u00f3 que s\u00f3lo los seres humanos pueden descubrir y crear nuevos conocimientos. Por lo tanto, los recursos pueden ser efectivamente infinitos, y los seres humanos son el recurso por excelencia.<\/p>\n<p style=\"text-align: justify;\">Veamos un ejemplo. Antes del siglo XIX, la agricultura depend\u00eda en gran medida del esti\u00e9rcol para la fertilizaci\u00f3n, lo que limitaba el rendimiento de los cultivos debido a su bajo contenido en nitr\u00f3geno. A medida que la poblaci\u00f3n crec\u00eda, los agricultores buscaban alternativas m\u00e1s potentes. A principios del siglo XIX, se descubri\u00f3 el guano \u2013excrementos de aves ricos en nitr\u00f3geno, f\u00f3sforo y potasio\u2013 en unas islas de la costa peruana. Su extraordinaria eficacia dio lugar a un auge mundial del comercio de guano, que impuls\u00f3 la\u00a0<strong>agricultura industrial<\/strong>\u00a0en Europa y Am\u00e9rica. A finales del siglo XIX, sin embargo, las reservas empezaron a disminuir.<\/p>\n<p style=\"text-align: justify;\">El gran avance lleg\u00f3 a principios del siglo XX con el\u00a0<strong><a href=\"https:\/\/www.elcato.org\/heroes-del-progreso-parte-2-fritz-haber-y-carl-bosch\" target=\"_blank\" rel=\"noopener\">proceso Haber-Bosch<\/a><\/strong>, desarrollado por los qu\u00edmicos alemanes\u00a0<strong>Fritz Haber<\/strong>\u00a0y\u00a0<strong>Carl Bosch<\/strong>. Este m\u00e9todo permiti\u00f3 la fijaci\u00f3n sint\u00e9tica del nitr\u00f3geno atmosf\u00e9rico en amon\u00edaco, produciendo fertilizantes a escala industrial. Desvincul\u00f3 la producci\u00f3n de alimentos de las fuentes naturales de nitr\u00f3geno, revolucionando la agricultura y permitiendo la r\u00e1pida expansi\u00f3n de la poblaci\u00f3n mundial. Se calcula que sin fertilizantes sint\u00e9ticos, la producci\u00f3n alimentaria del planeta s\u00f3lo podr\u00eda mantener a 4.000 millones de personas en lugar de a 8.000 millones.<\/p>\n<p style=\"text-align: justify;\">El ISA utiliza los &#8220;precios en el tiempo&#8221;\u00a0para medir los cambios en la<strong>\u00a0abundancia relativa<\/strong>. Los precios en tiempo indican cu\u00e1nto tiempo hay que trabajar para ganar el dinero suficiente para comprar algo. Si este a\u00f1o trabaja menos tiempo que el a\u00f1o pasado para poder comprar algo, su nivel de vida est\u00e1 aumentando. Los precios en el tiempo son una forma sencilla e intuitiva de comparar el costo real de las cosas.<\/p>\n<p style=\"text-align: justify;\">Los precios en el tiempo de los distintos productos b\u00e1sicos disminuyeron, por t\u00e9rmino medio, un 70,4% entre 1980 y 2024, oscilando entre el -2,9% de las naranjas y el -85,2% del cordero. Eso significa que el habitante medio del planeta vio aumentar su abundancia personal de recursos en un 238,1 por ciento, desde el 2,9 por ciento de las naranjas hasta el 573,6 por ciento del cordero. Dicho de otro modo, el mismo tiempo de trabajo que permiti\u00f3 al habitante medio del planeta comprar 1 unidad de nuestra cesta de 50 productos b\u00e1sicos en 1980 le permiti\u00f3 comprar 3,381 unidades en 2024.<\/p>\n<p style=\"text-align: justify;\">Sigamos con nuestro ejemplo de los\u00a0<strong>fertilizantes<\/strong>: desde 1980, el precio en tiempo del fertilizante ha bajado un 56,4%. El mismo tiempo de trabajo que permit\u00eda al habitante medio del planeta comprar 1 unidad de fertilizante en 1980 le permit\u00eda comprar 2,2 unidades en 2024, un aumento del 120 por ciento.<\/p>\n<p><strong>Gr\u00e1fico 2: Cambios individuales de los productos b\u00e1sicos entre 1980 y 2024<\/strong><\/p>\n<p><img decoding=\"async\" class=\"aligncenter wp-image-28103 size-full\" src=\"https:\/\/crees.org.do\/wp-content\/uploads\/2025\/05\/figure-2.png\" alt=\"\" width=\"826\" height=\"1200\" srcset=\"https:\/\/crees.org.do\/wp-content\/uploads\/2025\/05\/figure-2.png 826w, https:\/\/crees.org.do\/wp-content\/uploads\/2025\/05\/figure-2-310x450.png 310w, https:\/\/crees.org.do\/wp-content\/uploads\/2025\/05\/figure-2-768x1116.png 768w\" sizes=\"(max-width: 826px) 100vw, 826px\" \/><\/p>\n<p style=\"text-align: justify;\">Por \u00faltimo, el ISA se calcula multiplicando la abundancia de recursos personales por el tama\u00f1o de la poblaci\u00f3n. Como se ha se\u00f1alado, entre 1980 y 2024, la abundancia de recursos personales aument\u00f3 un 238,1%. Durante este mismo periodo, la poblaci\u00f3n mundial aument\u00f3 un 82,9%, pasando de 4.444 millones a 8.126 millones. La ecuaci\u00f3n pertinente es:<\/p>\n<p style=\"text-align: justify;\">ISA = (1 + cambio porcentual en la poblaci\u00f3n) x (1 + cambio porcentual en la abundancia de recursos personales) x 100<br \/>\nISA = 1,829 x 3,381 x 100<br \/>\nISA = 618,4<\/p>\n<p style=\"text-align: justify;\"><strong>Cambios en los recursos personales de 2023 a 2024<\/strong><\/p>\n<p style=\"text-align: justify;\">El ISA aument\u00f3 un 1,48 por ciento, de 609,4 en 2023 a 618,4 en 2024. Durante ese periodo, 30 de los 50 productos del conjunto de datos se hicieron m\u00e1s abundantes, mientras que 20 se hicieron menos abundantes. El cambio anual en la abundancia oscil\u00f3 entre un aumento del 68,9% para el carb\u00f3n y un descenso del 53,7% para el cacao.<\/p>\n<p><strong>Gr\u00e1fico\u00a03: Cambio porcentual en la abundancia de cada producto, 2023-2024<\/strong><\/p>\n<p><img loading=\"lazy\" decoding=\"async\" class=\"aligncenter wp-image-28105 size-full\" src=\"https:\/\/crees.org.do\/wp-content\/uploads\/2025\/05\/figure-3_1.png\" alt=\"\" width=\"314\" height=\"1200\" srcset=\"https:\/\/crees.org.do\/wp-content\/uploads\/2025\/05\/figure-3_1.png 314w, https:\/\/crees.org.do\/wp-content\/uploads\/2025\/05\/figure-3_1-118x450.png 118w\" sizes=\"(max-width: 314px) 100vw, 314px\" \/><\/p>\n<p><strong>Naranjas<\/strong><\/p>\n<p style=\"text-align: justify;\">La\u00a0<strong>abundancia de naranjas<\/strong>\u00a0no ha cambiado mucho desde 1980. El precio en tiempo m\u00e1s bajo registrado para las naranjas se produjo en 2019, cuando se pod\u00edan obtener 3,64 naranjas por el precio en tiempo de 1 naranja en 1980. Sin embargo, incluso con el reciente repunte del precio nominal, el precio en tiempo de las naranjas ha estado disminuyendo a una tasa promedio del 1,56 por ciento anual.<\/p>\n<p style=\"text-align: justify;\">Julian Simon se\u00f1al\u00f3 que los picos de precios a corto plazo son esperables debido a las condiciones temporales del mercado. Tambi\u00e9n se\u00f1al\u00f3 que estos precios m\u00e1s altos crean incentivos para que la gente se centre en descubrir nuevos conocimientos que hagan que ese producto espec\u00edfico sea m\u00e1s abundante a largo plazo.<\/p>\n<p style=\"text-align: justify;\">Estos nuevos conocimientos acaban por traducirse en precios a\u00fan m\u00e1s bajos. Esto se puede ver en el gr\u00e1fico de las naranjas, ya que la tendencia subyacente apunta a precios m\u00e1s bajos y a una mayor abundancia a largo plazo. Debido a ese factor y a la l\u00ednea de tendencia de 44 a\u00f1os, podemos esperar que el precio en tiempo de las naranjas sea probablemente m\u00e1s bajo en 2025. El tiempo lo dir\u00e1.<\/p>\n<p><img loading=\"lazy\" decoding=\"async\" class=\"aligncenter wp-image-28106\" src=\"https:\/\/crees.org.do\/wp-content\/uploads\/2025\/05\/oranges.png\" alt=\"\" width=\"869\" height=\"915\" srcset=\"https:\/\/crees.org.do\/wp-content\/uploads\/2025\/05\/oranges.png 1140w, https:\/\/crees.org.do\/wp-content\/uploads\/2025\/05\/oranges-428x450.png 428w, https:\/\/crees.org.do\/wp-content\/uploads\/2025\/05\/oranges-768x808.png 768w\" sizes=\"(max-width: 869px) 100vw, 869px\" \/><\/p>\n<p><strong>Conclusi\u00f3n<\/strong><\/p>\n<p style=\"text-align: justify;\">El ISA comenz\u00f3 a recuperarse en 2023 de los efectos de las pol\u00edticas de bloqueo del gobierno relacionadas con\u00a0<strong>COVID-19<\/strong>\u00a0y la<strong>\u00a0expansi\u00f3n monetaria<\/strong>. A pesar de los\u00a0<strong>desastres naturales<\/strong>, la agitaci\u00f3n pol\u00edtica y las guerras desde 1980, la abundancia de recursos ha seguido aumentando m\u00e1s de seis veces m\u00e1s r\u00e1pido que el crecimiento de la poblaci\u00f3n, un fen\u00f3meno que llamamos &#8220;superabundancia&#8221;.<\/p>\n<p style=\"text-align: justify;\">Siguiendo con nuestro ejemplo de los fertilizantes: la abundancia de fertilizantes ha crecido a una tasa anual compuesta del 1,81%. La poblaci\u00f3n mundial creci\u00f3 un 1,38% al a\u00f1o. Por tanto, podemos decir que el fertilizante, al crecer un 31% m\u00e1s r\u00e1pido que la poblaci\u00f3n, es superabundante.<\/p>\n<p style=\"text-align: justify;\">Exploramos estos temas en nuestro libro\u00a0<a href=\"https:\/\/www.amazon.com\/Superabundance-Population-Innovation-Flourishing-Infinitely\/dp\/1952223393\" target=\"_blank\" rel=\"noopener\"><strong><em>Superabundancia:<\/em><\/strong><\/a>\u00a0<a href=\"https:\/\/www.amazon.com\/Superabundance-Population-Innovation-Flourishing-Infinitely\/dp\/1952223393\" target=\"_blank\" rel=\"noopener\"><strong><em>La historia del crecimiento demogr\u00e1fico, la innovaci\u00f3n y el florecimiento humano en un planeta infinitamente pr\u00f3digo.<\/em><\/strong><\/a><\/p>\n<p style=\"text-align: justify;\"><strong>Informaci\u00f3n adicional:<\/strong><\/p>\n<p style=\"text-align: justify;\"><strong>Ap\u00e9ndice A: Gr\u00e1fico\u00a01 alternativa con una l\u00ednea de regresi\u00f3n, ecuaci\u00f3n, R-cuadrado y poblaci\u00f3n<\/strong><\/p>\n<p><img loading=\"lazy\" decoding=\"async\" class=\"aligncenter wp-image-28107\" src=\"https:\/\/crees.org.do\/wp-content\/uploads\/2025\/05\/appendix-a-1.png\" alt=\"\" width=\"869\" height=\"606\" srcset=\"https:\/\/crees.org.do\/wp-content\/uploads\/2025\/05\/appendix-a-1.png 1200w, https:\/\/crees.org.do\/wp-content\/uploads\/2025\/05\/appendix-a-1-450x314.png 450w, https:\/\/crees.org.do\/wp-content\/uploads\/2025\/05\/appendix-a-1-768x536.png 768w\" sizes=\"(max-width: 869px) 100vw, 869px\" \/><\/p>\n<p><img loading=\"lazy\" decoding=\"async\" class=\"aligncenter wp-image-28108\" src=\"https:\/\/crees.org.do\/wp-content\/uploads\/2025\/05\/appendix-b.png\" alt=\"\" width=\"869\" height=\"931\" srcset=\"https:\/\/crees.org.do\/wp-content\/uploads\/2025\/05\/appendix-b.png 1120w, https:\/\/crees.org.do\/wp-content\/uploads\/2025\/05\/appendix-b-420x450.png 420w, https:\/\/crees.org.do\/wp-content\/uploads\/2025\/05\/appendix-b-768x823.png 768w\" sizes=\"(max-width: 869px) 100vw, 869px\" \/><\/p>\n<p><strong>Ap\u00e9ndice C: Por qu\u00e9 el tiempo es mejor que el dinero para medir la abundancia de recursos<\/strong><\/p>\n<p style=\"text-align: justify;\">Para comprender mejor los cambios en nuestro nivel de vida, debemos pasar de pensar en t\u00e9rminos de cantidades a pensar en t\u00e9rminos de precios. Aunque la cantidad de un recurso es importante, los economistas se centran en los precios porque \u00e9stos contienen m\u00e1s informaci\u00f3n. Los precios indican si un producto es m\u00e1s o menos abundante. Sin embargo, la\u00a0<strong>inflaci\u00f3n<\/strong>\u00a0puede distorsionar los precios. Para evitarlo, los economistas suelen convertir los precios nominales actuales en precios reales o constantes, un proceso que puede ser subjetivo y pol\u00e9mico.<\/p>\n<p style=\"text-align: justify;\">Para superar estas dificultades, podemos utilizar los precios en tiempo. La consideraci\u00f3n m\u00e1s importante desde la perspectiva de un consumidor individual es cu\u00e1nto tiempo se tarda en ganar el dinero necesario para comprar un producto. El precio en tiempo es simplemente el precio del dinero dividido por los ingresos por hora. Mientras que los precios monetarios se expresan en d\u00f3lares y c\u00e9ntimos, los precios en tiempo se expresan en horas y minutos. Hay al menos siete razones por las que el tiempo es una herramienta de medici\u00f3n mejor que el dinero:<\/p>\n<ol style=\"text-align: justify;\">\n<li><strong>Los precios en tiempo contienen m\u00e1s informaci\u00f3n que los precios del dinero:<\/strong>\u00a0Dado que la innovaci\u00f3n tiende a bajar los precios y a aumentar los salarios, los precios en\u00a0tiempo captan mejor los beneficios de los nuevos conocimientos y el crecimiento del capital humano. Mirar s\u00f3lo los precios sin tener en cuenta los salarios s\u00f3lo cuenta la mitad de la historia. Los precios en tiempo ofrecen una visi\u00f3n m\u00e1s clara del panorama econ\u00f3mico completo.<\/li>\n<li><strong>Los precios en tiempo evitan las complicaciones de los ajustes por inflaci\u00f3n:<\/strong>\u00a0los precios en tiempo superan todas las complicaciones asociadas al intento de convertir los precios nominales en precios reales. Los precios en tiempo evitan los ajustes subjetivos y controvertidos, como el\u00a0<strong>\u00cdndice de Precios de Consumo<\/strong>\u00a0(IPC), el deflactor del PIB o deflactor impl\u00edcito de precios (IPD), el \u00cdndice de Precios de Gastos de Consumo Personal (PCE) y la paridad del poder adquisitivo (PPA). Los precios en tiempo se basan \u00fanicamente en los precios nominales y los ingresos nominales por hora en cada momento.<\/li>\n<li><strong>Los precios en\u00a0tiempo son de aplicaci\u00f3n universal:<\/strong>\u00a0Los precios en tiempo pueden calcularse sobre cualquier producto con cualquier moneda, en cualquier momento y desde cualquier lugar. Esto significa que se puede comparar el precio horario de las naranjas en Francia en 1850 con el precio horario de las naranjas en Nueva York en 2024. Los investigadores tambi\u00e9n pueden elegir entre varias medidas de ingresos por hora como denominador.<\/li>\n<li><strong>El tiempo es una constante objetiva y universal\u00a0<\/strong>: como ha se\u00f1alado el economista estadounidense\u00a0<strong>George Gilder<\/strong>, el\u00a0<strong>Sistema Internacional de Unidades<\/strong>\u00a0(SI) ha establecido siete m\u00e9tricas clave, de las cuales seis est\u00e1n delimitadas de un modo u otro por el paso del tiempo. Como \u00fanico elemento irreversible del universo, con la direccionalidad que le confiere la entrop\u00eda termodin\u00e1mica, el tiempo es el marco de referencia \u00faltimo de todos los valores medidos.<\/li>\n<li><strong>El tiempo no puede inflarse ni falsificarse:<\/strong>\u00a0El tiempo es fijo y continuo.<\/li>\n<li><strong>Debemos medir la desigualdad de tiempo, no la de ingresos:<\/strong>\u00a0Puesto que todo el mundo tiene exactamente 24 horas al d\u00eda, el examen de las diferencias en la forma en que se emplea el tiempo ofrece una perspectiva m\u00e1s significativa de los niveles de vida que la mera comparaci\u00f3n de los ingresos. Este enfoque ofrece una imagen menos negativa \u2013y quiz\u00e1 m\u00e1s precisa\u2013\u00a0de la\u00a0<strong>desigualdad<\/strong>.<\/li>\n<li><strong>El tiempo no se puede comprar ni vender:<\/strong>\u00a0Si pudiera, los ricos nunca morir\u00edan.<\/li>\n<\/ol>\n<p style=\"text-align: justify;\">Estas siete razones hacen que los precios en tiempo sean superiores a los precios del dinero a la hora de medir la abundancia de recursos. Los precios en tiempo son elegantes, intuitivos y sencillos. Representan el verdadero costo que pagamos por las cosas que compramos. Los precios en tiempo son los verdaderos precios.<\/p>\n<p style=\"text-align: justify;\"><em>Este art\u00edculo fue publicado originalmente en\u00a0<\/em><a href=\"https:\/\/humanprogress.org\/the-simon-abundance-index-2025\/\" target=\"_blank\" rel=\"noopener\">HumanProgress.org<\/a><em>\u00a0(Estados Unidos) el 22 de abril de 2025.<\/em><\/p>\n<div class=\"pvc_clear\"><\/div>\n<p class=\"pvc_stats all \" data-element-id=\"28093\" style=\"\"><i class=\"pvc-stats-icon medium\" aria-hidden=\"true\"><svg aria-hidden=\"true\" focusable=\"false\" data-prefix=\"far\" data-icon=\"chart-bar\" role=\"img\" xmlns=\"http:\/\/www.w3.org\/2000\/svg\" viewBox=\"0 0 512 512\" class=\"svg-inline--fa fa-chart-bar fa-w-16 fa-2x\"><path fill=\"currentColor\" d=\"M396.8 352h22.4c6.4 0 12.8-6.4 12.8-12.8V108.8c0-6.4-6.4-12.8-12.8-12.8h-22.4c-6.4 0-12.8 6.4-12.8 12.8v230.4c0 6.4 6.4 12.8 12.8 12.8zm-192 0h22.4c6.4 0 12.8-6.4 12.8-12.8V140.8c0-6.4-6.4-12.8-12.8-12.8h-22.4c-6.4 0-12.8 6.4-12.8 12.8v198.4c0 6.4 6.4 12.8 12.8 12.8zm96 0h22.4c6.4 0 12.8-6.4 12.8-12.8V204.8c0-6.4-6.4-12.8-12.8-12.8h-22.4c-6.4 0-12.8 6.4-12.8 12.8v134.4c0 6.4 6.4 12.8 12.8 12.8zM496 400H48V80c0-8.84-7.16-16-16-16H16C7.16 64 0 71.16 0 80v336c0 17.67 14.33 32 32 32h464c8.84 0 16-7.16 16-16v-16c0-8.84-7.16-16-16-16zm-387.2-48h22.4c6.4 0 12.8-6.4 12.8-12.8v-70.4c0-6.4-6.4-12.8-12.8-12.8h-22.4c-6.4 0-12.8 6.4-12.8 12.8v70.4c0 6.4 6.4 12.8 12.8 12.8z\" class=\"\"><\/path><\/svg><\/i> Vistas Totales&nbsp;1,166&nbsp;<\/p>\n<div class=\"pvc_clear\"><\/div>\n","protected":false},"excerpt":{"rendered":"<p>Autor: Gale L. Pooley y Marian L. Tupy Publicado originalmente: 6 de mayo de 2025 Extra\u00eddo de: El Cato El \u00cdndice Simon de Abundancia 2025 Gale L. Pooley\u00a0y\u00a0Marian L. Tupy\u00a0se\u00f1alan que los recursos del planeta Tierra eran un 518,4% m\u00e1s abundante en 2024 que en 1980. El\u00a0\u00cdndice Simon de Abundancia\u00a0(ISA) mide la relaci\u00f3n entre la\u00a0abundancia&#8230;<\/p>\n<div class=\"pvc_clear\"><\/div>\n<p class=\"pvc_stats all \" data-element-id=\"28093\" style=\"\"><i class=\"pvc-stats-icon medium\" aria-hidden=\"true\"><svg aria-hidden=\"true\" focusable=\"false\" data-prefix=\"far\" data-icon=\"chart-bar\" role=\"img\" xmlns=\"http:\/\/www.w3.org\/2000\/svg\" viewBox=\"0 0 512 512\" class=\"svg-inline--fa fa-chart-bar fa-w-16 fa-2x\"><path fill=\"currentColor\" d=\"M396.8 352h22.4c6.4 0 12.8-6.4 12.8-12.8V108.8c0-6.4-6.4-12.8-12.8-12.8h-22.4c-6.4 0-12.8 6.4-12.8 12.8v230.4c0 6.4 6.4 12.8 12.8 12.8zm-192 0h22.4c6.4 0 12.8-6.4 12.8-12.8V140.8c0-6.4-6.4-12.8-12.8-12.8h-22.4c-6.4 0-12.8 6.4-12.8 12.8v198.4c0 6.4 6.4 12.8 12.8 12.8zm96 0h22.4c6.4 0 12.8-6.4 12.8-12.8V204.8c0-6.4-6.4-12.8-12.8-12.8h-22.4c-6.4 0-12.8 6.4-12.8 12.8v134.4c0 6.4 6.4 12.8 12.8 12.8zM496 400H48V80c0-8.84-7.16-16-16-16H16C7.16 64 0 71.16 0 80v336c0 17.67 14.33 32 32 32h464c8.84 0 16-7.16 16-16v-16c0-8.84-7.16-16-16-16zm-387.2-48h22.4c6.4 0 12.8-6.4 12.8-12.8v-70.4c0-6.4-6.4-12.8-12.8-12.8h-22.4c-6.4 0-12.8 6.4-12.8 12.8v70.4c0 6.4 6.4 12.8 12.8 12.8z\" class=\"\"><\/path><\/svg><\/i> Vistas Totales&nbsp;1,166&nbsp;<\/p>\n<div class=\"pvc_clear\"><\/div>\n","protected":false},"author":2,"featured_media":28100,"comment_status":"closed","ping_status":"closed","sticky":false,"template":"","format":"standard","meta":{"footnotes":""},"categories":[22],"tags":[],"class_list":["post-28093","post","type-post","status-publish","format-standard","has-post-thumbnail","hentry","category-articulos"],"yoast_head":"<!-- This site is optimized with the Yoast SEO plugin v25.2 - https:\/\/yoast.com\/wordpress\/plugins\/seo\/ -->\n<title>El \u00cdndice Simon de Abundancia 2025 | CREES<\/title>\n<meta name=\"robots\" content=\"index, follow, max-snippet:-1, max-image-preview:large, max-video-preview:-1\" \/>\n<link rel=\"canonical\" href=\"https:\/\/crees.org.do\/?p=28093\" \/>\n<meta property=\"og:locale\" content=\"es_ES\" \/>\n<meta property=\"og:type\" content=\"article\" \/>\n<meta property=\"og:title\" content=\"El \u00cdndice Simon de Abundancia 2025 | CREES\" \/>\n<meta property=\"og:description\" content=\"Autor: Gale L. Pooley y Marian L. Tupy Publicado originalmente: 6 de mayo de 2025 Extra\u00eddo de: El Cato El \u00cdndice Simon de Abundancia 2025 Gale L. Pooley\u00a0y\u00a0Marian L. Tupy\u00a0se\u00f1alan que los recursos del planeta Tierra eran un 518,4% m\u00e1s abundante en 2024 que en 1980. El\u00a0\u00cdndice Simon de Abundancia\u00a0(ISA) mide la relaci\u00f3n entre la\u00a0abundancia...\" \/>\n<meta property=\"og:url\" content=\"https:\/\/crees.org.do\/?p=28093\" \/>\n<meta property=\"og:site_name\" content=\"CREES\" \/>\n<meta property=\"article:publisher\" content=\"https:\/\/www.facebook.com\/CREESRD\/\" \/>\n<meta property=\"article:published_time\" content=\"2025-05-09T14:07:10+00:00\" \/>\n<meta property=\"og:image\" content=\"https:\/\/crees.org.do\/wp-content\/uploads\/2025\/05\/sai2025-mint-02.png\" \/>\n\t<meta property=\"og:image:width\" content=\"1200\" \/>\n\t<meta property=\"og:image:height\" content=\"641\" \/>\n\t<meta property=\"og:image:type\" content=\"image\/png\" \/>\n<meta name=\"author\" content=\"Crees\" \/>\n<meta name=\"twitter:card\" content=\"summary_large_image\" \/>\n<meta name=\"twitter:creator\" content=\"@CREESRD\" \/>\n<meta name=\"twitter:site\" content=\"@CREESRD\" \/>\n<meta name=\"twitter:label1\" content=\"Escrito por\" \/>\n\t<meta name=\"twitter:data1\" content=\"Crees\" \/>\n\t<meta name=\"twitter:label2\" content=\"Tiempo de lectura\" \/>\n\t<meta name=\"twitter:data2\" content=\"10 minutos\" \/>\n<script type=\"application\/ld+json\" class=\"yoast-schema-graph\">{\"@context\":\"https:\/\/schema.org\",\"@graph\":[{\"@type\":\"Article\",\"@id\":\"https:\/\/crees.org.do\/?p=28093#article\",\"isPartOf\":{\"@id\":\"https:\/\/crees.org.do\/?p=28093\"},\"author\":{\"name\":\"Crees\",\"@id\":\"https:\/\/crees.org.do\/#\/schema\/person\/e7f97cd94d7bf9cd0e0ce30acb7d56b8\"},\"headline\":\"El \u00cdndice Simon de Abundancia 2025\",\"datePublished\":\"2025-05-09T14:07:10+00:00\",\"mainEntityOfPage\":{\"@id\":\"https:\/\/crees.org.do\/?p=28093\"},\"wordCount\":2002,\"publisher\":{\"@id\":\"https:\/\/crees.org.do\/#organization\"},\"image\":{\"@id\":\"https:\/\/crees.org.do\/?p=28093#primaryimage\"},\"thumbnailUrl\":\"https:\/\/crees.org.do\/wp-content\/uploads\/2025\/05\/sai2025-mint-02.png\",\"articleSection\":[\"Art\u00edculos\"],\"inLanguage\":\"es\"},{\"@type\":\"WebPage\",\"@id\":\"https:\/\/crees.org.do\/?p=28093\",\"url\":\"https:\/\/crees.org.do\/?p=28093\",\"name\":\"El \u00cdndice Simon de Abundancia 2025 | CREES\",\"isPartOf\":{\"@id\":\"https:\/\/crees.org.do\/#website\"},\"primaryImageOfPage\":{\"@id\":\"https:\/\/crees.org.do\/?p=28093#primaryimage\"},\"image\":{\"@id\":\"https:\/\/crees.org.do\/?p=28093#primaryimage\"},\"thumbnailUrl\":\"https:\/\/crees.org.do\/wp-content\/uploads\/2025\/05\/sai2025-mint-02.png\",\"datePublished\":\"2025-05-09T14:07:10+00:00\",\"breadcrumb\":{\"@id\":\"https:\/\/crees.org.do\/?p=28093#breadcrumb\"},\"inLanguage\":\"es\",\"potentialAction\":[{\"@type\":\"ReadAction\",\"target\":[\"https:\/\/crees.org.do\/?p=28093\"]}]},{\"@type\":\"ImageObject\",\"inLanguage\":\"es\",\"@id\":\"https:\/\/crees.org.do\/?p=28093#primaryimage\",\"url\":\"https:\/\/crees.org.do\/wp-content\/uploads\/2025\/05\/sai2025-mint-02.png\",\"contentUrl\":\"https:\/\/crees.org.do\/wp-content\/uploads\/2025\/05\/sai2025-mint-02.png\",\"width\":1200,\"height\":641},{\"@type\":\"BreadcrumbList\",\"@id\":\"https:\/\/crees.org.do\/?p=28093#breadcrumb\",\"itemListElement\":[{\"@type\":\"ListItem\",\"position\":1,\"name\":\"Portada\",\"item\":\"https:\/\/crees.org.do\/\"},{\"@type\":\"ListItem\",\"position\":2,\"name\":\"El \u00cdndice Simon de Abundancia 2025\"}]},{\"@type\":\"WebSite\",\"@id\":\"https:\/\/crees.org.do\/#website\",\"url\":\"https:\/\/crees.org.do\/\",\"name\":\"CREES\",\"description\":\"Centro Regional de Estrategias Econ\u00f3micas Sostenibles\",\"publisher\":{\"@id\":\"https:\/\/crees.org.do\/#organization\"},\"potentialAction\":[{\"@type\":\"SearchAction\",\"target\":{\"@type\":\"EntryPoint\",\"urlTemplate\":\"https:\/\/crees.org.do\/?s={search_term_string}\"},\"query-input\":{\"@type\":\"PropertyValueSpecification\",\"valueRequired\":true,\"valueName\":\"search_term_string\"}}],\"inLanguage\":\"es\"},{\"@type\":\"Organization\",\"@id\":\"https:\/\/crees.org.do\/#organization\",\"name\":\"CREES | Centro Regional de Estrategias Econ\u00f3micas Sostenibles\",\"url\":\"https:\/\/crees.org.do\/\",\"logo\":{\"@type\":\"ImageObject\",\"inLanguage\":\"es\",\"@id\":\"https:\/\/crees.org.do\/#\/schema\/logo\/image\/\",\"url\":\"https:\/\/crees.org.do\/wp-content\/uploads\/2022\/03\/crees-logo-1.jpg\",\"contentUrl\":\"https:\/\/crees.org.do\/wp-content\/uploads\/2022\/03\/crees-logo-1.jpg\",\"width\":244,\"height\":71,\"caption\":\"CREES | Centro Regional de Estrategias Econ\u00f3micas Sostenibles\"},\"image\":{\"@id\":\"https:\/\/crees.org.do\/#\/schema\/logo\/image\/\"},\"sameAs\":[\"https:\/\/www.facebook.com\/CREESRD\/\",\"https:\/\/x.com\/CREESRD\"]},{\"@type\":\"Person\",\"@id\":\"https:\/\/crees.org.do\/#\/schema\/person\/e7f97cd94d7bf9cd0e0ce30acb7d56b8\",\"name\":\"Crees\",\"image\":{\"@type\":\"ImageObject\",\"inLanguage\":\"es\",\"@id\":\"https:\/\/crees.org.do\/#\/schema\/person\/image\/\",\"url\":\"https:\/\/secure.gravatar.com\/avatar\/390ac8f0be5d9aa046152553e2dd7011b59a512d89c150f5e5f28bb8d9a0b165?s=96&d=mm&r=g\",\"contentUrl\":\"https:\/\/secure.gravatar.com\/avatar\/390ac8f0be5d9aa046152553e2dd7011b59a512d89c150f5e5f28bb8d9a0b165?s=96&d=mm&r=g\",\"caption\":\"Crees\"},\"url\":\"https:\/\/crees.org.do\/?author=2\"}]}<\/script>\n<!-- \/ Yoast SEO plugin. -->","yoast_head_json":{"title":"El \u00cdndice Simon de Abundancia 2025 | CREES","robots":{"index":"index","follow":"follow","max-snippet":"max-snippet:-1","max-image-preview":"max-image-preview:large","max-video-preview":"max-video-preview:-1"},"canonical":"https:\/\/crees.org.do\/?p=28093","og_locale":"es_ES","og_type":"article","og_title":"El \u00cdndice Simon de Abundancia 2025 | CREES","og_description":"Autor: Gale L. Pooley y Marian L. Tupy Publicado originalmente: 6 de mayo de 2025 Extra\u00eddo de: El Cato El \u00cdndice Simon de Abundancia 2025 Gale L. Pooley\u00a0y\u00a0Marian L. Tupy\u00a0se\u00f1alan que los recursos del planeta Tierra eran un 518,4% m\u00e1s abundante en 2024 que en 1980. El\u00a0\u00cdndice Simon de Abundancia\u00a0(ISA) mide la relaci\u00f3n entre la\u00a0abundancia...","og_url":"https:\/\/crees.org.do\/?p=28093","og_site_name":"CREES","article_publisher":"https:\/\/www.facebook.com\/CREESRD\/","article_published_time":"2025-05-09T14:07:10+00:00","og_image":[{"width":1200,"height":641,"url":"https:\/\/crees.org.do\/wp-content\/uploads\/2025\/05\/sai2025-mint-02.png","type":"image\/png"}],"author":"Crees","twitter_card":"summary_large_image","twitter_creator":"@CREESRD","twitter_site":"@CREESRD","twitter_misc":{"Escrito por":"Crees","Tiempo de lectura":"10 minutos"},"schema":{"@context":"https:\/\/schema.org","@graph":[{"@type":"Article","@id":"https:\/\/crees.org.do\/?p=28093#article","isPartOf":{"@id":"https:\/\/crees.org.do\/?p=28093"},"author":{"name":"Crees","@id":"https:\/\/crees.org.do\/#\/schema\/person\/e7f97cd94d7bf9cd0e0ce30acb7d56b8"},"headline":"El \u00cdndice Simon de Abundancia 2025","datePublished":"2025-05-09T14:07:10+00:00","mainEntityOfPage":{"@id":"https:\/\/crees.org.do\/?p=28093"},"wordCount":2002,"publisher":{"@id":"https:\/\/crees.org.do\/#organization"},"image":{"@id":"https:\/\/crees.org.do\/?p=28093#primaryimage"},"thumbnailUrl":"https:\/\/crees.org.do\/wp-content\/uploads\/2025\/05\/sai2025-mint-02.png","articleSection":["Art\u00edculos"],"inLanguage":"es"},{"@type":"WebPage","@id":"https:\/\/crees.org.do\/?p=28093","url":"https:\/\/crees.org.do\/?p=28093","name":"El \u00cdndice Simon de Abundancia 2025 | CREES","isPartOf":{"@id":"https:\/\/crees.org.do\/#website"},"primaryImageOfPage":{"@id":"https:\/\/crees.org.do\/?p=28093#primaryimage"},"image":{"@id":"https:\/\/crees.org.do\/?p=28093#primaryimage"},"thumbnailUrl":"https:\/\/crees.org.do\/wp-content\/uploads\/2025\/05\/sai2025-mint-02.png","datePublished":"2025-05-09T14:07:10+00:00","breadcrumb":{"@id":"https:\/\/crees.org.do\/?p=28093#breadcrumb"},"inLanguage":"es","potentialAction":[{"@type":"ReadAction","target":["https:\/\/crees.org.do\/?p=28093"]}]},{"@type":"ImageObject","inLanguage":"es","@id":"https:\/\/crees.org.do\/?p=28093#primaryimage","url":"https:\/\/crees.org.do\/wp-content\/uploads\/2025\/05\/sai2025-mint-02.png","contentUrl":"https:\/\/crees.org.do\/wp-content\/uploads\/2025\/05\/sai2025-mint-02.png","width":1200,"height":641},{"@type":"BreadcrumbList","@id":"https:\/\/crees.org.do\/?p=28093#breadcrumb","itemListElement":[{"@type":"ListItem","position":1,"name":"Portada","item":"https:\/\/crees.org.do\/"},{"@type":"ListItem","position":2,"name":"El \u00cdndice Simon de Abundancia 2025"}]},{"@type":"WebSite","@id":"https:\/\/crees.org.do\/#website","url":"https:\/\/crees.org.do\/","name":"CREES","description":"Centro Regional de Estrategias Econ\u00f3micas Sostenibles","publisher":{"@id":"https:\/\/crees.org.do\/#organization"},"potentialAction":[{"@type":"SearchAction","target":{"@type":"EntryPoint","urlTemplate":"https:\/\/crees.org.do\/?s={search_term_string}"},"query-input":{"@type":"PropertyValueSpecification","valueRequired":true,"valueName":"search_term_string"}}],"inLanguage":"es"},{"@type":"Organization","@id":"https:\/\/crees.org.do\/#organization","name":"CREES | Centro Regional de Estrategias Econ\u00f3micas Sostenibles","url":"https:\/\/crees.org.do\/","logo":{"@type":"ImageObject","inLanguage":"es","@id":"https:\/\/crees.org.do\/#\/schema\/logo\/image\/","url":"https:\/\/crees.org.do\/wp-content\/uploads\/2022\/03\/crees-logo-1.jpg","contentUrl":"https:\/\/crees.org.do\/wp-content\/uploads\/2022\/03\/crees-logo-1.jpg","width":244,"height":71,"caption":"CREES | Centro Regional de Estrategias Econ\u00f3micas Sostenibles"},"image":{"@id":"https:\/\/crees.org.do\/#\/schema\/logo\/image\/"},"sameAs":["https:\/\/www.facebook.com\/CREESRD\/","https:\/\/x.com\/CREESRD"]},{"@type":"Person","@id":"https:\/\/crees.org.do\/#\/schema\/person\/e7f97cd94d7bf9cd0e0ce30acb7d56b8","name":"Crees","image":{"@type":"ImageObject","inLanguage":"es","@id":"https:\/\/crees.org.do\/#\/schema\/person\/image\/","url":"https:\/\/secure.gravatar.com\/avatar\/390ac8f0be5d9aa046152553e2dd7011b59a512d89c150f5e5f28bb8d9a0b165?s=96&d=mm&r=g","contentUrl":"https:\/\/secure.gravatar.com\/avatar\/390ac8f0be5d9aa046152553e2dd7011b59a512d89c150f5e5f28bb8d9a0b165?s=96&d=mm&r=g","caption":"Crees"},"url":"https:\/\/crees.org.do\/?author=2"}]}},"_links":{"self":[{"href":"https:\/\/crees.org.do\/index.php?rest_route=\/wp\/v2\/posts\/28093","targetHints":{"allow":["GET"]}}],"collection":[{"href":"https:\/\/crees.org.do\/index.php?rest_route=\/wp\/v2\/posts"}],"about":[{"href":"https:\/\/crees.org.do\/index.php?rest_route=\/wp\/v2\/types\/post"}],"author":[{"embeddable":true,"href":"https:\/\/crees.org.do\/index.php?rest_route=\/wp\/v2\/users\/2"}],"replies":[{"embeddable":true,"href":"https:\/\/crees.org.do\/index.php?rest_route=%2Fwp%2Fv2%2Fcomments&post=28093"}],"version-history":[{"count":3,"href":"https:\/\/crees.org.do\/index.php?rest_route=\/wp\/v2\/posts\/28093\/revisions"}],"predecessor-version":[{"id":28109,"href":"https:\/\/crees.org.do\/index.php?rest_route=\/wp\/v2\/posts\/28093\/revisions\/28109"}],"wp:featuredmedia":[{"embeddable":true,"href":"https:\/\/crees.org.do\/index.php?rest_route=\/wp\/v2\/media\/28100"}],"wp:attachment":[{"href":"https:\/\/crees.org.do\/index.php?rest_route=%2Fwp%2Fv2%2Fmedia&parent=28093"}],"wp:term":[{"taxonomy":"category","embeddable":true,"href":"https:\/\/crees.org.do\/index.php?rest_route=%2Fwp%2Fv2%2Fcategories&post=28093"},{"taxonomy":"post_tag","embeddable":true,"href":"https:\/\/crees.org.do\/index.php?rest_route=%2Fwp%2Fv2%2Ftags&post=28093"}],"curies":[{"name":"wp","href":"https:\/\/api.w.org\/{rel}","templated":true}]}}