{"id":28097,"date":"2025-05-09T13:43:18","date_gmt":"2025-05-09T13:43:18","guid":{"rendered":"https:\/\/crees.org.do\/?p=28097"},"modified":"2025-05-09T13:43:18","modified_gmt":"2025-05-09T13:43:18","slug":"penalizacion-al-ahorro-un-obstaculo-para-el-crecimiento-exportador-en-dominicano","status":"publish","type":"post","link":"https:\/\/crees.org.do\/?p=28097","title":{"rendered":"Penalizaci\u00f3n al ahorro: un obst\u00e1culo para el crecimiento exportador en dominicano"},"content":{"rendered":"<p style=\"text-align: justify;\">Autor: Massiel de Jes\u00fas<\/p>\n<p style=\"text-align: justify;\">Fecha: 5 de mayo<\/p>\n<p style=\"text-align: justify;\">Extra\u00eddo de:<a href=\"https:\/\/eldinero.com.do\/322049\/penalizacion-al-ahorro-un-obstaculo-para-el-crecimiento-exportador-en-dominicano\/\"> elDinero<\/a><\/p>\n<h2 class=\"jeg_post_title\" style=\"text-align: justify;\">Penalizaci\u00f3n al ahorro: un obst\u00e1culo para el crecimiento exportador en dominicano<\/h2>\n<p style=\"text-align: justify;\">Rep\u00fablica Dominicana se posiciona como la naci\u00f3n que menos ha capitalizado su integraci\u00f3n en el\u00a0<strong>Tratado de Libre Comercio con Centroam\u00e9rica y Estados Unidos<\/strong>\u00a0(<a href=\"https:\/\/eldinero.com.do\/314087\/republica-dominicana-esta-atras-en-comercio-con-los-paises-del-dr-cafta\/\">DR-Cafta<\/a>). Seg\u00fan datos del\u00a0<strong>Banco Mundial<\/strong>, en 2023, las exportaciones de bienes del pa\u00eds representan apenas el 10.7% de su producto interno bruto (PIB), la cifra m\u00e1s baja entre los pa\u00edses miembros del DR-Cafta. En contraste, Nicaragua lidera con un 41.4%, seguido por Honduras (33.1%), Costa Rica (22%), Panam\u00e1 (20.1%), El Salvador (19.1%) y Guatemala (13.6%).<\/p>\n<p style=\"text-align: justify;\">Ante este panorama, surge la pregunta:\u00a0<strong>\u00bfqu\u00e9 necesita una econom\u00eda para aumentar la producci\u00f3n de bienes y servicios exportables a largo plazo?<\/strong>\u00a0Miguel Collado Di Franco, economista y vicepresidente del Centro Regional de Estrategias Econ\u00f3micas Sostenibles (<a href=\"https:\/\/crees.org.do\/\">CREES<\/a>), apunta que el primer paso es fomentar el ahorro, ya que este se traduce en inversi\u00f3n. \u201c<strong>Las pol\u00edticas que crean un r\u00e9gimen de incertidumbre y penalizan el ahorro deben ser evitadas<\/strong>\u201d, afirma.<\/p>\n<p style=\"text-align: justify;\">Collado Di Franco explica que estas condiciones comienzan con \u201clas reglas del juego\u201d, que incluyen un sistema impositivo adecuado, as\u00ed como una\u00a0<strong>burocracia eficiente<\/strong>\u00a0en la obtenci\u00f3n de permisos y licencias. Adem\u00e1s, enfatiza la importancia de controlar los costos a lo largo del proceso productivo.<\/p>\n<p style=\"text-align: justify;\">Agrega que es crucial que los insumos no sean encarecidos artificialmente, que los precios del transporte reflejen las condiciones del mercado y que los\u00a0<strong>salarios est\u00e9n alineados con la productividad<\/strong>, evitando as\u00ed distorsiones provocadas por pol\u00edticas monetarias expansivas que alimentan la inflaci\u00f3n.<\/p>\n<p style=\"text-align: justify;\">\u201cUn centro de pensamiento econ\u00f3mico debe plantear argumentos como estos. Son las autoridades quienes deciden cu\u00e1ndo modificar las pol\u00edticas p\u00fablicas para favorecer los procesos productivos a trav\u00e9s de estrategias adecuadas, con el fin de generar mayor producci\u00f3n local y fomentar las exportaciones\u201d, puntualiz\u00f3 el economista en su reciente an\u00e1lisis titulado \u201cUn clima de negocios para generar m\u00e1s producci\u00f3n y exportaciones\u201d.<\/p>\n<div class=\"pvc_clear\"><\/div>\n<p class=\"pvc_stats all \" data-element-id=\"28097\" style=\"\"><i class=\"pvc-stats-icon medium\" aria-hidden=\"true\"><svg aria-hidden=\"true\" focusable=\"false\" data-prefix=\"far\" data-icon=\"chart-bar\" role=\"img\" xmlns=\"http:\/\/www.w3.org\/2000\/svg\" viewBox=\"0 0 512 512\" class=\"svg-inline--fa fa-chart-bar fa-w-16 fa-2x\"><path fill=\"currentColor\" d=\"M396.8 352h22.4c6.4 0 12.8-6.4 12.8-12.8V108.8c0-6.4-6.4-12.8-12.8-12.8h-22.4c-6.4 0-12.8 6.4-12.8 12.8v230.4c0 6.4 6.4 12.8 12.8 12.8zm-192 0h22.4c6.4 0 12.8-6.4 12.8-12.8V140.8c0-6.4-6.4-12.8-12.8-12.8h-22.4c-6.4 0-12.8 6.4-12.8 12.8v198.4c0 6.4 6.4 12.8 12.8 12.8zm96 0h22.4c6.4 0 12.8-6.4 12.8-12.8V204.8c0-6.4-6.4-12.8-12.8-12.8h-22.4c-6.4 0-12.8 6.4-12.8 12.8v134.4c0 6.4 6.4 12.8 12.8 12.8zM496 400H48V80c0-8.84-7.16-16-16-16H16C7.16 64 0 71.16 0 80v336c0 17.67 14.33 32 32 32h464c8.84 0 16-7.16 16-16v-16c0-8.84-7.16-16-16-16zm-387.2-48h22.4c6.4 0 12.8-6.4 12.8-12.8v-70.4c0-6.4-6.4-12.8-12.8-12.8h-22.4c-6.4 0-12.8 6.4-12.8 12.8v70.4c0 6.4 6.4 12.8 12.8 12.8z\" class=\"\"><\/path><\/svg><\/i> Vistas Totales&nbsp;1,008&nbsp;, Vistas Hoy&nbsp;2&nbsp;<\/p>\n<div class=\"pvc_clear\"><\/div>\n","protected":false},"excerpt":{"rendered":"<p>Autor: Massiel de Jes\u00fas Fecha: 5 de mayo Extra\u00eddo de: elDinero Penalizaci\u00f3n al ahorro: un obst\u00e1culo para el crecimiento exportador en dominicano Rep\u00fablica Dominicana se posiciona como la naci\u00f3n que menos ha capitalizado su integraci\u00f3n en el\u00a0Tratado de Libre Comercio con Centroam\u00e9rica y Estados Unidos\u00a0(DR-Cafta). Seg\u00fan datos del\u00a0Banco Mundial, en 2023, las exportaciones de bienes&#8230;<\/p>\n<div class=\"pvc_clear\"><\/div>\n<p class=\"pvc_stats all \" data-element-id=\"28097\" style=\"\"><i class=\"pvc-stats-icon medium\" aria-hidden=\"true\"><svg aria-hidden=\"true\" focusable=\"false\" data-prefix=\"far\" data-icon=\"chart-bar\" role=\"img\" xmlns=\"http:\/\/www.w3.org\/2000\/svg\" viewBox=\"0 0 512 512\" class=\"svg-inline--fa fa-chart-bar fa-w-16 fa-2x\"><path fill=\"currentColor\" d=\"M396.8 352h22.4c6.4 0 12.8-6.4 12.8-12.8V108.8c0-6.4-6.4-12.8-12.8-12.8h-22.4c-6.4 0-12.8 6.4-12.8 12.8v230.4c0 6.4 6.4 12.8 12.8 12.8zm-192 0h22.4c6.4 0 12.8-6.4 12.8-12.8V140.8c0-6.4-6.4-12.8-12.8-12.8h-22.4c-6.4 0-12.8 6.4-12.8 12.8v198.4c0 6.4 6.4 12.8 12.8 12.8zm96 0h22.4c6.4 0 12.8-6.4 12.8-12.8V204.8c0-6.4-6.4-12.8-12.8-12.8h-22.4c-6.4 0-12.8 6.4-12.8 12.8v134.4c0 6.4 6.4 12.8 12.8 12.8zM496 400H48V80c0-8.84-7.16-16-16-16H16C7.16 64 0 71.16 0 80v336c0 17.67 14.33 32 32 32h464c8.84 0 16-7.16 16-16v-16c0-8.84-7.16-16-16-16zm-387.2-48h22.4c6.4 0 12.8-6.4 12.8-12.8v-70.4c0-6.4-6.4-12.8-12.8-12.8h-22.4c-6.4 0-12.8 6.4-12.8 12.8v70.4c0 6.4 6.4 12.8 12.8 12.8z\" class=\"\"><\/path><\/svg><\/i> Vistas Totales&nbsp;1,008&nbsp;, Vistas Hoy&nbsp;2&nbsp;<\/p>\n<div class=\"pvc_clear\"><\/div>\n","protected":false},"author":2,"featured_media":28098,"comment_status":"closed","ping_status":"closed","sticky":false,"template":"","format":"standard","meta":{"footnotes":""},"categories":[19],"tags":[],"class_list":["post-28097","post","type-post","status-publish","format-standard","has-post-thumbnail","hentry","category-actualidad"],"yoast_head":"<!-- This site is optimized with the Yoast SEO plugin v25.2 - https:\/\/yoast.com\/wordpress\/plugins\/seo\/ -->\n<title>Penalizaci\u00f3n al ahorro: un obst\u00e1culo para el crecimiento exportador en dominicano | CREES<\/title>\n<meta name=\"robots\" content=\"index, follow, max-snippet:-1, max-image-preview:large, max-video-preview:-1\" \/>\n<link rel=\"canonical\" href=\"https:\/\/crees.org.do\/?p=28097\" \/>\n<meta property=\"og:locale\" content=\"es_ES\" \/>\n<meta property=\"og:type\" content=\"article\" \/>\n<meta property=\"og:title\" content=\"Penalizaci\u00f3n al ahorro: un obst\u00e1culo para el crecimiento exportador en dominicano | CREES\" \/>\n<meta property=\"og:description\" content=\"Autor: Massiel de Jes\u00fas Fecha: 5 de mayo Extra\u00eddo de: elDinero Penalizaci\u00f3n al ahorro: un obst\u00e1culo para el crecimiento exportador en dominicano Rep\u00fablica Dominicana se posiciona como la naci\u00f3n que menos ha capitalizado su integraci\u00f3n en el\u00a0Tratado de Libre Comercio con Centroam\u00e9rica y Estados Unidos\u00a0(DR-Cafta). Seg\u00fan datos del\u00a0Banco Mundial, en 2023, las exportaciones de bienes...\" \/>\n<meta property=\"og:url\" content=\"https:\/\/crees.org.do\/?p=28097\" \/>\n<meta property=\"og:site_name\" content=\"CREES\" \/>\n<meta property=\"article:publisher\" content=\"https:\/\/www.facebook.com\/CREESRD\/\" \/>\n<meta property=\"article:published_time\" content=\"2025-05-09T13:43:18+00:00\" \/>\n<meta property=\"og:image\" content=\"https:\/\/crees.org.do\/wp-content\/uploads\/2025\/05\/Exportaciones-dr-cafta-1.jpg\" \/>\n\t<meta property=\"og:image:width\" content=\"1200\" \/>\n\t<meta property=\"og:image:height\" content=\"800\" \/>\n\t<meta property=\"og:image:type\" content=\"image\/jpeg\" \/>\n<meta name=\"author\" content=\"Crees\" \/>\n<meta name=\"twitter:card\" content=\"summary_large_image\" \/>\n<meta name=\"twitter:creator\" content=\"@CREESRD\" \/>\n<meta name=\"twitter:site\" content=\"@CREESRD\" \/>\n<meta name=\"twitter:label1\" content=\"Escrito por\" \/>\n\t<meta name=\"twitter:data1\" content=\"Crees\" \/>\n\t<meta name=\"twitter:label2\" content=\"Tiempo de lectura\" \/>\n\t<meta name=\"twitter:data2\" content=\"2 minutos\" \/>\n<script type=\"application\/ld+json\" class=\"yoast-schema-graph\">{\"@context\":\"https:\/\/schema.org\",\"@graph\":[{\"@type\":\"Article\",\"@id\":\"https:\/\/crees.org.do\/?p=28097#article\",\"isPartOf\":{\"@id\":\"https:\/\/crees.org.do\/?p=28097\"},\"author\":{\"name\":\"Crees\",\"@id\":\"https:\/\/crees.org.do\/#\/schema\/person\/e7f97cd94d7bf9cd0e0ce30acb7d56b8\"},\"headline\":\"Penalizaci\u00f3n al ahorro: un obst\u00e1culo para el crecimiento exportador en dominicano\",\"datePublished\":\"2025-05-09T13:43:18+00:00\",\"mainEntityOfPage\":{\"@id\":\"https:\/\/crees.org.do\/?p=28097\"},\"wordCount\":354,\"publisher\":{\"@id\":\"https:\/\/crees.org.do\/#organization\"},\"image\":{\"@id\":\"https:\/\/crees.org.do\/?p=28097#primaryimage\"},\"thumbnailUrl\":\"https:\/\/crees.org.do\/wp-content\/uploads\/2025\/05\/Exportaciones-dr-cafta-1.jpg\",\"articleSection\":[\"Actualidad\"],\"inLanguage\":\"es\"},{\"@type\":\"WebPage\",\"@id\":\"https:\/\/crees.org.do\/?p=28097\",\"url\":\"https:\/\/crees.org.do\/?p=28097\",\"name\":\"Penalizaci\u00f3n al ahorro: un obst\u00e1culo para el crecimiento exportador en dominicano | CREES\",\"isPartOf\":{\"@id\":\"https:\/\/crees.org.do\/#website\"},\"primaryImageOfPage\":{\"@id\":\"https:\/\/crees.org.do\/?p=28097#primaryimage\"},\"image\":{\"@id\":\"https:\/\/crees.org.do\/?p=28097#primaryimage\"},\"thumbnailUrl\":\"https:\/\/crees.org.do\/wp-content\/uploads\/2025\/05\/Exportaciones-dr-cafta-1.jpg\",\"datePublished\":\"2025-05-09T13:43:18+00:00\",\"breadcrumb\":{\"@id\":\"https:\/\/crees.org.do\/?p=28097#breadcrumb\"},\"inLanguage\":\"es\",\"potentialAction\":[{\"@type\":\"ReadAction\",\"target\":[\"https:\/\/crees.org.do\/?p=28097\"]}]},{\"@type\":\"ImageObject\",\"inLanguage\":\"es\",\"@id\":\"https:\/\/crees.org.do\/?p=28097#primaryimage\",\"url\":\"https:\/\/crees.org.do\/wp-content\/uploads\/2025\/05\/Exportaciones-dr-cafta-1.jpg\",\"contentUrl\":\"https:\/\/crees.org.do\/wp-content\/uploads\/2025\/05\/Exportaciones-dr-cafta-1.jpg\",\"width\":1200,\"height\":800},{\"@type\":\"BreadcrumbList\",\"@id\":\"https:\/\/crees.org.do\/?p=28097#breadcrumb\",\"itemListElement\":[{\"@type\":\"ListItem\",\"position\":1,\"name\":\"Portada\",\"item\":\"https:\/\/crees.org.do\/\"},{\"@type\":\"ListItem\",\"position\":2,\"name\":\"Penalizaci\u00f3n al ahorro: un obst\u00e1culo para el crecimiento exportador en dominicano\"}]},{\"@type\":\"WebSite\",\"@id\":\"https:\/\/crees.org.do\/#website\",\"url\":\"https:\/\/crees.org.do\/\",\"name\":\"CREES\",\"description\":\"Centro Regional de Estrategias Econ\u00f3micas Sostenibles\",\"publisher\":{\"@id\":\"https:\/\/crees.org.do\/#organization\"},\"potentialAction\":[{\"@type\":\"SearchAction\",\"target\":{\"@type\":\"EntryPoint\",\"urlTemplate\":\"https:\/\/crees.org.do\/?s={search_term_string}\"},\"query-input\":{\"@type\":\"PropertyValueSpecification\",\"valueRequired\":true,\"valueName\":\"search_term_string\"}}],\"inLanguage\":\"es\"},{\"@type\":\"Organization\",\"@id\":\"https:\/\/crees.org.do\/#organization\",\"name\":\"CREES | Centro Regional de Estrategias Econ\u00f3micas Sostenibles\",\"url\":\"https:\/\/crees.org.do\/\",\"logo\":{\"@type\":\"ImageObject\",\"inLanguage\":\"es\",\"@id\":\"https:\/\/crees.org.do\/#\/schema\/logo\/image\/\",\"url\":\"https:\/\/crees.org.do\/wp-content\/uploads\/2022\/03\/crees-logo-1.jpg\",\"contentUrl\":\"https:\/\/crees.org.do\/wp-content\/uploads\/2022\/03\/crees-logo-1.jpg\",\"width\":244,\"height\":71,\"caption\":\"CREES | Centro Regional de Estrategias Econ\u00f3micas Sostenibles\"},\"image\":{\"@id\":\"https:\/\/crees.org.do\/#\/schema\/logo\/image\/\"},\"sameAs\":[\"https:\/\/www.facebook.com\/CREESRD\/\",\"https:\/\/x.com\/CREESRD\"]},{\"@type\":\"Person\",\"@id\":\"https:\/\/crees.org.do\/#\/schema\/person\/e7f97cd94d7bf9cd0e0ce30acb7d56b8\",\"name\":\"Crees\",\"image\":{\"@type\":\"ImageObject\",\"inLanguage\":\"es\",\"@id\":\"https:\/\/crees.org.do\/#\/schema\/person\/image\/\",\"url\":\"https:\/\/secure.gravatar.com\/avatar\/390ac8f0be5d9aa046152553e2dd7011b59a512d89c150f5e5f28bb8d9a0b165?s=96&d=mm&r=g\",\"contentUrl\":\"https:\/\/secure.gravatar.com\/avatar\/390ac8f0be5d9aa046152553e2dd7011b59a512d89c150f5e5f28bb8d9a0b165?s=96&d=mm&r=g\",\"caption\":\"Crees\"},\"url\":\"https:\/\/crees.org.do\/?author=2\"}]}<\/script>\n<!-- \/ Yoast SEO plugin. -->","yoast_head_json":{"title":"Penalizaci\u00f3n al ahorro: un obst\u00e1culo para el crecimiento exportador en dominicano | CREES","robots":{"index":"index","follow":"follow","max-snippet":"max-snippet:-1","max-image-preview":"max-image-preview:large","max-video-preview":"max-video-preview:-1"},"canonical":"https:\/\/crees.org.do\/?p=28097","og_locale":"es_ES","og_type":"article","og_title":"Penalizaci\u00f3n al ahorro: un obst\u00e1culo para el crecimiento exportador en dominicano | CREES","og_description":"Autor: Massiel de Jes\u00fas Fecha: 5 de mayo Extra\u00eddo de: elDinero Penalizaci\u00f3n al ahorro: un obst\u00e1culo para el crecimiento exportador en dominicano Rep\u00fablica Dominicana se posiciona como la naci\u00f3n que menos ha capitalizado su integraci\u00f3n en el\u00a0Tratado de Libre Comercio con Centroam\u00e9rica y Estados Unidos\u00a0(DR-Cafta). Seg\u00fan datos del\u00a0Banco Mundial, en 2023, las exportaciones de bienes...","og_url":"https:\/\/crees.org.do\/?p=28097","og_site_name":"CREES","article_publisher":"https:\/\/www.facebook.com\/CREESRD\/","article_published_time":"2025-05-09T13:43:18+00:00","og_image":[{"width":1200,"height":800,"url":"https:\/\/crees.org.do\/wp-content\/uploads\/2025\/05\/Exportaciones-dr-cafta-1.jpg","type":"image\/jpeg"}],"author":"Crees","twitter_card":"summary_large_image","twitter_creator":"@CREESRD","twitter_site":"@CREESRD","twitter_misc":{"Escrito por":"Crees","Tiempo de lectura":"2 minutos"},"schema":{"@context":"https:\/\/schema.org","@graph":[{"@type":"Article","@id":"https:\/\/crees.org.do\/?p=28097#article","isPartOf":{"@id":"https:\/\/crees.org.do\/?p=28097"},"author":{"name":"Crees","@id":"https:\/\/crees.org.do\/#\/schema\/person\/e7f97cd94d7bf9cd0e0ce30acb7d56b8"},"headline":"Penalizaci\u00f3n al ahorro: un obst\u00e1culo para el crecimiento exportador en dominicano","datePublished":"2025-05-09T13:43:18+00:00","mainEntityOfPage":{"@id":"https:\/\/crees.org.do\/?p=28097"},"wordCount":354,"publisher":{"@id":"https:\/\/crees.org.do\/#organization"},"image":{"@id":"https:\/\/crees.org.do\/?p=28097#primaryimage"},"thumbnailUrl":"https:\/\/crees.org.do\/wp-content\/uploads\/2025\/05\/Exportaciones-dr-cafta-1.jpg","articleSection":["Actualidad"],"inLanguage":"es"},{"@type":"WebPage","@id":"https:\/\/crees.org.do\/?p=28097","url":"https:\/\/crees.org.do\/?p=28097","name":"Penalizaci\u00f3n al ahorro: un obst\u00e1culo para el crecimiento exportador en dominicano | CREES","isPartOf":{"@id":"https:\/\/crees.org.do\/#website"},"primaryImageOfPage":{"@id":"https:\/\/crees.org.do\/?p=28097#primaryimage"},"image":{"@id":"https:\/\/crees.org.do\/?p=28097#primaryimage"},"thumbnailUrl":"https:\/\/crees.org.do\/wp-content\/uploads\/2025\/05\/Exportaciones-dr-cafta-1.jpg","datePublished":"2025-05-09T13:43:18+00:00","breadcrumb":{"@id":"https:\/\/crees.org.do\/?p=28097#breadcrumb"},"inLanguage":"es","potentialAction":[{"@type":"ReadAction","target":["https:\/\/crees.org.do\/?p=28097"]}]},{"@type":"ImageObject","inLanguage":"es","@id":"https:\/\/crees.org.do\/?p=28097#primaryimage","url":"https:\/\/crees.org.do\/wp-content\/uploads\/2025\/05\/Exportaciones-dr-cafta-1.jpg","contentUrl":"https:\/\/crees.org.do\/wp-content\/uploads\/2025\/05\/Exportaciones-dr-cafta-1.jpg","width":1200,"height":800},{"@type":"BreadcrumbList","@id":"https:\/\/crees.org.do\/?p=28097#breadcrumb","itemListElement":[{"@type":"ListItem","position":1,"name":"Portada","item":"https:\/\/crees.org.do\/"},{"@type":"ListItem","position":2,"name":"Penalizaci\u00f3n al ahorro: un obst\u00e1culo para el crecimiento exportador en dominicano"}]},{"@type":"WebSite","@id":"https:\/\/crees.org.do\/#website","url":"https:\/\/crees.org.do\/","name":"CREES","description":"Centro Regional de Estrategias Econ\u00f3micas Sostenibles","publisher":{"@id":"https:\/\/crees.org.do\/#organization"},"potentialAction":[{"@type":"SearchAction","target":{"@type":"EntryPoint","urlTemplate":"https:\/\/crees.org.do\/?s={search_term_string}"},"query-input":{"@type":"PropertyValueSpecification","valueRequired":true,"valueName":"search_term_string"}}],"inLanguage":"es"},{"@type":"Organization","@id":"https:\/\/crees.org.do\/#organization","name":"CREES | Centro Regional de Estrategias Econ\u00f3micas Sostenibles","url":"https:\/\/crees.org.do\/","logo":{"@type":"ImageObject","inLanguage":"es","@id":"https:\/\/crees.org.do\/#\/schema\/logo\/image\/","url":"https:\/\/crees.org.do\/wp-content\/uploads\/2022\/03\/crees-logo-1.jpg","contentUrl":"https:\/\/crees.org.do\/wp-content\/uploads\/2022\/03\/crees-logo-1.jpg","width":244,"height":71,"caption":"CREES | Centro Regional de Estrategias Econ\u00f3micas Sostenibles"},"image":{"@id":"https:\/\/crees.org.do\/#\/schema\/logo\/image\/"},"sameAs":["https:\/\/www.facebook.com\/CREESRD\/","https:\/\/x.com\/CREESRD"]},{"@type":"Person","@id":"https:\/\/crees.org.do\/#\/schema\/person\/e7f97cd94d7bf9cd0e0ce30acb7d56b8","name":"Crees","image":{"@type":"ImageObject","inLanguage":"es","@id":"https:\/\/crees.org.do\/#\/schema\/person\/image\/","url":"https:\/\/secure.gravatar.com\/avatar\/390ac8f0be5d9aa046152553e2dd7011b59a512d89c150f5e5f28bb8d9a0b165?s=96&d=mm&r=g","contentUrl":"https:\/\/secure.gravatar.com\/avatar\/390ac8f0be5d9aa046152553e2dd7011b59a512d89c150f5e5f28bb8d9a0b165?s=96&d=mm&r=g","caption":"Crees"},"url":"https:\/\/crees.org.do\/?author=2"}]}},"_links":{"self":[{"href":"https:\/\/crees.org.do\/index.php?rest_route=\/wp\/v2\/posts\/28097","targetHints":{"allow":["GET"]}}],"collection":[{"href":"https:\/\/crees.org.do\/index.php?rest_route=\/wp\/v2\/posts"}],"about":[{"href":"https:\/\/crees.org.do\/index.php?rest_route=\/wp\/v2\/types\/post"}],"author":[{"embeddable":true,"href":"https:\/\/crees.org.do\/index.php?rest_route=\/wp\/v2\/users\/2"}],"replies":[{"embeddable":true,"href":"https:\/\/crees.org.do\/index.php?rest_route=%2Fwp%2Fv2%2Fcomments&post=28097"}],"version-history":[{"count":1,"href":"https:\/\/crees.org.do\/index.php?rest_route=\/wp\/v2\/posts\/28097\/revisions"}],"predecessor-version":[{"id":28099,"href":"https:\/\/crees.org.do\/index.php?rest_route=\/wp\/v2\/posts\/28097\/revisions\/28099"}],"wp:featuredmedia":[{"embeddable":true,"href":"https:\/\/crees.org.do\/index.php?rest_route=\/wp\/v2\/media\/28098"}],"wp:attachment":[{"href":"https:\/\/crees.org.do\/index.php?rest_route=%2Fwp%2Fv2%2Fmedia&parent=28097"}],"wp:term":[{"taxonomy":"category","embeddable":true,"href":"https:\/\/crees.org.do\/index.php?rest_route=%2Fwp%2Fv2%2Fcategories&post=28097"},{"taxonomy":"post_tag","embeddable":true,"href":"https:\/\/crees.org.do\/index.php?rest_route=%2Fwp%2Fv2%2Ftags&post=28097"}],"curies":[{"name":"wp","href":"https:\/\/api.w.org\/{rel}","templated":true}]}}