{"id":28130,"date":"2025-05-15T18:39:17","date_gmt":"2025-05-15T18:39:17","guid":{"rendered":"https:\/\/crees.org.do\/?p=28130"},"modified":"2025-05-15T18:39:17","modified_gmt":"2025-05-15T18:39:17","slug":"los-dominicanos-pagamos-uno-de-los-iva-mas-altos-de-america-latina-2","status":"publish","type":"post","link":"https:\/\/crees.org.do\/?p=28130","title":{"rendered":"Los dominicanos pagamos uno de los IVA m\u00e1s altos de Am\u00e9rica Latina"},"content":{"rendered":"<p><img fetchpriority=\"high\" decoding=\"async\" class=\"aligncenter wp-image-28131\" src=\"https:\/\/crees.org.do\/wp-content\/uploads\/2025\/05\/Slide-1-copy-6-4.png\" alt=\"\" width=\"896\" height=\"896\" srcset=\"https:\/\/crees.org.do\/wp-content\/uploads\/2025\/05\/Slide-1-copy-6-4.png 1200w, https:\/\/crees.org.do\/wp-content\/uploads\/2025\/05\/Slide-1-copy-6-4-450x450.png 450w, https:\/\/crees.org.do\/wp-content\/uploads\/2025\/05\/Slide-1-copy-6-4-2000x2000.png 2000w, https:\/\/crees.org.do\/wp-content\/uploads\/2025\/05\/Slide-1-copy-6-4-150x150.png 150w, https:\/\/crees.org.do\/wp-content\/uploads\/2025\/05\/Slide-1-copy-6-4-768x768.png 768w, https:\/\/crees.org.do\/wp-content\/uploads\/2025\/05\/Slide-1-copy-6-4-1536x1536.png 1536w, https:\/\/crees.org.do\/wp-content\/uploads\/2025\/05\/Slide-1-copy-6-4-2048x2048.png 2048w\" sizes=\"(max-width: 896px) 100vw, 896px\" \/><\/p>\n<h2 style=\"text-align: justify;\">Los dominicanos pagamos uno de los IVA m\u00e1s altos de Am\u00e9rica Latina<\/h2>\n<p style=\"text-align: justify;\">En Rep\u00fablica Dominicana, el equivalente al Impuesto al Valor Agregado (IVA) es el ITBIS, cuya tasa general asciende al 18% y una tasa de 16% que aplica a un menor grupo de bienes. Esto sit\u00faa al pa\u00eds entre los que imponen una de las tasas m\u00e1s altas de Am\u00e9rica Latina. Seg\u00fan datos de abril de 2025, la tasa dominicana es 2.6 puntos porcentuales superior al promedio regional (15.4%) y 5.5 puntos por encima del promedio de Am\u00e9rica Central (12.5%).<\/p>\n<p style=\"text-align: justify;\">Como muestra el gr\u00e1fico, solo Uruguay (22%), Argentina (21%), Colombia (19%) y Chile (19%) superan a Rep\u00fablica Dominicana. En contraste, pa\u00edses como Paraguay (10%), Panam\u00e1 (7%) y Costa Rica (13%) aplican tasas significativamente m\u00e1s bajas.<\/p>\n<p style=\"text-align: justify;\">El IVA \u2014o ITBIS en el caso dominicano\u2014 es un impuesto indirecto que grava el consumo. Esto no solo encarece los bienes y servicios adquiridos por los hogares, sino que tambi\u00e9n aumenta los costos para las empresas, afectando sus m\u00e1rgenes, precios y decisiones de producci\u00f3n. Es una carga que impacta especialmente a quienes tienen menor poder adquisitivo y limita el desarrollo de actividades productivas en la econom\u00eda formal.<\/p>\n<p style=\"text-align: justify;\">Adem\u00e1s, cuando se combina una tasa elevada con m\u00faltiples exenciones y reg\u00edmenes especiales, como sucede en Rep\u00fablica Dominicana, se crean incentivos para la evasi\u00f3n y se distorsionan los precios relativos. Esto dificulta tanto la transparencia como la eficiencia del sistema tributario.<\/p>\n<p style=\"text-align: justify;\">M\u00e1s que mantener una elevada carga sobre el consumo, se requieren reformas que apunten a la simplicidad, neutralidad y menor interferencia en los procesos de mercado. Un sistema menos distorsionante con una tasa m\u00e1s baja puede facilitar el cumplimiento, promover la formalizaci\u00f3n y contribuir a una econom\u00eda m\u00e1s din\u00e1mica y competitiva.<\/p>\n<div class=\"pvc_clear\"><\/div>\n<p class=\"pvc_stats all \" data-element-id=\"28130\" style=\"\"><i class=\"pvc-stats-icon medium\" aria-hidden=\"true\"><svg aria-hidden=\"true\" focusable=\"false\" data-prefix=\"far\" data-icon=\"chart-bar\" role=\"img\" xmlns=\"http:\/\/www.w3.org\/2000\/svg\" viewBox=\"0 0 512 512\" class=\"svg-inline--fa fa-chart-bar fa-w-16 fa-2x\"><path fill=\"currentColor\" d=\"M396.8 352h22.4c6.4 0 12.8-6.4 12.8-12.8V108.8c0-6.4-6.4-12.8-12.8-12.8h-22.4c-6.4 0-12.8 6.4-12.8 12.8v230.4c0 6.4 6.4 12.8 12.8 12.8zm-192 0h22.4c6.4 0 12.8-6.4 12.8-12.8V140.8c0-6.4-6.4-12.8-12.8-12.8h-22.4c-6.4 0-12.8 6.4-12.8 12.8v198.4c0 6.4 6.4 12.8 12.8 12.8zm96 0h22.4c6.4 0 12.8-6.4 12.8-12.8V204.8c0-6.4-6.4-12.8-12.8-12.8h-22.4c-6.4 0-12.8 6.4-12.8 12.8v134.4c0 6.4 6.4 12.8 12.8 12.8zM496 400H48V80c0-8.84-7.16-16-16-16H16C7.16 64 0 71.16 0 80v336c0 17.67 14.33 32 32 32h464c8.84 0 16-7.16 16-16v-16c0-8.84-7.16-16-16-16zm-387.2-48h22.4c6.4 0 12.8-6.4 12.8-12.8v-70.4c0-6.4-6.4-12.8-12.8-12.8h-22.4c-6.4 0-12.8 6.4-12.8 12.8v70.4c0 6.4 6.4 12.8 12.8 12.8z\" class=\"\"><\/path><\/svg><\/i> Vistas Totales&nbsp;1,824&nbsp;, Vistas Hoy&nbsp;6&nbsp;<\/p>\n<div class=\"pvc_clear\"><\/div>\n","protected":false},"excerpt":{"rendered":"<p>Los dominicanos pagamos uno de los IVA m\u00e1s altos de Am\u00e9rica Latina En Rep\u00fablica Dominicana, el equivalente al Impuesto al Valor Agregado (IVA) es el ITBIS, cuya tasa general asciende al 18% y una tasa de 16% que aplica a un menor grupo de bienes. Esto sit\u00faa al pa\u00eds entre los que imponen una de&#8230;<\/p>\n<div class=\"pvc_clear\"><\/div>\n<p class=\"pvc_stats all \" data-element-id=\"28130\" style=\"\"><i class=\"pvc-stats-icon medium\" aria-hidden=\"true\"><svg aria-hidden=\"true\" focusable=\"false\" data-prefix=\"far\" data-icon=\"chart-bar\" role=\"img\" xmlns=\"http:\/\/www.w3.org\/2000\/svg\" viewBox=\"0 0 512 512\" class=\"svg-inline--fa fa-chart-bar fa-w-16 fa-2x\"><path fill=\"currentColor\" d=\"M396.8 352h22.4c6.4 0 12.8-6.4 12.8-12.8V108.8c0-6.4-6.4-12.8-12.8-12.8h-22.4c-6.4 0-12.8 6.4-12.8 12.8v230.4c0 6.4 6.4 12.8 12.8 12.8zm-192 0h22.4c6.4 0 12.8-6.4 12.8-12.8V140.8c0-6.4-6.4-12.8-12.8-12.8h-22.4c-6.4 0-12.8 6.4-12.8 12.8v198.4c0 6.4 6.4 12.8 12.8 12.8zm96 0h22.4c6.4 0 12.8-6.4 12.8-12.8V204.8c0-6.4-6.4-12.8-12.8-12.8h-22.4c-6.4 0-12.8 6.4-12.8 12.8v134.4c0 6.4 6.4 12.8 12.8 12.8zM496 400H48V80c0-8.84-7.16-16-16-16H16C7.16 64 0 71.16 0 80v336c0 17.67 14.33 32 32 32h464c8.84 0 16-7.16 16-16v-16c0-8.84-7.16-16-16-16zm-387.2-48h22.4c6.4 0 12.8-6.4 12.8-12.8v-70.4c0-6.4-6.4-12.8-12.8-12.8h-22.4c-6.4 0-12.8 6.4-12.8 12.8v70.4c0 6.4 6.4 12.8 12.8 12.8z\" class=\"\"><\/path><\/svg><\/i> Vistas Totales&nbsp;1,824&nbsp;, Vistas Hoy&nbsp;6&nbsp;<\/p>\n<div class=\"pvc_clear\"><\/div>\n","protected":false},"author":2,"featured_media":28131,"comment_status":"closed","ping_status":"closed","sticky":false,"template":"","format":"standard","meta":{"footnotes":""},"categories":[21],"tags":[],"class_list":["post-28130","post","type-post","status-publish","format-standard","has-post-thumbnail","hentry","category-blog"],"yoast_head":"<!-- This site is optimized with the Yoast SEO plugin v25.2 - https:\/\/yoast.com\/wordpress\/plugins\/seo\/ -->\n<title>Los dominicanos pagamos uno de los IVA m\u00e1s altos de Am\u00e9rica Latina | CREES<\/title>\n<meta name=\"robots\" content=\"index, follow, max-snippet:-1, max-image-preview:large, max-video-preview:-1\" \/>\n<link rel=\"canonical\" href=\"https:\/\/crees.org.do\/?p=28130\" \/>\n<meta property=\"og:locale\" content=\"es_ES\" \/>\n<meta property=\"og:type\" content=\"article\" \/>\n<meta property=\"og:title\" content=\"Los dominicanos pagamos uno de los IVA m\u00e1s altos de Am\u00e9rica Latina | CREES\" \/>\n<meta property=\"og:description\" content=\"Los dominicanos pagamos uno de los IVA m\u00e1s altos de Am\u00e9rica Latina En Rep\u00fablica Dominicana, el equivalente al Impuesto al Valor Agregado (IVA) es el ITBIS, cuya tasa general asciende al 18% y una tasa de 16% que aplica a un menor grupo de bienes. Esto sit\u00faa al pa\u00eds entre los que imponen una de...\" \/>\n<meta property=\"og:url\" content=\"https:\/\/crees.org.do\/?p=28130\" \/>\n<meta property=\"og:site_name\" content=\"CREES\" \/>\n<meta property=\"article:publisher\" content=\"https:\/\/www.facebook.com\/CREESRD\/\" \/>\n<meta property=\"article:published_time\" content=\"2025-05-15T18:39:17+00:00\" \/>\n<meta property=\"og:image\" content=\"https:\/\/crees.org.do\/wp-content\/uploads\/2025\/05\/Slide-1-copy-6-4.png\" \/>\n\t<meta property=\"og:image:width\" content=\"1200\" \/>\n\t<meta property=\"og:image:height\" content=\"1200\" \/>\n\t<meta property=\"og:image:type\" content=\"image\/png\" \/>\n<meta name=\"author\" content=\"Crees\" \/>\n<meta name=\"twitter:card\" content=\"summary_large_image\" \/>\n<meta name=\"twitter:creator\" content=\"@CREESRD\" \/>\n<meta name=\"twitter:site\" content=\"@CREESRD\" \/>\n<meta name=\"twitter:label1\" content=\"Escrito por\" \/>\n\t<meta name=\"twitter:data1\" content=\"Crees\" \/>\n\t<meta name=\"twitter:label2\" content=\"Tiempo de lectura\" \/>\n\t<meta name=\"twitter:data2\" content=\"2 minutos\" \/>\n<script type=\"application\/ld+json\" class=\"yoast-schema-graph\">{\"@context\":\"https:\/\/schema.org\",\"@graph\":[{\"@type\":\"Article\",\"@id\":\"https:\/\/crees.org.do\/?p=28130#article\",\"isPartOf\":{\"@id\":\"https:\/\/crees.org.do\/?p=28130\"},\"author\":{\"name\":\"Crees\",\"@id\":\"https:\/\/crees.org.do\/#\/schema\/person\/e7f97cd94d7bf9cd0e0ce30acb7d56b8\"},\"headline\":\"Los dominicanos pagamos uno de los IVA m\u00e1s altos de Am\u00e9rica Latina\",\"datePublished\":\"2025-05-15T18:39:17+00:00\",\"mainEntityOfPage\":{\"@id\":\"https:\/\/crees.org.do\/?p=28130\"},\"wordCount\":314,\"publisher\":{\"@id\":\"https:\/\/crees.org.do\/#organization\"},\"image\":{\"@id\":\"https:\/\/crees.org.do\/?p=28130#primaryimage\"},\"thumbnailUrl\":\"https:\/\/crees.org.do\/wp-content\/uploads\/2025\/05\/Slide-1-copy-6-4.png\",\"articleSection\":[\"Blog\"],\"inLanguage\":\"es\"},{\"@type\":\"WebPage\",\"@id\":\"https:\/\/crees.org.do\/?p=28130\",\"url\":\"https:\/\/crees.org.do\/?p=28130\",\"name\":\"Los dominicanos pagamos uno de los IVA m\u00e1s altos de Am\u00e9rica Latina | CREES\",\"isPartOf\":{\"@id\":\"https:\/\/crees.org.do\/#website\"},\"primaryImageOfPage\":{\"@id\":\"https:\/\/crees.org.do\/?p=28130#primaryimage\"},\"image\":{\"@id\":\"https:\/\/crees.org.do\/?p=28130#primaryimage\"},\"thumbnailUrl\":\"https:\/\/crees.org.do\/wp-content\/uploads\/2025\/05\/Slide-1-copy-6-4.png\",\"datePublished\":\"2025-05-15T18:39:17+00:00\",\"breadcrumb\":{\"@id\":\"https:\/\/crees.org.do\/?p=28130#breadcrumb\"},\"inLanguage\":\"es\",\"potentialAction\":[{\"@type\":\"ReadAction\",\"target\":[\"https:\/\/crees.org.do\/?p=28130\"]}]},{\"@type\":\"ImageObject\",\"inLanguage\":\"es\",\"@id\":\"https:\/\/crees.org.do\/?p=28130#primaryimage\",\"url\":\"https:\/\/crees.org.do\/wp-content\/uploads\/2025\/05\/Slide-1-copy-6-4.png\",\"contentUrl\":\"https:\/\/crees.org.do\/wp-content\/uploads\/2025\/05\/Slide-1-copy-6-4.png\",\"width\":1200,\"height\":1200},{\"@type\":\"BreadcrumbList\",\"@id\":\"https:\/\/crees.org.do\/?p=28130#breadcrumb\",\"itemListElement\":[{\"@type\":\"ListItem\",\"position\":1,\"name\":\"Portada\",\"item\":\"https:\/\/crees.org.do\/\"},{\"@type\":\"ListItem\",\"position\":2,\"name\":\"Los dominicanos pagamos uno de los IVA m\u00e1s altos de Am\u00e9rica Latina\"}]},{\"@type\":\"WebSite\",\"@id\":\"https:\/\/crees.org.do\/#website\",\"url\":\"https:\/\/crees.org.do\/\",\"name\":\"CREES\",\"description\":\"Centro Regional de Estrategias Econ\u00f3micas Sostenibles\",\"publisher\":{\"@id\":\"https:\/\/crees.org.do\/#organization\"},\"potentialAction\":[{\"@type\":\"SearchAction\",\"target\":{\"@type\":\"EntryPoint\",\"urlTemplate\":\"https:\/\/crees.org.do\/?s={search_term_string}\"},\"query-input\":{\"@type\":\"PropertyValueSpecification\",\"valueRequired\":true,\"valueName\":\"search_term_string\"}}],\"inLanguage\":\"es\"},{\"@type\":\"Organization\",\"@id\":\"https:\/\/crees.org.do\/#organization\",\"name\":\"CREES | Centro Regional de Estrategias Econ\u00f3micas Sostenibles\",\"url\":\"https:\/\/crees.org.do\/\",\"logo\":{\"@type\":\"ImageObject\",\"inLanguage\":\"es\",\"@id\":\"https:\/\/crees.org.do\/#\/schema\/logo\/image\/\",\"url\":\"https:\/\/crees.org.do\/wp-content\/uploads\/2022\/03\/crees-logo-1.jpg\",\"contentUrl\":\"https:\/\/crees.org.do\/wp-content\/uploads\/2022\/03\/crees-logo-1.jpg\",\"width\":244,\"height\":71,\"caption\":\"CREES | Centro Regional de Estrategias Econ\u00f3micas Sostenibles\"},\"image\":{\"@id\":\"https:\/\/crees.org.do\/#\/schema\/logo\/image\/\"},\"sameAs\":[\"https:\/\/www.facebook.com\/CREESRD\/\",\"https:\/\/x.com\/CREESRD\"]},{\"@type\":\"Person\",\"@id\":\"https:\/\/crees.org.do\/#\/schema\/person\/e7f97cd94d7bf9cd0e0ce30acb7d56b8\",\"name\":\"Crees\",\"image\":{\"@type\":\"ImageObject\",\"inLanguage\":\"es\",\"@id\":\"https:\/\/crees.org.do\/#\/schema\/person\/image\/\",\"url\":\"https:\/\/secure.gravatar.com\/avatar\/390ac8f0be5d9aa046152553e2dd7011b59a512d89c150f5e5f28bb8d9a0b165?s=96&d=mm&r=g\",\"contentUrl\":\"https:\/\/secure.gravatar.com\/avatar\/390ac8f0be5d9aa046152553e2dd7011b59a512d89c150f5e5f28bb8d9a0b165?s=96&d=mm&r=g\",\"caption\":\"Crees\"},\"url\":\"https:\/\/crees.org.do\/?author=2\"}]}<\/script>\n<!-- \/ Yoast SEO plugin. -->","yoast_head_json":{"title":"Los dominicanos pagamos uno de los IVA m\u00e1s altos de Am\u00e9rica Latina | CREES","robots":{"index":"index","follow":"follow","max-snippet":"max-snippet:-1","max-image-preview":"max-image-preview:large","max-video-preview":"max-video-preview:-1"},"canonical":"https:\/\/crees.org.do\/?p=28130","og_locale":"es_ES","og_type":"article","og_title":"Los dominicanos pagamos uno de los IVA m\u00e1s altos de Am\u00e9rica Latina | CREES","og_description":"Los dominicanos pagamos uno de los IVA m\u00e1s altos de Am\u00e9rica Latina En Rep\u00fablica Dominicana, el equivalente al Impuesto al Valor Agregado (IVA) es el ITBIS, cuya tasa general asciende al 18% y una tasa de 16% que aplica a un menor grupo de bienes. Esto sit\u00faa al pa\u00eds entre los que imponen una de...","og_url":"https:\/\/crees.org.do\/?p=28130","og_site_name":"CREES","article_publisher":"https:\/\/www.facebook.com\/CREESRD\/","article_published_time":"2025-05-15T18:39:17+00:00","og_image":[{"width":1200,"height":1200,"url":"https:\/\/crees.org.do\/wp-content\/uploads\/2025\/05\/Slide-1-copy-6-4.png","type":"image\/png"}],"author":"Crees","twitter_card":"summary_large_image","twitter_creator":"@CREESRD","twitter_site":"@CREESRD","twitter_misc":{"Escrito por":"Crees","Tiempo de lectura":"2 minutos"},"schema":{"@context":"https:\/\/schema.org","@graph":[{"@type":"Article","@id":"https:\/\/crees.org.do\/?p=28130#article","isPartOf":{"@id":"https:\/\/crees.org.do\/?p=28130"},"author":{"name":"Crees","@id":"https:\/\/crees.org.do\/#\/schema\/person\/e7f97cd94d7bf9cd0e0ce30acb7d56b8"},"headline":"Los dominicanos pagamos uno de los IVA m\u00e1s altos de Am\u00e9rica Latina","datePublished":"2025-05-15T18:39:17+00:00","mainEntityOfPage":{"@id":"https:\/\/crees.org.do\/?p=28130"},"wordCount":314,"publisher":{"@id":"https:\/\/crees.org.do\/#organization"},"image":{"@id":"https:\/\/crees.org.do\/?p=28130#primaryimage"},"thumbnailUrl":"https:\/\/crees.org.do\/wp-content\/uploads\/2025\/05\/Slide-1-copy-6-4.png","articleSection":["Blog"],"inLanguage":"es"},{"@type":"WebPage","@id":"https:\/\/crees.org.do\/?p=28130","url":"https:\/\/crees.org.do\/?p=28130","name":"Los dominicanos pagamos uno de los IVA m\u00e1s altos de Am\u00e9rica Latina | CREES","isPartOf":{"@id":"https:\/\/crees.org.do\/#website"},"primaryImageOfPage":{"@id":"https:\/\/crees.org.do\/?p=28130#primaryimage"},"image":{"@id":"https:\/\/crees.org.do\/?p=28130#primaryimage"},"thumbnailUrl":"https:\/\/crees.org.do\/wp-content\/uploads\/2025\/05\/Slide-1-copy-6-4.png","datePublished":"2025-05-15T18:39:17+00:00","breadcrumb":{"@id":"https:\/\/crees.org.do\/?p=28130#breadcrumb"},"inLanguage":"es","potentialAction":[{"@type":"ReadAction","target":["https:\/\/crees.org.do\/?p=28130"]}]},{"@type":"ImageObject","inLanguage":"es","@id":"https:\/\/crees.org.do\/?p=28130#primaryimage","url":"https:\/\/crees.org.do\/wp-content\/uploads\/2025\/05\/Slide-1-copy-6-4.png","contentUrl":"https:\/\/crees.org.do\/wp-content\/uploads\/2025\/05\/Slide-1-copy-6-4.png","width":1200,"height":1200},{"@type":"BreadcrumbList","@id":"https:\/\/crees.org.do\/?p=28130#breadcrumb","itemListElement":[{"@type":"ListItem","position":1,"name":"Portada","item":"https:\/\/crees.org.do\/"},{"@type":"ListItem","position":2,"name":"Los dominicanos pagamos uno de los IVA m\u00e1s altos de Am\u00e9rica Latina"}]},{"@type":"WebSite","@id":"https:\/\/crees.org.do\/#website","url":"https:\/\/crees.org.do\/","name":"CREES","description":"Centro Regional de Estrategias Econ\u00f3micas Sostenibles","publisher":{"@id":"https:\/\/crees.org.do\/#organization"},"potentialAction":[{"@type":"SearchAction","target":{"@type":"EntryPoint","urlTemplate":"https:\/\/crees.org.do\/?s={search_term_string}"},"query-input":{"@type":"PropertyValueSpecification","valueRequired":true,"valueName":"search_term_string"}}],"inLanguage":"es"},{"@type":"Organization","@id":"https:\/\/crees.org.do\/#organization","name":"CREES | Centro Regional de Estrategias Econ\u00f3micas Sostenibles","url":"https:\/\/crees.org.do\/","logo":{"@type":"ImageObject","inLanguage":"es","@id":"https:\/\/crees.org.do\/#\/schema\/logo\/image\/","url":"https:\/\/crees.org.do\/wp-content\/uploads\/2022\/03\/crees-logo-1.jpg","contentUrl":"https:\/\/crees.org.do\/wp-content\/uploads\/2022\/03\/crees-logo-1.jpg","width":244,"height":71,"caption":"CREES | Centro Regional de Estrategias Econ\u00f3micas Sostenibles"},"image":{"@id":"https:\/\/crees.org.do\/#\/schema\/logo\/image\/"},"sameAs":["https:\/\/www.facebook.com\/CREESRD\/","https:\/\/x.com\/CREESRD"]},{"@type":"Person","@id":"https:\/\/crees.org.do\/#\/schema\/person\/e7f97cd94d7bf9cd0e0ce30acb7d56b8","name":"Crees","image":{"@type":"ImageObject","inLanguage":"es","@id":"https:\/\/crees.org.do\/#\/schema\/person\/image\/","url":"https:\/\/secure.gravatar.com\/avatar\/390ac8f0be5d9aa046152553e2dd7011b59a512d89c150f5e5f28bb8d9a0b165?s=96&d=mm&r=g","contentUrl":"https:\/\/secure.gravatar.com\/avatar\/390ac8f0be5d9aa046152553e2dd7011b59a512d89c150f5e5f28bb8d9a0b165?s=96&d=mm&r=g","caption":"Crees"},"url":"https:\/\/crees.org.do\/?author=2"}]}},"_links":{"self":[{"href":"https:\/\/crees.org.do\/index.php?rest_route=\/wp\/v2\/posts\/28130","targetHints":{"allow":["GET"]}}],"collection":[{"href":"https:\/\/crees.org.do\/index.php?rest_route=\/wp\/v2\/posts"}],"about":[{"href":"https:\/\/crees.org.do\/index.php?rest_route=\/wp\/v2\/types\/post"}],"author":[{"embeddable":true,"href":"https:\/\/crees.org.do\/index.php?rest_route=\/wp\/v2\/users\/2"}],"replies":[{"embeddable":true,"href":"https:\/\/crees.org.do\/index.php?rest_route=%2Fwp%2Fv2%2Fcomments&post=28130"}],"version-history":[{"count":1,"href":"https:\/\/crees.org.do\/index.php?rest_route=\/wp\/v2\/posts\/28130\/revisions"}],"predecessor-version":[{"id":28132,"href":"https:\/\/crees.org.do\/index.php?rest_route=\/wp\/v2\/posts\/28130\/revisions\/28132"}],"wp:featuredmedia":[{"embeddable":true,"href":"https:\/\/crees.org.do\/index.php?rest_route=\/wp\/v2\/media\/28131"}],"wp:attachment":[{"href":"https:\/\/crees.org.do\/index.php?rest_route=%2Fwp%2Fv2%2Fmedia&parent=28130"}],"wp:term":[{"taxonomy":"category","embeddable":true,"href":"https:\/\/crees.org.do\/index.php?rest_route=%2Fwp%2Fv2%2Fcategories&post=28130"},{"taxonomy":"post_tag","embeddable":true,"href":"https:\/\/crees.org.do\/index.php?rest_route=%2Fwp%2Fv2%2Ftags&post=28130"}],"curies":[{"name":"wp","href":"https:\/\/api.w.org\/{rel}","templated":true}]}}