{"id":28133,"date":"2025-05-15T20:11:34","date_gmt":"2025-05-15T20:11:34","guid":{"rendered":"https:\/\/crees.org.do\/?p=28133"},"modified":"2025-05-16T13:38:17","modified_gmt":"2025-05-16T13:38:17","slug":"costos-laborales-no-salariales-suman-a-informalidad-en-rd","status":"publish","type":"post","link":"https:\/\/crees.org.do\/?p=28133","title":{"rendered":"Costos laborales no salariales suman a informalidad en RD"},"content":{"rendered":"<p style=\"text-align: justify;\">Autor: El Caribe<\/p>\n<p style=\"text-align: justify;\">Fecha: 10 de mayo de 2025<\/p>\n<p style=\"text-align: justify;\">Extra\u00eddo: <a href=\"https:\/\/www.elcaribe.com.do\/panorama\/costos-laborales-no-salariales-suman-a-informalidad-en-rd\/\">El Caribe<\/a><\/p>\n<h2 style=\"text-align: justify;\"><strong>Costos laborales no salariales suman a informalidad en RD<\/strong><\/h2>\n<p style=\"text-align: justify;\">Las estad\u00edsticas oficiales muestran que en los \u00faltimos cinco a\u00f1os la informalidad ha promediado 56.6% de la ocupaci\u00f3n total. En n\u00fameros redondos, por cada 10 ocupados seis se encuentran fuera del sistema de las legislaciones vigentes.<\/p>\n<p style=\"text-align: justify;\">El Centro Regional de Estrategias Econ\u00f3micas Sostenibles (CREES) indica que en econom\u00eda, como en cualquier ciencia, es importante estudiar las causas de los fen\u00f3menos. Sostiene que la informalidad representa un reflejo de un problema; es el s\u00edntoma.<\/p>\n<p style=\"text-align: justify;\">\u201cLas trabas existentes en la econom\u00eda dominicana provocan que los costos de cumplir con las normas vigentes superen los beneficios de la formalizaci\u00f3n; ah\u00ed radica el problema en s\u00ed. Las regulaciones de Rep\u00fablica Dominicana encarecen las actividades formales. Como consecuencia, empleados y empleadores se ven forzados a realizar transacciones fuera de la formalidad\u201d, dice el centro de pensamiento y an\u00e1lisis en un estudio.<\/p>\n<p style=\"text-align: justify;\">Explica que quien emprende lo hace para tratar de elevar el nivel de bienestar de los consumidores que le comprar\u00e1n su producci\u00f3n. Sin embargo, debe enfrentarse a los permisos, las regulaciones industriales, los impuestos y las leyes laborales. Costos que le dificultan su prop\u00f3sito. Contratar en la formalidad es un reflejo de la situaci\u00f3n imperante.<\/p>\n<p style=\"text-align: justify;\">El CREES establece que para un empleador formal los costos laborales no salariales m\u00ednimos alcanzan entre 29.3% y 31.1% del salario anual de un empleado. Estos costos incluyen seguridad social, pago al Infotep, el salario n\u00famero 13 y las vacaciones.<\/p>\n<p style=\"text-align: justify;\">De acuerdo con la legislaci\u00f3n vigente, las empresas deben repartir como m\u00ednimo el 10% de sus ganancias entre los empleados. En consecuencia, el costo laboral no salarial, es decir, el costo adicional al salario acordado contractualmente por empleado y empleador, aumenta a un m\u00ednimo que se sit\u00faa entre 45.0% y 52.1% del salario anual. Si una empresa se ve precisada a despedir a un trabajador, calcula el CREES, el costo laboral no salarial alcanza 54.48% si ese empleado tiene un a\u00f1o laborando. Se cita el caso de una persona que trabaja por 20 a\u00f1os en una empresa y es desahuciada; en ese \u00faltimo a\u00f1o el costo puede llegar a representar 222.8%.<\/p>\n<p style=\"text-align: justify;\">La entidad expresa que la cesant\u00eda constituye un costo importante que representa un pasivo contingente. \u201cEs decir, una obligaci\u00f3n que puede ocurrir en cualquier momento, y para la cual las empresas no siempre pueden contar con los fondos para hacerle frente. Toda persona que conoce c\u00f3mo opera una empresa reconoce esa realidad de Rep\u00fablica Dominicana\u201d, argumenta el centro de an\u00e1lisis.<\/p>\n<p style=\"text-align: justify;\"><strong>La Estrategia Nacional de Desarrollo y econom\u00eda<\/strong><\/p>\n<p style=\"text-align: justify;\">Dos legislaciones han tratado de corregir ese problema, respetando los derechos adquiridos: la Ley No. 87-01 que crea el Sistema Dominicano de Seguridad Social y la Ley n\u00famero 1-12 de Estrategia Nacional de Desarrollo.<\/p>\n<p style=\"text-align: justify;\">Seg\u00fan el CREES, las estad\u00edsticas sobre la informalidad est\u00e1n enviando una se\u00f1al a las autoridades: el sistema formal dificulta las actividades econ\u00f3micas y las hace m\u00e1s caras en en la Rep\u00fablica Dominicana.<\/p>\n<div class=\"pvc_clear\"><\/div>\n<p class=\"pvc_stats all \" data-element-id=\"28133\" style=\"\"><i class=\"pvc-stats-icon medium\" aria-hidden=\"true\"><svg aria-hidden=\"true\" focusable=\"false\" data-prefix=\"far\" data-icon=\"chart-bar\" role=\"img\" xmlns=\"http:\/\/www.w3.org\/2000\/svg\" viewBox=\"0 0 512 512\" class=\"svg-inline--fa fa-chart-bar fa-w-16 fa-2x\"><path fill=\"currentColor\" d=\"M396.8 352h22.4c6.4 0 12.8-6.4 12.8-12.8V108.8c0-6.4-6.4-12.8-12.8-12.8h-22.4c-6.4 0-12.8 6.4-12.8 12.8v230.4c0 6.4 6.4 12.8 12.8 12.8zm-192 0h22.4c6.4 0 12.8-6.4 12.8-12.8V140.8c0-6.4-6.4-12.8-12.8-12.8h-22.4c-6.4 0-12.8 6.4-12.8 12.8v198.4c0 6.4 6.4 12.8 12.8 12.8zm96 0h22.4c6.4 0 12.8-6.4 12.8-12.8V204.8c0-6.4-6.4-12.8-12.8-12.8h-22.4c-6.4 0-12.8 6.4-12.8 12.8v134.4c0 6.4 6.4 12.8 12.8 12.8zM496 400H48V80c0-8.84-7.16-16-16-16H16C7.16 64 0 71.16 0 80v336c0 17.67 14.33 32 32 32h464c8.84 0 16-7.16 16-16v-16c0-8.84-7.16-16-16-16zm-387.2-48h22.4c6.4 0 12.8-6.4 12.8-12.8v-70.4c0-6.4-6.4-12.8-12.8-12.8h-22.4c-6.4 0-12.8 6.4-12.8 12.8v70.4c0 6.4 6.4 12.8 12.8 12.8z\" class=\"\"><\/path><\/svg><\/i> Vistas Totales&nbsp;996&nbsp;, Vistas Hoy&nbsp;4&nbsp;<\/p>\n<div class=\"pvc_clear\"><\/div>\n","protected":false},"excerpt":{"rendered":"<p>Autor: El Caribe Fecha: 10 de mayo de 2025 Extra\u00eddo: El Caribe Costos laborales no salariales suman a informalidad en RD Las estad\u00edsticas oficiales muestran que en los \u00faltimos cinco a\u00f1os la informalidad ha promediado 56.6% de la ocupaci\u00f3n total. En n\u00fameros redondos, por cada 10 ocupados seis se encuentran fuera del sistema de las&#8230;<\/p>\n<div class=\"pvc_clear\"><\/div>\n<p class=\"pvc_stats all \" data-element-id=\"28133\" style=\"\"><i class=\"pvc-stats-icon medium\" aria-hidden=\"true\"><svg aria-hidden=\"true\" focusable=\"false\" data-prefix=\"far\" data-icon=\"chart-bar\" role=\"img\" xmlns=\"http:\/\/www.w3.org\/2000\/svg\" viewBox=\"0 0 512 512\" class=\"svg-inline--fa fa-chart-bar fa-w-16 fa-2x\"><path fill=\"currentColor\" d=\"M396.8 352h22.4c6.4 0 12.8-6.4 12.8-12.8V108.8c0-6.4-6.4-12.8-12.8-12.8h-22.4c-6.4 0-12.8 6.4-12.8 12.8v230.4c0 6.4 6.4 12.8 12.8 12.8zm-192 0h22.4c6.4 0 12.8-6.4 12.8-12.8V140.8c0-6.4-6.4-12.8-12.8-12.8h-22.4c-6.4 0-12.8 6.4-12.8 12.8v198.4c0 6.4 6.4 12.8 12.8 12.8zm96 0h22.4c6.4 0 12.8-6.4 12.8-12.8V204.8c0-6.4-6.4-12.8-12.8-12.8h-22.4c-6.4 0-12.8 6.4-12.8 12.8v134.4c0 6.4 6.4 12.8 12.8 12.8zM496 400H48V80c0-8.84-7.16-16-16-16H16C7.16 64 0 71.16 0 80v336c0 17.67 14.33 32 32 32h464c8.84 0 16-7.16 16-16v-16c0-8.84-7.16-16-16-16zm-387.2-48h22.4c6.4 0 12.8-6.4 12.8-12.8v-70.4c0-6.4-6.4-12.8-12.8-12.8h-22.4c-6.4 0-12.8 6.4-12.8 12.8v70.4c0 6.4 6.4 12.8 12.8 12.8z\" class=\"\"><\/path><\/svg><\/i> Vistas Totales&nbsp;996&nbsp;, Vistas Hoy&nbsp;4&nbsp;<\/p>\n<div class=\"pvc_clear\"><\/div>\n","protected":false},"author":2,"featured_media":28135,"comment_status":"closed","ping_status":"closed","sticky":false,"template":"","format":"standard","meta":{"footnotes":""},"categories":[19],"tags":[],"class_list":["post-28133","post","type-post","status-publish","format-standard","has-post-thumbnail","hentry","category-actualidad"],"yoast_head":"<!-- This site is optimized with the Yoast SEO plugin v25.2 - https:\/\/yoast.com\/wordpress\/plugins\/seo\/ -->\n<title>Costos laborales no salariales suman a informalidad en RD | CREES<\/title>\n<meta name=\"robots\" content=\"index, follow, max-snippet:-1, max-image-preview:large, max-video-preview:-1\" \/>\n<link rel=\"canonical\" href=\"https:\/\/crees.org.do\/?p=28133\" \/>\n<meta property=\"og:locale\" content=\"es_ES\" \/>\n<meta property=\"og:type\" content=\"article\" \/>\n<meta property=\"og:title\" content=\"Costos laborales no salariales suman a informalidad en RD | CREES\" \/>\n<meta property=\"og:description\" content=\"Autor: El Caribe Fecha: 10 de mayo de 2025 Extra\u00eddo: El Caribe Costos laborales no salariales suman a informalidad en RD Las estad\u00edsticas oficiales muestran que en los \u00faltimos cinco a\u00f1os la informalidad ha promediado 56.6% de la ocupaci\u00f3n total. En n\u00fameros redondos, por cada 10 ocupados seis se encuentran fuera del sistema de las...\" \/>\n<meta property=\"og:url\" content=\"https:\/\/crees.org.do\/?p=28133\" \/>\n<meta property=\"og:site_name\" content=\"CREES\" \/>\n<meta property=\"article:publisher\" content=\"https:\/\/www.facebook.com\/CREESRD\/\" \/>\n<meta property=\"article:published_time\" content=\"2025-05-15T20:11:34+00:00\" \/>\n<meta property=\"article:modified_time\" content=\"2025-05-16T13:38:17+00:00\" \/>\n<meta property=\"og:image\" content=\"https:\/\/crees.org.do\/wp-content\/uploads\/2025\/05\/681ea23bdae05_informal.jpg.png\" \/>\n\t<meta property=\"og:image:width\" content=\"1000\" \/>\n\t<meta property=\"og:image:height\" content=\"600\" \/>\n\t<meta property=\"og:image:type\" content=\"image\/png\" \/>\n<meta name=\"author\" content=\"Crees\" \/>\n<meta name=\"twitter:card\" content=\"summary_large_image\" \/>\n<meta name=\"twitter:creator\" content=\"@CREESRD\" \/>\n<meta name=\"twitter:site\" content=\"@CREESRD\" \/>\n<meta name=\"twitter:label1\" content=\"Escrito por\" \/>\n\t<meta name=\"twitter:data1\" content=\"Crees\" \/>\n\t<meta name=\"twitter:label2\" content=\"Tiempo de lectura\" \/>\n\t<meta name=\"twitter:data2\" content=\"3 minutos\" \/>\n<script type=\"application\/ld+json\" class=\"yoast-schema-graph\">{\"@context\":\"https:\/\/schema.org\",\"@graph\":[{\"@type\":\"Article\",\"@id\":\"https:\/\/crees.org.do\/?p=28133#article\",\"isPartOf\":{\"@id\":\"https:\/\/crees.org.do\/?p=28133\"},\"author\":{\"name\":\"Crees\",\"@id\":\"https:\/\/crees.org.do\/#\/schema\/person\/e7f97cd94d7bf9cd0e0ce30acb7d56b8\"},\"headline\":\"Costos laborales no salariales suman a informalidad en RD\",\"datePublished\":\"2025-05-15T20:11:34+00:00\",\"dateModified\":\"2025-05-16T13:38:17+00:00\",\"mainEntityOfPage\":{\"@id\":\"https:\/\/crees.org.do\/?p=28133\"},\"wordCount\":532,\"publisher\":{\"@id\":\"https:\/\/crees.org.do\/#organization\"},\"image\":{\"@id\":\"https:\/\/crees.org.do\/?p=28133#primaryimage\"},\"thumbnailUrl\":\"https:\/\/crees.org.do\/wp-content\/uploads\/2025\/05\/681ea23bdae05_informal.jpg.png\",\"articleSection\":[\"Actualidad\"],\"inLanguage\":\"es\"},{\"@type\":\"WebPage\",\"@id\":\"https:\/\/crees.org.do\/?p=28133\",\"url\":\"https:\/\/crees.org.do\/?p=28133\",\"name\":\"Costos laborales no salariales suman a informalidad en RD | CREES\",\"isPartOf\":{\"@id\":\"https:\/\/crees.org.do\/#website\"},\"primaryImageOfPage\":{\"@id\":\"https:\/\/crees.org.do\/?p=28133#primaryimage\"},\"image\":{\"@id\":\"https:\/\/crees.org.do\/?p=28133#primaryimage\"},\"thumbnailUrl\":\"https:\/\/crees.org.do\/wp-content\/uploads\/2025\/05\/681ea23bdae05_informal.jpg.png\",\"datePublished\":\"2025-05-15T20:11:34+00:00\",\"dateModified\":\"2025-05-16T13:38:17+00:00\",\"breadcrumb\":{\"@id\":\"https:\/\/crees.org.do\/?p=28133#breadcrumb\"},\"inLanguage\":\"es\",\"potentialAction\":[{\"@type\":\"ReadAction\",\"target\":[\"https:\/\/crees.org.do\/?p=28133\"]}]},{\"@type\":\"ImageObject\",\"inLanguage\":\"es\",\"@id\":\"https:\/\/crees.org.do\/?p=28133#primaryimage\",\"url\":\"https:\/\/crees.org.do\/wp-content\/uploads\/2025\/05\/681ea23bdae05_informal.jpg.png\",\"contentUrl\":\"https:\/\/crees.org.do\/wp-content\/uploads\/2025\/05\/681ea23bdae05_informal.jpg.png\",\"width\":1000,\"height\":600},{\"@type\":\"BreadcrumbList\",\"@id\":\"https:\/\/crees.org.do\/?p=28133#breadcrumb\",\"itemListElement\":[{\"@type\":\"ListItem\",\"position\":1,\"name\":\"Portada\",\"item\":\"https:\/\/crees.org.do\/\"},{\"@type\":\"ListItem\",\"position\":2,\"name\":\"Costos laborales no salariales suman a informalidad en RD\"}]},{\"@type\":\"WebSite\",\"@id\":\"https:\/\/crees.org.do\/#website\",\"url\":\"https:\/\/crees.org.do\/\",\"name\":\"CREES\",\"description\":\"Centro Regional de Estrategias Econ\u00f3micas Sostenibles\",\"publisher\":{\"@id\":\"https:\/\/crees.org.do\/#organization\"},\"potentialAction\":[{\"@type\":\"SearchAction\",\"target\":{\"@type\":\"EntryPoint\",\"urlTemplate\":\"https:\/\/crees.org.do\/?s={search_term_string}\"},\"query-input\":{\"@type\":\"PropertyValueSpecification\",\"valueRequired\":true,\"valueName\":\"search_term_string\"}}],\"inLanguage\":\"es\"},{\"@type\":\"Organization\",\"@id\":\"https:\/\/crees.org.do\/#organization\",\"name\":\"CREES | Centro Regional de Estrategias Econ\u00f3micas Sostenibles\",\"url\":\"https:\/\/crees.org.do\/\",\"logo\":{\"@type\":\"ImageObject\",\"inLanguage\":\"es\",\"@id\":\"https:\/\/crees.org.do\/#\/schema\/logo\/image\/\",\"url\":\"https:\/\/crees.org.do\/wp-content\/uploads\/2022\/03\/crees-logo-1.jpg\",\"contentUrl\":\"https:\/\/crees.org.do\/wp-content\/uploads\/2022\/03\/crees-logo-1.jpg\",\"width\":244,\"height\":71,\"caption\":\"CREES | Centro Regional de Estrategias Econ\u00f3micas Sostenibles\"},\"image\":{\"@id\":\"https:\/\/crees.org.do\/#\/schema\/logo\/image\/\"},\"sameAs\":[\"https:\/\/www.facebook.com\/CREESRD\/\",\"https:\/\/x.com\/CREESRD\"]},{\"@type\":\"Person\",\"@id\":\"https:\/\/crees.org.do\/#\/schema\/person\/e7f97cd94d7bf9cd0e0ce30acb7d56b8\",\"name\":\"Crees\",\"image\":{\"@type\":\"ImageObject\",\"inLanguage\":\"es\",\"@id\":\"https:\/\/crees.org.do\/#\/schema\/person\/image\/\",\"url\":\"https:\/\/secure.gravatar.com\/avatar\/390ac8f0be5d9aa046152553e2dd7011b59a512d89c150f5e5f28bb8d9a0b165?s=96&d=mm&r=g\",\"contentUrl\":\"https:\/\/secure.gravatar.com\/avatar\/390ac8f0be5d9aa046152553e2dd7011b59a512d89c150f5e5f28bb8d9a0b165?s=96&d=mm&r=g\",\"caption\":\"Crees\"},\"url\":\"https:\/\/crees.org.do\/?author=2\"}]}<\/script>\n<!-- \/ Yoast SEO plugin. -->","yoast_head_json":{"title":"Costos laborales no salariales suman a informalidad en RD | CREES","robots":{"index":"index","follow":"follow","max-snippet":"max-snippet:-1","max-image-preview":"max-image-preview:large","max-video-preview":"max-video-preview:-1"},"canonical":"https:\/\/crees.org.do\/?p=28133","og_locale":"es_ES","og_type":"article","og_title":"Costos laborales no salariales suman a informalidad en RD | CREES","og_description":"Autor: El Caribe Fecha: 10 de mayo de 2025 Extra\u00eddo: El Caribe Costos laborales no salariales suman a informalidad en RD Las estad\u00edsticas oficiales muestran que en los \u00faltimos cinco a\u00f1os la informalidad ha promediado 56.6% de la ocupaci\u00f3n total. En n\u00fameros redondos, por cada 10 ocupados seis se encuentran fuera del sistema de las...","og_url":"https:\/\/crees.org.do\/?p=28133","og_site_name":"CREES","article_publisher":"https:\/\/www.facebook.com\/CREESRD\/","article_published_time":"2025-05-15T20:11:34+00:00","article_modified_time":"2025-05-16T13:38:17+00:00","og_image":[{"width":1000,"height":600,"url":"https:\/\/crees.org.do\/wp-content\/uploads\/2025\/05\/681ea23bdae05_informal.jpg.png","type":"image\/png"}],"author":"Crees","twitter_card":"summary_large_image","twitter_creator":"@CREESRD","twitter_site":"@CREESRD","twitter_misc":{"Escrito por":"Crees","Tiempo de lectura":"3 minutos"},"schema":{"@context":"https:\/\/schema.org","@graph":[{"@type":"Article","@id":"https:\/\/crees.org.do\/?p=28133#article","isPartOf":{"@id":"https:\/\/crees.org.do\/?p=28133"},"author":{"name":"Crees","@id":"https:\/\/crees.org.do\/#\/schema\/person\/e7f97cd94d7bf9cd0e0ce30acb7d56b8"},"headline":"Costos laborales no salariales suman a informalidad en RD","datePublished":"2025-05-15T20:11:34+00:00","dateModified":"2025-05-16T13:38:17+00:00","mainEntityOfPage":{"@id":"https:\/\/crees.org.do\/?p=28133"},"wordCount":532,"publisher":{"@id":"https:\/\/crees.org.do\/#organization"},"image":{"@id":"https:\/\/crees.org.do\/?p=28133#primaryimage"},"thumbnailUrl":"https:\/\/crees.org.do\/wp-content\/uploads\/2025\/05\/681ea23bdae05_informal.jpg.png","articleSection":["Actualidad"],"inLanguage":"es"},{"@type":"WebPage","@id":"https:\/\/crees.org.do\/?p=28133","url":"https:\/\/crees.org.do\/?p=28133","name":"Costos laborales no salariales suman a informalidad en RD | CREES","isPartOf":{"@id":"https:\/\/crees.org.do\/#website"},"primaryImageOfPage":{"@id":"https:\/\/crees.org.do\/?p=28133#primaryimage"},"image":{"@id":"https:\/\/crees.org.do\/?p=28133#primaryimage"},"thumbnailUrl":"https:\/\/crees.org.do\/wp-content\/uploads\/2025\/05\/681ea23bdae05_informal.jpg.png","datePublished":"2025-05-15T20:11:34+00:00","dateModified":"2025-05-16T13:38:17+00:00","breadcrumb":{"@id":"https:\/\/crees.org.do\/?p=28133#breadcrumb"},"inLanguage":"es","potentialAction":[{"@type":"ReadAction","target":["https:\/\/crees.org.do\/?p=28133"]}]},{"@type":"ImageObject","inLanguage":"es","@id":"https:\/\/crees.org.do\/?p=28133#primaryimage","url":"https:\/\/crees.org.do\/wp-content\/uploads\/2025\/05\/681ea23bdae05_informal.jpg.png","contentUrl":"https:\/\/crees.org.do\/wp-content\/uploads\/2025\/05\/681ea23bdae05_informal.jpg.png","width":1000,"height":600},{"@type":"BreadcrumbList","@id":"https:\/\/crees.org.do\/?p=28133#breadcrumb","itemListElement":[{"@type":"ListItem","position":1,"name":"Portada","item":"https:\/\/crees.org.do\/"},{"@type":"ListItem","position":2,"name":"Costos laborales no salariales suman a informalidad en RD"}]},{"@type":"WebSite","@id":"https:\/\/crees.org.do\/#website","url":"https:\/\/crees.org.do\/","name":"CREES","description":"Centro Regional de Estrategias Econ\u00f3micas Sostenibles","publisher":{"@id":"https:\/\/crees.org.do\/#organization"},"potentialAction":[{"@type":"SearchAction","target":{"@type":"EntryPoint","urlTemplate":"https:\/\/crees.org.do\/?s={search_term_string}"},"query-input":{"@type":"PropertyValueSpecification","valueRequired":true,"valueName":"search_term_string"}}],"inLanguage":"es"},{"@type":"Organization","@id":"https:\/\/crees.org.do\/#organization","name":"CREES | Centro Regional de Estrategias Econ\u00f3micas Sostenibles","url":"https:\/\/crees.org.do\/","logo":{"@type":"ImageObject","inLanguage":"es","@id":"https:\/\/crees.org.do\/#\/schema\/logo\/image\/","url":"https:\/\/crees.org.do\/wp-content\/uploads\/2022\/03\/crees-logo-1.jpg","contentUrl":"https:\/\/crees.org.do\/wp-content\/uploads\/2022\/03\/crees-logo-1.jpg","width":244,"height":71,"caption":"CREES | Centro Regional de Estrategias Econ\u00f3micas Sostenibles"},"image":{"@id":"https:\/\/crees.org.do\/#\/schema\/logo\/image\/"},"sameAs":["https:\/\/www.facebook.com\/CREESRD\/","https:\/\/x.com\/CREESRD"]},{"@type":"Person","@id":"https:\/\/crees.org.do\/#\/schema\/person\/e7f97cd94d7bf9cd0e0ce30acb7d56b8","name":"Crees","image":{"@type":"ImageObject","inLanguage":"es","@id":"https:\/\/crees.org.do\/#\/schema\/person\/image\/","url":"https:\/\/secure.gravatar.com\/avatar\/390ac8f0be5d9aa046152553e2dd7011b59a512d89c150f5e5f28bb8d9a0b165?s=96&d=mm&r=g","contentUrl":"https:\/\/secure.gravatar.com\/avatar\/390ac8f0be5d9aa046152553e2dd7011b59a512d89c150f5e5f28bb8d9a0b165?s=96&d=mm&r=g","caption":"Crees"},"url":"https:\/\/crees.org.do\/?author=2"}]}},"_links":{"self":[{"href":"https:\/\/crees.org.do\/index.php?rest_route=\/wp\/v2\/posts\/28133","targetHints":{"allow":["GET"]}}],"collection":[{"href":"https:\/\/crees.org.do\/index.php?rest_route=\/wp\/v2\/posts"}],"about":[{"href":"https:\/\/crees.org.do\/index.php?rest_route=\/wp\/v2\/types\/post"}],"author":[{"embeddable":true,"href":"https:\/\/crees.org.do\/index.php?rest_route=\/wp\/v2\/users\/2"}],"replies":[{"embeddable":true,"href":"https:\/\/crees.org.do\/index.php?rest_route=%2Fwp%2Fv2%2Fcomments&post=28133"}],"version-history":[{"count":5,"href":"https:\/\/crees.org.do\/index.php?rest_route=\/wp\/v2\/posts\/28133\/revisions"}],"predecessor-version":[{"id":28153,"href":"https:\/\/crees.org.do\/index.php?rest_route=\/wp\/v2\/posts\/28133\/revisions\/28153"}],"wp:featuredmedia":[{"embeddable":true,"href":"https:\/\/crees.org.do\/index.php?rest_route=\/wp\/v2\/media\/28135"}],"wp:attachment":[{"href":"https:\/\/crees.org.do\/index.php?rest_route=%2Fwp%2Fv2%2Fmedia&parent=28133"}],"wp:term":[{"taxonomy":"category","embeddable":true,"href":"https:\/\/crees.org.do\/index.php?rest_route=%2Fwp%2Fv2%2Fcategories&post=28133"},{"taxonomy":"post_tag","embeddable":true,"href":"https:\/\/crees.org.do\/index.php?rest_route=%2Fwp%2Fv2%2Ftags&post=28133"}],"curies":[{"name":"wp","href":"https:\/\/api.w.org\/{rel}","templated":true}]}}