{"id":28134,"date":"2025-05-15T20:17:02","date_gmt":"2025-05-15T20:17:02","guid":{"rendered":"https:\/\/crees.org.do\/?p=28134"},"modified":"2025-05-15T20:17:02","modified_gmt":"2025-05-15T20:17:02","slug":"altos-costos-laborales-no-salariales-impulsan-la-informalidad-y-debilitan-el-sistema-de-pensiones-en-republica-dominicana","status":"publish","type":"post","link":"https:\/\/crees.org.do\/?p=28134","title":{"rendered":"Altos costos laborales no salariales impulsan la informalidad y debilitan el sistema de pensiones en Rep\u00fablica Dominicana"},"content":{"rendered":"<p style=\"text-align: justify;\">Autor: Manuel Jim\u00e9nez<\/p>\n<p style=\"text-align: justify;\">Fecha: 9 de mayo de 2025<\/p>\n<p style=\"text-align: justify;\">Extra\u00eddo de: <a href=\"https:\/\/lapropuestadigital.com\/altos-costos-laborales-no-salariales-impulsan-la-informalidad-y-debilitan-el-sistema-de-pensiones-en-republica-dominicana\/\">La Propuesta Digital<\/a><\/p>\n<h2 class=\"entry-title\" style=\"text-align: justify;\">Altos costos laborales no salariales impulsan la informalidad y debilitan el sistema de pensiones en Rep\u00fablica Dominicana<\/h2>\n<p style=\"text-align: justify;\">Santo Domingo, 9 mayo. \u2013 La informalidad contin\u00faa siendo una caracter\u00edstica dominante del mercado laboral dominicano. De acuerdo con datos analizados por el Centro Regional de Estrategias Econ\u00f3micas Sostenibles (CREES), en los \u00faltimos cinco a\u00f1os, la tasa de informalidad ha promediado un alarmante 56.6% del total de ocupados.<\/p>\n<p style=\"text-align: justify;\">En t\u00e9rminos pr\u00e1cticos, esto significa que por cada 10 personas que trabajan en el pa\u00eds, seis lo hacen al margen del sistema legal vigente, sin acceso pleno a derechos laborales, seguridad social ni protecci\u00f3n institucional.<\/p>\n<p style=\"text-align: justify;\">Seg\u00fan el CREES, la informalidad no debe verse como el problema en s\u00ed mismo, sino como un s\u00edntoma de un sistema econ\u00f3mico que penaliza la formalizaci\u00f3n. Las barreras regulatorias y los altos costos vinculados al cumplimiento de las leyes laborales hacen que, tanto para el empleador como para el empleado, operar dentro de la legalidad resulte m\u00e1s costoso que los beneficios que se derivar\u00edan de la formalidad, destaca la instituci\u00f3n de investigaci\u00f3n y an\u00e1lisis econ\u00f3mico.<\/p>\n<p style=\"text-align: justify;\">Esta percepci\u00f3n, agrega, sustentada por la estructura legal actual, es lo que perpet\u00faa el crecimiento de la informalidad en el pa\u00eds.<\/p>\n<p style=\"text-align: justify;\">Los costos laborales no salariales son una carga significativa para las empresas que deciden operar formalmente, y esto ha sido reiterado por CREES en m\u00faltiples estudios.<\/p>\n<p style=\"text-align: justify;\">Destaca que estos costos abarcan contribuciones obligatorias a la seguridad social, el Instituto Nacional de Formaci\u00f3n T\u00e9cnico Profesional (INFOTEP), el salario n\u00famero trece, vacaciones pagadas y otros beneficios estipulados por ley.<\/p>\n<p style=\"text-align: justify;\">En su conjunto, estos elementos representan entre el 29.3% y el 31.1% del salario anual de un trabajador formal, un porcentaje que resulta disuasivo especialmente para peque\u00f1as y medianas empresas, apunta el CREES.<\/p>\n<p style=\"text-align: justify;\">CREES advierte que la legislaci\u00f3n dominicana tambi\u00e9n impone una obligaci\u00f3n adicional: las empresas deben distribuir al menos el 10% de sus beneficios netos entre sus empleados.<\/p>\n<p style=\"text-align: justify;\">Esta disposici\u00f3n legal, advierte, aunque busca proteger al trabajador, eleva los costos laborales no salariales a niveles a\u00fan m\u00e1s altos, situ\u00e1ndose entre el 45.0% y el 52.1% del salario anual, seg\u00fan c\u00e1lculos recientes del centro de pensamiento econ\u00f3mico.<\/p>\n<p style=\"text-align: justify;\">Un aspecto especialmente preocupante se\u00f1alado por CREES es el elevado costo que representa la cesant\u00eda. Cuando una empresa se ve en la necesidad de despedir a un trabajador con un a\u00f1o de servicio, el costo laboral no salarial asciende a 54.48%.<\/p>\n<p style=\"text-align: justify;\">Si ese trabajador ha permanecido en la empresa durante 20 a\u00f1os, el pasivo contingente puede llegar a representar hasta un 222.8% del salario anual en el \u00faltimo a\u00f1o de servicio, lo cual constituye un peso financiero muy dif\u00edcil de asumir para muchas compa\u00f1\u00edas de acuerdo a lo que publica CREES en su portal digital.<\/p>\n<p style=\"text-align: justify;\">Este tipo de obligaciones act\u00faan como desincentivos claros a la contrataci\u00f3n formal, explica CREES. La cesant\u00eda, adem\u00e1s de ser un pasivo contingente imprevisible, representa una fuente de incertidumbre financiera que limita la capacidad de planificaci\u00f3n empresarial.<\/p>\n<p style=\"text-align: justify;\">Pese a que dos legislaciones \u2014la Ley 87-01 del Sistema Dominicano de Seguridad Social y la Ley 1-12 de Estrategia Nacional de Desarrollo\u2014 han intentado reformar este esquema, el problema de fondo persiste sin soluci\u00f3n definitiva.<\/p>\n<p style=\"text-align: justify;\">La consecuencia directa de esta estructura laboral desfavorable es el debilitamiento de otros pilares del sistema econ\u00f3mico, como el sistema de pensiones. CREES subraya que en marzo de 2025 apenas el 41.6% de los afiliados a las Administradoras de Fondos de Pensiones (AFP) realizaban cotizaciones activas a sus cuentas de capitalizaci\u00f3n individual. Esta cifra evidencia la correlaci\u00f3n entre informalidad laboral y baja densidad de cotizaci\u00f3n, un fen\u00f3meno que compromete seriamente la sostenibilidad del r\u00e9gimen previsional.<\/p>\n<p style=\"text-align: justify;\">Adem\u00e1s, CREES destaca que el impacto de la pandemia de COVID-19 agudiz\u00f3 esta situaci\u00f3n. Durante ese per\u00edodo, la cantidad de empleados cotizantes se redujo en un 26.4%, producto de un aumento en la informalidad y el desempleo.<\/p>\n<p style=\"text-align: justify;\">En el primer trimestre de 2021, la tasa combinada de desempleo ampliado y subempleo fue de 19.6%, mientras que la ocupaci\u00f3n informal se elev\u00f3 al 57.7%, seg\u00fan datos del Banco Central recopilados por CREES.<\/p>\n<p style=\"text-align: justify;\">A pesar de una leve recuperaci\u00f3n entre julio de 2020 y mayo de 2023 \u2014cuando el n\u00famero de cotizantes creci\u00f3 a un ritmo mensual promedio de 1.2%\u2014, el crecimiento ha sido m\u00e1s moderado desde entonces, con una tasa mensual promedio de solo 0.2%, apunta CREES.<\/p>\n<p style=\"text-align: justify;\">Este estancamiento refuerza la necesidad urgente de reformas estructurales que favorezcan la formalizaci\u00f3n laboral y, por ende, la estabilidad del sistema de pensiones.<\/p>\n<p style=\"text-align: justify;\">Frente a este panorama, CREES recomienda que las pol\u00edticas p\u00fablicas se enfoquen en eliminar los obst\u00e1culos que dificultan la formalizaci\u00f3n. Esto implica revisar y reformar los esquemas tributarios, laborales y regulatorios que incrementan los costos de operar dentro del sistema legal. Solo a trav\u00e9s de un entorno regulatorio m\u00e1s amigable y predecible se podr\u00e1 incentivar la contrataci\u00f3n formal y fortalecer el mercado laboral.<\/p>\n<p style=\"text-align: justify;\">Finalmente, CREES insiste en que, en lugar de continuar expandiendo las cargas sobre el sistema formal, el enfoque debe ser generar las condiciones para que m\u00e1s personas y empresas opten voluntariamente por integrarse a \u00e9l.<\/p>\n<p style=\"text-align: justify;\">La informalidad es una respuesta racional de los agentes econ\u00f3micos a un sistema que actualmente penaliza el cumplimiento. Reformarlo no solo impulsar\u00eda la productividad y la competitividad, sino que tambi\u00e9n garantizar\u00eda mejores condiciones de seguridad\u00a0social para toda la poblaci\u00f3n, aconseja el CREES<\/p>\n<p><img fetchpriority=\"high\" decoding=\"async\" class=\"aligncenter wp-image-28123\" src=\"https:\/\/crees.org.do\/wp-content\/uploads\/2025\/05\/Untitled-copy-23-4.png\" alt=\"\" width=\"896\" height=\"896\" srcset=\"https:\/\/crees.org.do\/wp-content\/uploads\/2025\/05\/Untitled-copy-23-4.png 1200w, https:\/\/crees.org.do\/wp-content\/uploads\/2025\/05\/Untitled-copy-23-4-450x450.png 450w, https:\/\/crees.org.do\/wp-content\/uploads\/2025\/05\/Untitled-copy-23-4-2000x2000.png 2000w, https:\/\/crees.org.do\/wp-content\/uploads\/2025\/05\/Untitled-copy-23-4-150x150.png 150w, https:\/\/crees.org.do\/wp-content\/uploads\/2025\/05\/Untitled-copy-23-4-768x768.png 768w, https:\/\/crees.org.do\/wp-content\/uploads\/2025\/05\/Untitled-copy-23-4-1536x1536.png 1536w, https:\/\/crees.org.do\/wp-content\/uploads\/2025\/05\/Untitled-copy-23-4-2048x2048.png 2048w\" sizes=\"(max-width: 896px) 100vw, 896px\" \/><\/p>\n<p><img decoding=\"async\" class=\"aligncenter wp-image-28121\" src=\"https:\/\/crees.org.do\/wp-content\/uploads\/2025\/05\/Untitled-copy-21-3.png\" alt=\"\" width=\"896\" height=\"896\" srcset=\"https:\/\/crees.org.do\/wp-content\/uploads\/2025\/05\/Untitled-copy-21-3.png 1200w, https:\/\/crees.org.do\/wp-content\/uploads\/2025\/05\/Untitled-copy-21-3-450x450.png 450w, https:\/\/crees.org.do\/wp-content\/uploads\/2025\/05\/Untitled-copy-21-3-2000x2000.png 2000w, https:\/\/crees.org.do\/wp-content\/uploads\/2025\/05\/Untitled-copy-21-3-150x150.png 150w, https:\/\/crees.org.do\/wp-content\/uploads\/2025\/05\/Untitled-copy-21-3-768x768.png 768w, https:\/\/crees.org.do\/wp-content\/uploads\/2025\/05\/Untitled-copy-21-3-1536x1536.png 1536w, https:\/\/crees.org.do\/wp-content\/uploads\/2025\/05\/Untitled-copy-21-3-2048x2048.png 2048w\" sizes=\"(max-width: 896px) 100vw, 896px\" \/><\/p>\n<div class=\"pvc_clear\"><\/div>\n<p class=\"pvc_stats all \" data-element-id=\"28134\" style=\"\"><i class=\"pvc-stats-icon medium\" aria-hidden=\"true\"><svg aria-hidden=\"true\" focusable=\"false\" data-prefix=\"far\" data-icon=\"chart-bar\" role=\"img\" xmlns=\"http:\/\/www.w3.org\/2000\/svg\" viewBox=\"0 0 512 512\" class=\"svg-inline--fa fa-chart-bar fa-w-16 fa-2x\"><path fill=\"currentColor\" d=\"M396.8 352h22.4c6.4 0 12.8-6.4 12.8-12.8V108.8c0-6.4-6.4-12.8-12.8-12.8h-22.4c-6.4 0-12.8 6.4-12.8 12.8v230.4c0 6.4 6.4 12.8 12.8 12.8zm-192 0h22.4c6.4 0 12.8-6.4 12.8-12.8V140.8c0-6.4-6.4-12.8-12.8-12.8h-22.4c-6.4 0-12.8 6.4-12.8 12.8v198.4c0 6.4 6.4 12.8 12.8 12.8zm96 0h22.4c6.4 0 12.8-6.4 12.8-12.8V204.8c0-6.4-6.4-12.8-12.8-12.8h-22.4c-6.4 0-12.8 6.4-12.8 12.8v134.4c0 6.4 6.4 12.8 12.8 12.8zM496 400H48V80c0-8.84-7.16-16-16-16H16C7.16 64 0 71.16 0 80v336c0 17.67 14.33 32 32 32h464c8.84 0 16-7.16 16-16v-16c0-8.84-7.16-16-16-16zm-387.2-48h22.4c6.4 0 12.8-6.4 12.8-12.8v-70.4c0-6.4-6.4-12.8-12.8-12.8h-22.4c-6.4 0-12.8 6.4-12.8 12.8v70.4c0 6.4 6.4 12.8 12.8 12.8z\" class=\"\"><\/path><\/svg><\/i> Vistas Totales&nbsp;1,160&nbsp;, Vistas Hoy&nbsp;2&nbsp;<\/p>\n<div class=\"pvc_clear\"><\/div>\n","protected":false},"excerpt":{"rendered":"<p>Autor: Manuel Jim\u00e9nez Fecha: 9 de mayo de 2025 Extra\u00eddo de: La Propuesta Digital Altos costos laborales no salariales impulsan la informalidad y debilitan el sistema de pensiones en Rep\u00fablica Dominicana Santo Domingo, 9 mayo. \u2013 La informalidad contin\u00faa siendo una caracter\u00edstica dominante del mercado laboral dominicano. De acuerdo con datos analizados por el Centro&#8230;<\/p>\n<div class=\"pvc_clear\"><\/div>\n<p class=\"pvc_stats all \" data-element-id=\"28134\" style=\"\"><i class=\"pvc-stats-icon medium\" aria-hidden=\"true\"><svg aria-hidden=\"true\" focusable=\"false\" data-prefix=\"far\" data-icon=\"chart-bar\" role=\"img\" xmlns=\"http:\/\/www.w3.org\/2000\/svg\" viewBox=\"0 0 512 512\" class=\"svg-inline--fa fa-chart-bar fa-w-16 fa-2x\"><path fill=\"currentColor\" d=\"M396.8 352h22.4c6.4 0 12.8-6.4 12.8-12.8V108.8c0-6.4-6.4-12.8-12.8-12.8h-22.4c-6.4 0-12.8 6.4-12.8 12.8v230.4c0 6.4 6.4 12.8 12.8 12.8zm-192 0h22.4c6.4 0 12.8-6.4 12.8-12.8V140.8c0-6.4-6.4-12.8-12.8-12.8h-22.4c-6.4 0-12.8 6.4-12.8 12.8v198.4c0 6.4 6.4 12.8 12.8 12.8zm96 0h22.4c6.4 0 12.8-6.4 12.8-12.8V204.8c0-6.4-6.4-12.8-12.8-12.8h-22.4c-6.4 0-12.8 6.4-12.8 12.8v134.4c0 6.4 6.4 12.8 12.8 12.8zM496 400H48V80c0-8.84-7.16-16-16-16H16C7.16 64 0 71.16 0 80v336c0 17.67 14.33 32 32 32h464c8.84 0 16-7.16 16-16v-16c0-8.84-7.16-16-16-16zm-387.2-48h22.4c6.4 0 12.8-6.4 12.8-12.8v-70.4c0-6.4-6.4-12.8-12.8-12.8h-22.4c-6.4 0-12.8 6.4-12.8 12.8v70.4c0 6.4 6.4 12.8 12.8 12.8z\" class=\"\"><\/path><\/svg><\/i> Vistas Totales&nbsp;1,160&nbsp;, Vistas Hoy&nbsp;2&nbsp;<\/p>\n<div class=\"pvc_clear\"><\/div>\n","protected":false},"author":2,"featured_media":28140,"comment_status":"closed","ping_status":"closed","sticky":false,"template":"","format":"standard","meta":{"footnotes":""},"categories":[19],"tags":[],"class_list":["post-28134","post","type-post","status-publish","format-standard","has-post-thumbnail","hentry","category-actualidad"],"yoast_head":"<!-- This site is optimized with the Yoast SEO plugin v25.2 - https:\/\/yoast.com\/wordpress\/plugins\/seo\/ -->\n<title>Altos costos laborales no salariales impulsan la informalidad y debilitan el sistema de pensiones en Rep\u00fablica Dominicana | CREES<\/title>\n<meta name=\"robots\" content=\"index, follow, max-snippet:-1, max-image-preview:large, max-video-preview:-1\" \/>\n<link rel=\"canonical\" href=\"https:\/\/crees.org.do\/?p=28134\" \/>\n<meta property=\"og:locale\" content=\"es_ES\" \/>\n<meta property=\"og:type\" content=\"article\" \/>\n<meta property=\"og:title\" content=\"Altos costos laborales no salariales impulsan la informalidad y debilitan el sistema de pensiones en Rep\u00fablica Dominicana | CREES\" \/>\n<meta property=\"og:description\" content=\"Autor: Manuel Jim\u00e9nez Fecha: 9 de mayo de 2025 Extra\u00eddo de: La Propuesta Digital Altos costos laborales no salariales impulsan la informalidad y debilitan el sistema de pensiones en Rep\u00fablica Dominicana Santo Domingo, 9 mayo. \u2013 La informalidad contin\u00faa siendo una caracter\u00edstica dominante del mercado laboral dominicano. De acuerdo con datos analizados por el Centro...\" \/>\n<meta property=\"og:url\" content=\"https:\/\/crees.org.do\/?p=28134\" \/>\n<meta property=\"og:site_name\" content=\"CREES\" \/>\n<meta property=\"article:publisher\" content=\"https:\/\/www.facebook.com\/CREESRD\/\" \/>\n<meta property=\"article:published_time\" content=\"2025-05-15T20:17:02+00:00\" \/>\n<meta property=\"og:image\" content=\"https:\/\/crees.org.do\/wp-content\/uploads\/2025\/05\/trabajo-informal-02.png\" \/>\n\t<meta property=\"og:image:width\" content=\"620\" \/>\n\t<meta property=\"og:image:height\" content=\"372\" \/>\n\t<meta property=\"og:image:type\" content=\"image\/png\" \/>\n<meta name=\"author\" content=\"Crees\" \/>\n<meta name=\"twitter:card\" content=\"summary_large_image\" \/>\n<meta name=\"twitter:creator\" content=\"@CREESRD\" \/>\n<meta name=\"twitter:site\" content=\"@CREESRD\" \/>\n<meta name=\"twitter:label1\" content=\"Escrito por\" \/>\n\t<meta name=\"twitter:data1\" content=\"Crees\" \/>\n\t<meta name=\"twitter:label2\" content=\"Tiempo de lectura\" \/>\n\t<meta name=\"twitter:data2\" content=\"5 minutos\" \/>\n<script type=\"application\/ld+json\" class=\"yoast-schema-graph\">{\"@context\":\"https:\/\/schema.org\",\"@graph\":[{\"@type\":\"Article\",\"@id\":\"https:\/\/crees.org.do\/?p=28134#article\",\"isPartOf\":{\"@id\":\"https:\/\/crees.org.do\/?p=28134\"},\"author\":{\"name\":\"Crees\",\"@id\":\"https:\/\/crees.org.do\/#\/schema\/person\/e7f97cd94d7bf9cd0e0ce30acb7d56b8\"},\"headline\":\"Altos costos laborales no salariales impulsan la informalidad y debilitan el sistema de pensiones en Rep\u00fablica Dominicana\",\"datePublished\":\"2025-05-15T20:17:02+00:00\",\"mainEntityOfPage\":{\"@id\":\"https:\/\/crees.org.do\/?p=28134\"},\"wordCount\":960,\"publisher\":{\"@id\":\"https:\/\/crees.org.do\/#organization\"},\"image\":{\"@id\":\"https:\/\/crees.org.do\/?p=28134#primaryimage\"},\"thumbnailUrl\":\"https:\/\/crees.org.do\/wp-content\/uploads\/2025\/05\/trabajo-informal-02.png\",\"articleSection\":[\"Actualidad\"],\"inLanguage\":\"es\"},{\"@type\":\"WebPage\",\"@id\":\"https:\/\/crees.org.do\/?p=28134\",\"url\":\"https:\/\/crees.org.do\/?p=28134\",\"name\":\"Altos costos laborales no salariales impulsan la informalidad y debilitan el sistema de pensiones en Rep\u00fablica Dominicana | CREES\",\"isPartOf\":{\"@id\":\"https:\/\/crees.org.do\/#website\"},\"primaryImageOfPage\":{\"@id\":\"https:\/\/crees.org.do\/?p=28134#primaryimage\"},\"image\":{\"@id\":\"https:\/\/crees.org.do\/?p=28134#primaryimage\"},\"thumbnailUrl\":\"https:\/\/crees.org.do\/wp-content\/uploads\/2025\/05\/trabajo-informal-02.png\",\"datePublished\":\"2025-05-15T20:17:02+00:00\",\"breadcrumb\":{\"@id\":\"https:\/\/crees.org.do\/?p=28134#breadcrumb\"},\"inLanguage\":\"es\",\"potentialAction\":[{\"@type\":\"ReadAction\",\"target\":[\"https:\/\/crees.org.do\/?p=28134\"]}]},{\"@type\":\"ImageObject\",\"inLanguage\":\"es\",\"@id\":\"https:\/\/crees.org.do\/?p=28134#primaryimage\",\"url\":\"https:\/\/crees.org.do\/wp-content\/uploads\/2025\/05\/trabajo-informal-02.png\",\"contentUrl\":\"https:\/\/crees.org.do\/wp-content\/uploads\/2025\/05\/trabajo-informal-02.png\",\"width\":620,\"height\":372},{\"@type\":\"BreadcrumbList\",\"@id\":\"https:\/\/crees.org.do\/?p=28134#breadcrumb\",\"itemListElement\":[{\"@type\":\"ListItem\",\"position\":1,\"name\":\"Portada\",\"item\":\"https:\/\/crees.org.do\/\"},{\"@type\":\"ListItem\",\"position\":2,\"name\":\"Altos costos laborales no salariales impulsan la informalidad y debilitan el sistema de pensiones en Rep\u00fablica Dominicana\"}]},{\"@type\":\"WebSite\",\"@id\":\"https:\/\/crees.org.do\/#website\",\"url\":\"https:\/\/crees.org.do\/\",\"name\":\"CREES\",\"description\":\"Centro Regional de Estrategias Econ\u00f3micas Sostenibles\",\"publisher\":{\"@id\":\"https:\/\/crees.org.do\/#organization\"},\"potentialAction\":[{\"@type\":\"SearchAction\",\"target\":{\"@type\":\"EntryPoint\",\"urlTemplate\":\"https:\/\/crees.org.do\/?s={search_term_string}\"},\"query-input\":{\"@type\":\"PropertyValueSpecification\",\"valueRequired\":true,\"valueName\":\"search_term_string\"}}],\"inLanguage\":\"es\"},{\"@type\":\"Organization\",\"@id\":\"https:\/\/crees.org.do\/#organization\",\"name\":\"CREES | Centro Regional de Estrategias Econ\u00f3micas Sostenibles\",\"url\":\"https:\/\/crees.org.do\/\",\"logo\":{\"@type\":\"ImageObject\",\"inLanguage\":\"es\",\"@id\":\"https:\/\/crees.org.do\/#\/schema\/logo\/image\/\",\"url\":\"https:\/\/crees.org.do\/wp-content\/uploads\/2022\/03\/crees-logo-1.jpg\",\"contentUrl\":\"https:\/\/crees.org.do\/wp-content\/uploads\/2022\/03\/crees-logo-1.jpg\",\"width\":244,\"height\":71,\"caption\":\"CREES | Centro Regional de Estrategias Econ\u00f3micas Sostenibles\"},\"image\":{\"@id\":\"https:\/\/crees.org.do\/#\/schema\/logo\/image\/\"},\"sameAs\":[\"https:\/\/www.facebook.com\/CREESRD\/\",\"https:\/\/x.com\/CREESRD\"]},{\"@type\":\"Person\",\"@id\":\"https:\/\/crees.org.do\/#\/schema\/person\/e7f97cd94d7bf9cd0e0ce30acb7d56b8\",\"name\":\"Crees\",\"image\":{\"@type\":\"ImageObject\",\"inLanguage\":\"es\",\"@id\":\"https:\/\/crees.org.do\/#\/schema\/person\/image\/\",\"url\":\"https:\/\/secure.gravatar.com\/avatar\/390ac8f0be5d9aa046152553e2dd7011b59a512d89c150f5e5f28bb8d9a0b165?s=96&d=mm&r=g\",\"contentUrl\":\"https:\/\/secure.gravatar.com\/avatar\/390ac8f0be5d9aa046152553e2dd7011b59a512d89c150f5e5f28bb8d9a0b165?s=96&d=mm&r=g\",\"caption\":\"Crees\"},\"url\":\"https:\/\/crees.org.do\/?author=2\"}]}<\/script>\n<!-- \/ Yoast SEO plugin. -->","yoast_head_json":{"title":"Altos costos laborales no salariales impulsan la informalidad y debilitan el sistema de pensiones en Rep\u00fablica Dominicana | CREES","robots":{"index":"index","follow":"follow","max-snippet":"max-snippet:-1","max-image-preview":"max-image-preview:large","max-video-preview":"max-video-preview:-1"},"canonical":"https:\/\/crees.org.do\/?p=28134","og_locale":"es_ES","og_type":"article","og_title":"Altos costos laborales no salariales impulsan la informalidad y debilitan el sistema de pensiones en Rep\u00fablica Dominicana | CREES","og_description":"Autor: Manuel Jim\u00e9nez Fecha: 9 de mayo de 2025 Extra\u00eddo de: La Propuesta Digital Altos costos laborales no salariales impulsan la informalidad y debilitan el sistema de pensiones en Rep\u00fablica Dominicana Santo Domingo, 9 mayo. \u2013 La informalidad contin\u00faa siendo una caracter\u00edstica dominante del mercado laboral dominicano. De acuerdo con datos analizados por el Centro...","og_url":"https:\/\/crees.org.do\/?p=28134","og_site_name":"CREES","article_publisher":"https:\/\/www.facebook.com\/CREESRD\/","article_published_time":"2025-05-15T20:17:02+00:00","og_image":[{"width":620,"height":372,"url":"https:\/\/crees.org.do\/wp-content\/uploads\/2025\/05\/trabajo-informal-02.png","type":"image\/png"}],"author":"Crees","twitter_card":"summary_large_image","twitter_creator":"@CREESRD","twitter_site":"@CREESRD","twitter_misc":{"Escrito por":"Crees","Tiempo de lectura":"5 minutos"},"schema":{"@context":"https:\/\/schema.org","@graph":[{"@type":"Article","@id":"https:\/\/crees.org.do\/?p=28134#article","isPartOf":{"@id":"https:\/\/crees.org.do\/?p=28134"},"author":{"name":"Crees","@id":"https:\/\/crees.org.do\/#\/schema\/person\/e7f97cd94d7bf9cd0e0ce30acb7d56b8"},"headline":"Altos costos laborales no salariales impulsan la informalidad y debilitan el sistema de pensiones en Rep\u00fablica Dominicana","datePublished":"2025-05-15T20:17:02+00:00","mainEntityOfPage":{"@id":"https:\/\/crees.org.do\/?p=28134"},"wordCount":960,"publisher":{"@id":"https:\/\/crees.org.do\/#organization"},"image":{"@id":"https:\/\/crees.org.do\/?p=28134#primaryimage"},"thumbnailUrl":"https:\/\/crees.org.do\/wp-content\/uploads\/2025\/05\/trabajo-informal-02.png","articleSection":["Actualidad"],"inLanguage":"es"},{"@type":"WebPage","@id":"https:\/\/crees.org.do\/?p=28134","url":"https:\/\/crees.org.do\/?p=28134","name":"Altos costos laborales no salariales impulsan la informalidad y debilitan el sistema de pensiones en Rep\u00fablica Dominicana | CREES","isPartOf":{"@id":"https:\/\/crees.org.do\/#website"},"primaryImageOfPage":{"@id":"https:\/\/crees.org.do\/?p=28134#primaryimage"},"image":{"@id":"https:\/\/crees.org.do\/?p=28134#primaryimage"},"thumbnailUrl":"https:\/\/crees.org.do\/wp-content\/uploads\/2025\/05\/trabajo-informal-02.png","datePublished":"2025-05-15T20:17:02+00:00","breadcrumb":{"@id":"https:\/\/crees.org.do\/?p=28134#breadcrumb"},"inLanguage":"es","potentialAction":[{"@type":"ReadAction","target":["https:\/\/crees.org.do\/?p=28134"]}]},{"@type":"ImageObject","inLanguage":"es","@id":"https:\/\/crees.org.do\/?p=28134#primaryimage","url":"https:\/\/crees.org.do\/wp-content\/uploads\/2025\/05\/trabajo-informal-02.png","contentUrl":"https:\/\/crees.org.do\/wp-content\/uploads\/2025\/05\/trabajo-informal-02.png","width":620,"height":372},{"@type":"BreadcrumbList","@id":"https:\/\/crees.org.do\/?p=28134#breadcrumb","itemListElement":[{"@type":"ListItem","position":1,"name":"Portada","item":"https:\/\/crees.org.do\/"},{"@type":"ListItem","position":2,"name":"Altos costos laborales no salariales impulsan la informalidad y debilitan el sistema de pensiones en Rep\u00fablica Dominicana"}]},{"@type":"WebSite","@id":"https:\/\/crees.org.do\/#website","url":"https:\/\/crees.org.do\/","name":"CREES","description":"Centro Regional de Estrategias Econ\u00f3micas Sostenibles","publisher":{"@id":"https:\/\/crees.org.do\/#organization"},"potentialAction":[{"@type":"SearchAction","target":{"@type":"EntryPoint","urlTemplate":"https:\/\/crees.org.do\/?s={search_term_string}"},"query-input":{"@type":"PropertyValueSpecification","valueRequired":true,"valueName":"search_term_string"}}],"inLanguage":"es"},{"@type":"Organization","@id":"https:\/\/crees.org.do\/#organization","name":"CREES | Centro Regional de Estrategias Econ\u00f3micas Sostenibles","url":"https:\/\/crees.org.do\/","logo":{"@type":"ImageObject","inLanguage":"es","@id":"https:\/\/crees.org.do\/#\/schema\/logo\/image\/","url":"https:\/\/crees.org.do\/wp-content\/uploads\/2022\/03\/crees-logo-1.jpg","contentUrl":"https:\/\/crees.org.do\/wp-content\/uploads\/2022\/03\/crees-logo-1.jpg","width":244,"height":71,"caption":"CREES | Centro Regional de Estrategias Econ\u00f3micas Sostenibles"},"image":{"@id":"https:\/\/crees.org.do\/#\/schema\/logo\/image\/"},"sameAs":["https:\/\/www.facebook.com\/CREESRD\/","https:\/\/x.com\/CREESRD"]},{"@type":"Person","@id":"https:\/\/crees.org.do\/#\/schema\/person\/e7f97cd94d7bf9cd0e0ce30acb7d56b8","name":"Crees","image":{"@type":"ImageObject","inLanguage":"es","@id":"https:\/\/crees.org.do\/#\/schema\/person\/image\/","url":"https:\/\/secure.gravatar.com\/avatar\/390ac8f0be5d9aa046152553e2dd7011b59a512d89c150f5e5f28bb8d9a0b165?s=96&d=mm&r=g","contentUrl":"https:\/\/secure.gravatar.com\/avatar\/390ac8f0be5d9aa046152553e2dd7011b59a512d89c150f5e5f28bb8d9a0b165?s=96&d=mm&r=g","caption":"Crees"},"url":"https:\/\/crees.org.do\/?author=2"}]}},"_links":{"self":[{"href":"https:\/\/crees.org.do\/index.php?rest_route=\/wp\/v2\/posts\/28134","targetHints":{"allow":["GET"]}}],"collection":[{"href":"https:\/\/crees.org.do\/index.php?rest_route=\/wp\/v2\/posts"}],"about":[{"href":"https:\/\/crees.org.do\/index.php?rest_route=\/wp\/v2\/types\/post"}],"author":[{"embeddable":true,"href":"https:\/\/crees.org.do\/index.php?rest_route=\/wp\/v2\/users\/2"}],"replies":[{"embeddable":true,"href":"https:\/\/crees.org.do\/index.php?rest_route=%2Fwp%2Fv2%2Fcomments&post=28134"}],"version-history":[{"count":1,"href":"https:\/\/crees.org.do\/index.php?rest_route=\/wp\/v2\/posts\/28134\/revisions"}],"predecessor-version":[{"id":28142,"href":"https:\/\/crees.org.do\/index.php?rest_route=\/wp\/v2\/posts\/28134\/revisions\/28142"}],"wp:featuredmedia":[{"embeddable":true,"href":"https:\/\/crees.org.do\/index.php?rest_route=\/wp\/v2\/media\/28140"}],"wp:attachment":[{"href":"https:\/\/crees.org.do\/index.php?rest_route=%2Fwp%2Fv2%2Fmedia&parent=28134"}],"wp:term":[{"taxonomy":"category","embeddable":true,"href":"https:\/\/crees.org.do\/index.php?rest_route=%2Fwp%2Fv2%2Fcategories&post=28134"},{"taxonomy":"post_tag","embeddable":true,"href":"https:\/\/crees.org.do\/index.php?rest_route=%2Fwp%2Fv2%2Ftags&post=28134"}],"curies":[{"name":"wp","href":"https:\/\/api.w.org\/{rel}","templated":true}]}}