{"id":28177,"date":"2025-05-22T13:25:48","date_gmt":"2025-05-22T13:25:48","guid":{"rendered":"https:\/\/crees.org.do\/?p=28177"},"modified":"2025-05-27T20:53:42","modified_gmt":"2025-05-27T20:53:42","slug":"como-se-explica-el-crecimiento-de-los-ocupados-de-los-ultimos-doce-meses","status":"publish","type":"post","link":"https:\/\/crees.org.do\/?p=28177","title":{"rendered":"\u00bfC\u00f3mo se explica el crecimiento de los ocupados de los \u00faltimos doce meses?"},"content":{"rendered":"<p><img fetchpriority=\"high\" decoding=\"async\" class=\"aligncenter wp-image-28178\" src=\"https:\/\/crees.org.do\/wp-content\/uploads\/2025\/05\/Untitled-copy-14-15.png\" alt=\"\" width=\"896\" height=\"896\" srcset=\"https:\/\/crees.org.do\/wp-content\/uploads\/2025\/05\/Untitled-copy-14-15.png 1200w, https:\/\/crees.org.do\/wp-content\/uploads\/2025\/05\/Untitled-copy-14-15-450x450.png 450w, https:\/\/crees.org.do\/wp-content\/uploads\/2025\/05\/Untitled-copy-14-15-2000x2000.png 2000w, https:\/\/crees.org.do\/wp-content\/uploads\/2025\/05\/Untitled-copy-14-15-150x150.png 150w, https:\/\/crees.org.do\/wp-content\/uploads\/2025\/05\/Untitled-copy-14-15-768x768.png 768w, https:\/\/crees.org.do\/wp-content\/uploads\/2025\/05\/Untitled-copy-14-15-1536x1536.png 1536w, https:\/\/crees.org.do\/wp-content\/uploads\/2025\/05\/Untitled-copy-14-15-2048x2048.png 2048w\" sizes=\"(max-width: 896px) 100vw, 896px\" \/><\/p>\n<h2 style=\"text-align: justify;\"><strong>\u00bfC\u00f3mo se explica el crecimiento de los ocupados de los \u00faltimos doce meses?<\/strong><\/h2>\n<p style=\"text-align: justify;\">Las estad\u00edsticas de empleo publicadas en esta semana revelan que en los doce meses entre el primer trimestre de 2024 y el primero de 2025 los ocupados crecieron en 176,581. \u00bfEs una cifra alta? Si se compara con los 172,226 nuevos ocupados del periodo previo, es decir, el crecimiento de los ocupados entre marzo de 2023 y marzo de 2024, el aumento en el crecimiento fue de 2.5 por ciento; equivalente a solo 4,355 nuevos ocupados.<\/p>\n<p style=\"text-align: justify;\">\u00bfQu\u00e9 determin\u00f3 el aumento interanual en los ocupados? Los empleos del Estado incidieron en m\u00e1s de un cuarto de esa cifra. Como se aprecia en la tabla, de los 176,581 ocupados, el 27% correspondieron a la categor\u00eda ocupacional Empleado del Estado. Es decir, 47,049 fueron contratados por el gobierno. Visto de otra manera, los datos de la Encuesta Nacional Continua de Fuerza de Trabajo (ENCFT), muestran que sin los nuevos ocupados por el Estado el crecimiento interanual habr\u00eda sido inferior, equivalente a 129,533 nuevos ocupados.<\/p>\n<p style=\"text-align: justify;\">Este resultado contrasta con los del primer trimestre de 2023 y el primero de 2024, ya que entre esos doce meses la encuesta arroj\u00f3 una disminuci\u00f3n en el total de empleados del Estado de 1,233 ocupados. Una tendencia verificable con registros administrativos.<\/p>\n<p style=\"text-align: justify;\">Por \u00faltimo, los datos de la encuesta muestran que entre 2023 y 2024 los ocupados calificados bajo la categor\u00eda Empleado Privado aumentaron en 113,702. En cambio, en los \u00faltimos doce meses, la creaci\u00f3n fue de solo 1,759 m\u00e1s, para alcanzar una variaci\u00f3n interanual de 115,462 ocupados privados nuevos.<\/p>\n<p style=\"text-align: justify;\">La ausencia de las reformas estructurales para mejorar el clima de negocios e incrementar la productividad de la econom\u00eda, pendientes desde hace muchos a\u00f1os, se reflejan en la composici\u00f3n del crecimiento de la ocupaci\u00f3n. Las cifras oficiales muestran que en los \u00faltimos doce meses el mercado laboral tuvo una importante dependencia del empleo generado por el Estado, empleos costeados con dinero de los contribuyentes, para que aumentara la ocupaci\u00f3n laboral.<\/p>\n<div class=\"pvc_clear\"><\/div>\n<p class=\"pvc_stats all \" data-element-id=\"28177\" style=\"\"><i class=\"pvc-stats-icon medium\" aria-hidden=\"true\"><svg aria-hidden=\"true\" focusable=\"false\" data-prefix=\"far\" data-icon=\"chart-bar\" role=\"img\" xmlns=\"http:\/\/www.w3.org\/2000\/svg\" viewBox=\"0 0 512 512\" class=\"svg-inline--fa fa-chart-bar fa-w-16 fa-2x\"><path fill=\"currentColor\" d=\"M396.8 352h22.4c6.4 0 12.8-6.4 12.8-12.8V108.8c0-6.4-6.4-12.8-12.8-12.8h-22.4c-6.4 0-12.8 6.4-12.8 12.8v230.4c0 6.4 6.4 12.8 12.8 12.8zm-192 0h22.4c6.4 0 12.8-6.4 12.8-12.8V140.8c0-6.4-6.4-12.8-12.8-12.8h-22.4c-6.4 0-12.8 6.4-12.8 12.8v198.4c0 6.4 6.4 12.8 12.8 12.8zm96 0h22.4c6.4 0 12.8-6.4 12.8-12.8V204.8c0-6.4-6.4-12.8-12.8-12.8h-22.4c-6.4 0-12.8 6.4-12.8 12.8v134.4c0 6.4 6.4 12.8 12.8 12.8zM496 400H48V80c0-8.84-7.16-16-16-16H16C7.16 64 0 71.16 0 80v336c0 17.67 14.33 32 32 32h464c8.84 0 16-7.16 16-16v-16c0-8.84-7.16-16-16-16zm-387.2-48h22.4c6.4 0 12.8-6.4 12.8-12.8v-70.4c0-6.4-6.4-12.8-12.8-12.8h-22.4c-6.4 0-12.8 6.4-12.8 12.8v70.4c0 6.4 6.4 12.8 12.8 12.8z\" class=\"\"><\/path><\/svg><\/i> Vistas Totales&nbsp;1,458&nbsp;, Vistas Hoy&nbsp;2&nbsp;<\/p>\n<div class=\"pvc_clear\"><\/div>\n","protected":false},"excerpt":{"rendered":"<p>\u00bfC\u00f3mo se explica el crecimiento de los ocupados de los \u00faltimos doce meses? Las estad\u00edsticas de empleo publicadas en esta semana revelan que en los doce meses entre el primer trimestre de 2024 y el primero de 2025 los ocupados crecieron en 176,581. \u00bfEs una cifra alta? Si se compara con los 172,226 nuevos ocupados&#8230;<\/p>\n<div class=\"pvc_clear\"><\/div>\n<p class=\"pvc_stats all \" data-element-id=\"28177\" style=\"\"><i class=\"pvc-stats-icon medium\" aria-hidden=\"true\"><svg aria-hidden=\"true\" focusable=\"false\" data-prefix=\"far\" data-icon=\"chart-bar\" role=\"img\" xmlns=\"http:\/\/www.w3.org\/2000\/svg\" viewBox=\"0 0 512 512\" class=\"svg-inline--fa fa-chart-bar fa-w-16 fa-2x\"><path fill=\"currentColor\" d=\"M396.8 352h22.4c6.4 0 12.8-6.4 12.8-12.8V108.8c0-6.4-6.4-12.8-12.8-12.8h-22.4c-6.4 0-12.8 6.4-12.8 12.8v230.4c0 6.4 6.4 12.8 12.8 12.8zm-192 0h22.4c6.4 0 12.8-6.4 12.8-12.8V140.8c0-6.4-6.4-12.8-12.8-12.8h-22.4c-6.4 0-12.8 6.4-12.8 12.8v198.4c0 6.4 6.4 12.8 12.8 12.8zm96 0h22.4c6.4 0 12.8-6.4 12.8-12.8V204.8c0-6.4-6.4-12.8-12.8-12.8h-22.4c-6.4 0-12.8 6.4-12.8 12.8v134.4c0 6.4 6.4 12.8 12.8 12.8zM496 400H48V80c0-8.84-7.16-16-16-16H16C7.16 64 0 71.16 0 80v336c0 17.67 14.33 32 32 32h464c8.84 0 16-7.16 16-16v-16c0-8.84-7.16-16-16-16zm-387.2-48h22.4c6.4 0 12.8-6.4 12.8-12.8v-70.4c0-6.4-6.4-12.8-12.8-12.8h-22.4c-6.4 0-12.8 6.4-12.8 12.8v70.4c0 6.4 6.4 12.8 12.8 12.8z\" class=\"\"><\/path><\/svg><\/i> Vistas Totales&nbsp;1,458&nbsp;, Vistas Hoy&nbsp;2&nbsp;<\/p>\n<div class=\"pvc_clear\"><\/div>\n","protected":false},"author":2,"featured_media":28178,"comment_status":"closed","ping_status":"closed","sticky":false,"template":"","format":"standard","meta":{"footnotes":""},"categories":[22],"tags":[],"class_list":["post-28177","post","type-post","status-publish","format-standard","has-post-thumbnail","hentry","category-articulos"],"yoast_head":"<!-- This site is optimized with the Yoast SEO plugin v25.2 - https:\/\/yoast.com\/wordpress\/plugins\/seo\/ -->\n<title>\u00bfC\u00f3mo se explica el crecimiento de los ocupados de los \u00faltimos doce meses? | CREES<\/title>\n<meta name=\"robots\" content=\"index, follow, max-snippet:-1, max-image-preview:large, max-video-preview:-1\" \/>\n<link rel=\"canonical\" href=\"https:\/\/crees.org.do\/?p=28177\" \/>\n<meta property=\"og:locale\" content=\"es_ES\" \/>\n<meta property=\"og:type\" content=\"article\" \/>\n<meta property=\"og:title\" content=\"\u00bfC\u00f3mo se explica el crecimiento de los ocupados de los \u00faltimos doce meses? | CREES\" \/>\n<meta property=\"og:description\" content=\"\u00bfC\u00f3mo se explica el crecimiento de los ocupados de los \u00faltimos doce meses? Las estad\u00edsticas de empleo publicadas en esta semana revelan que en los doce meses entre el primer trimestre de 2024 y el primero de 2025 los ocupados crecieron en 176,581. \u00bfEs una cifra alta? Si se compara con los 172,226 nuevos ocupados...\" \/>\n<meta property=\"og:url\" content=\"https:\/\/crees.org.do\/?p=28177\" \/>\n<meta property=\"og:site_name\" content=\"CREES\" \/>\n<meta property=\"article:publisher\" content=\"https:\/\/www.facebook.com\/CREESRD\/\" \/>\n<meta property=\"article:published_time\" content=\"2025-05-22T13:25:48+00:00\" \/>\n<meta property=\"article:modified_time\" content=\"2025-05-27T20:53:42+00:00\" \/>\n<meta property=\"og:image\" content=\"https:\/\/crees.org.do\/wp-content\/uploads\/2025\/05\/Untitled-copy-14-15.png\" \/>\n\t<meta property=\"og:image:width\" content=\"1200\" \/>\n\t<meta property=\"og:image:height\" content=\"1200\" \/>\n\t<meta property=\"og:image:type\" content=\"image\/png\" \/>\n<meta name=\"author\" content=\"Crees\" \/>\n<meta name=\"twitter:card\" content=\"summary_large_image\" \/>\n<meta name=\"twitter:creator\" content=\"@CREESRD\" \/>\n<meta name=\"twitter:site\" content=\"@CREESRD\" \/>\n<meta name=\"twitter:label1\" content=\"Escrito por\" \/>\n\t<meta name=\"twitter:data1\" content=\"Crees\" \/>\n\t<meta name=\"twitter:label2\" content=\"Tiempo de lectura\" \/>\n\t<meta name=\"twitter:data2\" content=\"2 minutos\" \/>\n<script type=\"application\/ld+json\" class=\"yoast-schema-graph\">{\"@context\":\"https:\/\/schema.org\",\"@graph\":[{\"@type\":\"Article\",\"@id\":\"https:\/\/crees.org.do\/?p=28177#article\",\"isPartOf\":{\"@id\":\"https:\/\/crees.org.do\/?p=28177\"},\"author\":{\"name\":\"Crees\",\"@id\":\"https:\/\/crees.org.do\/#\/schema\/person\/e7f97cd94d7bf9cd0e0ce30acb7d56b8\"},\"headline\":\"\u00bfC\u00f3mo se explica el crecimiento de los ocupados de los \u00faltimos doce meses?\",\"datePublished\":\"2025-05-22T13:25:48+00:00\",\"dateModified\":\"2025-05-27T20:53:42+00:00\",\"mainEntityOfPage\":{\"@id\":\"https:\/\/crees.org.do\/?p=28177\"},\"wordCount\":343,\"publisher\":{\"@id\":\"https:\/\/crees.org.do\/#organization\"},\"image\":{\"@id\":\"https:\/\/crees.org.do\/?p=28177#primaryimage\"},\"thumbnailUrl\":\"https:\/\/crees.org.do\/wp-content\/uploads\/2025\/05\/Untitled-copy-14-15.png\",\"articleSection\":[\"Art\u00edculos\"],\"inLanguage\":\"es\"},{\"@type\":\"WebPage\",\"@id\":\"https:\/\/crees.org.do\/?p=28177\",\"url\":\"https:\/\/crees.org.do\/?p=28177\",\"name\":\"\u00bfC\u00f3mo se explica el crecimiento de los ocupados de los \u00faltimos doce meses? | CREES\",\"isPartOf\":{\"@id\":\"https:\/\/crees.org.do\/#website\"},\"primaryImageOfPage\":{\"@id\":\"https:\/\/crees.org.do\/?p=28177#primaryimage\"},\"image\":{\"@id\":\"https:\/\/crees.org.do\/?p=28177#primaryimage\"},\"thumbnailUrl\":\"https:\/\/crees.org.do\/wp-content\/uploads\/2025\/05\/Untitled-copy-14-15.png\",\"datePublished\":\"2025-05-22T13:25:48+00:00\",\"dateModified\":\"2025-05-27T20:53:42+00:00\",\"breadcrumb\":{\"@id\":\"https:\/\/crees.org.do\/?p=28177#breadcrumb\"},\"inLanguage\":\"es\",\"potentialAction\":[{\"@type\":\"ReadAction\",\"target\":[\"https:\/\/crees.org.do\/?p=28177\"]}]},{\"@type\":\"ImageObject\",\"inLanguage\":\"es\",\"@id\":\"https:\/\/crees.org.do\/?p=28177#primaryimage\",\"url\":\"https:\/\/crees.org.do\/wp-content\/uploads\/2025\/05\/Untitled-copy-14-15.png\",\"contentUrl\":\"https:\/\/crees.org.do\/wp-content\/uploads\/2025\/05\/Untitled-copy-14-15.png\",\"width\":1200,\"height\":1200},{\"@type\":\"BreadcrumbList\",\"@id\":\"https:\/\/crees.org.do\/?p=28177#breadcrumb\",\"itemListElement\":[{\"@type\":\"ListItem\",\"position\":1,\"name\":\"Portada\",\"item\":\"https:\/\/crees.org.do\/\"},{\"@type\":\"ListItem\",\"position\":2,\"name\":\"\u00bfC\u00f3mo se explica el crecimiento de los ocupados de los \u00faltimos doce meses?\"}]},{\"@type\":\"WebSite\",\"@id\":\"https:\/\/crees.org.do\/#website\",\"url\":\"https:\/\/crees.org.do\/\",\"name\":\"CREES\",\"description\":\"Centro Regional de Estrategias Econ\u00f3micas Sostenibles\",\"publisher\":{\"@id\":\"https:\/\/crees.org.do\/#organization\"},\"potentialAction\":[{\"@type\":\"SearchAction\",\"target\":{\"@type\":\"EntryPoint\",\"urlTemplate\":\"https:\/\/crees.org.do\/?s={search_term_string}\"},\"query-input\":{\"@type\":\"PropertyValueSpecification\",\"valueRequired\":true,\"valueName\":\"search_term_string\"}}],\"inLanguage\":\"es\"},{\"@type\":\"Organization\",\"@id\":\"https:\/\/crees.org.do\/#organization\",\"name\":\"CREES | Centro Regional de Estrategias Econ\u00f3micas Sostenibles\",\"url\":\"https:\/\/crees.org.do\/\",\"logo\":{\"@type\":\"ImageObject\",\"inLanguage\":\"es\",\"@id\":\"https:\/\/crees.org.do\/#\/schema\/logo\/image\/\",\"url\":\"https:\/\/crees.org.do\/wp-content\/uploads\/2022\/03\/crees-logo-1.jpg\",\"contentUrl\":\"https:\/\/crees.org.do\/wp-content\/uploads\/2022\/03\/crees-logo-1.jpg\",\"width\":244,\"height\":71,\"caption\":\"CREES | Centro Regional de Estrategias Econ\u00f3micas Sostenibles\"},\"image\":{\"@id\":\"https:\/\/crees.org.do\/#\/schema\/logo\/image\/\"},\"sameAs\":[\"https:\/\/www.facebook.com\/CREESRD\/\",\"https:\/\/x.com\/CREESRD\"]},{\"@type\":\"Person\",\"@id\":\"https:\/\/crees.org.do\/#\/schema\/person\/e7f97cd94d7bf9cd0e0ce30acb7d56b8\",\"name\":\"Crees\",\"image\":{\"@type\":\"ImageObject\",\"inLanguage\":\"es\",\"@id\":\"https:\/\/crees.org.do\/#\/schema\/person\/image\/\",\"url\":\"https:\/\/secure.gravatar.com\/avatar\/390ac8f0be5d9aa046152553e2dd7011b59a512d89c150f5e5f28bb8d9a0b165?s=96&d=mm&r=g\",\"contentUrl\":\"https:\/\/secure.gravatar.com\/avatar\/390ac8f0be5d9aa046152553e2dd7011b59a512d89c150f5e5f28bb8d9a0b165?s=96&d=mm&r=g\",\"caption\":\"Crees\"},\"url\":\"https:\/\/crees.org.do\/?author=2\"}]}<\/script>\n<!-- \/ Yoast SEO plugin. -->","yoast_head_json":{"title":"\u00bfC\u00f3mo se explica el crecimiento de los ocupados de los \u00faltimos doce meses? | CREES","robots":{"index":"index","follow":"follow","max-snippet":"max-snippet:-1","max-image-preview":"max-image-preview:large","max-video-preview":"max-video-preview:-1"},"canonical":"https:\/\/crees.org.do\/?p=28177","og_locale":"es_ES","og_type":"article","og_title":"\u00bfC\u00f3mo se explica el crecimiento de los ocupados de los \u00faltimos doce meses? | CREES","og_description":"\u00bfC\u00f3mo se explica el crecimiento de los ocupados de los \u00faltimos doce meses? Las estad\u00edsticas de empleo publicadas en esta semana revelan que en los doce meses entre el primer trimestre de 2024 y el primero de 2025 los ocupados crecieron en 176,581. \u00bfEs una cifra alta? Si se compara con los 172,226 nuevos ocupados...","og_url":"https:\/\/crees.org.do\/?p=28177","og_site_name":"CREES","article_publisher":"https:\/\/www.facebook.com\/CREESRD\/","article_published_time":"2025-05-22T13:25:48+00:00","article_modified_time":"2025-05-27T20:53:42+00:00","og_image":[{"width":1200,"height":1200,"url":"https:\/\/crees.org.do\/wp-content\/uploads\/2025\/05\/Untitled-copy-14-15.png","type":"image\/png"}],"author":"Crees","twitter_card":"summary_large_image","twitter_creator":"@CREESRD","twitter_site":"@CREESRD","twitter_misc":{"Escrito por":"Crees","Tiempo de lectura":"2 minutos"},"schema":{"@context":"https:\/\/schema.org","@graph":[{"@type":"Article","@id":"https:\/\/crees.org.do\/?p=28177#article","isPartOf":{"@id":"https:\/\/crees.org.do\/?p=28177"},"author":{"name":"Crees","@id":"https:\/\/crees.org.do\/#\/schema\/person\/e7f97cd94d7bf9cd0e0ce30acb7d56b8"},"headline":"\u00bfC\u00f3mo se explica el crecimiento de los ocupados de los \u00faltimos doce meses?","datePublished":"2025-05-22T13:25:48+00:00","dateModified":"2025-05-27T20:53:42+00:00","mainEntityOfPage":{"@id":"https:\/\/crees.org.do\/?p=28177"},"wordCount":343,"publisher":{"@id":"https:\/\/crees.org.do\/#organization"},"image":{"@id":"https:\/\/crees.org.do\/?p=28177#primaryimage"},"thumbnailUrl":"https:\/\/crees.org.do\/wp-content\/uploads\/2025\/05\/Untitled-copy-14-15.png","articleSection":["Art\u00edculos"],"inLanguage":"es"},{"@type":"WebPage","@id":"https:\/\/crees.org.do\/?p=28177","url":"https:\/\/crees.org.do\/?p=28177","name":"\u00bfC\u00f3mo se explica el crecimiento de los ocupados de los \u00faltimos doce meses? | CREES","isPartOf":{"@id":"https:\/\/crees.org.do\/#website"},"primaryImageOfPage":{"@id":"https:\/\/crees.org.do\/?p=28177#primaryimage"},"image":{"@id":"https:\/\/crees.org.do\/?p=28177#primaryimage"},"thumbnailUrl":"https:\/\/crees.org.do\/wp-content\/uploads\/2025\/05\/Untitled-copy-14-15.png","datePublished":"2025-05-22T13:25:48+00:00","dateModified":"2025-05-27T20:53:42+00:00","breadcrumb":{"@id":"https:\/\/crees.org.do\/?p=28177#breadcrumb"},"inLanguage":"es","potentialAction":[{"@type":"ReadAction","target":["https:\/\/crees.org.do\/?p=28177"]}]},{"@type":"ImageObject","inLanguage":"es","@id":"https:\/\/crees.org.do\/?p=28177#primaryimage","url":"https:\/\/crees.org.do\/wp-content\/uploads\/2025\/05\/Untitled-copy-14-15.png","contentUrl":"https:\/\/crees.org.do\/wp-content\/uploads\/2025\/05\/Untitled-copy-14-15.png","width":1200,"height":1200},{"@type":"BreadcrumbList","@id":"https:\/\/crees.org.do\/?p=28177#breadcrumb","itemListElement":[{"@type":"ListItem","position":1,"name":"Portada","item":"https:\/\/crees.org.do\/"},{"@type":"ListItem","position":2,"name":"\u00bfC\u00f3mo se explica el crecimiento de los ocupados de los \u00faltimos doce meses?"}]},{"@type":"WebSite","@id":"https:\/\/crees.org.do\/#website","url":"https:\/\/crees.org.do\/","name":"CREES","description":"Centro Regional de Estrategias Econ\u00f3micas Sostenibles","publisher":{"@id":"https:\/\/crees.org.do\/#organization"},"potentialAction":[{"@type":"SearchAction","target":{"@type":"EntryPoint","urlTemplate":"https:\/\/crees.org.do\/?s={search_term_string}"},"query-input":{"@type":"PropertyValueSpecification","valueRequired":true,"valueName":"search_term_string"}}],"inLanguage":"es"},{"@type":"Organization","@id":"https:\/\/crees.org.do\/#organization","name":"CREES | Centro Regional de Estrategias Econ\u00f3micas Sostenibles","url":"https:\/\/crees.org.do\/","logo":{"@type":"ImageObject","inLanguage":"es","@id":"https:\/\/crees.org.do\/#\/schema\/logo\/image\/","url":"https:\/\/crees.org.do\/wp-content\/uploads\/2022\/03\/crees-logo-1.jpg","contentUrl":"https:\/\/crees.org.do\/wp-content\/uploads\/2022\/03\/crees-logo-1.jpg","width":244,"height":71,"caption":"CREES | Centro Regional de Estrategias Econ\u00f3micas Sostenibles"},"image":{"@id":"https:\/\/crees.org.do\/#\/schema\/logo\/image\/"},"sameAs":["https:\/\/www.facebook.com\/CREESRD\/","https:\/\/x.com\/CREESRD"]},{"@type":"Person","@id":"https:\/\/crees.org.do\/#\/schema\/person\/e7f97cd94d7bf9cd0e0ce30acb7d56b8","name":"Crees","image":{"@type":"ImageObject","inLanguage":"es","@id":"https:\/\/crees.org.do\/#\/schema\/person\/image\/","url":"https:\/\/secure.gravatar.com\/avatar\/390ac8f0be5d9aa046152553e2dd7011b59a512d89c150f5e5f28bb8d9a0b165?s=96&d=mm&r=g","contentUrl":"https:\/\/secure.gravatar.com\/avatar\/390ac8f0be5d9aa046152553e2dd7011b59a512d89c150f5e5f28bb8d9a0b165?s=96&d=mm&r=g","caption":"Crees"},"url":"https:\/\/crees.org.do\/?author=2"}]}},"_links":{"self":[{"href":"https:\/\/crees.org.do\/index.php?rest_route=\/wp\/v2\/posts\/28177","targetHints":{"allow":["GET"]}}],"collection":[{"href":"https:\/\/crees.org.do\/index.php?rest_route=\/wp\/v2\/posts"}],"about":[{"href":"https:\/\/crees.org.do\/index.php?rest_route=\/wp\/v2\/types\/post"}],"author":[{"embeddable":true,"href":"https:\/\/crees.org.do\/index.php?rest_route=\/wp\/v2\/users\/2"}],"replies":[{"embeddable":true,"href":"https:\/\/crees.org.do\/index.php?rest_route=%2Fwp%2Fv2%2Fcomments&post=28177"}],"version-history":[{"count":2,"href":"https:\/\/crees.org.do\/index.php?rest_route=\/wp\/v2\/posts\/28177\/revisions"}],"predecessor-version":[{"id":28183,"href":"https:\/\/crees.org.do\/index.php?rest_route=\/wp\/v2\/posts\/28177\/revisions\/28183"}],"wp:featuredmedia":[{"embeddable":true,"href":"https:\/\/crees.org.do\/index.php?rest_route=\/wp\/v2\/media\/28178"}],"wp:attachment":[{"href":"https:\/\/crees.org.do\/index.php?rest_route=%2Fwp%2Fv2%2Fmedia&parent=28177"}],"wp:term":[{"taxonomy":"category","embeddable":true,"href":"https:\/\/crees.org.do\/index.php?rest_route=%2Fwp%2Fv2%2Fcategories&post=28177"},{"taxonomy":"post_tag","embeddable":true,"href":"https:\/\/crees.org.do\/index.php?rest_route=%2Fwp%2Fv2%2Ftags&post=28177"}],"curies":[{"name":"wp","href":"https:\/\/api.w.org\/{rel}","templated":true}]}}