{"id":28190,"date":"2025-05-29T14:49:52","date_gmt":"2025-05-29T14:49:52","guid":{"rendered":"https:\/\/crees.org.do\/?p=28190"},"modified":"2025-05-29T14:49:52","modified_gmt":"2025-05-29T14:49:52","slug":"crees-afirma-inversion-en-educacion-no-garantiza-calidad-sin-reformas-urgentes","status":"publish","type":"post","link":"https:\/\/crees.org.do\/?p=28190","title":{"rendered":"CREES afirma inversi\u00f3n en educaci\u00f3n no garantiza calidad sin reformas urgentes"},"content":{"rendered":"<p style=\"text-align: justify;\">Autor: 7 D\u00edas<\/p>\n<p style=\"text-align: justify;\">Fecha: 26 de mayo de 2025<\/p>\n<p style=\"text-align: justify;\">Extra\u00eddo de: <a href=\"https:\/\/7dias.com.do\/2025\/05\/26\/crees-afirma-inversion-en-educacion-no-garantiza-calidad-sin-reformas-urgentes\/\">7 D\u00edas<\/a><\/p>\n<h2 class=\"single-title\" style=\"text-align: justify;\">CREES afirma inversi\u00f3n en educaci\u00f3n no garantiza calidad sin reformas urgentes<\/h2>\n<p style=\"text-align: justify;\">Santo Domingo, RD.- A pesar del presupuesto destinado por el Estado en cumplimiento del desembolso del 4 por ciento del Producto Interno Bruto (PIB) para la educaci\u00f3n, el pa\u00eds no ha experimentado ninguna transformaci\u00f3n en la calidad de la ense\u00f1anza ni en el proceso de aprendizaje.<\/p>\n<p style=\"text-align: justify;\">El Centro Regional de Estrategias Econ\u00f3micas Sostenibles (CREEES) indica en un trabajo divulgado bajo el t\u00edtulo: \u201cDoce a\u00f1os del 4% para la educaci\u00f3n confirman la necesidad urgente de reformas estructurales\u201d.<\/p>\n<p style=\"text-align: justify;\">En el trabajo se indica que, de los fondos asignados para el 4 por ciento, el 59.95 por ciento se ha destinado al pago de remuneraciones; un 15.45 por ciento a cumplir con las transferencias corrientes del Ministerio de Educaci\u00f3n; un 11.14 por ciento a las contrataciones de servicios; un 5.56 por ciento a la construcci\u00f3n de planteles escolares; un 5.24 por ciento a bienes muebles, inmuebles e intangibles; y un 3.52 por ciento a suministros de materiales.<\/p>\n<p style=\"text-align: justify;\">En los doce a\u00f1os de implementaci\u00f3n del 4 por ciento, el Estado ha desembolsado m\u00e1s de RD$2,065,326 millones, equivalentes a US$40,072 millones, en educaci\u00f3n, seg\u00fan el informe divulgado por el CREES.<\/p>\n<p style=\"text-align: justify;\">Sin embargo, se destaca que los resultados evidencian que no hay mejoras esperadas en la calidad del sistema educativo. El organismo especializado entiende que, a pesar de que la educaci\u00f3n es crucial para el desarrollo, su valor solo se justifica si genera beneficios proporcionales al sacrificio fiscal de los ciudadanos.<\/p>\n<p style=\"text-align: justify;\">CREES cuestiona la eficiencia del aparato estatal como proveedor de servicios p\u00fablicos, se\u00f1alando que, con frecuencia, no ofrece una calidad acorde con lo que cobra en impuestos.<\/p>\n<p style=\"text-align: justify;\">Record\u00f3 que ya en 2011 el Centro de Desarrollo Internacional de la Universidad de Harvard, en un estudio solicitado por el Gobierno dominicano, hab\u00eda advertido que el aumento del gasto en educaci\u00f3n, sin reformas estructurales, no garantizar\u00eda avances en el aprendizaje.<\/p>\n<p style=\"text-align: justify;\">CREES advierte que, sin una reforma que fomente la competencia, la participaci\u00f3n activa de la sociedad civil y ofrezca opciones diversas para las familias, no ser\u00e1 posible mejorar la calidad educativa. Subraya que esta transformaci\u00f3n ha estado pendiente desde hace al menos cuatro a\u00f1os.<\/p>\n<p><img fetchpriority=\"high\" decoding=\"async\" class=\"aligncenter wp-image-28151\" src=\"https:\/\/crees.org.do\/wp-content\/uploads\/2025\/05\/Untitled-copy-16-3.png\" alt=\"\" width=\"896\" height=\"896\" srcset=\"https:\/\/crees.org.do\/wp-content\/uploads\/2025\/05\/Untitled-copy-16-3.png 1200w, https:\/\/crees.org.do\/wp-content\/uploads\/2025\/05\/Untitled-copy-16-3-450x450.png 450w, https:\/\/crees.org.do\/wp-content\/uploads\/2025\/05\/Untitled-copy-16-3-2000x2000.png 2000w, https:\/\/crees.org.do\/wp-content\/uploads\/2025\/05\/Untitled-copy-16-3-150x150.png 150w, https:\/\/crees.org.do\/wp-content\/uploads\/2025\/05\/Untitled-copy-16-3-768x768.png 768w, https:\/\/crees.org.do\/wp-content\/uploads\/2025\/05\/Untitled-copy-16-3-1536x1536.png 1536w, https:\/\/crees.org.do\/wp-content\/uploads\/2025\/05\/Untitled-copy-16-3-2048x2048.png 2048w\" sizes=\"(max-width: 896px) 100vw, 896px\" \/><\/p>\n<div class=\"pvc_clear\"><\/div>\n<p class=\"pvc_stats all \" data-element-id=\"28190\" style=\"\"><i class=\"pvc-stats-icon medium\" aria-hidden=\"true\"><svg aria-hidden=\"true\" focusable=\"false\" data-prefix=\"far\" data-icon=\"chart-bar\" role=\"img\" xmlns=\"http:\/\/www.w3.org\/2000\/svg\" viewBox=\"0 0 512 512\" class=\"svg-inline--fa fa-chart-bar fa-w-16 fa-2x\"><path fill=\"currentColor\" d=\"M396.8 352h22.4c6.4 0 12.8-6.4 12.8-12.8V108.8c0-6.4-6.4-12.8-12.8-12.8h-22.4c-6.4 0-12.8 6.4-12.8 12.8v230.4c0 6.4 6.4 12.8 12.8 12.8zm-192 0h22.4c6.4 0 12.8-6.4 12.8-12.8V140.8c0-6.4-6.4-12.8-12.8-12.8h-22.4c-6.4 0-12.8 6.4-12.8 12.8v198.4c0 6.4 6.4 12.8 12.8 12.8zm96 0h22.4c6.4 0 12.8-6.4 12.8-12.8V204.8c0-6.4-6.4-12.8-12.8-12.8h-22.4c-6.4 0-12.8 6.4-12.8 12.8v134.4c0 6.4 6.4 12.8 12.8 12.8zM496 400H48V80c0-8.84-7.16-16-16-16H16C7.16 64 0 71.16 0 80v336c0 17.67 14.33 32 32 32h464c8.84 0 16-7.16 16-16v-16c0-8.84-7.16-16-16-16zm-387.2-48h22.4c6.4 0 12.8-6.4 12.8-12.8v-70.4c0-6.4-6.4-12.8-12.8-12.8h-22.4c-6.4 0-12.8 6.4-12.8 12.8v70.4c0 6.4 6.4 12.8 12.8 12.8z\" class=\"\"><\/path><\/svg><\/i> Vistas Totales&nbsp;940&nbsp;, Vistas Hoy&nbsp;2&nbsp;<\/p>\n<div class=\"pvc_clear\"><\/div>\n","protected":false},"excerpt":{"rendered":"<p>Autor: 7 D\u00edas Fecha: 26 de mayo de 2025 Extra\u00eddo de: 7 D\u00edas CREES afirma inversi\u00f3n en educaci\u00f3n no garantiza calidad sin reformas urgentes Santo Domingo, RD.- A pesar del presupuesto destinado por el Estado en cumplimiento del desembolso del 4 por ciento del Producto Interno Bruto (PIB) para la educaci\u00f3n, el pa\u00eds no ha&#8230;<\/p>\n<div class=\"pvc_clear\"><\/div>\n<p class=\"pvc_stats all \" data-element-id=\"28190\" style=\"\"><i class=\"pvc-stats-icon medium\" aria-hidden=\"true\"><svg aria-hidden=\"true\" focusable=\"false\" data-prefix=\"far\" data-icon=\"chart-bar\" role=\"img\" xmlns=\"http:\/\/www.w3.org\/2000\/svg\" viewBox=\"0 0 512 512\" class=\"svg-inline--fa fa-chart-bar fa-w-16 fa-2x\"><path fill=\"currentColor\" d=\"M396.8 352h22.4c6.4 0 12.8-6.4 12.8-12.8V108.8c0-6.4-6.4-12.8-12.8-12.8h-22.4c-6.4 0-12.8 6.4-12.8 12.8v230.4c0 6.4 6.4 12.8 12.8 12.8zm-192 0h22.4c6.4 0 12.8-6.4 12.8-12.8V140.8c0-6.4-6.4-12.8-12.8-12.8h-22.4c-6.4 0-12.8 6.4-12.8 12.8v198.4c0 6.4 6.4 12.8 12.8 12.8zm96 0h22.4c6.4 0 12.8-6.4 12.8-12.8V204.8c0-6.4-6.4-12.8-12.8-12.8h-22.4c-6.4 0-12.8 6.4-12.8 12.8v134.4c0 6.4 6.4 12.8 12.8 12.8zM496 400H48V80c0-8.84-7.16-16-16-16H16C7.16 64 0 71.16 0 80v336c0 17.67 14.33 32 32 32h464c8.84 0 16-7.16 16-16v-16c0-8.84-7.16-16-16-16zm-387.2-48h22.4c6.4 0 12.8-6.4 12.8-12.8v-70.4c0-6.4-6.4-12.8-12.8-12.8h-22.4c-6.4 0-12.8 6.4-12.8 12.8v70.4c0 6.4 6.4 12.8 12.8 12.8z\" class=\"\"><\/path><\/svg><\/i> Vistas Totales&nbsp;940&nbsp;, Vistas Hoy&nbsp;2&nbsp;<\/p>\n<div class=\"pvc_clear\"><\/div>\n","protected":false},"author":2,"featured_media":28192,"comment_status":"closed","ping_status":"closed","sticky":false,"template":"","format":"standard","meta":{"footnotes":""},"categories":[19],"tags":[],"class_list":["post-28190","post","type-post","status-publish","format-standard","has-post-thumbnail","hentry","category-actualidad"],"yoast_head":"<!-- This site is optimized with the Yoast SEO plugin v25.2 - https:\/\/yoast.com\/wordpress\/plugins\/seo\/ -->\n<title>CREES afirma inversi\u00f3n en educaci\u00f3n no garantiza calidad sin reformas urgentes | CREES<\/title>\n<meta name=\"robots\" content=\"index, follow, max-snippet:-1, max-image-preview:large, max-video-preview:-1\" \/>\n<link rel=\"canonical\" href=\"https:\/\/crees.org.do\/?p=28190\" \/>\n<meta property=\"og:locale\" content=\"es_ES\" \/>\n<meta property=\"og:type\" content=\"article\" \/>\n<meta property=\"og:title\" content=\"CREES afirma inversi\u00f3n en educaci\u00f3n no garantiza calidad sin reformas urgentes | CREES\" \/>\n<meta property=\"og:description\" content=\"Autor: 7 D\u00edas Fecha: 26 de mayo de 2025 Extra\u00eddo de: 7 D\u00edas CREES afirma inversi\u00f3n en educaci\u00f3n no garantiza calidad sin reformas urgentes Santo Domingo, RD.- A pesar del presupuesto destinado por el Estado en cumplimiento del desembolso del 4 por ciento del Producto Interno Bruto (PIB) para la educaci\u00f3n, el pa\u00eds no ha...\" \/>\n<meta property=\"og:url\" content=\"https:\/\/crees.org.do\/?p=28190\" \/>\n<meta property=\"og:site_name\" content=\"CREES\" \/>\n<meta property=\"article:publisher\" content=\"https:\/\/www.facebook.com\/CREESRD\/\" \/>\n<meta property=\"article:published_time\" content=\"2025-05-29T14:49:52+00:00\" \/>\n<meta property=\"og:image\" content=\"https:\/\/crees.org.do\/wp-content\/uploads\/2025\/05\/93cba0a4-eaaf98ef-884699eb-en-pedro-brand-las-escuelas-comienzan-a-tener-vida-con-asistencia-semipresencial-de-estudiantes-eduardo-brito-jr-1-6077915042530-6092ec8b0c07b-60a7e751c61cd.jpg\" \/>\n\t<meta property=\"og:image:width\" content=\"1000\" \/>\n\t<meta property=\"og:image:height\" content=\"600\" \/>\n\t<meta property=\"og:image:type\" content=\"image\/jpeg\" \/>\n<meta name=\"author\" content=\"Crees\" \/>\n<meta name=\"twitter:card\" content=\"summary_large_image\" \/>\n<meta name=\"twitter:creator\" content=\"@CREESRD\" \/>\n<meta name=\"twitter:site\" content=\"@CREESRD\" \/>\n<meta name=\"twitter:label1\" content=\"Escrito por\" \/>\n\t<meta name=\"twitter:data1\" content=\"Crees\" \/>\n\t<meta name=\"twitter:label2\" content=\"Tiempo de lectura\" \/>\n\t<meta name=\"twitter:data2\" content=\"2 minutos\" \/>\n<script type=\"application\/ld+json\" class=\"yoast-schema-graph\">{\"@context\":\"https:\/\/schema.org\",\"@graph\":[{\"@type\":\"Article\",\"@id\":\"https:\/\/crees.org.do\/?p=28190#article\",\"isPartOf\":{\"@id\":\"https:\/\/crees.org.do\/?p=28190\"},\"author\":{\"name\":\"Crees\",\"@id\":\"https:\/\/crees.org.do\/#\/schema\/person\/e7f97cd94d7bf9cd0e0ce30acb7d56b8\"},\"headline\":\"CREES afirma inversi\u00f3n en educaci\u00f3n no garantiza calidad sin reformas urgentes\",\"datePublished\":\"2025-05-29T14:49:52+00:00\",\"mainEntityOfPage\":{\"@id\":\"https:\/\/crees.org.do\/?p=28190\"},\"wordCount\":399,\"publisher\":{\"@id\":\"https:\/\/crees.org.do\/#organization\"},\"image\":{\"@id\":\"https:\/\/crees.org.do\/?p=28190#primaryimage\"},\"thumbnailUrl\":\"https:\/\/crees.org.do\/wp-content\/uploads\/2025\/05\/93cba0a4-eaaf98ef-884699eb-en-pedro-brand-las-escuelas-comienzan-a-tener-vida-con-asistencia-semipresencial-de-estudiantes-eduardo-brito-jr-1-6077915042530-6092ec8b0c07b-60a7e751c61cd.jpg\",\"articleSection\":[\"Actualidad\"],\"inLanguage\":\"es\"},{\"@type\":\"WebPage\",\"@id\":\"https:\/\/crees.org.do\/?p=28190\",\"url\":\"https:\/\/crees.org.do\/?p=28190\",\"name\":\"CREES afirma inversi\u00f3n en educaci\u00f3n no garantiza calidad sin reformas urgentes | CREES\",\"isPartOf\":{\"@id\":\"https:\/\/crees.org.do\/#website\"},\"primaryImageOfPage\":{\"@id\":\"https:\/\/crees.org.do\/?p=28190#primaryimage\"},\"image\":{\"@id\":\"https:\/\/crees.org.do\/?p=28190#primaryimage\"},\"thumbnailUrl\":\"https:\/\/crees.org.do\/wp-content\/uploads\/2025\/05\/93cba0a4-eaaf98ef-884699eb-en-pedro-brand-las-escuelas-comienzan-a-tener-vida-con-asistencia-semipresencial-de-estudiantes-eduardo-brito-jr-1-6077915042530-6092ec8b0c07b-60a7e751c61cd.jpg\",\"datePublished\":\"2025-05-29T14:49:52+00:00\",\"breadcrumb\":{\"@id\":\"https:\/\/crees.org.do\/?p=28190#breadcrumb\"},\"inLanguage\":\"es\",\"potentialAction\":[{\"@type\":\"ReadAction\",\"target\":[\"https:\/\/crees.org.do\/?p=28190\"]}]},{\"@type\":\"ImageObject\",\"inLanguage\":\"es\",\"@id\":\"https:\/\/crees.org.do\/?p=28190#primaryimage\",\"url\":\"https:\/\/crees.org.do\/wp-content\/uploads\/2025\/05\/93cba0a4-eaaf98ef-884699eb-en-pedro-brand-las-escuelas-comienzan-a-tener-vida-con-asistencia-semipresencial-de-estudiantes-eduardo-brito-jr-1-6077915042530-6092ec8b0c07b-60a7e751c61cd.jpg\",\"contentUrl\":\"https:\/\/crees.org.do\/wp-content\/uploads\/2025\/05\/93cba0a4-eaaf98ef-884699eb-en-pedro-brand-las-escuelas-comienzan-a-tener-vida-con-asistencia-semipresencial-de-estudiantes-eduardo-brito-jr-1-6077915042530-6092ec8b0c07b-60a7e751c61cd.jpg\",\"width\":1000,\"height\":600},{\"@type\":\"BreadcrumbList\",\"@id\":\"https:\/\/crees.org.do\/?p=28190#breadcrumb\",\"itemListElement\":[{\"@type\":\"ListItem\",\"position\":1,\"name\":\"Portada\",\"item\":\"https:\/\/crees.org.do\/\"},{\"@type\":\"ListItem\",\"position\":2,\"name\":\"CREES afirma inversi\u00f3n en educaci\u00f3n no garantiza calidad sin reformas urgentes\"}]},{\"@type\":\"WebSite\",\"@id\":\"https:\/\/crees.org.do\/#website\",\"url\":\"https:\/\/crees.org.do\/\",\"name\":\"CREES\",\"description\":\"Centro Regional de Estrategias Econ\u00f3micas Sostenibles\",\"publisher\":{\"@id\":\"https:\/\/crees.org.do\/#organization\"},\"potentialAction\":[{\"@type\":\"SearchAction\",\"target\":{\"@type\":\"EntryPoint\",\"urlTemplate\":\"https:\/\/crees.org.do\/?s={search_term_string}\"},\"query-input\":{\"@type\":\"PropertyValueSpecification\",\"valueRequired\":true,\"valueName\":\"search_term_string\"}}],\"inLanguage\":\"es\"},{\"@type\":\"Organization\",\"@id\":\"https:\/\/crees.org.do\/#organization\",\"name\":\"CREES | Centro Regional de Estrategias Econ\u00f3micas Sostenibles\",\"url\":\"https:\/\/crees.org.do\/\",\"logo\":{\"@type\":\"ImageObject\",\"inLanguage\":\"es\",\"@id\":\"https:\/\/crees.org.do\/#\/schema\/logo\/image\/\",\"url\":\"https:\/\/crees.org.do\/wp-content\/uploads\/2022\/03\/crees-logo-1.jpg\",\"contentUrl\":\"https:\/\/crees.org.do\/wp-content\/uploads\/2022\/03\/crees-logo-1.jpg\",\"width\":244,\"height\":71,\"caption\":\"CREES | Centro Regional de Estrategias Econ\u00f3micas Sostenibles\"},\"image\":{\"@id\":\"https:\/\/crees.org.do\/#\/schema\/logo\/image\/\"},\"sameAs\":[\"https:\/\/www.facebook.com\/CREESRD\/\",\"https:\/\/x.com\/CREESRD\"]},{\"@type\":\"Person\",\"@id\":\"https:\/\/crees.org.do\/#\/schema\/person\/e7f97cd94d7bf9cd0e0ce30acb7d56b8\",\"name\":\"Crees\",\"image\":{\"@type\":\"ImageObject\",\"inLanguage\":\"es\",\"@id\":\"https:\/\/crees.org.do\/#\/schema\/person\/image\/\",\"url\":\"https:\/\/secure.gravatar.com\/avatar\/390ac8f0be5d9aa046152553e2dd7011b59a512d89c150f5e5f28bb8d9a0b165?s=96&d=mm&r=g\",\"contentUrl\":\"https:\/\/secure.gravatar.com\/avatar\/390ac8f0be5d9aa046152553e2dd7011b59a512d89c150f5e5f28bb8d9a0b165?s=96&d=mm&r=g\",\"caption\":\"Crees\"},\"url\":\"https:\/\/crees.org.do\/?author=2\"}]}<\/script>\n<!-- \/ Yoast SEO plugin. -->","yoast_head_json":{"title":"CREES afirma inversi\u00f3n en educaci\u00f3n no garantiza calidad sin reformas urgentes | CREES","robots":{"index":"index","follow":"follow","max-snippet":"max-snippet:-1","max-image-preview":"max-image-preview:large","max-video-preview":"max-video-preview:-1"},"canonical":"https:\/\/crees.org.do\/?p=28190","og_locale":"es_ES","og_type":"article","og_title":"CREES afirma inversi\u00f3n en educaci\u00f3n no garantiza calidad sin reformas urgentes | CREES","og_description":"Autor: 7 D\u00edas Fecha: 26 de mayo de 2025 Extra\u00eddo de: 7 D\u00edas CREES afirma inversi\u00f3n en educaci\u00f3n no garantiza calidad sin reformas urgentes Santo Domingo, RD.- A pesar del presupuesto destinado por el Estado en cumplimiento del desembolso del 4 por ciento del Producto Interno Bruto (PIB) para la educaci\u00f3n, el pa\u00eds no ha...","og_url":"https:\/\/crees.org.do\/?p=28190","og_site_name":"CREES","article_publisher":"https:\/\/www.facebook.com\/CREESRD\/","article_published_time":"2025-05-29T14:49:52+00:00","og_image":[{"width":1000,"height":600,"url":"https:\/\/crees.org.do\/wp-content\/uploads\/2025\/05\/93cba0a4-eaaf98ef-884699eb-en-pedro-brand-las-escuelas-comienzan-a-tener-vida-con-asistencia-semipresencial-de-estudiantes-eduardo-brito-jr-1-6077915042530-6092ec8b0c07b-60a7e751c61cd.jpg","type":"image\/jpeg"}],"author":"Crees","twitter_card":"summary_large_image","twitter_creator":"@CREESRD","twitter_site":"@CREESRD","twitter_misc":{"Escrito por":"Crees","Tiempo de lectura":"2 minutos"},"schema":{"@context":"https:\/\/schema.org","@graph":[{"@type":"Article","@id":"https:\/\/crees.org.do\/?p=28190#article","isPartOf":{"@id":"https:\/\/crees.org.do\/?p=28190"},"author":{"name":"Crees","@id":"https:\/\/crees.org.do\/#\/schema\/person\/e7f97cd94d7bf9cd0e0ce30acb7d56b8"},"headline":"CREES afirma inversi\u00f3n en educaci\u00f3n no garantiza calidad sin reformas urgentes","datePublished":"2025-05-29T14:49:52+00:00","mainEntityOfPage":{"@id":"https:\/\/crees.org.do\/?p=28190"},"wordCount":399,"publisher":{"@id":"https:\/\/crees.org.do\/#organization"},"image":{"@id":"https:\/\/crees.org.do\/?p=28190#primaryimage"},"thumbnailUrl":"https:\/\/crees.org.do\/wp-content\/uploads\/2025\/05\/93cba0a4-eaaf98ef-884699eb-en-pedro-brand-las-escuelas-comienzan-a-tener-vida-con-asistencia-semipresencial-de-estudiantes-eduardo-brito-jr-1-6077915042530-6092ec8b0c07b-60a7e751c61cd.jpg","articleSection":["Actualidad"],"inLanguage":"es"},{"@type":"WebPage","@id":"https:\/\/crees.org.do\/?p=28190","url":"https:\/\/crees.org.do\/?p=28190","name":"CREES afirma inversi\u00f3n en educaci\u00f3n no garantiza calidad sin reformas urgentes | CREES","isPartOf":{"@id":"https:\/\/crees.org.do\/#website"},"primaryImageOfPage":{"@id":"https:\/\/crees.org.do\/?p=28190#primaryimage"},"image":{"@id":"https:\/\/crees.org.do\/?p=28190#primaryimage"},"thumbnailUrl":"https:\/\/crees.org.do\/wp-content\/uploads\/2025\/05\/93cba0a4-eaaf98ef-884699eb-en-pedro-brand-las-escuelas-comienzan-a-tener-vida-con-asistencia-semipresencial-de-estudiantes-eduardo-brito-jr-1-6077915042530-6092ec8b0c07b-60a7e751c61cd.jpg","datePublished":"2025-05-29T14:49:52+00:00","breadcrumb":{"@id":"https:\/\/crees.org.do\/?p=28190#breadcrumb"},"inLanguage":"es","potentialAction":[{"@type":"ReadAction","target":["https:\/\/crees.org.do\/?p=28190"]}]},{"@type":"ImageObject","inLanguage":"es","@id":"https:\/\/crees.org.do\/?p=28190#primaryimage","url":"https:\/\/crees.org.do\/wp-content\/uploads\/2025\/05\/93cba0a4-eaaf98ef-884699eb-en-pedro-brand-las-escuelas-comienzan-a-tener-vida-con-asistencia-semipresencial-de-estudiantes-eduardo-brito-jr-1-6077915042530-6092ec8b0c07b-60a7e751c61cd.jpg","contentUrl":"https:\/\/crees.org.do\/wp-content\/uploads\/2025\/05\/93cba0a4-eaaf98ef-884699eb-en-pedro-brand-las-escuelas-comienzan-a-tener-vida-con-asistencia-semipresencial-de-estudiantes-eduardo-brito-jr-1-6077915042530-6092ec8b0c07b-60a7e751c61cd.jpg","width":1000,"height":600},{"@type":"BreadcrumbList","@id":"https:\/\/crees.org.do\/?p=28190#breadcrumb","itemListElement":[{"@type":"ListItem","position":1,"name":"Portada","item":"https:\/\/crees.org.do\/"},{"@type":"ListItem","position":2,"name":"CREES afirma inversi\u00f3n en educaci\u00f3n no garantiza calidad sin reformas urgentes"}]},{"@type":"WebSite","@id":"https:\/\/crees.org.do\/#website","url":"https:\/\/crees.org.do\/","name":"CREES","description":"Centro Regional de Estrategias Econ\u00f3micas Sostenibles","publisher":{"@id":"https:\/\/crees.org.do\/#organization"},"potentialAction":[{"@type":"SearchAction","target":{"@type":"EntryPoint","urlTemplate":"https:\/\/crees.org.do\/?s={search_term_string}"},"query-input":{"@type":"PropertyValueSpecification","valueRequired":true,"valueName":"search_term_string"}}],"inLanguage":"es"},{"@type":"Organization","@id":"https:\/\/crees.org.do\/#organization","name":"CREES | Centro Regional de Estrategias Econ\u00f3micas Sostenibles","url":"https:\/\/crees.org.do\/","logo":{"@type":"ImageObject","inLanguage":"es","@id":"https:\/\/crees.org.do\/#\/schema\/logo\/image\/","url":"https:\/\/crees.org.do\/wp-content\/uploads\/2022\/03\/crees-logo-1.jpg","contentUrl":"https:\/\/crees.org.do\/wp-content\/uploads\/2022\/03\/crees-logo-1.jpg","width":244,"height":71,"caption":"CREES | Centro Regional de Estrategias Econ\u00f3micas Sostenibles"},"image":{"@id":"https:\/\/crees.org.do\/#\/schema\/logo\/image\/"},"sameAs":["https:\/\/www.facebook.com\/CREESRD\/","https:\/\/x.com\/CREESRD"]},{"@type":"Person","@id":"https:\/\/crees.org.do\/#\/schema\/person\/e7f97cd94d7bf9cd0e0ce30acb7d56b8","name":"Crees","image":{"@type":"ImageObject","inLanguage":"es","@id":"https:\/\/crees.org.do\/#\/schema\/person\/image\/","url":"https:\/\/secure.gravatar.com\/avatar\/390ac8f0be5d9aa046152553e2dd7011b59a512d89c150f5e5f28bb8d9a0b165?s=96&d=mm&r=g","contentUrl":"https:\/\/secure.gravatar.com\/avatar\/390ac8f0be5d9aa046152553e2dd7011b59a512d89c150f5e5f28bb8d9a0b165?s=96&d=mm&r=g","caption":"Crees"},"url":"https:\/\/crees.org.do\/?author=2"}]}},"_links":{"self":[{"href":"https:\/\/crees.org.do\/index.php?rest_route=\/wp\/v2\/posts\/28190","targetHints":{"allow":["GET"]}}],"collection":[{"href":"https:\/\/crees.org.do\/index.php?rest_route=\/wp\/v2\/posts"}],"about":[{"href":"https:\/\/crees.org.do\/index.php?rest_route=\/wp\/v2\/types\/post"}],"author":[{"embeddable":true,"href":"https:\/\/crees.org.do\/index.php?rest_route=\/wp\/v2\/users\/2"}],"replies":[{"embeddable":true,"href":"https:\/\/crees.org.do\/index.php?rest_route=%2Fwp%2Fv2%2Fcomments&post=28190"}],"version-history":[{"count":1,"href":"https:\/\/crees.org.do\/index.php?rest_route=\/wp\/v2\/posts\/28190\/revisions"}],"predecessor-version":[{"id":28191,"href":"https:\/\/crees.org.do\/index.php?rest_route=\/wp\/v2\/posts\/28190\/revisions\/28191"}],"wp:featuredmedia":[{"embeddable":true,"href":"https:\/\/crees.org.do\/index.php?rest_route=\/wp\/v2\/media\/28192"}],"wp:attachment":[{"href":"https:\/\/crees.org.do\/index.php?rest_route=%2Fwp%2Fv2%2Fmedia&parent=28190"}],"wp:term":[{"taxonomy":"category","embeddable":true,"href":"https:\/\/crees.org.do\/index.php?rest_route=%2Fwp%2Fv2%2Fcategories&post=28190"},{"taxonomy":"post_tag","embeddable":true,"href":"https:\/\/crees.org.do\/index.php?rest_route=%2Fwp%2Fv2%2Ftags&post=28190"}],"curies":[{"name":"wp","href":"https:\/\/api.w.org\/{rel}","templated":true}]}}