{"id":28196,"date":"2025-05-29T14:49:29","date_gmt":"2025-05-29T14:49:29","guid":{"rendered":"https:\/\/crees.org.do\/?p=28196"},"modified":"2025-05-29T14:49:29","modified_gmt":"2025-05-29T14:49:29","slug":"crees-crecimiento-del-empleo-en-rd-depende-cada-vez-mas-del-estado","status":"publish","type":"post","link":"https:\/\/crees.org.do\/?p=28196","title":{"rendered":"CREES: Crecimiento del empleo en RD depende cada vez m\u00e1s del Estado"},"content":{"rendered":"<p style=\"text-align: justify;\">Autor: La Propuesta Digital<\/p>\n<p style=\"text-align: justify;\">Fecha: 26 de mayo de 2025<\/p>\n<p style=\"text-align: justify;\">Extra\u00eddo de: <a href=\"https:\/\/lapropuestadigital.com\/crees-crecimiento-del-empleo-en-rd-depende-cada-vez-mas-del-estado\/\">La Propuesta Digital<\/a><\/p>\n<h2 class=\"entry-title\" style=\"text-align: justify;\">CREES: Crecimiento del empleo en RD depende cada vez m\u00e1s del Estado<\/h2>\n<p style=\"text-align: justify;\"><strong>Santo Domingo, 26 mayo<\/strong>. \u2013 Seg\u00fan un an\u00e1lisis del Centro Regional de Estrategias Econ\u00f3micas Sostenibles (CREES), las estad\u00edsticas de empleo publicadas esta semana muestran que entre el primer trimestre de 2024 y el primero de 2025, la cantidad de ocupados en Rep\u00fablica Dominicana creci\u00f3 en 176,581 personas.<\/p>\n<p style=\"text-align: justify;\">Aunque a primera vista parece un avance significativo, al compararlo con los 172,226 nuevos ocupados del periodo previo (marzo 2023 \u2013 marzo 2024), el incremento neto fue de apenas 2.5 %, es decir, solo 4,355 nuevos empleos adicionales respecto al a\u00f1o anterior, se\u00f1ala el CREES.<\/p>\n<p style=\"text-align: justify;\">El informe de CREES destaca que m\u00e1s de una cuarta parte del aumento interanual en los ocupados provino de empleos generados por el sector p\u00fablico. Espec\u00edficamente, de los 176,581 nuevos ocupados, un 27 % \u2014equivalente a 47,049 personas\u2014 corresponden a la categor\u00eda de Empleado del Estado. Esto significa que, descontando los empleos p\u00fablicos, el crecimiento real en el sector privado fue de apenas 129,533 nuevos ocupados, segun el estudio del CREES.<\/p>\n<p style=\"text-align: justify;\">Este comportamiento contrasta con el registrado entre el primer trimestre de 2023 y el primero de 2024, cuando la Encuesta Nacional Continua de Fuerza de Trabajo (ENCFT) revel\u00f3 una reducci\u00f3n de 1,233 empleados estatales. Dicho resultado, seg\u00fan CREES, es consistente con registros administrativos que confirmaban entonces una ligera contracci\u00f3n en el aparato p\u00fablico.<\/p>\n<p style=\"text-align: justify;\">Por otro lado, CREES subraya que en el sector privado, los ocupados bajo la categor\u00eda Empleado Privado aumentaron en 113,702 entre 2023 y 2024. Sin embargo, en los \u00faltimos doce meses, ese crecimiento fue pr\u00e1cticamente plano, sumando apenas 1,759 nuevos empleos privados para alcanzar una variaci\u00f3n interanual total de 115,462.<\/p>\n<p style=\"text-align: justify;\">El centro advierte que la falta de reformas estructurales que mejoren el clima de negocios e incrementen la productividad se refleja claramente en la composici\u00f3n del crecimiento del empleo.<\/p>\n<p style=\"text-align: justify;\">Seg\u00fan CREES, los datos oficiales evidencian que el mercado laboral dominicano ha dependido crecientemente de los empleos generados por el Estado \u2014financiados con recursos de los contribuyentes\u2014 para mantener cifras positivas en la ocupaci\u00f3n laboral.<\/p>\n<div class=\"pvc_clear\"><\/div>\n<p class=\"pvc_stats all \" data-element-id=\"28196\" style=\"\"><i class=\"pvc-stats-icon medium\" aria-hidden=\"true\"><svg aria-hidden=\"true\" focusable=\"false\" data-prefix=\"far\" data-icon=\"chart-bar\" role=\"img\" xmlns=\"http:\/\/www.w3.org\/2000\/svg\" viewBox=\"0 0 512 512\" class=\"svg-inline--fa fa-chart-bar fa-w-16 fa-2x\"><path fill=\"currentColor\" d=\"M396.8 352h22.4c6.4 0 12.8-6.4 12.8-12.8V108.8c0-6.4-6.4-12.8-12.8-12.8h-22.4c-6.4 0-12.8 6.4-12.8 12.8v230.4c0 6.4 6.4 12.8 12.8 12.8zm-192 0h22.4c6.4 0 12.8-6.4 12.8-12.8V140.8c0-6.4-6.4-12.8-12.8-12.8h-22.4c-6.4 0-12.8 6.4-12.8 12.8v198.4c0 6.4 6.4 12.8 12.8 12.8zm96 0h22.4c6.4 0 12.8-6.4 12.8-12.8V204.8c0-6.4-6.4-12.8-12.8-12.8h-22.4c-6.4 0-12.8 6.4-12.8 12.8v134.4c0 6.4 6.4 12.8 12.8 12.8zM496 400H48V80c0-8.84-7.16-16-16-16H16C7.16 64 0 71.16 0 80v336c0 17.67 14.33 32 32 32h464c8.84 0 16-7.16 16-16v-16c0-8.84-7.16-16-16-16zm-387.2-48h22.4c6.4 0 12.8-6.4 12.8-12.8v-70.4c0-6.4-6.4-12.8-12.8-12.8h-22.4c-6.4 0-12.8 6.4-12.8 12.8v70.4c0 6.4 6.4 12.8 12.8 12.8z\" class=\"\"><\/path><\/svg><\/i> Vistas Totales&nbsp;1,316&nbsp;<\/p>\n<div class=\"pvc_clear\"><\/div>\n","protected":false},"excerpt":{"rendered":"<p>Autor: La Propuesta Digital Fecha: 26 de mayo de 2025 Extra\u00eddo de: La Propuesta Digital CREES: Crecimiento del empleo en RD depende cada vez m\u00e1s del Estado Santo Domingo, 26 mayo. \u2013 Seg\u00fan un an\u00e1lisis del Centro Regional de Estrategias Econ\u00f3micas Sostenibles (CREES), las estad\u00edsticas de empleo publicadas esta semana muestran que entre el primer&#8230;<\/p>\n<div class=\"pvc_clear\"><\/div>\n<p class=\"pvc_stats all \" data-element-id=\"28196\" style=\"\"><i class=\"pvc-stats-icon medium\" aria-hidden=\"true\"><svg aria-hidden=\"true\" focusable=\"false\" data-prefix=\"far\" data-icon=\"chart-bar\" role=\"img\" xmlns=\"http:\/\/www.w3.org\/2000\/svg\" viewBox=\"0 0 512 512\" class=\"svg-inline--fa fa-chart-bar fa-w-16 fa-2x\"><path fill=\"currentColor\" d=\"M396.8 352h22.4c6.4 0 12.8-6.4 12.8-12.8V108.8c0-6.4-6.4-12.8-12.8-12.8h-22.4c-6.4 0-12.8 6.4-12.8 12.8v230.4c0 6.4 6.4 12.8 12.8 12.8zm-192 0h22.4c6.4 0 12.8-6.4 12.8-12.8V140.8c0-6.4-6.4-12.8-12.8-12.8h-22.4c-6.4 0-12.8 6.4-12.8 12.8v198.4c0 6.4 6.4 12.8 12.8 12.8zm96 0h22.4c6.4 0 12.8-6.4 12.8-12.8V204.8c0-6.4-6.4-12.8-12.8-12.8h-22.4c-6.4 0-12.8 6.4-12.8 12.8v134.4c0 6.4 6.4 12.8 12.8 12.8zM496 400H48V80c0-8.84-7.16-16-16-16H16C7.16 64 0 71.16 0 80v336c0 17.67 14.33 32 32 32h464c8.84 0 16-7.16 16-16v-16c0-8.84-7.16-16-16-16zm-387.2-48h22.4c6.4 0 12.8-6.4 12.8-12.8v-70.4c0-6.4-6.4-12.8-12.8-12.8h-22.4c-6.4 0-12.8 6.4-12.8 12.8v70.4c0 6.4 6.4 12.8 12.8 12.8z\" class=\"\"><\/path><\/svg><\/i> Vistas Totales&nbsp;1,316&nbsp;<\/p>\n<div class=\"pvc_clear\"><\/div>\n","protected":false},"author":2,"featured_media":28197,"comment_status":"closed","ping_status":"closed","sticky":false,"template":"","format":"standard","meta":{"footnotes":""},"categories":[19],"tags":[],"class_list":["post-28196","post","type-post","status-publish","format-standard","has-post-thumbnail","hentry","category-actualidad"],"yoast_head":"<!-- This site is optimized with the Yoast SEO plugin v25.2 - https:\/\/yoast.com\/wordpress\/plugins\/seo\/ -->\n<title>CREES: Crecimiento del empleo en RD depende cada vez m\u00e1s del Estado | CREES<\/title>\n<meta name=\"robots\" content=\"index, follow, max-snippet:-1, max-image-preview:large, max-video-preview:-1\" \/>\n<link rel=\"canonical\" href=\"https:\/\/crees.org.do\/?p=28196\" \/>\n<meta property=\"og:locale\" content=\"es_ES\" \/>\n<meta property=\"og:type\" content=\"article\" \/>\n<meta property=\"og:title\" content=\"CREES: Crecimiento del empleo en RD depende cada vez m\u00e1s del Estado | CREES\" \/>\n<meta property=\"og:description\" content=\"Autor: La Propuesta Digital Fecha: 26 de mayo de 2025 Extra\u00eddo de: La Propuesta Digital CREES: Crecimiento del empleo en RD depende cada vez m\u00e1s del Estado Santo Domingo, 26 mayo. \u2013 Seg\u00fan un an\u00e1lisis del Centro Regional de Estrategias Econ\u00f3micas Sostenibles (CREES), las estad\u00edsticas de empleo publicadas esta semana muestran que entre el primer...\" \/>\n<meta property=\"og:url\" content=\"https:\/\/crees.org.do\/?p=28196\" \/>\n<meta property=\"og:site_name\" content=\"CREES\" \/>\n<meta property=\"article:publisher\" content=\"https:\/\/www.facebook.com\/CREESRD\/\" \/>\n<meta property=\"article:published_time\" content=\"2025-05-29T14:49:29+00:00\" \/>\n<meta property=\"og:image\" content=\"https:\/\/crees.org.do\/wp-content\/uploads\/2025\/05\/66ea3117bd4db.png\" \/>\n\t<meta property=\"og:image:width\" content=\"800\" \/>\n\t<meta property=\"og:image:height\" content=\"445\" \/>\n\t<meta property=\"og:image:type\" content=\"image\/png\" \/>\n<meta name=\"author\" content=\"Crees\" \/>\n<meta name=\"twitter:card\" content=\"summary_large_image\" \/>\n<meta name=\"twitter:creator\" content=\"@CREESRD\" \/>\n<meta name=\"twitter:site\" content=\"@CREESRD\" \/>\n<meta name=\"twitter:label1\" content=\"Escrito por\" \/>\n\t<meta name=\"twitter:data1\" content=\"Crees\" \/>\n\t<meta name=\"twitter:label2\" content=\"Tiempo de lectura\" \/>\n\t<meta name=\"twitter:data2\" content=\"2 minutos\" \/>\n<script type=\"application\/ld+json\" class=\"yoast-schema-graph\">{\"@context\":\"https:\/\/schema.org\",\"@graph\":[{\"@type\":\"Article\",\"@id\":\"https:\/\/crees.org.do\/?p=28196#article\",\"isPartOf\":{\"@id\":\"https:\/\/crees.org.do\/?p=28196\"},\"author\":{\"name\":\"Crees\",\"@id\":\"https:\/\/crees.org.do\/#\/schema\/person\/e7f97cd94d7bf9cd0e0ce30acb7d56b8\"},\"headline\":\"CREES: Crecimiento del empleo en RD depende cada vez m\u00e1s del Estado\",\"datePublished\":\"2025-05-29T14:49:29+00:00\",\"mainEntityOfPage\":{\"@id\":\"https:\/\/crees.org.do\/?p=28196\"},\"wordCount\":367,\"publisher\":{\"@id\":\"https:\/\/crees.org.do\/#organization\"},\"image\":{\"@id\":\"https:\/\/crees.org.do\/?p=28196#primaryimage\"},\"thumbnailUrl\":\"https:\/\/crees.org.do\/wp-content\/uploads\/2025\/05\/66ea3117bd4db.png\",\"articleSection\":[\"Actualidad\"],\"inLanguage\":\"es\"},{\"@type\":\"WebPage\",\"@id\":\"https:\/\/crees.org.do\/?p=28196\",\"url\":\"https:\/\/crees.org.do\/?p=28196\",\"name\":\"CREES: Crecimiento del empleo en RD depende cada vez m\u00e1s del Estado | CREES\",\"isPartOf\":{\"@id\":\"https:\/\/crees.org.do\/#website\"},\"primaryImageOfPage\":{\"@id\":\"https:\/\/crees.org.do\/?p=28196#primaryimage\"},\"image\":{\"@id\":\"https:\/\/crees.org.do\/?p=28196#primaryimage\"},\"thumbnailUrl\":\"https:\/\/crees.org.do\/wp-content\/uploads\/2025\/05\/66ea3117bd4db.png\",\"datePublished\":\"2025-05-29T14:49:29+00:00\",\"breadcrumb\":{\"@id\":\"https:\/\/crees.org.do\/?p=28196#breadcrumb\"},\"inLanguage\":\"es\",\"potentialAction\":[{\"@type\":\"ReadAction\",\"target\":[\"https:\/\/crees.org.do\/?p=28196\"]}]},{\"@type\":\"ImageObject\",\"inLanguage\":\"es\",\"@id\":\"https:\/\/crees.org.do\/?p=28196#primaryimage\",\"url\":\"https:\/\/crees.org.do\/wp-content\/uploads\/2025\/05\/66ea3117bd4db.png\",\"contentUrl\":\"https:\/\/crees.org.do\/wp-content\/uploads\/2025\/05\/66ea3117bd4db.png\",\"width\":800,\"height\":445},{\"@type\":\"BreadcrumbList\",\"@id\":\"https:\/\/crees.org.do\/?p=28196#breadcrumb\",\"itemListElement\":[{\"@type\":\"ListItem\",\"position\":1,\"name\":\"Portada\",\"item\":\"https:\/\/crees.org.do\/\"},{\"@type\":\"ListItem\",\"position\":2,\"name\":\"CREES: Crecimiento del empleo en RD depende cada vez m\u00e1s del Estado\"}]},{\"@type\":\"WebSite\",\"@id\":\"https:\/\/crees.org.do\/#website\",\"url\":\"https:\/\/crees.org.do\/\",\"name\":\"CREES\",\"description\":\"Centro Regional de Estrategias Econ\u00f3micas Sostenibles\",\"publisher\":{\"@id\":\"https:\/\/crees.org.do\/#organization\"},\"potentialAction\":[{\"@type\":\"SearchAction\",\"target\":{\"@type\":\"EntryPoint\",\"urlTemplate\":\"https:\/\/crees.org.do\/?s={search_term_string}\"},\"query-input\":{\"@type\":\"PropertyValueSpecification\",\"valueRequired\":true,\"valueName\":\"search_term_string\"}}],\"inLanguage\":\"es\"},{\"@type\":\"Organization\",\"@id\":\"https:\/\/crees.org.do\/#organization\",\"name\":\"CREES | Centro Regional de Estrategias Econ\u00f3micas Sostenibles\",\"url\":\"https:\/\/crees.org.do\/\",\"logo\":{\"@type\":\"ImageObject\",\"inLanguage\":\"es\",\"@id\":\"https:\/\/crees.org.do\/#\/schema\/logo\/image\/\",\"url\":\"https:\/\/crees.org.do\/wp-content\/uploads\/2022\/03\/crees-logo-1.jpg\",\"contentUrl\":\"https:\/\/crees.org.do\/wp-content\/uploads\/2022\/03\/crees-logo-1.jpg\",\"width\":244,\"height\":71,\"caption\":\"CREES | Centro Regional de Estrategias Econ\u00f3micas Sostenibles\"},\"image\":{\"@id\":\"https:\/\/crees.org.do\/#\/schema\/logo\/image\/\"},\"sameAs\":[\"https:\/\/www.facebook.com\/CREESRD\/\",\"https:\/\/x.com\/CREESRD\"]},{\"@type\":\"Person\",\"@id\":\"https:\/\/crees.org.do\/#\/schema\/person\/e7f97cd94d7bf9cd0e0ce30acb7d56b8\",\"name\":\"Crees\",\"image\":{\"@type\":\"ImageObject\",\"inLanguage\":\"es\",\"@id\":\"https:\/\/crees.org.do\/#\/schema\/person\/image\/\",\"url\":\"https:\/\/secure.gravatar.com\/avatar\/390ac8f0be5d9aa046152553e2dd7011b59a512d89c150f5e5f28bb8d9a0b165?s=96&d=mm&r=g\",\"contentUrl\":\"https:\/\/secure.gravatar.com\/avatar\/390ac8f0be5d9aa046152553e2dd7011b59a512d89c150f5e5f28bb8d9a0b165?s=96&d=mm&r=g\",\"caption\":\"Crees\"},\"url\":\"https:\/\/crees.org.do\/?author=2\"}]}<\/script>\n<!-- \/ Yoast SEO plugin. -->","yoast_head_json":{"title":"CREES: Crecimiento del empleo en RD depende cada vez m\u00e1s del Estado | CREES","robots":{"index":"index","follow":"follow","max-snippet":"max-snippet:-1","max-image-preview":"max-image-preview:large","max-video-preview":"max-video-preview:-1"},"canonical":"https:\/\/crees.org.do\/?p=28196","og_locale":"es_ES","og_type":"article","og_title":"CREES: Crecimiento del empleo en RD depende cada vez m\u00e1s del Estado | CREES","og_description":"Autor: La Propuesta Digital Fecha: 26 de mayo de 2025 Extra\u00eddo de: La Propuesta Digital CREES: Crecimiento del empleo en RD depende cada vez m\u00e1s del Estado Santo Domingo, 26 mayo. \u2013 Seg\u00fan un an\u00e1lisis del Centro Regional de Estrategias Econ\u00f3micas Sostenibles (CREES), las estad\u00edsticas de empleo publicadas esta semana muestran que entre el primer...","og_url":"https:\/\/crees.org.do\/?p=28196","og_site_name":"CREES","article_publisher":"https:\/\/www.facebook.com\/CREESRD\/","article_published_time":"2025-05-29T14:49:29+00:00","og_image":[{"width":800,"height":445,"url":"https:\/\/crees.org.do\/wp-content\/uploads\/2025\/05\/66ea3117bd4db.png","type":"image\/png"}],"author":"Crees","twitter_card":"summary_large_image","twitter_creator":"@CREESRD","twitter_site":"@CREESRD","twitter_misc":{"Escrito por":"Crees","Tiempo de lectura":"2 minutos"},"schema":{"@context":"https:\/\/schema.org","@graph":[{"@type":"Article","@id":"https:\/\/crees.org.do\/?p=28196#article","isPartOf":{"@id":"https:\/\/crees.org.do\/?p=28196"},"author":{"name":"Crees","@id":"https:\/\/crees.org.do\/#\/schema\/person\/e7f97cd94d7bf9cd0e0ce30acb7d56b8"},"headline":"CREES: Crecimiento del empleo en RD depende cada vez m\u00e1s del Estado","datePublished":"2025-05-29T14:49:29+00:00","mainEntityOfPage":{"@id":"https:\/\/crees.org.do\/?p=28196"},"wordCount":367,"publisher":{"@id":"https:\/\/crees.org.do\/#organization"},"image":{"@id":"https:\/\/crees.org.do\/?p=28196#primaryimage"},"thumbnailUrl":"https:\/\/crees.org.do\/wp-content\/uploads\/2025\/05\/66ea3117bd4db.png","articleSection":["Actualidad"],"inLanguage":"es"},{"@type":"WebPage","@id":"https:\/\/crees.org.do\/?p=28196","url":"https:\/\/crees.org.do\/?p=28196","name":"CREES: Crecimiento del empleo en RD depende cada vez m\u00e1s del Estado | CREES","isPartOf":{"@id":"https:\/\/crees.org.do\/#website"},"primaryImageOfPage":{"@id":"https:\/\/crees.org.do\/?p=28196#primaryimage"},"image":{"@id":"https:\/\/crees.org.do\/?p=28196#primaryimage"},"thumbnailUrl":"https:\/\/crees.org.do\/wp-content\/uploads\/2025\/05\/66ea3117bd4db.png","datePublished":"2025-05-29T14:49:29+00:00","breadcrumb":{"@id":"https:\/\/crees.org.do\/?p=28196#breadcrumb"},"inLanguage":"es","potentialAction":[{"@type":"ReadAction","target":["https:\/\/crees.org.do\/?p=28196"]}]},{"@type":"ImageObject","inLanguage":"es","@id":"https:\/\/crees.org.do\/?p=28196#primaryimage","url":"https:\/\/crees.org.do\/wp-content\/uploads\/2025\/05\/66ea3117bd4db.png","contentUrl":"https:\/\/crees.org.do\/wp-content\/uploads\/2025\/05\/66ea3117bd4db.png","width":800,"height":445},{"@type":"BreadcrumbList","@id":"https:\/\/crees.org.do\/?p=28196#breadcrumb","itemListElement":[{"@type":"ListItem","position":1,"name":"Portada","item":"https:\/\/crees.org.do\/"},{"@type":"ListItem","position":2,"name":"CREES: Crecimiento del empleo en RD depende cada vez m\u00e1s del Estado"}]},{"@type":"WebSite","@id":"https:\/\/crees.org.do\/#website","url":"https:\/\/crees.org.do\/","name":"CREES","description":"Centro Regional de Estrategias Econ\u00f3micas Sostenibles","publisher":{"@id":"https:\/\/crees.org.do\/#organization"},"potentialAction":[{"@type":"SearchAction","target":{"@type":"EntryPoint","urlTemplate":"https:\/\/crees.org.do\/?s={search_term_string}"},"query-input":{"@type":"PropertyValueSpecification","valueRequired":true,"valueName":"search_term_string"}}],"inLanguage":"es"},{"@type":"Organization","@id":"https:\/\/crees.org.do\/#organization","name":"CREES | Centro Regional de Estrategias Econ\u00f3micas Sostenibles","url":"https:\/\/crees.org.do\/","logo":{"@type":"ImageObject","inLanguage":"es","@id":"https:\/\/crees.org.do\/#\/schema\/logo\/image\/","url":"https:\/\/crees.org.do\/wp-content\/uploads\/2022\/03\/crees-logo-1.jpg","contentUrl":"https:\/\/crees.org.do\/wp-content\/uploads\/2022\/03\/crees-logo-1.jpg","width":244,"height":71,"caption":"CREES | Centro Regional de Estrategias Econ\u00f3micas Sostenibles"},"image":{"@id":"https:\/\/crees.org.do\/#\/schema\/logo\/image\/"},"sameAs":["https:\/\/www.facebook.com\/CREESRD\/","https:\/\/x.com\/CREESRD"]},{"@type":"Person","@id":"https:\/\/crees.org.do\/#\/schema\/person\/e7f97cd94d7bf9cd0e0ce30acb7d56b8","name":"Crees","image":{"@type":"ImageObject","inLanguage":"es","@id":"https:\/\/crees.org.do\/#\/schema\/person\/image\/","url":"https:\/\/secure.gravatar.com\/avatar\/390ac8f0be5d9aa046152553e2dd7011b59a512d89c150f5e5f28bb8d9a0b165?s=96&d=mm&r=g","contentUrl":"https:\/\/secure.gravatar.com\/avatar\/390ac8f0be5d9aa046152553e2dd7011b59a512d89c150f5e5f28bb8d9a0b165?s=96&d=mm&r=g","caption":"Crees"},"url":"https:\/\/crees.org.do\/?author=2"}]}},"_links":{"self":[{"href":"https:\/\/crees.org.do\/index.php?rest_route=\/wp\/v2\/posts\/28196","targetHints":{"allow":["GET"]}}],"collection":[{"href":"https:\/\/crees.org.do\/index.php?rest_route=\/wp\/v2\/posts"}],"about":[{"href":"https:\/\/crees.org.do\/index.php?rest_route=\/wp\/v2\/types\/post"}],"author":[{"embeddable":true,"href":"https:\/\/crees.org.do\/index.php?rest_route=\/wp\/v2\/users\/2"}],"replies":[{"embeddable":true,"href":"https:\/\/crees.org.do\/index.php?rest_route=%2Fwp%2Fv2%2Fcomments&post=28196"}],"version-history":[{"count":2,"href":"https:\/\/crees.org.do\/index.php?rest_route=\/wp\/v2\/posts\/28196\/revisions"}],"predecessor-version":[{"id":28199,"href":"https:\/\/crees.org.do\/index.php?rest_route=\/wp\/v2\/posts\/28196\/revisions\/28199"}],"wp:featuredmedia":[{"embeddable":true,"href":"https:\/\/crees.org.do\/index.php?rest_route=\/wp\/v2\/media\/28197"}],"wp:attachment":[{"href":"https:\/\/crees.org.do\/index.php?rest_route=%2Fwp%2Fv2%2Fmedia&parent=28196"}],"wp:term":[{"taxonomy":"category","embeddable":true,"href":"https:\/\/crees.org.do\/index.php?rest_route=%2Fwp%2Fv2%2Fcategories&post=28196"},{"taxonomy":"post_tag","embeddable":true,"href":"https:\/\/crees.org.do\/index.php?rest_route=%2Fwp%2Fv2%2Ftags&post=28196"}],"curies":[{"name":"wp","href":"https:\/\/api.w.org\/{rel}","templated":true}]}}