{"id":28200,"date":"2025-05-29T14:50:09","date_gmt":"2025-05-29T14:50:09","guid":{"rendered":"https:\/\/crees.org.do\/?p=28200"},"modified":"2025-05-29T14:50:09","modified_gmt":"2025-05-29T14:50:09","slug":"populismo-salvadoreno","status":"publish","type":"post","link":"https:\/\/crees.org.do\/?p=28200","title":{"rendered":"Populismo salvadore\u00f1o"},"content":{"rendered":"<h2><img fetchpriority=\"high\" decoding=\"async\" class=\"aligncenter wp-image-28202\" src=\"https:\/\/crees.org.do\/wp-content\/uploads\/2025\/05\/5-1-1.jpg\" alt=\"\" width=\"300\" height=\"300\" srcset=\"https:\/\/crees.org.do\/wp-content\/uploads\/2025\/05\/5-1-1.jpg 450w, https:\/\/crees.org.do\/wp-content\/uploads\/2025\/05\/5-1-1-150x150.jpg 150w\" sizes=\"(max-width: 300px) 100vw, 300px\" \/><\/h2>\n<h2 style=\"text-align: center;\">Populismo salvadore\u00f1o<\/h2>\n<p style=\"text-align: justify;\">Autor: Ian V\u00e1squez<\/p>\n<p style=\"text-align: justify;\">Fecha: 28 de mayo de 2025<\/p>\n<p style=\"text-align: justify;\">Extra\u00eddo de: <a href=\"https:\/\/www.elcato.org\/populismo-salvadoreno\">El Cato<\/a><\/p>\n<h2 class=\"page-title\" style=\"text-align: justify;\"><strong>Ian V\u00e1squez<\/strong>\u00a0indica que Bukele ha gobernado bajo un r\u00e9gimen de excepci\u00f3n que suspende derechos b\u00e1sicos.<\/h2>\n<p style=\"text-align: justify;\">El presidente\u00a0<strong>Nayib Bukele<\/strong>\u00a0de\u00a0<strong>El Salvador<\/strong>\u00a0cumple seis a\u00f1os en el poder la semana que viene. Ha ganado admiradores por toda\u00a0<strong>Am\u00e9rica Latina<\/strong>\u00a0por haber derrotado la\u00a0<strong>criminalidad<\/strong>.<\/p>\n<p style=\"text-align: justify;\">Muchos piden que se reproduzcan las pol\u00edticas salvadore\u00f1as en sus pa\u00edses y, en la medida que el presidente\u00a0<strong>Donald Trump\u00a0<\/strong>alabe a Bukele por recibir inmigrantes deportados, hay cada vez m\u00e1s admiradores del l\u00edder centroamericano entre los conservadores estadounidenses.<\/p>\n<p style=\"text-align: justify;\">El modelo Bukele, sin embargo, no es tan novedoso como se presenta. En el fondo, se trata de comportamientos y actitudes que caracterizan el populismo latinoamericano de siempre: la concentraci\u00f3n del poder y el uso arbitrario del mismo, la violaci\u00f3n de los derechos civiles, la disminuci\u00f3n de las libertades econ\u00f3micas, etc. \u00bfQu\u00e9 ha hecho Bukele para consolidar su poder? En febrero del 2020, invadi\u00f3 la asamblea legislativa con polic\u00edas y\u00a0<strong>Fuerzas Armadas\u00a0<\/strong>para intimidar a los diputados que no apoyaban su agenda. Fue algo popular. En las elecciones legislativas un a\u00f1o despu\u00e9s, obtuvo una mayor\u00eda que procedi\u00f3 a destituir al fiscal general y a los jueces de la sala constitucional de la Corte Suprema.<\/p>\n<p style=\"text-align: justify;\">Los nuevos jueces permitieron que Bukele fuera reelegido en el 2024 a pesar de que lo proh\u00edbe expresamente la Constituci\u00f3n. Bukele tambi\u00e9n agreg\u00f3 nuevos jueces a la\u00a0<strong>Corte Suprema<\/strong>, algo que viol\u00f3 las reglas, y aprob\u00f3 una ley que le permiti\u00f3 despedir a muchos jueces en el sistema judicial. Eso facilit\u00f3 que se descartaran investigaciones de su propio gobierno, seg\u00fan la\u00a0<strong>Human Rights Foundation<\/strong>. El Salvador fue uno de los primeros pa\u00edses en cerrarse al mundo a principios de la pandemia de\u00a0<strong>COVID-19<\/strong>\u00a0en el 2020. Las medidas de Bukele fueron entre las m\u00e1s severas del mundo. Estableci\u00f3 centros de detenci\u00f3n para gente que, por alguna raz\u00f3n, no observ\u00f3 alguna restricci\u00f3n. Por ejemplo, por haber salido sin autorizaci\u00f3n para hacer compras, o por no usar una mascarilla, hay gente que pas\u00f3 semanas o meses encerrada en condiciones de hacinamiento.<\/p>\n<p style=\"text-align: justify;\">Cuando la\u00a0<strong>Corte Suprema<\/strong>\u00a0declar\u00f3 que tales medidas no eran constitucionales, Bukele simplemente la desacat\u00f3. Su gobierno dice que fue muy exitoso en contener la\u00a0<strong>pandemia<\/strong>, pero una investigaci\u00f3n de\u00a0<em>La Prensa Gr\u00e1fica<\/em>\u00a0encontr\u00f3 que hab\u00eda falsificado los datos y que en realidad El Salvador ten\u00eda uno de los peores r\u00e9cords en Centroam\u00e9rica respecto de las muertes por COVID-19.<\/p>\n<p style=\"text-align: justify;\">Desde marzo del 2022, Bukele ha gobernado bajo un r\u00e9gimen de excepci\u00f3n que suspende derechos b\u00e1sicos. Fue as\u00ed que ha podido detener a m\u00e1s de 80.000 personas sin necesidad de que se les d\u00e9 un debido proceso. El Salvador tiene la mayor tasa de encarcelamiento del mundo. Como en los tiempos sovi\u00e9ticos, se realizan juicios masivos de cientos de personas a la vez. Miles de salvadore\u00f1os inocentes padecen en el gulag de Bukele, que ha cometido abusos de derechos humanos y ha causado cientos de muertes.<\/p>\n<p style=\"text-align: justify;\">Bukele vulnera otros derechos b\u00e1sicos de manera sistem\u00e1tica. Los periodistas salvadore\u00f1os sufren amenazas y la prensa practica la autocensura ampliamente. En los \u00faltimos cinco a\u00f1os, el pa\u00eds ha ca\u00eddo 61 puestos en el\u00a0<strong>\u00cdndice de Libertad de Prensa<\/strong>. Hace unos d\u00edas, varios periodistas de\u00a0<em>El Faro<\/em>\u00a0se exiliaron despu\u00e9s de publicar un reportaje que mostraba negociaciones ilegales entre grupos criminales y el gobierno.<\/p>\n<p style=\"text-align: justify;\">Bukele tambi\u00e9n vulnera las\u00a0<strong>libertades econ\u00f3micas\u00a0<\/strong>para realizar sus fines pol\u00edticos. Cuando no le gustaron los precios en los supermercados, declar\u00f3 que se bajasen o se tratar\u00edan como criminales a quienes no cumpl\u00edan. Adem\u00e1s, orden\u00f3 que ciertas empresas de buses ofrezcan sus servicios gratis por una semana. Cuando varios de ellos se negaron a acatar la orden, los mand\u00f3 a arrestar. Recientemente, hizo aprobar una ley que impone un impuesto de 30% a los pagos que reciben individuos o ONG desde el exterior.<\/p>\n<p style=\"text-align: justify;\">Bukele sigue siendo popular, pero su\u00a0<strong>autoritarismo\u00a0<\/strong>ha incurrido en cr\u00edmenes. Tarde o temprano esta historia acabar\u00e1 mal.<\/p>\n<p style=\"text-align: justify;\"><em>Este art\u00edculo fue publicado originalmente en\u00a0<\/em><a href=\"https:\/\/elcomercio.pe\/opinion\/columnistas\/nayib-bukele-el-salvador-populismo-salvadoreno-por-ian-vasquez-noticia\/\" target=\"_blank\" rel=\"noopener\">El Comercio<\/a><em>\u00a0(Per\u00fa) el 27 de mayo de 2025.<\/em><\/p>\n<div class=\"pvc_clear\"><\/div>\n<p class=\"pvc_stats all \" data-element-id=\"28200\" style=\"\"><i class=\"pvc-stats-icon medium\" aria-hidden=\"true\"><svg aria-hidden=\"true\" focusable=\"false\" data-prefix=\"far\" data-icon=\"chart-bar\" role=\"img\" xmlns=\"http:\/\/www.w3.org\/2000\/svg\" viewBox=\"0 0 512 512\" class=\"svg-inline--fa fa-chart-bar fa-w-16 fa-2x\"><path fill=\"currentColor\" d=\"M396.8 352h22.4c6.4 0 12.8-6.4 12.8-12.8V108.8c0-6.4-6.4-12.8-12.8-12.8h-22.4c-6.4 0-12.8 6.4-12.8 12.8v230.4c0 6.4 6.4 12.8 12.8 12.8zm-192 0h22.4c6.4 0 12.8-6.4 12.8-12.8V140.8c0-6.4-6.4-12.8-12.8-12.8h-22.4c-6.4 0-12.8 6.4-12.8 12.8v198.4c0 6.4 6.4 12.8 12.8 12.8zm96 0h22.4c6.4 0 12.8-6.4 12.8-12.8V204.8c0-6.4-6.4-12.8-12.8-12.8h-22.4c-6.4 0-12.8 6.4-12.8 12.8v134.4c0 6.4 6.4 12.8 12.8 12.8zM496 400H48V80c0-8.84-7.16-16-16-16H16C7.16 64 0 71.16 0 80v336c0 17.67 14.33 32 32 32h464c8.84 0 16-7.16 16-16v-16c0-8.84-7.16-16-16-16zm-387.2-48h22.4c6.4 0 12.8-6.4 12.8-12.8v-70.4c0-6.4-6.4-12.8-12.8-12.8h-22.4c-6.4 0-12.8 6.4-12.8 12.8v70.4c0 6.4 6.4 12.8 12.8 12.8z\" class=\"\"><\/path><\/svg><\/i> Vistas Totales&nbsp;1,024&nbsp;, Vistas Hoy&nbsp;4&nbsp;<\/p>\n<div class=\"pvc_clear\"><\/div>\n","protected":false},"excerpt":{"rendered":"<p>Populismo salvadore\u00f1o Autor: Ian V\u00e1squez Fecha: 28 de mayo de 2025 Extra\u00eddo de: El Cato Ian V\u00e1squez\u00a0indica que Bukele ha gobernado bajo un r\u00e9gimen de excepci\u00f3n que suspende derechos b\u00e1sicos. El presidente\u00a0Nayib Bukele\u00a0de\u00a0El Salvador\u00a0cumple seis a\u00f1os en el poder la semana que viene. Ha ganado admiradores por toda\u00a0Am\u00e9rica Latina\u00a0por haber derrotado la\u00a0criminalidad. Muchos piden que&#8230;<\/p>\n<div class=\"pvc_clear\"><\/div>\n<p class=\"pvc_stats all \" data-element-id=\"28200\" style=\"\"><i class=\"pvc-stats-icon medium\" aria-hidden=\"true\"><svg aria-hidden=\"true\" focusable=\"false\" data-prefix=\"far\" data-icon=\"chart-bar\" role=\"img\" xmlns=\"http:\/\/www.w3.org\/2000\/svg\" viewBox=\"0 0 512 512\" class=\"svg-inline--fa fa-chart-bar fa-w-16 fa-2x\"><path fill=\"currentColor\" d=\"M396.8 352h22.4c6.4 0 12.8-6.4 12.8-12.8V108.8c0-6.4-6.4-12.8-12.8-12.8h-22.4c-6.4 0-12.8 6.4-12.8 12.8v230.4c0 6.4 6.4 12.8 12.8 12.8zm-192 0h22.4c6.4 0 12.8-6.4 12.8-12.8V140.8c0-6.4-6.4-12.8-12.8-12.8h-22.4c-6.4 0-12.8 6.4-12.8 12.8v198.4c0 6.4 6.4 12.8 12.8 12.8zm96 0h22.4c6.4 0 12.8-6.4 12.8-12.8V204.8c0-6.4-6.4-12.8-12.8-12.8h-22.4c-6.4 0-12.8 6.4-12.8 12.8v134.4c0 6.4 6.4 12.8 12.8 12.8zM496 400H48V80c0-8.84-7.16-16-16-16H16C7.16 64 0 71.16 0 80v336c0 17.67 14.33 32 32 32h464c8.84 0 16-7.16 16-16v-16c0-8.84-7.16-16-16-16zm-387.2-48h22.4c6.4 0 12.8-6.4 12.8-12.8v-70.4c0-6.4-6.4-12.8-12.8-12.8h-22.4c-6.4 0-12.8 6.4-12.8 12.8v70.4c0 6.4 6.4 12.8 12.8 12.8z\" class=\"\"><\/path><\/svg><\/i> Vistas Totales&nbsp;1,024&nbsp;, Vistas Hoy&nbsp;4&nbsp;<\/p>\n<div class=\"pvc_clear\"><\/div>\n","protected":false},"author":2,"featured_media":28204,"comment_status":"closed","ping_status":"closed","sticky":false,"template":"","format":"standard","meta":{"footnotes":""},"categories":[22],"tags":[],"class_list":["post-28200","post","type-post","status-publish","format-standard","has-post-thumbnail","hentry","category-articulos"],"yoast_head":"<!-- This site is optimized with the Yoast SEO plugin v25.2 - https:\/\/yoast.com\/wordpress\/plugins\/seo\/ -->\n<title>Populismo salvadore\u00f1o | CREES<\/title>\n<meta name=\"robots\" content=\"index, follow, max-snippet:-1, max-image-preview:large, max-video-preview:-1\" \/>\n<link rel=\"canonical\" href=\"https:\/\/crees.org.do\/?p=28200\" \/>\n<meta property=\"og:locale\" content=\"es_ES\" \/>\n<meta property=\"og:type\" content=\"article\" \/>\n<meta property=\"og:title\" content=\"Populismo salvadore\u00f1o | CREES\" \/>\n<meta property=\"og:description\" content=\"Populismo salvadore\u00f1o Autor: Ian V\u00e1squez Fecha: 28 de mayo de 2025 Extra\u00eddo de: El Cato Ian V\u00e1squez\u00a0indica que Bukele ha gobernado bajo un r\u00e9gimen de excepci\u00f3n que suspende derechos b\u00e1sicos. El presidente\u00a0Nayib Bukele\u00a0de\u00a0El Salvador\u00a0cumple seis a\u00f1os en el poder la semana que viene. Ha ganado admiradores por toda\u00a0Am\u00e9rica Latina\u00a0por haber derrotado la\u00a0criminalidad. Muchos piden que...\" \/>\n<meta property=\"og:url\" content=\"https:\/\/crees.org.do\/?p=28200\" \/>\n<meta property=\"og:site_name\" content=\"CREES\" \/>\n<meta property=\"article:publisher\" content=\"https:\/\/www.facebook.com\/CREESRD\/\" \/>\n<meta property=\"article:published_time\" content=\"2025-05-29T14:50:09+00:00\" \/>\n<meta property=\"og:image\" content=\"https:\/\/crees.org.do\/wp-content\/uploads\/2025\/05\/gettyimages-2204467208-scaled.png\" \/>\n\t<meta property=\"og:image:width\" content=\"1200\" \/>\n\t<meta property=\"og:image:height\" content=\"641\" \/>\n\t<meta property=\"og:image:type\" content=\"image\/png\" \/>\n<meta name=\"author\" content=\"Crees\" \/>\n<meta name=\"twitter:card\" content=\"summary_large_image\" \/>\n<meta name=\"twitter:creator\" content=\"@CREESRD\" \/>\n<meta name=\"twitter:site\" content=\"@CREESRD\" \/>\n<meta name=\"twitter:label1\" content=\"Escrito por\" \/>\n\t<meta name=\"twitter:data1\" content=\"Crees\" \/>\n\t<meta name=\"twitter:label2\" content=\"Tiempo de lectura\" \/>\n\t<meta name=\"twitter:data2\" content=\"4 minutos\" \/>\n<script type=\"application\/ld+json\" class=\"yoast-schema-graph\">{\"@context\":\"https:\/\/schema.org\",\"@graph\":[{\"@type\":\"Article\",\"@id\":\"https:\/\/crees.org.do\/?p=28200#article\",\"isPartOf\":{\"@id\":\"https:\/\/crees.org.do\/?p=28200\"},\"author\":{\"name\":\"Crees\",\"@id\":\"https:\/\/crees.org.do\/#\/schema\/person\/e7f97cd94d7bf9cd0e0ce30acb7d56b8\"},\"headline\":\"Populismo salvadore\u00f1o\",\"datePublished\":\"2025-05-29T14:50:09+00:00\",\"mainEntityOfPage\":{\"@id\":\"https:\/\/crees.org.do\/?p=28200\"},\"wordCount\":728,\"publisher\":{\"@id\":\"https:\/\/crees.org.do\/#organization\"},\"image\":{\"@id\":\"https:\/\/crees.org.do\/?p=28200#primaryimage\"},\"thumbnailUrl\":\"https:\/\/crees.org.do\/wp-content\/uploads\/2025\/05\/gettyimages-2204467208-scaled.png\",\"articleSection\":[\"Art\u00edculos\"],\"inLanguage\":\"es\"},{\"@type\":\"WebPage\",\"@id\":\"https:\/\/crees.org.do\/?p=28200\",\"url\":\"https:\/\/crees.org.do\/?p=28200\",\"name\":\"Populismo salvadore\u00f1o | CREES\",\"isPartOf\":{\"@id\":\"https:\/\/crees.org.do\/#website\"},\"primaryImageOfPage\":{\"@id\":\"https:\/\/crees.org.do\/?p=28200#primaryimage\"},\"image\":{\"@id\":\"https:\/\/crees.org.do\/?p=28200#primaryimage\"},\"thumbnailUrl\":\"https:\/\/crees.org.do\/wp-content\/uploads\/2025\/05\/gettyimages-2204467208-scaled.png\",\"datePublished\":\"2025-05-29T14:50:09+00:00\",\"breadcrumb\":{\"@id\":\"https:\/\/crees.org.do\/?p=28200#breadcrumb\"},\"inLanguage\":\"es\",\"potentialAction\":[{\"@type\":\"ReadAction\",\"target\":[\"https:\/\/crees.org.do\/?p=28200\"]}]},{\"@type\":\"ImageObject\",\"inLanguage\":\"es\",\"@id\":\"https:\/\/crees.org.do\/?p=28200#primaryimage\",\"url\":\"https:\/\/crees.org.do\/wp-content\/uploads\/2025\/05\/gettyimages-2204467208-scaled.png\",\"contentUrl\":\"https:\/\/crees.org.do\/wp-content\/uploads\/2025\/05\/gettyimages-2204467208-scaled.png\",\"width\":1200,\"height\":641},{\"@type\":\"BreadcrumbList\",\"@id\":\"https:\/\/crees.org.do\/?p=28200#breadcrumb\",\"itemListElement\":[{\"@type\":\"ListItem\",\"position\":1,\"name\":\"Portada\",\"item\":\"https:\/\/crees.org.do\/\"},{\"@type\":\"ListItem\",\"position\":2,\"name\":\"Populismo salvadore\u00f1o\"}]},{\"@type\":\"WebSite\",\"@id\":\"https:\/\/crees.org.do\/#website\",\"url\":\"https:\/\/crees.org.do\/\",\"name\":\"CREES\",\"description\":\"Centro Regional de Estrategias Econ\u00f3micas Sostenibles\",\"publisher\":{\"@id\":\"https:\/\/crees.org.do\/#organization\"},\"potentialAction\":[{\"@type\":\"SearchAction\",\"target\":{\"@type\":\"EntryPoint\",\"urlTemplate\":\"https:\/\/crees.org.do\/?s={search_term_string}\"},\"query-input\":{\"@type\":\"PropertyValueSpecification\",\"valueRequired\":true,\"valueName\":\"search_term_string\"}}],\"inLanguage\":\"es\"},{\"@type\":\"Organization\",\"@id\":\"https:\/\/crees.org.do\/#organization\",\"name\":\"CREES | Centro Regional de Estrategias Econ\u00f3micas Sostenibles\",\"url\":\"https:\/\/crees.org.do\/\",\"logo\":{\"@type\":\"ImageObject\",\"inLanguage\":\"es\",\"@id\":\"https:\/\/crees.org.do\/#\/schema\/logo\/image\/\",\"url\":\"https:\/\/crees.org.do\/wp-content\/uploads\/2022\/03\/crees-logo-1.jpg\",\"contentUrl\":\"https:\/\/crees.org.do\/wp-content\/uploads\/2022\/03\/crees-logo-1.jpg\",\"width\":244,\"height\":71,\"caption\":\"CREES | Centro Regional de Estrategias Econ\u00f3micas Sostenibles\"},\"image\":{\"@id\":\"https:\/\/crees.org.do\/#\/schema\/logo\/image\/\"},\"sameAs\":[\"https:\/\/www.facebook.com\/CREESRD\/\",\"https:\/\/x.com\/CREESRD\"]},{\"@type\":\"Person\",\"@id\":\"https:\/\/crees.org.do\/#\/schema\/person\/e7f97cd94d7bf9cd0e0ce30acb7d56b8\",\"name\":\"Crees\",\"image\":{\"@type\":\"ImageObject\",\"inLanguage\":\"es\",\"@id\":\"https:\/\/crees.org.do\/#\/schema\/person\/image\/\",\"url\":\"https:\/\/secure.gravatar.com\/avatar\/390ac8f0be5d9aa046152553e2dd7011b59a512d89c150f5e5f28bb8d9a0b165?s=96&d=mm&r=g\",\"contentUrl\":\"https:\/\/secure.gravatar.com\/avatar\/390ac8f0be5d9aa046152553e2dd7011b59a512d89c150f5e5f28bb8d9a0b165?s=96&d=mm&r=g\",\"caption\":\"Crees\"},\"url\":\"https:\/\/crees.org.do\/?author=2\"}]}<\/script>\n<!-- \/ Yoast SEO plugin. -->","yoast_head_json":{"title":"Populismo salvadore\u00f1o | CREES","robots":{"index":"index","follow":"follow","max-snippet":"max-snippet:-1","max-image-preview":"max-image-preview:large","max-video-preview":"max-video-preview:-1"},"canonical":"https:\/\/crees.org.do\/?p=28200","og_locale":"es_ES","og_type":"article","og_title":"Populismo salvadore\u00f1o | CREES","og_description":"Populismo salvadore\u00f1o Autor: Ian V\u00e1squez Fecha: 28 de mayo de 2025 Extra\u00eddo de: El Cato Ian V\u00e1squez\u00a0indica que Bukele ha gobernado bajo un r\u00e9gimen de excepci\u00f3n que suspende derechos b\u00e1sicos. El presidente\u00a0Nayib Bukele\u00a0de\u00a0El Salvador\u00a0cumple seis a\u00f1os en el poder la semana que viene. Ha ganado admiradores por toda\u00a0Am\u00e9rica Latina\u00a0por haber derrotado la\u00a0criminalidad. Muchos piden que...","og_url":"https:\/\/crees.org.do\/?p=28200","og_site_name":"CREES","article_publisher":"https:\/\/www.facebook.com\/CREESRD\/","article_published_time":"2025-05-29T14:50:09+00:00","og_image":[{"width":1200,"height":641,"url":"https:\/\/crees.org.do\/wp-content\/uploads\/2025\/05\/gettyimages-2204467208-scaled.png","type":"image\/png"}],"author":"Crees","twitter_card":"summary_large_image","twitter_creator":"@CREESRD","twitter_site":"@CREESRD","twitter_misc":{"Escrito por":"Crees","Tiempo de lectura":"4 minutos"},"schema":{"@context":"https:\/\/schema.org","@graph":[{"@type":"Article","@id":"https:\/\/crees.org.do\/?p=28200#article","isPartOf":{"@id":"https:\/\/crees.org.do\/?p=28200"},"author":{"name":"Crees","@id":"https:\/\/crees.org.do\/#\/schema\/person\/e7f97cd94d7bf9cd0e0ce30acb7d56b8"},"headline":"Populismo salvadore\u00f1o","datePublished":"2025-05-29T14:50:09+00:00","mainEntityOfPage":{"@id":"https:\/\/crees.org.do\/?p=28200"},"wordCount":728,"publisher":{"@id":"https:\/\/crees.org.do\/#organization"},"image":{"@id":"https:\/\/crees.org.do\/?p=28200#primaryimage"},"thumbnailUrl":"https:\/\/crees.org.do\/wp-content\/uploads\/2025\/05\/gettyimages-2204467208-scaled.png","articleSection":["Art\u00edculos"],"inLanguage":"es"},{"@type":"WebPage","@id":"https:\/\/crees.org.do\/?p=28200","url":"https:\/\/crees.org.do\/?p=28200","name":"Populismo salvadore\u00f1o | CREES","isPartOf":{"@id":"https:\/\/crees.org.do\/#website"},"primaryImageOfPage":{"@id":"https:\/\/crees.org.do\/?p=28200#primaryimage"},"image":{"@id":"https:\/\/crees.org.do\/?p=28200#primaryimage"},"thumbnailUrl":"https:\/\/crees.org.do\/wp-content\/uploads\/2025\/05\/gettyimages-2204467208-scaled.png","datePublished":"2025-05-29T14:50:09+00:00","breadcrumb":{"@id":"https:\/\/crees.org.do\/?p=28200#breadcrumb"},"inLanguage":"es","potentialAction":[{"@type":"ReadAction","target":["https:\/\/crees.org.do\/?p=28200"]}]},{"@type":"ImageObject","inLanguage":"es","@id":"https:\/\/crees.org.do\/?p=28200#primaryimage","url":"https:\/\/crees.org.do\/wp-content\/uploads\/2025\/05\/gettyimages-2204467208-scaled.png","contentUrl":"https:\/\/crees.org.do\/wp-content\/uploads\/2025\/05\/gettyimages-2204467208-scaled.png","width":1200,"height":641},{"@type":"BreadcrumbList","@id":"https:\/\/crees.org.do\/?p=28200#breadcrumb","itemListElement":[{"@type":"ListItem","position":1,"name":"Portada","item":"https:\/\/crees.org.do\/"},{"@type":"ListItem","position":2,"name":"Populismo salvadore\u00f1o"}]},{"@type":"WebSite","@id":"https:\/\/crees.org.do\/#website","url":"https:\/\/crees.org.do\/","name":"CREES","description":"Centro Regional de Estrategias Econ\u00f3micas Sostenibles","publisher":{"@id":"https:\/\/crees.org.do\/#organization"},"potentialAction":[{"@type":"SearchAction","target":{"@type":"EntryPoint","urlTemplate":"https:\/\/crees.org.do\/?s={search_term_string}"},"query-input":{"@type":"PropertyValueSpecification","valueRequired":true,"valueName":"search_term_string"}}],"inLanguage":"es"},{"@type":"Organization","@id":"https:\/\/crees.org.do\/#organization","name":"CREES | Centro Regional de Estrategias Econ\u00f3micas Sostenibles","url":"https:\/\/crees.org.do\/","logo":{"@type":"ImageObject","inLanguage":"es","@id":"https:\/\/crees.org.do\/#\/schema\/logo\/image\/","url":"https:\/\/crees.org.do\/wp-content\/uploads\/2022\/03\/crees-logo-1.jpg","contentUrl":"https:\/\/crees.org.do\/wp-content\/uploads\/2022\/03\/crees-logo-1.jpg","width":244,"height":71,"caption":"CREES | Centro Regional de Estrategias Econ\u00f3micas Sostenibles"},"image":{"@id":"https:\/\/crees.org.do\/#\/schema\/logo\/image\/"},"sameAs":["https:\/\/www.facebook.com\/CREESRD\/","https:\/\/x.com\/CREESRD"]},{"@type":"Person","@id":"https:\/\/crees.org.do\/#\/schema\/person\/e7f97cd94d7bf9cd0e0ce30acb7d56b8","name":"Crees","image":{"@type":"ImageObject","inLanguage":"es","@id":"https:\/\/crees.org.do\/#\/schema\/person\/image\/","url":"https:\/\/secure.gravatar.com\/avatar\/390ac8f0be5d9aa046152553e2dd7011b59a512d89c150f5e5f28bb8d9a0b165?s=96&d=mm&r=g","contentUrl":"https:\/\/secure.gravatar.com\/avatar\/390ac8f0be5d9aa046152553e2dd7011b59a512d89c150f5e5f28bb8d9a0b165?s=96&d=mm&r=g","caption":"Crees"},"url":"https:\/\/crees.org.do\/?author=2"}]}},"_links":{"self":[{"href":"https:\/\/crees.org.do\/index.php?rest_route=\/wp\/v2\/posts\/28200","targetHints":{"allow":["GET"]}}],"collection":[{"href":"https:\/\/crees.org.do\/index.php?rest_route=\/wp\/v2\/posts"}],"about":[{"href":"https:\/\/crees.org.do\/index.php?rest_route=\/wp\/v2\/types\/post"}],"author":[{"embeddable":true,"href":"https:\/\/crees.org.do\/index.php?rest_route=\/wp\/v2\/users\/2"}],"replies":[{"embeddable":true,"href":"https:\/\/crees.org.do\/index.php?rest_route=%2Fwp%2Fv2%2Fcomments&post=28200"}],"version-history":[{"count":1,"href":"https:\/\/crees.org.do\/index.php?rest_route=\/wp\/v2\/posts\/28200\/revisions"}],"predecessor-version":[{"id":28203,"href":"https:\/\/crees.org.do\/index.php?rest_route=\/wp\/v2\/posts\/28200\/revisions\/28203"}],"wp:featuredmedia":[{"embeddable":true,"href":"https:\/\/crees.org.do\/index.php?rest_route=\/wp\/v2\/media\/28204"}],"wp:attachment":[{"href":"https:\/\/crees.org.do\/index.php?rest_route=%2Fwp%2Fv2%2Fmedia&parent=28200"}],"wp:term":[{"taxonomy":"category","embeddable":true,"href":"https:\/\/crees.org.do\/index.php?rest_route=%2Fwp%2Fv2%2Fcategories&post=28200"},{"taxonomy":"post_tag","embeddable":true,"href":"https:\/\/crees.org.do\/index.php?rest_route=%2Fwp%2Fv2%2Ftags&post=28200"}],"curies":[{"name":"wp","href":"https:\/\/api.w.org\/{rel}","templated":true}]}}