{"id":28207,"date":"2025-05-29T14:48:47","date_gmt":"2025-05-29T14:48:47","guid":{"rendered":"https:\/\/crees.org.do\/?p=28207"},"modified":"2025-05-29T14:48:47","modified_gmt":"2025-05-29T14:48:47","slug":"el-largo-proceso-hacia-las-reformas-estructurales","status":"publish","type":"post","link":"https:\/\/crees.org.do\/?p=28207","title":{"rendered":"El largo proceso hacia las reformas estructurales"},"content":{"rendered":"<p style=\"text-align: justify;\">Autor: Miguel Collado Di Franco<\/p>\n<p style=\"text-align: justify;\">Fecha; 29 de mayo de 2025<\/p>\n<p><img fetchpriority=\"high\" decoding=\"async\" class=\"aligncenter wp-image-28208\" src=\"https:\/\/crees.org.do\/wp-content\/uploads\/2025\/05\/Untitled-copy-14-18-scaled.png\" alt=\"\" width=\"896\" height=\"538\" srcset=\"https:\/\/crees.org.do\/wp-content\/uploads\/2025\/05\/Untitled-copy-14-18-scaled.png 1200w, https:\/\/crees.org.do\/wp-content\/uploads\/2025\/05\/Untitled-copy-14-18-450x270.png 450w, https:\/\/crees.org.do\/wp-content\/uploads\/2025\/05\/Untitled-copy-14-18-2000x1200.png 2000w, https:\/\/crees.org.do\/wp-content\/uploads\/2025\/05\/Untitled-copy-14-18-768x461.png 768w, https:\/\/crees.org.do\/wp-content\/uploads\/2025\/05\/Untitled-copy-14-18-1536x922.png 1536w, https:\/\/crees.org.do\/wp-content\/uploads\/2025\/05\/Untitled-copy-14-18-2048x1229.png 2048w\" sizes=\"(max-width: 896px) 100vw, 896px\" \/><\/p>\n<h2 style=\"text-align: justify;\">El largo proceso hacia las reformas estructurales<\/h2>\n<p style=\"text-align: justify;\">Rep\u00fablica Dominicana pierde tiempo. Las reformas estructurales para transformar la econom\u00eda se estudian, se postergan y no se materializan. El \u00faltimo conjunto de reformas tuvo su origen con una crisis. Por un conjunto de malas pol\u00edticas, la econom\u00eda manifest\u00f3 s\u00edntomas cr\u00f3nicos y agudos; entonces, fue imperativo tomar acciones. En 1990 surgi\u00f3 el Pacto de Solidaridad Econ\u00f3mica. Se adoptaron pol\u00edticas para salir de la crisis; y otras, para mejorar el clima de inversiones y aumentar la productividad.<\/p>\n<p style=\"text-align: justify;\">Cuando mencionamos reformas lo hacemos en referencia a medidas que permitan a las personas, por medio de la innovaci\u00f3n y el trabajo, lograr avances en su bienestar. \u00bfDe qu\u00e9 manera? Produciendo bienes y servicios que satisfagan los deseos de los miembros de la sociedad. Eso es crecer econ\u00f3micamente. Como resultado de las reformas de los a\u00f1os 1990, tuvimos crecimiento econ\u00f3mico, no porque se midiera por el PIB, sino porque el aumento del bienestar era notable. Bienestar real, no del creado a partir de transferencias o subsidios.<\/p>\n<p style=\"text-align: justify;\">Crecimos, en el buen t\u00e9rmino econ\u00f3mico, a base de emprendimientos operando en un mejor ambiente de negocios. Que es la forma como &#8220;se sale&#8221; de lo que algunos denominan &#8220;trampa de ingresos medios&#8221;.<\/p>\n<p style=\"text-align: justify;\">En aquella \u00e9poca las autoridades reconocieron que era necesario interferir menos en la econom\u00eda. As\u00ed como cuando Alejandro Magno se apart\u00f3 y permiti\u00f3 a Di\u00f3genes de Sinope tomar el sol, las autoridades comprendieron que, ech\u00e1ndose a un lado, aumentan los emprendimientos.<\/p>\n<p style=\"text-align: justify;\">En aquellos a\u00f1os se abri\u00f3 la econom\u00eda, se facilitaron las inversiones locales y extranjeras. Aument\u00f3 la innovaci\u00f3n, que es un proceso espont\u00e1neo, que no se planifica, que no surge de comit\u00e9s, de mesas de trabajo o de despachos de funcionarios. En adici\u00f3n, las finanzas p\u00fablicas fueron manejadas de manera m\u00e1s prudente. Como resultado de todo el proceso de transformaciones, los indicadores econ\u00f3micos y sociales mejoraron.<\/p>\n<p style=\"text-align: justify;\">En lo que va de siglo, el pa\u00eds ha sido estudiado y planificado. Sin embargo, no se han realizado reformas para profundizar las de los a\u00f1os 1990 y mejorar el ambiente de negocios para alcanzar aumentos de productividad.<\/p>\n<p style=\"text-align: justify;\">En 2021 inici\u00f3 el Di\u00e1logo por las Reformas en el Consejo Econ\u00f3mico y Social (CES), con Espacios Institucionales y Mesas Tem\u00e1ticas. En 2024 fue anunciada la Meta RD 2036, y recientemente iniciaron los Gabinetes Presidenciales y Comit\u00e9s Sectoriales relacionados con ese nuevo plan. De lo anterior se desprende que el pa\u00eds tiene un proceso de reformas que pronto cumplir\u00e1 cinco a\u00f1os de iniciado; y reci\u00e9n inicia otro, sin reformas a la vista.<\/p>\n<p style=\"text-align: justify;\">La tabla muestra planes y estrategias para la econom\u00eda dominicana. El resumen no es exhaustivo. Pero s\u00ed deja claro que se crean comisiones, se contratan consultores, se elaboran documentos, pero no se avanza con acciones.<\/p>\n<p style=\"text-align: justify;\">\u00bfPasar\u00e1 lo mismo con Meta 2036? Al parecer la escritura est\u00e1 en la pared; y en la historia dominicana. \u00bfDesperdiciamos una oportunidad de oro para hacer transformaciones? El tiempo corre y las reformas, las verdaderas, las que permiten crear riqueza, no se alcanzan a ver.<\/p>\n<div class=\"pvc_clear\"><\/div>\n<p class=\"pvc_stats all \" data-element-id=\"28207\" style=\"\"><i class=\"pvc-stats-icon medium\" aria-hidden=\"true\"><svg aria-hidden=\"true\" focusable=\"false\" data-prefix=\"far\" data-icon=\"chart-bar\" role=\"img\" xmlns=\"http:\/\/www.w3.org\/2000\/svg\" viewBox=\"0 0 512 512\" class=\"svg-inline--fa fa-chart-bar fa-w-16 fa-2x\"><path fill=\"currentColor\" d=\"M396.8 352h22.4c6.4 0 12.8-6.4 12.8-12.8V108.8c0-6.4-6.4-12.8-12.8-12.8h-22.4c-6.4 0-12.8 6.4-12.8 12.8v230.4c0 6.4 6.4 12.8 12.8 12.8zm-192 0h22.4c6.4 0 12.8-6.4 12.8-12.8V140.8c0-6.4-6.4-12.8-12.8-12.8h-22.4c-6.4 0-12.8 6.4-12.8 12.8v198.4c0 6.4 6.4 12.8 12.8 12.8zm96 0h22.4c6.4 0 12.8-6.4 12.8-12.8V204.8c0-6.4-6.4-12.8-12.8-12.8h-22.4c-6.4 0-12.8 6.4-12.8 12.8v134.4c0 6.4 6.4 12.8 12.8 12.8zM496 400H48V80c0-8.84-7.16-16-16-16H16C7.16 64 0 71.16 0 80v336c0 17.67 14.33 32 32 32h464c8.84 0 16-7.16 16-16v-16c0-8.84-7.16-16-16-16zm-387.2-48h22.4c6.4 0 12.8-6.4 12.8-12.8v-70.4c0-6.4-6.4-12.8-12.8-12.8h-22.4c-6.4 0-12.8 6.4-12.8 12.8v70.4c0 6.4 6.4 12.8 12.8 12.8z\" class=\"\"><\/path><\/svg><\/i> Vistas Totales&nbsp;1,570&nbsp;<\/p>\n<div class=\"pvc_clear\"><\/div>\n","protected":false},"excerpt":{"rendered":"<p>Autor: Miguel Collado Di Franco Fecha; 29 de mayo de 2025 El largo proceso hacia las reformas estructurales Rep\u00fablica Dominicana pierde tiempo. Las reformas estructurales para transformar la econom\u00eda se estudian, se postergan y no se materializan. El \u00faltimo conjunto de reformas tuvo su origen con una crisis. Por un conjunto de malas pol\u00edticas, la&#8230;<\/p>\n<div class=\"pvc_clear\"><\/div>\n<p class=\"pvc_stats all \" data-element-id=\"28207\" style=\"\"><i class=\"pvc-stats-icon medium\" aria-hidden=\"true\"><svg aria-hidden=\"true\" focusable=\"false\" data-prefix=\"far\" data-icon=\"chart-bar\" role=\"img\" xmlns=\"http:\/\/www.w3.org\/2000\/svg\" viewBox=\"0 0 512 512\" class=\"svg-inline--fa fa-chart-bar fa-w-16 fa-2x\"><path fill=\"currentColor\" d=\"M396.8 352h22.4c6.4 0 12.8-6.4 12.8-12.8V108.8c0-6.4-6.4-12.8-12.8-12.8h-22.4c-6.4 0-12.8 6.4-12.8 12.8v230.4c0 6.4 6.4 12.8 12.8 12.8zm-192 0h22.4c6.4 0 12.8-6.4 12.8-12.8V140.8c0-6.4-6.4-12.8-12.8-12.8h-22.4c-6.4 0-12.8 6.4-12.8 12.8v198.4c0 6.4 6.4 12.8 12.8 12.8zm96 0h22.4c6.4 0 12.8-6.4 12.8-12.8V204.8c0-6.4-6.4-12.8-12.8-12.8h-22.4c-6.4 0-12.8 6.4-12.8 12.8v134.4c0 6.4 6.4 12.8 12.8 12.8zM496 400H48V80c0-8.84-7.16-16-16-16H16C7.16 64 0 71.16 0 80v336c0 17.67 14.33 32 32 32h464c8.84 0 16-7.16 16-16v-16c0-8.84-7.16-16-16-16zm-387.2-48h22.4c6.4 0 12.8-6.4 12.8-12.8v-70.4c0-6.4-6.4-12.8-12.8-12.8h-22.4c-6.4 0-12.8 6.4-12.8 12.8v70.4c0 6.4 6.4 12.8 12.8 12.8z\" class=\"\"><\/path><\/svg><\/i> Vistas Totales&nbsp;1,570&nbsp;<\/p>\n<div class=\"pvc_clear\"><\/div>\n","protected":false},"author":2,"featured_media":28208,"comment_status":"closed","ping_status":"closed","sticky":false,"template":"","format":"standard","meta":{"footnotes":""},"categories":[22],"tags":[],"class_list":["post-28207","post","type-post","status-publish","format-standard","has-post-thumbnail","hentry","category-articulos"],"yoast_head":"<!-- This site is optimized with the Yoast SEO plugin v25.2 - https:\/\/yoast.com\/wordpress\/plugins\/seo\/ -->\n<title>El largo proceso hacia las reformas estructurales | CREES<\/title>\n<meta name=\"robots\" content=\"index, follow, max-snippet:-1, max-image-preview:large, max-video-preview:-1\" \/>\n<link rel=\"canonical\" href=\"https:\/\/crees.org.do\/?p=28207\" \/>\n<meta property=\"og:locale\" content=\"es_ES\" \/>\n<meta property=\"og:type\" content=\"article\" \/>\n<meta property=\"og:title\" content=\"El largo proceso hacia las reformas estructurales | CREES\" \/>\n<meta property=\"og:description\" content=\"Autor: Miguel Collado Di Franco Fecha; 29 de mayo de 2025 El largo proceso hacia las reformas estructurales Rep\u00fablica Dominicana pierde tiempo. Las reformas estructurales para transformar la econom\u00eda se estudian, se postergan y no se materializan. El \u00faltimo conjunto de reformas tuvo su origen con una crisis. Por un conjunto de malas pol\u00edticas, la...\" \/>\n<meta property=\"og:url\" content=\"https:\/\/crees.org.do\/?p=28207\" \/>\n<meta property=\"og:site_name\" content=\"CREES\" \/>\n<meta property=\"article:publisher\" content=\"https:\/\/www.facebook.com\/CREESRD\/\" \/>\n<meta property=\"article:published_time\" content=\"2025-05-29T14:48:47+00:00\" \/>\n<meta property=\"og:image\" content=\"https:\/\/crees.org.do\/wp-content\/uploads\/2025\/05\/Untitled-copy-14-18-scaled.png\" \/>\n\t<meta property=\"og:image:width\" content=\"1200\" \/>\n\t<meta property=\"og:image:height\" content=\"720\" \/>\n\t<meta property=\"og:image:type\" content=\"image\/png\" \/>\n<meta name=\"author\" content=\"Crees\" \/>\n<meta name=\"twitter:card\" content=\"summary_large_image\" \/>\n<meta name=\"twitter:creator\" content=\"@CREESRD\" \/>\n<meta name=\"twitter:site\" content=\"@CREESRD\" \/>\n<meta name=\"twitter:label1\" content=\"Escrito por\" \/>\n\t<meta name=\"twitter:data1\" content=\"Crees\" \/>\n\t<meta name=\"twitter:label2\" content=\"Tiempo de lectura\" \/>\n\t<meta name=\"twitter:data2\" content=\"3 minutos\" \/>\n<script type=\"application\/ld+json\" class=\"yoast-schema-graph\">{\"@context\":\"https:\/\/schema.org\",\"@graph\":[{\"@type\":\"Article\",\"@id\":\"https:\/\/crees.org.do\/?p=28207#article\",\"isPartOf\":{\"@id\":\"https:\/\/crees.org.do\/?p=28207\"},\"author\":{\"name\":\"Crees\",\"@id\":\"https:\/\/crees.org.do\/#\/schema\/person\/e7f97cd94d7bf9cd0e0ce30acb7d56b8\"},\"headline\":\"El largo proceso hacia las reformas estructurales\",\"datePublished\":\"2025-05-29T14:48:47+00:00\",\"mainEntityOfPage\":{\"@id\":\"https:\/\/crees.org.do\/?p=28207\"},\"wordCount\":543,\"publisher\":{\"@id\":\"https:\/\/crees.org.do\/#organization\"},\"image\":{\"@id\":\"https:\/\/crees.org.do\/?p=28207#primaryimage\"},\"thumbnailUrl\":\"https:\/\/crees.org.do\/wp-content\/uploads\/2025\/05\/Untitled-copy-14-18-scaled.png\",\"articleSection\":[\"Art\u00edculos\"],\"inLanguage\":\"es\"},{\"@type\":\"WebPage\",\"@id\":\"https:\/\/crees.org.do\/?p=28207\",\"url\":\"https:\/\/crees.org.do\/?p=28207\",\"name\":\"El largo proceso hacia las reformas estructurales | CREES\",\"isPartOf\":{\"@id\":\"https:\/\/crees.org.do\/#website\"},\"primaryImageOfPage\":{\"@id\":\"https:\/\/crees.org.do\/?p=28207#primaryimage\"},\"image\":{\"@id\":\"https:\/\/crees.org.do\/?p=28207#primaryimage\"},\"thumbnailUrl\":\"https:\/\/crees.org.do\/wp-content\/uploads\/2025\/05\/Untitled-copy-14-18-scaled.png\",\"datePublished\":\"2025-05-29T14:48:47+00:00\",\"breadcrumb\":{\"@id\":\"https:\/\/crees.org.do\/?p=28207#breadcrumb\"},\"inLanguage\":\"es\",\"potentialAction\":[{\"@type\":\"ReadAction\",\"target\":[\"https:\/\/crees.org.do\/?p=28207\"]}]},{\"@type\":\"ImageObject\",\"inLanguage\":\"es\",\"@id\":\"https:\/\/crees.org.do\/?p=28207#primaryimage\",\"url\":\"https:\/\/crees.org.do\/wp-content\/uploads\/2025\/05\/Untitled-copy-14-18-scaled.png\",\"contentUrl\":\"https:\/\/crees.org.do\/wp-content\/uploads\/2025\/05\/Untitled-copy-14-18-scaled.png\",\"width\":1200,\"height\":720},{\"@type\":\"BreadcrumbList\",\"@id\":\"https:\/\/crees.org.do\/?p=28207#breadcrumb\",\"itemListElement\":[{\"@type\":\"ListItem\",\"position\":1,\"name\":\"Portada\",\"item\":\"https:\/\/crees.org.do\/\"},{\"@type\":\"ListItem\",\"position\":2,\"name\":\"El largo proceso hacia las reformas estructurales\"}]},{\"@type\":\"WebSite\",\"@id\":\"https:\/\/crees.org.do\/#website\",\"url\":\"https:\/\/crees.org.do\/\",\"name\":\"CREES\",\"description\":\"Centro Regional de Estrategias Econ\u00f3micas Sostenibles\",\"publisher\":{\"@id\":\"https:\/\/crees.org.do\/#organization\"},\"potentialAction\":[{\"@type\":\"SearchAction\",\"target\":{\"@type\":\"EntryPoint\",\"urlTemplate\":\"https:\/\/crees.org.do\/?s={search_term_string}\"},\"query-input\":{\"@type\":\"PropertyValueSpecification\",\"valueRequired\":true,\"valueName\":\"search_term_string\"}}],\"inLanguage\":\"es\"},{\"@type\":\"Organization\",\"@id\":\"https:\/\/crees.org.do\/#organization\",\"name\":\"CREES | Centro Regional de Estrategias Econ\u00f3micas Sostenibles\",\"url\":\"https:\/\/crees.org.do\/\",\"logo\":{\"@type\":\"ImageObject\",\"inLanguage\":\"es\",\"@id\":\"https:\/\/crees.org.do\/#\/schema\/logo\/image\/\",\"url\":\"https:\/\/crees.org.do\/wp-content\/uploads\/2022\/03\/crees-logo-1.jpg\",\"contentUrl\":\"https:\/\/crees.org.do\/wp-content\/uploads\/2022\/03\/crees-logo-1.jpg\",\"width\":244,\"height\":71,\"caption\":\"CREES | Centro Regional de Estrategias Econ\u00f3micas Sostenibles\"},\"image\":{\"@id\":\"https:\/\/crees.org.do\/#\/schema\/logo\/image\/\"},\"sameAs\":[\"https:\/\/www.facebook.com\/CREESRD\/\",\"https:\/\/x.com\/CREESRD\"]},{\"@type\":\"Person\",\"@id\":\"https:\/\/crees.org.do\/#\/schema\/person\/e7f97cd94d7bf9cd0e0ce30acb7d56b8\",\"name\":\"Crees\",\"image\":{\"@type\":\"ImageObject\",\"inLanguage\":\"es\",\"@id\":\"https:\/\/crees.org.do\/#\/schema\/person\/image\/\",\"url\":\"https:\/\/secure.gravatar.com\/avatar\/390ac8f0be5d9aa046152553e2dd7011b59a512d89c150f5e5f28bb8d9a0b165?s=96&d=mm&r=g\",\"contentUrl\":\"https:\/\/secure.gravatar.com\/avatar\/390ac8f0be5d9aa046152553e2dd7011b59a512d89c150f5e5f28bb8d9a0b165?s=96&d=mm&r=g\",\"caption\":\"Crees\"},\"url\":\"https:\/\/crees.org.do\/?author=2\"}]}<\/script>\n<!-- \/ Yoast SEO plugin. -->","yoast_head_json":{"title":"El largo proceso hacia las reformas estructurales | CREES","robots":{"index":"index","follow":"follow","max-snippet":"max-snippet:-1","max-image-preview":"max-image-preview:large","max-video-preview":"max-video-preview:-1"},"canonical":"https:\/\/crees.org.do\/?p=28207","og_locale":"es_ES","og_type":"article","og_title":"El largo proceso hacia las reformas estructurales | CREES","og_description":"Autor: Miguel Collado Di Franco Fecha; 29 de mayo de 2025 El largo proceso hacia las reformas estructurales Rep\u00fablica Dominicana pierde tiempo. Las reformas estructurales para transformar la econom\u00eda se estudian, se postergan y no se materializan. El \u00faltimo conjunto de reformas tuvo su origen con una crisis. Por un conjunto de malas pol\u00edticas, la...","og_url":"https:\/\/crees.org.do\/?p=28207","og_site_name":"CREES","article_publisher":"https:\/\/www.facebook.com\/CREESRD\/","article_published_time":"2025-05-29T14:48:47+00:00","og_image":[{"width":1200,"height":720,"url":"https:\/\/crees.org.do\/wp-content\/uploads\/2025\/05\/Untitled-copy-14-18-scaled.png","type":"image\/png"}],"author":"Crees","twitter_card":"summary_large_image","twitter_creator":"@CREESRD","twitter_site":"@CREESRD","twitter_misc":{"Escrito por":"Crees","Tiempo de lectura":"3 minutos"},"schema":{"@context":"https:\/\/schema.org","@graph":[{"@type":"Article","@id":"https:\/\/crees.org.do\/?p=28207#article","isPartOf":{"@id":"https:\/\/crees.org.do\/?p=28207"},"author":{"name":"Crees","@id":"https:\/\/crees.org.do\/#\/schema\/person\/e7f97cd94d7bf9cd0e0ce30acb7d56b8"},"headline":"El largo proceso hacia las reformas estructurales","datePublished":"2025-05-29T14:48:47+00:00","mainEntityOfPage":{"@id":"https:\/\/crees.org.do\/?p=28207"},"wordCount":543,"publisher":{"@id":"https:\/\/crees.org.do\/#organization"},"image":{"@id":"https:\/\/crees.org.do\/?p=28207#primaryimage"},"thumbnailUrl":"https:\/\/crees.org.do\/wp-content\/uploads\/2025\/05\/Untitled-copy-14-18-scaled.png","articleSection":["Art\u00edculos"],"inLanguage":"es"},{"@type":"WebPage","@id":"https:\/\/crees.org.do\/?p=28207","url":"https:\/\/crees.org.do\/?p=28207","name":"El largo proceso hacia las reformas estructurales | CREES","isPartOf":{"@id":"https:\/\/crees.org.do\/#website"},"primaryImageOfPage":{"@id":"https:\/\/crees.org.do\/?p=28207#primaryimage"},"image":{"@id":"https:\/\/crees.org.do\/?p=28207#primaryimage"},"thumbnailUrl":"https:\/\/crees.org.do\/wp-content\/uploads\/2025\/05\/Untitled-copy-14-18-scaled.png","datePublished":"2025-05-29T14:48:47+00:00","breadcrumb":{"@id":"https:\/\/crees.org.do\/?p=28207#breadcrumb"},"inLanguage":"es","potentialAction":[{"@type":"ReadAction","target":["https:\/\/crees.org.do\/?p=28207"]}]},{"@type":"ImageObject","inLanguage":"es","@id":"https:\/\/crees.org.do\/?p=28207#primaryimage","url":"https:\/\/crees.org.do\/wp-content\/uploads\/2025\/05\/Untitled-copy-14-18-scaled.png","contentUrl":"https:\/\/crees.org.do\/wp-content\/uploads\/2025\/05\/Untitled-copy-14-18-scaled.png","width":1200,"height":720},{"@type":"BreadcrumbList","@id":"https:\/\/crees.org.do\/?p=28207#breadcrumb","itemListElement":[{"@type":"ListItem","position":1,"name":"Portada","item":"https:\/\/crees.org.do\/"},{"@type":"ListItem","position":2,"name":"El largo proceso hacia las reformas estructurales"}]},{"@type":"WebSite","@id":"https:\/\/crees.org.do\/#website","url":"https:\/\/crees.org.do\/","name":"CREES","description":"Centro Regional de Estrategias Econ\u00f3micas Sostenibles","publisher":{"@id":"https:\/\/crees.org.do\/#organization"},"potentialAction":[{"@type":"SearchAction","target":{"@type":"EntryPoint","urlTemplate":"https:\/\/crees.org.do\/?s={search_term_string}"},"query-input":{"@type":"PropertyValueSpecification","valueRequired":true,"valueName":"search_term_string"}}],"inLanguage":"es"},{"@type":"Organization","@id":"https:\/\/crees.org.do\/#organization","name":"CREES | Centro Regional de Estrategias Econ\u00f3micas Sostenibles","url":"https:\/\/crees.org.do\/","logo":{"@type":"ImageObject","inLanguage":"es","@id":"https:\/\/crees.org.do\/#\/schema\/logo\/image\/","url":"https:\/\/crees.org.do\/wp-content\/uploads\/2022\/03\/crees-logo-1.jpg","contentUrl":"https:\/\/crees.org.do\/wp-content\/uploads\/2022\/03\/crees-logo-1.jpg","width":244,"height":71,"caption":"CREES | Centro Regional de Estrategias Econ\u00f3micas Sostenibles"},"image":{"@id":"https:\/\/crees.org.do\/#\/schema\/logo\/image\/"},"sameAs":["https:\/\/www.facebook.com\/CREESRD\/","https:\/\/x.com\/CREESRD"]},{"@type":"Person","@id":"https:\/\/crees.org.do\/#\/schema\/person\/e7f97cd94d7bf9cd0e0ce30acb7d56b8","name":"Crees","image":{"@type":"ImageObject","inLanguage":"es","@id":"https:\/\/crees.org.do\/#\/schema\/person\/image\/","url":"https:\/\/secure.gravatar.com\/avatar\/390ac8f0be5d9aa046152553e2dd7011b59a512d89c150f5e5f28bb8d9a0b165?s=96&d=mm&r=g","contentUrl":"https:\/\/secure.gravatar.com\/avatar\/390ac8f0be5d9aa046152553e2dd7011b59a512d89c150f5e5f28bb8d9a0b165?s=96&d=mm&r=g","caption":"Crees"},"url":"https:\/\/crees.org.do\/?author=2"}]}},"_links":{"self":[{"href":"https:\/\/crees.org.do\/index.php?rest_route=\/wp\/v2\/posts\/28207","targetHints":{"allow":["GET"]}}],"collection":[{"href":"https:\/\/crees.org.do\/index.php?rest_route=\/wp\/v2\/posts"}],"about":[{"href":"https:\/\/crees.org.do\/index.php?rest_route=\/wp\/v2\/types\/post"}],"author":[{"embeddable":true,"href":"https:\/\/crees.org.do\/index.php?rest_route=\/wp\/v2\/users\/2"}],"replies":[{"embeddable":true,"href":"https:\/\/crees.org.do\/index.php?rest_route=%2Fwp%2Fv2%2Fcomments&post=28207"}],"version-history":[{"count":1,"href":"https:\/\/crees.org.do\/index.php?rest_route=\/wp\/v2\/posts\/28207\/revisions"}],"predecessor-version":[{"id":28209,"href":"https:\/\/crees.org.do\/index.php?rest_route=\/wp\/v2\/posts\/28207\/revisions\/28209"}],"wp:featuredmedia":[{"embeddable":true,"href":"https:\/\/crees.org.do\/index.php?rest_route=\/wp\/v2\/media\/28208"}],"wp:attachment":[{"href":"https:\/\/crees.org.do\/index.php?rest_route=%2Fwp%2Fv2%2Fmedia&parent=28207"}],"wp:term":[{"taxonomy":"category","embeddable":true,"href":"https:\/\/crees.org.do\/index.php?rest_route=%2Fwp%2Fv2%2Fcategories&post=28207"},{"taxonomy":"post_tag","embeddable":true,"href":"https:\/\/crees.org.do\/index.php?rest_route=%2Fwp%2Fv2%2Ftags&post=28207"}],"curies":[{"name":"wp","href":"https:\/\/api.w.org\/{rel}","templated":true}]}}