{"id":28245,"date":"2025-05-30T16:45:35","date_gmt":"2025-05-30T16:45:35","guid":{"rendered":"https:\/\/crees.org.do\/?p=28245"},"modified":"2025-05-30T16:45:35","modified_gmt":"2025-05-30T16:45:35","slug":"las-importaciones-nacionales-aumentaron-1-5-en-enero-abril-de-2025","status":"publish","type":"post","link":"https:\/\/crees.org.do\/?p=28245","title":{"rendered":"Las importaciones nacionales aumentaron\u00a01.5%, en enero-abril de 2025"},"content":{"rendered":"<h2><img fetchpriority=\"high\" decoding=\"async\" class=\"aligncenter wp-image-28246\" style=\"font-size: 16px;\" src=\"https:\/\/crees.org.do\/wp-content\/uploads\/2025\/05\/Importaciones-nacionales-scaled.png\" alt=\"\" width=\"869\" height=\"869\" srcset=\"https:\/\/crees.org.do\/wp-content\/uploads\/2025\/05\/Importaciones-nacionales-scaled.png 1200w, https:\/\/crees.org.do\/wp-content\/uploads\/2025\/05\/Importaciones-nacionales-450x450.png 450w, https:\/\/crees.org.do\/wp-content\/uploads\/2025\/05\/Importaciones-nacionales-2000x2000.png 2000w, https:\/\/crees.org.do\/wp-content\/uploads\/2025\/05\/Importaciones-nacionales-150x150.png 150w, https:\/\/crees.org.do\/wp-content\/uploads\/2025\/05\/Importaciones-nacionales-768x768.png 768w, https:\/\/crees.org.do\/wp-content\/uploads\/2025\/05\/Importaciones-nacionales-500x500.png 500w, https:\/\/crees.org.do\/wp-content\/uploads\/2025\/05\/Importaciones-nacionales-1536x1536.png 1536w, https:\/\/crees.org.do\/wp-content\/uploads\/2025\/05\/Importaciones-nacionales-2048x2048.png 2048w\" sizes=\"(max-width: 869px) 100vw, 869px\" \/><span style=\"font-size: 16px;\">Las importaciones nacionales aumentaron\u00a01.5%, en enero-abril de 2025<\/span><\/h2>\n<p style=\"text-align: justify;\">En el per\u00edodo enero-abril de 2025, las importaciones nacionales totalizaron US$7,907.7 millones, registrando un crecimiento del 1.5% respecto a los US$7,788.1 millones del mismo per\u00edodo de 2024.<\/p>\n<p style=\"text-align: justify;\">Este aumento responde principalmente al comportamiento de las importaciones no petroleras, que crecieron 3.15%, pasando de US$6,069.5 millones a US$6,260.4 millones, mientras que las importaciones de bienes petroleros disminuyeron 4.15%, al caer de US$1,718.6 millones a US$1,647.3 millones. En consecuencia, los bienes no petroleros representaron el 79.17% del total importado, mientras que los petroleros constituyeron el 20.83%.<\/p>\n<p style=\"text-align: justify;\">Por destino econ\u00f3mico, el 49.68\u202f% del total importado correspondi\u00f3 a bienes de consumo, con un valor de US$3,928.2 millones. Le siguieron las materias primas con US$2,740.5 millones (34.66%) y los bienes de capital con US$1,238.9 millones (15.67%). Los dos primeros segmentos registraron crecimientos de 4.52% y 3.90%, respectivamente, mientras que los bienes de capital mostraron una contracci\u00f3n de 11.01% respecto al a\u00f1o anterior.<\/p>\n<p style=\"text-align: justify;\">En cuanto a la clasificaci\u00f3n arancelaria, los principales cap\u00edtulos importados fueron los combustibles minerales, aceites y minerales, que representaron el 20.83% del total. Le siguieron los veh\u00edculos autom\u00f3viles y tractores con un 10.00%, las m\u00e1quinas y aparatos mec\u00e1nicos con 8.21%, y las m\u00e1quinas y aparatos el\u00e9ctricos con 6.43%.<\/p>\n<p style=\"text-align: justify;\">Por origen geogr\u00e1fico, Estados Unidos contin\u00faa como el principal proveedor de bienes importados, con una participaci\u00f3n del 36.29%, seguido por China con un 18.22%. En conjunto, estos dos pa\u00edses representaron el 54.50\u202f% del total importado, reflejando una alta concentraci\u00f3n comercial. Les siguen en importancia pa\u00edses como Espa\u00f1a (4.34%), M\u00e9xico (3.97%) y Brasil (3.01%).<\/p>\n<div class=\"pvc_clear\"><\/div>\n<p class=\"pvc_stats all \" data-element-id=\"28245\" style=\"\"><i class=\"pvc-stats-icon medium\" aria-hidden=\"true\"><svg aria-hidden=\"true\" focusable=\"false\" data-prefix=\"far\" data-icon=\"chart-bar\" role=\"img\" xmlns=\"http:\/\/www.w3.org\/2000\/svg\" viewBox=\"0 0 512 512\" class=\"svg-inline--fa fa-chart-bar fa-w-16 fa-2x\"><path fill=\"currentColor\" d=\"M396.8 352h22.4c6.4 0 12.8-6.4 12.8-12.8V108.8c0-6.4-6.4-12.8-12.8-12.8h-22.4c-6.4 0-12.8 6.4-12.8 12.8v230.4c0 6.4 6.4 12.8 12.8 12.8zm-192 0h22.4c6.4 0 12.8-6.4 12.8-12.8V140.8c0-6.4-6.4-12.8-12.8-12.8h-22.4c-6.4 0-12.8 6.4-12.8 12.8v198.4c0 6.4 6.4 12.8 12.8 12.8zm96 0h22.4c6.4 0 12.8-6.4 12.8-12.8V204.8c0-6.4-6.4-12.8-12.8-12.8h-22.4c-6.4 0-12.8 6.4-12.8 12.8v134.4c0 6.4 6.4 12.8 12.8 12.8zM496 400H48V80c0-8.84-7.16-16-16-16H16C7.16 64 0 71.16 0 80v336c0 17.67 14.33 32 32 32h464c8.84 0 16-7.16 16-16v-16c0-8.84-7.16-16-16-16zm-387.2-48h22.4c6.4 0 12.8-6.4 12.8-12.8v-70.4c0-6.4-6.4-12.8-12.8-12.8h-22.4c-6.4 0-12.8 6.4-12.8 12.8v70.4c0 6.4 6.4 12.8 12.8 12.8z\" class=\"\"><\/path><\/svg><\/i> Vistas Totales&nbsp;1,291&nbsp;, Vistas Hoy&nbsp;4&nbsp;<\/p>\n<div class=\"pvc_clear\"><\/div>\n","protected":false},"excerpt":{"rendered":"<p>Las importaciones nacionales aumentaron\u00a01.5%, en enero-abril de 2025 En el per\u00edodo enero-abril de 2025, las importaciones nacionales totalizaron US$7,907.7 millones, registrando un crecimiento del 1.5% respecto a los US$7,788.1 millones del mismo per\u00edodo de 2024. Este aumento responde principalmente al comportamiento de las importaciones no petroleras, que crecieron 3.15%, pasando de US$6,069.5 millones a US$6,260.4&#8230;<\/p>\n<div class=\"pvc_clear\"><\/div>\n<p class=\"pvc_stats all \" data-element-id=\"28245\" style=\"\"><i class=\"pvc-stats-icon medium\" aria-hidden=\"true\"><svg aria-hidden=\"true\" focusable=\"false\" data-prefix=\"far\" data-icon=\"chart-bar\" role=\"img\" xmlns=\"http:\/\/www.w3.org\/2000\/svg\" viewBox=\"0 0 512 512\" class=\"svg-inline--fa fa-chart-bar fa-w-16 fa-2x\"><path fill=\"currentColor\" d=\"M396.8 352h22.4c6.4 0 12.8-6.4 12.8-12.8V108.8c0-6.4-6.4-12.8-12.8-12.8h-22.4c-6.4 0-12.8 6.4-12.8 12.8v230.4c0 6.4 6.4 12.8 12.8 12.8zm-192 0h22.4c6.4 0 12.8-6.4 12.8-12.8V140.8c0-6.4-6.4-12.8-12.8-12.8h-22.4c-6.4 0-12.8 6.4-12.8 12.8v198.4c0 6.4 6.4 12.8 12.8 12.8zm96 0h22.4c6.4 0 12.8-6.4 12.8-12.8V204.8c0-6.4-6.4-12.8-12.8-12.8h-22.4c-6.4 0-12.8 6.4-12.8 12.8v134.4c0 6.4 6.4 12.8 12.8 12.8zM496 400H48V80c0-8.84-7.16-16-16-16H16C7.16 64 0 71.16 0 80v336c0 17.67 14.33 32 32 32h464c8.84 0 16-7.16 16-16v-16c0-8.84-7.16-16-16-16zm-387.2-48h22.4c6.4 0 12.8-6.4 12.8-12.8v-70.4c0-6.4-6.4-12.8-12.8-12.8h-22.4c-6.4 0-12.8 6.4-12.8 12.8v70.4c0 6.4 6.4 12.8 12.8 12.8z\" class=\"\"><\/path><\/svg><\/i> Vistas Totales&nbsp;1,291&nbsp;, Vistas Hoy&nbsp;4&nbsp;<\/p>\n<div class=\"pvc_clear\"><\/div>\n","protected":false},"author":2,"featured_media":28246,"comment_status":"closed","ping_status":"closed","sticky":false,"template":"","format":"standard","meta":{"footnotes":""},"categories":[21],"tags":[],"class_list":["post-28245","post","type-post","status-publish","format-standard","has-post-thumbnail","hentry","category-blog"],"yoast_head":"<!-- This site is optimized with the Yoast SEO plugin v25.2 - https:\/\/yoast.com\/wordpress\/plugins\/seo\/ -->\n<title>Las importaciones nacionales aumentaron\u00a01.5%, en enero-abril de 2025 | CREES<\/title>\n<meta name=\"robots\" content=\"index, follow, max-snippet:-1, max-image-preview:large, max-video-preview:-1\" \/>\n<link rel=\"canonical\" href=\"https:\/\/crees.org.do\/?p=28245\" \/>\n<meta property=\"og:locale\" content=\"es_ES\" \/>\n<meta property=\"og:type\" content=\"article\" \/>\n<meta property=\"og:title\" content=\"Las importaciones nacionales aumentaron\u00a01.5%, en enero-abril de 2025 | CREES\" \/>\n<meta property=\"og:description\" content=\"Las importaciones nacionales aumentaron\u00a01.5%, en enero-abril de 2025 En el per\u00edodo enero-abril de 2025, las importaciones nacionales totalizaron US$7,907.7 millones, registrando un crecimiento del 1.5% respecto a los US$7,788.1 millones del mismo per\u00edodo de 2024. Este aumento responde principalmente al comportamiento de las importaciones no petroleras, que crecieron 3.15%, pasando de US$6,069.5 millones a US$6,260.4...\" \/>\n<meta property=\"og:url\" content=\"https:\/\/crees.org.do\/?p=28245\" \/>\n<meta property=\"og:site_name\" content=\"CREES\" \/>\n<meta property=\"article:publisher\" content=\"https:\/\/www.facebook.com\/CREESRD\/\" \/>\n<meta property=\"article:published_time\" content=\"2025-05-30T16:45:35+00:00\" \/>\n<meta property=\"og:image\" content=\"https:\/\/crees.org.do\/wp-content\/uploads\/2025\/05\/Importaciones-nacionales-scaled.png\" \/>\n\t<meta property=\"og:image:width\" content=\"1200\" \/>\n\t<meta property=\"og:image:height\" content=\"1200\" \/>\n\t<meta property=\"og:image:type\" content=\"image\/png\" \/>\n<meta name=\"author\" content=\"Crees\" \/>\n<meta name=\"twitter:card\" content=\"summary_large_image\" \/>\n<meta name=\"twitter:creator\" content=\"@CREESRD\" \/>\n<meta name=\"twitter:site\" content=\"@CREESRD\" \/>\n<meta name=\"twitter:label1\" content=\"Escrito por\" \/>\n\t<meta name=\"twitter:data1\" content=\"Crees\" \/>\n\t<meta name=\"twitter:label2\" content=\"Tiempo de lectura\" \/>\n\t<meta name=\"twitter:data2\" content=\"1 minuto\" \/>\n<script type=\"application\/ld+json\" class=\"yoast-schema-graph\">{\"@context\":\"https:\/\/schema.org\",\"@graph\":[{\"@type\":\"Article\",\"@id\":\"https:\/\/crees.org.do\/?p=28245#article\",\"isPartOf\":{\"@id\":\"https:\/\/crees.org.do\/?p=28245\"},\"author\":{\"name\":\"Crees\",\"@id\":\"https:\/\/crees.org.do\/#\/schema\/person\/e7f97cd94d7bf9cd0e0ce30acb7d56b8\"},\"headline\":\"Las importaciones nacionales aumentaron\u00a01.5%, en enero-abril de 2025\",\"datePublished\":\"2025-05-30T16:45:35+00:00\",\"mainEntityOfPage\":{\"@id\":\"https:\/\/crees.org.do\/?p=28245\"},\"wordCount\":260,\"publisher\":{\"@id\":\"https:\/\/crees.org.do\/#organization\"},\"image\":{\"@id\":\"https:\/\/crees.org.do\/?p=28245#primaryimage\"},\"thumbnailUrl\":\"https:\/\/crees.org.do\/wp-content\/uploads\/2025\/05\/Importaciones-nacionales-scaled.png\",\"articleSection\":[\"Blog\"],\"inLanguage\":\"es\"},{\"@type\":\"WebPage\",\"@id\":\"https:\/\/crees.org.do\/?p=28245\",\"url\":\"https:\/\/crees.org.do\/?p=28245\",\"name\":\"Las importaciones nacionales aumentaron\u00a01.5%, en enero-abril de 2025 | CREES\",\"isPartOf\":{\"@id\":\"https:\/\/crees.org.do\/#website\"},\"primaryImageOfPage\":{\"@id\":\"https:\/\/crees.org.do\/?p=28245#primaryimage\"},\"image\":{\"@id\":\"https:\/\/crees.org.do\/?p=28245#primaryimage\"},\"thumbnailUrl\":\"https:\/\/crees.org.do\/wp-content\/uploads\/2025\/05\/Importaciones-nacionales-scaled.png\",\"datePublished\":\"2025-05-30T16:45:35+00:00\",\"breadcrumb\":{\"@id\":\"https:\/\/crees.org.do\/?p=28245#breadcrumb\"},\"inLanguage\":\"es\",\"potentialAction\":[{\"@type\":\"ReadAction\",\"target\":[\"https:\/\/crees.org.do\/?p=28245\"]}]},{\"@type\":\"ImageObject\",\"inLanguage\":\"es\",\"@id\":\"https:\/\/crees.org.do\/?p=28245#primaryimage\",\"url\":\"https:\/\/crees.org.do\/wp-content\/uploads\/2025\/05\/Importaciones-nacionales-scaled.png\",\"contentUrl\":\"https:\/\/crees.org.do\/wp-content\/uploads\/2025\/05\/Importaciones-nacionales-scaled.png\",\"width\":1200,\"height\":1200},{\"@type\":\"BreadcrumbList\",\"@id\":\"https:\/\/crees.org.do\/?p=28245#breadcrumb\",\"itemListElement\":[{\"@type\":\"ListItem\",\"position\":1,\"name\":\"Portada\",\"item\":\"https:\/\/crees.org.do\/\"},{\"@type\":\"ListItem\",\"position\":2,\"name\":\"Las importaciones nacionales aumentaron\u00a01.5%, en enero-abril de 2025\"}]},{\"@type\":\"WebSite\",\"@id\":\"https:\/\/crees.org.do\/#website\",\"url\":\"https:\/\/crees.org.do\/\",\"name\":\"CREES\",\"description\":\"Centro Regional de Estrategias Econ\u00f3micas Sostenibles\",\"publisher\":{\"@id\":\"https:\/\/crees.org.do\/#organization\"},\"potentialAction\":[{\"@type\":\"SearchAction\",\"target\":{\"@type\":\"EntryPoint\",\"urlTemplate\":\"https:\/\/crees.org.do\/?s={search_term_string}\"},\"query-input\":{\"@type\":\"PropertyValueSpecification\",\"valueRequired\":true,\"valueName\":\"search_term_string\"}}],\"inLanguage\":\"es\"},{\"@type\":\"Organization\",\"@id\":\"https:\/\/crees.org.do\/#organization\",\"name\":\"CREES | Centro Regional de Estrategias Econ\u00f3micas Sostenibles\",\"url\":\"https:\/\/crees.org.do\/\",\"logo\":{\"@type\":\"ImageObject\",\"inLanguage\":\"es\",\"@id\":\"https:\/\/crees.org.do\/#\/schema\/logo\/image\/\",\"url\":\"https:\/\/crees.org.do\/wp-content\/uploads\/2022\/03\/crees-logo-1.jpg\",\"contentUrl\":\"https:\/\/crees.org.do\/wp-content\/uploads\/2022\/03\/crees-logo-1.jpg\",\"width\":244,\"height\":71,\"caption\":\"CREES | Centro Regional de Estrategias Econ\u00f3micas Sostenibles\"},\"image\":{\"@id\":\"https:\/\/crees.org.do\/#\/schema\/logo\/image\/\"},\"sameAs\":[\"https:\/\/www.facebook.com\/CREESRD\/\",\"https:\/\/x.com\/CREESRD\"]},{\"@type\":\"Person\",\"@id\":\"https:\/\/crees.org.do\/#\/schema\/person\/e7f97cd94d7bf9cd0e0ce30acb7d56b8\",\"name\":\"Crees\",\"image\":{\"@type\":\"ImageObject\",\"inLanguage\":\"es\",\"@id\":\"https:\/\/crees.org.do\/#\/schema\/person\/image\/\",\"url\":\"https:\/\/secure.gravatar.com\/avatar\/390ac8f0be5d9aa046152553e2dd7011b59a512d89c150f5e5f28bb8d9a0b165?s=96&d=mm&r=g\",\"contentUrl\":\"https:\/\/secure.gravatar.com\/avatar\/390ac8f0be5d9aa046152553e2dd7011b59a512d89c150f5e5f28bb8d9a0b165?s=96&d=mm&r=g\",\"caption\":\"Crees\"},\"url\":\"https:\/\/crees.org.do\/?author=2\"}]}<\/script>\n<!-- \/ Yoast SEO plugin. -->","yoast_head_json":{"title":"Las importaciones nacionales aumentaron\u00a01.5%, en enero-abril de 2025 | CREES","robots":{"index":"index","follow":"follow","max-snippet":"max-snippet:-1","max-image-preview":"max-image-preview:large","max-video-preview":"max-video-preview:-1"},"canonical":"https:\/\/crees.org.do\/?p=28245","og_locale":"es_ES","og_type":"article","og_title":"Las importaciones nacionales aumentaron\u00a01.5%, en enero-abril de 2025 | CREES","og_description":"Las importaciones nacionales aumentaron\u00a01.5%, en enero-abril de 2025 En el per\u00edodo enero-abril de 2025, las importaciones nacionales totalizaron US$7,907.7 millones, registrando un crecimiento del 1.5% respecto a los US$7,788.1 millones del mismo per\u00edodo de 2024. Este aumento responde principalmente al comportamiento de las importaciones no petroleras, que crecieron 3.15%, pasando de US$6,069.5 millones a US$6,260.4...","og_url":"https:\/\/crees.org.do\/?p=28245","og_site_name":"CREES","article_publisher":"https:\/\/www.facebook.com\/CREESRD\/","article_published_time":"2025-05-30T16:45:35+00:00","og_image":[{"width":1200,"height":1200,"url":"https:\/\/crees.org.do\/wp-content\/uploads\/2025\/05\/Importaciones-nacionales-scaled.png","type":"image\/png"}],"author":"Crees","twitter_card":"summary_large_image","twitter_creator":"@CREESRD","twitter_site":"@CREESRD","twitter_misc":{"Escrito por":"Crees","Tiempo de lectura":"1 minuto"},"schema":{"@context":"https:\/\/schema.org","@graph":[{"@type":"Article","@id":"https:\/\/crees.org.do\/?p=28245#article","isPartOf":{"@id":"https:\/\/crees.org.do\/?p=28245"},"author":{"name":"Crees","@id":"https:\/\/crees.org.do\/#\/schema\/person\/e7f97cd94d7bf9cd0e0ce30acb7d56b8"},"headline":"Las importaciones nacionales aumentaron\u00a01.5%, en enero-abril de 2025","datePublished":"2025-05-30T16:45:35+00:00","mainEntityOfPage":{"@id":"https:\/\/crees.org.do\/?p=28245"},"wordCount":260,"publisher":{"@id":"https:\/\/crees.org.do\/#organization"},"image":{"@id":"https:\/\/crees.org.do\/?p=28245#primaryimage"},"thumbnailUrl":"https:\/\/crees.org.do\/wp-content\/uploads\/2025\/05\/Importaciones-nacionales-scaled.png","articleSection":["Blog"],"inLanguage":"es"},{"@type":"WebPage","@id":"https:\/\/crees.org.do\/?p=28245","url":"https:\/\/crees.org.do\/?p=28245","name":"Las importaciones nacionales aumentaron\u00a01.5%, en enero-abril de 2025 | CREES","isPartOf":{"@id":"https:\/\/crees.org.do\/#website"},"primaryImageOfPage":{"@id":"https:\/\/crees.org.do\/?p=28245#primaryimage"},"image":{"@id":"https:\/\/crees.org.do\/?p=28245#primaryimage"},"thumbnailUrl":"https:\/\/crees.org.do\/wp-content\/uploads\/2025\/05\/Importaciones-nacionales-scaled.png","datePublished":"2025-05-30T16:45:35+00:00","breadcrumb":{"@id":"https:\/\/crees.org.do\/?p=28245#breadcrumb"},"inLanguage":"es","potentialAction":[{"@type":"ReadAction","target":["https:\/\/crees.org.do\/?p=28245"]}]},{"@type":"ImageObject","inLanguage":"es","@id":"https:\/\/crees.org.do\/?p=28245#primaryimage","url":"https:\/\/crees.org.do\/wp-content\/uploads\/2025\/05\/Importaciones-nacionales-scaled.png","contentUrl":"https:\/\/crees.org.do\/wp-content\/uploads\/2025\/05\/Importaciones-nacionales-scaled.png","width":1200,"height":1200},{"@type":"BreadcrumbList","@id":"https:\/\/crees.org.do\/?p=28245#breadcrumb","itemListElement":[{"@type":"ListItem","position":1,"name":"Portada","item":"https:\/\/crees.org.do\/"},{"@type":"ListItem","position":2,"name":"Las importaciones nacionales aumentaron\u00a01.5%, en enero-abril de 2025"}]},{"@type":"WebSite","@id":"https:\/\/crees.org.do\/#website","url":"https:\/\/crees.org.do\/","name":"CREES","description":"Centro Regional de Estrategias Econ\u00f3micas Sostenibles","publisher":{"@id":"https:\/\/crees.org.do\/#organization"},"potentialAction":[{"@type":"SearchAction","target":{"@type":"EntryPoint","urlTemplate":"https:\/\/crees.org.do\/?s={search_term_string}"},"query-input":{"@type":"PropertyValueSpecification","valueRequired":true,"valueName":"search_term_string"}}],"inLanguage":"es"},{"@type":"Organization","@id":"https:\/\/crees.org.do\/#organization","name":"CREES | Centro Regional de Estrategias Econ\u00f3micas Sostenibles","url":"https:\/\/crees.org.do\/","logo":{"@type":"ImageObject","inLanguage":"es","@id":"https:\/\/crees.org.do\/#\/schema\/logo\/image\/","url":"https:\/\/crees.org.do\/wp-content\/uploads\/2022\/03\/crees-logo-1.jpg","contentUrl":"https:\/\/crees.org.do\/wp-content\/uploads\/2022\/03\/crees-logo-1.jpg","width":244,"height":71,"caption":"CREES | Centro Regional de Estrategias Econ\u00f3micas Sostenibles"},"image":{"@id":"https:\/\/crees.org.do\/#\/schema\/logo\/image\/"},"sameAs":["https:\/\/www.facebook.com\/CREESRD\/","https:\/\/x.com\/CREESRD"]},{"@type":"Person","@id":"https:\/\/crees.org.do\/#\/schema\/person\/e7f97cd94d7bf9cd0e0ce30acb7d56b8","name":"Crees","image":{"@type":"ImageObject","inLanguage":"es","@id":"https:\/\/crees.org.do\/#\/schema\/person\/image\/","url":"https:\/\/secure.gravatar.com\/avatar\/390ac8f0be5d9aa046152553e2dd7011b59a512d89c150f5e5f28bb8d9a0b165?s=96&d=mm&r=g","contentUrl":"https:\/\/secure.gravatar.com\/avatar\/390ac8f0be5d9aa046152553e2dd7011b59a512d89c150f5e5f28bb8d9a0b165?s=96&d=mm&r=g","caption":"Crees"},"url":"https:\/\/crees.org.do\/?author=2"}]}},"_links":{"self":[{"href":"https:\/\/crees.org.do\/index.php?rest_route=\/wp\/v2\/posts\/28245","targetHints":{"allow":["GET"]}}],"collection":[{"href":"https:\/\/crees.org.do\/index.php?rest_route=\/wp\/v2\/posts"}],"about":[{"href":"https:\/\/crees.org.do\/index.php?rest_route=\/wp\/v2\/types\/post"}],"author":[{"embeddable":true,"href":"https:\/\/crees.org.do\/index.php?rest_route=\/wp\/v2\/users\/2"}],"replies":[{"embeddable":true,"href":"https:\/\/crees.org.do\/index.php?rest_route=%2Fwp%2Fv2%2Fcomments&post=28245"}],"version-history":[{"count":1,"href":"https:\/\/crees.org.do\/index.php?rest_route=\/wp\/v2\/posts\/28245\/revisions"}],"predecessor-version":[{"id":28255,"href":"https:\/\/crees.org.do\/index.php?rest_route=\/wp\/v2\/posts\/28245\/revisions\/28255"}],"wp:featuredmedia":[{"embeddable":true,"href":"https:\/\/crees.org.do\/index.php?rest_route=\/wp\/v2\/media\/28246"}],"wp:attachment":[{"href":"https:\/\/crees.org.do\/index.php?rest_route=%2Fwp%2Fv2%2Fmedia&parent=28245"}],"wp:term":[{"taxonomy":"category","embeddable":true,"href":"https:\/\/crees.org.do\/index.php?rest_route=%2Fwp%2Fv2%2Fcategories&post=28245"},{"taxonomy":"post_tag","embeddable":true,"href":"https:\/\/crees.org.do\/index.php?rest_route=%2Fwp%2Fv2%2Ftags&post=28245"}],"curies":[{"name":"wp","href":"https:\/\/api.w.org\/{rel}","templated":true}]}}