{"id":28251,"date":"2025-05-30T16:42:19","date_gmt":"2025-05-30T16:42:19","guid":{"rendered":"https:\/\/crees.org.do\/?p=28251"},"modified":"2025-05-30T16:42:19","modified_gmt":"2025-05-30T16:42:19","slug":"las-exportaciones-de-zonas-francas-crecieron-0-5-en-el-primer-cuatrimestre-del-2025","status":"publish","type":"post","link":"https:\/\/crees.org.do\/?p=28251","title":{"rendered":"Las exportaciones de zonas francas crecieron\u00a0\u00a00.5%, en el primer cuatrimestre del 2025"},"content":{"rendered":"<h2><img fetchpriority=\"high\" decoding=\"async\" class=\"aligncenter wp-image-28248\" src=\"https:\/\/crees.org.do\/wp-content\/uploads\/2025\/05\/Slide-1-copy-29-1-scaled.png\" alt=\"\" width=\"896\" height=\"896\" srcset=\"https:\/\/crees.org.do\/wp-content\/uploads\/2025\/05\/Slide-1-copy-29-1-scaled.png 1200w, https:\/\/crees.org.do\/wp-content\/uploads\/2025\/05\/Slide-1-copy-29-1-450x450.png 450w, https:\/\/crees.org.do\/wp-content\/uploads\/2025\/05\/Slide-1-copy-29-1-2000x2000.png 2000w, https:\/\/crees.org.do\/wp-content\/uploads\/2025\/05\/Slide-1-copy-29-1-150x150.png 150w, https:\/\/crees.org.do\/wp-content\/uploads\/2025\/05\/Slide-1-copy-29-1-768x768.png 768w, https:\/\/crees.org.do\/wp-content\/uploads\/2025\/05\/Slide-1-copy-29-1-500x500.png 500w, https:\/\/crees.org.do\/wp-content\/uploads\/2025\/05\/Slide-1-copy-29-1-1536x1536.png 1536w, https:\/\/crees.org.do\/wp-content\/uploads\/2025\/05\/Slide-1-copy-29-1-2048x2048.png 2048w\" sizes=\"(max-width: 896px) 100vw, 896px\" \/><\/h2>\n<h2 style=\"text-align: justify;\"><strong>Las <\/strong><strong>exportaciones de zonas francas <\/strong><strong>crecieron\u00a0\u00a0<\/strong><strong>0.5%<\/strong><strong>, en<\/strong> <strong>el primer cuatrimestre del 2025<\/strong><\/h2>\n<p style=\"text-align: justify;\">En el per\u00edodo enero-abril de 2025, las exportaciones del r\u00e9gimen de zonas francas alcanzaron un total de US$2,705.8 millones, lo que representa un crecimiento del 0.5% en comparaci\u00f3n con los US$2,692.6 millones registrados en el mismo per\u00edodo de 2024.<\/p>\n<p style=\"text-align: justify;\">Este bajo crecimiento viene explicado principalmente debido a que seis de los diez pa\u00edses con mayor participaci\u00f3n vieron reducciones en sus importaciones desde Rep\u00fablica Dominicana. Sin embargo, Estados Unidos, el cual cuenta con una participaci\u00f3n del 74.06%, registr\u00f3 un incremento de US$27.71 millones.<\/p>\n<p style=\"text-align: justify;\">De acuerdo con los datos de la Direcci\u00f3n General de Aduanas (DGA), el 51.61% de estas exportaciones corresponde a bienes de consumo, el 33.81% a bienes de capital y el restante a 14.59% a materias primas. En comparaci\u00f3n con el a\u00f1o anterior, las exportaciones de materias primas aumentaron un 6.47%, los bienes de consumo se redujeron un 0.42%, mientras que los bienes de capital retrocedieron un 0.44%.<\/p>\n<p style=\"text-align: justify;\">En cuanto a la clasificaci\u00f3n por cap\u00edtulos arancelarios, sobresalen los instrumentos y aparatos m\u00e9dicos con una participaci\u00f3n del 23.66%, seguidos por cigarrillos y otros derivados de tabaco con 15.22% y las m\u00e1quinas y aparatos el\u00e9ctricos (13.61%). Tambi\u00e9n destacan la joyer\u00eda (8.00%), prendas de vestir (7.51%) y productos farmac\u00e9uticos (6.03%).<\/p>\n<p style=\"text-align: justify;\">Los art\u00edculos con el mayor crecimiento fueron el cacao con US$50.33 millones e instrumentos y otros dispositivos m\u00e9dicos con US$38.99 millones.<\/p>\n<p style=\"text-align: justify;\">En t\u00e9rminos de destino geogr\u00e1fico, el 90.29% de las exportaciones de zonas francas se concentr\u00f3 en 10 principales pa\u00edses, siendo Estados Unidos el principal destino con un 74.06% del total exportado, seguido de Puerto Rico (4.28%) y Hait\u00ed (3.37%).<\/p>\n<p style=\"text-align: justify;\">Los pa\u00edses con mayor crecimiento fueron Estados Unidos con US$27.71 millones, es decir, un crecimiento de 1.40%, Jap\u00f3n (91.93%) con US$15.18 millones y Espa\u00f1a (27.44%) con US$4.65 millones.<\/p>\n<div class=\"pvc_clear\"><\/div>\n<p class=\"pvc_stats all \" data-element-id=\"28251\" style=\"\"><i class=\"pvc-stats-icon medium\" aria-hidden=\"true\"><svg aria-hidden=\"true\" focusable=\"false\" data-prefix=\"far\" data-icon=\"chart-bar\" role=\"img\" xmlns=\"http:\/\/www.w3.org\/2000\/svg\" viewBox=\"0 0 512 512\" class=\"svg-inline--fa fa-chart-bar fa-w-16 fa-2x\"><path fill=\"currentColor\" d=\"M396.8 352h22.4c6.4 0 12.8-6.4 12.8-12.8V108.8c0-6.4-6.4-12.8-12.8-12.8h-22.4c-6.4 0-12.8 6.4-12.8 12.8v230.4c0 6.4 6.4 12.8 12.8 12.8zm-192 0h22.4c6.4 0 12.8-6.4 12.8-12.8V140.8c0-6.4-6.4-12.8-12.8-12.8h-22.4c-6.4 0-12.8 6.4-12.8 12.8v198.4c0 6.4 6.4 12.8 12.8 12.8zm96 0h22.4c6.4 0 12.8-6.4 12.8-12.8V204.8c0-6.4-6.4-12.8-12.8-12.8h-22.4c-6.4 0-12.8 6.4-12.8 12.8v134.4c0 6.4 6.4 12.8 12.8 12.8zM496 400H48V80c0-8.84-7.16-16-16-16H16C7.16 64 0 71.16 0 80v336c0 17.67 14.33 32 32 32h464c8.84 0 16-7.16 16-16v-16c0-8.84-7.16-16-16-16zm-387.2-48h22.4c6.4 0 12.8-6.4 12.8-12.8v-70.4c0-6.4-6.4-12.8-12.8-12.8h-22.4c-6.4 0-12.8 6.4-12.8 12.8v70.4c0 6.4 6.4 12.8 12.8 12.8z\" class=\"\"><\/path><\/svg><\/i> Vistas Totales&nbsp;1,645&nbsp;, Vistas Hoy&nbsp;2&nbsp;<\/p>\n<div class=\"pvc_clear\"><\/div>\n","protected":false},"excerpt":{"rendered":"<p>Las exportaciones de zonas francas crecieron\u00a0\u00a00.5%, en el primer cuatrimestre del 2025 En el per\u00edodo enero-abril de 2025, las exportaciones del r\u00e9gimen de zonas francas alcanzaron un total de US$2,705.8 millones, lo que representa un crecimiento del 0.5% en comparaci\u00f3n con los US$2,692.6 millones registrados en el mismo per\u00edodo de 2024. Este bajo crecimiento viene&#8230;<\/p>\n<div class=\"pvc_clear\"><\/div>\n<p class=\"pvc_stats all \" data-element-id=\"28251\" style=\"\"><i class=\"pvc-stats-icon medium\" aria-hidden=\"true\"><svg aria-hidden=\"true\" focusable=\"false\" data-prefix=\"far\" data-icon=\"chart-bar\" role=\"img\" xmlns=\"http:\/\/www.w3.org\/2000\/svg\" viewBox=\"0 0 512 512\" class=\"svg-inline--fa fa-chart-bar fa-w-16 fa-2x\"><path fill=\"currentColor\" d=\"M396.8 352h22.4c6.4 0 12.8-6.4 12.8-12.8V108.8c0-6.4-6.4-12.8-12.8-12.8h-22.4c-6.4 0-12.8 6.4-12.8 12.8v230.4c0 6.4 6.4 12.8 12.8 12.8zm-192 0h22.4c6.4 0 12.8-6.4 12.8-12.8V140.8c0-6.4-6.4-12.8-12.8-12.8h-22.4c-6.4 0-12.8 6.4-12.8 12.8v198.4c0 6.4 6.4 12.8 12.8 12.8zm96 0h22.4c6.4 0 12.8-6.4 12.8-12.8V204.8c0-6.4-6.4-12.8-12.8-12.8h-22.4c-6.4 0-12.8 6.4-12.8 12.8v134.4c0 6.4 6.4 12.8 12.8 12.8zM496 400H48V80c0-8.84-7.16-16-16-16H16C7.16 64 0 71.16 0 80v336c0 17.67 14.33 32 32 32h464c8.84 0 16-7.16 16-16v-16c0-8.84-7.16-16-16-16zm-387.2-48h22.4c6.4 0 12.8-6.4 12.8-12.8v-70.4c0-6.4-6.4-12.8-12.8-12.8h-22.4c-6.4 0-12.8 6.4-12.8 12.8v70.4c0 6.4 6.4 12.8 12.8 12.8z\" class=\"\"><\/path><\/svg><\/i> Vistas Totales&nbsp;1,645&nbsp;, Vistas Hoy&nbsp;2&nbsp;<\/p>\n<div class=\"pvc_clear\"><\/div>\n","protected":false},"author":2,"featured_media":28248,"comment_status":"closed","ping_status":"closed","sticky":false,"template":"","format":"standard","meta":{"footnotes":""},"categories":[21],"tags":[],"class_list":["post-28251","post","type-post","status-publish","format-standard","has-post-thumbnail","hentry","category-blog"],"yoast_head":"<!-- This site is optimized with the Yoast SEO plugin v25.2 - https:\/\/yoast.com\/wordpress\/plugins\/seo\/ -->\n<title>Las exportaciones de zonas francas crecieron\u00a0\u00a00.5%, en el primer cuatrimestre del 2025 | CREES<\/title>\n<meta name=\"robots\" content=\"index, follow, max-snippet:-1, max-image-preview:large, max-video-preview:-1\" \/>\n<link rel=\"canonical\" href=\"https:\/\/crees.org.do\/?p=28251\" \/>\n<meta property=\"og:locale\" content=\"es_ES\" \/>\n<meta property=\"og:type\" content=\"article\" \/>\n<meta property=\"og:title\" content=\"Las exportaciones de zonas francas crecieron\u00a0\u00a00.5%, en el primer cuatrimestre del 2025 | CREES\" \/>\n<meta property=\"og:description\" content=\"Las exportaciones de zonas francas crecieron\u00a0\u00a00.5%, en el primer cuatrimestre del 2025 En el per\u00edodo enero-abril de 2025, las exportaciones del r\u00e9gimen de zonas francas alcanzaron un total de US$2,705.8 millones, lo que representa un crecimiento del 0.5% en comparaci\u00f3n con los US$2,692.6 millones registrados en el mismo per\u00edodo de 2024. Este bajo crecimiento viene...\" \/>\n<meta property=\"og:url\" content=\"https:\/\/crees.org.do\/?p=28251\" \/>\n<meta property=\"og:site_name\" content=\"CREES\" \/>\n<meta property=\"article:publisher\" content=\"https:\/\/www.facebook.com\/CREESRD\/\" \/>\n<meta property=\"article:published_time\" content=\"2025-05-30T16:42:19+00:00\" \/>\n<meta property=\"og:image\" content=\"https:\/\/crees.org.do\/wp-content\/uploads\/2025\/05\/Slide-1-copy-29-1-scaled.png\" \/>\n\t<meta property=\"og:image:width\" content=\"1200\" \/>\n\t<meta property=\"og:image:height\" content=\"1200\" \/>\n\t<meta property=\"og:image:type\" content=\"image\/png\" \/>\n<meta name=\"author\" content=\"Crees\" \/>\n<meta name=\"twitter:card\" content=\"summary_large_image\" \/>\n<meta name=\"twitter:creator\" content=\"@CREESRD\" \/>\n<meta name=\"twitter:site\" content=\"@CREESRD\" \/>\n<meta name=\"twitter:label1\" content=\"Escrito por\" \/>\n\t<meta name=\"twitter:data1\" content=\"Crees\" \/>\n\t<meta name=\"twitter:label2\" content=\"Tiempo de lectura\" \/>\n\t<meta name=\"twitter:data2\" content=\"2 minutos\" \/>\n<script type=\"application\/ld+json\" class=\"yoast-schema-graph\">{\"@context\":\"https:\/\/schema.org\",\"@graph\":[{\"@type\":\"Article\",\"@id\":\"https:\/\/crees.org.do\/?p=28251#article\",\"isPartOf\":{\"@id\":\"https:\/\/crees.org.do\/?p=28251\"},\"author\":{\"name\":\"Crees\",\"@id\":\"https:\/\/crees.org.do\/#\/schema\/person\/e7f97cd94d7bf9cd0e0ce30acb7d56b8\"},\"headline\":\"Las exportaciones de zonas francas crecieron\u00a0\u00a00.5%, en el primer cuatrimestre del 2025\",\"datePublished\":\"2025-05-30T16:42:19+00:00\",\"mainEntityOfPage\":{\"@id\":\"https:\/\/crees.org.do\/?p=28251\"},\"wordCount\":312,\"publisher\":{\"@id\":\"https:\/\/crees.org.do\/#organization\"},\"image\":{\"@id\":\"https:\/\/crees.org.do\/?p=28251#primaryimage\"},\"thumbnailUrl\":\"https:\/\/crees.org.do\/wp-content\/uploads\/2025\/05\/Slide-1-copy-29-1-scaled.png\",\"articleSection\":[\"Blog\"],\"inLanguage\":\"es\"},{\"@type\":\"WebPage\",\"@id\":\"https:\/\/crees.org.do\/?p=28251\",\"url\":\"https:\/\/crees.org.do\/?p=28251\",\"name\":\"Las exportaciones de zonas francas crecieron\u00a0\u00a00.5%, en el primer cuatrimestre del 2025 | CREES\",\"isPartOf\":{\"@id\":\"https:\/\/crees.org.do\/#website\"},\"primaryImageOfPage\":{\"@id\":\"https:\/\/crees.org.do\/?p=28251#primaryimage\"},\"image\":{\"@id\":\"https:\/\/crees.org.do\/?p=28251#primaryimage\"},\"thumbnailUrl\":\"https:\/\/crees.org.do\/wp-content\/uploads\/2025\/05\/Slide-1-copy-29-1-scaled.png\",\"datePublished\":\"2025-05-30T16:42:19+00:00\",\"breadcrumb\":{\"@id\":\"https:\/\/crees.org.do\/?p=28251#breadcrumb\"},\"inLanguage\":\"es\",\"potentialAction\":[{\"@type\":\"ReadAction\",\"target\":[\"https:\/\/crees.org.do\/?p=28251\"]}]},{\"@type\":\"ImageObject\",\"inLanguage\":\"es\",\"@id\":\"https:\/\/crees.org.do\/?p=28251#primaryimage\",\"url\":\"https:\/\/crees.org.do\/wp-content\/uploads\/2025\/05\/Slide-1-copy-29-1-scaled.png\",\"contentUrl\":\"https:\/\/crees.org.do\/wp-content\/uploads\/2025\/05\/Slide-1-copy-29-1-scaled.png\",\"width\":1200,\"height\":1200},{\"@type\":\"BreadcrumbList\",\"@id\":\"https:\/\/crees.org.do\/?p=28251#breadcrumb\",\"itemListElement\":[{\"@type\":\"ListItem\",\"position\":1,\"name\":\"Portada\",\"item\":\"https:\/\/crees.org.do\/\"},{\"@type\":\"ListItem\",\"position\":2,\"name\":\"Las exportaciones de zonas francas crecieron\u00a0\u00a00.5%, en el primer cuatrimestre del 2025\"}]},{\"@type\":\"WebSite\",\"@id\":\"https:\/\/crees.org.do\/#website\",\"url\":\"https:\/\/crees.org.do\/\",\"name\":\"CREES\",\"description\":\"Centro Regional de Estrategias Econ\u00f3micas Sostenibles\",\"publisher\":{\"@id\":\"https:\/\/crees.org.do\/#organization\"},\"potentialAction\":[{\"@type\":\"SearchAction\",\"target\":{\"@type\":\"EntryPoint\",\"urlTemplate\":\"https:\/\/crees.org.do\/?s={search_term_string}\"},\"query-input\":{\"@type\":\"PropertyValueSpecification\",\"valueRequired\":true,\"valueName\":\"search_term_string\"}}],\"inLanguage\":\"es\"},{\"@type\":\"Organization\",\"@id\":\"https:\/\/crees.org.do\/#organization\",\"name\":\"CREES | Centro Regional de Estrategias Econ\u00f3micas Sostenibles\",\"url\":\"https:\/\/crees.org.do\/\",\"logo\":{\"@type\":\"ImageObject\",\"inLanguage\":\"es\",\"@id\":\"https:\/\/crees.org.do\/#\/schema\/logo\/image\/\",\"url\":\"https:\/\/crees.org.do\/wp-content\/uploads\/2022\/03\/crees-logo-1.jpg\",\"contentUrl\":\"https:\/\/crees.org.do\/wp-content\/uploads\/2022\/03\/crees-logo-1.jpg\",\"width\":244,\"height\":71,\"caption\":\"CREES | Centro Regional de Estrategias Econ\u00f3micas Sostenibles\"},\"image\":{\"@id\":\"https:\/\/crees.org.do\/#\/schema\/logo\/image\/\"},\"sameAs\":[\"https:\/\/www.facebook.com\/CREESRD\/\",\"https:\/\/x.com\/CREESRD\"]},{\"@type\":\"Person\",\"@id\":\"https:\/\/crees.org.do\/#\/schema\/person\/e7f97cd94d7bf9cd0e0ce30acb7d56b8\",\"name\":\"Crees\",\"image\":{\"@type\":\"ImageObject\",\"inLanguage\":\"es\",\"@id\":\"https:\/\/crees.org.do\/#\/schema\/person\/image\/\",\"url\":\"https:\/\/secure.gravatar.com\/avatar\/390ac8f0be5d9aa046152553e2dd7011b59a512d89c150f5e5f28bb8d9a0b165?s=96&d=mm&r=g\",\"contentUrl\":\"https:\/\/secure.gravatar.com\/avatar\/390ac8f0be5d9aa046152553e2dd7011b59a512d89c150f5e5f28bb8d9a0b165?s=96&d=mm&r=g\",\"caption\":\"Crees\"},\"url\":\"https:\/\/crees.org.do\/?author=2\"}]}<\/script>\n<!-- \/ Yoast SEO plugin. -->","yoast_head_json":{"title":"Las exportaciones de zonas francas crecieron\u00a0\u00a00.5%, en el primer cuatrimestre del 2025 | CREES","robots":{"index":"index","follow":"follow","max-snippet":"max-snippet:-1","max-image-preview":"max-image-preview:large","max-video-preview":"max-video-preview:-1"},"canonical":"https:\/\/crees.org.do\/?p=28251","og_locale":"es_ES","og_type":"article","og_title":"Las exportaciones de zonas francas crecieron\u00a0\u00a00.5%, en el primer cuatrimestre del 2025 | CREES","og_description":"Las exportaciones de zonas francas crecieron\u00a0\u00a00.5%, en el primer cuatrimestre del 2025 En el per\u00edodo enero-abril de 2025, las exportaciones del r\u00e9gimen de zonas francas alcanzaron un total de US$2,705.8 millones, lo que representa un crecimiento del 0.5% en comparaci\u00f3n con los US$2,692.6 millones registrados en el mismo per\u00edodo de 2024. Este bajo crecimiento viene...","og_url":"https:\/\/crees.org.do\/?p=28251","og_site_name":"CREES","article_publisher":"https:\/\/www.facebook.com\/CREESRD\/","article_published_time":"2025-05-30T16:42:19+00:00","og_image":[{"width":1200,"height":1200,"url":"https:\/\/crees.org.do\/wp-content\/uploads\/2025\/05\/Slide-1-copy-29-1-scaled.png","type":"image\/png"}],"author":"Crees","twitter_card":"summary_large_image","twitter_creator":"@CREESRD","twitter_site":"@CREESRD","twitter_misc":{"Escrito por":"Crees","Tiempo de lectura":"2 minutos"},"schema":{"@context":"https:\/\/schema.org","@graph":[{"@type":"Article","@id":"https:\/\/crees.org.do\/?p=28251#article","isPartOf":{"@id":"https:\/\/crees.org.do\/?p=28251"},"author":{"name":"Crees","@id":"https:\/\/crees.org.do\/#\/schema\/person\/e7f97cd94d7bf9cd0e0ce30acb7d56b8"},"headline":"Las exportaciones de zonas francas crecieron\u00a0\u00a00.5%, en el primer cuatrimestre del 2025","datePublished":"2025-05-30T16:42:19+00:00","mainEntityOfPage":{"@id":"https:\/\/crees.org.do\/?p=28251"},"wordCount":312,"publisher":{"@id":"https:\/\/crees.org.do\/#organization"},"image":{"@id":"https:\/\/crees.org.do\/?p=28251#primaryimage"},"thumbnailUrl":"https:\/\/crees.org.do\/wp-content\/uploads\/2025\/05\/Slide-1-copy-29-1-scaled.png","articleSection":["Blog"],"inLanguage":"es"},{"@type":"WebPage","@id":"https:\/\/crees.org.do\/?p=28251","url":"https:\/\/crees.org.do\/?p=28251","name":"Las exportaciones de zonas francas crecieron\u00a0\u00a00.5%, en el primer cuatrimestre del 2025 | CREES","isPartOf":{"@id":"https:\/\/crees.org.do\/#website"},"primaryImageOfPage":{"@id":"https:\/\/crees.org.do\/?p=28251#primaryimage"},"image":{"@id":"https:\/\/crees.org.do\/?p=28251#primaryimage"},"thumbnailUrl":"https:\/\/crees.org.do\/wp-content\/uploads\/2025\/05\/Slide-1-copy-29-1-scaled.png","datePublished":"2025-05-30T16:42:19+00:00","breadcrumb":{"@id":"https:\/\/crees.org.do\/?p=28251#breadcrumb"},"inLanguage":"es","potentialAction":[{"@type":"ReadAction","target":["https:\/\/crees.org.do\/?p=28251"]}]},{"@type":"ImageObject","inLanguage":"es","@id":"https:\/\/crees.org.do\/?p=28251#primaryimage","url":"https:\/\/crees.org.do\/wp-content\/uploads\/2025\/05\/Slide-1-copy-29-1-scaled.png","contentUrl":"https:\/\/crees.org.do\/wp-content\/uploads\/2025\/05\/Slide-1-copy-29-1-scaled.png","width":1200,"height":1200},{"@type":"BreadcrumbList","@id":"https:\/\/crees.org.do\/?p=28251#breadcrumb","itemListElement":[{"@type":"ListItem","position":1,"name":"Portada","item":"https:\/\/crees.org.do\/"},{"@type":"ListItem","position":2,"name":"Las exportaciones de zonas francas crecieron\u00a0\u00a00.5%, en el primer cuatrimestre del 2025"}]},{"@type":"WebSite","@id":"https:\/\/crees.org.do\/#website","url":"https:\/\/crees.org.do\/","name":"CREES","description":"Centro Regional de Estrategias Econ\u00f3micas Sostenibles","publisher":{"@id":"https:\/\/crees.org.do\/#organization"},"potentialAction":[{"@type":"SearchAction","target":{"@type":"EntryPoint","urlTemplate":"https:\/\/crees.org.do\/?s={search_term_string}"},"query-input":{"@type":"PropertyValueSpecification","valueRequired":true,"valueName":"search_term_string"}}],"inLanguage":"es"},{"@type":"Organization","@id":"https:\/\/crees.org.do\/#organization","name":"CREES | Centro Regional de Estrategias Econ\u00f3micas Sostenibles","url":"https:\/\/crees.org.do\/","logo":{"@type":"ImageObject","inLanguage":"es","@id":"https:\/\/crees.org.do\/#\/schema\/logo\/image\/","url":"https:\/\/crees.org.do\/wp-content\/uploads\/2022\/03\/crees-logo-1.jpg","contentUrl":"https:\/\/crees.org.do\/wp-content\/uploads\/2022\/03\/crees-logo-1.jpg","width":244,"height":71,"caption":"CREES | Centro Regional de Estrategias Econ\u00f3micas Sostenibles"},"image":{"@id":"https:\/\/crees.org.do\/#\/schema\/logo\/image\/"},"sameAs":["https:\/\/www.facebook.com\/CREESRD\/","https:\/\/x.com\/CREESRD"]},{"@type":"Person","@id":"https:\/\/crees.org.do\/#\/schema\/person\/e7f97cd94d7bf9cd0e0ce30acb7d56b8","name":"Crees","image":{"@type":"ImageObject","inLanguage":"es","@id":"https:\/\/crees.org.do\/#\/schema\/person\/image\/","url":"https:\/\/secure.gravatar.com\/avatar\/390ac8f0be5d9aa046152553e2dd7011b59a512d89c150f5e5f28bb8d9a0b165?s=96&d=mm&r=g","contentUrl":"https:\/\/secure.gravatar.com\/avatar\/390ac8f0be5d9aa046152553e2dd7011b59a512d89c150f5e5f28bb8d9a0b165?s=96&d=mm&r=g","caption":"Crees"},"url":"https:\/\/crees.org.do\/?author=2"}]}},"_links":{"self":[{"href":"https:\/\/crees.org.do\/index.php?rest_route=\/wp\/v2\/posts\/28251","targetHints":{"allow":["GET"]}}],"collection":[{"href":"https:\/\/crees.org.do\/index.php?rest_route=\/wp\/v2\/posts"}],"about":[{"href":"https:\/\/crees.org.do\/index.php?rest_route=\/wp\/v2\/types\/post"}],"author":[{"embeddable":true,"href":"https:\/\/crees.org.do\/index.php?rest_route=\/wp\/v2\/users\/2"}],"replies":[{"embeddable":true,"href":"https:\/\/crees.org.do\/index.php?rest_route=%2Fwp%2Fv2%2Fcomments&post=28251"}],"version-history":[{"count":3,"href":"https:\/\/crees.org.do\/index.php?rest_route=\/wp\/v2\/posts\/28251\/revisions"}],"predecessor-version":[{"id":28254,"href":"https:\/\/crees.org.do\/index.php?rest_route=\/wp\/v2\/posts\/28251\/revisions\/28254"}],"wp:featuredmedia":[{"embeddable":true,"href":"https:\/\/crees.org.do\/index.php?rest_route=\/wp\/v2\/media\/28248"}],"wp:attachment":[{"href":"https:\/\/crees.org.do\/index.php?rest_route=%2Fwp%2Fv2%2Fmedia&parent=28251"}],"wp:term":[{"taxonomy":"category","embeddable":true,"href":"https:\/\/crees.org.do\/index.php?rest_route=%2Fwp%2Fv2%2Fcategories&post=28251"},{"taxonomy":"post_tag","embeddable":true,"href":"https:\/\/crees.org.do\/index.php?rest_route=%2Fwp%2Fv2%2Ftags&post=28251"}],"curies":[{"name":"wp","href":"https:\/\/api.w.org\/{rel}","templated":true}]}}