{"id":28311,"date":"2025-06-03T19:42:32","date_gmt":"2025-06-03T19:42:32","guid":{"rendered":"https:\/\/crees.org.do\/?p=28311"},"modified":"2025-06-03T19:59:12","modified_gmt":"2025-06-03T19:59:12","slug":"en-los-ultimos-tres-anos-el-gasto-publico-por-habitante-crecio-37-6","status":"publish","type":"post","link":"https:\/\/crees.org.do\/?p=28311","title":{"rendered":"En los \u00faltimos tres a\u00f1os el gasto p\u00fablico por habitante creci\u00f3 37.6%"},"content":{"rendered":"<h2><img fetchpriority=\"high\" decoding=\"async\" class=\"wp-image-28315 aligncenter\" src=\"https:\/\/crees.org.do\/wp-content\/uploads\/2025\/06\/Slide-1-copy-22-11-scaled.png\" alt=\"\" width=\"896\" height=\"896\" srcset=\"https:\/\/crees.org.do\/wp-content\/uploads\/2025\/06\/Slide-1-copy-22-11-scaled.png 1200w, https:\/\/crees.org.do\/wp-content\/uploads\/2025\/06\/Slide-1-copy-22-11-450x450.png 450w, https:\/\/crees.org.do\/wp-content\/uploads\/2025\/06\/Slide-1-copy-22-11-2000x2000.png 2000w, https:\/\/crees.org.do\/wp-content\/uploads\/2025\/06\/Slide-1-copy-22-11-150x150.png 150w, https:\/\/crees.org.do\/wp-content\/uploads\/2025\/06\/Slide-1-copy-22-11-768x768.png 768w, https:\/\/crees.org.do\/wp-content\/uploads\/2025\/06\/Slide-1-copy-22-11-500x500.png 500w, https:\/\/crees.org.do\/wp-content\/uploads\/2025\/06\/Slide-1-copy-22-11-1536x1536.png 1536w, https:\/\/crees.org.do\/wp-content\/uploads\/2025\/06\/Slide-1-copy-22-11-2048x2048.png 2048w\" sizes=\"(max-width: 896px) 100vw, 896px\" \/><\/h2>\n<h2 style=\"text-align: justify;\">En los \u00faltimos tres a\u00f1os el gasto p\u00fablico por habitante creci\u00f3 37.6%<\/h2>\n<p style=\"text-align: justify;\">\u00bfQu\u00e9 tanto crece el tama\u00f1o del gobierno dominicano, y qu\u00e9 tanto le cuesta a los ciudadanos? El gasto por habitante es una forma de analizar ese costo.<\/p>\n<p style=\"text-align: justify;\">De acuerdo con el dato de 2024, el gasto por habitante fue 2,249.3 d\u00f3lares, un significativo aumento de 37.6% con respecto al gasto de hace solo tres a\u00f1os, cuando se situ\u00f3 en 1,635.1 d\u00f3lares.<\/p>\n<p style=\"text-align: justify;\">Cuando este gasto se compara con el inicio de esta serie, el a\u00f1o 1990, el gasto se ha multiplicado por 21.1 veces, al pasar de 106.8 d\u00f3lares a 2,249.3 d\u00f3lares.<\/p>\n<p style=\"text-align: justify;\">En Rep\u00fablica Dominicana es urgente una reforma al sistema tributario, por las razones adecuadas: reducir su complejidad, permitir mayores inversiones sin reg\u00edmenes especiales, reducir las horas que debe dedicarle un emprendedor a cumplir con los requisitos de la legislaci\u00f3n tributaria y, como consecuencia, a producir incrementos de productividad e innovaci\u00f3n en la econom\u00eda. Las recaudaciones aumentar\u00edan con un sistema de este tipo. Sin embargo, si en la discusi\u00f3n p\u00fablica se toma como dado el crecimiento del gasto, se har\u00e1n reformas tributarias y los recursos no ser\u00e1n suficientes. En consecuencia, continuaremos con el proceso de endeudamiento p\u00fablico.<\/p>\n<p style=\"text-align: justify;\">El aumento constante de la deuda p\u00fablica, a ra\u00edz del crecimiento del gasto, tiende a resultar en consecuencias significativas. Este incremento complica el pago de los compromisos previos y obliga al pa\u00eds a incurrir en aun m\u00e1s endeudamiento para cubrir sus necesidades fiscales.<\/p>\n<div class=\"pvc_clear\"><\/div>\n<p class=\"pvc_stats all \" data-element-id=\"28311\" style=\"\"><i class=\"pvc-stats-icon medium\" aria-hidden=\"true\"><svg aria-hidden=\"true\" focusable=\"false\" data-prefix=\"far\" data-icon=\"chart-bar\" role=\"img\" xmlns=\"http:\/\/www.w3.org\/2000\/svg\" viewBox=\"0 0 512 512\" class=\"svg-inline--fa fa-chart-bar fa-w-16 fa-2x\"><path fill=\"currentColor\" d=\"M396.8 352h22.4c6.4 0 12.8-6.4 12.8-12.8V108.8c0-6.4-6.4-12.8-12.8-12.8h-22.4c-6.4 0-12.8 6.4-12.8 12.8v230.4c0 6.4 6.4 12.8 12.8 12.8zm-192 0h22.4c6.4 0 12.8-6.4 12.8-12.8V140.8c0-6.4-6.4-12.8-12.8-12.8h-22.4c-6.4 0-12.8 6.4-12.8 12.8v198.4c0 6.4 6.4 12.8 12.8 12.8zm96 0h22.4c6.4 0 12.8-6.4 12.8-12.8V204.8c0-6.4-6.4-12.8-12.8-12.8h-22.4c-6.4 0-12.8 6.4-12.8 12.8v134.4c0 6.4 6.4 12.8 12.8 12.8zM496 400H48V80c0-8.84-7.16-16-16-16H16C7.16 64 0 71.16 0 80v336c0 17.67 14.33 32 32 32h464c8.84 0 16-7.16 16-16v-16c0-8.84-7.16-16-16-16zm-387.2-48h22.4c6.4 0 12.8-6.4 12.8-12.8v-70.4c0-6.4-6.4-12.8-12.8-12.8h-22.4c-6.4 0-12.8 6.4-12.8 12.8v70.4c0 6.4 6.4 12.8 12.8 12.8z\" class=\"\"><\/path><\/svg><\/i> Vistas Totales&nbsp;1,670&nbsp;, Vistas Hoy&nbsp;2&nbsp;<\/p>\n<div class=\"pvc_clear\"><\/div>\n","protected":false},"excerpt":{"rendered":"<p>En los \u00faltimos tres a\u00f1os el gasto p\u00fablico por habitante creci\u00f3 37.6% \u00bfQu\u00e9 tanto crece el tama\u00f1o del gobierno dominicano, y qu\u00e9 tanto le cuesta a los ciudadanos? El gasto por habitante es una forma de analizar ese costo. De acuerdo con el dato de 2024, el gasto por habitante fue 2,249.3 d\u00f3lares, un significativo&#8230;<\/p>\n<div class=\"pvc_clear\"><\/div>\n<p class=\"pvc_stats all \" data-element-id=\"28311\" style=\"\"><i class=\"pvc-stats-icon medium\" aria-hidden=\"true\"><svg aria-hidden=\"true\" focusable=\"false\" data-prefix=\"far\" data-icon=\"chart-bar\" role=\"img\" xmlns=\"http:\/\/www.w3.org\/2000\/svg\" viewBox=\"0 0 512 512\" class=\"svg-inline--fa fa-chart-bar fa-w-16 fa-2x\"><path fill=\"currentColor\" d=\"M396.8 352h22.4c6.4 0 12.8-6.4 12.8-12.8V108.8c0-6.4-6.4-12.8-12.8-12.8h-22.4c-6.4 0-12.8 6.4-12.8 12.8v230.4c0 6.4 6.4 12.8 12.8 12.8zm-192 0h22.4c6.4 0 12.8-6.4 12.8-12.8V140.8c0-6.4-6.4-12.8-12.8-12.8h-22.4c-6.4 0-12.8 6.4-12.8 12.8v198.4c0 6.4 6.4 12.8 12.8 12.8zm96 0h22.4c6.4 0 12.8-6.4 12.8-12.8V204.8c0-6.4-6.4-12.8-12.8-12.8h-22.4c-6.4 0-12.8 6.4-12.8 12.8v134.4c0 6.4 6.4 12.8 12.8 12.8zM496 400H48V80c0-8.84-7.16-16-16-16H16C7.16 64 0 71.16 0 80v336c0 17.67 14.33 32 32 32h464c8.84 0 16-7.16 16-16v-16c0-8.84-7.16-16-16-16zm-387.2-48h22.4c6.4 0 12.8-6.4 12.8-12.8v-70.4c0-6.4-6.4-12.8-12.8-12.8h-22.4c-6.4 0-12.8 6.4-12.8 12.8v70.4c0 6.4 6.4 12.8 12.8 12.8z\" class=\"\"><\/path><\/svg><\/i> Vistas Totales&nbsp;1,670&nbsp;, Vistas Hoy&nbsp;2&nbsp;<\/p>\n<div class=\"pvc_clear\"><\/div>\n","protected":false},"author":2,"featured_media":28315,"comment_status":"closed","ping_status":"closed","sticky":false,"template":"","format":"standard","meta":{"footnotes":""},"categories":[21],"tags":[],"class_list":["post-28311","post","type-post","status-publish","format-standard","has-post-thumbnail","hentry","category-blog"],"yoast_head":"<!-- This site is optimized with the Yoast SEO plugin v25.2 - https:\/\/yoast.com\/wordpress\/plugins\/seo\/ -->\n<title>En los \u00faltimos tres a\u00f1os el gasto p\u00fablico por habitante creci\u00f3 37.6% | CREES<\/title>\n<meta name=\"robots\" content=\"index, follow, max-snippet:-1, max-image-preview:large, max-video-preview:-1\" \/>\n<link rel=\"canonical\" href=\"https:\/\/crees.org.do\/?p=28311\" \/>\n<meta property=\"og:locale\" content=\"es_ES\" \/>\n<meta property=\"og:type\" content=\"article\" \/>\n<meta property=\"og:title\" content=\"En los \u00faltimos tres a\u00f1os el gasto p\u00fablico por habitante creci\u00f3 37.6% | CREES\" \/>\n<meta property=\"og:description\" content=\"En los \u00faltimos tres a\u00f1os el gasto p\u00fablico por habitante creci\u00f3 37.6% \u00bfQu\u00e9 tanto crece el tama\u00f1o del gobierno dominicano, y qu\u00e9 tanto le cuesta a los ciudadanos? El gasto por habitante es una forma de analizar ese costo. De acuerdo con el dato de 2024, el gasto por habitante fue 2,249.3 d\u00f3lares, un significativo...\" \/>\n<meta property=\"og:url\" content=\"https:\/\/crees.org.do\/?p=28311\" \/>\n<meta property=\"og:site_name\" content=\"CREES\" \/>\n<meta property=\"article:publisher\" content=\"https:\/\/www.facebook.com\/CREESRD\/\" \/>\n<meta property=\"article:published_time\" content=\"2025-06-03T19:42:32+00:00\" \/>\n<meta property=\"article:modified_time\" content=\"2025-06-03T19:59:12+00:00\" \/>\n<meta property=\"og:image\" content=\"https:\/\/crees.org.do\/wp-content\/uploads\/2025\/06\/Slide-1-copy-22-11-scaled.png\" \/>\n\t<meta property=\"og:image:width\" content=\"1200\" \/>\n\t<meta property=\"og:image:height\" content=\"1200\" \/>\n\t<meta property=\"og:image:type\" content=\"image\/png\" \/>\n<meta name=\"author\" content=\"Crees\" \/>\n<meta name=\"twitter:card\" content=\"summary_large_image\" \/>\n<meta name=\"twitter:creator\" content=\"@CREESRD\" \/>\n<meta name=\"twitter:site\" content=\"@CREESRD\" \/>\n<meta name=\"twitter:label1\" content=\"Escrito por\" \/>\n\t<meta name=\"twitter:data1\" content=\"Crees\" \/>\n\t<meta name=\"twitter:label2\" content=\"Tiempo de lectura\" \/>\n\t<meta name=\"twitter:data2\" content=\"1 minuto\" \/>\n<script type=\"application\/ld+json\" class=\"yoast-schema-graph\">{\"@context\":\"https:\/\/schema.org\",\"@graph\":[{\"@type\":\"Article\",\"@id\":\"https:\/\/crees.org.do\/?p=28311#article\",\"isPartOf\":{\"@id\":\"https:\/\/crees.org.do\/?p=28311\"},\"author\":{\"name\":\"Crees\",\"@id\":\"https:\/\/crees.org.do\/#\/schema\/person\/e7f97cd94d7bf9cd0e0ce30acb7d56b8\"},\"headline\":\"En los \u00faltimos tres a\u00f1os el gasto p\u00fablico por habitante creci\u00f3 37.6%\",\"datePublished\":\"2025-06-03T19:42:32+00:00\",\"dateModified\":\"2025-06-03T19:59:12+00:00\",\"mainEntityOfPage\":{\"@id\":\"https:\/\/crees.org.do\/?p=28311\"},\"wordCount\":270,\"publisher\":{\"@id\":\"https:\/\/crees.org.do\/#organization\"},\"image\":{\"@id\":\"https:\/\/crees.org.do\/?p=28311#primaryimage\"},\"thumbnailUrl\":\"https:\/\/crees.org.do\/wp-content\/uploads\/2025\/06\/Slide-1-copy-22-11-scaled.png\",\"articleSection\":[\"Blog\"],\"inLanguage\":\"es\"},{\"@type\":\"WebPage\",\"@id\":\"https:\/\/crees.org.do\/?p=28311\",\"url\":\"https:\/\/crees.org.do\/?p=28311\",\"name\":\"En los \u00faltimos tres a\u00f1os el gasto p\u00fablico por habitante creci\u00f3 37.6% | CREES\",\"isPartOf\":{\"@id\":\"https:\/\/crees.org.do\/#website\"},\"primaryImageOfPage\":{\"@id\":\"https:\/\/crees.org.do\/?p=28311#primaryimage\"},\"image\":{\"@id\":\"https:\/\/crees.org.do\/?p=28311#primaryimage\"},\"thumbnailUrl\":\"https:\/\/crees.org.do\/wp-content\/uploads\/2025\/06\/Slide-1-copy-22-11-scaled.png\",\"datePublished\":\"2025-06-03T19:42:32+00:00\",\"dateModified\":\"2025-06-03T19:59:12+00:00\",\"breadcrumb\":{\"@id\":\"https:\/\/crees.org.do\/?p=28311#breadcrumb\"},\"inLanguage\":\"es\",\"potentialAction\":[{\"@type\":\"ReadAction\",\"target\":[\"https:\/\/crees.org.do\/?p=28311\"]}]},{\"@type\":\"ImageObject\",\"inLanguage\":\"es\",\"@id\":\"https:\/\/crees.org.do\/?p=28311#primaryimage\",\"url\":\"https:\/\/crees.org.do\/wp-content\/uploads\/2025\/06\/Slide-1-copy-22-11-scaled.png\",\"contentUrl\":\"https:\/\/crees.org.do\/wp-content\/uploads\/2025\/06\/Slide-1-copy-22-11-scaled.png\",\"width\":1200,\"height\":1200},{\"@type\":\"BreadcrumbList\",\"@id\":\"https:\/\/crees.org.do\/?p=28311#breadcrumb\",\"itemListElement\":[{\"@type\":\"ListItem\",\"position\":1,\"name\":\"Portada\",\"item\":\"https:\/\/crees.org.do\/\"},{\"@type\":\"ListItem\",\"position\":2,\"name\":\"En los \u00faltimos tres a\u00f1os el gasto p\u00fablico por habitante creci\u00f3 37.6%\"}]},{\"@type\":\"WebSite\",\"@id\":\"https:\/\/crees.org.do\/#website\",\"url\":\"https:\/\/crees.org.do\/\",\"name\":\"CREES\",\"description\":\"Centro Regional de Estrategias Econ\u00f3micas Sostenibles\",\"publisher\":{\"@id\":\"https:\/\/crees.org.do\/#organization\"},\"potentialAction\":[{\"@type\":\"SearchAction\",\"target\":{\"@type\":\"EntryPoint\",\"urlTemplate\":\"https:\/\/crees.org.do\/?s={search_term_string}\"},\"query-input\":{\"@type\":\"PropertyValueSpecification\",\"valueRequired\":true,\"valueName\":\"search_term_string\"}}],\"inLanguage\":\"es\"},{\"@type\":\"Organization\",\"@id\":\"https:\/\/crees.org.do\/#organization\",\"name\":\"CREES | Centro Regional de Estrategias Econ\u00f3micas Sostenibles\",\"url\":\"https:\/\/crees.org.do\/\",\"logo\":{\"@type\":\"ImageObject\",\"inLanguage\":\"es\",\"@id\":\"https:\/\/crees.org.do\/#\/schema\/logo\/image\/\",\"url\":\"https:\/\/crees.org.do\/wp-content\/uploads\/2022\/03\/crees-logo-1.jpg\",\"contentUrl\":\"https:\/\/crees.org.do\/wp-content\/uploads\/2022\/03\/crees-logo-1.jpg\",\"width\":244,\"height\":71,\"caption\":\"CREES | Centro Regional de Estrategias Econ\u00f3micas Sostenibles\"},\"image\":{\"@id\":\"https:\/\/crees.org.do\/#\/schema\/logo\/image\/\"},\"sameAs\":[\"https:\/\/www.facebook.com\/CREESRD\/\",\"https:\/\/x.com\/CREESRD\"]},{\"@type\":\"Person\",\"@id\":\"https:\/\/crees.org.do\/#\/schema\/person\/e7f97cd94d7bf9cd0e0ce30acb7d56b8\",\"name\":\"Crees\",\"image\":{\"@type\":\"ImageObject\",\"inLanguage\":\"es\",\"@id\":\"https:\/\/crees.org.do\/#\/schema\/person\/image\/\",\"url\":\"https:\/\/secure.gravatar.com\/avatar\/390ac8f0be5d9aa046152553e2dd7011b59a512d89c150f5e5f28bb8d9a0b165?s=96&d=mm&r=g\",\"contentUrl\":\"https:\/\/secure.gravatar.com\/avatar\/390ac8f0be5d9aa046152553e2dd7011b59a512d89c150f5e5f28bb8d9a0b165?s=96&d=mm&r=g\",\"caption\":\"Crees\"},\"url\":\"https:\/\/crees.org.do\/?author=2\"}]}<\/script>\n<!-- \/ Yoast SEO plugin. -->","yoast_head_json":{"title":"En los \u00faltimos tres a\u00f1os el gasto p\u00fablico por habitante creci\u00f3 37.6% | CREES","robots":{"index":"index","follow":"follow","max-snippet":"max-snippet:-1","max-image-preview":"max-image-preview:large","max-video-preview":"max-video-preview:-1"},"canonical":"https:\/\/crees.org.do\/?p=28311","og_locale":"es_ES","og_type":"article","og_title":"En los \u00faltimos tres a\u00f1os el gasto p\u00fablico por habitante creci\u00f3 37.6% | CREES","og_description":"En los \u00faltimos tres a\u00f1os el gasto p\u00fablico por habitante creci\u00f3 37.6% \u00bfQu\u00e9 tanto crece el tama\u00f1o del gobierno dominicano, y qu\u00e9 tanto le cuesta a los ciudadanos? El gasto por habitante es una forma de analizar ese costo. De acuerdo con el dato de 2024, el gasto por habitante fue 2,249.3 d\u00f3lares, un significativo...","og_url":"https:\/\/crees.org.do\/?p=28311","og_site_name":"CREES","article_publisher":"https:\/\/www.facebook.com\/CREESRD\/","article_published_time":"2025-06-03T19:42:32+00:00","article_modified_time":"2025-06-03T19:59:12+00:00","og_image":[{"width":1200,"height":1200,"url":"https:\/\/crees.org.do\/wp-content\/uploads\/2025\/06\/Slide-1-copy-22-11-scaled.png","type":"image\/png"}],"author":"Crees","twitter_card":"summary_large_image","twitter_creator":"@CREESRD","twitter_site":"@CREESRD","twitter_misc":{"Escrito por":"Crees","Tiempo de lectura":"1 minuto"},"schema":{"@context":"https:\/\/schema.org","@graph":[{"@type":"Article","@id":"https:\/\/crees.org.do\/?p=28311#article","isPartOf":{"@id":"https:\/\/crees.org.do\/?p=28311"},"author":{"name":"Crees","@id":"https:\/\/crees.org.do\/#\/schema\/person\/e7f97cd94d7bf9cd0e0ce30acb7d56b8"},"headline":"En los \u00faltimos tres a\u00f1os el gasto p\u00fablico por habitante creci\u00f3 37.6%","datePublished":"2025-06-03T19:42:32+00:00","dateModified":"2025-06-03T19:59:12+00:00","mainEntityOfPage":{"@id":"https:\/\/crees.org.do\/?p=28311"},"wordCount":270,"publisher":{"@id":"https:\/\/crees.org.do\/#organization"},"image":{"@id":"https:\/\/crees.org.do\/?p=28311#primaryimage"},"thumbnailUrl":"https:\/\/crees.org.do\/wp-content\/uploads\/2025\/06\/Slide-1-copy-22-11-scaled.png","articleSection":["Blog"],"inLanguage":"es"},{"@type":"WebPage","@id":"https:\/\/crees.org.do\/?p=28311","url":"https:\/\/crees.org.do\/?p=28311","name":"En los \u00faltimos tres a\u00f1os el gasto p\u00fablico por habitante creci\u00f3 37.6% | CREES","isPartOf":{"@id":"https:\/\/crees.org.do\/#website"},"primaryImageOfPage":{"@id":"https:\/\/crees.org.do\/?p=28311#primaryimage"},"image":{"@id":"https:\/\/crees.org.do\/?p=28311#primaryimage"},"thumbnailUrl":"https:\/\/crees.org.do\/wp-content\/uploads\/2025\/06\/Slide-1-copy-22-11-scaled.png","datePublished":"2025-06-03T19:42:32+00:00","dateModified":"2025-06-03T19:59:12+00:00","breadcrumb":{"@id":"https:\/\/crees.org.do\/?p=28311#breadcrumb"},"inLanguage":"es","potentialAction":[{"@type":"ReadAction","target":["https:\/\/crees.org.do\/?p=28311"]}]},{"@type":"ImageObject","inLanguage":"es","@id":"https:\/\/crees.org.do\/?p=28311#primaryimage","url":"https:\/\/crees.org.do\/wp-content\/uploads\/2025\/06\/Slide-1-copy-22-11-scaled.png","contentUrl":"https:\/\/crees.org.do\/wp-content\/uploads\/2025\/06\/Slide-1-copy-22-11-scaled.png","width":1200,"height":1200},{"@type":"BreadcrumbList","@id":"https:\/\/crees.org.do\/?p=28311#breadcrumb","itemListElement":[{"@type":"ListItem","position":1,"name":"Portada","item":"https:\/\/crees.org.do\/"},{"@type":"ListItem","position":2,"name":"En los \u00faltimos tres a\u00f1os el gasto p\u00fablico por habitante creci\u00f3 37.6%"}]},{"@type":"WebSite","@id":"https:\/\/crees.org.do\/#website","url":"https:\/\/crees.org.do\/","name":"CREES","description":"Centro Regional de Estrategias Econ\u00f3micas Sostenibles","publisher":{"@id":"https:\/\/crees.org.do\/#organization"},"potentialAction":[{"@type":"SearchAction","target":{"@type":"EntryPoint","urlTemplate":"https:\/\/crees.org.do\/?s={search_term_string}"},"query-input":{"@type":"PropertyValueSpecification","valueRequired":true,"valueName":"search_term_string"}}],"inLanguage":"es"},{"@type":"Organization","@id":"https:\/\/crees.org.do\/#organization","name":"CREES | Centro Regional de Estrategias Econ\u00f3micas Sostenibles","url":"https:\/\/crees.org.do\/","logo":{"@type":"ImageObject","inLanguage":"es","@id":"https:\/\/crees.org.do\/#\/schema\/logo\/image\/","url":"https:\/\/crees.org.do\/wp-content\/uploads\/2022\/03\/crees-logo-1.jpg","contentUrl":"https:\/\/crees.org.do\/wp-content\/uploads\/2022\/03\/crees-logo-1.jpg","width":244,"height":71,"caption":"CREES | Centro Regional de Estrategias Econ\u00f3micas Sostenibles"},"image":{"@id":"https:\/\/crees.org.do\/#\/schema\/logo\/image\/"},"sameAs":["https:\/\/www.facebook.com\/CREESRD\/","https:\/\/x.com\/CREESRD"]},{"@type":"Person","@id":"https:\/\/crees.org.do\/#\/schema\/person\/e7f97cd94d7bf9cd0e0ce30acb7d56b8","name":"Crees","image":{"@type":"ImageObject","inLanguage":"es","@id":"https:\/\/crees.org.do\/#\/schema\/person\/image\/","url":"https:\/\/secure.gravatar.com\/avatar\/390ac8f0be5d9aa046152553e2dd7011b59a512d89c150f5e5f28bb8d9a0b165?s=96&d=mm&r=g","contentUrl":"https:\/\/secure.gravatar.com\/avatar\/390ac8f0be5d9aa046152553e2dd7011b59a512d89c150f5e5f28bb8d9a0b165?s=96&d=mm&r=g","caption":"Crees"},"url":"https:\/\/crees.org.do\/?author=2"}]}},"_links":{"self":[{"href":"https:\/\/crees.org.do\/index.php?rest_route=\/wp\/v2\/posts\/28311","targetHints":{"allow":["GET"]}}],"collection":[{"href":"https:\/\/crees.org.do\/index.php?rest_route=\/wp\/v2\/posts"}],"about":[{"href":"https:\/\/crees.org.do\/index.php?rest_route=\/wp\/v2\/types\/post"}],"author":[{"embeddable":true,"href":"https:\/\/crees.org.do\/index.php?rest_route=\/wp\/v2\/users\/2"}],"replies":[{"embeddable":true,"href":"https:\/\/crees.org.do\/index.php?rest_route=%2Fwp%2Fv2%2Fcomments&post=28311"}],"version-history":[{"count":3,"href":"https:\/\/crees.org.do\/index.php?rest_route=\/wp\/v2\/posts\/28311\/revisions"}],"predecessor-version":[{"id":28316,"href":"https:\/\/crees.org.do\/index.php?rest_route=\/wp\/v2\/posts\/28311\/revisions\/28316"}],"wp:featuredmedia":[{"embeddable":true,"href":"https:\/\/crees.org.do\/index.php?rest_route=\/wp\/v2\/media\/28315"}],"wp:attachment":[{"href":"https:\/\/crees.org.do\/index.php?rest_route=%2Fwp%2Fv2%2Fmedia&parent=28311"}],"wp:term":[{"taxonomy":"category","embeddable":true,"href":"https:\/\/crees.org.do\/index.php?rest_route=%2Fwp%2Fv2%2Fcategories&post=28311"},{"taxonomy":"post_tag","embeddable":true,"href":"https:\/\/crees.org.do\/index.php?rest_route=%2Fwp%2Fv2%2Ftags&post=28311"}],"curies":[{"name":"wp","href":"https:\/\/api.w.org\/{rel}","templated":true}]}}