{"id":28324,"date":"2025-06-05T15:42:28","date_gmt":"2025-06-05T15:42:28","guid":{"rendered":"https:\/\/crees.org.do\/?p=28324"},"modified":"2025-06-06T16:01:23","modified_gmt":"2025-06-06T16:01:23","slug":"es-alta-la-tasa-de-politica-monetaria","status":"publish","type":"post","link":"https:\/\/crees.org.do\/?p=28324","title":{"rendered":"\u00bfEs alta la tasa de pol\u00edtica monetaria?"},"content":{"rendered":"<p>Autor: Miguel Collado Di Franco<\/p>\n<p>Fecha: 5 de junio de 2025<\/p>\n<p><img fetchpriority=\"high\" decoding=\"async\" class=\"aligncenter wp-image-28325\" src=\"https:\/\/crees.org.do\/wp-content\/uploads\/2025\/06\/Untitled-copy-14-6-scaled.png\" alt=\"\" width=\"869\" height=\"869\" srcset=\"https:\/\/crees.org.do\/wp-content\/uploads\/2025\/06\/Untitled-copy-14-6-scaled.png 1200w, https:\/\/crees.org.do\/wp-content\/uploads\/2025\/06\/Untitled-copy-14-6-450x450.png 450w, https:\/\/crees.org.do\/wp-content\/uploads\/2025\/06\/Untitled-copy-14-6-2000x2000.png 2000w, https:\/\/crees.org.do\/wp-content\/uploads\/2025\/06\/Untitled-copy-14-6-150x150.png 150w, https:\/\/crees.org.do\/wp-content\/uploads\/2025\/06\/Untitled-copy-14-6-768x768.png 768w, https:\/\/crees.org.do\/wp-content\/uploads\/2025\/06\/Untitled-copy-14-6-500x500.png 500w, https:\/\/crees.org.do\/wp-content\/uploads\/2025\/06\/Untitled-copy-14-6-1536x1536.png 1536w, https:\/\/crees.org.do\/wp-content\/uploads\/2025\/06\/Untitled-copy-14-6-2048x2048.png 2048w\" sizes=\"(max-width: 869px) 100vw, 869px\" \/><\/p>\n<h2>\u00bfEs alta la tasa de pol\u00edtica monetaria?<\/h2>\n<p style=\"text-align: justify;\">La tabla muestra las tasas de pol\u00edtica monetaria, o de referencia, de cuatro de los principales bancos centrales del mundo, y la vigente en Rep\u00fablica Dominicana y en las cinco econom\u00edas de Am\u00e9rica Latina que poseen grado de inversi\u00f3n.<\/p>\n<p style=\"text-align: justify;\">Es posible observar la diferencia entre las tasas nominales y las tasas reales, o ajustadas por inflaci\u00f3n. Por ejemplo, el Banco Central Europeo (BCE) mantiene una tasa de pol\u00edtica monetaria de 2.25%, equivalente a 0.10% al tomar en cuenta la inflaci\u00f3n de los pa\u00edses de la Eurozona.<\/p>\n<p style=\"text-align: justify;\">El Banco Central Europeo ha otorgado prioridad a mantener una tasa baja para tratar de ayudar a econom\u00edas con muchas dificultades para crecer, como consecuencia de pol\u00edticas p\u00fablicas que han reducido su productividad. De igual forma, el BCE ha contribuido, con su pol\u00edtica de bajas tasas, a que gobiernos europeos puedan financiar un creciente gasto p\u00fablico. Cuando las econom\u00edas se acostumbran a los est\u00edmulos monetarios, es m\u00e1s dif\u00edcil revertir una pol\u00edtica de tasas bajas.<\/p>\n<p style=\"text-align: justify;\">La Reserva Federal de los Estados Unidos (FED) baj\u00f3 su tipo de referencia en septiembre, en un momento en el cual la inflaci\u00f3n estaba lejos de la meta establecida y en el que el desempleo se manten\u00eda en niveles bajos. Todav\u00eda en Estados Unidos los precios siguen creciendo a una tasa superior a la meta de inflaci\u00f3n del 2.0%, con perspectivas de que los precios aumenten como consecuencia de los aranceles que se han aplicado, o aumentado, en semanas recientes. \u00bfCambiar\u00e1 de pol\u00edtica la FED en el futuro cercano? Por el factor anteriormente mencionado, en este a\u00f1o no parece que se produzcan cambios significativos hacia la baja. Sin embargo, llegar a alguna conclusi\u00f3n es tratar de anticipar el pensamiento de quienes tomar\u00e1n las decisiones.<\/p>\n<p style=\"text-align: justify;\">De los pa\u00edses de Am\u00e9rica Latina incluidos en la muestra, Rep\u00fablica Dominicana es uno de los que mantiene una de las tasas m\u00e1s bajas. En t\u00e9rminos reales, su tasa de pol\u00edtica monetaria es similar a la de Estados Unidos. En cambio, otras econom\u00edas de la regi\u00f3n han optado por tasas m\u00e1s conservadoras dentro de un ambiente de alta incertidumbre econ\u00f3mica y geopol\u00edtica, en el que el tipo de referencia en EE. UU. se mantiene alto en comparaci\u00f3n con el periodo iniciado en 2007.<\/p>\n<p style=\"text-align: justify;\">Mantener un diferencial de tasa de pol\u00edtica bajo, en t\u00e9rminos hist\u00f3ricos y relativos, implica disciplina desde el punto de vista del manejo de la liquidez de la econom\u00eda. La liquidez, muchas veces ignorada por medios y analistas, tiene gran peso sobre el cr\u00e9dito y, en consecuencia, sobre el tipo de cambio y la inflaci\u00f3n.<\/p>\n<p style=\"text-align: justify;\">Los movimientos en la pol\u00edtica monetaria local tienden a ser revertidos cuando se verifican los efectos que suelen tener sobre el tipo de cambio. En los \u00faltimos meses del pasado a\u00f1o inici\u00f3 un episodio de expansi\u00f3n que fue modificado a partir de la depreciaci\u00f3n cambiaria de la primera parte del a\u00f1o en curso.<\/p>\n<p style=\"text-align: justify;\">Los agentes econ\u00f3micos deben tener estos comportamientos en cuenta: los ciclos monetarios. En adici\u00f3n, recordar el panorama internacional, la realidad de las tasas a nivel internacional y, muy importante, que una econom\u00eda no crece de manera artificial por medidas fiscales y monetarias expansivas. El crecimiento, el aumento de bienestar, proviene del ahorro, la inversi\u00f3n, los emprendimientos y la innovaci\u00f3n.<\/p>\n<div class=\"pvc_clear\"><\/div>\n<p class=\"pvc_stats all \" data-element-id=\"28324\" style=\"\"><i class=\"pvc-stats-icon medium\" aria-hidden=\"true\"><svg aria-hidden=\"true\" focusable=\"false\" data-prefix=\"far\" data-icon=\"chart-bar\" role=\"img\" xmlns=\"http:\/\/www.w3.org\/2000\/svg\" viewBox=\"0 0 512 512\" class=\"svg-inline--fa fa-chart-bar fa-w-16 fa-2x\"><path fill=\"currentColor\" d=\"M396.8 352h22.4c6.4 0 12.8-6.4 12.8-12.8V108.8c0-6.4-6.4-12.8-12.8-12.8h-22.4c-6.4 0-12.8 6.4-12.8 12.8v230.4c0 6.4 6.4 12.8 12.8 12.8zm-192 0h22.4c6.4 0 12.8-6.4 12.8-12.8V140.8c0-6.4-6.4-12.8-12.8-12.8h-22.4c-6.4 0-12.8 6.4-12.8 12.8v198.4c0 6.4 6.4 12.8 12.8 12.8zm96 0h22.4c6.4 0 12.8-6.4 12.8-12.8V204.8c0-6.4-6.4-12.8-12.8-12.8h-22.4c-6.4 0-12.8 6.4-12.8 12.8v134.4c0 6.4 6.4 12.8 12.8 12.8zM496 400H48V80c0-8.84-7.16-16-16-16H16C7.16 64 0 71.16 0 80v336c0 17.67 14.33 32 32 32h464c8.84 0 16-7.16 16-16v-16c0-8.84-7.16-16-16-16zm-387.2-48h22.4c6.4 0 12.8-6.4 12.8-12.8v-70.4c0-6.4-6.4-12.8-12.8-12.8h-22.4c-6.4 0-12.8 6.4-12.8 12.8v70.4c0 6.4 6.4 12.8 12.8 12.8z\" class=\"\"><\/path><\/svg><\/i> Vistas Totales&nbsp;1,206&nbsp;, Vistas Hoy&nbsp;6&nbsp;<\/p>\n<div class=\"pvc_clear\"><\/div>\n","protected":false},"excerpt":{"rendered":"<p>Autor: Miguel Collado Di Franco Fecha: 5 de junio de 2025 \u00bfEs alta la tasa de pol\u00edtica monetaria? La tabla muestra las tasas de pol\u00edtica monetaria, o de referencia, de cuatro de los principales bancos centrales del mundo, y la vigente en Rep\u00fablica Dominicana y en las cinco econom\u00edas de Am\u00e9rica Latina que poseen grado&#8230;<\/p>\n<div class=\"pvc_clear\"><\/div>\n<p class=\"pvc_stats all \" data-element-id=\"28324\" style=\"\"><i class=\"pvc-stats-icon medium\" aria-hidden=\"true\"><svg aria-hidden=\"true\" focusable=\"false\" data-prefix=\"far\" data-icon=\"chart-bar\" role=\"img\" xmlns=\"http:\/\/www.w3.org\/2000\/svg\" viewBox=\"0 0 512 512\" class=\"svg-inline--fa fa-chart-bar fa-w-16 fa-2x\"><path fill=\"currentColor\" d=\"M396.8 352h22.4c6.4 0 12.8-6.4 12.8-12.8V108.8c0-6.4-6.4-12.8-12.8-12.8h-22.4c-6.4 0-12.8 6.4-12.8 12.8v230.4c0 6.4 6.4 12.8 12.8 12.8zm-192 0h22.4c6.4 0 12.8-6.4 12.8-12.8V140.8c0-6.4-6.4-12.8-12.8-12.8h-22.4c-6.4 0-12.8 6.4-12.8 12.8v198.4c0 6.4 6.4 12.8 12.8 12.8zm96 0h22.4c6.4 0 12.8-6.4 12.8-12.8V204.8c0-6.4-6.4-12.8-12.8-12.8h-22.4c-6.4 0-12.8 6.4-12.8 12.8v134.4c0 6.4 6.4 12.8 12.8 12.8zM496 400H48V80c0-8.84-7.16-16-16-16H16C7.16 64 0 71.16 0 80v336c0 17.67 14.33 32 32 32h464c8.84 0 16-7.16 16-16v-16c0-8.84-7.16-16-16-16zm-387.2-48h22.4c6.4 0 12.8-6.4 12.8-12.8v-70.4c0-6.4-6.4-12.8-12.8-12.8h-22.4c-6.4 0-12.8 6.4-12.8 12.8v70.4c0 6.4 6.4 12.8 12.8 12.8z\" class=\"\"><\/path><\/svg><\/i> Vistas Totales&nbsp;1,206&nbsp;, Vistas Hoy&nbsp;6&nbsp;<\/p>\n<div class=\"pvc_clear\"><\/div>\n","protected":false},"author":2,"featured_media":28325,"comment_status":"closed","ping_status":"closed","sticky":false,"template":"","format":"standard","meta":{"footnotes":""},"categories":[22],"tags":[],"class_list":["post-28324","post","type-post","status-publish","format-standard","has-post-thumbnail","hentry","category-articulos"],"yoast_head":"<!-- This site is optimized with the Yoast SEO plugin v25.2 - https:\/\/yoast.com\/wordpress\/plugins\/seo\/ -->\n<title>\u00bfEs alta la tasa de pol\u00edtica monetaria? | CREES<\/title>\n<meta name=\"robots\" content=\"index, follow, max-snippet:-1, max-image-preview:large, max-video-preview:-1\" \/>\n<link rel=\"canonical\" href=\"https:\/\/crees.org.do\/?p=28324\" \/>\n<meta property=\"og:locale\" content=\"es_ES\" \/>\n<meta property=\"og:type\" content=\"article\" \/>\n<meta property=\"og:title\" content=\"\u00bfEs alta la tasa de pol\u00edtica monetaria? | CREES\" \/>\n<meta property=\"og:description\" content=\"Autor: Miguel Collado Di Franco Fecha: 5 de junio de 2025 \u00bfEs alta la tasa de pol\u00edtica monetaria? La tabla muestra las tasas de pol\u00edtica monetaria, o de referencia, de cuatro de los principales bancos centrales del mundo, y la vigente en Rep\u00fablica Dominicana y en las cinco econom\u00edas de Am\u00e9rica Latina que poseen grado...\" \/>\n<meta property=\"og:url\" content=\"https:\/\/crees.org.do\/?p=28324\" \/>\n<meta property=\"og:site_name\" content=\"CREES\" \/>\n<meta property=\"article:publisher\" content=\"https:\/\/www.facebook.com\/CREESRD\/\" \/>\n<meta property=\"article:published_time\" content=\"2025-06-05T15:42:28+00:00\" \/>\n<meta property=\"article:modified_time\" content=\"2025-06-06T16:01:23+00:00\" \/>\n<meta property=\"og:image\" content=\"https:\/\/crees.org.do\/wp-content\/uploads\/2025\/06\/Untitled-copy-14-6-scaled.png\" \/>\n\t<meta property=\"og:image:width\" content=\"1200\" \/>\n\t<meta property=\"og:image:height\" content=\"1200\" \/>\n\t<meta property=\"og:image:type\" content=\"image\/png\" \/>\n<meta name=\"author\" content=\"Crees\" \/>\n<meta name=\"twitter:card\" content=\"summary_large_image\" \/>\n<meta name=\"twitter:creator\" content=\"@CREESRD\" \/>\n<meta name=\"twitter:site\" content=\"@CREESRD\" \/>\n<meta name=\"twitter:label1\" content=\"Escrito por\" \/>\n\t<meta name=\"twitter:data1\" content=\"Crees\" \/>\n\t<meta name=\"twitter:label2\" content=\"Tiempo de lectura\" \/>\n\t<meta name=\"twitter:data2\" content=\"3 minutos\" \/>\n<script type=\"application\/ld+json\" class=\"yoast-schema-graph\">{\"@context\":\"https:\/\/schema.org\",\"@graph\":[{\"@type\":\"Article\",\"@id\":\"https:\/\/crees.org.do\/?p=28324#article\",\"isPartOf\":{\"@id\":\"https:\/\/crees.org.do\/?p=28324\"},\"author\":{\"name\":\"Crees\",\"@id\":\"https:\/\/crees.org.do\/#\/schema\/person\/e7f97cd94d7bf9cd0e0ce30acb7d56b8\"},\"headline\":\"\u00bfEs alta la tasa de pol\u00edtica monetaria?\",\"datePublished\":\"2025-06-05T15:42:28+00:00\",\"dateModified\":\"2025-06-06T16:01:23+00:00\",\"mainEntityOfPage\":{\"@id\":\"https:\/\/crees.org.do\/?p=28324\"},\"wordCount\":609,\"publisher\":{\"@id\":\"https:\/\/crees.org.do\/#organization\"},\"image\":{\"@id\":\"https:\/\/crees.org.do\/?p=28324#primaryimage\"},\"thumbnailUrl\":\"https:\/\/crees.org.do\/wp-content\/uploads\/2025\/06\/Untitled-copy-14-6-scaled.png\",\"articleSection\":[\"Art\u00edculos\"],\"inLanguage\":\"es\"},{\"@type\":\"WebPage\",\"@id\":\"https:\/\/crees.org.do\/?p=28324\",\"url\":\"https:\/\/crees.org.do\/?p=28324\",\"name\":\"\u00bfEs alta la tasa de pol\u00edtica monetaria? | CREES\",\"isPartOf\":{\"@id\":\"https:\/\/crees.org.do\/#website\"},\"primaryImageOfPage\":{\"@id\":\"https:\/\/crees.org.do\/?p=28324#primaryimage\"},\"image\":{\"@id\":\"https:\/\/crees.org.do\/?p=28324#primaryimage\"},\"thumbnailUrl\":\"https:\/\/crees.org.do\/wp-content\/uploads\/2025\/06\/Untitled-copy-14-6-scaled.png\",\"datePublished\":\"2025-06-05T15:42:28+00:00\",\"dateModified\":\"2025-06-06T16:01:23+00:00\",\"breadcrumb\":{\"@id\":\"https:\/\/crees.org.do\/?p=28324#breadcrumb\"},\"inLanguage\":\"es\",\"potentialAction\":[{\"@type\":\"ReadAction\",\"target\":[\"https:\/\/crees.org.do\/?p=28324\"]}]},{\"@type\":\"ImageObject\",\"inLanguage\":\"es\",\"@id\":\"https:\/\/crees.org.do\/?p=28324#primaryimage\",\"url\":\"https:\/\/crees.org.do\/wp-content\/uploads\/2025\/06\/Untitled-copy-14-6-scaled.png\",\"contentUrl\":\"https:\/\/crees.org.do\/wp-content\/uploads\/2025\/06\/Untitled-copy-14-6-scaled.png\",\"width\":1200,\"height\":1200},{\"@type\":\"BreadcrumbList\",\"@id\":\"https:\/\/crees.org.do\/?p=28324#breadcrumb\",\"itemListElement\":[{\"@type\":\"ListItem\",\"position\":1,\"name\":\"Portada\",\"item\":\"https:\/\/crees.org.do\/\"},{\"@type\":\"ListItem\",\"position\":2,\"name\":\"\u00bfEs alta la tasa de pol\u00edtica monetaria?\"}]},{\"@type\":\"WebSite\",\"@id\":\"https:\/\/crees.org.do\/#website\",\"url\":\"https:\/\/crees.org.do\/\",\"name\":\"CREES\",\"description\":\"Centro Regional de Estrategias Econ\u00f3micas Sostenibles\",\"publisher\":{\"@id\":\"https:\/\/crees.org.do\/#organization\"},\"potentialAction\":[{\"@type\":\"SearchAction\",\"target\":{\"@type\":\"EntryPoint\",\"urlTemplate\":\"https:\/\/crees.org.do\/?s={search_term_string}\"},\"query-input\":{\"@type\":\"PropertyValueSpecification\",\"valueRequired\":true,\"valueName\":\"search_term_string\"}}],\"inLanguage\":\"es\"},{\"@type\":\"Organization\",\"@id\":\"https:\/\/crees.org.do\/#organization\",\"name\":\"CREES | Centro Regional de Estrategias Econ\u00f3micas Sostenibles\",\"url\":\"https:\/\/crees.org.do\/\",\"logo\":{\"@type\":\"ImageObject\",\"inLanguage\":\"es\",\"@id\":\"https:\/\/crees.org.do\/#\/schema\/logo\/image\/\",\"url\":\"https:\/\/crees.org.do\/wp-content\/uploads\/2022\/03\/crees-logo-1.jpg\",\"contentUrl\":\"https:\/\/crees.org.do\/wp-content\/uploads\/2022\/03\/crees-logo-1.jpg\",\"width\":244,\"height\":71,\"caption\":\"CREES | Centro Regional de Estrategias Econ\u00f3micas Sostenibles\"},\"image\":{\"@id\":\"https:\/\/crees.org.do\/#\/schema\/logo\/image\/\"},\"sameAs\":[\"https:\/\/www.facebook.com\/CREESRD\/\",\"https:\/\/x.com\/CREESRD\"]},{\"@type\":\"Person\",\"@id\":\"https:\/\/crees.org.do\/#\/schema\/person\/e7f97cd94d7bf9cd0e0ce30acb7d56b8\",\"name\":\"Crees\",\"image\":{\"@type\":\"ImageObject\",\"inLanguage\":\"es\",\"@id\":\"https:\/\/crees.org.do\/#\/schema\/person\/image\/\",\"url\":\"https:\/\/secure.gravatar.com\/avatar\/390ac8f0be5d9aa046152553e2dd7011b59a512d89c150f5e5f28bb8d9a0b165?s=96&d=mm&r=g\",\"contentUrl\":\"https:\/\/secure.gravatar.com\/avatar\/390ac8f0be5d9aa046152553e2dd7011b59a512d89c150f5e5f28bb8d9a0b165?s=96&d=mm&r=g\",\"caption\":\"Crees\"},\"url\":\"https:\/\/crees.org.do\/?author=2\"}]}<\/script>\n<!-- \/ Yoast SEO plugin. -->","yoast_head_json":{"title":"\u00bfEs alta la tasa de pol\u00edtica monetaria? | CREES","robots":{"index":"index","follow":"follow","max-snippet":"max-snippet:-1","max-image-preview":"max-image-preview:large","max-video-preview":"max-video-preview:-1"},"canonical":"https:\/\/crees.org.do\/?p=28324","og_locale":"es_ES","og_type":"article","og_title":"\u00bfEs alta la tasa de pol\u00edtica monetaria? | CREES","og_description":"Autor: Miguel Collado Di Franco Fecha: 5 de junio de 2025 \u00bfEs alta la tasa de pol\u00edtica monetaria? La tabla muestra las tasas de pol\u00edtica monetaria, o de referencia, de cuatro de los principales bancos centrales del mundo, y la vigente en Rep\u00fablica Dominicana y en las cinco econom\u00edas de Am\u00e9rica Latina que poseen grado...","og_url":"https:\/\/crees.org.do\/?p=28324","og_site_name":"CREES","article_publisher":"https:\/\/www.facebook.com\/CREESRD\/","article_published_time":"2025-06-05T15:42:28+00:00","article_modified_time":"2025-06-06T16:01:23+00:00","og_image":[{"width":1200,"height":1200,"url":"https:\/\/crees.org.do\/wp-content\/uploads\/2025\/06\/Untitled-copy-14-6-scaled.png","type":"image\/png"}],"author":"Crees","twitter_card":"summary_large_image","twitter_creator":"@CREESRD","twitter_site":"@CREESRD","twitter_misc":{"Escrito por":"Crees","Tiempo de lectura":"3 minutos"},"schema":{"@context":"https:\/\/schema.org","@graph":[{"@type":"Article","@id":"https:\/\/crees.org.do\/?p=28324#article","isPartOf":{"@id":"https:\/\/crees.org.do\/?p=28324"},"author":{"name":"Crees","@id":"https:\/\/crees.org.do\/#\/schema\/person\/e7f97cd94d7bf9cd0e0ce30acb7d56b8"},"headline":"\u00bfEs alta la tasa de pol\u00edtica monetaria?","datePublished":"2025-06-05T15:42:28+00:00","dateModified":"2025-06-06T16:01:23+00:00","mainEntityOfPage":{"@id":"https:\/\/crees.org.do\/?p=28324"},"wordCount":609,"publisher":{"@id":"https:\/\/crees.org.do\/#organization"},"image":{"@id":"https:\/\/crees.org.do\/?p=28324#primaryimage"},"thumbnailUrl":"https:\/\/crees.org.do\/wp-content\/uploads\/2025\/06\/Untitled-copy-14-6-scaled.png","articleSection":["Art\u00edculos"],"inLanguage":"es"},{"@type":"WebPage","@id":"https:\/\/crees.org.do\/?p=28324","url":"https:\/\/crees.org.do\/?p=28324","name":"\u00bfEs alta la tasa de pol\u00edtica monetaria? | CREES","isPartOf":{"@id":"https:\/\/crees.org.do\/#website"},"primaryImageOfPage":{"@id":"https:\/\/crees.org.do\/?p=28324#primaryimage"},"image":{"@id":"https:\/\/crees.org.do\/?p=28324#primaryimage"},"thumbnailUrl":"https:\/\/crees.org.do\/wp-content\/uploads\/2025\/06\/Untitled-copy-14-6-scaled.png","datePublished":"2025-06-05T15:42:28+00:00","dateModified":"2025-06-06T16:01:23+00:00","breadcrumb":{"@id":"https:\/\/crees.org.do\/?p=28324#breadcrumb"},"inLanguage":"es","potentialAction":[{"@type":"ReadAction","target":["https:\/\/crees.org.do\/?p=28324"]}]},{"@type":"ImageObject","inLanguage":"es","@id":"https:\/\/crees.org.do\/?p=28324#primaryimage","url":"https:\/\/crees.org.do\/wp-content\/uploads\/2025\/06\/Untitled-copy-14-6-scaled.png","contentUrl":"https:\/\/crees.org.do\/wp-content\/uploads\/2025\/06\/Untitled-copy-14-6-scaled.png","width":1200,"height":1200},{"@type":"BreadcrumbList","@id":"https:\/\/crees.org.do\/?p=28324#breadcrumb","itemListElement":[{"@type":"ListItem","position":1,"name":"Portada","item":"https:\/\/crees.org.do\/"},{"@type":"ListItem","position":2,"name":"\u00bfEs alta la tasa de pol\u00edtica monetaria?"}]},{"@type":"WebSite","@id":"https:\/\/crees.org.do\/#website","url":"https:\/\/crees.org.do\/","name":"CREES","description":"Centro Regional de Estrategias Econ\u00f3micas Sostenibles","publisher":{"@id":"https:\/\/crees.org.do\/#organization"},"potentialAction":[{"@type":"SearchAction","target":{"@type":"EntryPoint","urlTemplate":"https:\/\/crees.org.do\/?s={search_term_string}"},"query-input":{"@type":"PropertyValueSpecification","valueRequired":true,"valueName":"search_term_string"}}],"inLanguage":"es"},{"@type":"Organization","@id":"https:\/\/crees.org.do\/#organization","name":"CREES | Centro Regional de Estrategias Econ\u00f3micas Sostenibles","url":"https:\/\/crees.org.do\/","logo":{"@type":"ImageObject","inLanguage":"es","@id":"https:\/\/crees.org.do\/#\/schema\/logo\/image\/","url":"https:\/\/crees.org.do\/wp-content\/uploads\/2022\/03\/crees-logo-1.jpg","contentUrl":"https:\/\/crees.org.do\/wp-content\/uploads\/2022\/03\/crees-logo-1.jpg","width":244,"height":71,"caption":"CREES | Centro Regional de Estrategias Econ\u00f3micas Sostenibles"},"image":{"@id":"https:\/\/crees.org.do\/#\/schema\/logo\/image\/"},"sameAs":["https:\/\/www.facebook.com\/CREESRD\/","https:\/\/x.com\/CREESRD"]},{"@type":"Person","@id":"https:\/\/crees.org.do\/#\/schema\/person\/e7f97cd94d7bf9cd0e0ce30acb7d56b8","name":"Crees","image":{"@type":"ImageObject","inLanguage":"es","@id":"https:\/\/crees.org.do\/#\/schema\/person\/image\/","url":"https:\/\/secure.gravatar.com\/avatar\/390ac8f0be5d9aa046152553e2dd7011b59a512d89c150f5e5f28bb8d9a0b165?s=96&d=mm&r=g","contentUrl":"https:\/\/secure.gravatar.com\/avatar\/390ac8f0be5d9aa046152553e2dd7011b59a512d89c150f5e5f28bb8d9a0b165?s=96&d=mm&r=g","caption":"Crees"},"url":"https:\/\/crees.org.do\/?author=2"}]}},"_links":{"self":[{"href":"https:\/\/crees.org.do\/index.php?rest_route=\/wp\/v2\/posts\/28324","targetHints":{"allow":["GET"]}}],"collection":[{"href":"https:\/\/crees.org.do\/index.php?rest_route=\/wp\/v2\/posts"}],"about":[{"href":"https:\/\/crees.org.do\/index.php?rest_route=\/wp\/v2\/types\/post"}],"author":[{"embeddable":true,"href":"https:\/\/crees.org.do\/index.php?rest_route=\/wp\/v2\/users\/2"}],"replies":[{"embeddable":true,"href":"https:\/\/crees.org.do\/index.php?rest_route=%2Fwp%2Fv2%2Fcomments&post=28324"}],"version-history":[{"count":2,"href":"https:\/\/crees.org.do\/index.php?rest_route=\/wp\/v2\/posts\/28324\/revisions"}],"predecessor-version":[{"id":28334,"href":"https:\/\/crees.org.do\/index.php?rest_route=\/wp\/v2\/posts\/28324\/revisions\/28334"}],"wp:featuredmedia":[{"embeddable":true,"href":"https:\/\/crees.org.do\/index.php?rest_route=\/wp\/v2\/media\/28325"}],"wp:attachment":[{"href":"https:\/\/crees.org.do\/index.php?rest_route=%2Fwp%2Fv2%2Fmedia&parent=28324"}],"wp:term":[{"taxonomy":"category","embeddable":true,"href":"https:\/\/crees.org.do\/index.php?rest_route=%2Fwp%2Fv2%2Fcategories&post=28324"},{"taxonomy":"post_tag","embeddable":true,"href":"https:\/\/crees.org.do\/index.php?rest_route=%2Fwp%2Fv2%2Ftags&post=28324"}],"curies":[{"name":"wp","href":"https:\/\/api.w.org\/{rel}","templated":true}]}}