{"id":28327,"date":"2025-06-05T20:54:41","date_gmt":"2025-06-05T20:54:41","guid":{"rendered":"https:\/\/crees.org.do\/?p=28327"},"modified":"2025-06-05T20:54:41","modified_gmt":"2025-06-05T20:54:41","slug":"que-es-el-crecimiento-economico-y-que-no-es","status":"publish","type":"post","link":"https:\/\/crees.org.do\/?p=28327","title":{"rendered":"\u00bfQu\u00e9 es el crecimiento econ\u00f3mico? (\u00bfY qu\u00e9 no es?)"},"content":{"rendered":"<p><img fetchpriority=\"high\" decoding=\"async\" class=\"aligncenter wp-image-28328\" src=\"https:\/\/crees.org.do\/wp-content\/uploads\/2025\/06\/per_bylund_2020.jpg.png\" alt=\"\" width=\"300\" height=\"372\" srcset=\"https:\/\/crees.org.do\/wp-content\/uploads\/2025\/06\/per_bylund_2020.jpg.png 650w, https:\/\/crees.org.do\/wp-content\/uploads\/2025\/06\/per_bylund_2020.jpg-363x450.png 363w\" sizes=\"(max-width: 300px) 100vw, 300px\" \/><\/p>\n<h2 class=\"text-4xl font-crimson text-misesGreyDark [text-wrap:balance] md:text-5xl lg:text-6xl mb-4\" style=\"text-align: center;\">\u00bfQu\u00e9 es el crecimiento econ\u00f3mico? (\u00bfY qu\u00e9 no es?)<\/h2>\n<p>Autor: Per Bylund<\/p>\n<p>Fecha: 13 de diciembre de 2018<\/p>\n<p>Extra\u00eddo de: <a href=\"https:\/\/mises.org\/es\/mises-wire\/que-es-el-crecimiento-economico-y-que-no-es\">Mises Institue<\/a><\/p>\n<h2 class=\"text-4xl font-crimson text-misesGreyDark [text-wrap:balance] md:text-5xl lg:text-6xl mb-4\" style=\"text-align: justify;\">\u00bfQu\u00e9 es el crecimiento econ\u00f3mico? (\u00bfY qu\u00e9 no es?)<\/h2>\n<p style=\"text-align: justify;\">Existe una grave confusi\u00f3n sobre el significado del crecimiento econ\u00f3mico. Muchos parecen pensar err\u00f3neamente que tiene que ver con el PIB o producir cosas. No es as\u00ed. El crecimiento econ\u00f3mico significa que la capacidad de una econom\u00eda para satisfacer las necesidades de las personas, sean lo que sean, es decir, para producir bienestar, aumenta.<\/p>\n<p style=\"text-align: justify;\">El PIB es una forma bastante terrible de capturar esto utilizando estad\u00edsticas [p\u00fablicas] y, por lo tanto, se corrompe por aquellos que se benefician de la corrupci\u00f3n de dichas cifras. El PIB no es crecimiento.<\/p>\n<p style=\"text-align: justify;\">Del mismo modo, tener m\u00e1s cosas en las tiendas no es crecimiento. Producir cantidades crecientes de cosas que nadie est\u00e1 dispuesto a comprar es lo opuesto al crecimiento econ\u00f3mico: est\u00e1 desperdiciando nuestra limitada capacidad productiva. Pero tenga en cuenta la palabra \u201cdispuesto\u201d. El bienestar no se trata de necesidades [objetivas], sino de poder escapar de la inquietud sentida. Puede resultar correcto o incorrecto, pero eso no viene al caso. El crecimiento econ\u00f3mico es el aumento de la\u00a0<em>capacidad<\/em>\u00a0para satisfacer cualquier deseo que la gente tenga, por cualquier raz\u00f3n que lo tenga.<\/p>\n<p style=\"text-align: justify;\">Los ejemplos de crecimiento econ\u00f3mico no son el nuevo iPhone o juguete de pl\u00e1stico fabricado en China, sino la disponibilidad de viviendas de calidad, alimentos y nutrici\u00f3n, y la capacidad de tratar enfermedades.<\/p>\n<p style=\"text-align: justify;\">Un ejemplo obvio del crecimiento econ\u00f3mico desde los d\u00edas de Malthus es el enorme aumento de nuestra capacidad para producir alimentos. La cantidad\u00a0<em>y\u00a0<\/em>la calidad han aumentado enormemente. Usamos menos recursos para satisfacer m\u00e1s necesidades: ese es el significado del crecimiento econ\u00f3mico. Lo econ\u00f3mico significa simplemente economizar, o encontrar el mejor uso de los recursos escasos (no solo naturales). El crecimiento econ\u00f3mico es, por lo tanto, mejor economizaci\u00f3n, lo que significa que tenemos la capacidad, lo que significa que podemos\u00a0<em>permitirnos<\/em>, satisfacer m\u00e1s necesidades que solo las necesidades b\u00e1sicas.<\/p>\n<p style=\"text-align: justify;\">Lo bello del crecimiento econ\u00f3mico es que se aplica a la sociedad en general, as\u00ed como a todos los individuos: una mayor capacidad productiva significa m\u00e1s formas de satisfacer los deseos, pero tambi\u00e9n formas m\u00e1s baratas de hacerlo. Pero esto, por supuesto, no implica que la distribuci\u00f3n del acceso y la capacidad de consumo sea igual e instant\u00e1nea. Se propaga de manera gradual y llegar\u00e1 a todos.<\/p>\n<p style=\"text-align: justify;\">Adem\u00e1s, el aumento de la productividad realmente aumenta el poder de compra de todo el dinero, incluidos (y lo m\u00e1s importante) los bajos salarios, por lo que es mucho m\u00e1s \u201casequible\u201d para satisfacer las necesidades y deseos de cada uno. Pero tenga en cuenta que la distribuci\u00f3n de tal prosperidad no puede ser igual o instant\u00e1nea: cualquier nueva innovaci\u00f3n, nuevo bien, nuevo servicio, etc., se crear\u00e1 en alg\u00fan lugar, por alguien, no se puede crear para m\u00e1s de siete mil millones de personas instant\u00e1neamente. Por lo tanto, todo lo nuevo, incluidos los nuevos puestos de trabajo y las nuevas capacidades productivas, tiene que extenderse, como ondas, en toda la econom\u00eda.<\/p>\n<p style=\"text-align: justify;\">Mientras se crean cosas nuevas todo el tiempo, significa que nunca llegaremos a un punto en el que todos disfruten exactamente del mismo nivel de vida. No puede ser de otra manera porque el crecimiento econ\u00f3mico, y el bienestar que genera a trav\u00e9s de la capacidad de satisfacer los deseos, es un\u00a0<em>proceso<\/em>. La perfecta igualdad solo es posible si no se tiene crecimiento: tirar de los frenos, no aumentar el bienestar. En otras palabras, no aumentar la comodidad y los est\u00e1ndares de vida, no averiguar c\u00f3mo tratar enfermedades que de otra manera no podr\u00edamos curar pronto.<\/p>\n<p style=\"text-align: justify;\">Esas son nuestras opciones, no el cuento de hadas de \u00abacceso equitativo al resultado del crecimiento\u00bb.<\/p>\n<p style=\"text-align: justify;\">Esto no significa, por supuesto, que deber\u00edamos estar satisfechos con las desigualdades. Solo significa que debemos reconocer que alguna desigualdad es ineludible si queremos que todos disfruten de niveles de vida m\u00e1s altos. Pero tambi\u00e9n debemos reconocer que gran parte de la desigualdad que vemos hoy\u00a0<em>no<\/em>\u00a0es de este tipo \u201cnatural\u201d: es desigualdad de origen pol\u00edtico m\u00e1s que econ\u00f3mico. Esto viene en dos formas: heredado de los privilegios que disfrutan unos pocos en el pasado, reforzado por las estructuras pol\u00edticas y sociales contempor\u00e1neas, y los privilegios creados hoy a trav\u00e9s de pol\u00edticas que crean ganadores (amiguismo, favoritismo, b\u00fasqueda de rentas, etc.)<\/p>\n<p style=\"text-align: justify;\">Desde el punto de vista del crecimiento econ\u00f3mico como un fen\u00f3meno econ\u00f3mico, la desigualdad originada en las pol\u00edticas tiene efectos tanto en la creaci\u00f3n como en la distribuci\u00f3n de la prosperidad:<\/p>\n<ol style=\"text-align: justify;\">\n<li>La pol\u00edtica crea ganadores al (a) proteger a algunos de la competencia de los nuevos participantes y los ganadores futuros y (b) restringir (monopolizar) el uso de nuevas tecnolog\u00edas, lo que apuntalar\u00e1 a los titulares.<\/li>\n<li>La pol\u00edtica crea perdedores al redistribuir el valor y las capacidades econ\u00f3micas de aquellos favorecidos pol\u00edticamente.<\/li>\n<\/ol>\n<p style=\"text-align: justify;\">Esto significa que la pol\u00edtica tiene dos efectos principales sobre el crecimiento econ\u00f3mico: limita la creaci\u00f3n de valor y distorsiona su distribuci\u00f3n. No hace falta decir que esta desigualdad no es beneficiosa para la sociedad en general, sino solo para los favorecidos. Es la creaci\u00f3n de ganadores\u00a0<em>por<\/em>\u00a0crear perdedores.<\/p>\n<p style=\"text-align: justify;\">Esto no es un crecimiento econ\u00f3mico, que se logra al economizar mejor: la mayor capacidad para satisfacer los deseos. En cierto sentido, el favoritismo pol\u00edtico y la desigualdad que causa es lo opuesto al crecimiento econ\u00f3mico, ya que genera ganadores (ricos) a expensas de otros (generalmente distribuidos en una poblaci\u00f3n m\u00e1s grande). Es solo una redistribuci\u00f3n de valor ya creada al mismo tiempo que se introducen ineficiencias en el sistema: asignaci\u00f3n de capacidades productivas que no se basa en la creaci\u00f3n de bienestar sino en la influencia pol\u00edtica.<\/p>\n<p style=\"text-align: justify;\">Con el tiempo, la econom\u00eda en realidad est\u00e1 en una situaci\u00f3n peor, por lo que el proceso de crecimiento econ\u00f3mico sufre. Es importante tener en cuenta estos dos \u201clados\u201d de la moneda de desigualdad cuando se discute el problema. Simplemente presionando el bot\u00f3n \u201cdetener\u201d en el crecimiento econ\u00f3mico solo se lograr\u00e1 una mayor influencia de la pol\u00edtica sobre la econom\u00eda. Eso no es beneficioso, al menos no para otros que no sean la clase pol\u00edtica y los \u201cde adentro\u201d del sistema corporativista.<\/p>\n<p style=\"text-align: justify;\">M\u00e1s bien, una soluci\u00f3n ser\u00eda deshacerse de los privilegios creados pol\u00edticamente y reforzados y permitir que los procesos econ\u00f3micos se reajusten a la realidad: apuntar a la producci\u00f3n de bienestar en lugar de favores e influencia. Esto no eliminar\u00e1 la desigualdad como tal, sino que la reducir\u00e1 significativamente, y eliminar\u00e1 la mayor\u00eda de sus efectos da\u00f1inos. Significar\u00eda una econom\u00eda donde los empresarios y los trabajadores se beneficiaran al producir valor para otros. En otras palabras, el crecimiento econ\u00f3mico y los niveles de vida m\u00e1s altos.<\/p>\n<p style=\"text-align: justify;\">Las alternativas son bastante f\u00e1ciles de entender, pero lo que com\u00fanmente est\u00e1 en la agenda de los expertos y los comentaristas pol\u00edticos son alternativas inventadas, a menudo utop\u00edas ignorantes, que distorsionan los significados de los privilegios y el crecimiento econ\u00f3mico. Las alternativas que tenemos son las mencionadas anteriormente, nada m\u00e1s. Haga su elecci\u00f3n. Tratar de realizar cuentos de hadas imposibles es una p\u00e9rdida de tiempo, esfuerzo y recursos. No es as\u00ed como aumentamos el bienestar y elevamos el nivel de vida.<\/p>\n<p style=\"text-align: justify;\">Para m\u00ed, la soluci\u00f3n es bastante obvia. La mayor\u00eda de la gente parece escoger el cuento de hadas.<\/p>\n<div class=\"pvc_clear\"><\/div>\n<p class=\"pvc_stats all \" data-element-id=\"28327\" style=\"\"><i class=\"pvc-stats-icon medium\" aria-hidden=\"true\"><svg aria-hidden=\"true\" focusable=\"false\" data-prefix=\"far\" data-icon=\"chart-bar\" role=\"img\" xmlns=\"http:\/\/www.w3.org\/2000\/svg\" viewBox=\"0 0 512 512\" class=\"svg-inline--fa fa-chart-bar fa-w-16 fa-2x\"><path fill=\"currentColor\" d=\"M396.8 352h22.4c6.4 0 12.8-6.4 12.8-12.8V108.8c0-6.4-6.4-12.8-12.8-12.8h-22.4c-6.4 0-12.8 6.4-12.8 12.8v230.4c0 6.4 6.4 12.8 12.8 12.8zm-192 0h22.4c6.4 0 12.8-6.4 12.8-12.8V140.8c0-6.4-6.4-12.8-12.8-12.8h-22.4c-6.4 0-12.8 6.4-12.8 12.8v198.4c0 6.4 6.4 12.8 12.8 12.8zm96 0h22.4c6.4 0 12.8-6.4 12.8-12.8V204.8c0-6.4-6.4-12.8-12.8-12.8h-22.4c-6.4 0-12.8 6.4-12.8 12.8v134.4c0 6.4 6.4 12.8 12.8 12.8zM496 400H48V80c0-8.84-7.16-16-16-16H16C7.16 64 0 71.16 0 80v336c0 17.67 14.33 32 32 32h464c8.84 0 16-7.16 16-16v-16c0-8.84-7.16-16-16-16zm-387.2-48h22.4c6.4 0 12.8-6.4 12.8-12.8v-70.4c0-6.4-6.4-12.8-12.8-12.8h-22.4c-6.4 0-12.8 6.4-12.8 12.8v70.4c0 6.4 6.4 12.8 12.8 12.8z\" class=\"\"><\/path><\/svg><\/i> Vistas Totales&nbsp;1,176&nbsp;, Vistas Hoy&nbsp;2&nbsp;<\/p>\n<div class=\"pvc_clear\"><\/div>\n","protected":false},"excerpt":{"rendered":"<p>\u00bfQu\u00e9 es el crecimiento econ\u00f3mico? (\u00bfY qu\u00e9 no es?) Autor: Per Bylund Fecha: 13 de diciembre de 2018 Extra\u00eddo de: Mises Institue \u00bfQu\u00e9 es el crecimiento econ\u00f3mico? (\u00bfY qu\u00e9 no es?) Existe una grave confusi\u00f3n sobre el significado del crecimiento econ\u00f3mico. Muchos parecen pensar err\u00f3neamente que tiene que ver con el PIB o producir cosas&#8230;.<\/p>\n<div class=\"pvc_clear\"><\/div>\n<p class=\"pvc_stats all \" data-element-id=\"28327\" style=\"\"><i class=\"pvc-stats-icon medium\" aria-hidden=\"true\"><svg aria-hidden=\"true\" focusable=\"false\" data-prefix=\"far\" data-icon=\"chart-bar\" role=\"img\" xmlns=\"http:\/\/www.w3.org\/2000\/svg\" viewBox=\"0 0 512 512\" class=\"svg-inline--fa fa-chart-bar fa-w-16 fa-2x\"><path fill=\"currentColor\" d=\"M396.8 352h22.4c6.4 0 12.8-6.4 12.8-12.8V108.8c0-6.4-6.4-12.8-12.8-12.8h-22.4c-6.4 0-12.8 6.4-12.8 12.8v230.4c0 6.4 6.4 12.8 12.8 12.8zm-192 0h22.4c6.4 0 12.8-6.4 12.8-12.8V140.8c0-6.4-6.4-12.8-12.8-12.8h-22.4c-6.4 0-12.8 6.4-12.8 12.8v198.4c0 6.4 6.4 12.8 12.8 12.8zm96 0h22.4c6.4 0 12.8-6.4 12.8-12.8V204.8c0-6.4-6.4-12.8-12.8-12.8h-22.4c-6.4 0-12.8 6.4-12.8 12.8v134.4c0 6.4 6.4 12.8 12.8 12.8zM496 400H48V80c0-8.84-7.16-16-16-16H16C7.16 64 0 71.16 0 80v336c0 17.67 14.33 32 32 32h464c8.84 0 16-7.16 16-16v-16c0-8.84-7.16-16-16-16zm-387.2-48h22.4c6.4 0 12.8-6.4 12.8-12.8v-70.4c0-6.4-6.4-12.8-12.8-12.8h-22.4c-6.4 0-12.8 6.4-12.8 12.8v70.4c0 6.4 6.4 12.8 12.8 12.8z\" class=\"\"><\/path><\/svg><\/i> Vistas Totales&nbsp;1,176&nbsp;, Vistas Hoy&nbsp;2&nbsp;<\/p>\n<div class=\"pvc_clear\"><\/div>\n","protected":false},"author":2,"featured_media":28328,"comment_status":"closed","ping_status":"closed","sticky":false,"template":"","format":"standard","meta":{"footnotes":""},"categories":[22],"tags":[],"class_list":["post-28327","post","type-post","status-publish","format-standard","has-post-thumbnail","hentry","category-articulos"],"yoast_head":"<!-- This site is optimized with the Yoast SEO plugin v25.2 - https:\/\/yoast.com\/wordpress\/plugins\/seo\/ -->\n<title>\u00bfQu\u00e9 es el crecimiento econ\u00f3mico? (\u00bfY qu\u00e9 no es?) | CREES<\/title>\n<meta name=\"robots\" content=\"index, follow, max-snippet:-1, max-image-preview:large, max-video-preview:-1\" \/>\n<link rel=\"canonical\" href=\"https:\/\/crees.org.do\/?p=28327\" \/>\n<meta property=\"og:locale\" content=\"es_ES\" \/>\n<meta property=\"og:type\" content=\"article\" \/>\n<meta property=\"og:title\" content=\"\u00bfQu\u00e9 es el crecimiento econ\u00f3mico? (\u00bfY qu\u00e9 no es?) | CREES\" \/>\n<meta property=\"og:description\" content=\"\u00bfQu\u00e9 es el crecimiento econ\u00f3mico? (\u00bfY qu\u00e9 no es?) Autor: Per Bylund Fecha: 13 de diciembre de 2018 Extra\u00eddo de: Mises Institue \u00bfQu\u00e9 es el crecimiento econ\u00f3mico? (\u00bfY qu\u00e9 no es?) Existe una grave confusi\u00f3n sobre el significado del crecimiento econ\u00f3mico. Muchos parecen pensar err\u00f3neamente que tiene que ver con el PIB o producir cosas....\" \/>\n<meta property=\"og:url\" content=\"https:\/\/crees.org.do\/?p=28327\" \/>\n<meta property=\"og:site_name\" content=\"CREES\" \/>\n<meta property=\"article:publisher\" content=\"https:\/\/www.facebook.com\/CREESRD\/\" \/>\n<meta property=\"article:published_time\" content=\"2025-06-05T20:54:41+00:00\" \/>\n<meta property=\"og:image\" content=\"https:\/\/crees.org.do\/wp-content\/uploads\/2025\/06\/per_bylund_2020.jpg.png\" \/>\n\t<meta property=\"og:image:width\" content=\"650\" \/>\n\t<meta property=\"og:image:height\" content=\"806\" \/>\n\t<meta property=\"og:image:type\" content=\"image\/png\" \/>\n<meta name=\"author\" content=\"Crees\" \/>\n<meta name=\"twitter:card\" content=\"summary_large_image\" \/>\n<meta name=\"twitter:creator\" content=\"@CREESRD\" \/>\n<meta name=\"twitter:site\" content=\"@CREESRD\" \/>\n<meta name=\"twitter:label1\" content=\"Escrito por\" \/>\n\t<meta name=\"twitter:data1\" content=\"Crees\" \/>\n\t<meta name=\"twitter:label2\" content=\"Tiempo de lectura\" \/>\n\t<meta name=\"twitter:data2\" content=\"7 minutos\" \/>\n<script type=\"application\/ld+json\" class=\"yoast-schema-graph\">{\"@context\":\"https:\/\/schema.org\",\"@graph\":[{\"@type\":\"Article\",\"@id\":\"https:\/\/crees.org.do\/?p=28327#article\",\"isPartOf\":{\"@id\":\"https:\/\/crees.org.do\/?p=28327\"},\"author\":{\"name\":\"Crees\",\"@id\":\"https:\/\/crees.org.do\/#\/schema\/person\/e7f97cd94d7bf9cd0e0ce30acb7d56b8\"},\"headline\":\"\u00bfQu\u00e9 es el crecimiento econ\u00f3mico? (\u00bfY qu\u00e9 no es?)\",\"datePublished\":\"2025-06-05T20:54:41+00:00\",\"mainEntityOfPage\":{\"@id\":\"https:\/\/crees.org.do\/?p=28327\"},\"wordCount\":1335,\"publisher\":{\"@id\":\"https:\/\/crees.org.do\/#organization\"},\"image\":{\"@id\":\"https:\/\/crees.org.do\/?p=28327#primaryimage\"},\"thumbnailUrl\":\"https:\/\/crees.org.do\/wp-content\/uploads\/2025\/06\/per_bylund_2020.jpg.png\",\"articleSection\":[\"Art\u00edculos\"],\"inLanguage\":\"es\"},{\"@type\":\"WebPage\",\"@id\":\"https:\/\/crees.org.do\/?p=28327\",\"url\":\"https:\/\/crees.org.do\/?p=28327\",\"name\":\"\u00bfQu\u00e9 es el crecimiento econ\u00f3mico? (\u00bfY qu\u00e9 no es?) | CREES\",\"isPartOf\":{\"@id\":\"https:\/\/crees.org.do\/#website\"},\"primaryImageOfPage\":{\"@id\":\"https:\/\/crees.org.do\/?p=28327#primaryimage\"},\"image\":{\"@id\":\"https:\/\/crees.org.do\/?p=28327#primaryimage\"},\"thumbnailUrl\":\"https:\/\/crees.org.do\/wp-content\/uploads\/2025\/06\/per_bylund_2020.jpg.png\",\"datePublished\":\"2025-06-05T20:54:41+00:00\",\"breadcrumb\":{\"@id\":\"https:\/\/crees.org.do\/?p=28327#breadcrumb\"},\"inLanguage\":\"es\",\"potentialAction\":[{\"@type\":\"ReadAction\",\"target\":[\"https:\/\/crees.org.do\/?p=28327\"]}]},{\"@type\":\"ImageObject\",\"inLanguage\":\"es\",\"@id\":\"https:\/\/crees.org.do\/?p=28327#primaryimage\",\"url\":\"https:\/\/crees.org.do\/wp-content\/uploads\/2025\/06\/per_bylund_2020.jpg.png\",\"contentUrl\":\"https:\/\/crees.org.do\/wp-content\/uploads\/2025\/06\/per_bylund_2020.jpg.png\",\"width\":650,\"height\":806},{\"@type\":\"BreadcrumbList\",\"@id\":\"https:\/\/crees.org.do\/?p=28327#breadcrumb\",\"itemListElement\":[{\"@type\":\"ListItem\",\"position\":1,\"name\":\"Portada\",\"item\":\"https:\/\/crees.org.do\/\"},{\"@type\":\"ListItem\",\"position\":2,\"name\":\"\u00bfQu\u00e9 es el crecimiento econ\u00f3mico? (\u00bfY qu\u00e9 no es?)\"}]},{\"@type\":\"WebSite\",\"@id\":\"https:\/\/crees.org.do\/#website\",\"url\":\"https:\/\/crees.org.do\/\",\"name\":\"CREES\",\"description\":\"Centro Regional de Estrategias Econ\u00f3micas Sostenibles\",\"publisher\":{\"@id\":\"https:\/\/crees.org.do\/#organization\"},\"potentialAction\":[{\"@type\":\"SearchAction\",\"target\":{\"@type\":\"EntryPoint\",\"urlTemplate\":\"https:\/\/crees.org.do\/?s={search_term_string}\"},\"query-input\":{\"@type\":\"PropertyValueSpecification\",\"valueRequired\":true,\"valueName\":\"search_term_string\"}}],\"inLanguage\":\"es\"},{\"@type\":\"Organization\",\"@id\":\"https:\/\/crees.org.do\/#organization\",\"name\":\"CREES | Centro Regional de Estrategias Econ\u00f3micas Sostenibles\",\"url\":\"https:\/\/crees.org.do\/\",\"logo\":{\"@type\":\"ImageObject\",\"inLanguage\":\"es\",\"@id\":\"https:\/\/crees.org.do\/#\/schema\/logo\/image\/\",\"url\":\"https:\/\/crees.org.do\/wp-content\/uploads\/2022\/03\/crees-logo-1.jpg\",\"contentUrl\":\"https:\/\/crees.org.do\/wp-content\/uploads\/2022\/03\/crees-logo-1.jpg\",\"width\":244,\"height\":71,\"caption\":\"CREES | Centro Regional de Estrategias Econ\u00f3micas Sostenibles\"},\"image\":{\"@id\":\"https:\/\/crees.org.do\/#\/schema\/logo\/image\/\"},\"sameAs\":[\"https:\/\/www.facebook.com\/CREESRD\/\",\"https:\/\/x.com\/CREESRD\"]},{\"@type\":\"Person\",\"@id\":\"https:\/\/crees.org.do\/#\/schema\/person\/e7f97cd94d7bf9cd0e0ce30acb7d56b8\",\"name\":\"Crees\",\"image\":{\"@type\":\"ImageObject\",\"inLanguage\":\"es\",\"@id\":\"https:\/\/crees.org.do\/#\/schema\/person\/image\/\",\"url\":\"https:\/\/secure.gravatar.com\/avatar\/390ac8f0be5d9aa046152553e2dd7011b59a512d89c150f5e5f28bb8d9a0b165?s=96&d=mm&r=g\",\"contentUrl\":\"https:\/\/secure.gravatar.com\/avatar\/390ac8f0be5d9aa046152553e2dd7011b59a512d89c150f5e5f28bb8d9a0b165?s=96&d=mm&r=g\",\"caption\":\"Crees\"},\"url\":\"https:\/\/crees.org.do\/?author=2\"}]}<\/script>\n<!-- \/ Yoast SEO plugin. -->","yoast_head_json":{"title":"\u00bfQu\u00e9 es el crecimiento econ\u00f3mico? (\u00bfY qu\u00e9 no es?) | CREES","robots":{"index":"index","follow":"follow","max-snippet":"max-snippet:-1","max-image-preview":"max-image-preview:large","max-video-preview":"max-video-preview:-1"},"canonical":"https:\/\/crees.org.do\/?p=28327","og_locale":"es_ES","og_type":"article","og_title":"\u00bfQu\u00e9 es el crecimiento econ\u00f3mico? (\u00bfY qu\u00e9 no es?) | CREES","og_description":"\u00bfQu\u00e9 es el crecimiento econ\u00f3mico? (\u00bfY qu\u00e9 no es?) Autor: Per Bylund Fecha: 13 de diciembre de 2018 Extra\u00eddo de: Mises Institue \u00bfQu\u00e9 es el crecimiento econ\u00f3mico? (\u00bfY qu\u00e9 no es?) Existe una grave confusi\u00f3n sobre el significado del crecimiento econ\u00f3mico. Muchos parecen pensar err\u00f3neamente que tiene que ver con el PIB o producir cosas....","og_url":"https:\/\/crees.org.do\/?p=28327","og_site_name":"CREES","article_publisher":"https:\/\/www.facebook.com\/CREESRD\/","article_published_time":"2025-06-05T20:54:41+00:00","og_image":[{"width":650,"height":806,"url":"https:\/\/crees.org.do\/wp-content\/uploads\/2025\/06\/per_bylund_2020.jpg.png","type":"image\/png"}],"author":"Crees","twitter_card":"summary_large_image","twitter_creator":"@CREESRD","twitter_site":"@CREESRD","twitter_misc":{"Escrito por":"Crees","Tiempo de lectura":"7 minutos"},"schema":{"@context":"https:\/\/schema.org","@graph":[{"@type":"Article","@id":"https:\/\/crees.org.do\/?p=28327#article","isPartOf":{"@id":"https:\/\/crees.org.do\/?p=28327"},"author":{"name":"Crees","@id":"https:\/\/crees.org.do\/#\/schema\/person\/e7f97cd94d7bf9cd0e0ce30acb7d56b8"},"headline":"\u00bfQu\u00e9 es el crecimiento econ\u00f3mico? (\u00bfY qu\u00e9 no es?)","datePublished":"2025-06-05T20:54:41+00:00","mainEntityOfPage":{"@id":"https:\/\/crees.org.do\/?p=28327"},"wordCount":1335,"publisher":{"@id":"https:\/\/crees.org.do\/#organization"},"image":{"@id":"https:\/\/crees.org.do\/?p=28327#primaryimage"},"thumbnailUrl":"https:\/\/crees.org.do\/wp-content\/uploads\/2025\/06\/per_bylund_2020.jpg.png","articleSection":["Art\u00edculos"],"inLanguage":"es"},{"@type":"WebPage","@id":"https:\/\/crees.org.do\/?p=28327","url":"https:\/\/crees.org.do\/?p=28327","name":"\u00bfQu\u00e9 es el crecimiento econ\u00f3mico? (\u00bfY qu\u00e9 no es?) | CREES","isPartOf":{"@id":"https:\/\/crees.org.do\/#website"},"primaryImageOfPage":{"@id":"https:\/\/crees.org.do\/?p=28327#primaryimage"},"image":{"@id":"https:\/\/crees.org.do\/?p=28327#primaryimage"},"thumbnailUrl":"https:\/\/crees.org.do\/wp-content\/uploads\/2025\/06\/per_bylund_2020.jpg.png","datePublished":"2025-06-05T20:54:41+00:00","breadcrumb":{"@id":"https:\/\/crees.org.do\/?p=28327#breadcrumb"},"inLanguage":"es","potentialAction":[{"@type":"ReadAction","target":["https:\/\/crees.org.do\/?p=28327"]}]},{"@type":"ImageObject","inLanguage":"es","@id":"https:\/\/crees.org.do\/?p=28327#primaryimage","url":"https:\/\/crees.org.do\/wp-content\/uploads\/2025\/06\/per_bylund_2020.jpg.png","contentUrl":"https:\/\/crees.org.do\/wp-content\/uploads\/2025\/06\/per_bylund_2020.jpg.png","width":650,"height":806},{"@type":"BreadcrumbList","@id":"https:\/\/crees.org.do\/?p=28327#breadcrumb","itemListElement":[{"@type":"ListItem","position":1,"name":"Portada","item":"https:\/\/crees.org.do\/"},{"@type":"ListItem","position":2,"name":"\u00bfQu\u00e9 es el crecimiento econ\u00f3mico? (\u00bfY qu\u00e9 no es?)"}]},{"@type":"WebSite","@id":"https:\/\/crees.org.do\/#website","url":"https:\/\/crees.org.do\/","name":"CREES","description":"Centro Regional de Estrategias Econ\u00f3micas Sostenibles","publisher":{"@id":"https:\/\/crees.org.do\/#organization"},"potentialAction":[{"@type":"SearchAction","target":{"@type":"EntryPoint","urlTemplate":"https:\/\/crees.org.do\/?s={search_term_string}"},"query-input":{"@type":"PropertyValueSpecification","valueRequired":true,"valueName":"search_term_string"}}],"inLanguage":"es"},{"@type":"Organization","@id":"https:\/\/crees.org.do\/#organization","name":"CREES | Centro Regional de Estrategias Econ\u00f3micas Sostenibles","url":"https:\/\/crees.org.do\/","logo":{"@type":"ImageObject","inLanguage":"es","@id":"https:\/\/crees.org.do\/#\/schema\/logo\/image\/","url":"https:\/\/crees.org.do\/wp-content\/uploads\/2022\/03\/crees-logo-1.jpg","contentUrl":"https:\/\/crees.org.do\/wp-content\/uploads\/2022\/03\/crees-logo-1.jpg","width":244,"height":71,"caption":"CREES | Centro Regional de Estrategias Econ\u00f3micas Sostenibles"},"image":{"@id":"https:\/\/crees.org.do\/#\/schema\/logo\/image\/"},"sameAs":["https:\/\/www.facebook.com\/CREESRD\/","https:\/\/x.com\/CREESRD"]},{"@type":"Person","@id":"https:\/\/crees.org.do\/#\/schema\/person\/e7f97cd94d7bf9cd0e0ce30acb7d56b8","name":"Crees","image":{"@type":"ImageObject","inLanguage":"es","@id":"https:\/\/crees.org.do\/#\/schema\/person\/image\/","url":"https:\/\/secure.gravatar.com\/avatar\/390ac8f0be5d9aa046152553e2dd7011b59a512d89c150f5e5f28bb8d9a0b165?s=96&d=mm&r=g","contentUrl":"https:\/\/secure.gravatar.com\/avatar\/390ac8f0be5d9aa046152553e2dd7011b59a512d89c150f5e5f28bb8d9a0b165?s=96&d=mm&r=g","caption":"Crees"},"url":"https:\/\/crees.org.do\/?author=2"}]}},"_links":{"self":[{"href":"https:\/\/crees.org.do\/index.php?rest_route=\/wp\/v2\/posts\/28327","targetHints":{"allow":["GET"]}}],"collection":[{"href":"https:\/\/crees.org.do\/index.php?rest_route=\/wp\/v2\/posts"}],"about":[{"href":"https:\/\/crees.org.do\/index.php?rest_route=\/wp\/v2\/types\/post"}],"author":[{"embeddable":true,"href":"https:\/\/crees.org.do\/index.php?rest_route=\/wp\/v2\/users\/2"}],"replies":[{"embeddable":true,"href":"https:\/\/crees.org.do\/index.php?rest_route=%2Fwp%2Fv2%2Fcomments&post=28327"}],"version-history":[{"count":1,"href":"https:\/\/crees.org.do\/index.php?rest_route=\/wp\/v2\/posts\/28327\/revisions"}],"predecessor-version":[{"id":28329,"href":"https:\/\/crees.org.do\/index.php?rest_route=\/wp\/v2\/posts\/28327\/revisions\/28329"}],"wp:featuredmedia":[{"embeddable":true,"href":"https:\/\/crees.org.do\/index.php?rest_route=\/wp\/v2\/media\/28328"}],"wp:attachment":[{"href":"https:\/\/crees.org.do\/index.php?rest_route=%2Fwp%2Fv2%2Fmedia&parent=28327"}],"wp:term":[{"taxonomy":"category","embeddable":true,"href":"https:\/\/crees.org.do\/index.php?rest_route=%2Fwp%2Fv2%2Fcategories&post=28327"},{"taxonomy":"post_tag","embeddable":true,"href":"https:\/\/crees.org.do\/index.php?rest_route=%2Fwp%2Fv2%2Ftags&post=28327"}],"curies":[{"name":"wp","href":"https:\/\/api.w.org\/{rel}","templated":true}]}}