{"id":28335,"date":"2025-06-10T20:17:43","date_gmt":"2025-06-10T20:17:43","guid":{"rendered":"https:\/\/crees.org.do\/?p=28335"},"modified":"2025-06-10T20:20:31","modified_gmt":"2025-06-10T20:20:31","slug":"como-se-fijan-los-precios-de-la-gasolina-y-que-podria-mejorar","status":"publish","type":"post","link":"https:\/\/crees.org.do\/?p=28335","title":{"rendered":"C\u00f3mo se fijan los precios de la gasolina y qu\u00e9 podr\u00eda mejorar"},"content":{"rendered":"<h2><img fetchpriority=\"high\" decoding=\"async\" class=\"aligncenter wp-image-28336\" src=\"https:\/\/crees.org.do\/wp-content\/uploads\/2025\/06\/Slide-1-copy-1-scaled.png\" alt=\"\" width=\"896\" height=\"896\" srcset=\"https:\/\/crees.org.do\/wp-content\/uploads\/2025\/06\/Slide-1-copy-1-scaled.png 1200w, https:\/\/crees.org.do\/wp-content\/uploads\/2025\/06\/Slide-1-copy-1-450x450.png 450w, https:\/\/crees.org.do\/wp-content\/uploads\/2025\/06\/Slide-1-copy-1-2000x2000.png 2000w, https:\/\/crees.org.do\/wp-content\/uploads\/2025\/06\/Slide-1-copy-1-150x150.png 150w, https:\/\/crees.org.do\/wp-content\/uploads\/2025\/06\/Slide-1-copy-1-768x768.png 768w, https:\/\/crees.org.do\/wp-content\/uploads\/2025\/06\/Slide-1-copy-1-500x500.png 500w, https:\/\/crees.org.do\/wp-content\/uploads\/2025\/06\/Slide-1-copy-1-1536x1536.png 1536w, https:\/\/crees.org.do\/wp-content\/uploads\/2025\/06\/Slide-1-copy-1-2048x2048.png 2048w\" sizes=\"(max-width: 896px) 100vw, 896px\" \/><\/h2>\n<h2 style=\"text-align: justify;\">C\u00f3mo se fijan los precios de la gasolina y qu\u00e9 podr\u00eda mejorar<\/h2>\n<p style=\"text-align: justify;\">Para la semana del 2 de junio de 2025, la Rep\u00fablica Dominicana registr\u00f3 un precio de US$4.90 por gal\u00f3n de gasolina premium, la de mayor consumo en el pa\u00eds, equivalente a aproximadamente RD$290.1. Este valor posiciona al pa\u00eds como el tercero con el precio m\u00e1s alto en comparaci\u00f3n con los pa\u00edses de Centroam\u00e9rica y por encima del promedio de esa regi\u00f3n (US$4.04, equivalente a RD$239.7).<\/p>\n<p style=\"text-align: justify;\">En el mercado dominicano, es el Ministerio de Industria, Comercio y Mipymes quien fija semanalmente los precios de venta al p\u00fablico, utilizando una f\u00f3rmula que deber\u00eda basarse en: el precio internacional de referencia, fletes, m\u00e1rgenes de comercializaci\u00f3n regulados e impuestos selectivos (cerca del 33% del precio de venta). Para mitigar alzas, el gobierno aplica subsidios; sin embargo, el marco legal vigente no establece criterios precisos para su aplicaci\u00f3n, lo que deja un amplio margen de discrecionalidad administrativa.<\/p>\n<p style=\"text-align: justify;\">Este sistema, lejos de aportar certidumbre, introduce opacidad y limita la competencia, impidiendo que los consumidores se beneficien plenamente de eventuales reducciones internacionales y desincentivando mejoras en eficiencia a lo largo de la cadena de distribuci\u00f3n. Reglas claras reflejar\u00edan el costo real de los combustibles al eliminar la discrecionalidad en la fijaci\u00f3n de los precios; y las distorsiones que introducen los subsidios tanto en el precio como en las finanzas p\u00fablicas.<\/p>\n<p style=\"text-align: justify;\">De cara al futuro, lo deseable es una reforma integral que simplifique y reduzca los impuestos sobre los combustibles y permita liberalizar el mercado, como han hecho pa\u00edses como Guatemala o El Salvador. Una estructura m\u00e1s transparente y competitiva que pudiera contribuir a reducir costos para hogares y empresas y establecer disciplina en las finanzas p\u00fablicas.<\/p>\n<div class=\"pvc_clear\"><\/div>\n<p class=\"pvc_stats all \" data-element-id=\"28335\" style=\"\"><i class=\"pvc-stats-icon medium\" aria-hidden=\"true\"><svg aria-hidden=\"true\" focusable=\"false\" data-prefix=\"far\" data-icon=\"chart-bar\" role=\"img\" xmlns=\"http:\/\/www.w3.org\/2000\/svg\" viewBox=\"0 0 512 512\" class=\"svg-inline--fa fa-chart-bar fa-w-16 fa-2x\"><path fill=\"currentColor\" d=\"M396.8 352h22.4c6.4 0 12.8-6.4 12.8-12.8V108.8c0-6.4-6.4-12.8-12.8-12.8h-22.4c-6.4 0-12.8 6.4-12.8 12.8v230.4c0 6.4 6.4 12.8 12.8 12.8zm-192 0h22.4c6.4 0 12.8-6.4 12.8-12.8V140.8c0-6.4-6.4-12.8-12.8-12.8h-22.4c-6.4 0-12.8 6.4-12.8 12.8v198.4c0 6.4 6.4 12.8 12.8 12.8zm96 0h22.4c6.4 0 12.8-6.4 12.8-12.8V204.8c0-6.4-6.4-12.8-12.8-12.8h-22.4c-6.4 0-12.8 6.4-12.8 12.8v134.4c0 6.4 6.4 12.8 12.8 12.8zM496 400H48V80c0-8.84-7.16-16-16-16H16C7.16 64 0 71.16 0 80v336c0 17.67 14.33 32 32 32h464c8.84 0 16-7.16 16-16v-16c0-8.84-7.16-16-16-16zm-387.2-48h22.4c6.4 0 12.8-6.4 12.8-12.8v-70.4c0-6.4-6.4-12.8-12.8-12.8h-22.4c-6.4 0-12.8 6.4-12.8 12.8v70.4c0 6.4 6.4 12.8 12.8 12.8z\" class=\"\"><\/path><\/svg><\/i> Vistas Totales&nbsp;1,622&nbsp;, Vistas Hoy&nbsp;2&nbsp;<\/p>\n<div class=\"pvc_clear\"><\/div>\n","protected":false},"excerpt":{"rendered":"<p>C\u00f3mo se fijan los precios de la gasolina y qu\u00e9 podr\u00eda mejorar Para la semana del 2 de junio de 2025, la Rep\u00fablica Dominicana registr\u00f3 un precio de US$4.90 por gal\u00f3n de gasolina premium, la de mayor consumo en el pa\u00eds, equivalente a aproximadamente RD$290.1. Este valor posiciona al pa\u00eds como el tercero con el&#8230;<\/p>\n<div class=\"pvc_clear\"><\/div>\n<p class=\"pvc_stats all \" data-element-id=\"28335\" style=\"\"><i class=\"pvc-stats-icon medium\" aria-hidden=\"true\"><svg aria-hidden=\"true\" focusable=\"false\" data-prefix=\"far\" data-icon=\"chart-bar\" role=\"img\" xmlns=\"http:\/\/www.w3.org\/2000\/svg\" viewBox=\"0 0 512 512\" class=\"svg-inline--fa fa-chart-bar fa-w-16 fa-2x\"><path fill=\"currentColor\" d=\"M396.8 352h22.4c6.4 0 12.8-6.4 12.8-12.8V108.8c0-6.4-6.4-12.8-12.8-12.8h-22.4c-6.4 0-12.8 6.4-12.8 12.8v230.4c0 6.4 6.4 12.8 12.8 12.8zm-192 0h22.4c6.4 0 12.8-6.4 12.8-12.8V140.8c0-6.4-6.4-12.8-12.8-12.8h-22.4c-6.4 0-12.8 6.4-12.8 12.8v198.4c0 6.4 6.4 12.8 12.8 12.8zm96 0h22.4c6.4 0 12.8-6.4 12.8-12.8V204.8c0-6.4-6.4-12.8-12.8-12.8h-22.4c-6.4 0-12.8 6.4-12.8 12.8v134.4c0 6.4 6.4 12.8 12.8 12.8zM496 400H48V80c0-8.84-7.16-16-16-16H16C7.16 64 0 71.16 0 80v336c0 17.67 14.33 32 32 32h464c8.84 0 16-7.16 16-16v-16c0-8.84-7.16-16-16-16zm-387.2-48h22.4c6.4 0 12.8-6.4 12.8-12.8v-70.4c0-6.4-6.4-12.8-12.8-12.8h-22.4c-6.4 0-12.8 6.4-12.8 12.8v70.4c0 6.4 6.4 12.8 12.8 12.8z\" class=\"\"><\/path><\/svg><\/i> Vistas Totales&nbsp;1,622&nbsp;, Vistas Hoy&nbsp;2&nbsp;<\/p>\n<div class=\"pvc_clear\"><\/div>\n","protected":false},"author":2,"featured_media":28336,"comment_status":"closed","ping_status":"closed","sticky":false,"template":"","format":"standard","meta":{"footnotes":""},"categories":[21],"tags":[],"class_list":["post-28335","post","type-post","status-publish","format-standard","has-post-thumbnail","hentry","category-blog"],"yoast_head":"<!-- This site is optimized with the Yoast SEO plugin v25.2 - https:\/\/yoast.com\/wordpress\/plugins\/seo\/ -->\n<title>C\u00f3mo se fijan los precios de la gasolina y qu\u00e9 podr\u00eda mejorar | CREES<\/title>\n<meta name=\"robots\" content=\"index, follow, max-snippet:-1, max-image-preview:large, max-video-preview:-1\" \/>\n<link rel=\"canonical\" href=\"https:\/\/crees.org.do\/?p=28335\" \/>\n<meta property=\"og:locale\" content=\"es_ES\" \/>\n<meta property=\"og:type\" content=\"article\" \/>\n<meta property=\"og:title\" content=\"C\u00f3mo se fijan los precios de la gasolina y qu\u00e9 podr\u00eda mejorar | CREES\" \/>\n<meta property=\"og:description\" content=\"C\u00f3mo se fijan los precios de la gasolina y qu\u00e9 podr\u00eda mejorar Para la semana del 2 de junio de 2025, la Rep\u00fablica Dominicana registr\u00f3 un precio de US$4.90 por gal\u00f3n de gasolina premium, la de mayor consumo en el pa\u00eds, equivalente a aproximadamente RD$290.1. Este valor posiciona al pa\u00eds como el tercero con el...\" \/>\n<meta property=\"og:url\" content=\"https:\/\/crees.org.do\/?p=28335\" \/>\n<meta property=\"og:site_name\" content=\"CREES\" \/>\n<meta property=\"article:publisher\" content=\"https:\/\/www.facebook.com\/CREESRD\/\" \/>\n<meta property=\"article:published_time\" content=\"2025-06-10T20:17:43+00:00\" \/>\n<meta property=\"article:modified_time\" content=\"2025-06-10T20:20:31+00:00\" \/>\n<meta property=\"og:image\" content=\"https:\/\/crees.org.do\/wp-content\/uploads\/2025\/06\/Slide-1-copy-1-scaled.png\" \/>\n\t<meta property=\"og:image:width\" content=\"1200\" \/>\n\t<meta property=\"og:image:height\" content=\"1200\" \/>\n\t<meta property=\"og:image:type\" content=\"image\/png\" \/>\n<meta name=\"author\" content=\"Crees\" \/>\n<meta name=\"twitter:card\" content=\"summary_large_image\" \/>\n<meta name=\"twitter:creator\" content=\"@CREESRD\" \/>\n<meta name=\"twitter:site\" content=\"@CREESRD\" \/>\n<meta name=\"twitter:label1\" content=\"Escrito por\" \/>\n\t<meta name=\"twitter:data1\" content=\"Crees\" \/>\n\t<meta name=\"twitter:label2\" content=\"Tiempo de lectura\" \/>\n\t<meta name=\"twitter:data2\" content=\"2 minutos\" \/>\n<script type=\"application\/ld+json\" class=\"yoast-schema-graph\">{\"@context\":\"https:\/\/schema.org\",\"@graph\":[{\"@type\":\"Article\",\"@id\":\"https:\/\/crees.org.do\/?p=28335#article\",\"isPartOf\":{\"@id\":\"https:\/\/crees.org.do\/?p=28335\"},\"author\":{\"name\":\"Crees\",\"@id\":\"https:\/\/crees.org.do\/#\/schema\/person\/e7f97cd94d7bf9cd0e0ce30acb7d56b8\"},\"headline\":\"C\u00f3mo se fijan los precios de la gasolina y qu\u00e9 podr\u00eda mejorar\",\"datePublished\":\"2025-06-10T20:17:43+00:00\",\"dateModified\":\"2025-06-10T20:20:31+00:00\",\"mainEntityOfPage\":{\"@id\":\"https:\/\/crees.org.do\/?p=28335\"},\"wordCount\":316,\"publisher\":{\"@id\":\"https:\/\/crees.org.do\/#organization\"},\"image\":{\"@id\":\"https:\/\/crees.org.do\/?p=28335#primaryimage\"},\"thumbnailUrl\":\"https:\/\/crees.org.do\/wp-content\/uploads\/2025\/06\/Slide-1-copy-1-scaled.png\",\"articleSection\":[\"Blog\"],\"inLanguage\":\"es\"},{\"@type\":\"WebPage\",\"@id\":\"https:\/\/crees.org.do\/?p=28335\",\"url\":\"https:\/\/crees.org.do\/?p=28335\",\"name\":\"C\u00f3mo se fijan los precios de la gasolina y qu\u00e9 podr\u00eda mejorar | CREES\",\"isPartOf\":{\"@id\":\"https:\/\/crees.org.do\/#website\"},\"primaryImageOfPage\":{\"@id\":\"https:\/\/crees.org.do\/?p=28335#primaryimage\"},\"image\":{\"@id\":\"https:\/\/crees.org.do\/?p=28335#primaryimage\"},\"thumbnailUrl\":\"https:\/\/crees.org.do\/wp-content\/uploads\/2025\/06\/Slide-1-copy-1-scaled.png\",\"datePublished\":\"2025-06-10T20:17:43+00:00\",\"dateModified\":\"2025-06-10T20:20:31+00:00\",\"breadcrumb\":{\"@id\":\"https:\/\/crees.org.do\/?p=28335#breadcrumb\"},\"inLanguage\":\"es\",\"potentialAction\":[{\"@type\":\"ReadAction\",\"target\":[\"https:\/\/crees.org.do\/?p=28335\"]}]},{\"@type\":\"ImageObject\",\"inLanguage\":\"es\",\"@id\":\"https:\/\/crees.org.do\/?p=28335#primaryimage\",\"url\":\"https:\/\/crees.org.do\/wp-content\/uploads\/2025\/06\/Slide-1-copy-1-scaled.png\",\"contentUrl\":\"https:\/\/crees.org.do\/wp-content\/uploads\/2025\/06\/Slide-1-copy-1-scaled.png\",\"width\":1200,\"height\":1200},{\"@type\":\"BreadcrumbList\",\"@id\":\"https:\/\/crees.org.do\/?p=28335#breadcrumb\",\"itemListElement\":[{\"@type\":\"ListItem\",\"position\":1,\"name\":\"Portada\",\"item\":\"https:\/\/crees.org.do\/\"},{\"@type\":\"ListItem\",\"position\":2,\"name\":\"C\u00f3mo se fijan los precios de la gasolina y qu\u00e9 podr\u00eda mejorar\"}]},{\"@type\":\"WebSite\",\"@id\":\"https:\/\/crees.org.do\/#website\",\"url\":\"https:\/\/crees.org.do\/\",\"name\":\"CREES\",\"description\":\"Centro Regional de Estrategias Econ\u00f3micas Sostenibles\",\"publisher\":{\"@id\":\"https:\/\/crees.org.do\/#organization\"},\"potentialAction\":[{\"@type\":\"SearchAction\",\"target\":{\"@type\":\"EntryPoint\",\"urlTemplate\":\"https:\/\/crees.org.do\/?s={search_term_string}\"},\"query-input\":{\"@type\":\"PropertyValueSpecification\",\"valueRequired\":true,\"valueName\":\"search_term_string\"}}],\"inLanguage\":\"es\"},{\"@type\":\"Organization\",\"@id\":\"https:\/\/crees.org.do\/#organization\",\"name\":\"CREES | Centro Regional de Estrategias Econ\u00f3micas Sostenibles\",\"url\":\"https:\/\/crees.org.do\/\",\"logo\":{\"@type\":\"ImageObject\",\"inLanguage\":\"es\",\"@id\":\"https:\/\/crees.org.do\/#\/schema\/logo\/image\/\",\"url\":\"https:\/\/crees.org.do\/wp-content\/uploads\/2022\/03\/crees-logo-1.jpg\",\"contentUrl\":\"https:\/\/crees.org.do\/wp-content\/uploads\/2022\/03\/crees-logo-1.jpg\",\"width\":244,\"height\":71,\"caption\":\"CREES | Centro Regional de Estrategias Econ\u00f3micas Sostenibles\"},\"image\":{\"@id\":\"https:\/\/crees.org.do\/#\/schema\/logo\/image\/\"},\"sameAs\":[\"https:\/\/www.facebook.com\/CREESRD\/\",\"https:\/\/x.com\/CREESRD\"]},{\"@type\":\"Person\",\"@id\":\"https:\/\/crees.org.do\/#\/schema\/person\/e7f97cd94d7bf9cd0e0ce30acb7d56b8\",\"name\":\"Crees\",\"image\":{\"@type\":\"ImageObject\",\"inLanguage\":\"es\",\"@id\":\"https:\/\/crees.org.do\/#\/schema\/person\/image\/\",\"url\":\"https:\/\/secure.gravatar.com\/avatar\/390ac8f0be5d9aa046152553e2dd7011b59a512d89c150f5e5f28bb8d9a0b165?s=96&d=mm&r=g\",\"contentUrl\":\"https:\/\/secure.gravatar.com\/avatar\/390ac8f0be5d9aa046152553e2dd7011b59a512d89c150f5e5f28bb8d9a0b165?s=96&d=mm&r=g\",\"caption\":\"Crees\"},\"url\":\"https:\/\/crees.org.do\/?author=2\"}]}<\/script>\n<!-- \/ Yoast SEO plugin. -->","yoast_head_json":{"title":"C\u00f3mo se fijan los precios de la gasolina y qu\u00e9 podr\u00eda mejorar | CREES","robots":{"index":"index","follow":"follow","max-snippet":"max-snippet:-1","max-image-preview":"max-image-preview:large","max-video-preview":"max-video-preview:-1"},"canonical":"https:\/\/crees.org.do\/?p=28335","og_locale":"es_ES","og_type":"article","og_title":"C\u00f3mo se fijan los precios de la gasolina y qu\u00e9 podr\u00eda mejorar | CREES","og_description":"C\u00f3mo se fijan los precios de la gasolina y qu\u00e9 podr\u00eda mejorar Para la semana del 2 de junio de 2025, la Rep\u00fablica Dominicana registr\u00f3 un precio de US$4.90 por gal\u00f3n de gasolina premium, la de mayor consumo en el pa\u00eds, equivalente a aproximadamente RD$290.1. Este valor posiciona al pa\u00eds como el tercero con el...","og_url":"https:\/\/crees.org.do\/?p=28335","og_site_name":"CREES","article_publisher":"https:\/\/www.facebook.com\/CREESRD\/","article_published_time":"2025-06-10T20:17:43+00:00","article_modified_time":"2025-06-10T20:20:31+00:00","og_image":[{"width":1200,"height":1200,"url":"https:\/\/crees.org.do\/wp-content\/uploads\/2025\/06\/Slide-1-copy-1-scaled.png","type":"image\/png"}],"author":"Crees","twitter_card":"summary_large_image","twitter_creator":"@CREESRD","twitter_site":"@CREESRD","twitter_misc":{"Escrito por":"Crees","Tiempo de lectura":"2 minutos"},"schema":{"@context":"https:\/\/schema.org","@graph":[{"@type":"Article","@id":"https:\/\/crees.org.do\/?p=28335#article","isPartOf":{"@id":"https:\/\/crees.org.do\/?p=28335"},"author":{"name":"Crees","@id":"https:\/\/crees.org.do\/#\/schema\/person\/e7f97cd94d7bf9cd0e0ce30acb7d56b8"},"headline":"C\u00f3mo se fijan los precios de la gasolina y qu\u00e9 podr\u00eda mejorar","datePublished":"2025-06-10T20:17:43+00:00","dateModified":"2025-06-10T20:20:31+00:00","mainEntityOfPage":{"@id":"https:\/\/crees.org.do\/?p=28335"},"wordCount":316,"publisher":{"@id":"https:\/\/crees.org.do\/#organization"},"image":{"@id":"https:\/\/crees.org.do\/?p=28335#primaryimage"},"thumbnailUrl":"https:\/\/crees.org.do\/wp-content\/uploads\/2025\/06\/Slide-1-copy-1-scaled.png","articleSection":["Blog"],"inLanguage":"es"},{"@type":"WebPage","@id":"https:\/\/crees.org.do\/?p=28335","url":"https:\/\/crees.org.do\/?p=28335","name":"C\u00f3mo se fijan los precios de la gasolina y qu\u00e9 podr\u00eda mejorar | CREES","isPartOf":{"@id":"https:\/\/crees.org.do\/#website"},"primaryImageOfPage":{"@id":"https:\/\/crees.org.do\/?p=28335#primaryimage"},"image":{"@id":"https:\/\/crees.org.do\/?p=28335#primaryimage"},"thumbnailUrl":"https:\/\/crees.org.do\/wp-content\/uploads\/2025\/06\/Slide-1-copy-1-scaled.png","datePublished":"2025-06-10T20:17:43+00:00","dateModified":"2025-06-10T20:20:31+00:00","breadcrumb":{"@id":"https:\/\/crees.org.do\/?p=28335#breadcrumb"},"inLanguage":"es","potentialAction":[{"@type":"ReadAction","target":["https:\/\/crees.org.do\/?p=28335"]}]},{"@type":"ImageObject","inLanguage":"es","@id":"https:\/\/crees.org.do\/?p=28335#primaryimage","url":"https:\/\/crees.org.do\/wp-content\/uploads\/2025\/06\/Slide-1-copy-1-scaled.png","contentUrl":"https:\/\/crees.org.do\/wp-content\/uploads\/2025\/06\/Slide-1-copy-1-scaled.png","width":1200,"height":1200},{"@type":"BreadcrumbList","@id":"https:\/\/crees.org.do\/?p=28335#breadcrumb","itemListElement":[{"@type":"ListItem","position":1,"name":"Portada","item":"https:\/\/crees.org.do\/"},{"@type":"ListItem","position":2,"name":"C\u00f3mo se fijan los precios de la gasolina y qu\u00e9 podr\u00eda mejorar"}]},{"@type":"WebSite","@id":"https:\/\/crees.org.do\/#website","url":"https:\/\/crees.org.do\/","name":"CREES","description":"Centro Regional de Estrategias Econ\u00f3micas Sostenibles","publisher":{"@id":"https:\/\/crees.org.do\/#organization"},"potentialAction":[{"@type":"SearchAction","target":{"@type":"EntryPoint","urlTemplate":"https:\/\/crees.org.do\/?s={search_term_string}"},"query-input":{"@type":"PropertyValueSpecification","valueRequired":true,"valueName":"search_term_string"}}],"inLanguage":"es"},{"@type":"Organization","@id":"https:\/\/crees.org.do\/#organization","name":"CREES | Centro Regional de Estrategias Econ\u00f3micas Sostenibles","url":"https:\/\/crees.org.do\/","logo":{"@type":"ImageObject","inLanguage":"es","@id":"https:\/\/crees.org.do\/#\/schema\/logo\/image\/","url":"https:\/\/crees.org.do\/wp-content\/uploads\/2022\/03\/crees-logo-1.jpg","contentUrl":"https:\/\/crees.org.do\/wp-content\/uploads\/2022\/03\/crees-logo-1.jpg","width":244,"height":71,"caption":"CREES | Centro Regional de Estrategias Econ\u00f3micas Sostenibles"},"image":{"@id":"https:\/\/crees.org.do\/#\/schema\/logo\/image\/"},"sameAs":["https:\/\/www.facebook.com\/CREESRD\/","https:\/\/x.com\/CREESRD"]},{"@type":"Person","@id":"https:\/\/crees.org.do\/#\/schema\/person\/e7f97cd94d7bf9cd0e0ce30acb7d56b8","name":"Crees","image":{"@type":"ImageObject","inLanguage":"es","@id":"https:\/\/crees.org.do\/#\/schema\/person\/image\/","url":"https:\/\/secure.gravatar.com\/avatar\/390ac8f0be5d9aa046152553e2dd7011b59a512d89c150f5e5f28bb8d9a0b165?s=96&d=mm&r=g","contentUrl":"https:\/\/secure.gravatar.com\/avatar\/390ac8f0be5d9aa046152553e2dd7011b59a512d89c150f5e5f28bb8d9a0b165?s=96&d=mm&r=g","caption":"Crees"},"url":"https:\/\/crees.org.do\/?author=2"}]}},"_links":{"self":[{"href":"https:\/\/crees.org.do\/index.php?rest_route=\/wp\/v2\/posts\/28335","targetHints":{"allow":["GET"]}}],"collection":[{"href":"https:\/\/crees.org.do\/index.php?rest_route=\/wp\/v2\/posts"}],"about":[{"href":"https:\/\/crees.org.do\/index.php?rest_route=\/wp\/v2\/types\/post"}],"author":[{"embeddable":true,"href":"https:\/\/crees.org.do\/index.php?rest_route=\/wp\/v2\/users\/2"}],"replies":[{"embeddable":true,"href":"https:\/\/crees.org.do\/index.php?rest_route=%2Fwp%2Fv2%2Fcomments&post=28335"}],"version-history":[{"count":1,"href":"https:\/\/crees.org.do\/index.php?rest_route=\/wp\/v2\/posts\/28335\/revisions"}],"predecessor-version":[{"id":28337,"href":"https:\/\/crees.org.do\/index.php?rest_route=\/wp\/v2\/posts\/28335\/revisions\/28337"}],"wp:featuredmedia":[{"embeddable":true,"href":"https:\/\/crees.org.do\/index.php?rest_route=\/wp\/v2\/media\/28336"}],"wp:attachment":[{"href":"https:\/\/crees.org.do\/index.php?rest_route=%2Fwp%2Fv2%2Fmedia&parent=28335"}],"wp:term":[{"taxonomy":"category","embeddable":true,"href":"https:\/\/crees.org.do\/index.php?rest_route=%2Fwp%2Fv2%2Fcategories&post=28335"},{"taxonomy":"post_tag","embeddable":true,"href":"https:\/\/crees.org.do\/index.php?rest_route=%2Fwp%2Fv2%2Ftags&post=28335"}],"curies":[{"name":"wp","href":"https:\/\/api.w.org\/{rel}","templated":true}]}}