{"id":28847,"date":"2025-10-09T14:27:58","date_gmt":"2025-10-09T14:27:58","guid":{"rendered":"https:\/\/crees.org.do\/?p=28847"},"modified":"2025-10-09T14:27:58","modified_gmt":"2025-10-09T14:27:58","slug":"el-proyecto-de-presupuesto-de-2026-plantea-interrogantes","status":"publish","type":"post","link":"https:\/\/crees.org.do\/?p=28847","title":{"rendered":"El proyecto de presupuesto de 2026 plantea interrogantes"},"content":{"rendered":"<p style=\"text-align: justify;\">Autor: Miguel Collado Di Franco<\/p>\n<p style=\"text-align: justify;\">Fecha: 9 de octubre de 2025<\/p>\n<p><img fetchpriority=\"high\" decoding=\"async\" class=\"aligncenter wp-image-28848\" src=\"https:\/\/crees.org.do\/wp-content\/uploads\/2025\/10\/Presupuesto-scaled.png\" alt=\"\" width=\"896\" height=\"896\" srcset=\"https:\/\/crees.org.do\/wp-content\/uploads\/2025\/10\/Presupuesto-scaled.png 1200w, https:\/\/crees.org.do\/wp-content\/uploads\/2025\/10\/Presupuesto-450x450.png 450w, https:\/\/crees.org.do\/wp-content\/uploads\/2025\/10\/Presupuesto-2000x2000.png 2000w, https:\/\/crees.org.do\/wp-content\/uploads\/2025\/10\/Presupuesto-150x150.png 150w, https:\/\/crees.org.do\/wp-content\/uploads\/2025\/10\/Presupuesto-768x768.png 768w, https:\/\/crees.org.do\/wp-content\/uploads\/2025\/10\/Presupuesto-500x500.png 500w, https:\/\/crees.org.do\/wp-content\/uploads\/2025\/10\/Presupuesto-1536x1536.png 1536w, https:\/\/crees.org.do\/wp-content\/uploads\/2025\/10\/Presupuesto-2048x2048.png 2048w\" sizes=\"(max-width: 896px) 100vw, 896px\" \/><\/p>\n<h2 style=\"text-align: justify;\">El proyecto de presupuesto de 2026 plantea interrogantes<\/h2>\n<p style=\"text-align: justify;\">Un an\u00e1lisis del proyecto de Presupuesto General del Estado (PGE) del a\u00f1o 2026 muestra que el mismo, al igual que sucedi\u00f3 con el PGE correspondiente a 2025, contempla una subestimaci\u00f3n del gasto p\u00fablico. El proyecto de ley del presupuesto de 2025 fue introducido en el Congreso Nacional poco antes de que sucediera lo mismo con el Proyecto de Ley de Modernizaci\u00f3n Fiscal. En aquellos meses de 2024, se interpretaba que el presupuesto de 2025 se modificar\u00eda si se aprobaba la Ley de Modernizaci\u00f3n Fiscal, que buscaba aumentar las recaudaciones.<\/p>\n<p style=\"text-align: justify;\">El proceso actual luce ser similar; pero con el elemento de que no se ha anunciado una modificaci\u00f3n tributaria, de forma concreta. Por tanto, la duda entre los agentes econ\u00f3micos es si se la modificaci\u00f3n impositiva ser\u00eda planteada en alg\u00fan momento del 2026, o si se introducir\u00e1 un proyecto de ley en esta legislatura, tal como en 2024.<\/p>\n<p style=\"text-align: justify;\">El gasto total crecer\u00eda 4.4%, de acuerdo con el proyecto de presupuesto de 2026. Sin embargo, contrasta con el crecimiento del gasto entre lo presupuestado para 2025 y el resultado de 2024; un aumento superior al 7%. \u00bfSe mantendr\u00eda el gasto creciendo en ese porcentaje? El discurso oficial y la experiencia sugieren lo contrario.<\/p>\n<p style=\"text-align: justify;\">El mantra econ\u00f3mico de los \u00faltimos meses ha consistido en que es necesario aumentar el gasto de capital como la forma de estimular la econom\u00eda y lograr una cifra de crecimiento mayor del PIB. El crecimiento real, el que proviene de la productividad de la econom\u00eda, pero que necesita transformaciones, o reformas estructurales, se ha obviado. En vez de realizar transformaciones que hagan la econom\u00eda dominicana m\u00e1s competitiva, algo que solo se gana con mayor productividad, el comportamiento de las cifras de crecimiento ser\u00eda soportado con mayor gasto; y, como en a\u00f1os recientes, manteniendo una pol\u00edtica monetaria activa.<\/p>\n<p style=\"text-align: justify;\">En tal sentido, llama la atenci\u00f3n el gasto de capital como porcentaje del PIB. La ejecuci\u00f3n de 2024 fue de alrededor de 2.5%; para 2025 el presupuesto revisado contempla un gasto de capital como porcentaje del PIB de 2.7%. Para 2026, de ser aprobado el proyecto que se encuentra en el Congreso Nacional, se estar\u00eda presupuestando 2.5% como proporci\u00f3n del PIB.<\/p>\n<p style=\"text-align: justify;\">Con respecto a las transferencias corrientes para las distribuidoras de electricidad, el presupuesto reformulado de 2025 presenta un monto superior a los RD$101,625 millones, equivalente a unos US$1,638 millones al tipo de cambio promedio estimado por las autoridades. Cuando se aprob\u00f3 el PGE original de 2025, el monto a ser transferido fue presupuestado en RD$83,361 millones; para 2026 la cifra es similar, RD$85,150 millones. En consecuencia, el monto no parece ser realista, por lo que se puede asumir que esta partida tambi\u00e9n ser\u00eda revisada posteriormente.<\/p>\n<p style=\"text-align: justify;\">El discurso de repetir que el gasto de capital actual no es suficiente, sin estar acompa\u00f1ado del monto adicional que se desea gastar, y de una propuesta concreta de su financiamiento, aumenta m\u00e1s la incertidumbre. El gasto p\u00fablico se financia con deuda o impuestos (incluyendo el impuesto inflacionario). No ha sido planteada una modificaci\u00f3n de impuestos, pero tampoco se ha cerrado la posibilidad de que sean introducidos cambios al sistema impositivo. Queda abierta, en consecuencia, la posibilidad de variaciones para 2026 con respecto del gasto p\u00fablico, as\u00ed como con respecto a los ingresos tributarios.<\/p>\n<div class=\"pvc_clear\"><\/div>\n<p class=\"pvc_stats all \" data-element-id=\"28847\" style=\"\"><i class=\"pvc-stats-icon medium\" aria-hidden=\"true\"><svg aria-hidden=\"true\" focusable=\"false\" data-prefix=\"far\" data-icon=\"chart-bar\" role=\"img\" xmlns=\"http:\/\/www.w3.org\/2000\/svg\" viewBox=\"0 0 512 512\" class=\"svg-inline--fa fa-chart-bar fa-w-16 fa-2x\"><path fill=\"currentColor\" d=\"M396.8 352h22.4c6.4 0 12.8-6.4 12.8-12.8V108.8c0-6.4-6.4-12.8-12.8-12.8h-22.4c-6.4 0-12.8 6.4-12.8 12.8v230.4c0 6.4 6.4 12.8 12.8 12.8zm-192 0h22.4c6.4 0 12.8-6.4 12.8-12.8V140.8c0-6.4-6.4-12.8-12.8-12.8h-22.4c-6.4 0-12.8 6.4-12.8 12.8v198.4c0 6.4 6.4 12.8 12.8 12.8zm96 0h22.4c6.4 0 12.8-6.4 12.8-12.8V204.8c0-6.4-6.4-12.8-12.8-12.8h-22.4c-6.4 0-12.8 6.4-12.8 12.8v134.4c0 6.4 6.4 12.8 12.8 12.8zM496 400H48V80c0-8.84-7.16-16-16-16H16C7.16 64 0 71.16 0 80v336c0 17.67 14.33 32 32 32h464c8.84 0 16-7.16 16-16v-16c0-8.84-7.16-16-16-16zm-387.2-48h22.4c6.4 0 12.8-6.4 12.8-12.8v-70.4c0-6.4-6.4-12.8-12.8-12.8h-22.4c-6.4 0-12.8 6.4-12.8 12.8v70.4c0 6.4 6.4 12.8 12.8 12.8z\" class=\"\"><\/path><\/svg><\/i> Vistas Totales&nbsp;2,416&nbsp;, Vistas Hoy&nbsp;4&nbsp;<\/p>\n<div class=\"pvc_clear\"><\/div>\n","protected":false},"excerpt":{"rendered":"<p>Autor: Miguel Collado Di Franco Fecha: 9 de octubre de 2025 El proyecto de presupuesto de 2026 plantea interrogantes Un an\u00e1lisis del proyecto de Presupuesto General del Estado (PGE) del a\u00f1o 2026 muestra que el mismo, al igual que sucedi\u00f3 con el PGE correspondiente a 2025, contempla una subestimaci\u00f3n del gasto p\u00fablico. El proyecto de&#8230;<\/p>\n<div class=\"pvc_clear\"><\/div>\n<p class=\"pvc_stats all \" data-element-id=\"28847\" style=\"\"><i class=\"pvc-stats-icon medium\" aria-hidden=\"true\"><svg aria-hidden=\"true\" focusable=\"false\" data-prefix=\"far\" data-icon=\"chart-bar\" role=\"img\" xmlns=\"http:\/\/www.w3.org\/2000\/svg\" viewBox=\"0 0 512 512\" class=\"svg-inline--fa fa-chart-bar fa-w-16 fa-2x\"><path fill=\"currentColor\" d=\"M396.8 352h22.4c6.4 0 12.8-6.4 12.8-12.8V108.8c0-6.4-6.4-12.8-12.8-12.8h-22.4c-6.4 0-12.8 6.4-12.8 12.8v230.4c0 6.4 6.4 12.8 12.8 12.8zm-192 0h22.4c6.4 0 12.8-6.4 12.8-12.8V140.8c0-6.4-6.4-12.8-12.8-12.8h-22.4c-6.4 0-12.8 6.4-12.8 12.8v198.4c0 6.4 6.4 12.8 12.8 12.8zm96 0h22.4c6.4 0 12.8-6.4 12.8-12.8V204.8c0-6.4-6.4-12.8-12.8-12.8h-22.4c-6.4 0-12.8 6.4-12.8 12.8v134.4c0 6.4 6.4 12.8 12.8 12.8zM496 400H48V80c0-8.84-7.16-16-16-16H16C7.16 64 0 71.16 0 80v336c0 17.67 14.33 32 32 32h464c8.84 0 16-7.16 16-16v-16c0-8.84-7.16-16-16-16zm-387.2-48h22.4c6.4 0 12.8-6.4 12.8-12.8v-70.4c0-6.4-6.4-12.8-12.8-12.8h-22.4c-6.4 0-12.8 6.4-12.8 12.8v70.4c0 6.4 6.4 12.8 12.8 12.8z\" class=\"\"><\/path><\/svg><\/i> Vistas Totales&nbsp;2,416&nbsp;, Vistas Hoy&nbsp;4&nbsp;<\/p>\n<div class=\"pvc_clear\"><\/div>\n","protected":false},"author":2,"featured_media":28848,"comment_status":"closed","ping_status":"closed","sticky":false,"template":"","format":"standard","meta":{"footnotes":""},"categories":[22],"tags":[],"class_list":["post-28847","post","type-post","status-publish","format-standard","has-post-thumbnail","hentry","category-articulos"],"yoast_head":"<!-- This site is optimized with the Yoast SEO plugin v25.2 - https:\/\/yoast.com\/wordpress\/plugins\/seo\/ -->\n<title>El proyecto de presupuesto de 2026 plantea interrogantes | CREES<\/title>\n<meta name=\"robots\" content=\"index, follow, max-snippet:-1, max-image-preview:large, max-video-preview:-1\" \/>\n<link rel=\"canonical\" href=\"https:\/\/crees.org.do\/?p=28847\" \/>\n<meta property=\"og:locale\" content=\"es_ES\" \/>\n<meta property=\"og:type\" content=\"article\" \/>\n<meta property=\"og:title\" content=\"El proyecto de presupuesto de 2026 plantea interrogantes | CREES\" \/>\n<meta property=\"og:description\" content=\"Autor: Miguel Collado Di Franco Fecha: 9 de octubre de 2025 El proyecto de presupuesto de 2026 plantea interrogantes Un an\u00e1lisis del proyecto de Presupuesto General del Estado (PGE) del a\u00f1o 2026 muestra que el mismo, al igual que sucedi\u00f3 con el PGE correspondiente a 2025, contempla una subestimaci\u00f3n del gasto p\u00fablico. El proyecto de...\" \/>\n<meta property=\"og:url\" content=\"https:\/\/crees.org.do\/?p=28847\" \/>\n<meta property=\"og:site_name\" content=\"CREES\" \/>\n<meta property=\"article:publisher\" content=\"https:\/\/www.facebook.com\/CREESRD\/\" \/>\n<meta property=\"article:published_time\" content=\"2025-10-09T14:27:58+00:00\" \/>\n<meta property=\"og:image\" content=\"https:\/\/crees.org.do\/wp-content\/uploads\/2025\/10\/Presupuesto-scaled.png\" \/>\n\t<meta property=\"og:image:width\" content=\"1200\" \/>\n\t<meta property=\"og:image:height\" content=\"1200\" \/>\n\t<meta property=\"og:image:type\" content=\"image\/png\" \/>\n<meta name=\"author\" content=\"Crees\" \/>\n<meta name=\"twitter:card\" content=\"summary_large_image\" \/>\n<meta name=\"twitter:creator\" content=\"@CREESRD\" \/>\n<meta name=\"twitter:site\" content=\"@CREESRD\" \/>\n<meta name=\"twitter:label1\" content=\"Escrito por\" \/>\n\t<meta name=\"twitter:data1\" content=\"Crees\" \/>\n\t<meta name=\"twitter:label2\" content=\"Tiempo de lectura\" \/>\n\t<meta name=\"twitter:data2\" content=\"3 minutos\" \/>\n<script type=\"application\/ld+json\" class=\"yoast-schema-graph\">{\"@context\":\"https:\/\/schema.org\",\"@graph\":[{\"@type\":\"Article\",\"@id\":\"https:\/\/crees.org.do\/?p=28847#article\",\"isPartOf\":{\"@id\":\"https:\/\/crees.org.do\/?p=28847\"},\"author\":{\"name\":\"Crees\",\"@id\":\"https:\/\/crees.org.do\/#\/schema\/person\/e7f97cd94d7bf9cd0e0ce30acb7d56b8\"},\"headline\":\"El proyecto de presupuesto de 2026 plantea interrogantes\",\"datePublished\":\"2025-10-09T14:27:58+00:00\",\"mainEntityOfPage\":{\"@id\":\"https:\/\/crees.org.do\/?p=28847\"},\"wordCount\":573,\"publisher\":{\"@id\":\"https:\/\/crees.org.do\/#organization\"},\"image\":{\"@id\":\"https:\/\/crees.org.do\/?p=28847#primaryimage\"},\"thumbnailUrl\":\"https:\/\/crees.org.do\/wp-content\/uploads\/2025\/10\/Presupuesto-scaled.png\",\"articleSection\":[\"Art\u00edculos\"],\"inLanguage\":\"es\"},{\"@type\":\"WebPage\",\"@id\":\"https:\/\/crees.org.do\/?p=28847\",\"url\":\"https:\/\/crees.org.do\/?p=28847\",\"name\":\"El proyecto de presupuesto de 2026 plantea interrogantes | CREES\",\"isPartOf\":{\"@id\":\"https:\/\/crees.org.do\/#website\"},\"primaryImageOfPage\":{\"@id\":\"https:\/\/crees.org.do\/?p=28847#primaryimage\"},\"image\":{\"@id\":\"https:\/\/crees.org.do\/?p=28847#primaryimage\"},\"thumbnailUrl\":\"https:\/\/crees.org.do\/wp-content\/uploads\/2025\/10\/Presupuesto-scaled.png\",\"datePublished\":\"2025-10-09T14:27:58+00:00\",\"breadcrumb\":{\"@id\":\"https:\/\/crees.org.do\/?p=28847#breadcrumb\"},\"inLanguage\":\"es\",\"potentialAction\":[{\"@type\":\"ReadAction\",\"target\":[\"https:\/\/crees.org.do\/?p=28847\"]}]},{\"@type\":\"ImageObject\",\"inLanguage\":\"es\",\"@id\":\"https:\/\/crees.org.do\/?p=28847#primaryimage\",\"url\":\"https:\/\/crees.org.do\/wp-content\/uploads\/2025\/10\/Presupuesto-scaled.png\",\"contentUrl\":\"https:\/\/crees.org.do\/wp-content\/uploads\/2025\/10\/Presupuesto-scaled.png\",\"width\":1200,\"height\":1200},{\"@type\":\"BreadcrumbList\",\"@id\":\"https:\/\/crees.org.do\/?p=28847#breadcrumb\",\"itemListElement\":[{\"@type\":\"ListItem\",\"position\":1,\"name\":\"Portada\",\"item\":\"https:\/\/crees.org.do\/\"},{\"@type\":\"ListItem\",\"position\":2,\"name\":\"El proyecto de presupuesto de 2026 plantea interrogantes\"}]},{\"@type\":\"WebSite\",\"@id\":\"https:\/\/crees.org.do\/#website\",\"url\":\"https:\/\/crees.org.do\/\",\"name\":\"CREES\",\"description\":\"Centro Regional de Estrategias Econ\u00f3micas Sostenibles\",\"publisher\":{\"@id\":\"https:\/\/crees.org.do\/#organization\"},\"potentialAction\":[{\"@type\":\"SearchAction\",\"target\":{\"@type\":\"EntryPoint\",\"urlTemplate\":\"https:\/\/crees.org.do\/?s={search_term_string}\"},\"query-input\":{\"@type\":\"PropertyValueSpecification\",\"valueRequired\":true,\"valueName\":\"search_term_string\"}}],\"inLanguage\":\"es\"},{\"@type\":\"Organization\",\"@id\":\"https:\/\/crees.org.do\/#organization\",\"name\":\"CREES | Centro Regional de Estrategias Econ\u00f3micas Sostenibles\",\"url\":\"https:\/\/crees.org.do\/\",\"logo\":{\"@type\":\"ImageObject\",\"inLanguage\":\"es\",\"@id\":\"https:\/\/crees.org.do\/#\/schema\/logo\/image\/\",\"url\":\"https:\/\/crees.org.do\/wp-content\/uploads\/2022\/03\/crees-logo-1.jpg\",\"contentUrl\":\"https:\/\/crees.org.do\/wp-content\/uploads\/2022\/03\/crees-logo-1.jpg\",\"width\":244,\"height\":71,\"caption\":\"CREES | Centro Regional de Estrategias Econ\u00f3micas Sostenibles\"},\"image\":{\"@id\":\"https:\/\/crees.org.do\/#\/schema\/logo\/image\/\"},\"sameAs\":[\"https:\/\/www.facebook.com\/CREESRD\/\",\"https:\/\/x.com\/CREESRD\"]},{\"@type\":\"Person\",\"@id\":\"https:\/\/crees.org.do\/#\/schema\/person\/e7f97cd94d7bf9cd0e0ce30acb7d56b8\",\"name\":\"Crees\",\"image\":{\"@type\":\"ImageObject\",\"inLanguage\":\"es\",\"@id\":\"https:\/\/crees.org.do\/#\/schema\/person\/image\/\",\"url\":\"https:\/\/secure.gravatar.com\/avatar\/390ac8f0be5d9aa046152553e2dd7011b59a512d89c150f5e5f28bb8d9a0b165?s=96&d=mm&r=g\",\"contentUrl\":\"https:\/\/secure.gravatar.com\/avatar\/390ac8f0be5d9aa046152553e2dd7011b59a512d89c150f5e5f28bb8d9a0b165?s=96&d=mm&r=g\",\"caption\":\"Crees\"},\"url\":\"https:\/\/crees.org.do\/?author=2\"}]}<\/script>\n<!-- \/ Yoast SEO plugin. -->","yoast_head_json":{"title":"El proyecto de presupuesto de 2026 plantea interrogantes | CREES","robots":{"index":"index","follow":"follow","max-snippet":"max-snippet:-1","max-image-preview":"max-image-preview:large","max-video-preview":"max-video-preview:-1"},"canonical":"https:\/\/crees.org.do\/?p=28847","og_locale":"es_ES","og_type":"article","og_title":"El proyecto de presupuesto de 2026 plantea interrogantes | CREES","og_description":"Autor: Miguel Collado Di Franco Fecha: 9 de octubre de 2025 El proyecto de presupuesto de 2026 plantea interrogantes Un an\u00e1lisis del proyecto de Presupuesto General del Estado (PGE) del a\u00f1o 2026 muestra que el mismo, al igual que sucedi\u00f3 con el PGE correspondiente a 2025, contempla una subestimaci\u00f3n del gasto p\u00fablico. El proyecto de...","og_url":"https:\/\/crees.org.do\/?p=28847","og_site_name":"CREES","article_publisher":"https:\/\/www.facebook.com\/CREESRD\/","article_published_time":"2025-10-09T14:27:58+00:00","og_image":[{"width":1200,"height":1200,"url":"https:\/\/crees.org.do\/wp-content\/uploads\/2025\/10\/Presupuesto-scaled.png","type":"image\/png"}],"author":"Crees","twitter_card":"summary_large_image","twitter_creator":"@CREESRD","twitter_site":"@CREESRD","twitter_misc":{"Escrito por":"Crees","Tiempo de lectura":"3 minutos"},"schema":{"@context":"https:\/\/schema.org","@graph":[{"@type":"Article","@id":"https:\/\/crees.org.do\/?p=28847#article","isPartOf":{"@id":"https:\/\/crees.org.do\/?p=28847"},"author":{"name":"Crees","@id":"https:\/\/crees.org.do\/#\/schema\/person\/e7f97cd94d7bf9cd0e0ce30acb7d56b8"},"headline":"El proyecto de presupuesto de 2026 plantea interrogantes","datePublished":"2025-10-09T14:27:58+00:00","mainEntityOfPage":{"@id":"https:\/\/crees.org.do\/?p=28847"},"wordCount":573,"publisher":{"@id":"https:\/\/crees.org.do\/#organization"},"image":{"@id":"https:\/\/crees.org.do\/?p=28847#primaryimage"},"thumbnailUrl":"https:\/\/crees.org.do\/wp-content\/uploads\/2025\/10\/Presupuesto-scaled.png","articleSection":["Art\u00edculos"],"inLanguage":"es"},{"@type":"WebPage","@id":"https:\/\/crees.org.do\/?p=28847","url":"https:\/\/crees.org.do\/?p=28847","name":"El proyecto de presupuesto de 2026 plantea interrogantes | CREES","isPartOf":{"@id":"https:\/\/crees.org.do\/#website"},"primaryImageOfPage":{"@id":"https:\/\/crees.org.do\/?p=28847#primaryimage"},"image":{"@id":"https:\/\/crees.org.do\/?p=28847#primaryimage"},"thumbnailUrl":"https:\/\/crees.org.do\/wp-content\/uploads\/2025\/10\/Presupuesto-scaled.png","datePublished":"2025-10-09T14:27:58+00:00","breadcrumb":{"@id":"https:\/\/crees.org.do\/?p=28847#breadcrumb"},"inLanguage":"es","potentialAction":[{"@type":"ReadAction","target":["https:\/\/crees.org.do\/?p=28847"]}]},{"@type":"ImageObject","inLanguage":"es","@id":"https:\/\/crees.org.do\/?p=28847#primaryimage","url":"https:\/\/crees.org.do\/wp-content\/uploads\/2025\/10\/Presupuesto-scaled.png","contentUrl":"https:\/\/crees.org.do\/wp-content\/uploads\/2025\/10\/Presupuesto-scaled.png","width":1200,"height":1200},{"@type":"BreadcrumbList","@id":"https:\/\/crees.org.do\/?p=28847#breadcrumb","itemListElement":[{"@type":"ListItem","position":1,"name":"Portada","item":"https:\/\/crees.org.do\/"},{"@type":"ListItem","position":2,"name":"El proyecto de presupuesto de 2026 plantea interrogantes"}]},{"@type":"WebSite","@id":"https:\/\/crees.org.do\/#website","url":"https:\/\/crees.org.do\/","name":"CREES","description":"Centro Regional de Estrategias Econ\u00f3micas Sostenibles","publisher":{"@id":"https:\/\/crees.org.do\/#organization"},"potentialAction":[{"@type":"SearchAction","target":{"@type":"EntryPoint","urlTemplate":"https:\/\/crees.org.do\/?s={search_term_string}"},"query-input":{"@type":"PropertyValueSpecification","valueRequired":true,"valueName":"search_term_string"}}],"inLanguage":"es"},{"@type":"Organization","@id":"https:\/\/crees.org.do\/#organization","name":"CREES | Centro Regional de Estrategias Econ\u00f3micas Sostenibles","url":"https:\/\/crees.org.do\/","logo":{"@type":"ImageObject","inLanguage":"es","@id":"https:\/\/crees.org.do\/#\/schema\/logo\/image\/","url":"https:\/\/crees.org.do\/wp-content\/uploads\/2022\/03\/crees-logo-1.jpg","contentUrl":"https:\/\/crees.org.do\/wp-content\/uploads\/2022\/03\/crees-logo-1.jpg","width":244,"height":71,"caption":"CREES | Centro Regional de Estrategias Econ\u00f3micas Sostenibles"},"image":{"@id":"https:\/\/crees.org.do\/#\/schema\/logo\/image\/"},"sameAs":["https:\/\/www.facebook.com\/CREESRD\/","https:\/\/x.com\/CREESRD"]},{"@type":"Person","@id":"https:\/\/crees.org.do\/#\/schema\/person\/e7f97cd94d7bf9cd0e0ce30acb7d56b8","name":"Crees","image":{"@type":"ImageObject","inLanguage":"es","@id":"https:\/\/crees.org.do\/#\/schema\/person\/image\/","url":"https:\/\/secure.gravatar.com\/avatar\/390ac8f0be5d9aa046152553e2dd7011b59a512d89c150f5e5f28bb8d9a0b165?s=96&d=mm&r=g","contentUrl":"https:\/\/secure.gravatar.com\/avatar\/390ac8f0be5d9aa046152553e2dd7011b59a512d89c150f5e5f28bb8d9a0b165?s=96&d=mm&r=g","caption":"Crees"},"url":"https:\/\/crees.org.do\/?author=2"}]}},"_links":{"self":[{"href":"https:\/\/crees.org.do\/index.php?rest_route=\/wp\/v2\/posts\/28847","targetHints":{"allow":["GET"]}}],"collection":[{"href":"https:\/\/crees.org.do\/index.php?rest_route=\/wp\/v2\/posts"}],"about":[{"href":"https:\/\/crees.org.do\/index.php?rest_route=\/wp\/v2\/types\/post"}],"author":[{"embeddable":true,"href":"https:\/\/crees.org.do\/index.php?rest_route=\/wp\/v2\/users\/2"}],"replies":[{"embeddable":true,"href":"https:\/\/crees.org.do\/index.php?rest_route=%2Fwp%2Fv2%2Fcomments&post=28847"}],"version-history":[{"count":1,"href":"https:\/\/crees.org.do\/index.php?rest_route=\/wp\/v2\/posts\/28847\/revisions"}],"predecessor-version":[{"id":28849,"href":"https:\/\/crees.org.do\/index.php?rest_route=\/wp\/v2\/posts\/28847\/revisions\/28849"}],"wp:featuredmedia":[{"embeddable":true,"href":"https:\/\/crees.org.do\/index.php?rest_route=\/wp\/v2\/media\/28848"}],"wp:attachment":[{"href":"https:\/\/crees.org.do\/index.php?rest_route=%2Fwp%2Fv2%2Fmedia&parent=28847"}],"wp:term":[{"taxonomy":"category","embeddable":true,"href":"https:\/\/crees.org.do\/index.php?rest_route=%2Fwp%2Fv2%2Fcategories&post=28847"},{"taxonomy":"post_tag","embeddable":true,"href":"https:\/\/crees.org.do\/index.php?rest_route=%2Fwp%2Fv2%2Ftags&post=28847"}],"curies":[{"name":"wp","href":"https:\/\/api.w.org\/{rel}","templated":true}]}}