{"id":28858,"date":"2025-10-10T16:50:10","date_gmt":"2025-10-10T16:50:10","guid":{"rendered":"https:\/\/crees.org.do\/?p=28858"},"modified":"2025-10-13T13:25:34","modified_gmt":"2025-10-13T13:25:34","slug":"como-se-han-comportado-los-precios-de-las-materias-primas-en-2025","status":"publish","type":"post","link":"https:\/\/crees.org.do\/?p=28858","title":{"rendered":"\u00bfC\u00f3mo se han comportado los precios de las materias primas en 2025?"},"content":{"rendered":"<h2><img fetchpriority=\"high\" decoding=\"async\" class=\"aligncenter wp-image-28860\" src=\"https:\/\/crees.org.do\/wp-content\/uploads\/2025\/10\/1-Untitled-copy-15.png\" alt=\"\" width=\"869\" height=\"869\" srcset=\"https:\/\/crees.org.do\/wp-content\/uploads\/2025\/10\/1-Untitled-copy-15.png 1080w, https:\/\/crees.org.do\/wp-content\/uploads\/2025\/10\/1-Untitled-copy-15-450x450.png 450w, https:\/\/crees.org.do\/wp-content\/uploads\/2025\/10\/1-Untitled-copy-15-150x150.png 150w, https:\/\/crees.org.do\/wp-content\/uploads\/2025\/10\/1-Untitled-copy-15-768x768.png 768w, https:\/\/crees.org.do\/wp-content\/uploads\/2025\/10\/1-Untitled-copy-15-500x500.png 500w\" sizes=\"(max-width: 869px) 100vw, 869px\" \/><\/h2>\n<h2><img decoding=\"async\" class=\"aligncenter wp-image-28869\" src=\"https:\/\/crees.org.do\/wp-content\/uploads\/2025\/10\/Untitled-copy-25-scaled.png\" alt=\"\" width=\"869\" height=\"869\" srcset=\"https:\/\/crees.org.do\/wp-content\/uploads\/2025\/10\/Untitled-copy-25-scaled.png 1200w, https:\/\/crees.org.do\/wp-content\/uploads\/2025\/10\/Untitled-copy-25-450x450.png 450w, https:\/\/crees.org.do\/wp-content\/uploads\/2025\/10\/Untitled-copy-25-2000x2000.png 2000w, https:\/\/crees.org.do\/wp-content\/uploads\/2025\/10\/Untitled-copy-25-150x150.png 150w, https:\/\/crees.org.do\/wp-content\/uploads\/2025\/10\/Untitled-copy-25-768x768.png 768w, https:\/\/crees.org.do\/wp-content\/uploads\/2025\/10\/Untitled-copy-25-500x500.png 500w, https:\/\/crees.org.do\/wp-content\/uploads\/2025\/10\/Untitled-copy-25-1536x1536.png 1536w, https:\/\/crees.org.do\/wp-content\/uploads\/2025\/10\/Untitled-copy-25-2048x2048.png 2048w\" sizes=\"(max-width: 869px) 100vw, 869px\" \/><\/h2>\n<h2><img decoding=\"async\" class=\"aligncenter wp-image-28862\" src=\"https:\/\/crees.org.do\/wp-content\/uploads\/2025\/10\/3-Untitled-copy-24.png\" alt=\"\" width=\"869\" height=\"869\" srcset=\"https:\/\/crees.org.do\/wp-content\/uploads\/2025\/10\/3-Untitled-copy-24.png 1080w, https:\/\/crees.org.do\/wp-content\/uploads\/2025\/10\/3-Untitled-copy-24-450x450.png 450w, https:\/\/crees.org.do\/wp-content\/uploads\/2025\/10\/3-Untitled-copy-24-150x150.png 150w, https:\/\/crees.org.do\/wp-content\/uploads\/2025\/10\/3-Untitled-copy-24-768x768.png 768w, https:\/\/crees.org.do\/wp-content\/uploads\/2025\/10\/3-Untitled-copy-24-500x500.png 500w\" sizes=\"(max-width: 869px) 100vw, 869px\" \/><\/h2>\n<h2><img loading=\"lazy\" decoding=\"async\" class=\"aligncenter wp-image-28863\" src=\"https:\/\/crees.org.do\/wp-content\/uploads\/2025\/10\/4-Untitled-copy-26.png\" alt=\"\" width=\"869\" height=\"869\" srcset=\"https:\/\/crees.org.do\/wp-content\/uploads\/2025\/10\/4-Untitled-copy-26.png 1080w, https:\/\/crees.org.do\/wp-content\/uploads\/2025\/10\/4-Untitled-copy-26-450x450.png 450w, https:\/\/crees.org.do\/wp-content\/uploads\/2025\/10\/4-Untitled-copy-26-150x150.png 150w, https:\/\/crees.org.do\/wp-content\/uploads\/2025\/10\/4-Untitled-copy-26-768x768.png 768w, https:\/\/crees.org.do\/wp-content\/uploads\/2025\/10\/4-Untitled-copy-26-500x500.png 500w\" sizes=\"(max-width: 869px) 100vw, 869px\" \/><\/h2>\n<h2>\u00bfC\u00f3mo se han comportado los precios de las materias primas en 2025?<\/h2>\n<p style=\"text-align: justify;\">Entre enero y el 9 de octubre de 2025, el \u00edndice global de materias primas Dow Jones registra un aumento acumulado de 6.4%, reflejando un desempe\u00f1o mixto entre los distintos grupos que lo componen.<\/p>\n<p style=\"text-align: justify;\">El comportamiento ha estado marcado por la divergencia entre los sectores energ\u00e9ticos, met\u00e1licos y agr\u00edcolas, influida por factores como los ajustes en la pol\u00edtica monetaria internacional, la evoluci\u00f3n de la demanda industrial y las condiciones clim\u00e1ticas que afectan la producci\u00f3n y el comercio de bienes b\u00e1sicos.<\/p>\n<p style=\"text-align: justify;\">En el caso de la energ\u00eda, los precios del petr\u00f3leo y sus derivados han mostrado una tendencia descendente a lo largo del a\u00f1o (-12.9%), con ca\u00eddas marcadas durante el segundo trimestre y cierta recuperaci\u00f3n parcial desde agosto. El gas natural, en cambio, se mantiene pr\u00e1cticamente estable (-0.1%), reflejando una demanda m\u00e1s constante y una oferta relativamente equilibrada en los mercados internacionales.<\/p>\n<p style=\"text-align: justify;\">Por otro lado, entre los metales m\u00e1s importantes del \u00edndice despu\u00e9s del oro, destacan aumentos significativos en la plata (+57.7 %) y el cobre (+24.2 %), junto con avances m\u00e1s moderados en el aluminio (+10.9 %) y el n\u00edquel (+3.1 %). En el caso de la plata, su desempe\u00f1o combina factores monetarios y reales: la p\u00e9rdida de poder adquisitivo de las monedas fiduciarias ha impulsado su atractivo como activo de resguardo, mientras la demanda industrial \u2014particularmente en sectores como la electr\u00f3nica y la energ\u00eda solar\u2014 ha reforzado esa tendencia. En el caso del cobre y el aluminio, su comportamiento refleja el impacto de la transici\u00f3n energ\u00e9tica y la mayor demanda de materiales conductores y ligeros en la industria global.<\/p>\n<p style=\"text-align: justify;\">En los productos agr\u00edcolas, el desempe\u00f1o ha sido desigual. La soya (+2.0%) y el caf\u00e9 (+15.4%) registran alzas, mientras que el az\u00facar (-17.6%) y el cacao (-46.6%) acumulan descensos, en parte por mejores perspectivas de cosecha y la normalizaci\u00f3n de precios tras las fuertes subidas del a\u00f1o anterior.<\/p>\n<p style=\"text-align: justify;\">En conjunto, los resultados de 2025 muestran que, aunque el \u00edndice general mantiene una trayectoria positiva, el dinamismo se concentra en los metales, mientras la energ\u00eda y los alimentos experimentan una correcci\u00f3n tras los aumentos observados en a\u00f1os recientes.<\/p>\n<div class=\"pvc_clear\"><\/div>\n<p class=\"pvc_stats all \" data-element-id=\"28858\" style=\"\"><i class=\"pvc-stats-icon medium\" aria-hidden=\"true\"><svg aria-hidden=\"true\" focusable=\"false\" data-prefix=\"far\" data-icon=\"chart-bar\" role=\"img\" xmlns=\"http:\/\/www.w3.org\/2000\/svg\" viewBox=\"0 0 512 512\" class=\"svg-inline--fa fa-chart-bar fa-w-16 fa-2x\"><path fill=\"currentColor\" d=\"M396.8 352h22.4c6.4 0 12.8-6.4 12.8-12.8V108.8c0-6.4-6.4-12.8-12.8-12.8h-22.4c-6.4 0-12.8 6.4-12.8 12.8v230.4c0 6.4 6.4 12.8 12.8 12.8zm-192 0h22.4c6.4 0 12.8-6.4 12.8-12.8V140.8c0-6.4-6.4-12.8-12.8-12.8h-22.4c-6.4 0-12.8 6.4-12.8 12.8v198.4c0 6.4 6.4 12.8 12.8 12.8zm96 0h22.4c6.4 0 12.8-6.4 12.8-12.8V204.8c0-6.4-6.4-12.8-12.8-12.8h-22.4c-6.4 0-12.8 6.4-12.8 12.8v134.4c0 6.4 6.4 12.8 12.8 12.8zM496 400H48V80c0-8.84-7.16-16-16-16H16C7.16 64 0 71.16 0 80v336c0 17.67 14.33 32 32 32h464c8.84 0 16-7.16 16-16v-16c0-8.84-7.16-16-16-16zm-387.2-48h22.4c6.4 0 12.8-6.4 12.8-12.8v-70.4c0-6.4-6.4-12.8-12.8-12.8h-22.4c-6.4 0-12.8 6.4-12.8 12.8v70.4c0 6.4 6.4 12.8 12.8 12.8z\" class=\"\"><\/path><\/svg><\/i> Vistas Totales&nbsp;1,425&nbsp;, Vistas Hoy&nbsp;6&nbsp;<\/p>\n<div class=\"pvc_clear\"><\/div>\n","protected":false},"excerpt":{"rendered":"<p>\u00bfC\u00f3mo se han comportado los precios de las materias primas en 2025? Entre enero y el 9 de octubre de 2025, el \u00edndice global de materias primas Dow Jones registra un aumento acumulado de 6.4%, reflejando un desempe\u00f1o mixto entre los distintos grupos que lo componen. El comportamiento ha estado marcado por la divergencia entre&#8230;<\/p>\n<div class=\"pvc_clear\"><\/div>\n<p class=\"pvc_stats all \" data-element-id=\"28858\" style=\"\"><i class=\"pvc-stats-icon medium\" aria-hidden=\"true\"><svg aria-hidden=\"true\" focusable=\"false\" data-prefix=\"far\" data-icon=\"chart-bar\" role=\"img\" xmlns=\"http:\/\/www.w3.org\/2000\/svg\" viewBox=\"0 0 512 512\" class=\"svg-inline--fa fa-chart-bar fa-w-16 fa-2x\"><path fill=\"currentColor\" d=\"M396.8 352h22.4c6.4 0 12.8-6.4 12.8-12.8V108.8c0-6.4-6.4-12.8-12.8-12.8h-22.4c-6.4 0-12.8 6.4-12.8 12.8v230.4c0 6.4 6.4 12.8 12.8 12.8zm-192 0h22.4c6.4 0 12.8-6.4 12.8-12.8V140.8c0-6.4-6.4-12.8-12.8-12.8h-22.4c-6.4 0-12.8 6.4-12.8 12.8v198.4c0 6.4 6.4 12.8 12.8 12.8zm96 0h22.4c6.4 0 12.8-6.4 12.8-12.8V204.8c0-6.4-6.4-12.8-12.8-12.8h-22.4c-6.4 0-12.8 6.4-12.8 12.8v134.4c0 6.4 6.4 12.8 12.8 12.8zM496 400H48V80c0-8.84-7.16-16-16-16H16C7.16 64 0 71.16 0 80v336c0 17.67 14.33 32 32 32h464c8.84 0 16-7.16 16-16v-16c0-8.84-7.16-16-16-16zm-387.2-48h22.4c6.4 0 12.8-6.4 12.8-12.8v-70.4c0-6.4-6.4-12.8-12.8-12.8h-22.4c-6.4 0-12.8 6.4-12.8 12.8v70.4c0 6.4 6.4 12.8 12.8 12.8z\" class=\"\"><\/path><\/svg><\/i> Vistas Totales&nbsp;1,425&nbsp;, Vistas Hoy&nbsp;6&nbsp;<\/p>\n<div class=\"pvc_clear\"><\/div>\n","protected":false},"author":2,"featured_media":28860,"comment_status":"closed","ping_status":"closed","sticky":false,"template":"","format":"standard","meta":{"footnotes":""},"categories":[21],"tags":[],"class_list":["post-28858","post","type-post","status-publish","format-standard","has-post-thumbnail","hentry","category-blog"],"yoast_head":"<!-- This site is optimized with the Yoast SEO plugin v25.2 - https:\/\/yoast.com\/wordpress\/plugins\/seo\/ -->\n<title>\u00bfC\u00f3mo se han comportado los precios de las materias primas en 2025? | CREES<\/title>\n<meta name=\"robots\" content=\"index, follow, max-snippet:-1, max-image-preview:large, max-video-preview:-1\" \/>\n<link rel=\"canonical\" href=\"https:\/\/crees.org.do\/?p=28858\" \/>\n<meta property=\"og:locale\" content=\"es_ES\" \/>\n<meta property=\"og:type\" content=\"article\" \/>\n<meta property=\"og:title\" content=\"\u00bfC\u00f3mo se han comportado los precios de las materias primas en 2025? | CREES\" \/>\n<meta property=\"og:description\" content=\"\u00bfC\u00f3mo se han comportado los precios de las materias primas en 2025? Entre enero y el 9 de octubre de 2025, el \u00edndice global de materias primas Dow Jones registra un aumento acumulado de 6.4%, reflejando un desempe\u00f1o mixto entre los distintos grupos que lo componen. El comportamiento ha estado marcado por la divergencia entre...\" \/>\n<meta property=\"og:url\" content=\"https:\/\/crees.org.do\/?p=28858\" \/>\n<meta property=\"og:site_name\" content=\"CREES\" \/>\n<meta property=\"article:publisher\" content=\"https:\/\/www.facebook.com\/CREESRD\/\" \/>\n<meta property=\"article:published_time\" content=\"2025-10-10T16:50:10+00:00\" \/>\n<meta property=\"article:modified_time\" content=\"2025-10-13T13:25:34+00:00\" \/>\n<meta property=\"og:image\" content=\"https:\/\/crees.org.do\/wp-content\/uploads\/2025\/10\/1-Untitled-copy-15.png\" \/>\n\t<meta property=\"og:image:width\" content=\"1080\" \/>\n\t<meta property=\"og:image:height\" content=\"1080\" \/>\n\t<meta property=\"og:image:type\" content=\"image\/png\" \/>\n<meta name=\"author\" content=\"Crees\" \/>\n<meta name=\"twitter:card\" content=\"summary_large_image\" \/>\n<meta name=\"twitter:creator\" content=\"@CREESRD\" \/>\n<meta name=\"twitter:site\" content=\"@CREESRD\" \/>\n<meta name=\"twitter:label1\" content=\"Escrito por\" \/>\n\t<meta name=\"twitter:data1\" content=\"Crees\" \/>\n\t<meta name=\"twitter:label2\" content=\"Tiempo de lectura\" \/>\n\t<meta name=\"twitter:data2\" content=\"2 minutos\" \/>\n<script type=\"application\/ld+json\" class=\"yoast-schema-graph\">{\"@context\":\"https:\/\/schema.org\",\"@graph\":[{\"@type\":\"Article\",\"@id\":\"https:\/\/crees.org.do\/?p=28858#article\",\"isPartOf\":{\"@id\":\"https:\/\/crees.org.do\/?p=28858\"},\"author\":{\"name\":\"Crees\",\"@id\":\"https:\/\/crees.org.do\/#\/schema\/person\/e7f97cd94d7bf9cd0e0ce30acb7d56b8\"},\"headline\":\"\u00bfC\u00f3mo se han comportado los precios de las materias primas en 2025?\",\"datePublished\":\"2025-10-10T16:50:10+00:00\",\"dateModified\":\"2025-10-13T13:25:34+00:00\",\"mainEntityOfPage\":{\"@id\":\"https:\/\/crees.org.do\/?p=28858\"},\"wordCount\":391,\"publisher\":{\"@id\":\"https:\/\/crees.org.do\/#organization\"},\"image\":{\"@id\":\"https:\/\/crees.org.do\/?p=28858#primaryimage\"},\"thumbnailUrl\":\"https:\/\/crees.org.do\/wp-content\/uploads\/2025\/10\/1-Untitled-copy-15.png\",\"articleSection\":[\"Blog\"],\"inLanguage\":\"es\"},{\"@type\":\"WebPage\",\"@id\":\"https:\/\/crees.org.do\/?p=28858\",\"url\":\"https:\/\/crees.org.do\/?p=28858\",\"name\":\"\u00bfC\u00f3mo se han comportado los precios de las materias primas en 2025? | CREES\",\"isPartOf\":{\"@id\":\"https:\/\/crees.org.do\/#website\"},\"primaryImageOfPage\":{\"@id\":\"https:\/\/crees.org.do\/?p=28858#primaryimage\"},\"image\":{\"@id\":\"https:\/\/crees.org.do\/?p=28858#primaryimage\"},\"thumbnailUrl\":\"https:\/\/crees.org.do\/wp-content\/uploads\/2025\/10\/1-Untitled-copy-15.png\",\"datePublished\":\"2025-10-10T16:50:10+00:00\",\"dateModified\":\"2025-10-13T13:25:34+00:00\",\"breadcrumb\":{\"@id\":\"https:\/\/crees.org.do\/?p=28858#breadcrumb\"},\"inLanguage\":\"es\",\"potentialAction\":[{\"@type\":\"ReadAction\",\"target\":[\"https:\/\/crees.org.do\/?p=28858\"]}]},{\"@type\":\"ImageObject\",\"inLanguage\":\"es\",\"@id\":\"https:\/\/crees.org.do\/?p=28858#primaryimage\",\"url\":\"https:\/\/crees.org.do\/wp-content\/uploads\/2025\/10\/1-Untitled-copy-15.png\",\"contentUrl\":\"https:\/\/crees.org.do\/wp-content\/uploads\/2025\/10\/1-Untitled-copy-15.png\",\"width\":1080,\"height\":1080},{\"@type\":\"BreadcrumbList\",\"@id\":\"https:\/\/crees.org.do\/?p=28858#breadcrumb\",\"itemListElement\":[{\"@type\":\"ListItem\",\"position\":1,\"name\":\"Portada\",\"item\":\"https:\/\/crees.org.do\/\"},{\"@type\":\"ListItem\",\"position\":2,\"name\":\"\u00bfC\u00f3mo se han comportado los precios de las materias primas en 2025?\"}]},{\"@type\":\"WebSite\",\"@id\":\"https:\/\/crees.org.do\/#website\",\"url\":\"https:\/\/crees.org.do\/\",\"name\":\"CREES\",\"description\":\"Centro Regional de Estrategias Econ\u00f3micas Sostenibles\",\"publisher\":{\"@id\":\"https:\/\/crees.org.do\/#organization\"},\"potentialAction\":[{\"@type\":\"SearchAction\",\"target\":{\"@type\":\"EntryPoint\",\"urlTemplate\":\"https:\/\/crees.org.do\/?s={search_term_string}\"},\"query-input\":{\"@type\":\"PropertyValueSpecification\",\"valueRequired\":true,\"valueName\":\"search_term_string\"}}],\"inLanguage\":\"es\"},{\"@type\":\"Organization\",\"@id\":\"https:\/\/crees.org.do\/#organization\",\"name\":\"CREES | Centro Regional de Estrategias Econ\u00f3micas Sostenibles\",\"url\":\"https:\/\/crees.org.do\/\",\"logo\":{\"@type\":\"ImageObject\",\"inLanguage\":\"es\",\"@id\":\"https:\/\/crees.org.do\/#\/schema\/logo\/image\/\",\"url\":\"https:\/\/crees.org.do\/wp-content\/uploads\/2022\/03\/crees-logo-1.jpg\",\"contentUrl\":\"https:\/\/crees.org.do\/wp-content\/uploads\/2022\/03\/crees-logo-1.jpg\",\"width\":244,\"height\":71,\"caption\":\"CREES | Centro Regional de Estrategias Econ\u00f3micas Sostenibles\"},\"image\":{\"@id\":\"https:\/\/crees.org.do\/#\/schema\/logo\/image\/\"},\"sameAs\":[\"https:\/\/www.facebook.com\/CREESRD\/\",\"https:\/\/x.com\/CREESRD\"]},{\"@type\":\"Person\",\"@id\":\"https:\/\/crees.org.do\/#\/schema\/person\/e7f97cd94d7bf9cd0e0ce30acb7d56b8\",\"name\":\"Crees\",\"image\":{\"@type\":\"ImageObject\",\"inLanguage\":\"es\",\"@id\":\"https:\/\/crees.org.do\/#\/schema\/person\/image\/\",\"url\":\"https:\/\/secure.gravatar.com\/avatar\/390ac8f0be5d9aa046152553e2dd7011b59a512d89c150f5e5f28bb8d9a0b165?s=96&d=mm&r=g\",\"contentUrl\":\"https:\/\/secure.gravatar.com\/avatar\/390ac8f0be5d9aa046152553e2dd7011b59a512d89c150f5e5f28bb8d9a0b165?s=96&d=mm&r=g\",\"caption\":\"Crees\"},\"url\":\"https:\/\/crees.org.do\/?author=2\"}]}<\/script>\n<!-- \/ Yoast SEO plugin. -->","yoast_head_json":{"title":"\u00bfC\u00f3mo se han comportado los precios de las materias primas en 2025? | CREES","robots":{"index":"index","follow":"follow","max-snippet":"max-snippet:-1","max-image-preview":"max-image-preview:large","max-video-preview":"max-video-preview:-1"},"canonical":"https:\/\/crees.org.do\/?p=28858","og_locale":"es_ES","og_type":"article","og_title":"\u00bfC\u00f3mo se han comportado los precios de las materias primas en 2025? | CREES","og_description":"\u00bfC\u00f3mo se han comportado los precios de las materias primas en 2025? Entre enero y el 9 de octubre de 2025, el \u00edndice global de materias primas Dow Jones registra un aumento acumulado de 6.4%, reflejando un desempe\u00f1o mixto entre los distintos grupos que lo componen. El comportamiento ha estado marcado por la divergencia entre...","og_url":"https:\/\/crees.org.do\/?p=28858","og_site_name":"CREES","article_publisher":"https:\/\/www.facebook.com\/CREESRD\/","article_published_time":"2025-10-10T16:50:10+00:00","article_modified_time":"2025-10-13T13:25:34+00:00","og_image":[{"width":1080,"height":1080,"url":"https:\/\/crees.org.do\/wp-content\/uploads\/2025\/10\/1-Untitled-copy-15.png","type":"image\/png"}],"author":"Crees","twitter_card":"summary_large_image","twitter_creator":"@CREESRD","twitter_site":"@CREESRD","twitter_misc":{"Escrito por":"Crees","Tiempo de lectura":"2 minutos"},"schema":{"@context":"https:\/\/schema.org","@graph":[{"@type":"Article","@id":"https:\/\/crees.org.do\/?p=28858#article","isPartOf":{"@id":"https:\/\/crees.org.do\/?p=28858"},"author":{"name":"Crees","@id":"https:\/\/crees.org.do\/#\/schema\/person\/e7f97cd94d7bf9cd0e0ce30acb7d56b8"},"headline":"\u00bfC\u00f3mo se han comportado los precios de las materias primas en 2025?","datePublished":"2025-10-10T16:50:10+00:00","dateModified":"2025-10-13T13:25:34+00:00","mainEntityOfPage":{"@id":"https:\/\/crees.org.do\/?p=28858"},"wordCount":391,"publisher":{"@id":"https:\/\/crees.org.do\/#organization"},"image":{"@id":"https:\/\/crees.org.do\/?p=28858#primaryimage"},"thumbnailUrl":"https:\/\/crees.org.do\/wp-content\/uploads\/2025\/10\/1-Untitled-copy-15.png","articleSection":["Blog"],"inLanguage":"es"},{"@type":"WebPage","@id":"https:\/\/crees.org.do\/?p=28858","url":"https:\/\/crees.org.do\/?p=28858","name":"\u00bfC\u00f3mo se han comportado los precios de las materias primas en 2025? | CREES","isPartOf":{"@id":"https:\/\/crees.org.do\/#website"},"primaryImageOfPage":{"@id":"https:\/\/crees.org.do\/?p=28858#primaryimage"},"image":{"@id":"https:\/\/crees.org.do\/?p=28858#primaryimage"},"thumbnailUrl":"https:\/\/crees.org.do\/wp-content\/uploads\/2025\/10\/1-Untitled-copy-15.png","datePublished":"2025-10-10T16:50:10+00:00","dateModified":"2025-10-13T13:25:34+00:00","breadcrumb":{"@id":"https:\/\/crees.org.do\/?p=28858#breadcrumb"},"inLanguage":"es","potentialAction":[{"@type":"ReadAction","target":["https:\/\/crees.org.do\/?p=28858"]}]},{"@type":"ImageObject","inLanguage":"es","@id":"https:\/\/crees.org.do\/?p=28858#primaryimage","url":"https:\/\/crees.org.do\/wp-content\/uploads\/2025\/10\/1-Untitled-copy-15.png","contentUrl":"https:\/\/crees.org.do\/wp-content\/uploads\/2025\/10\/1-Untitled-copy-15.png","width":1080,"height":1080},{"@type":"BreadcrumbList","@id":"https:\/\/crees.org.do\/?p=28858#breadcrumb","itemListElement":[{"@type":"ListItem","position":1,"name":"Portada","item":"https:\/\/crees.org.do\/"},{"@type":"ListItem","position":2,"name":"\u00bfC\u00f3mo se han comportado los precios de las materias primas en 2025?"}]},{"@type":"WebSite","@id":"https:\/\/crees.org.do\/#website","url":"https:\/\/crees.org.do\/","name":"CREES","description":"Centro Regional de Estrategias Econ\u00f3micas Sostenibles","publisher":{"@id":"https:\/\/crees.org.do\/#organization"},"potentialAction":[{"@type":"SearchAction","target":{"@type":"EntryPoint","urlTemplate":"https:\/\/crees.org.do\/?s={search_term_string}"},"query-input":{"@type":"PropertyValueSpecification","valueRequired":true,"valueName":"search_term_string"}}],"inLanguage":"es"},{"@type":"Organization","@id":"https:\/\/crees.org.do\/#organization","name":"CREES | Centro Regional de Estrategias Econ\u00f3micas Sostenibles","url":"https:\/\/crees.org.do\/","logo":{"@type":"ImageObject","inLanguage":"es","@id":"https:\/\/crees.org.do\/#\/schema\/logo\/image\/","url":"https:\/\/crees.org.do\/wp-content\/uploads\/2022\/03\/crees-logo-1.jpg","contentUrl":"https:\/\/crees.org.do\/wp-content\/uploads\/2022\/03\/crees-logo-1.jpg","width":244,"height":71,"caption":"CREES | Centro Regional de Estrategias Econ\u00f3micas Sostenibles"},"image":{"@id":"https:\/\/crees.org.do\/#\/schema\/logo\/image\/"},"sameAs":["https:\/\/www.facebook.com\/CREESRD\/","https:\/\/x.com\/CREESRD"]},{"@type":"Person","@id":"https:\/\/crees.org.do\/#\/schema\/person\/e7f97cd94d7bf9cd0e0ce30acb7d56b8","name":"Crees","image":{"@type":"ImageObject","inLanguage":"es","@id":"https:\/\/crees.org.do\/#\/schema\/person\/image\/","url":"https:\/\/secure.gravatar.com\/avatar\/390ac8f0be5d9aa046152553e2dd7011b59a512d89c150f5e5f28bb8d9a0b165?s=96&d=mm&r=g","contentUrl":"https:\/\/secure.gravatar.com\/avatar\/390ac8f0be5d9aa046152553e2dd7011b59a512d89c150f5e5f28bb8d9a0b165?s=96&d=mm&r=g","caption":"Crees"},"url":"https:\/\/crees.org.do\/?author=2"}]}},"_links":{"self":[{"href":"https:\/\/crees.org.do\/index.php?rest_route=\/wp\/v2\/posts\/28858","targetHints":{"allow":["GET"]}}],"collection":[{"href":"https:\/\/crees.org.do\/index.php?rest_route=\/wp\/v2\/posts"}],"about":[{"href":"https:\/\/crees.org.do\/index.php?rest_route=\/wp\/v2\/types\/post"}],"author":[{"embeddable":true,"href":"https:\/\/crees.org.do\/index.php?rest_route=\/wp\/v2\/users\/2"}],"replies":[{"embeddable":true,"href":"https:\/\/crees.org.do\/index.php?rest_route=%2Fwp%2Fv2%2Fcomments&post=28858"}],"version-history":[{"count":2,"href":"https:\/\/crees.org.do\/index.php?rest_route=\/wp\/v2\/posts\/28858\/revisions"}],"predecessor-version":[{"id":28870,"href":"https:\/\/crees.org.do\/index.php?rest_route=\/wp\/v2\/posts\/28858\/revisions\/28870"}],"wp:featuredmedia":[{"embeddable":true,"href":"https:\/\/crees.org.do\/index.php?rest_route=\/wp\/v2\/media\/28860"}],"wp:attachment":[{"href":"https:\/\/crees.org.do\/index.php?rest_route=%2Fwp%2Fv2%2Fmedia&parent=28858"}],"wp:term":[{"taxonomy":"category","embeddable":true,"href":"https:\/\/crees.org.do\/index.php?rest_route=%2Fwp%2Fv2%2Fcategories&post=28858"},{"taxonomy":"post_tag","embeddable":true,"href":"https:\/\/crees.org.do\/index.php?rest_route=%2Fwp%2Fv2%2Ftags&post=28858"}],"curies":[{"name":"wp","href":"https:\/\/api.w.org\/{rel}","templated":true}]}}