{"id":28877,"date":"2025-10-16T13:39:24","date_gmt":"2025-10-16T13:39:24","guid":{"rendered":"https:\/\/crees.org.do\/?p=28877"},"modified":"2025-10-16T13:39:24","modified_gmt":"2025-10-16T13:39:24","slug":"ensenanzas-del-premio-nobel-de-economia-para-el-desarrollo","status":"publish","type":"post","link":"https:\/\/crees.org.do\/?p=28877","title":{"rendered":"Ense\u00f1anzas del Premio Nobel de Econom\u00eda para el desarrollo"},"content":{"rendered":"<p style=\"text-align: justify;\">Autor: Miguel Collado Di Franco<\/p>\n<p style=\"text-align: justify;\">Fecha: 16 de octubre de 2025<\/p>\n<h2 style=\"text-align: justify;\"><strong>Ense\u00f1anzas del Premio Nobel de Econom\u00eda para el desarrollo<\/strong><\/h2>\n<p style=\"text-align: justify;\">En esta semana fue otorgado el Premio Conmemorativo de Ciencias Econ\u00f3micas del Banco de Suecia en Memoria de Alfred Nobel a tres economistas. La premiaci\u00f3n de este a\u00f1o vale la pena ser rese\u00f1ada. Contiene elementos fundamentados en la ciencia econ\u00f3mica que son \u00fatiles para dos prop\u00f3sitos. Uno, entender mejor el proceso de progreso o crecimiento econ\u00f3mico. En segundo lugar, c\u00f3mo incide, de forma favorable o negativa, la intervenci\u00f3n p\u00fablica en el proceso de desarrollo econ\u00f3mico.<\/p>\n<p style=\"text-align: justify;\">El trabajo de Philippe Aghion y Peter Howitt, dos de los tres galardonados, contin\u00faan el elegante planteamiento, basado en la l\u00f3gica econ\u00f3mica, del economista Joseph Schumpeter. Primero, empecemos con los aportes del tercero, y m\u00e1s conocido de los tres economistas, Joel Mokyr.<\/p>\n<p style=\"text-align: justify;\">Mokyr es un economista especializado en historia quien investig\u00f3 la relaci\u00f3n del ambiente cultural que conduce al progreso econ\u00f3mico. Se concentr\u00f3 en el progreso t\u00e9cnico, que deriva del conocimiento cient\u00edfico. Su aporte consiste en relacionar c\u00f3mo los avances cient\u00edficos pueden ser aplicados de forma pr\u00e1ctica y, en consecuencia, contribuir a la innovaci\u00f3n y al crecimiento econ\u00f3mico. Es decir, de la ciencia se pasa a la tecnolog\u00eda y, a partir de esta \u00faltima, mejora la vida de las personas por las innovaciones que ocurren. Es un proceso que logra aterrizar el conocimiento cient\u00edfico y, por medio de las ingenier\u00edas, se aplica en los procesos productivos; y aumentan los est\u00e1ndares de vida.<\/p>\n<p style=\"text-align: justify;\">Aunque a lo largo de la humanidad se produjeron momentos en los cuales surgieron avances tecnol\u00f3gicos, esos adelantos carec\u00edan de una continuidad. Eran espor\u00e1dicos, contrario al despegue en el progreso humano que surgi\u00f3 en el siglo XIX. Pensemos, por ejemplo, cuando se invent\u00f3 la quilla para los barcos; el comercio en el Mediterr\u00e1neo aument\u00f3. Es oportuno se\u00f1alar que en ese momento, de manera espont\u00e1nea, y fruto de las facilidades en el comercio tra\u00eddas por avances en la navegaci\u00f3n, surgi\u00f3 la <em>Lex Mercatoria<\/em>. Con modificaciones, ese sistema jur\u00eddico todav\u00eda est\u00e1 vigente en el comercio internacional.<\/p>\n<p style=\"text-align: justify;\">La tecnolog\u00eda y la cultura se combinaron y, de paso, surgi\u00f3, sin intervenci\u00f3n de ninguna autoridad, una ley que regulaba el comercio internacional; por orden espont\u00e1neo apareci\u00f3 una nueva instituci\u00f3n de utilidad para el avance comercial. El estudio de Mokyr del progreso constante y reciente de la humanidad ayuda a comprender de mejor forma a procesos como el expuesto.<\/p>\n<p style=\"text-align: justify;\">Ciencia, tecnolog\u00eda y cultura son elementos de estudio de Mokyr. Su trabajo est\u00e1 muy relacionado con el de Deirdre McCloesky, una brillante economista, merecedora de gran respeto por sus trabajos sobre los cambios culturales que dieron origen al principal objeto de estudio de Mokyr: La Revoluci\u00f3n Industrial.<\/p>\n<p style=\"text-align: justify;\">El ambiente de la Inglaterra de esa \u00e9poca permiti\u00f3 una simbiosis entre emprendedores burgueses e ingenieros que aplicaban los avances cient\u00edficos. En palabras del comit\u00e9 del Nobel: &#8220;Los practicantes, dispuestos a comprometerse con la ciencia, junto con un clima social que abrazaba el cambio, fueron, seg\u00fan Mokyr, razones clave por las que la Revoluci\u00f3n Industrial comenz\u00f3 en Gran Breta\u00f1a.&#8221;<\/p>\n<p style=\"text-align: justify;\">Simbiosis de ciencia y tecnolog\u00eda han determinado el avance constante que ha favorecido a la humanidad desde el siglo antes pasado. El intercambio de ideas que conduce a la innovaci\u00f3n requiere condiciones favorables, como una cultura que permita que los emprendedores puedan aplicar los avances tecnol\u00f3gicos.<\/p>\n<p style=\"text-align: justify;\">Previo a McCloskey, y a Joel Mokyr, Peter Bauer, uno de los mejores estudiosos del desarrollo econ\u00f3mico, importantiz\u00f3 el elemento cultural como un factor para el crecimiento. Solo con las condiciones apropiadas para un ambiente en el que puedan fluir las ideas (y se pueda aplicar la tecnolog\u00eda), lo material puede conducir a la innovaci\u00f3n y, por tanto, a la creaci\u00f3n de bienes y servicios que eleven los niveles de vida de los ciudadanos.<\/p>\n<p style=\"text-align: justify;\">Los otros dos ganadores del Premio Nobel, Aghion y Howitt, no dejan de ser relevantes. El progreso sucede por medio de las acciones de los emprendedores. La innovaci\u00f3n proviene de ellos. Algo que no debemos olvidar, como tampoco que el ambiente de negocios les afecta. Esos puntos son relevantes en el trabajo de los premiados.<\/p>\n<p style=\"text-align: justify;\">Estos dos economistas traen a la mesa una idea conocida: cuando se crean nuevas invenciones, otras desaparecen. Es el concepto de la creaci\u00f3n destructiva. Aunque los cambios producen alg\u00fan tipo de destrucci\u00f3n, el progreso es constante. Los nuevos avances superan a los procesos productivos que desaparecen.<\/p>\n<p style=\"text-align: justify;\">En resumen, el crecimiento es disruptivo; destruye parte de la econom\u00eda existente. Salen empresas y entran nuevas con modelos de negocios innovadores. La creaci\u00f3n es constante. En t\u00e9rminos netos, hay crecimiento, se crea valor; y el progreso de la humanidad no se detiene.<\/p>\n<p style=\"text-align: justify;\">Aunque el progreso avanza, existen fuerzas que limitan la innovaci\u00f3n. Mokyr, McCloskey, Bauer y otros han contribuido a entender c\u00f3mo el crecimiento descrito por Aghion y Howitt puede ser afectado. El poder gubernamental se instrumentaliza para lo positivo lo negativo. En palabras del comit\u00e9 del Nobel, existe el riesgo de que grupos de inter\u00e9s bien establecidos bloqueen las fuerzas de la creaci\u00f3n. Nos permitimos agregar que existe la evidencia de que las autoridades, aun con buenas intenciones, bloquean la innovaci\u00f3n con regulaciones y leyes que es necesario reformar y, en algunos casos, eliminar.<\/p>\n<div class=\"pvc_clear\"><\/div>\n<p class=\"pvc_stats all \" data-element-id=\"28877\" style=\"\"><i class=\"pvc-stats-icon medium\" aria-hidden=\"true\"><svg aria-hidden=\"true\" focusable=\"false\" data-prefix=\"far\" data-icon=\"chart-bar\" role=\"img\" xmlns=\"http:\/\/www.w3.org\/2000\/svg\" viewBox=\"0 0 512 512\" class=\"svg-inline--fa fa-chart-bar fa-w-16 fa-2x\"><path fill=\"currentColor\" d=\"M396.8 352h22.4c6.4 0 12.8-6.4 12.8-12.8V108.8c0-6.4-6.4-12.8-12.8-12.8h-22.4c-6.4 0-12.8 6.4-12.8 12.8v230.4c0 6.4 6.4 12.8 12.8 12.8zm-192 0h22.4c6.4 0 12.8-6.4 12.8-12.8V140.8c0-6.4-6.4-12.8-12.8-12.8h-22.4c-6.4 0-12.8 6.4-12.8 12.8v198.4c0 6.4 6.4 12.8 12.8 12.8zm96 0h22.4c6.4 0 12.8-6.4 12.8-12.8V204.8c0-6.4-6.4-12.8-12.8-12.8h-22.4c-6.4 0-12.8 6.4-12.8 12.8v134.4c0 6.4 6.4 12.8 12.8 12.8zM496 400H48V80c0-8.84-7.16-16-16-16H16C7.16 64 0 71.16 0 80v336c0 17.67 14.33 32 32 32h464c8.84 0 16-7.16 16-16v-16c0-8.84-7.16-16-16-16zm-387.2-48h22.4c6.4 0 12.8-6.4 12.8-12.8v-70.4c0-6.4-6.4-12.8-12.8-12.8h-22.4c-6.4 0-12.8 6.4-12.8 12.8v70.4c0 6.4 6.4 12.8 12.8 12.8z\" class=\"\"><\/path><\/svg><\/i> Vistas Totales&nbsp;1,299&nbsp;, Vistas Hoy&nbsp;4&nbsp;<\/p>\n<div class=\"pvc_clear\"><\/div>\n","protected":false},"excerpt":{"rendered":"<p>Autor: Miguel Collado Di Franco Fecha: 16 de octubre de 2025 Ense\u00f1anzas del Premio Nobel de Econom\u00eda para el desarrollo En esta semana fue otorgado el Premio Conmemorativo de Ciencias Econ\u00f3micas del Banco de Suecia en Memoria de Alfred Nobel a tres economistas. La premiaci\u00f3n de este a\u00f1o vale la pena ser rese\u00f1ada. Contiene elementos&#8230;<\/p>\n<div class=\"pvc_clear\"><\/div>\n<p class=\"pvc_stats all \" data-element-id=\"28877\" style=\"\"><i class=\"pvc-stats-icon medium\" aria-hidden=\"true\"><svg aria-hidden=\"true\" focusable=\"false\" data-prefix=\"far\" data-icon=\"chart-bar\" role=\"img\" xmlns=\"http:\/\/www.w3.org\/2000\/svg\" viewBox=\"0 0 512 512\" class=\"svg-inline--fa fa-chart-bar fa-w-16 fa-2x\"><path fill=\"currentColor\" d=\"M396.8 352h22.4c6.4 0 12.8-6.4 12.8-12.8V108.8c0-6.4-6.4-12.8-12.8-12.8h-22.4c-6.4 0-12.8 6.4-12.8 12.8v230.4c0 6.4 6.4 12.8 12.8 12.8zm-192 0h22.4c6.4 0 12.8-6.4 12.8-12.8V140.8c0-6.4-6.4-12.8-12.8-12.8h-22.4c-6.4 0-12.8 6.4-12.8 12.8v198.4c0 6.4 6.4 12.8 12.8 12.8zm96 0h22.4c6.4 0 12.8-6.4 12.8-12.8V204.8c0-6.4-6.4-12.8-12.8-12.8h-22.4c-6.4 0-12.8 6.4-12.8 12.8v134.4c0 6.4 6.4 12.8 12.8 12.8zM496 400H48V80c0-8.84-7.16-16-16-16H16C7.16 64 0 71.16 0 80v336c0 17.67 14.33 32 32 32h464c8.84 0 16-7.16 16-16v-16c0-8.84-7.16-16-16-16zm-387.2-48h22.4c6.4 0 12.8-6.4 12.8-12.8v-70.4c0-6.4-6.4-12.8-12.8-12.8h-22.4c-6.4 0-12.8 6.4-12.8 12.8v70.4c0 6.4 6.4 12.8 12.8 12.8z\" class=\"\"><\/path><\/svg><\/i> Vistas Totales&nbsp;1,299&nbsp;, Vistas Hoy&nbsp;4&nbsp;<\/p>\n<div class=\"pvc_clear\"><\/div>\n","protected":false},"author":2,"featured_media":28883,"comment_status":"closed","ping_status":"closed","sticky":false,"template":"","format":"standard","meta":{"footnotes":""},"categories":[22],"tags":[],"class_list":["post-28877","post","type-post","status-publish","format-standard","has-post-thumbnail","hentry","category-articulos"],"yoast_head":"<!-- This site is optimized with the Yoast SEO plugin v25.2 - https:\/\/yoast.com\/wordpress\/plugins\/seo\/ -->\n<title>Ense\u00f1anzas del Premio Nobel de Econom\u00eda para el desarrollo | CREES<\/title>\n<meta name=\"robots\" content=\"index, follow, max-snippet:-1, max-image-preview:large, max-video-preview:-1\" \/>\n<link rel=\"canonical\" href=\"https:\/\/crees.org.do\/?p=28877\" \/>\n<meta property=\"og:locale\" content=\"es_ES\" \/>\n<meta property=\"og:type\" content=\"article\" \/>\n<meta property=\"og:title\" content=\"Ense\u00f1anzas del Premio Nobel de Econom\u00eda para el desarrollo | CREES\" \/>\n<meta property=\"og:description\" content=\"Autor: Miguel Collado Di Franco Fecha: 16 de octubre de 2025 Ense\u00f1anzas del Premio Nobel de Econom\u00eda para el desarrollo En esta semana fue otorgado el Premio Conmemorativo de Ciencias Econ\u00f3micas del Banco de Suecia en Memoria de Alfred Nobel a tres economistas. La premiaci\u00f3n de este a\u00f1o vale la pena ser rese\u00f1ada. Contiene elementos...\" \/>\n<meta property=\"og:url\" content=\"https:\/\/crees.org.do\/?p=28877\" \/>\n<meta property=\"og:site_name\" content=\"CREES\" \/>\n<meta property=\"article:publisher\" content=\"https:\/\/www.facebook.com\/CREESRD\/\" \/>\n<meta property=\"article:published_time\" content=\"2025-10-16T13:39:24+00:00\" \/>\n<meta property=\"og:image\" content=\"https:\/\/crees.org.do\/wp-content\/uploads\/2025\/10\/Slide-1-copy-49-6-scaled.png\" \/>\n\t<meta property=\"og:image:width\" content=\"1200\" \/>\n\t<meta property=\"og:image:height\" content=\"1200\" \/>\n\t<meta property=\"og:image:type\" content=\"image\/png\" \/>\n<meta name=\"author\" content=\"Crees\" \/>\n<meta name=\"twitter:card\" content=\"summary_large_image\" \/>\n<meta name=\"twitter:creator\" content=\"@CREESRD\" \/>\n<meta name=\"twitter:site\" content=\"@CREESRD\" \/>\n<meta name=\"twitter:label1\" content=\"Escrito por\" \/>\n\t<meta name=\"twitter:data1\" content=\"Crees\" \/>\n\t<meta name=\"twitter:label2\" content=\"Tiempo de lectura\" \/>\n\t<meta name=\"twitter:data2\" content=\"5 minutos\" \/>\n<script type=\"application\/ld+json\" class=\"yoast-schema-graph\">{\"@context\":\"https:\/\/schema.org\",\"@graph\":[{\"@type\":\"Article\",\"@id\":\"https:\/\/crees.org.do\/?p=28877#article\",\"isPartOf\":{\"@id\":\"https:\/\/crees.org.do\/?p=28877\"},\"author\":{\"name\":\"Crees\",\"@id\":\"https:\/\/crees.org.do\/#\/schema\/person\/e7f97cd94d7bf9cd0e0ce30acb7d56b8\"},\"headline\":\"Ense\u00f1anzas del Premio Nobel de Econom\u00eda para el desarrollo\",\"datePublished\":\"2025-10-16T13:39:24+00:00\",\"mainEntityOfPage\":{\"@id\":\"https:\/\/crees.org.do\/?p=28877\"},\"wordCount\":941,\"publisher\":{\"@id\":\"https:\/\/crees.org.do\/#organization\"},\"image\":{\"@id\":\"https:\/\/crees.org.do\/?p=28877#primaryimage\"},\"thumbnailUrl\":\"https:\/\/crees.org.do\/wp-content\/uploads\/2025\/10\/Slide-1-copy-49-6-scaled.png\",\"articleSection\":[\"Art\u00edculos\"],\"inLanguage\":\"es\"},{\"@type\":\"WebPage\",\"@id\":\"https:\/\/crees.org.do\/?p=28877\",\"url\":\"https:\/\/crees.org.do\/?p=28877\",\"name\":\"Ense\u00f1anzas del Premio Nobel de Econom\u00eda para el desarrollo | CREES\",\"isPartOf\":{\"@id\":\"https:\/\/crees.org.do\/#website\"},\"primaryImageOfPage\":{\"@id\":\"https:\/\/crees.org.do\/?p=28877#primaryimage\"},\"image\":{\"@id\":\"https:\/\/crees.org.do\/?p=28877#primaryimage\"},\"thumbnailUrl\":\"https:\/\/crees.org.do\/wp-content\/uploads\/2025\/10\/Slide-1-copy-49-6-scaled.png\",\"datePublished\":\"2025-10-16T13:39:24+00:00\",\"breadcrumb\":{\"@id\":\"https:\/\/crees.org.do\/?p=28877#breadcrumb\"},\"inLanguage\":\"es\",\"potentialAction\":[{\"@type\":\"ReadAction\",\"target\":[\"https:\/\/crees.org.do\/?p=28877\"]}]},{\"@type\":\"ImageObject\",\"inLanguage\":\"es\",\"@id\":\"https:\/\/crees.org.do\/?p=28877#primaryimage\",\"url\":\"https:\/\/crees.org.do\/wp-content\/uploads\/2025\/10\/Slide-1-copy-49-6-scaled.png\",\"contentUrl\":\"https:\/\/crees.org.do\/wp-content\/uploads\/2025\/10\/Slide-1-copy-49-6-scaled.png\",\"width\":1200,\"height\":1200},{\"@type\":\"BreadcrumbList\",\"@id\":\"https:\/\/crees.org.do\/?p=28877#breadcrumb\",\"itemListElement\":[{\"@type\":\"ListItem\",\"position\":1,\"name\":\"Portada\",\"item\":\"https:\/\/crees.org.do\/\"},{\"@type\":\"ListItem\",\"position\":2,\"name\":\"Ense\u00f1anzas del Premio Nobel de Econom\u00eda para el desarrollo\"}]},{\"@type\":\"WebSite\",\"@id\":\"https:\/\/crees.org.do\/#website\",\"url\":\"https:\/\/crees.org.do\/\",\"name\":\"CREES\",\"description\":\"Centro Regional de Estrategias Econ\u00f3micas Sostenibles\",\"publisher\":{\"@id\":\"https:\/\/crees.org.do\/#organization\"},\"potentialAction\":[{\"@type\":\"SearchAction\",\"target\":{\"@type\":\"EntryPoint\",\"urlTemplate\":\"https:\/\/crees.org.do\/?s={search_term_string}\"},\"query-input\":{\"@type\":\"PropertyValueSpecification\",\"valueRequired\":true,\"valueName\":\"search_term_string\"}}],\"inLanguage\":\"es\"},{\"@type\":\"Organization\",\"@id\":\"https:\/\/crees.org.do\/#organization\",\"name\":\"CREES | Centro Regional de Estrategias Econ\u00f3micas Sostenibles\",\"url\":\"https:\/\/crees.org.do\/\",\"logo\":{\"@type\":\"ImageObject\",\"inLanguage\":\"es\",\"@id\":\"https:\/\/crees.org.do\/#\/schema\/logo\/image\/\",\"url\":\"https:\/\/crees.org.do\/wp-content\/uploads\/2022\/03\/crees-logo-1.jpg\",\"contentUrl\":\"https:\/\/crees.org.do\/wp-content\/uploads\/2022\/03\/crees-logo-1.jpg\",\"width\":244,\"height\":71,\"caption\":\"CREES | Centro Regional de Estrategias Econ\u00f3micas Sostenibles\"},\"image\":{\"@id\":\"https:\/\/crees.org.do\/#\/schema\/logo\/image\/\"},\"sameAs\":[\"https:\/\/www.facebook.com\/CREESRD\/\",\"https:\/\/x.com\/CREESRD\"]},{\"@type\":\"Person\",\"@id\":\"https:\/\/crees.org.do\/#\/schema\/person\/e7f97cd94d7bf9cd0e0ce30acb7d56b8\",\"name\":\"Crees\",\"image\":{\"@type\":\"ImageObject\",\"inLanguage\":\"es\",\"@id\":\"https:\/\/crees.org.do\/#\/schema\/person\/image\/\",\"url\":\"https:\/\/secure.gravatar.com\/avatar\/390ac8f0be5d9aa046152553e2dd7011b59a512d89c150f5e5f28bb8d9a0b165?s=96&d=mm&r=g\",\"contentUrl\":\"https:\/\/secure.gravatar.com\/avatar\/390ac8f0be5d9aa046152553e2dd7011b59a512d89c150f5e5f28bb8d9a0b165?s=96&d=mm&r=g\",\"caption\":\"Crees\"},\"url\":\"https:\/\/crees.org.do\/?author=2\"}]}<\/script>\n<!-- \/ Yoast SEO plugin. -->","yoast_head_json":{"title":"Ense\u00f1anzas del Premio Nobel de Econom\u00eda para el desarrollo | CREES","robots":{"index":"index","follow":"follow","max-snippet":"max-snippet:-1","max-image-preview":"max-image-preview:large","max-video-preview":"max-video-preview:-1"},"canonical":"https:\/\/crees.org.do\/?p=28877","og_locale":"es_ES","og_type":"article","og_title":"Ense\u00f1anzas del Premio Nobel de Econom\u00eda para el desarrollo | CREES","og_description":"Autor: Miguel Collado Di Franco Fecha: 16 de octubre de 2025 Ense\u00f1anzas del Premio Nobel de Econom\u00eda para el desarrollo En esta semana fue otorgado el Premio Conmemorativo de Ciencias Econ\u00f3micas del Banco de Suecia en Memoria de Alfred Nobel a tres economistas. La premiaci\u00f3n de este a\u00f1o vale la pena ser rese\u00f1ada. Contiene elementos...","og_url":"https:\/\/crees.org.do\/?p=28877","og_site_name":"CREES","article_publisher":"https:\/\/www.facebook.com\/CREESRD\/","article_published_time":"2025-10-16T13:39:24+00:00","og_image":[{"width":1200,"height":1200,"url":"https:\/\/crees.org.do\/wp-content\/uploads\/2025\/10\/Slide-1-copy-49-6-scaled.png","type":"image\/png"}],"author":"Crees","twitter_card":"summary_large_image","twitter_creator":"@CREESRD","twitter_site":"@CREESRD","twitter_misc":{"Escrito por":"Crees","Tiempo de lectura":"5 minutos"},"schema":{"@context":"https:\/\/schema.org","@graph":[{"@type":"Article","@id":"https:\/\/crees.org.do\/?p=28877#article","isPartOf":{"@id":"https:\/\/crees.org.do\/?p=28877"},"author":{"name":"Crees","@id":"https:\/\/crees.org.do\/#\/schema\/person\/e7f97cd94d7bf9cd0e0ce30acb7d56b8"},"headline":"Ense\u00f1anzas del Premio Nobel de Econom\u00eda para el desarrollo","datePublished":"2025-10-16T13:39:24+00:00","mainEntityOfPage":{"@id":"https:\/\/crees.org.do\/?p=28877"},"wordCount":941,"publisher":{"@id":"https:\/\/crees.org.do\/#organization"},"image":{"@id":"https:\/\/crees.org.do\/?p=28877#primaryimage"},"thumbnailUrl":"https:\/\/crees.org.do\/wp-content\/uploads\/2025\/10\/Slide-1-copy-49-6-scaled.png","articleSection":["Art\u00edculos"],"inLanguage":"es"},{"@type":"WebPage","@id":"https:\/\/crees.org.do\/?p=28877","url":"https:\/\/crees.org.do\/?p=28877","name":"Ense\u00f1anzas del Premio Nobel de Econom\u00eda para el desarrollo | CREES","isPartOf":{"@id":"https:\/\/crees.org.do\/#website"},"primaryImageOfPage":{"@id":"https:\/\/crees.org.do\/?p=28877#primaryimage"},"image":{"@id":"https:\/\/crees.org.do\/?p=28877#primaryimage"},"thumbnailUrl":"https:\/\/crees.org.do\/wp-content\/uploads\/2025\/10\/Slide-1-copy-49-6-scaled.png","datePublished":"2025-10-16T13:39:24+00:00","breadcrumb":{"@id":"https:\/\/crees.org.do\/?p=28877#breadcrumb"},"inLanguage":"es","potentialAction":[{"@type":"ReadAction","target":["https:\/\/crees.org.do\/?p=28877"]}]},{"@type":"ImageObject","inLanguage":"es","@id":"https:\/\/crees.org.do\/?p=28877#primaryimage","url":"https:\/\/crees.org.do\/wp-content\/uploads\/2025\/10\/Slide-1-copy-49-6-scaled.png","contentUrl":"https:\/\/crees.org.do\/wp-content\/uploads\/2025\/10\/Slide-1-copy-49-6-scaled.png","width":1200,"height":1200},{"@type":"BreadcrumbList","@id":"https:\/\/crees.org.do\/?p=28877#breadcrumb","itemListElement":[{"@type":"ListItem","position":1,"name":"Portada","item":"https:\/\/crees.org.do\/"},{"@type":"ListItem","position":2,"name":"Ense\u00f1anzas del Premio Nobel de Econom\u00eda para el desarrollo"}]},{"@type":"WebSite","@id":"https:\/\/crees.org.do\/#website","url":"https:\/\/crees.org.do\/","name":"CREES","description":"Centro Regional de Estrategias Econ\u00f3micas Sostenibles","publisher":{"@id":"https:\/\/crees.org.do\/#organization"},"potentialAction":[{"@type":"SearchAction","target":{"@type":"EntryPoint","urlTemplate":"https:\/\/crees.org.do\/?s={search_term_string}"},"query-input":{"@type":"PropertyValueSpecification","valueRequired":true,"valueName":"search_term_string"}}],"inLanguage":"es"},{"@type":"Organization","@id":"https:\/\/crees.org.do\/#organization","name":"CREES | Centro Regional de Estrategias Econ\u00f3micas Sostenibles","url":"https:\/\/crees.org.do\/","logo":{"@type":"ImageObject","inLanguage":"es","@id":"https:\/\/crees.org.do\/#\/schema\/logo\/image\/","url":"https:\/\/crees.org.do\/wp-content\/uploads\/2022\/03\/crees-logo-1.jpg","contentUrl":"https:\/\/crees.org.do\/wp-content\/uploads\/2022\/03\/crees-logo-1.jpg","width":244,"height":71,"caption":"CREES | Centro Regional de Estrategias Econ\u00f3micas Sostenibles"},"image":{"@id":"https:\/\/crees.org.do\/#\/schema\/logo\/image\/"},"sameAs":["https:\/\/www.facebook.com\/CREESRD\/","https:\/\/x.com\/CREESRD"]},{"@type":"Person","@id":"https:\/\/crees.org.do\/#\/schema\/person\/e7f97cd94d7bf9cd0e0ce30acb7d56b8","name":"Crees","image":{"@type":"ImageObject","inLanguage":"es","@id":"https:\/\/crees.org.do\/#\/schema\/person\/image\/","url":"https:\/\/secure.gravatar.com\/avatar\/390ac8f0be5d9aa046152553e2dd7011b59a512d89c150f5e5f28bb8d9a0b165?s=96&d=mm&r=g","contentUrl":"https:\/\/secure.gravatar.com\/avatar\/390ac8f0be5d9aa046152553e2dd7011b59a512d89c150f5e5f28bb8d9a0b165?s=96&d=mm&r=g","caption":"Crees"},"url":"https:\/\/crees.org.do\/?author=2"}]}},"_links":{"self":[{"href":"https:\/\/crees.org.do\/index.php?rest_route=\/wp\/v2\/posts\/28877","targetHints":{"allow":["GET"]}}],"collection":[{"href":"https:\/\/crees.org.do\/index.php?rest_route=\/wp\/v2\/posts"}],"about":[{"href":"https:\/\/crees.org.do\/index.php?rest_route=\/wp\/v2\/types\/post"}],"author":[{"embeddable":true,"href":"https:\/\/crees.org.do\/index.php?rest_route=\/wp\/v2\/users\/2"}],"replies":[{"embeddable":true,"href":"https:\/\/crees.org.do\/index.php?rest_route=%2Fwp%2Fv2%2Fcomments&post=28877"}],"version-history":[{"count":1,"href":"https:\/\/crees.org.do\/index.php?rest_route=\/wp\/v2\/posts\/28877\/revisions"}],"predecessor-version":[{"id":28878,"href":"https:\/\/crees.org.do\/index.php?rest_route=\/wp\/v2\/posts\/28877\/revisions\/28878"}],"wp:featuredmedia":[{"embeddable":true,"href":"https:\/\/crees.org.do\/index.php?rest_route=\/wp\/v2\/media\/28883"}],"wp:attachment":[{"href":"https:\/\/crees.org.do\/index.php?rest_route=%2Fwp%2Fv2%2Fmedia&parent=28877"}],"wp:term":[{"taxonomy":"category","embeddable":true,"href":"https:\/\/crees.org.do\/index.php?rest_route=%2Fwp%2Fv2%2Fcategories&post=28877"},{"taxonomy":"post_tag","embeddable":true,"href":"https:\/\/crees.org.do\/index.php?rest_route=%2Fwp%2Fv2%2Ftags&post=28877"}],"curies":[{"name":"wp","href":"https:\/\/api.w.org\/{rel}","templated":true}]}}