{"id":28904,"date":"2025-10-24T16:12:02","date_gmt":"2025-10-24T16:12:02","guid":{"rendered":"https:\/\/crees.org.do\/?p=28904"},"modified":"2025-10-24T16:12:02","modified_gmt":"2025-10-24T16:12:02","slug":"sociedad-civil-oportunismo-politico-y-transformaciones","status":"publish","type":"post","link":"https:\/\/crees.org.do\/?p=28904","title":{"rendered":"Sociedad civil, oportunismo pol\u00edtico y transformaciones"},"content":{"rendered":"<p style=\"text-align: justify;\">Autor: Miguel Collado Di Franco<\/p>\n<p style=\"text-align: justify;\">Fecha: 23 de octubre de 2025<\/p>\n<h2 style=\"text-align: justify;\"><strong>Sociedad civil, oportunismo pol\u00edtico y transformaciones<\/strong><\/h2>\n<p style=\"text-align: justify;\">Aquellas cosas que nos permiten vivir y progresar como seres humanos, que promueven el avance material, surgen de los miembros de la sociedad civil. De igual forma, de los ciudadanos nacen las instituciones que proveen el fundamento espiritual, moral y filos\u00f3fico de la humanidad. Por igual, las acciones filantr\u00f3picas, de ayuda a los necesitados y de sustento al bienestar social tienen su origen en organizaciones de la sociedad civil que por siglos han brindado apoyo a enfermos, hu\u00e9rfanos, viudas, e incapacitados f\u00edsicos. A pesar del desplazamiento pol\u00edtico de estas actividades, las organizaciones caritativas apoyadas por ciudadanos siguen siendo imprescindibles. Lo mismo puede decirse de la educaci\u00f3n, b\u00e1sica y superior, ya que el avance del conocimiento proviene de instituciones con origen en esas entidades de la sociedad civil.<\/p>\n<p style=\"text-align: justify;\">En adici\u00f3n, la sociedad civil ostenta el rol de contrapeso en las democracias. Ocupa un papel como vigilante de las acciones de quienes nos representan en las funciones p\u00fablicas dentro de los gobiernos.<\/p>\n<p style=\"text-align: justify;\">Esta \u00faltima funci\u00f3n, servir de contrapeso del poder pol\u00edtico, debe ser resaltada.\u00a0 Una sociedad m\u00e1s justa, basada en la igualdad ante la ley, necesita un Estado de derecho estable, confiable y no corrupto; condici\u00f3n imprescindible para el desarrollo socioecon\u00f3mico sostenible.<\/p>\n<p style=\"text-align: justify;\">Los resultados de la sociedad civil no son perfectos, como nada humano lo es, pero sus caracter\u00edsticas de autocontrol y su esencia colaborativa colocan a sus procesos en ventaja ante las organizaciones que se basan en la coerci\u00f3n. Es decir, a la organizaciones gubernamentales o estatales, que usan la fuerza para operar. Y que necesitan de controles y frenos externos para evitar excesos y para que puedan operar.<\/p>\n<p style=\"text-align: justify;\">Las relaciones que se producen dentro de la sociedad civil, ya sea en el colmado de la esquina, en un club deportivo, en una asociaci\u00f3n ben\u00e9fica, en una f\u00e1brica, o en un gremio, se caracterizan por ser voluntarias y mutuamente beneficiosas para quienes participan en las mismas. Cada uno de los diferentes procesos que se producen en la sociedad civil contin\u00faa su curso solo hasta el momento en que alguien percibe que el mismo no le es provechoso. Las principales caracter\u00edsticas son la cooperaci\u00f3n pac\u00edfica, voluntaria, provechosa y autorregulada.<\/p>\n<p style=\"text-align: justify;\">Un elemento de la autorregulaci\u00f3n de la sociedad civil es la quiebra financiera; perder dinero, sufrir una merma en el patrimonio personal. Un emprendimiento quiebra si no emplea de forma correcta los recursos escasos de la sociedad. Si alguien no usa los recursos para crear valor, para crear bienestar a los dem\u00e1s ciudadanos, es penalizado con la p\u00e9rdida de su patrimonio; y otro emprendedor puede iniciar un nuevo emprendimiento productivo para proporcionar un mejor bien o servicio.<\/p>\n<p style=\"text-align: justify;\">Por el contrario, \u00bfes com\u00fan escuchar a alg\u00fan funcionario expresar: \u201cLuego de realizar un an\u00e1lisis de nuestra direcci\u00f3n o ministerio determinamos que el costo de su operaci\u00f3n excede el beneficio que podr\u00eda aportar a los ciudadanos, por lo que aconsejamos su cierre definitivo\u201d? En sentido general, la respuesta es negativa.<\/p>\n<p style=\"text-align: justify;\">El inter\u00e9s primordial de quien hizo campa\u00f1a pol\u00edtica por un cargo p\u00fablico es ocuparlo; es su trabajo, por el cual hizo un esfuerzo. S\u00ed, hay personas dentro del \u00e1mbito p\u00fablico que pueden pensar en ahorrar recursos del contribuyente, en buscar que el Estado gaste menos. Pero la Teor\u00eda de la Elecci\u00f3n P\u00fablica, una rama de la ciencia econ\u00f3mica, y el sentido com\u00fan, ayudan a entender que ese comportamiento no es la norma. Como tampoco lo ser\u00eda que el due\u00f1o del colmado, o de la farmacia de la esquina, decidieran regalar su inventario a los miembros de la comunidad, y llegar a la quiebra financiera.<\/p>\n<p style=\"text-align: justify;\">La ciencia econ\u00f3mica ayuda a entender que las decisiones p\u00fablicas suelen estar moldeadas por: 1) el corto plazo, 2) por la construcci\u00f3n de popularidad, y 3) por la influencia de grupos de inter\u00e9s.<\/p>\n<p style=\"text-align: justify;\">La pol\u00edtica, por tanto, debe entenderse sin el velo de que es el principal medio para alcanzar el bien com\u00fan. No lo es. El an\u00e1lisis objetivo ayuda a comprender la prevalencia del inter\u00e9s particular sobre el colectivo, que la b\u00fasqueda de popularidad es un objetivo en s\u00ed mismo, y que complacer a terceros, a grupos de presi\u00f3n, suelen ser parte del oportunismo pol\u00edtico.<\/p>\n<p style=\"text-align: justify;\">Cuando se analiza la pol\u00edtica como tal, y no de forma rom\u00e1ntica, es posible observar otros elementos. Por ejemplo, las propuestas de campa\u00f1a no son vinculantes. En consecuencia, lo que ofrece un candidato, las m\u00e1s de las veces, cambia una vez que es electo. Luego de la votaci\u00f3n se produce un fraccionamiento entre las promesas y las ejecutorias. Esa ruptura tambi\u00e9n se produce durante el mismo mandato. Por consiguiente, los votantes pierden control sobre el accionar de quienes los representan.<\/p>\n<p style=\"text-align: justify;\">El rol de la sociedad civil es imprescindible como base del desarrollo econ\u00f3mico y como forma de control en cualquier sociedad democr\u00e1tica. En consecuencia, ayudar al sector p\u00fablico en momentos en que un pa\u00eds lo necesita, y recordar a quienes fueron electos que es necesario realizar transformaciones estructurales, debe ser una funci\u00f3n bien vista y respetada por todos los ciudadanos. Tanto los mismos miembros de la sociedad civil, como los funcionarios electos o por nombramiento. Escuchar a los miembros de la sociedad civil, y aprovechar los aportes de estos, requiere un verdadero liderazgo, comprometido a enfrentar el complejo proceso de cambio que requiere cualquier naci\u00f3n.<\/p>\n<div class=\"pvc_clear\"><\/div>\n<p class=\"pvc_stats all \" data-element-id=\"28904\" style=\"\"><i class=\"pvc-stats-icon medium\" aria-hidden=\"true\"><svg aria-hidden=\"true\" focusable=\"false\" data-prefix=\"far\" data-icon=\"chart-bar\" role=\"img\" xmlns=\"http:\/\/www.w3.org\/2000\/svg\" viewBox=\"0 0 512 512\" class=\"svg-inline--fa fa-chart-bar fa-w-16 fa-2x\"><path fill=\"currentColor\" d=\"M396.8 352h22.4c6.4 0 12.8-6.4 12.8-12.8V108.8c0-6.4-6.4-12.8-12.8-12.8h-22.4c-6.4 0-12.8 6.4-12.8 12.8v230.4c0 6.4 6.4 12.8 12.8 12.8zm-192 0h22.4c6.4 0 12.8-6.4 12.8-12.8V140.8c0-6.4-6.4-12.8-12.8-12.8h-22.4c-6.4 0-12.8 6.4-12.8 12.8v198.4c0 6.4 6.4 12.8 12.8 12.8zm96 0h22.4c6.4 0 12.8-6.4 12.8-12.8V204.8c0-6.4-6.4-12.8-12.8-12.8h-22.4c-6.4 0-12.8 6.4-12.8 12.8v134.4c0 6.4 6.4 12.8 12.8 12.8zM496 400H48V80c0-8.84-7.16-16-16-16H16C7.16 64 0 71.16 0 80v336c0 17.67 14.33 32 32 32h464c8.84 0 16-7.16 16-16v-16c0-8.84-7.16-16-16-16zm-387.2-48h22.4c6.4 0 12.8-6.4 12.8-12.8v-70.4c0-6.4-6.4-12.8-12.8-12.8h-22.4c-6.4 0-12.8 6.4-12.8 12.8v70.4c0 6.4 6.4 12.8 12.8 12.8z\" class=\"\"><\/path><\/svg><\/i> Vistas Totales&nbsp;1,386&nbsp;, Vistas Hoy&nbsp;6&nbsp;<\/p>\n<div class=\"pvc_clear\"><\/div>\n","protected":false},"excerpt":{"rendered":"<p>Autor: Miguel Collado Di Franco Fecha: 23 de octubre de 2025 Sociedad civil, oportunismo pol\u00edtico y transformaciones Aquellas cosas que nos permiten vivir y progresar como seres humanos, que promueven el avance material, surgen de los miembros de la sociedad civil. De igual forma, de los ciudadanos nacen las instituciones que proveen el fundamento espiritual,&#8230;<\/p>\n<div class=\"pvc_clear\"><\/div>\n<p class=\"pvc_stats all \" data-element-id=\"28904\" style=\"\"><i class=\"pvc-stats-icon medium\" aria-hidden=\"true\"><svg aria-hidden=\"true\" focusable=\"false\" data-prefix=\"far\" data-icon=\"chart-bar\" role=\"img\" xmlns=\"http:\/\/www.w3.org\/2000\/svg\" viewBox=\"0 0 512 512\" class=\"svg-inline--fa fa-chart-bar fa-w-16 fa-2x\"><path fill=\"currentColor\" d=\"M396.8 352h22.4c6.4 0 12.8-6.4 12.8-12.8V108.8c0-6.4-6.4-12.8-12.8-12.8h-22.4c-6.4 0-12.8 6.4-12.8 12.8v230.4c0 6.4 6.4 12.8 12.8 12.8zm-192 0h22.4c6.4 0 12.8-6.4 12.8-12.8V140.8c0-6.4-6.4-12.8-12.8-12.8h-22.4c-6.4 0-12.8 6.4-12.8 12.8v198.4c0 6.4 6.4 12.8 12.8 12.8zm96 0h22.4c6.4 0 12.8-6.4 12.8-12.8V204.8c0-6.4-6.4-12.8-12.8-12.8h-22.4c-6.4 0-12.8 6.4-12.8 12.8v134.4c0 6.4 6.4 12.8 12.8 12.8zM496 400H48V80c0-8.84-7.16-16-16-16H16C7.16 64 0 71.16 0 80v336c0 17.67 14.33 32 32 32h464c8.84 0 16-7.16 16-16v-16c0-8.84-7.16-16-16-16zm-387.2-48h22.4c6.4 0 12.8-6.4 12.8-12.8v-70.4c0-6.4-6.4-12.8-12.8-12.8h-22.4c-6.4 0-12.8 6.4-12.8 12.8v70.4c0 6.4 6.4 12.8 12.8 12.8z\" class=\"\"><\/path><\/svg><\/i> Vistas Totales&nbsp;1,386&nbsp;, Vistas Hoy&nbsp;6&nbsp;<\/p>\n<div class=\"pvc_clear\"><\/div>\n","protected":false},"author":2,"featured_media":28912,"comment_status":"closed","ping_status":"closed","sticky":false,"template":"","format":"standard","meta":{"footnotes":""},"categories":[22],"tags":[],"class_list":["post-28904","post","type-post","status-publish","format-standard","has-post-thumbnail","hentry","category-articulos"],"yoast_head":"<!-- This site is optimized with the Yoast SEO plugin v25.2 - https:\/\/yoast.com\/wordpress\/plugins\/seo\/ -->\n<title>Sociedad civil, oportunismo pol\u00edtico y transformaciones | CREES<\/title>\n<meta name=\"robots\" content=\"index, follow, max-snippet:-1, max-image-preview:large, max-video-preview:-1\" \/>\n<link rel=\"canonical\" href=\"https:\/\/crees.org.do\/?p=28904\" \/>\n<meta property=\"og:locale\" content=\"es_ES\" \/>\n<meta property=\"og:type\" content=\"article\" \/>\n<meta property=\"og:title\" content=\"Sociedad civil, oportunismo pol\u00edtico y transformaciones | CREES\" \/>\n<meta property=\"og:description\" content=\"Autor: Miguel Collado Di Franco Fecha: 23 de octubre de 2025 Sociedad civil, oportunismo pol\u00edtico y transformaciones Aquellas cosas que nos permiten vivir y progresar como seres humanos, que promueven el avance material, surgen de los miembros de la sociedad civil. De igual forma, de los ciudadanos nacen las instituciones que proveen el fundamento espiritual,...\" \/>\n<meta property=\"og:url\" content=\"https:\/\/crees.org.do\/?p=28904\" \/>\n<meta property=\"og:site_name\" content=\"CREES\" \/>\n<meta property=\"article:publisher\" content=\"https:\/\/www.facebook.com\/CREESRD\/\" \/>\n<meta property=\"article:published_time\" content=\"2025-10-24T16:12:02+00:00\" \/>\n<meta property=\"og:image\" content=\"https:\/\/crees.org.do\/wp-content\/uploads\/2025\/10\/Slide-1-copy-49-7-768x768.png\" \/>\n\t<meta property=\"og:image:width\" content=\"768\" \/>\n\t<meta property=\"og:image:height\" content=\"768\" \/>\n\t<meta property=\"og:image:type\" content=\"image\/png\" \/>\n<meta name=\"author\" content=\"Crees\" \/>\n<meta name=\"twitter:card\" content=\"summary_large_image\" \/>\n<meta name=\"twitter:creator\" content=\"@CREESRD\" \/>\n<meta name=\"twitter:site\" content=\"@CREESRD\" \/>\n<meta name=\"twitter:label1\" content=\"Escrito por\" \/>\n\t<meta name=\"twitter:data1\" content=\"Crees\" \/>\n\t<meta name=\"twitter:label2\" content=\"Tiempo de lectura\" \/>\n\t<meta name=\"twitter:data2\" content=\"5 minutos\" \/>\n<script type=\"application\/ld+json\" class=\"yoast-schema-graph\">{\"@context\":\"https:\/\/schema.org\",\"@graph\":[{\"@type\":\"Article\",\"@id\":\"https:\/\/crees.org.do\/?p=28904#article\",\"isPartOf\":{\"@id\":\"https:\/\/crees.org.do\/?p=28904\"},\"author\":{\"name\":\"Crees\",\"@id\":\"https:\/\/crees.org.do\/#\/schema\/person\/e7f97cd94d7bf9cd0e0ce30acb7d56b8\"},\"headline\":\"Sociedad civil, oportunismo pol\u00edtico y transformaciones\",\"datePublished\":\"2025-10-24T16:12:02+00:00\",\"mainEntityOfPage\":{\"@id\":\"https:\/\/crees.org.do\/?p=28904\"},\"wordCount\":956,\"publisher\":{\"@id\":\"https:\/\/crees.org.do\/#organization\"},\"image\":{\"@id\":\"https:\/\/crees.org.do\/?p=28904#primaryimage\"},\"thumbnailUrl\":\"https:\/\/crees.org.do\/wp-content\/uploads\/2025\/10\/Slide-1-copy-49-7-scaled.png\",\"articleSection\":[\"Art\u00edculos\"],\"inLanguage\":\"es\"},{\"@type\":\"WebPage\",\"@id\":\"https:\/\/crees.org.do\/?p=28904\",\"url\":\"https:\/\/crees.org.do\/?p=28904\",\"name\":\"Sociedad civil, oportunismo pol\u00edtico y transformaciones | CREES\",\"isPartOf\":{\"@id\":\"https:\/\/crees.org.do\/#website\"},\"primaryImageOfPage\":{\"@id\":\"https:\/\/crees.org.do\/?p=28904#primaryimage\"},\"image\":{\"@id\":\"https:\/\/crees.org.do\/?p=28904#primaryimage\"},\"thumbnailUrl\":\"https:\/\/crees.org.do\/wp-content\/uploads\/2025\/10\/Slide-1-copy-49-7-scaled.png\",\"datePublished\":\"2025-10-24T16:12:02+00:00\",\"breadcrumb\":{\"@id\":\"https:\/\/crees.org.do\/?p=28904#breadcrumb\"},\"inLanguage\":\"es\",\"potentialAction\":[{\"@type\":\"ReadAction\",\"target\":[\"https:\/\/crees.org.do\/?p=28904\"]}]},{\"@type\":\"ImageObject\",\"inLanguage\":\"es\",\"@id\":\"https:\/\/crees.org.do\/?p=28904#primaryimage\",\"url\":\"https:\/\/crees.org.do\/wp-content\/uploads\/2025\/10\/Slide-1-copy-49-7-scaled.png\",\"contentUrl\":\"https:\/\/crees.org.do\/wp-content\/uploads\/2025\/10\/Slide-1-copy-49-7-scaled.png\",\"width\":1200,\"height\":1200},{\"@type\":\"BreadcrumbList\",\"@id\":\"https:\/\/crees.org.do\/?p=28904#breadcrumb\",\"itemListElement\":[{\"@type\":\"ListItem\",\"position\":1,\"name\":\"Portada\",\"item\":\"https:\/\/crees.org.do\/\"},{\"@type\":\"ListItem\",\"position\":2,\"name\":\"Sociedad civil, oportunismo pol\u00edtico y transformaciones\"}]},{\"@type\":\"WebSite\",\"@id\":\"https:\/\/crees.org.do\/#website\",\"url\":\"https:\/\/crees.org.do\/\",\"name\":\"CREES\",\"description\":\"Centro Regional de Estrategias Econ\u00f3micas Sostenibles\",\"publisher\":{\"@id\":\"https:\/\/crees.org.do\/#organization\"},\"potentialAction\":[{\"@type\":\"SearchAction\",\"target\":{\"@type\":\"EntryPoint\",\"urlTemplate\":\"https:\/\/crees.org.do\/?s={search_term_string}\"},\"query-input\":{\"@type\":\"PropertyValueSpecification\",\"valueRequired\":true,\"valueName\":\"search_term_string\"}}],\"inLanguage\":\"es\"},{\"@type\":\"Organization\",\"@id\":\"https:\/\/crees.org.do\/#organization\",\"name\":\"CREES | Centro Regional de Estrategias Econ\u00f3micas Sostenibles\",\"url\":\"https:\/\/crees.org.do\/\",\"logo\":{\"@type\":\"ImageObject\",\"inLanguage\":\"es\",\"@id\":\"https:\/\/crees.org.do\/#\/schema\/logo\/image\/\",\"url\":\"https:\/\/crees.org.do\/wp-content\/uploads\/2022\/03\/crees-logo-1.jpg\",\"contentUrl\":\"https:\/\/crees.org.do\/wp-content\/uploads\/2022\/03\/crees-logo-1.jpg\",\"width\":244,\"height\":71,\"caption\":\"CREES | Centro Regional de Estrategias Econ\u00f3micas Sostenibles\"},\"image\":{\"@id\":\"https:\/\/crees.org.do\/#\/schema\/logo\/image\/\"},\"sameAs\":[\"https:\/\/www.facebook.com\/CREESRD\/\",\"https:\/\/x.com\/CREESRD\"]},{\"@type\":\"Person\",\"@id\":\"https:\/\/crees.org.do\/#\/schema\/person\/e7f97cd94d7bf9cd0e0ce30acb7d56b8\",\"name\":\"Crees\",\"image\":{\"@type\":\"ImageObject\",\"inLanguage\":\"es\",\"@id\":\"https:\/\/crees.org.do\/#\/schema\/person\/image\/\",\"url\":\"https:\/\/secure.gravatar.com\/avatar\/390ac8f0be5d9aa046152553e2dd7011b59a512d89c150f5e5f28bb8d9a0b165?s=96&d=mm&r=g\",\"contentUrl\":\"https:\/\/secure.gravatar.com\/avatar\/390ac8f0be5d9aa046152553e2dd7011b59a512d89c150f5e5f28bb8d9a0b165?s=96&d=mm&r=g\",\"caption\":\"Crees\"},\"url\":\"https:\/\/crees.org.do\/?author=2\"}]}<\/script>\n<!-- \/ Yoast SEO plugin. -->","yoast_head_json":{"title":"Sociedad civil, oportunismo pol\u00edtico y transformaciones | CREES","robots":{"index":"index","follow":"follow","max-snippet":"max-snippet:-1","max-image-preview":"max-image-preview:large","max-video-preview":"max-video-preview:-1"},"canonical":"https:\/\/crees.org.do\/?p=28904","og_locale":"es_ES","og_type":"article","og_title":"Sociedad civil, oportunismo pol\u00edtico y transformaciones | CREES","og_description":"Autor: Miguel Collado Di Franco Fecha: 23 de octubre de 2025 Sociedad civil, oportunismo pol\u00edtico y transformaciones Aquellas cosas que nos permiten vivir y progresar como seres humanos, que promueven el avance material, surgen de los miembros de la sociedad civil. De igual forma, de los ciudadanos nacen las instituciones que proveen el fundamento espiritual,...","og_url":"https:\/\/crees.org.do\/?p=28904","og_site_name":"CREES","article_publisher":"https:\/\/www.facebook.com\/CREESRD\/","article_published_time":"2025-10-24T16:12:02+00:00","og_image":[{"width":768,"height":768,"url":"https:\/\/crees.org.do\/wp-content\/uploads\/2025\/10\/Slide-1-copy-49-7-768x768.png","type":"image\/png"}],"author":"Crees","twitter_card":"summary_large_image","twitter_creator":"@CREESRD","twitter_site":"@CREESRD","twitter_misc":{"Escrito por":"Crees","Tiempo de lectura":"5 minutos"},"schema":{"@context":"https:\/\/schema.org","@graph":[{"@type":"Article","@id":"https:\/\/crees.org.do\/?p=28904#article","isPartOf":{"@id":"https:\/\/crees.org.do\/?p=28904"},"author":{"name":"Crees","@id":"https:\/\/crees.org.do\/#\/schema\/person\/e7f97cd94d7bf9cd0e0ce30acb7d56b8"},"headline":"Sociedad civil, oportunismo pol\u00edtico y transformaciones","datePublished":"2025-10-24T16:12:02+00:00","mainEntityOfPage":{"@id":"https:\/\/crees.org.do\/?p=28904"},"wordCount":956,"publisher":{"@id":"https:\/\/crees.org.do\/#organization"},"image":{"@id":"https:\/\/crees.org.do\/?p=28904#primaryimage"},"thumbnailUrl":"https:\/\/crees.org.do\/wp-content\/uploads\/2025\/10\/Slide-1-copy-49-7-scaled.png","articleSection":["Art\u00edculos"],"inLanguage":"es"},{"@type":"WebPage","@id":"https:\/\/crees.org.do\/?p=28904","url":"https:\/\/crees.org.do\/?p=28904","name":"Sociedad civil, oportunismo pol\u00edtico y transformaciones | CREES","isPartOf":{"@id":"https:\/\/crees.org.do\/#website"},"primaryImageOfPage":{"@id":"https:\/\/crees.org.do\/?p=28904#primaryimage"},"image":{"@id":"https:\/\/crees.org.do\/?p=28904#primaryimage"},"thumbnailUrl":"https:\/\/crees.org.do\/wp-content\/uploads\/2025\/10\/Slide-1-copy-49-7-scaled.png","datePublished":"2025-10-24T16:12:02+00:00","breadcrumb":{"@id":"https:\/\/crees.org.do\/?p=28904#breadcrumb"},"inLanguage":"es","potentialAction":[{"@type":"ReadAction","target":["https:\/\/crees.org.do\/?p=28904"]}]},{"@type":"ImageObject","inLanguage":"es","@id":"https:\/\/crees.org.do\/?p=28904#primaryimage","url":"https:\/\/crees.org.do\/wp-content\/uploads\/2025\/10\/Slide-1-copy-49-7-scaled.png","contentUrl":"https:\/\/crees.org.do\/wp-content\/uploads\/2025\/10\/Slide-1-copy-49-7-scaled.png","width":1200,"height":1200},{"@type":"BreadcrumbList","@id":"https:\/\/crees.org.do\/?p=28904#breadcrumb","itemListElement":[{"@type":"ListItem","position":1,"name":"Portada","item":"https:\/\/crees.org.do\/"},{"@type":"ListItem","position":2,"name":"Sociedad civil, oportunismo pol\u00edtico y transformaciones"}]},{"@type":"WebSite","@id":"https:\/\/crees.org.do\/#website","url":"https:\/\/crees.org.do\/","name":"CREES","description":"Centro Regional de Estrategias Econ\u00f3micas Sostenibles","publisher":{"@id":"https:\/\/crees.org.do\/#organization"},"potentialAction":[{"@type":"SearchAction","target":{"@type":"EntryPoint","urlTemplate":"https:\/\/crees.org.do\/?s={search_term_string}"},"query-input":{"@type":"PropertyValueSpecification","valueRequired":true,"valueName":"search_term_string"}}],"inLanguage":"es"},{"@type":"Organization","@id":"https:\/\/crees.org.do\/#organization","name":"CREES | Centro Regional de Estrategias Econ\u00f3micas Sostenibles","url":"https:\/\/crees.org.do\/","logo":{"@type":"ImageObject","inLanguage":"es","@id":"https:\/\/crees.org.do\/#\/schema\/logo\/image\/","url":"https:\/\/crees.org.do\/wp-content\/uploads\/2022\/03\/crees-logo-1.jpg","contentUrl":"https:\/\/crees.org.do\/wp-content\/uploads\/2022\/03\/crees-logo-1.jpg","width":244,"height":71,"caption":"CREES | Centro Regional de Estrategias Econ\u00f3micas Sostenibles"},"image":{"@id":"https:\/\/crees.org.do\/#\/schema\/logo\/image\/"},"sameAs":["https:\/\/www.facebook.com\/CREESRD\/","https:\/\/x.com\/CREESRD"]},{"@type":"Person","@id":"https:\/\/crees.org.do\/#\/schema\/person\/e7f97cd94d7bf9cd0e0ce30acb7d56b8","name":"Crees","image":{"@type":"ImageObject","inLanguage":"es","@id":"https:\/\/crees.org.do\/#\/schema\/person\/image\/","url":"https:\/\/secure.gravatar.com\/avatar\/390ac8f0be5d9aa046152553e2dd7011b59a512d89c150f5e5f28bb8d9a0b165?s=96&d=mm&r=g","contentUrl":"https:\/\/secure.gravatar.com\/avatar\/390ac8f0be5d9aa046152553e2dd7011b59a512d89c150f5e5f28bb8d9a0b165?s=96&d=mm&r=g","caption":"Crees"},"url":"https:\/\/crees.org.do\/?author=2"}]}},"_links":{"self":[{"href":"https:\/\/crees.org.do\/index.php?rest_route=\/wp\/v2\/posts\/28904","targetHints":{"allow":["GET"]}}],"collection":[{"href":"https:\/\/crees.org.do\/index.php?rest_route=\/wp\/v2\/posts"}],"about":[{"href":"https:\/\/crees.org.do\/index.php?rest_route=\/wp\/v2\/types\/post"}],"author":[{"embeddable":true,"href":"https:\/\/crees.org.do\/index.php?rest_route=\/wp\/v2\/users\/2"}],"replies":[{"embeddable":true,"href":"https:\/\/crees.org.do\/index.php?rest_route=%2Fwp%2Fv2%2Fcomments&post=28904"}],"version-history":[{"count":1,"href":"https:\/\/crees.org.do\/index.php?rest_route=\/wp\/v2\/posts\/28904\/revisions"}],"predecessor-version":[{"id":28905,"href":"https:\/\/crees.org.do\/index.php?rest_route=\/wp\/v2\/posts\/28904\/revisions\/28905"}],"wp:featuredmedia":[{"embeddable":true,"href":"https:\/\/crees.org.do\/index.php?rest_route=\/wp\/v2\/media\/28912"}],"wp:attachment":[{"href":"https:\/\/crees.org.do\/index.php?rest_route=%2Fwp%2Fv2%2Fmedia&parent=28904"}],"wp:term":[{"taxonomy":"category","embeddable":true,"href":"https:\/\/crees.org.do\/index.php?rest_route=%2Fwp%2Fv2%2Fcategories&post=28904"},{"taxonomy":"post_tag","embeddable":true,"href":"https:\/\/crees.org.do\/index.php?rest_route=%2Fwp%2Fv2%2Ftags&post=28904"}],"curies":[{"name":"wp","href":"https:\/\/api.w.org\/{rel}","templated":true}]}}