{"id":28909,"date":"2025-10-23T13:51:59","date_gmt":"2025-10-23T13:51:59","guid":{"rendered":"https:\/\/crees.org.do\/?p=28909"},"modified":"2025-10-23T13:51:59","modified_gmt":"2025-10-23T13:51:59","slug":"indice-internacional-de-derechos-de-propiedad-republica-dominicana-necesita-continuar-sus-esfuerzos-para-avanzar","status":"publish","type":"post","link":"https:\/\/crees.org.do\/?p=28909","title":{"rendered":"\u00cdndice Internacional de Derechos de Propiedad: Rep\u00fablica Dominicana necesita continuar sus esfuerzos para avanzar"},"content":{"rendered":"<h2><img fetchpriority=\"high\" decoding=\"async\" class=\"aligncenter wp-image-28910\" src=\"https:\/\/crees.org.do\/wp-content\/uploads\/2025\/10\/Indice-derechos-de-propiedad-scaled.png\" alt=\"\" width=\"896\" height=\"896\" srcset=\"https:\/\/crees.org.do\/wp-content\/uploads\/2025\/10\/Indice-derechos-de-propiedad-scaled.png 1200w, https:\/\/crees.org.do\/wp-content\/uploads\/2025\/10\/Indice-derechos-de-propiedad-450x450.png 450w, https:\/\/crees.org.do\/wp-content\/uploads\/2025\/10\/Indice-derechos-de-propiedad-2000x2000.png 2000w, https:\/\/crees.org.do\/wp-content\/uploads\/2025\/10\/Indice-derechos-de-propiedad-150x150.png 150w, https:\/\/crees.org.do\/wp-content\/uploads\/2025\/10\/Indice-derechos-de-propiedad-768x768.png 768w, https:\/\/crees.org.do\/wp-content\/uploads\/2025\/10\/Indice-derechos-de-propiedad-500x500.png 500w, https:\/\/crees.org.do\/wp-content\/uploads\/2025\/10\/Indice-derechos-de-propiedad-1536x1536.png 1536w, https:\/\/crees.org.do\/wp-content\/uploads\/2025\/10\/Indice-derechos-de-propiedad-2048x2048.png 2048w\" sizes=\"(max-width: 896px) 100vw, 896px\" \/><\/h2>\n<h2 style=\"text-align: justify;\"><strong>\u00cdndice Internacional de Derechos de Propiedad: Rep\u00fablica Dominicana necesita continuar sus esfuerzos para avanzar<\/strong><\/h2>\n<p style=\"text-align: justify;\">De acuerdo con el \u00cdndice Internacional de Derechos de Propiedad 2025, elaborado por la Alianza por los Derechos de Propiedad, presidida por Hernando de Soto, Rep\u00fablica Dominicana se ubic\u00f3 en la posici\u00f3n 73 de 126 pa\u00edses. En la edici\u00f3n anterior ocupaba el puesto 69, con una puntuaci\u00f3n de 4.7, mientras que en la actual registra 4.6.<\/p>\n<p style=\"text-align: justify;\">El \u00edndice mide el grado de protecci\u00f3n de los derechos de propiedad a partir de tres dimensiones: el entorno legal y pol\u00edtico, los derechos de propiedad f\u00edsica y los derechos de propiedad intelectual. La disminuci\u00f3n del puntaje total de Rep\u00fablica Dominicana se explica principalmente por el desempe\u00f1o de la dimensi\u00f3n de derechos de propiedad f\u00edsica, que incluye la percepci\u00f3n de protecci\u00f3n de la propiedad, los procesos de registro y el acceso al financiamiento. Los dos primeros indicadores han mostrado mejoras, sobre todo en lo referente al otorgamiento de t\u00edtulos de propiedad, el retroceso en el acceso al financiamiento explica la disminuci\u00f3n en esta dimensi\u00f3n.<\/p>\n<p style=\"text-align: justify;\">Los pa\u00edses que lideran el \u00edndice \u2014Luxemburgo, Australia, Suiza y Jap\u00f3n\u2014 muestran que el respeto a la propiedad y la estabilidad institucional son pilares de las sociedades m\u00e1s pr\u00f3speras. En Am\u00e9rica Latina, Uruguay y Costa Rica ocupan los primeros lugares; Rep\u00fablica Dominicana a\u00fan tiene espacio para alcanzar a estos pa\u00edses con mejores puntuaciones.<\/p>\n<p style=\"text-align: justify;\">El pa\u00eds ha experimentado avances importantes, pero a\u00fan queda camino por recorrer. Los derechos de propiedad son un pilar fundamental para atraer inversi\u00f3n, fomentar la innovaci\u00f3n y fortalecer el desarrollo. Continuar mejorando en esta \u00e1rea es esencial para consolidar instituciones m\u00e1s s\u00f3lidas y alcanzar un crecimiento sostenido.<\/p>\n<div class=\"pvc_clear\"><\/div>\n<p class=\"pvc_stats all \" data-element-id=\"28909\" style=\"\"><i class=\"pvc-stats-icon medium\" aria-hidden=\"true\"><svg aria-hidden=\"true\" focusable=\"false\" data-prefix=\"far\" data-icon=\"chart-bar\" role=\"img\" xmlns=\"http:\/\/www.w3.org\/2000\/svg\" viewBox=\"0 0 512 512\" class=\"svg-inline--fa fa-chart-bar fa-w-16 fa-2x\"><path fill=\"currentColor\" d=\"M396.8 352h22.4c6.4 0 12.8-6.4 12.8-12.8V108.8c0-6.4-6.4-12.8-12.8-12.8h-22.4c-6.4 0-12.8 6.4-12.8 12.8v230.4c0 6.4 6.4 12.8 12.8 12.8zm-192 0h22.4c6.4 0 12.8-6.4 12.8-12.8V140.8c0-6.4-6.4-12.8-12.8-12.8h-22.4c-6.4 0-12.8 6.4-12.8 12.8v198.4c0 6.4 6.4 12.8 12.8 12.8zm96 0h22.4c6.4 0 12.8-6.4 12.8-12.8V204.8c0-6.4-6.4-12.8-12.8-12.8h-22.4c-6.4 0-12.8 6.4-12.8 12.8v134.4c0 6.4 6.4 12.8 12.8 12.8zM496 400H48V80c0-8.84-7.16-16-16-16H16C7.16 64 0 71.16 0 80v336c0 17.67 14.33 32 32 32h464c8.84 0 16-7.16 16-16v-16c0-8.84-7.16-16-16-16zm-387.2-48h22.4c6.4 0 12.8-6.4 12.8-12.8v-70.4c0-6.4-6.4-12.8-12.8-12.8h-22.4c-6.4 0-12.8 6.4-12.8 12.8v70.4c0 6.4 6.4 12.8 12.8 12.8z\" class=\"\"><\/path><\/svg><\/i> Vistas Totales&nbsp;1,129&nbsp;, Vistas Hoy&nbsp;4&nbsp;<\/p>\n<div class=\"pvc_clear\"><\/div>\n","protected":false},"excerpt":{"rendered":"<p>\u00cdndice Internacional de Derechos de Propiedad: Rep\u00fablica Dominicana necesita continuar sus esfuerzos para avanzar De acuerdo con el \u00cdndice Internacional de Derechos de Propiedad 2025, elaborado por la Alianza por los Derechos de Propiedad, presidida por Hernando de Soto, Rep\u00fablica Dominicana se ubic\u00f3 en la posici\u00f3n 73 de 126 pa\u00edses. En la edici\u00f3n anterior ocupaba&#8230;<\/p>\n<div class=\"pvc_clear\"><\/div>\n<p class=\"pvc_stats all \" data-element-id=\"28909\" style=\"\"><i class=\"pvc-stats-icon medium\" aria-hidden=\"true\"><svg aria-hidden=\"true\" focusable=\"false\" data-prefix=\"far\" data-icon=\"chart-bar\" role=\"img\" xmlns=\"http:\/\/www.w3.org\/2000\/svg\" viewBox=\"0 0 512 512\" class=\"svg-inline--fa fa-chart-bar fa-w-16 fa-2x\"><path fill=\"currentColor\" d=\"M396.8 352h22.4c6.4 0 12.8-6.4 12.8-12.8V108.8c0-6.4-6.4-12.8-12.8-12.8h-22.4c-6.4 0-12.8 6.4-12.8 12.8v230.4c0 6.4 6.4 12.8 12.8 12.8zm-192 0h22.4c6.4 0 12.8-6.4 12.8-12.8V140.8c0-6.4-6.4-12.8-12.8-12.8h-22.4c-6.4 0-12.8 6.4-12.8 12.8v198.4c0 6.4 6.4 12.8 12.8 12.8zm96 0h22.4c6.4 0 12.8-6.4 12.8-12.8V204.8c0-6.4-6.4-12.8-12.8-12.8h-22.4c-6.4 0-12.8 6.4-12.8 12.8v134.4c0 6.4 6.4 12.8 12.8 12.8zM496 400H48V80c0-8.84-7.16-16-16-16H16C7.16 64 0 71.16 0 80v336c0 17.67 14.33 32 32 32h464c8.84 0 16-7.16 16-16v-16c0-8.84-7.16-16-16-16zm-387.2-48h22.4c6.4 0 12.8-6.4 12.8-12.8v-70.4c0-6.4-6.4-12.8-12.8-12.8h-22.4c-6.4 0-12.8 6.4-12.8 12.8v70.4c0 6.4 6.4 12.8 12.8 12.8z\" class=\"\"><\/path><\/svg><\/i> Vistas Totales&nbsp;1,129&nbsp;, Vistas Hoy&nbsp;4&nbsp;<\/p>\n<div class=\"pvc_clear\"><\/div>\n","protected":false},"author":2,"featured_media":28910,"comment_status":"closed","ping_status":"closed","sticky":false,"template":"","format":"standard","meta":{"footnotes":""},"categories":[21],"tags":[],"class_list":["post-28909","post","type-post","status-publish","format-standard","has-post-thumbnail","hentry","category-blog"],"yoast_head":"<!-- This site is optimized with the Yoast SEO plugin v25.2 - https:\/\/yoast.com\/wordpress\/plugins\/seo\/ -->\n<title>\u00cdndice Internacional de Derechos de Propiedad: Rep\u00fablica Dominicana necesita continuar sus esfuerzos para avanzar | CREES<\/title>\n<meta name=\"robots\" content=\"index, follow, max-snippet:-1, max-image-preview:large, max-video-preview:-1\" \/>\n<link rel=\"canonical\" href=\"https:\/\/crees.org.do\/?p=28909\" \/>\n<meta property=\"og:locale\" content=\"es_ES\" \/>\n<meta property=\"og:type\" content=\"article\" \/>\n<meta property=\"og:title\" content=\"\u00cdndice Internacional de Derechos de Propiedad: Rep\u00fablica Dominicana necesita continuar sus esfuerzos para avanzar | CREES\" \/>\n<meta property=\"og:description\" content=\"\u00cdndice Internacional de Derechos de Propiedad: Rep\u00fablica Dominicana necesita continuar sus esfuerzos para avanzar De acuerdo con el \u00cdndice Internacional de Derechos de Propiedad 2025, elaborado por la Alianza por los Derechos de Propiedad, presidida por Hernando de Soto, Rep\u00fablica Dominicana se ubic\u00f3 en la posici\u00f3n 73 de 126 pa\u00edses. En la edici\u00f3n anterior ocupaba...\" \/>\n<meta property=\"og:url\" content=\"https:\/\/crees.org.do\/?p=28909\" \/>\n<meta property=\"og:site_name\" content=\"CREES\" \/>\n<meta property=\"article:publisher\" content=\"https:\/\/www.facebook.com\/CREESRD\/\" \/>\n<meta property=\"article:published_time\" content=\"2025-10-23T13:51:59+00:00\" \/>\n<meta property=\"og:image\" content=\"https:\/\/crees.org.do\/wp-content\/uploads\/2025\/10\/Indice-derechos-de-propiedad-scaled.png\" \/>\n\t<meta property=\"og:image:width\" content=\"1200\" \/>\n\t<meta property=\"og:image:height\" content=\"1200\" \/>\n\t<meta property=\"og:image:type\" content=\"image\/png\" \/>\n<meta name=\"author\" content=\"Crees\" \/>\n<meta name=\"twitter:card\" content=\"summary_large_image\" \/>\n<meta name=\"twitter:creator\" content=\"@CREESRD\" \/>\n<meta name=\"twitter:site\" content=\"@CREESRD\" \/>\n<meta name=\"twitter:label1\" content=\"Escrito por\" \/>\n\t<meta name=\"twitter:data1\" content=\"Crees\" \/>\n\t<meta name=\"twitter:label2\" content=\"Tiempo de lectura\" \/>\n\t<meta name=\"twitter:data2\" content=\"2 minutos\" \/>\n<script type=\"application\/ld+json\" class=\"yoast-schema-graph\">{\"@context\":\"https:\/\/schema.org\",\"@graph\":[{\"@type\":\"Article\",\"@id\":\"https:\/\/crees.org.do\/?p=28909#article\",\"isPartOf\":{\"@id\":\"https:\/\/crees.org.do\/?p=28909\"},\"author\":{\"name\":\"Crees\",\"@id\":\"https:\/\/crees.org.do\/#\/schema\/person\/e7f97cd94d7bf9cd0e0ce30acb7d56b8\"},\"headline\":\"\u00cdndice Internacional de Derechos de Propiedad: Rep\u00fablica Dominicana necesita continuar sus esfuerzos para avanzar\",\"datePublished\":\"2025-10-23T13:51:59+00:00\",\"mainEntityOfPage\":{\"@id\":\"https:\/\/crees.org.do\/?p=28909\"},\"wordCount\":316,\"publisher\":{\"@id\":\"https:\/\/crees.org.do\/#organization\"},\"image\":{\"@id\":\"https:\/\/crees.org.do\/?p=28909#primaryimage\"},\"thumbnailUrl\":\"https:\/\/crees.org.do\/wp-content\/uploads\/2025\/10\/Indice-derechos-de-propiedad-scaled.png\",\"articleSection\":[\"Blog\"],\"inLanguage\":\"es\"},{\"@type\":\"WebPage\",\"@id\":\"https:\/\/crees.org.do\/?p=28909\",\"url\":\"https:\/\/crees.org.do\/?p=28909\",\"name\":\"\u00cdndice Internacional de Derechos de Propiedad: Rep\u00fablica Dominicana necesita continuar sus esfuerzos para avanzar | CREES\",\"isPartOf\":{\"@id\":\"https:\/\/crees.org.do\/#website\"},\"primaryImageOfPage\":{\"@id\":\"https:\/\/crees.org.do\/?p=28909#primaryimage\"},\"image\":{\"@id\":\"https:\/\/crees.org.do\/?p=28909#primaryimage\"},\"thumbnailUrl\":\"https:\/\/crees.org.do\/wp-content\/uploads\/2025\/10\/Indice-derechos-de-propiedad-scaled.png\",\"datePublished\":\"2025-10-23T13:51:59+00:00\",\"breadcrumb\":{\"@id\":\"https:\/\/crees.org.do\/?p=28909#breadcrumb\"},\"inLanguage\":\"es\",\"potentialAction\":[{\"@type\":\"ReadAction\",\"target\":[\"https:\/\/crees.org.do\/?p=28909\"]}]},{\"@type\":\"ImageObject\",\"inLanguage\":\"es\",\"@id\":\"https:\/\/crees.org.do\/?p=28909#primaryimage\",\"url\":\"https:\/\/crees.org.do\/wp-content\/uploads\/2025\/10\/Indice-derechos-de-propiedad-scaled.png\",\"contentUrl\":\"https:\/\/crees.org.do\/wp-content\/uploads\/2025\/10\/Indice-derechos-de-propiedad-scaled.png\",\"width\":1200,\"height\":1200},{\"@type\":\"BreadcrumbList\",\"@id\":\"https:\/\/crees.org.do\/?p=28909#breadcrumb\",\"itemListElement\":[{\"@type\":\"ListItem\",\"position\":1,\"name\":\"Portada\",\"item\":\"https:\/\/crees.org.do\/\"},{\"@type\":\"ListItem\",\"position\":2,\"name\":\"\u00cdndice Internacional de Derechos de Propiedad: Rep\u00fablica Dominicana necesita continuar sus esfuerzos para avanzar\"}]},{\"@type\":\"WebSite\",\"@id\":\"https:\/\/crees.org.do\/#website\",\"url\":\"https:\/\/crees.org.do\/\",\"name\":\"CREES\",\"description\":\"Centro Regional de Estrategias Econ\u00f3micas Sostenibles\",\"publisher\":{\"@id\":\"https:\/\/crees.org.do\/#organization\"},\"potentialAction\":[{\"@type\":\"SearchAction\",\"target\":{\"@type\":\"EntryPoint\",\"urlTemplate\":\"https:\/\/crees.org.do\/?s={search_term_string}\"},\"query-input\":{\"@type\":\"PropertyValueSpecification\",\"valueRequired\":true,\"valueName\":\"search_term_string\"}}],\"inLanguage\":\"es\"},{\"@type\":\"Organization\",\"@id\":\"https:\/\/crees.org.do\/#organization\",\"name\":\"CREES | Centro Regional de Estrategias Econ\u00f3micas Sostenibles\",\"url\":\"https:\/\/crees.org.do\/\",\"logo\":{\"@type\":\"ImageObject\",\"inLanguage\":\"es\",\"@id\":\"https:\/\/crees.org.do\/#\/schema\/logo\/image\/\",\"url\":\"https:\/\/crees.org.do\/wp-content\/uploads\/2022\/03\/crees-logo-1.jpg\",\"contentUrl\":\"https:\/\/crees.org.do\/wp-content\/uploads\/2022\/03\/crees-logo-1.jpg\",\"width\":244,\"height\":71,\"caption\":\"CREES | Centro Regional de Estrategias Econ\u00f3micas Sostenibles\"},\"image\":{\"@id\":\"https:\/\/crees.org.do\/#\/schema\/logo\/image\/\"},\"sameAs\":[\"https:\/\/www.facebook.com\/CREESRD\/\",\"https:\/\/x.com\/CREESRD\"]},{\"@type\":\"Person\",\"@id\":\"https:\/\/crees.org.do\/#\/schema\/person\/e7f97cd94d7bf9cd0e0ce30acb7d56b8\",\"name\":\"Crees\",\"image\":{\"@type\":\"ImageObject\",\"inLanguage\":\"es\",\"@id\":\"https:\/\/crees.org.do\/#\/schema\/person\/image\/\",\"url\":\"https:\/\/secure.gravatar.com\/avatar\/390ac8f0be5d9aa046152553e2dd7011b59a512d89c150f5e5f28bb8d9a0b165?s=96&d=mm&r=g\",\"contentUrl\":\"https:\/\/secure.gravatar.com\/avatar\/390ac8f0be5d9aa046152553e2dd7011b59a512d89c150f5e5f28bb8d9a0b165?s=96&d=mm&r=g\",\"caption\":\"Crees\"},\"url\":\"https:\/\/crees.org.do\/?author=2\"}]}<\/script>\n<!-- \/ Yoast SEO plugin. -->","yoast_head_json":{"title":"\u00cdndice Internacional de Derechos de Propiedad: Rep\u00fablica Dominicana necesita continuar sus esfuerzos para avanzar | CREES","robots":{"index":"index","follow":"follow","max-snippet":"max-snippet:-1","max-image-preview":"max-image-preview:large","max-video-preview":"max-video-preview:-1"},"canonical":"https:\/\/crees.org.do\/?p=28909","og_locale":"es_ES","og_type":"article","og_title":"\u00cdndice Internacional de Derechos de Propiedad: Rep\u00fablica Dominicana necesita continuar sus esfuerzos para avanzar | CREES","og_description":"\u00cdndice Internacional de Derechos de Propiedad: Rep\u00fablica Dominicana necesita continuar sus esfuerzos para avanzar De acuerdo con el \u00cdndice Internacional de Derechos de Propiedad 2025, elaborado por la Alianza por los Derechos de Propiedad, presidida por Hernando de Soto, Rep\u00fablica Dominicana se ubic\u00f3 en la posici\u00f3n 73 de 126 pa\u00edses. En la edici\u00f3n anterior ocupaba...","og_url":"https:\/\/crees.org.do\/?p=28909","og_site_name":"CREES","article_publisher":"https:\/\/www.facebook.com\/CREESRD\/","article_published_time":"2025-10-23T13:51:59+00:00","og_image":[{"width":1200,"height":1200,"url":"https:\/\/crees.org.do\/wp-content\/uploads\/2025\/10\/Indice-derechos-de-propiedad-scaled.png","type":"image\/png"}],"author":"Crees","twitter_card":"summary_large_image","twitter_creator":"@CREESRD","twitter_site":"@CREESRD","twitter_misc":{"Escrito por":"Crees","Tiempo de lectura":"2 minutos"},"schema":{"@context":"https:\/\/schema.org","@graph":[{"@type":"Article","@id":"https:\/\/crees.org.do\/?p=28909#article","isPartOf":{"@id":"https:\/\/crees.org.do\/?p=28909"},"author":{"name":"Crees","@id":"https:\/\/crees.org.do\/#\/schema\/person\/e7f97cd94d7bf9cd0e0ce30acb7d56b8"},"headline":"\u00cdndice Internacional de Derechos de Propiedad: Rep\u00fablica Dominicana necesita continuar sus esfuerzos para avanzar","datePublished":"2025-10-23T13:51:59+00:00","mainEntityOfPage":{"@id":"https:\/\/crees.org.do\/?p=28909"},"wordCount":316,"publisher":{"@id":"https:\/\/crees.org.do\/#organization"},"image":{"@id":"https:\/\/crees.org.do\/?p=28909#primaryimage"},"thumbnailUrl":"https:\/\/crees.org.do\/wp-content\/uploads\/2025\/10\/Indice-derechos-de-propiedad-scaled.png","articleSection":["Blog"],"inLanguage":"es"},{"@type":"WebPage","@id":"https:\/\/crees.org.do\/?p=28909","url":"https:\/\/crees.org.do\/?p=28909","name":"\u00cdndice Internacional de Derechos de Propiedad: Rep\u00fablica Dominicana necesita continuar sus esfuerzos para avanzar | CREES","isPartOf":{"@id":"https:\/\/crees.org.do\/#website"},"primaryImageOfPage":{"@id":"https:\/\/crees.org.do\/?p=28909#primaryimage"},"image":{"@id":"https:\/\/crees.org.do\/?p=28909#primaryimage"},"thumbnailUrl":"https:\/\/crees.org.do\/wp-content\/uploads\/2025\/10\/Indice-derechos-de-propiedad-scaled.png","datePublished":"2025-10-23T13:51:59+00:00","breadcrumb":{"@id":"https:\/\/crees.org.do\/?p=28909#breadcrumb"},"inLanguage":"es","potentialAction":[{"@type":"ReadAction","target":["https:\/\/crees.org.do\/?p=28909"]}]},{"@type":"ImageObject","inLanguage":"es","@id":"https:\/\/crees.org.do\/?p=28909#primaryimage","url":"https:\/\/crees.org.do\/wp-content\/uploads\/2025\/10\/Indice-derechos-de-propiedad-scaled.png","contentUrl":"https:\/\/crees.org.do\/wp-content\/uploads\/2025\/10\/Indice-derechos-de-propiedad-scaled.png","width":1200,"height":1200},{"@type":"BreadcrumbList","@id":"https:\/\/crees.org.do\/?p=28909#breadcrumb","itemListElement":[{"@type":"ListItem","position":1,"name":"Portada","item":"https:\/\/crees.org.do\/"},{"@type":"ListItem","position":2,"name":"\u00cdndice Internacional de Derechos de Propiedad: Rep\u00fablica Dominicana necesita continuar sus esfuerzos para avanzar"}]},{"@type":"WebSite","@id":"https:\/\/crees.org.do\/#website","url":"https:\/\/crees.org.do\/","name":"CREES","description":"Centro Regional de Estrategias Econ\u00f3micas Sostenibles","publisher":{"@id":"https:\/\/crees.org.do\/#organization"},"potentialAction":[{"@type":"SearchAction","target":{"@type":"EntryPoint","urlTemplate":"https:\/\/crees.org.do\/?s={search_term_string}"},"query-input":{"@type":"PropertyValueSpecification","valueRequired":true,"valueName":"search_term_string"}}],"inLanguage":"es"},{"@type":"Organization","@id":"https:\/\/crees.org.do\/#organization","name":"CREES | Centro Regional de Estrategias Econ\u00f3micas Sostenibles","url":"https:\/\/crees.org.do\/","logo":{"@type":"ImageObject","inLanguage":"es","@id":"https:\/\/crees.org.do\/#\/schema\/logo\/image\/","url":"https:\/\/crees.org.do\/wp-content\/uploads\/2022\/03\/crees-logo-1.jpg","contentUrl":"https:\/\/crees.org.do\/wp-content\/uploads\/2022\/03\/crees-logo-1.jpg","width":244,"height":71,"caption":"CREES | Centro Regional de Estrategias Econ\u00f3micas Sostenibles"},"image":{"@id":"https:\/\/crees.org.do\/#\/schema\/logo\/image\/"},"sameAs":["https:\/\/www.facebook.com\/CREESRD\/","https:\/\/x.com\/CREESRD"]},{"@type":"Person","@id":"https:\/\/crees.org.do\/#\/schema\/person\/e7f97cd94d7bf9cd0e0ce30acb7d56b8","name":"Crees","image":{"@type":"ImageObject","inLanguage":"es","@id":"https:\/\/crees.org.do\/#\/schema\/person\/image\/","url":"https:\/\/secure.gravatar.com\/avatar\/390ac8f0be5d9aa046152553e2dd7011b59a512d89c150f5e5f28bb8d9a0b165?s=96&d=mm&r=g","contentUrl":"https:\/\/secure.gravatar.com\/avatar\/390ac8f0be5d9aa046152553e2dd7011b59a512d89c150f5e5f28bb8d9a0b165?s=96&d=mm&r=g","caption":"Crees"},"url":"https:\/\/crees.org.do\/?author=2"}]}},"_links":{"self":[{"href":"https:\/\/crees.org.do\/index.php?rest_route=\/wp\/v2\/posts\/28909","targetHints":{"allow":["GET"]}}],"collection":[{"href":"https:\/\/crees.org.do\/index.php?rest_route=\/wp\/v2\/posts"}],"about":[{"href":"https:\/\/crees.org.do\/index.php?rest_route=\/wp\/v2\/types\/post"}],"author":[{"embeddable":true,"href":"https:\/\/crees.org.do\/index.php?rest_route=\/wp\/v2\/users\/2"}],"replies":[{"embeddable":true,"href":"https:\/\/crees.org.do\/index.php?rest_route=%2Fwp%2Fv2%2Fcomments&post=28909"}],"version-history":[{"count":1,"href":"https:\/\/crees.org.do\/index.php?rest_route=\/wp\/v2\/posts\/28909\/revisions"}],"predecessor-version":[{"id":28911,"href":"https:\/\/crees.org.do\/index.php?rest_route=\/wp\/v2\/posts\/28909\/revisions\/28911"}],"wp:featuredmedia":[{"embeddable":true,"href":"https:\/\/crees.org.do\/index.php?rest_route=\/wp\/v2\/media\/28910"}],"wp:attachment":[{"href":"https:\/\/crees.org.do\/index.php?rest_route=%2Fwp%2Fv2%2Fmedia&parent=28909"}],"wp:term":[{"taxonomy":"category","embeddable":true,"href":"https:\/\/crees.org.do\/index.php?rest_route=%2Fwp%2Fv2%2Fcategories&post=28909"},{"taxonomy":"post_tag","embeddable":true,"href":"https:\/\/crees.org.do\/index.php?rest_route=%2Fwp%2Fv2%2Ftags&post=28909"}],"curies":[{"name":"wp","href":"https:\/\/api.w.org\/{rel}","templated":true}]}}