{"id":28913,"date":"2025-10-23T17:01:00","date_gmt":"2025-10-23T17:01:00","guid":{"rendered":"https:\/\/crees.org.do\/?p=28913"},"modified":"2025-10-23T17:01:00","modified_gmt":"2025-10-23T17:01:00","slug":"lograra-el-pib-crecer-un-3-este-ano-el-ultimo-cuatrimestre-es-clave","status":"publish","type":"post","link":"https:\/\/crees.org.do\/?p=28913","title":{"rendered":"\u00bfLograr\u00e1 el PIB crecer un 3% este a\u00f1o? El \u00faltimo cuatrimestre es clave"},"content":{"rendered":"<p style=\"text-align: justify;\">Autor: El Nacional<\/p>\n<p style=\"text-align: justify;\">Fecha: 19 de octubre de 2025<\/p>\n<p style=\"text-align: justify;\">Extra\u00eddo de: <a href=\"https:\/\/elnacional.com.do\/lograra-el-pib-crecer-un-3-este-ano-el-ultimo-cuatrimestre-es-clave\/\">El Nacional<\/a><\/p>\n<h2 style=\"text-align: justify;\">\u00bfLograr\u00e1 el PIB crecer un 3% este a\u00f1o? El \u00faltimo cuatrimestre es clave<\/h2>\n<p style=\"text-align: justify;\">Santo Domingo,- El vicepresidente ejecutivo del Centro Regional de Estrategias Econ\u00f3micas Sostenibles (Crees) asegur\u00f3 que, tomando en cuenta el comportamiento de la econom\u00eda, que en los primeros ocho meses exhibe un crecimiento de apenas 2.3%, es dif\u00edcil que el Producto Interno Bruto termine con un incremento de tres por ciento, como han proyectado funcionarios del gobierno y organismos internacionales.<\/p>\n<p style=\"text-align: justify;\">Miguel Collado di Franco plante\u00f3 que hay que ser muy optimista para aspirar a ese crecimiento, y se\u00f1al\u00f3 que el propio ministro de Hacienda y Econom\u00eda, Mag\u00edn D\u00edaz, ha dicho p\u00fablicamente que el estimado estar\u00eda en el rango de 3 a 2.5%.<\/p>\n<p style=\"text-align: justify;\">Collado di Franco sostuvo que para crecer a un 3%, de acuerdo al resultado de los primeros ocho meses del a\u00f1o, la econom\u00eda tendr\u00eda que crecer en septiembre, octubre, noviembre y diciembre, por lo menos, al cuatro por ciento.<\/p>\n<p style=\"text-align: justify;\">Entrevistado por H\u00e9ctor Herrera Cabral en el programa D\u00b4AGENDA, que cada domingo se difunde por Telesistema canal 11 y TV Quisqueya para los Estados Unidos, el economista insisti\u00f3 en que esa meta es muy dif\u00edcil, cuando ahora lo que se discute es si la econom\u00eda dominicana ha visto reducir su potencial de crecimiento, que oscilaba entre el 4.5 y el 5%.<\/p>\n<p style=\"text-align: justify;\">Record\u00f3 que en el 2023 las autoridades inyectaron un 3% del Producto Interno Bruto en facilidades monetarias como liquidez r\u00e1pida y liberalizaci\u00f3n de encaje legal, y eso tuvo un empuje en la econom\u00eda que la llev\u00f3 a crecer 2.3% en ese a\u00f1o. En el 2024 todav\u00eda hab\u00eda efectos de esa liberalizaci\u00f3n, y se aplicaron medidas monetarias del 3.5% del PIB y, de acuerdo a las autoridades, la econom\u00eda creci\u00f3 cinco por ciento, pero hay que recordar que fue comparado con una base de crecimiento baja del a\u00f1o anterior.<\/p>\n<p style=\"text-align: justify;\">\u201cEso es muy optimista, pensar que vamos a crecer en un 3% en lo que queda de a\u00f1o, faltando apenas dos meses y algo, aunque no sabemos los datos de septiembre, pero, insisto, tiene que ser un crecimiento muy alto en comparaci\u00f3n con lo que hemos tenido a todo lo largo del 2025, que no lo va a provocar ese presupuesto reci\u00e9n formulado, jam\u00e1s en la vida, o sea, t\u00fa necesitas crecimiento del sector privado\u201d, reiter\u00f3 Miguel Collado.<\/p>\n<p style=\"text-align: justify;\">\u00a0Explic\u00f3 que por primera vez en muchos meses, en septiembre el cr\u00e9dito medido interanualmente super\u00f3 el nueve por ciento; cuando esta econom\u00eda estaba creciendo a un ritmo acostumbrado, el cr\u00e9dito crece entre el 12 y el 14%.<\/p>\n<p style=\"text-align: justify;\">\u201cEn una econom\u00eda como esta, donde el mercado de capital es muy pobre, aunque dicho crecimiento no representa algo muy positivo, el cr\u00e9dito sigue siendo muy importante\u201d, ponder\u00f3 el profesional de la econom\u00eda.<\/p>\n<p style=\"text-align: justify;\">Precis\u00f3 que, a pesar de los est\u00edmulos, \u201csi no hay demanda, o la demanda es baja, se debe a que los emprendedores no est\u00e1n encontrando aquellos proyectos donde invertir; esa es la se\u00f1al\u201d.<\/p>\n<p style=\"text-align: justify;\">Collado di Franco dijo que se est\u00e1 viendo un agotamiento desde el punto de vista de estimular la econom\u00eda con medidas monetarias, pero llega un momento en que esos est\u00edmulos no surten el efecto que anteriormente se obten\u00eda; \u201centonces se necesita m\u00e1s y m\u00e1s est\u00edmulos porque no se est\u00e1 haciendo cambio de la econom\u00eda en t\u00e9rminos reales\u201d.<\/p>\n<p style=\"text-align: justify;\"><strong><em>Collado di Franco dice que si no hay reformas estructurales, ser\u00e1 dif\u00edcil lograr la meta presidencial 2036<\/em><\/strong><\/p>\n<p style=\"text-align: justify;\">El economista Miguel Collado di Franco advirti\u00f3 que sin la implementaci\u00f3n de reformas estructurales resulta dif\u00edcil que el pa\u00eds obtenga los resultados que se ha propuesto en la Meta Presidencial 2036.<\/p>\n<p style=\"text-align: justify;\">\u201cCada vez se va a ser m\u00e1s dif\u00edcil; cuando se anuncia la meta 2036, a mediados del a\u00f1o pasado, el c\u00e1lculo era que para poder alcanzar los objetivos de duplicar el PIB y ampliar la clase media, la econom\u00eda necesitaba crecer al 6% anual en t\u00e9rminos reales; eso es un reto\u201d, advirti\u00f3 el vicepresidente ejecutivo del CREES al responder preguntas en el programa D\u00b4Agenda.<\/p>\n<p style=\"text-align: justify;\">Insisti\u00f3 en que, sin la implementaci\u00f3n de esas reformas \u201cque nos hagan m\u00e1s competitivos a trav\u00e9s de la productividad\u201d, ser\u00e1 muy dif\u00edcil alcanzar esas metas. Y que crezcamos hacia fuera, porque esta es una econom\u00eda peque\u00f1a que no puede absolver incrementos en la inversi\u00f3n\u201d.<\/p>\n<p style=\"text-align: justify;\">\u201cDebemos pensar que tenemos que exportar m\u00e1s, y si miramos a pa\u00edses como Irlanda, Hong Kong, Singapur y Costa Rica, que est\u00e1 exportando casi tres veces por habitante m\u00e1s que la Rep\u00fablica Dominicana, lo que necesitamos es un clima de negocios favorables, y pensar en una cultura de un crecimiento verdaderamente sano\u201d, detall\u00f3 Collado.<\/p>\n<p style=\"text-align: justify;\">Aclar\u00f3 que eso se logra a trav\u00e9s de los emprendedores, innovando, \u201cy de nuevo, si t\u00fa no tienes la capacidad todav\u00eda, la mejor forma de poder atraer innovaci\u00f3n de fuera es creando un clima de negocios lo m\u00e1s amigable posible.<\/p>\n<p style=\"text-align: justify;\">\u201cF\u00edjate que el Departamento de Estado de los Estados Unidos public\u00f3 un informe hace unas semanas atr\u00e1s; hablaba de avances, pero muchos retos que todav\u00eda tenemos por delante, en t\u00e9rminos institucionales y de seguridad jur\u00eddica\u201d, sentenci\u00f3.<\/p>\n<p style=\"text-align: justify;\"><strong><em>Miguel Collado dice es inmoral endeudarse para gastar ahora y que paguen las pr\u00f3ximas generaciones<\/em><\/strong><\/p>\n<p style=\"text-align: justify;\">El director ejecutivo del Crees, Miguel Collado di Franco, explic\u00f3 que el endeudamiento de la Rep\u00fablica Dominicana tiene su origen en que se toma prestado para financiar el d\u00e9ficit presupuestario del a\u00f1o en curso.<\/p>\n<p style=\"text-align: justify;\">\u201cEntonces, t\u00fa te endeudas para aplicaciones financieras, que ser\u00eda pagar el capital de la deuda y para financiar el d\u00e9ficit; las estad\u00edsticas est\u00e1n ah\u00ed, nada m\u00e1s hay que entrar a Cr\u00e9dito P\u00fablico para darse cuenta del endeudamiento que se ha tomado y c\u00f3mo se ha aplicado para el capital en cada a\u00f1o\u201d, ejemplific\u00f3 el experto.<\/p>\n<p style=\"text-align: justify;\">Pregunt\u00f3 que si se ha gastado m\u00e1s capital en los \u00faltimos cuatro a\u00f1os. S\u00ed, pero no ha sido diferente a los a\u00f1os anteriores; en promedio, el 47% de la deuda que se toma para capital cada a\u00f1o, versus un 42 por ciento de los a\u00f1os anteriores a este periodo\u201d.<\/p>\n<p style=\"text-align: justify;\">Agreg\u00f3 que si esas son las cifras que le suministraron al presidente Luis Abinader, lo que se debe hacer, Cr\u00e9dito P\u00fablico, es publicarlas, cosa que no se ha producido.<\/p>\n<p style=\"text-align: justify;\">\u201cEl hist\u00f3rico est\u00e1 ah\u00ed y cualquiera puede tener acceso; si se hizo un an\u00e1lisis de ese tipo, lo que procede es que se vea, porque los analistas no lo hemos visto as\u00ed con los datos de Cr\u00e9ditos P\u00fablicos que ya he mencionado\u201d, insisti\u00f3 Miguel Collado.<\/p>\n<p style=\"text-align: justify;\">Argument\u00f3 que \u201cel dinero es fungible, entonces, \u00bfcu\u00e1l es la mayor parte del gasto y qu\u00e9 es lo que te va a generar la mayor parte de ese d\u00e9ficit? Si t\u00fa tienes una proporci\u00f3n de un 16% de gasto corriente con relaci\u00f3n al PIB versus 2.5 de gasto de capital, obviamente que la mayor parte se destina a gasto corriente, eso es obvio, no es ning\u00fan secreto\u201d.<\/p>\n<p style=\"text-align: justify;\">\u201cDesde el punto de vista econ\u00f3mico, yo digo que t\u00fa est\u00e1s tomando un pasivo para gastarlo en ese periodo, no para adquirir activos, y lo peor desde el punto de vista moral es que t\u00fa adquieres ese pasivo, te est\u00e1s endeudando para que lo paguen las pr\u00f3ximas generaciones, pero quienes se est\u00e1n beneficiando son los de ahora con ese gasto corriente, entonces moralmente no es una pr\u00e1ctica que yo apoyar\u00eda\u201d, censur\u00f3.<\/p>\n<div class=\"pvc_clear\"><\/div>\n<p class=\"pvc_stats all \" data-element-id=\"28913\" style=\"\"><i class=\"pvc-stats-icon medium\" aria-hidden=\"true\"><svg aria-hidden=\"true\" focusable=\"false\" data-prefix=\"far\" data-icon=\"chart-bar\" role=\"img\" xmlns=\"http:\/\/www.w3.org\/2000\/svg\" viewBox=\"0 0 512 512\" class=\"svg-inline--fa fa-chart-bar fa-w-16 fa-2x\"><path fill=\"currentColor\" d=\"M396.8 352h22.4c6.4 0 12.8-6.4 12.8-12.8V108.8c0-6.4-6.4-12.8-12.8-12.8h-22.4c-6.4 0-12.8 6.4-12.8 12.8v230.4c0 6.4 6.4 12.8 12.8 12.8zm-192 0h22.4c6.4 0 12.8-6.4 12.8-12.8V140.8c0-6.4-6.4-12.8-12.8-12.8h-22.4c-6.4 0-12.8 6.4-12.8 12.8v198.4c0 6.4 6.4 12.8 12.8 12.8zm96 0h22.4c6.4 0 12.8-6.4 12.8-12.8V204.8c0-6.4-6.4-12.8-12.8-12.8h-22.4c-6.4 0-12.8 6.4-12.8 12.8v134.4c0 6.4 6.4 12.8 12.8 12.8zM496 400H48V80c0-8.84-7.16-16-16-16H16C7.16 64 0 71.16 0 80v336c0 17.67 14.33 32 32 32h464c8.84 0 16-7.16 16-16v-16c0-8.84-7.16-16-16-16zm-387.2-48h22.4c6.4 0 12.8-6.4 12.8-12.8v-70.4c0-6.4-6.4-12.8-12.8-12.8h-22.4c-6.4 0-12.8 6.4-12.8 12.8v70.4c0 6.4 6.4 12.8 12.8 12.8z\" class=\"\"><\/path><\/svg><\/i> Vistas Totales&nbsp;1,014&nbsp;, Vistas Hoy&nbsp;4&nbsp;<\/p>\n<div class=\"pvc_clear\"><\/div>\n","protected":false},"excerpt":{"rendered":"<p>Autor: El Nacional Fecha: 19 de octubre de 2025 Extra\u00eddo de: El Nacional \u00bfLograr\u00e1 el PIB crecer un 3% este a\u00f1o? El \u00faltimo cuatrimestre es clave Santo Domingo,- El vicepresidente ejecutivo del Centro Regional de Estrategias Econ\u00f3micas Sostenibles (Crees) asegur\u00f3 que, tomando en cuenta el comportamiento de la econom\u00eda, que en los primeros ocho meses&#8230;<\/p>\n<div class=\"pvc_clear\"><\/div>\n<p class=\"pvc_stats all \" data-element-id=\"28913\" style=\"\"><i class=\"pvc-stats-icon medium\" aria-hidden=\"true\"><svg aria-hidden=\"true\" focusable=\"false\" data-prefix=\"far\" data-icon=\"chart-bar\" role=\"img\" xmlns=\"http:\/\/www.w3.org\/2000\/svg\" viewBox=\"0 0 512 512\" class=\"svg-inline--fa fa-chart-bar fa-w-16 fa-2x\"><path fill=\"currentColor\" d=\"M396.8 352h22.4c6.4 0 12.8-6.4 12.8-12.8V108.8c0-6.4-6.4-12.8-12.8-12.8h-22.4c-6.4 0-12.8 6.4-12.8 12.8v230.4c0 6.4 6.4 12.8 12.8 12.8zm-192 0h22.4c6.4 0 12.8-6.4 12.8-12.8V140.8c0-6.4-6.4-12.8-12.8-12.8h-22.4c-6.4 0-12.8 6.4-12.8 12.8v198.4c0 6.4 6.4 12.8 12.8 12.8zm96 0h22.4c6.4 0 12.8-6.4 12.8-12.8V204.8c0-6.4-6.4-12.8-12.8-12.8h-22.4c-6.4 0-12.8 6.4-12.8 12.8v134.4c0 6.4 6.4 12.8 12.8 12.8zM496 400H48V80c0-8.84-7.16-16-16-16H16C7.16 64 0 71.16 0 80v336c0 17.67 14.33 32 32 32h464c8.84 0 16-7.16 16-16v-16c0-8.84-7.16-16-16-16zm-387.2-48h22.4c6.4 0 12.8-6.4 12.8-12.8v-70.4c0-6.4-6.4-12.8-12.8-12.8h-22.4c-6.4 0-12.8 6.4-12.8 12.8v70.4c0 6.4 6.4 12.8 12.8 12.8z\" class=\"\"><\/path><\/svg><\/i> Vistas Totales&nbsp;1,014&nbsp;, Vistas Hoy&nbsp;4&nbsp;<\/p>\n<div class=\"pvc_clear\"><\/div>\n","protected":false},"author":2,"featured_media":28914,"comment_status":"closed","ping_status":"closed","sticky":false,"template":"","format":"standard","meta":{"footnotes":""},"categories":[19],"tags":[],"class_list":["post-28913","post","type-post","status-publish","format-standard","has-post-thumbnail","hentry","category-actualidad"],"yoast_head":"<!-- This site is optimized with the Yoast SEO plugin v25.2 - https:\/\/yoast.com\/wordpress\/plugins\/seo\/ -->\n<title>\u00bfLograr\u00e1 el PIB crecer un 3% este a\u00f1o? El \u00faltimo cuatrimestre es clave | CREES<\/title>\n<meta name=\"robots\" content=\"index, follow, max-snippet:-1, max-image-preview:large, max-video-preview:-1\" \/>\n<link rel=\"canonical\" href=\"https:\/\/crees.org.do\/?p=28913\" \/>\n<meta property=\"og:locale\" content=\"es_ES\" \/>\n<meta property=\"og:type\" content=\"article\" \/>\n<meta property=\"og:title\" content=\"\u00bfLograr\u00e1 el PIB crecer un 3% este a\u00f1o? El \u00faltimo cuatrimestre es clave | CREES\" \/>\n<meta property=\"og:description\" content=\"Autor: El Nacional Fecha: 19 de octubre de 2025 Extra\u00eddo de: El Nacional \u00bfLograr\u00e1 el PIB crecer un 3% este a\u00f1o? El \u00faltimo cuatrimestre es clave Santo Domingo,- El vicepresidente ejecutivo del Centro Regional de Estrategias Econ\u00f3micas Sostenibles (Crees) asegur\u00f3 que, tomando en cuenta el comportamiento de la econom\u00eda, que en los primeros ocho meses...\" \/>\n<meta property=\"og:url\" content=\"https:\/\/crees.org.do\/?p=28913\" \/>\n<meta property=\"og:site_name\" content=\"CREES\" \/>\n<meta property=\"article:publisher\" content=\"https:\/\/www.facebook.com\/CREESRD\/\" \/>\n<meta property=\"article:published_time\" content=\"2025-10-23T17:01:00+00:00\" \/>\n<meta property=\"og:image\" content=\"https:\/\/crees.org.do\/wp-content\/uploads\/2025\/10\/6722a7c57c482-768x480-1.png\" \/>\n\t<meta property=\"og:image:width\" content=\"768\" \/>\n\t<meta property=\"og:image:height\" content=\"480\" \/>\n\t<meta property=\"og:image:type\" content=\"image\/png\" \/>\n<meta name=\"author\" content=\"Crees\" \/>\n<meta name=\"twitter:card\" content=\"summary_large_image\" \/>\n<meta name=\"twitter:creator\" content=\"@CREESRD\" \/>\n<meta name=\"twitter:site\" content=\"@CREESRD\" \/>\n<meta name=\"twitter:label1\" content=\"Escrito por\" \/>\n\t<meta name=\"twitter:data1\" content=\"Crees\" \/>\n\t<meta name=\"twitter:label2\" content=\"Tiempo de lectura\" \/>\n\t<meta name=\"twitter:data2\" content=\"6 minutos\" \/>\n<script type=\"application\/ld+json\" class=\"yoast-schema-graph\">{\"@context\":\"https:\/\/schema.org\",\"@graph\":[{\"@type\":\"Article\",\"@id\":\"https:\/\/crees.org.do\/?p=28913#article\",\"isPartOf\":{\"@id\":\"https:\/\/crees.org.do\/?p=28913\"},\"author\":{\"name\":\"Crees\",\"@id\":\"https:\/\/crees.org.do\/#\/schema\/person\/e7f97cd94d7bf9cd0e0ce30acb7d56b8\"},\"headline\":\"\u00bfLograr\u00e1 el PIB crecer un 3% este a\u00f1o? El \u00faltimo cuatrimestre es clave\",\"datePublished\":\"2025-10-23T17:01:00+00:00\",\"mainEntityOfPage\":{\"@id\":\"https:\/\/crees.org.do\/?p=28913\"},\"wordCount\":1306,\"publisher\":{\"@id\":\"https:\/\/crees.org.do\/#organization\"},\"image\":{\"@id\":\"https:\/\/crees.org.do\/?p=28913#primaryimage\"},\"thumbnailUrl\":\"https:\/\/crees.org.do\/wp-content\/uploads\/2025\/10\/6722a7c57c482-768x480-1.png\",\"articleSection\":[\"Actualidad\"],\"inLanguage\":\"es\"},{\"@type\":\"WebPage\",\"@id\":\"https:\/\/crees.org.do\/?p=28913\",\"url\":\"https:\/\/crees.org.do\/?p=28913\",\"name\":\"\u00bfLograr\u00e1 el PIB crecer un 3% este a\u00f1o? El \u00faltimo cuatrimestre es clave | CREES\",\"isPartOf\":{\"@id\":\"https:\/\/crees.org.do\/#website\"},\"primaryImageOfPage\":{\"@id\":\"https:\/\/crees.org.do\/?p=28913#primaryimage\"},\"image\":{\"@id\":\"https:\/\/crees.org.do\/?p=28913#primaryimage\"},\"thumbnailUrl\":\"https:\/\/crees.org.do\/wp-content\/uploads\/2025\/10\/6722a7c57c482-768x480-1.png\",\"datePublished\":\"2025-10-23T17:01:00+00:00\",\"breadcrumb\":{\"@id\":\"https:\/\/crees.org.do\/?p=28913#breadcrumb\"},\"inLanguage\":\"es\",\"potentialAction\":[{\"@type\":\"ReadAction\",\"target\":[\"https:\/\/crees.org.do\/?p=28913\"]}]},{\"@type\":\"ImageObject\",\"inLanguage\":\"es\",\"@id\":\"https:\/\/crees.org.do\/?p=28913#primaryimage\",\"url\":\"https:\/\/crees.org.do\/wp-content\/uploads\/2025\/10\/6722a7c57c482-768x480-1.png\",\"contentUrl\":\"https:\/\/crees.org.do\/wp-content\/uploads\/2025\/10\/6722a7c57c482-768x480-1.png\",\"width\":768,\"height\":480},{\"@type\":\"BreadcrumbList\",\"@id\":\"https:\/\/crees.org.do\/?p=28913#breadcrumb\",\"itemListElement\":[{\"@type\":\"ListItem\",\"position\":1,\"name\":\"Portada\",\"item\":\"https:\/\/crees.org.do\/\"},{\"@type\":\"ListItem\",\"position\":2,\"name\":\"\u00bfLograr\u00e1 el PIB crecer un 3% este a\u00f1o? El \u00faltimo cuatrimestre es clave\"}]},{\"@type\":\"WebSite\",\"@id\":\"https:\/\/crees.org.do\/#website\",\"url\":\"https:\/\/crees.org.do\/\",\"name\":\"CREES\",\"description\":\"Centro Regional de Estrategias Econ\u00f3micas Sostenibles\",\"publisher\":{\"@id\":\"https:\/\/crees.org.do\/#organization\"},\"potentialAction\":[{\"@type\":\"SearchAction\",\"target\":{\"@type\":\"EntryPoint\",\"urlTemplate\":\"https:\/\/crees.org.do\/?s={search_term_string}\"},\"query-input\":{\"@type\":\"PropertyValueSpecification\",\"valueRequired\":true,\"valueName\":\"search_term_string\"}}],\"inLanguage\":\"es\"},{\"@type\":\"Organization\",\"@id\":\"https:\/\/crees.org.do\/#organization\",\"name\":\"CREES | Centro Regional de Estrategias Econ\u00f3micas Sostenibles\",\"url\":\"https:\/\/crees.org.do\/\",\"logo\":{\"@type\":\"ImageObject\",\"inLanguage\":\"es\",\"@id\":\"https:\/\/crees.org.do\/#\/schema\/logo\/image\/\",\"url\":\"https:\/\/crees.org.do\/wp-content\/uploads\/2022\/03\/crees-logo-1.jpg\",\"contentUrl\":\"https:\/\/crees.org.do\/wp-content\/uploads\/2022\/03\/crees-logo-1.jpg\",\"width\":244,\"height\":71,\"caption\":\"CREES | Centro Regional de Estrategias Econ\u00f3micas Sostenibles\"},\"image\":{\"@id\":\"https:\/\/crees.org.do\/#\/schema\/logo\/image\/\"},\"sameAs\":[\"https:\/\/www.facebook.com\/CREESRD\/\",\"https:\/\/x.com\/CREESRD\"]},{\"@type\":\"Person\",\"@id\":\"https:\/\/crees.org.do\/#\/schema\/person\/e7f97cd94d7bf9cd0e0ce30acb7d56b8\",\"name\":\"Crees\",\"image\":{\"@type\":\"ImageObject\",\"inLanguage\":\"es\",\"@id\":\"https:\/\/crees.org.do\/#\/schema\/person\/image\/\",\"url\":\"https:\/\/secure.gravatar.com\/avatar\/390ac8f0be5d9aa046152553e2dd7011b59a512d89c150f5e5f28bb8d9a0b165?s=96&d=mm&r=g\",\"contentUrl\":\"https:\/\/secure.gravatar.com\/avatar\/390ac8f0be5d9aa046152553e2dd7011b59a512d89c150f5e5f28bb8d9a0b165?s=96&d=mm&r=g\",\"caption\":\"Crees\"},\"url\":\"https:\/\/crees.org.do\/?author=2\"}]}<\/script>\n<!-- \/ Yoast SEO plugin. -->","yoast_head_json":{"title":"\u00bfLograr\u00e1 el PIB crecer un 3% este a\u00f1o? El \u00faltimo cuatrimestre es clave | CREES","robots":{"index":"index","follow":"follow","max-snippet":"max-snippet:-1","max-image-preview":"max-image-preview:large","max-video-preview":"max-video-preview:-1"},"canonical":"https:\/\/crees.org.do\/?p=28913","og_locale":"es_ES","og_type":"article","og_title":"\u00bfLograr\u00e1 el PIB crecer un 3% este a\u00f1o? El \u00faltimo cuatrimestre es clave | CREES","og_description":"Autor: El Nacional Fecha: 19 de octubre de 2025 Extra\u00eddo de: El Nacional \u00bfLograr\u00e1 el PIB crecer un 3% este a\u00f1o? El \u00faltimo cuatrimestre es clave Santo Domingo,- El vicepresidente ejecutivo del Centro Regional de Estrategias Econ\u00f3micas Sostenibles (Crees) asegur\u00f3 que, tomando en cuenta el comportamiento de la econom\u00eda, que en los primeros ocho meses...","og_url":"https:\/\/crees.org.do\/?p=28913","og_site_name":"CREES","article_publisher":"https:\/\/www.facebook.com\/CREESRD\/","article_published_time":"2025-10-23T17:01:00+00:00","og_image":[{"width":768,"height":480,"url":"https:\/\/crees.org.do\/wp-content\/uploads\/2025\/10\/6722a7c57c482-768x480-1.png","type":"image\/png"}],"author":"Crees","twitter_card":"summary_large_image","twitter_creator":"@CREESRD","twitter_site":"@CREESRD","twitter_misc":{"Escrito por":"Crees","Tiempo de lectura":"6 minutos"},"schema":{"@context":"https:\/\/schema.org","@graph":[{"@type":"Article","@id":"https:\/\/crees.org.do\/?p=28913#article","isPartOf":{"@id":"https:\/\/crees.org.do\/?p=28913"},"author":{"name":"Crees","@id":"https:\/\/crees.org.do\/#\/schema\/person\/e7f97cd94d7bf9cd0e0ce30acb7d56b8"},"headline":"\u00bfLograr\u00e1 el PIB crecer un 3% este a\u00f1o? El \u00faltimo cuatrimestre es clave","datePublished":"2025-10-23T17:01:00+00:00","mainEntityOfPage":{"@id":"https:\/\/crees.org.do\/?p=28913"},"wordCount":1306,"publisher":{"@id":"https:\/\/crees.org.do\/#organization"},"image":{"@id":"https:\/\/crees.org.do\/?p=28913#primaryimage"},"thumbnailUrl":"https:\/\/crees.org.do\/wp-content\/uploads\/2025\/10\/6722a7c57c482-768x480-1.png","articleSection":["Actualidad"],"inLanguage":"es"},{"@type":"WebPage","@id":"https:\/\/crees.org.do\/?p=28913","url":"https:\/\/crees.org.do\/?p=28913","name":"\u00bfLograr\u00e1 el PIB crecer un 3% este a\u00f1o? El \u00faltimo cuatrimestre es clave | CREES","isPartOf":{"@id":"https:\/\/crees.org.do\/#website"},"primaryImageOfPage":{"@id":"https:\/\/crees.org.do\/?p=28913#primaryimage"},"image":{"@id":"https:\/\/crees.org.do\/?p=28913#primaryimage"},"thumbnailUrl":"https:\/\/crees.org.do\/wp-content\/uploads\/2025\/10\/6722a7c57c482-768x480-1.png","datePublished":"2025-10-23T17:01:00+00:00","breadcrumb":{"@id":"https:\/\/crees.org.do\/?p=28913#breadcrumb"},"inLanguage":"es","potentialAction":[{"@type":"ReadAction","target":["https:\/\/crees.org.do\/?p=28913"]}]},{"@type":"ImageObject","inLanguage":"es","@id":"https:\/\/crees.org.do\/?p=28913#primaryimage","url":"https:\/\/crees.org.do\/wp-content\/uploads\/2025\/10\/6722a7c57c482-768x480-1.png","contentUrl":"https:\/\/crees.org.do\/wp-content\/uploads\/2025\/10\/6722a7c57c482-768x480-1.png","width":768,"height":480},{"@type":"BreadcrumbList","@id":"https:\/\/crees.org.do\/?p=28913#breadcrumb","itemListElement":[{"@type":"ListItem","position":1,"name":"Portada","item":"https:\/\/crees.org.do\/"},{"@type":"ListItem","position":2,"name":"\u00bfLograr\u00e1 el PIB crecer un 3% este a\u00f1o? El \u00faltimo cuatrimestre es clave"}]},{"@type":"WebSite","@id":"https:\/\/crees.org.do\/#website","url":"https:\/\/crees.org.do\/","name":"CREES","description":"Centro Regional de Estrategias Econ\u00f3micas Sostenibles","publisher":{"@id":"https:\/\/crees.org.do\/#organization"},"potentialAction":[{"@type":"SearchAction","target":{"@type":"EntryPoint","urlTemplate":"https:\/\/crees.org.do\/?s={search_term_string}"},"query-input":{"@type":"PropertyValueSpecification","valueRequired":true,"valueName":"search_term_string"}}],"inLanguage":"es"},{"@type":"Organization","@id":"https:\/\/crees.org.do\/#organization","name":"CREES | Centro Regional de Estrategias Econ\u00f3micas Sostenibles","url":"https:\/\/crees.org.do\/","logo":{"@type":"ImageObject","inLanguage":"es","@id":"https:\/\/crees.org.do\/#\/schema\/logo\/image\/","url":"https:\/\/crees.org.do\/wp-content\/uploads\/2022\/03\/crees-logo-1.jpg","contentUrl":"https:\/\/crees.org.do\/wp-content\/uploads\/2022\/03\/crees-logo-1.jpg","width":244,"height":71,"caption":"CREES | Centro Regional de Estrategias Econ\u00f3micas Sostenibles"},"image":{"@id":"https:\/\/crees.org.do\/#\/schema\/logo\/image\/"},"sameAs":["https:\/\/www.facebook.com\/CREESRD\/","https:\/\/x.com\/CREESRD"]},{"@type":"Person","@id":"https:\/\/crees.org.do\/#\/schema\/person\/e7f97cd94d7bf9cd0e0ce30acb7d56b8","name":"Crees","image":{"@type":"ImageObject","inLanguage":"es","@id":"https:\/\/crees.org.do\/#\/schema\/person\/image\/","url":"https:\/\/secure.gravatar.com\/avatar\/390ac8f0be5d9aa046152553e2dd7011b59a512d89c150f5e5f28bb8d9a0b165?s=96&d=mm&r=g","contentUrl":"https:\/\/secure.gravatar.com\/avatar\/390ac8f0be5d9aa046152553e2dd7011b59a512d89c150f5e5f28bb8d9a0b165?s=96&d=mm&r=g","caption":"Crees"},"url":"https:\/\/crees.org.do\/?author=2"}]}},"_links":{"self":[{"href":"https:\/\/crees.org.do\/index.php?rest_route=\/wp\/v2\/posts\/28913","targetHints":{"allow":["GET"]}}],"collection":[{"href":"https:\/\/crees.org.do\/index.php?rest_route=\/wp\/v2\/posts"}],"about":[{"href":"https:\/\/crees.org.do\/index.php?rest_route=\/wp\/v2\/types\/post"}],"author":[{"embeddable":true,"href":"https:\/\/crees.org.do\/index.php?rest_route=\/wp\/v2\/users\/2"}],"replies":[{"embeddable":true,"href":"https:\/\/crees.org.do\/index.php?rest_route=%2Fwp%2Fv2%2Fcomments&post=28913"}],"version-history":[{"count":1,"href":"https:\/\/crees.org.do\/index.php?rest_route=\/wp\/v2\/posts\/28913\/revisions"}],"predecessor-version":[{"id":28915,"href":"https:\/\/crees.org.do\/index.php?rest_route=\/wp\/v2\/posts\/28913\/revisions\/28915"}],"wp:featuredmedia":[{"embeddable":true,"href":"https:\/\/crees.org.do\/index.php?rest_route=\/wp\/v2\/media\/28914"}],"wp:attachment":[{"href":"https:\/\/crees.org.do\/index.php?rest_route=%2Fwp%2Fv2%2Fmedia&parent=28913"}],"wp:term":[{"taxonomy":"category","embeddable":true,"href":"https:\/\/crees.org.do\/index.php?rest_route=%2Fwp%2Fv2%2Fcategories&post=28913"},{"taxonomy":"post_tag","embeddable":true,"href":"https:\/\/crees.org.do\/index.php?rest_route=%2Fwp%2Fv2%2Ftags&post=28913"}],"curies":[{"name":"wp","href":"https:\/\/api.w.org\/{rel}","templated":true}]}}