{"id":28916,"date":"2025-10-23T17:11:24","date_gmt":"2025-10-23T17:11:24","guid":{"rendered":"https:\/\/crees.org.do\/?p=28916"},"modified":"2025-10-24T16:07:52","modified_gmt":"2025-10-24T16:07:52","slug":"collado-di-franco-es-dificil-que-el-pib-de-rd-crezca-3-por-ciento-este-2025-como-se-ha-proyectado","status":"publish","type":"post","link":"https:\/\/crees.org.do\/?p=28916","title":{"rendered":"Collado di Franco: \u00abes dif\u00edcil que el PIB de RD crezca 3 por ciento este 2025 como se ha proyectado\u00bb"},"content":{"rendered":"<p style=\"text-align: justify;\">Autor: El Nuevo Diario<\/p>\n<p style=\"text-align: justify;\">Fecha: 19 de octubre de 2025<\/p>\n<p style=\"text-align: justify;\">Extra\u00eddo de: <a href=\"https:\/\/elnuevodiario.com.do\/collado-di-franco-es-dificil-que-el-pib-de-rd-crezca-3-por-ciento-este-2025-como-se-ha-proyectado\/\">El Nuevo Diario<\/a><\/p>\n<h2 class=\"entry-title\" style=\"text-align: justify;\">Collado di Franco: \u00abes dif\u00edcil que el PIB de RD crezca 3 por ciento este 2025 como se ha proyectado\u00bb<\/h2>\n<p style=\"text-align: justify;\">EL NUEVO DIARIO, SANTO DOMINGO.-En los primeros ocho meses la econom\u00eda dominicana exhibe un crecimiento de apenas 2.3%; es dif\u00edcil que el Producto Interno Bruto termine con un incremento de tres por ciento este 2025, como han proyectado funcionarios del gobierno y organismos internacionales.<\/p>\n<div class=\"border d-inline-block\" data-google-query-id=\"\">\n<p style=\"text-align: justify;\">As\u00ed lo explic\u00f3 el vicepresidente ejecutivo del Centro Regional de Estrategias Econ\u00f3micas Sostenibles (Crees), Miguel Collado di Franco, qui\u00e9n adem\u00e1s plante\u00f3 que hay que ser muy optimista para aspirar a ese crecimiento, y se\u00f1al\u00f3 que el propio ministro de Hacienda y Econom\u00eda, Mag\u00edn D\u00edaz, ha dicho p\u00fablicamente que el estimado estar\u00eda en el rango de 3 a 2.5%.<\/p>\n<p style=\"text-align: justify;\">Collado di Franco sostuvo que para crecer a un 3%, de acuerdo al resultado de los primeros ocho meses del a\u00f1o, la econom\u00eda tendr\u00eda que crecer en septiembre, octubre, noviembre y diciembre, por lo menos, al cuatro por ciento.<\/p>\n<p style=\"text-align: justify;\">Entrevistado por H\u00e9ctor Herrera Cabral en el programa D\u00b4AGENDA, que cada domingo se difunde por Telesistema canal 11 y TV Quisqueya para los Estados Unidos, el economista insisti\u00f3 en que esa meta es muy dif\u00edcil, cuando ahora lo que se discute es si la econom\u00eda dominicana ha visto reducir su potencial de crecimiento, que oscilaba entre el 4.5 y el 5%.<\/p>\n<div class=\"banner-contenido text-center d-none d-md-block\" style=\"text-align: justify;\">\n<div id=\"div-gpt-ad-1565023948978-0\" class=\"d-inline-block border mt-1 mb-4\" data-google-query-id=\"\">\n<div id=\"google_ads_iframe_\/173239197\/Banner_Noticia_5_Nuevo_728x90_0__container__\"><\/div>\n<\/div>\n<\/div>\n<p style=\"text-align: justify;\">Record\u00f3 que en el 2023 las autoridades inyectaron un 3% del Producto Interno Bruto en facilidades monetarias como liquidez r\u00e1pida y liberalizaci\u00f3n de encaje legal, y eso tuvo un empuje en la econom\u00eda que la llev\u00f3 a crecer 2.3% en ese a\u00f1o. En el 2024 todav\u00eda hab\u00eda efectos de esa liberalizaci\u00f3n, y se aplicaron medidas monetarias del 3.5% del PIB y, de acuerdo a las autoridades, la econom\u00eda creci\u00f3 cinco por ciento, pero hay que recordar que fue comparado con una base de crecimiento baja del a\u00f1o anterior.<\/p>\n<p style=\"text-align: justify;\">\u201cEso es muy optimista, pensar que vamos a crecer en un 3% en lo que queda de a\u00f1o, faltando apenas dos meses y algo, aunque no sabemos los datos de septiembre, pero, insisto, tiene que ser un crecimiento muy alto en comparaci\u00f3n con lo que hemos tenido a todo lo largo del 2025, que no lo va a provocar ese presupuesto reci\u00e9n formulado, jam\u00e1s en la vida, o sea, t\u00fa necesitas crecimiento del sector privado\u201d, reiter\u00f3 Miguel Collado.<\/p>\n<p style=\"text-align: justify;\">Explic\u00f3 que por primera vez en muchos meses, en septiembre el cr\u00e9dito medido interanualmente super\u00f3 el nueve por ciento; cuando esta econom\u00eda estaba creciendo a un ritmo acostumbrado, el cr\u00e9dito crece entre el 12 y el 14%.<\/p>\n<p style=\"text-align: justify;\">\u201cEn una econom\u00eda como esta, donde el mercado de capital es muy pobre, aunque dicho crecimiento no representa algo muy positivo, el cr\u00e9dito sigue siendo muy importante\u201d, ponder\u00f3 el profesional de la econom\u00eda.<\/p>\n<p style=\"text-align: justify;\">Precis\u00f3 que, a pesar de los est\u00edmulos, \u201csi no hay demanda, o la demanda es baja, se debe a que los emprendedores no est\u00e1n encontrando aquellos proyectos donde invertir; esa es la se\u00f1al\u201d.<br \/>\nCollado di Franco dijo que se est\u00e1 viendo un agotamiento desde el punto de vista de estimular la econom\u00eda con medidas monetarias, pero llega un momento en que esos est\u00edmulos no surten el efecto que anteriormente se obten\u00eda; \u201centonces se necesita m\u00e1s y m\u00e1s est\u00edmulos porque no se est\u00e1 haciendo cambio de la econom\u00eda en t\u00e9rminos reales\u201d.<\/p>\n<p style=\"text-align: justify;\"><strong>Collado di Franco dice que si no hay reformas estructurales, ser\u00e1 dif\u00edcil lograr la meta presidencial 2036<\/strong><\/p>\n<\/div>\n<div class=\"pvc_clear\"><\/div>\n<p class=\"pvc_stats all \" data-element-id=\"28916\" style=\"\"><i class=\"pvc-stats-icon medium\" aria-hidden=\"true\"><svg aria-hidden=\"true\" focusable=\"false\" data-prefix=\"far\" data-icon=\"chart-bar\" role=\"img\" xmlns=\"http:\/\/www.w3.org\/2000\/svg\" viewBox=\"0 0 512 512\" class=\"svg-inline--fa fa-chart-bar fa-w-16 fa-2x\"><path fill=\"currentColor\" d=\"M396.8 352h22.4c6.4 0 12.8-6.4 12.8-12.8V108.8c0-6.4-6.4-12.8-12.8-12.8h-22.4c-6.4 0-12.8 6.4-12.8 12.8v230.4c0 6.4 6.4 12.8 12.8 12.8zm-192 0h22.4c6.4 0 12.8-6.4 12.8-12.8V140.8c0-6.4-6.4-12.8-12.8-12.8h-22.4c-6.4 0-12.8 6.4-12.8 12.8v198.4c0 6.4 6.4 12.8 12.8 12.8zm96 0h22.4c6.4 0 12.8-6.4 12.8-12.8V204.8c0-6.4-6.4-12.8-12.8-12.8h-22.4c-6.4 0-12.8 6.4-12.8 12.8v134.4c0 6.4 6.4 12.8 12.8 12.8zM496 400H48V80c0-8.84-7.16-16-16-16H16C7.16 64 0 71.16 0 80v336c0 17.67 14.33 32 32 32h464c8.84 0 16-7.16 16-16v-16c0-8.84-7.16-16-16-16zm-387.2-48h22.4c6.4 0 12.8-6.4 12.8-12.8v-70.4c0-6.4-6.4-12.8-12.8-12.8h-22.4c-6.4 0-12.8 6.4-12.8 12.8v70.4c0 6.4 6.4 12.8 12.8 12.8z\" class=\"\"><\/path><\/svg><\/i> Vistas Totales&nbsp;1,108&nbsp;, Vistas Hoy&nbsp;4&nbsp;<\/p>\n<div class=\"pvc_clear\"><\/div>\n","protected":false},"excerpt":{"rendered":"<p>Autor: El Nuevo Diario Fecha: 19 de octubre de 2025 Extra\u00eddo de: El Nuevo Diario Collado di Franco: \u00abes dif\u00edcil que el PIB de RD crezca 3 por ciento este 2025 como se ha proyectado\u00bb EL NUEVO DIARIO, SANTO DOMINGO.-En los primeros ocho meses la econom\u00eda dominicana exhibe un crecimiento de apenas 2.3%; es dif\u00edcil&#8230;<\/p>\n<div class=\"pvc_clear\"><\/div>\n<p class=\"pvc_stats all \" data-element-id=\"28916\" style=\"\"><i class=\"pvc-stats-icon medium\" aria-hidden=\"true\"><svg aria-hidden=\"true\" focusable=\"false\" data-prefix=\"far\" data-icon=\"chart-bar\" role=\"img\" xmlns=\"http:\/\/www.w3.org\/2000\/svg\" viewBox=\"0 0 512 512\" class=\"svg-inline--fa fa-chart-bar fa-w-16 fa-2x\"><path fill=\"currentColor\" d=\"M396.8 352h22.4c6.4 0 12.8-6.4 12.8-12.8V108.8c0-6.4-6.4-12.8-12.8-12.8h-22.4c-6.4 0-12.8 6.4-12.8 12.8v230.4c0 6.4 6.4 12.8 12.8 12.8zm-192 0h22.4c6.4 0 12.8-6.4 12.8-12.8V140.8c0-6.4-6.4-12.8-12.8-12.8h-22.4c-6.4 0-12.8 6.4-12.8 12.8v198.4c0 6.4 6.4 12.8 12.8 12.8zm96 0h22.4c6.4 0 12.8-6.4 12.8-12.8V204.8c0-6.4-6.4-12.8-12.8-12.8h-22.4c-6.4 0-12.8 6.4-12.8 12.8v134.4c0 6.4 6.4 12.8 12.8 12.8zM496 400H48V80c0-8.84-7.16-16-16-16H16C7.16 64 0 71.16 0 80v336c0 17.67 14.33 32 32 32h464c8.84 0 16-7.16 16-16v-16c0-8.84-7.16-16-16-16zm-387.2-48h22.4c6.4 0 12.8-6.4 12.8-12.8v-70.4c0-6.4-6.4-12.8-12.8-12.8h-22.4c-6.4 0-12.8 6.4-12.8 12.8v70.4c0 6.4 6.4 12.8 12.8 12.8z\" class=\"\"><\/path><\/svg><\/i> Vistas Totales&nbsp;1,108&nbsp;, Vistas Hoy&nbsp;4&nbsp;<\/p>\n<div class=\"pvc_clear\"><\/div>\n","protected":false},"author":2,"featured_media":28917,"comment_status":"closed","ping_status":"closed","sticky":false,"template":"","format":"standard","meta":{"footnotes":""},"categories":[19],"tags":[],"class_list":["post-28916","post","type-post","status-publish","format-standard","has-post-thumbnail","hentry","category-actualidad"],"yoast_head":"<!-- This site is optimized with the Yoast SEO plugin v25.2 - https:\/\/yoast.com\/wordpress\/plugins\/seo\/ -->\n<title>Collado di Franco: \u00abes dif\u00edcil que el PIB de RD crezca 3 por ciento este 2025 como se ha proyectado\u00bb | CREES<\/title>\n<meta name=\"robots\" content=\"index, follow, max-snippet:-1, max-image-preview:large, max-video-preview:-1\" \/>\n<link rel=\"canonical\" href=\"https:\/\/crees.org.do\/?p=28916\" \/>\n<meta property=\"og:locale\" content=\"es_ES\" \/>\n<meta property=\"og:type\" content=\"article\" \/>\n<meta property=\"og:title\" content=\"Collado di Franco: \u00abes dif\u00edcil que el PIB de RD crezca 3 por ciento este 2025 como se ha proyectado\u00bb | CREES\" \/>\n<meta property=\"og:description\" content=\"Autor: El Nuevo Diario Fecha: 19 de octubre de 2025 Extra\u00eddo de: El Nuevo Diario Collado di Franco: \u00abes dif\u00edcil que el PIB de RD crezca 3 por ciento este 2025 como se ha proyectado\u00bb EL NUEVO DIARIO, SANTO DOMINGO.-En los primeros ocho meses la econom\u00eda dominicana exhibe un crecimiento de apenas 2.3%; es dif\u00edcil...\" \/>\n<meta property=\"og:url\" content=\"https:\/\/crees.org.do\/?p=28916\" \/>\n<meta property=\"og:site_name\" content=\"CREES\" \/>\n<meta property=\"article:publisher\" content=\"https:\/\/www.facebook.com\/CREESRD\/\" \/>\n<meta property=\"article:published_time\" content=\"2025-10-23T17:11:24+00:00\" \/>\n<meta property=\"article:modified_time\" content=\"2025-10-24T16:07:52+00:00\" \/>\n<meta property=\"og:image\" content=\"https:\/\/crees.org.do\/wp-content\/uploads\/2025\/10\/WhatsApp-Image-2025-10-19-at-9.00.39-AM-scaled.jpeg\" \/>\n\t<meta property=\"og:image:width\" content=\"1200\" \/>\n\t<meta property=\"og:image:height\" content=\"900\" \/>\n\t<meta property=\"og:image:type\" content=\"image\/jpeg\" \/>\n<meta name=\"author\" content=\"Crees\" \/>\n<meta name=\"twitter:card\" content=\"summary_large_image\" \/>\n<meta name=\"twitter:creator\" content=\"@CREESRD\" \/>\n<meta name=\"twitter:site\" content=\"@CREESRD\" \/>\n<meta name=\"twitter:label1\" content=\"Escrito por\" \/>\n\t<meta name=\"twitter:data1\" content=\"Crees\" \/>\n\t<meta name=\"twitter:label2\" content=\"Tiempo de lectura\" \/>\n\t<meta name=\"twitter:data2\" content=\"3 minutos\" \/>\n<script type=\"application\/ld+json\" class=\"yoast-schema-graph\">{\"@context\":\"https:\/\/schema.org\",\"@graph\":[{\"@type\":\"Article\",\"@id\":\"https:\/\/crees.org.do\/?p=28916#article\",\"isPartOf\":{\"@id\":\"https:\/\/crees.org.do\/?p=28916\"},\"author\":{\"name\":\"Crees\",\"@id\":\"https:\/\/crees.org.do\/#\/schema\/person\/e7f97cd94d7bf9cd0e0ce30acb7d56b8\"},\"headline\":\"Collado di Franco: \u00abes dif\u00edcil que el PIB de RD crezca 3 por ciento este 2025 como se ha proyectado\u00bb\",\"datePublished\":\"2025-10-23T17:11:24+00:00\",\"dateModified\":\"2025-10-24T16:07:52+00:00\",\"mainEntityOfPage\":{\"@id\":\"https:\/\/crees.org.do\/?p=28916\"},\"wordCount\":629,\"publisher\":{\"@id\":\"https:\/\/crees.org.do\/#organization\"},\"image\":{\"@id\":\"https:\/\/crees.org.do\/?p=28916#primaryimage\"},\"thumbnailUrl\":\"https:\/\/crees.org.do\/wp-content\/uploads\/2025\/10\/WhatsApp-Image-2025-10-19-at-9.00.39-AM-scaled.jpeg\",\"articleSection\":[\"Actualidad\"],\"inLanguage\":\"es\"},{\"@type\":\"WebPage\",\"@id\":\"https:\/\/crees.org.do\/?p=28916\",\"url\":\"https:\/\/crees.org.do\/?p=28916\",\"name\":\"Collado di Franco: \u00abes dif\u00edcil que el PIB de RD crezca 3 por ciento este 2025 como se ha proyectado\u00bb | CREES\",\"isPartOf\":{\"@id\":\"https:\/\/crees.org.do\/#website\"},\"primaryImageOfPage\":{\"@id\":\"https:\/\/crees.org.do\/?p=28916#primaryimage\"},\"image\":{\"@id\":\"https:\/\/crees.org.do\/?p=28916#primaryimage\"},\"thumbnailUrl\":\"https:\/\/crees.org.do\/wp-content\/uploads\/2025\/10\/WhatsApp-Image-2025-10-19-at-9.00.39-AM-scaled.jpeg\",\"datePublished\":\"2025-10-23T17:11:24+00:00\",\"dateModified\":\"2025-10-24T16:07:52+00:00\",\"breadcrumb\":{\"@id\":\"https:\/\/crees.org.do\/?p=28916#breadcrumb\"},\"inLanguage\":\"es\",\"potentialAction\":[{\"@type\":\"ReadAction\",\"target\":[\"https:\/\/crees.org.do\/?p=28916\"]}]},{\"@type\":\"ImageObject\",\"inLanguage\":\"es\",\"@id\":\"https:\/\/crees.org.do\/?p=28916#primaryimage\",\"url\":\"https:\/\/crees.org.do\/wp-content\/uploads\/2025\/10\/WhatsApp-Image-2025-10-19-at-9.00.39-AM-scaled.jpeg\",\"contentUrl\":\"https:\/\/crees.org.do\/wp-content\/uploads\/2025\/10\/WhatsApp-Image-2025-10-19-at-9.00.39-AM-scaled.jpeg\",\"width\":1200,\"height\":900},{\"@type\":\"BreadcrumbList\",\"@id\":\"https:\/\/crees.org.do\/?p=28916#breadcrumb\",\"itemListElement\":[{\"@type\":\"ListItem\",\"position\":1,\"name\":\"Portada\",\"item\":\"https:\/\/crees.org.do\/\"},{\"@type\":\"ListItem\",\"position\":2,\"name\":\"Collado di Franco: \u00abes dif\u00edcil que el PIB de RD crezca 3 por ciento este 2025 como se ha proyectado\u00bb\"}]},{\"@type\":\"WebSite\",\"@id\":\"https:\/\/crees.org.do\/#website\",\"url\":\"https:\/\/crees.org.do\/\",\"name\":\"CREES\",\"description\":\"Centro Regional de Estrategias Econ\u00f3micas Sostenibles\",\"publisher\":{\"@id\":\"https:\/\/crees.org.do\/#organization\"},\"potentialAction\":[{\"@type\":\"SearchAction\",\"target\":{\"@type\":\"EntryPoint\",\"urlTemplate\":\"https:\/\/crees.org.do\/?s={search_term_string}\"},\"query-input\":{\"@type\":\"PropertyValueSpecification\",\"valueRequired\":true,\"valueName\":\"search_term_string\"}}],\"inLanguage\":\"es\"},{\"@type\":\"Organization\",\"@id\":\"https:\/\/crees.org.do\/#organization\",\"name\":\"CREES | Centro Regional de Estrategias Econ\u00f3micas Sostenibles\",\"url\":\"https:\/\/crees.org.do\/\",\"logo\":{\"@type\":\"ImageObject\",\"inLanguage\":\"es\",\"@id\":\"https:\/\/crees.org.do\/#\/schema\/logo\/image\/\",\"url\":\"https:\/\/crees.org.do\/wp-content\/uploads\/2022\/03\/crees-logo-1.jpg\",\"contentUrl\":\"https:\/\/crees.org.do\/wp-content\/uploads\/2022\/03\/crees-logo-1.jpg\",\"width\":244,\"height\":71,\"caption\":\"CREES | Centro Regional de Estrategias Econ\u00f3micas Sostenibles\"},\"image\":{\"@id\":\"https:\/\/crees.org.do\/#\/schema\/logo\/image\/\"},\"sameAs\":[\"https:\/\/www.facebook.com\/CREESRD\/\",\"https:\/\/x.com\/CREESRD\"]},{\"@type\":\"Person\",\"@id\":\"https:\/\/crees.org.do\/#\/schema\/person\/e7f97cd94d7bf9cd0e0ce30acb7d56b8\",\"name\":\"Crees\",\"image\":{\"@type\":\"ImageObject\",\"inLanguage\":\"es\",\"@id\":\"https:\/\/crees.org.do\/#\/schema\/person\/image\/\",\"url\":\"https:\/\/secure.gravatar.com\/avatar\/390ac8f0be5d9aa046152553e2dd7011b59a512d89c150f5e5f28bb8d9a0b165?s=96&d=mm&r=g\",\"contentUrl\":\"https:\/\/secure.gravatar.com\/avatar\/390ac8f0be5d9aa046152553e2dd7011b59a512d89c150f5e5f28bb8d9a0b165?s=96&d=mm&r=g\",\"caption\":\"Crees\"},\"url\":\"https:\/\/crees.org.do\/?author=2\"}]}<\/script>\n<!-- \/ Yoast SEO plugin. -->","yoast_head_json":{"title":"Collado di Franco: \u00abes dif\u00edcil que el PIB de RD crezca 3 por ciento este 2025 como se ha proyectado\u00bb | CREES","robots":{"index":"index","follow":"follow","max-snippet":"max-snippet:-1","max-image-preview":"max-image-preview:large","max-video-preview":"max-video-preview:-1"},"canonical":"https:\/\/crees.org.do\/?p=28916","og_locale":"es_ES","og_type":"article","og_title":"Collado di Franco: \u00abes dif\u00edcil que el PIB de RD crezca 3 por ciento este 2025 como se ha proyectado\u00bb | CREES","og_description":"Autor: El Nuevo Diario Fecha: 19 de octubre de 2025 Extra\u00eddo de: El Nuevo Diario Collado di Franco: \u00abes dif\u00edcil que el PIB de RD crezca 3 por ciento este 2025 como se ha proyectado\u00bb EL NUEVO DIARIO, SANTO DOMINGO.-En los primeros ocho meses la econom\u00eda dominicana exhibe un crecimiento de apenas 2.3%; es dif\u00edcil...","og_url":"https:\/\/crees.org.do\/?p=28916","og_site_name":"CREES","article_publisher":"https:\/\/www.facebook.com\/CREESRD\/","article_published_time":"2025-10-23T17:11:24+00:00","article_modified_time":"2025-10-24T16:07:52+00:00","og_image":[{"width":1200,"height":900,"url":"https:\/\/crees.org.do\/wp-content\/uploads\/2025\/10\/WhatsApp-Image-2025-10-19-at-9.00.39-AM-scaled.jpeg","type":"image\/jpeg"}],"author":"Crees","twitter_card":"summary_large_image","twitter_creator":"@CREESRD","twitter_site":"@CREESRD","twitter_misc":{"Escrito por":"Crees","Tiempo de lectura":"3 minutos"},"schema":{"@context":"https:\/\/schema.org","@graph":[{"@type":"Article","@id":"https:\/\/crees.org.do\/?p=28916#article","isPartOf":{"@id":"https:\/\/crees.org.do\/?p=28916"},"author":{"name":"Crees","@id":"https:\/\/crees.org.do\/#\/schema\/person\/e7f97cd94d7bf9cd0e0ce30acb7d56b8"},"headline":"Collado di Franco: \u00abes dif\u00edcil que el PIB de RD crezca 3 por ciento este 2025 como se ha proyectado\u00bb","datePublished":"2025-10-23T17:11:24+00:00","dateModified":"2025-10-24T16:07:52+00:00","mainEntityOfPage":{"@id":"https:\/\/crees.org.do\/?p=28916"},"wordCount":629,"publisher":{"@id":"https:\/\/crees.org.do\/#organization"},"image":{"@id":"https:\/\/crees.org.do\/?p=28916#primaryimage"},"thumbnailUrl":"https:\/\/crees.org.do\/wp-content\/uploads\/2025\/10\/WhatsApp-Image-2025-10-19-at-9.00.39-AM-scaled.jpeg","articleSection":["Actualidad"],"inLanguage":"es"},{"@type":"WebPage","@id":"https:\/\/crees.org.do\/?p=28916","url":"https:\/\/crees.org.do\/?p=28916","name":"Collado di Franco: \u00abes dif\u00edcil que el PIB de RD crezca 3 por ciento este 2025 como se ha proyectado\u00bb | CREES","isPartOf":{"@id":"https:\/\/crees.org.do\/#website"},"primaryImageOfPage":{"@id":"https:\/\/crees.org.do\/?p=28916#primaryimage"},"image":{"@id":"https:\/\/crees.org.do\/?p=28916#primaryimage"},"thumbnailUrl":"https:\/\/crees.org.do\/wp-content\/uploads\/2025\/10\/WhatsApp-Image-2025-10-19-at-9.00.39-AM-scaled.jpeg","datePublished":"2025-10-23T17:11:24+00:00","dateModified":"2025-10-24T16:07:52+00:00","breadcrumb":{"@id":"https:\/\/crees.org.do\/?p=28916#breadcrumb"},"inLanguage":"es","potentialAction":[{"@type":"ReadAction","target":["https:\/\/crees.org.do\/?p=28916"]}]},{"@type":"ImageObject","inLanguage":"es","@id":"https:\/\/crees.org.do\/?p=28916#primaryimage","url":"https:\/\/crees.org.do\/wp-content\/uploads\/2025\/10\/WhatsApp-Image-2025-10-19-at-9.00.39-AM-scaled.jpeg","contentUrl":"https:\/\/crees.org.do\/wp-content\/uploads\/2025\/10\/WhatsApp-Image-2025-10-19-at-9.00.39-AM-scaled.jpeg","width":1200,"height":900},{"@type":"BreadcrumbList","@id":"https:\/\/crees.org.do\/?p=28916#breadcrumb","itemListElement":[{"@type":"ListItem","position":1,"name":"Portada","item":"https:\/\/crees.org.do\/"},{"@type":"ListItem","position":2,"name":"Collado di Franco: \u00abes dif\u00edcil que el PIB de RD crezca 3 por ciento este 2025 como se ha proyectado\u00bb"}]},{"@type":"WebSite","@id":"https:\/\/crees.org.do\/#website","url":"https:\/\/crees.org.do\/","name":"CREES","description":"Centro Regional de Estrategias Econ\u00f3micas Sostenibles","publisher":{"@id":"https:\/\/crees.org.do\/#organization"},"potentialAction":[{"@type":"SearchAction","target":{"@type":"EntryPoint","urlTemplate":"https:\/\/crees.org.do\/?s={search_term_string}"},"query-input":{"@type":"PropertyValueSpecification","valueRequired":true,"valueName":"search_term_string"}}],"inLanguage":"es"},{"@type":"Organization","@id":"https:\/\/crees.org.do\/#organization","name":"CREES | Centro Regional de Estrategias Econ\u00f3micas Sostenibles","url":"https:\/\/crees.org.do\/","logo":{"@type":"ImageObject","inLanguage":"es","@id":"https:\/\/crees.org.do\/#\/schema\/logo\/image\/","url":"https:\/\/crees.org.do\/wp-content\/uploads\/2022\/03\/crees-logo-1.jpg","contentUrl":"https:\/\/crees.org.do\/wp-content\/uploads\/2022\/03\/crees-logo-1.jpg","width":244,"height":71,"caption":"CREES | Centro Regional de Estrategias Econ\u00f3micas Sostenibles"},"image":{"@id":"https:\/\/crees.org.do\/#\/schema\/logo\/image\/"},"sameAs":["https:\/\/www.facebook.com\/CREESRD\/","https:\/\/x.com\/CREESRD"]},{"@type":"Person","@id":"https:\/\/crees.org.do\/#\/schema\/person\/e7f97cd94d7bf9cd0e0ce30acb7d56b8","name":"Crees","image":{"@type":"ImageObject","inLanguage":"es","@id":"https:\/\/crees.org.do\/#\/schema\/person\/image\/","url":"https:\/\/secure.gravatar.com\/avatar\/390ac8f0be5d9aa046152553e2dd7011b59a512d89c150f5e5f28bb8d9a0b165?s=96&d=mm&r=g","contentUrl":"https:\/\/secure.gravatar.com\/avatar\/390ac8f0be5d9aa046152553e2dd7011b59a512d89c150f5e5f28bb8d9a0b165?s=96&d=mm&r=g","caption":"Crees"},"url":"https:\/\/crees.org.do\/?author=2"}]}},"_links":{"self":[{"href":"https:\/\/crees.org.do\/index.php?rest_route=\/wp\/v2\/posts\/28916","targetHints":{"allow":["GET"]}}],"collection":[{"href":"https:\/\/crees.org.do\/index.php?rest_route=\/wp\/v2\/posts"}],"about":[{"href":"https:\/\/crees.org.do\/index.php?rest_route=\/wp\/v2\/types\/post"}],"author":[{"embeddable":true,"href":"https:\/\/crees.org.do\/index.php?rest_route=\/wp\/v2\/users\/2"}],"replies":[{"embeddable":true,"href":"https:\/\/crees.org.do\/index.php?rest_route=%2Fwp%2Fv2%2Fcomments&post=28916"}],"version-history":[{"count":1,"href":"https:\/\/crees.org.do\/index.php?rest_route=\/wp\/v2\/posts\/28916\/revisions"}],"predecessor-version":[{"id":28918,"href":"https:\/\/crees.org.do\/index.php?rest_route=\/wp\/v2\/posts\/28916\/revisions\/28918"}],"wp:featuredmedia":[{"embeddable":true,"href":"https:\/\/crees.org.do\/index.php?rest_route=\/wp\/v2\/media\/28917"}],"wp:attachment":[{"href":"https:\/\/crees.org.do\/index.php?rest_route=%2Fwp%2Fv2%2Fmedia&parent=28916"}],"wp:term":[{"taxonomy":"category","embeddable":true,"href":"https:\/\/crees.org.do\/index.php?rest_route=%2Fwp%2Fv2%2Fcategories&post=28916"},{"taxonomy":"post_tag","embeddable":true,"href":"https:\/\/crees.org.do\/index.php?rest_route=%2Fwp%2Fv2%2Ftags&post=28916"}],"curies":[{"name":"wp","href":"https:\/\/api.w.org\/{rel}","templated":true}]}}