{"id":28938,"date":"2025-10-28T20:45:09","date_gmt":"2025-10-28T20:45:09","guid":{"rendered":"https:\/\/crees.org.do\/?p=28938"},"modified":"2025-10-28T20:45:09","modified_gmt":"2025-10-28T20:45:09","slug":"transferencias-al-sector-electrico-una-carga-persistente-para-los-contribuyentes","status":"publish","type":"post","link":"https:\/\/crees.org.do\/?p=28938","title":{"rendered":"Transferencias al sector el\u00e9ctrico: una carga persistente para los contribuyentes"},"content":{"rendered":"<h2><img fetchpriority=\"high\" decoding=\"async\" class=\"aligncenter wp-image-28939\" src=\"https:\/\/crees.org.do\/wp-content\/uploads\/2025\/10\/Transferencias-sector-electrico-como-del-gasto-scaled.png\" alt=\"\" width=\"896\" height=\"896\" srcset=\"https:\/\/crees.org.do\/wp-content\/uploads\/2025\/10\/Transferencias-sector-electrico-como-del-gasto-scaled.png 1200w, https:\/\/crees.org.do\/wp-content\/uploads\/2025\/10\/Transferencias-sector-electrico-como-del-gasto-450x450.png 450w, https:\/\/crees.org.do\/wp-content\/uploads\/2025\/10\/Transferencias-sector-electrico-como-del-gasto-2000x2000.png 2000w, https:\/\/crees.org.do\/wp-content\/uploads\/2025\/10\/Transferencias-sector-electrico-como-del-gasto-150x150.png 150w, https:\/\/crees.org.do\/wp-content\/uploads\/2025\/10\/Transferencias-sector-electrico-como-del-gasto-768x768.png 768w, https:\/\/crees.org.do\/wp-content\/uploads\/2025\/10\/Transferencias-sector-electrico-como-del-gasto-500x500.png 500w, https:\/\/crees.org.do\/wp-content\/uploads\/2025\/10\/Transferencias-sector-electrico-como-del-gasto-1536x1536.png 1536w, https:\/\/crees.org.do\/wp-content\/uploads\/2025\/10\/Transferencias-sector-electrico-como-del-gasto-2048x2048.png 2048w\" sizes=\"(max-width: 896px) 100vw, 896px\" \/><\/h2>\n<h2 style=\"text-align: justify;\"><strong>Transferencias al sector el\u00e9ctrico: una carga persistente para los contribuyentes<\/strong><\/h2>\n<p style=\"text-align: justify;\">En los \u00faltimos a\u00f1os, las transferencias del Gobierno central a las empresas distribuidoras de electricidad (EDE) se han mantenido como uno de los principales componentes del gasto p\u00fablico. De acuerdo con datos oficiales, en 2024 representaron el 7.3% del gasto total, y para 2025 se proyecta que equivalgan al 6.7%. En t\u00e9rminos de producto interno bruto, estas transferencias en el 2025 equivaldr\u00edan al 1.3%, una proporci\u00f3n superior al promedio de la \u00faltima d\u00e9cada.<\/p>\n<p style=\"text-align: justify;\">A pesar de los recursos asignados, las EDE contin\u00faan operando con elevados niveles de p\u00e9rdidas. De acuerdo con los \u00faltimos datos disponibles, a julio de 2025 las p\u00e9rdidas totales ascendieron al 43.3%: el 39.1% corresponde a energ\u00eda perdida y el 4.2% a energ\u00eda no cobrada. Esto obliga a financiar con dinero del contribuyente una parte considerable de los costos del servicio el\u00e9ctrico. En otras palabras, los contribuyentes terminan pagando no solo por la electricidad que consumen, sino tambi\u00e9n por la que se pierde o no se cobra.<\/p>\n<p style=\"text-align: justify;\">El problema de las empresas distribuidoras no es \u00fanicamente contable o financiero, sino de incentivos. Cuando una empresa no depende de su eficiencia para sobrevivir, y las p\u00e9rdidas son cubiertas con recursos ajenos, los incentivos a mejorar se debilitan. No se trata de falta de tecnolog\u00eda ni de recursos, sino de responsabilidad sobre el resultado. En este caso, son los contribuyentes quienes asumen los costos de una gesti\u00f3n ineficiente, a\u00f1o tras a\u00f1o.<\/p>\n<p style=\"text-align: justify;\">Avanzar hacia esquemas de gesti\u00f3n donde los operadores asuman riesgos, respondan por resultados y se despolitice el sistema el\u00e9ctrico de Rep\u00fablica Dominicana ser\u00eda un paso importante para aliviar el peso de las transferencias y mejorar la sostenibilidad del sistema el\u00e9ctrico.<\/p>\n<div class=\"pvc_clear\"><\/div>\n<p class=\"pvc_stats all \" data-element-id=\"28938\" style=\"\"><i class=\"pvc-stats-icon medium\" aria-hidden=\"true\"><svg aria-hidden=\"true\" focusable=\"false\" data-prefix=\"far\" data-icon=\"chart-bar\" role=\"img\" xmlns=\"http:\/\/www.w3.org\/2000\/svg\" viewBox=\"0 0 512 512\" class=\"svg-inline--fa fa-chart-bar fa-w-16 fa-2x\"><path fill=\"currentColor\" d=\"M396.8 352h22.4c6.4 0 12.8-6.4 12.8-12.8V108.8c0-6.4-6.4-12.8-12.8-12.8h-22.4c-6.4 0-12.8 6.4-12.8 12.8v230.4c0 6.4 6.4 12.8 12.8 12.8zm-192 0h22.4c6.4 0 12.8-6.4 12.8-12.8V140.8c0-6.4-6.4-12.8-12.8-12.8h-22.4c-6.4 0-12.8 6.4-12.8 12.8v198.4c0 6.4 6.4 12.8 12.8 12.8zm96 0h22.4c6.4 0 12.8-6.4 12.8-12.8V204.8c0-6.4-6.4-12.8-12.8-12.8h-22.4c-6.4 0-12.8 6.4-12.8 12.8v134.4c0 6.4 6.4 12.8 12.8 12.8zM496 400H48V80c0-8.84-7.16-16-16-16H16C7.16 64 0 71.16 0 80v336c0 17.67 14.33 32 32 32h464c8.84 0 16-7.16 16-16v-16c0-8.84-7.16-16-16-16zm-387.2-48h22.4c6.4 0 12.8-6.4 12.8-12.8v-70.4c0-6.4-6.4-12.8-12.8-12.8h-22.4c-6.4 0-12.8 6.4-12.8 12.8v70.4c0 6.4 6.4 12.8 12.8 12.8z\" class=\"\"><\/path><\/svg><\/i> Vistas Totales&nbsp;1,172&nbsp;, Vistas Hoy&nbsp;2&nbsp;<\/p>\n<div class=\"pvc_clear\"><\/div>\n","protected":false},"excerpt":{"rendered":"<p>Transferencias al sector el\u00e9ctrico: una carga persistente para los contribuyentes En los \u00faltimos a\u00f1os, las transferencias del Gobierno central a las empresas distribuidoras de electricidad (EDE) se han mantenido como uno de los principales componentes del gasto p\u00fablico. De acuerdo con datos oficiales, en 2024 representaron el 7.3% del gasto total, y para 2025 se&#8230;<\/p>\n<div class=\"pvc_clear\"><\/div>\n<p class=\"pvc_stats all \" data-element-id=\"28938\" style=\"\"><i class=\"pvc-stats-icon medium\" aria-hidden=\"true\"><svg aria-hidden=\"true\" focusable=\"false\" data-prefix=\"far\" data-icon=\"chart-bar\" role=\"img\" xmlns=\"http:\/\/www.w3.org\/2000\/svg\" viewBox=\"0 0 512 512\" class=\"svg-inline--fa fa-chart-bar fa-w-16 fa-2x\"><path fill=\"currentColor\" d=\"M396.8 352h22.4c6.4 0 12.8-6.4 12.8-12.8V108.8c0-6.4-6.4-12.8-12.8-12.8h-22.4c-6.4 0-12.8 6.4-12.8 12.8v230.4c0 6.4 6.4 12.8 12.8 12.8zm-192 0h22.4c6.4 0 12.8-6.4 12.8-12.8V140.8c0-6.4-6.4-12.8-12.8-12.8h-22.4c-6.4 0-12.8 6.4-12.8 12.8v198.4c0 6.4 6.4 12.8 12.8 12.8zm96 0h22.4c6.4 0 12.8-6.4 12.8-12.8V204.8c0-6.4-6.4-12.8-12.8-12.8h-22.4c-6.4 0-12.8 6.4-12.8 12.8v134.4c0 6.4 6.4 12.8 12.8 12.8zM496 400H48V80c0-8.84-7.16-16-16-16H16C7.16 64 0 71.16 0 80v336c0 17.67 14.33 32 32 32h464c8.84 0 16-7.16 16-16v-16c0-8.84-7.16-16-16-16zm-387.2-48h22.4c6.4 0 12.8-6.4 12.8-12.8v-70.4c0-6.4-6.4-12.8-12.8-12.8h-22.4c-6.4 0-12.8 6.4-12.8 12.8v70.4c0 6.4 6.4 12.8 12.8 12.8z\" class=\"\"><\/path><\/svg><\/i> Vistas Totales&nbsp;1,172&nbsp;, Vistas Hoy&nbsp;2&nbsp;<\/p>\n<div class=\"pvc_clear\"><\/div>\n","protected":false},"author":2,"featured_media":28939,"comment_status":"closed","ping_status":"closed","sticky":false,"template":"","format":"standard","meta":{"footnotes":""},"categories":[21],"tags":[],"class_list":["post-28938","post","type-post","status-publish","format-standard","has-post-thumbnail","hentry","category-blog"],"yoast_head":"<!-- This site is optimized with the Yoast SEO plugin v25.2 - https:\/\/yoast.com\/wordpress\/plugins\/seo\/ -->\n<title>Transferencias al sector el\u00e9ctrico: una carga persistente para los contribuyentes | CREES<\/title>\n<meta name=\"robots\" content=\"index, follow, max-snippet:-1, max-image-preview:large, max-video-preview:-1\" \/>\n<link rel=\"canonical\" href=\"https:\/\/crees.org.do\/?p=28938\" \/>\n<meta property=\"og:locale\" content=\"es_ES\" \/>\n<meta property=\"og:type\" content=\"article\" \/>\n<meta property=\"og:title\" content=\"Transferencias al sector el\u00e9ctrico: una carga persistente para los contribuyentes | CREES\" \/>\n<meta property=\"og:description\" content=\"Transferencias al sector el\u00e9ctrico: una carga persistente para los contribuyentes En los \u00faltimos a\u00f1os, las transferencias del Gobierno central a las empresas distribuidoras de electricidad (EDE) se han mantenido como uno de los principales componentes del gasto p\u00fablico. De acuerdo con datos oficiales, en 2024 representaron el 7.3% del gasto total, y para 2025 se...\" \/>\n<meta property=\"og:url\" content=\"https:\/\/crees.org.do\/?p=28938\" \/>\n<meta property=\"og:site_name\" content=\"CREES\" \/>\n<meta property=\"article:publisher\" content=\"https:\/\/www.facebook.com\/CREESRD\/\" \/>\n<meta property=\"article:published_time\" content=\"2025-10-28T20:45:09+00:00\" \/>\n<meta property=\"og:image\" content=\"https:\/\/crees.org.do\/wp-content\/uploads\/2025\/10\/Transferencias-sector-electrico-como-del-gasto-scaled.png\" \/>\n\t<meta property=\"og:image:width\" content=\"1200\" \/>\n\t<meta property=\"og:image:height\" content=\"1200\" \/>\n\t<meta property=\"og:image:type\" content=\"image\/png\" \/>\n<meta name=\"author\" content=\"Crees\" \/>\n<meta name=\"twitter:card\" content=\"summary_large_image\" \/>\n<meta name=\"twitter:creator\" content=\"@CREESRD\" \/>\n<meta name=\"twitter:site\" content=\"@CREESRD\" \/>\n<meta name=\"twitter:label1\" content=\"Escrito por\" \/>\n\t<meta name=\"twitter:data1\" content=\"Crees\" \/>\n\t<meta name=\"twitter:label2\" content=\"Tiempo de lectura\" \/>\n\t<meta name=\"twitter:data2\" content=\"1 minuto\" \/>\n<script type=\"application\/ld+json\" class=\"yoast-schema-graph\">{\"@context\":\"https:\/\/schema.org\",\"@graph\":[{\"@type\":\"Article\",\"@id\":\"https:\/\/crees.org.do\/?p=28938#article\",\"isPartOf\":{\"@id\":\"https:\/\/crees.org.do\/?p=28938\"},\"author\":{\"name\":\"Crees\",\"@id\":\"https:\/\/crees.org.do\/#\/schema\/person\/e7f97cd94d7bf9cd0e0ce30acb7d56b8\"},\"headline\":\"Transferencias al sector el\u00e9ctrico: una carga persistente para los contribuyentes\",\"datePublished\":\"2025-10-28T20:45:09+00:00\",\"mainEntityOfPage\":{\"@id\":\"https:\/\/crees.org.do\/?p=28938\"},\"wordCount\":307,\"publisher\":{\"@id\":\"https:\/\/crees.org.do\/#organization\"},\"image\":{\"@id\":\"https:\/\/crees.org.do\/?p=28938#primaryimage\"},\"thumbnailUrl\":\"https:\/\/crees.org.do\/wp-content\/uploads\/2025\/10\/Transferencias-sector-electrico-como-del-gasto-scaled.png\",\"articleSection\":[\"Blog\"],\"inLanguage\":\"es\"},{\"@type\":\"WebPage\",\"@id\":\"https:\/\/crees.org.do\/?p=28938\",\"url\":\"https:\/\/crees.org.do\/?p=28938\",\"name\":\"Transferencias al sector el\u00e9ctrico: una carga persistente para los contribuyentes | CREES\",\"isPartOf\":{\"@id\":\"https:\/\/crees.org.do\/#website\"},\"primaryImageOfPage\":{\"@id\":\"https:\/\/crees.org.do\/?p=28938#primaryimage\"},\"image\":{\"@id\":\"https:\/\/crees.org.do\/?p=28938#primaryimage\"},\"thumbnailUrl\":\"https:\/\/crees.org.do\/wp-content\/uploads\/2025\/10\/Transferencias-sector-electrico-como-del-gasto-scaled.png\",\"datePublished\":\"2025-10-28T20:45:09+00:00\",\"breadcrumb\":{\"@id\":\"https:\/\/crees.org.do\/?p=28938#breadcrumb\"},\"inLanguage\":\"es\",\"potentialAction\":[{\"@type\":\"ReadAction\",\"target\":[\"https:\/\/crees.org.do\/?p=28938\"]}]},{\"@type\":\"ImageObject\",\"inLanguage\":\"es\",\"@id\":\"https:\/\/crees.org.do\/?p=28938#primaryimage\",\"url\":\"https:\/\/crees.org.do\/wp-content\/uploads\/2025\/10\/Transferencias-sector-electrico-como-del-gasto-scaled.png\",\"contentUrl\":\"https:\/\/crees.org.do\/wp-content\/uploads\/2025\/10\/Transferencias-sector-electrico-como-del-gasto-scaled.png\",\"width\":1200,\"height\":1200},{\"@type\":\"BreadcrumbList\",\"@id\":\"https:\/\/crees.org.do\/?p=28938#breadcrumb\",\"itemListElement\":[{\"@type\":\"ListItem\",\"position\":1,\"name\":\"Portada\",\"item\":\"https:\/\/crees.org.do\/\"},{\"@type\":\"ListItem\",\"position\":2,\"name\":\"Transferencias al sector el\u00e9ctrico: una carga persistente para los contribuyentes\"}]},{\"@type\":\"WebSite\",\"@id\":\"https:\/\/crees.org.do\/#website\",\"url\":\"https:\/\/crees.org.do\/\",\"name\":\"CREES\",\"description\":\"Centro Regional de Estrategias Econ\u00f3micas Sostenibles\",\"publisher\":{\"@id\":\"https:\/\/crees.org.do\/#organization\"},\"potentialAction\":[{\"@type\":\"SearchAction\",\"target\":{\"@type\":\"EntryPoint\",\"urlTemplate\":\"https:\/\/crees.org.do\/?s={search_term_string}\"},\"query-input\":{\"@type\":\"PropertyValueSpecification\",\"valueRequired\":true,\"valueName\":\"search_term_string\"}}],\"inLanguage\":\"es\"},{\"@type\":\"Organization\",\"@id\":\"https:\/\/crees.org.do\/#organization\",\"name\":\"CREES | Centro Regional de Estrategias Econ\u00f3micas Sostenibles\",\"url\":\"https:\/\/crees.org.do\/\",\"logo\":{\"@type\":\"ImageObject\",\"inLanguage\":\"es\",\"@id\":\"https:\/\/crees.org.do\/#\/schema\/logo\/image\/\",\"url\":\"https:\/\/crees.org.do\/wp-content\/uploads\/2022\/03\/crees-logo-1.jpg\",\"contentUrl\":\"https:\/\/crees.org.do\/wp-content\/uploads\/2022\/03\/crees-logo-1.jpg\",\"width\":244,\"height\":71,\"caption\":\"CREES | Centro Regional de Estrategias Econ\u00f3micas Sostenibles\"},\"image\":{\"@id\":\"https:\/\/crees.org.do\/#\/schema\/logo\/image\/\"},\"sameAs\":[\"https:\/\/www.facebook.com\/CREESRD\/\",\"https:\/\/x.com\/CREESRD\"]},{\"@type\":\"Person\",\"@id\":\"https:\/\/crees.org.do\/#\/schema\/person\/e7f97cd94d7bf9cd0e0ce30acb7d56b8\",\"name\":\"Crees\",\"image\":{\"@type\":\"ImageObject\",\"inLanguage\":\"es\",\"@id\":\"https:\/\/crees.org.do\/#\/schema\/person\/image\/\",\"url\":\"https:\/\/secure.gravatar.com\/avatar\/390ac8f0be5d9aa046152553e2dd7011b59a512d89c150f5e5f28bb8d9a0b165?s=96&d=mm&r=g\",\"contentUrl\":\"https:\/\/secure.gravatar.com\/avatar\/390ac8f0be5d9aa046152553e2dd7011b59a512d89c150f5e5f28bb8d9a0b165?s=96&d=mm&r=g\",\"caption\":\"Crees\"},\"url\":\"https:\/\/crees.org.do\/?author=2\"}]}<\/script>\n<!-- \/ Yoast SEO plugin. -->","yoast_head_json":{"title":"Transferencias al sector el\u00e9ctrico: una carga persistente para los contribuyentes | CREES","robots":{"index":"index","follow":"follow","max-snippet":"max-snippet:-1","max-image-preview":"max-image-preview:large","max-video-preview":"max-video-preview:-1"},"canonical":"https:\/\/crees.org.do\/?p=28938","og_locale":"es_ES","og_type":"article","og_title":"Transferencias al sector el\u00e9ctrico: una carga persistente para los contribuyentes | CREES","og_description":"Transferencias al sector el\u00e9ctrico: una carga persistente para los contribuyentes En los \u00faltimos a\u00f1os, las transferencias del Gobierno central a las empresas distribuidoras de electricidad (EDE) se han mantenido como uno de los principales componentes del gasto p\u00fablico. De acuerdo con datos oficiales, en 2024 representaron el 7.3% del gasto total, y para 2025 se...","og_url":"https:\/\/crees.org.do\/?p=28938","og_site_name":"CREES","article_publisher":"https:\/\/www.facebook.com\/CREESRD\/","article_published_time":"2025-10-28T20:45:09+00:00","og_image":[{"width":1200,"height":1200,"url":"https:\/\/crees.org.do\/wp-content\/uploads\/2025\/10\/Transferencias-sector-electrico-como-del-gasto-scaled.png","type":"image\/png"}],"author":"Crees","twitter_card":"summary_large_image","twitter_creator":"@CREESRD","twitter_site":"@CREESRD","twitter_misc":{"Escrito por":"Crees","Tiempo de lectura":"1 minuto"},"schema":{"@context":"https:\/\/schema.org","@graph":[{"@type":"Article","@id":"https:\/\/crees.org.do\/?p=28938#article","isPartOf":{"@id":"https:\/\/crees.org.do\/?p=28938"},"author":{"name":"Crees","@id":"https:\/\/crees.org.do\/#\/schema\/person\/e7f97cd94d7bf9cd0e0ce30acb7d56b8"},"headline":"Transferencias al sector el\u00e9ctrico: una carga persistente para los contribuyentes","datePublished":"2025-10-28T20:45:09+00:00","mainEntityOfPage":{"@id":"https:\/\/crees.org.do\/?p=28938"},"wordCount":307,"publisher":{"@id":"https:\/\/crees.org.do\/#organization"},"image":{"@id":"https:\/\/crees.org.do\/?p=28938#primaryimage"},"thumbnailUrl":"https:\/\/crees.org.do\/wp-content\/uploads\/2025\/10\/Transferencias-sector-electrico-como-del-gasto-scaled.png","articleSection":["Blog"],"inLanguage":"es"},{"@type":"WebPage","@id":"https:\/\/crees.org.do\/?p=28938","url":"https:\/\/crees.org.do\/?p=28938","name":"Transferencias al sector el\u00e9ctrico: una carga persistente para los contribuyentes | CREES","isPartOf":{"@id":"https:\/\/crees.org.do\/#website"},"primaryImageOfPage":{"@id":"https:\/\/crees.org.do\/?p=28938#primaryimage"},"image":{"@id":"https:\/\/crees.org.do\/?p=28938#primaryimage"},"thumbnailUrl":"https:\/\/crees.org.do\/wp-content\/uploads\/2025\/10\/Transferencias-sector-electrico-como-del-gasto-scaled.png","datePublished":"2025-10-28T20:45:09+00:00","breadcrumb":{"@id":"https:\/\/crees.org.do\/?p=28938#breadcrumb"},"inLanguage":"es","potentialAction":[{"@type":"ReadAction","target":["https:\/\/crees.org.do\/?p=28938"]}]},{"@type":"ImageObject","inLanguage":"es","@id":"https:\/\/crees.org.do\/?p=28938#primaryimage","url":"https:\/\/crees.org.do\/wp-content\/uploads\/2025\/10\/Transferencias-sector-electrico-como-del-gasto-scaled.png","contentUrl":"https:\/\/crees.org.do\/wp-content\/uploads\/2025\/10\/Transferencias-sector-electrico-como-del-gasto-scaled.png","width":1200,"height":1200},{"@type":"BreadcrumbList","@id":"https:\/\/crees.org.do\/?p=28938#breadcrumb","itemListElement":[{"@type":"ListItem","position":1,"name":"Portada","item":"https:\/\/crees.org.do\/"},{"@type":"ListItem","position":2,"name":"Transferencias al sector el\u00e9ctrico: una carga persistente para los contribuyentes"}]},{"@type":"WebSite","@id":"https:\/\/crees.org.do\/#website","url":"https:\/\/crees.org.do\/","name":"CREES","description":"Centro Regional de Estrategias Econ\u00f3micas Sostenibles","publisher":{"@id":"https:\/\/crees.org.do\/#organization"},"potentialAction":[{"@type":"SearchAction","target":{"@type":"EntryPoint","urlTemplate":"https:\/\/crees.org.do\/?s={search_term_string}"},"query-input":{"@type":"PropertyValueSpecification","valueRequired":true,"valueName":"search_term_string"}}],"inLanguage":"es"},{"@type":"Organization","@id":"https:\/\/crees.org.do\/#organization","name":"CREES | Centro Regional de Estrategias Econ\u00f3micas Sostenibles","url":"https:\/\/crees.org.do\/","logo":{"@type":"ImageObject","inLanguage":"es","@id":"https:\/\/crees.org.do\/#\/schema\/logo\/image\/","url":"https:\/\/crees.org.do\/wp-content\/uploads\/2022\/03\/crees-logo-1.jpg","contentUrl":"https:\/\/crees.org.do\/wp-content\/uploads\/2022\/03\/crees-logo-1.jpg","width":244,"height":71,"caption":"CREES | Centro Regional de Estrategias Econ\u00f3micas Sostenibles"},"image":{"@id":"https:\/\/crees.org.do\/#\/schema\/logo\/image\/"},"sameAs":["https:\/\/www.facebook.com\/CREESRD\/","https:\/\/x.com\/CREESRD"]},{"@type":"Person","@id":"https:\/\/crees.org.do\/#\/schema\/person\/e7f97cd94d7bf9cd0e0ce30acb7d56b8","name":"Crees","image":{"@type":"ImageObject","inLanguage":"es","@id":"https:\/\/crees.org.do\/#\/schema\/person\/image\/","url":"https:\/\/secure.gravatar.com\/avatar\/390ac8f0be5d9aa046152553e2dd7011b59a512d89c150f5e5f28bb8d9a0b165?s=96&d=mm&r=g","contentUrl":"https:\/\/secure.gravatar.com\/avatar\/390ac8f0be5d9aa046152553e2dd7011b59a512d89c150f5e5f28bb8d9a0b165?s=96&d=mm&r=g","caption":"Crees"},"url":"https:\/\/crees.org.do\/?author=2"}]}},"_links":{"self":[{"href":"https:\/\/crees.org.do\/index.php?rest_route=\/wp\/v2\/posts\/28938","targetHints":{"allow":["GET"]}}],"collection":[{"href":"https:\/\/crees.org.do\/index.php?rest_route=\/wp\/v2\/posts"}],"about":[{"href":"https:\/\/crees.org.do\/index.php?rest_route=\/wp\/v2\/types\/post"}],"author":[{"embeddable":true,"href":"https:\/\/crees.org.do\/index.php?rest_route=\/wp\/v2\/users\/2"}],"replies":[{"embeddable":true,"href":"https:\/\/crees.org.do\/index.php?rest_route=%2Fwp%2Fv2%2Fcomments&post=28938"}],"version-history":[{"count":1,"href":"https:\/\/crees.org.do\/index.php?rest_route=\/wp\/v2\/posts\/28938\/revisions"}],"predecessor-version":[{"id":28940,"href":"https:\/\/crees.org.do\/index.php?rest_route=\/wp\/v2\/posts\/28938\/revisions\/28940"}],"wp:featuredmedia":[{"embeddable":true,"href":"https:\/\/crees.org.do\/index.php?rest_route=\/wp\/v2\/media\/28939"}],"wp:attachment":[{"href":"https:\/\/crees.org.do\/index.php?rest_route=%2Fwp%2Fv2%2Fmedia&parent=28938"}],"wp:term":[{"taxonomy":"category","embeddable":true,"href":"https:\/\/crees.org.do\/index.php?rest_route=%2Fwp%2Fv2%2Fcategories&post=28938"},{"taxonomy":"post_tag","embeddable":true,"href":"https:\/\/crees.org.do\/index.php?rest_route=%2Fwp%2Fv2%2Ftags&post=28938"}],"curies":[{"name":"wp","href":"https:\/\/api.w.org\/{rel}","templated":true}]}}