{"id":28944,"date":"2025-10-30T19:32:50","date_gmt":"2025-10-30T19:32:50","guid":{"rendered":"https:\/\/crees.org.do\/?p=28944"},"modified":"2025-10-30T19:32:50","modified_gmt":"2025-10-30T19:32:50","slug":"una-ley-de-responsabilidad-fiscal-insuficiente","status":"publish","type":"post","link":"https:\/\/crees.org.do\/?p=28944","title":{"rendered":"\u00bfUna ley de responsabilidad fiscal insuficiente?"},"content":{"rendered":"<p style=\"text-align: justify;\">Autor: Miguel Collado Di Franco<\/p>\n<p style=\"text-align: justify;\">Fecha: 30 de octubre de 2025<\/p>\n<p><img fetchpriority=\"high\" decoding=\"async\" class=\"aligncenter wp-image-28945\" src=\"https:\/\/crees.org.do\/wp-content\/uploads\/2025\/10\/Deuda-SPNF-scaled.png\" alt=\"\" width=\"896\" height=\"896\" srcset=\"https:\/\/crees.org.do\/wp-content\/uploads\/2025\/10\/Deuda-SPNF-scaled.png 1200w, https:\/\/crees.org.do\/wp-content\/uploads\/2025\/10\/Deuda-SPNF-450x450.png 450w, https:\/\/crees.org.do\/wp-content\/uploads\/2025\/10\/Deuda-SPNF-2000x2000.png 2000w, https:\/\/crees.org.do\/wp-content\/uploads\/2025\/10\/Deuda-SPNF-150x150.png 150w, https:\/\/crees.org.do\/wp-content\/uploads\/2025\/10\/Deuda-SPNF-768x768.png 768w, https:\/\/crees.org.do\/wp-content\/uploads\/2025\/10\/Deuda-SPNF-500x500.png 500w, https:\/\/crees.org.do\/wp-content\/uploads\/2025\/10\/Deuda-SPNF-1536x1536.png 1536w, https:\/\/crees.org.do\/wp-content\/uploads\/2025\/10\/Deuda-SPNF-2048x2048.png 2048w\" sizes=\"(max-width: 896px) 100vw, 896px\" \/><\/p>\n<h2 style=\"text-align: justify;\"><strong>\u00bfUna ley de responsabilidad fiscal insuficiente?<\/strong><\/h2>\n<p style=\"text-align: justify;\">En el a\u00f1o 2024 fue promulgada la Ley 35-24 de Responsabilidad Fiscal de las Instituciones Estatales. Esta legislaci\u00f3n solo incluye una regla fiscal, de gasto primario; o el gasto operativo, excluyendo el gasto financiero. De acuerdo con la regla, el gasto puede crecer en 3 por ciento anual m\u00e1s la inflaci\u00f3n esperada. Un crecimiento que, en t\u00e9rminos nominales, andar\u00eda cercano al 7 por ciento (el tres m\u00e1s el porcentaje de inflaci\u00f3n calculada por las autoridades).<\/p>\n<p style=\"text-align: justify;\">\u00bfContiene la ley una regla de deuda? La legislaci\u00f3n solo incluye la regla de gasto mencionada y una meta de endeudamiento sobre el producto interno bruto de 40%, para ser alcanzada en el a\u00f1o 2035. Desde el a\u00f1o 2023 a agosto de 2025, la deuda pas\u00f3 de 45.1% a 46.9%; un movimiento c\u00f3nsono con d\u00e9ficits con tendencia a incrementarse.<\/p>\n<p style=\"text-align: justify;\">Un ejemplo de lo anterior es que para este a\u00f1o 2025 el d\u00e9ficit presupuestado era de 3.0% del PIB. En septiembre pasado al gasto total se le a\u00f1adieron m\u00e1s de 69,000 millones de pesos, y el d\u00e9ficit pas\u00f3 a ser estimado en 3.5% del PIB. Las necesidades brutas de financiamiento pasaron de RD$350,990.4 millones a RD$384,730.6 millones. De este monto, RD$10,627 millones corresponden a nuevo endeudamiento. El proyecto de presupuesto para 2026 incluye un d\u00e9ficit de 3.2%, superior al presupuestado para 2025, y superior al 2024, a\u00f1o de promulgaci\u00f3n de la ley. Como el proyecto de presupuesto luce tener una subvaluaci\u00f3n en el gasto, el d\u00e9ficit ser\u00eda mayor. En consecuencia, tambi\u00e9n lo ser\u00eda el monto de las necesidades de financiamiento.<\/p>\n<p style=\"text-align: justify;\">Con una econom\u00eda cuyo crecimiento potencial viene dando se\u00f1ales de irse reduciendo desde, por lo menos, el a\u00f1o 2023, las perspectivas de reducir los d\u00e9ficits y la deuda en t\u00e9rminos del PIB no es un objetivo o meta que pueda vislumbrarse en el futuro cercano. A menos que se controle el gasto total, no solo el primario. De igual forma, deber\u00eda simplificarse el sistema tributario, reduciendo la cantidad de figuras impositivas y estableciendo tasas m\u00e1s bajas con bases m\u00e1s amplias de tributaci\u00f3n; tal y como ha propuesto esta instituci\u00f3n.<\/p>\n<p style=\"text-align: justify;\">Uno de los considerandos de la Ley 35-24 menciona como objetivo &#8220;anclar las expectativas de los agentes&#8221;. Como ancla, la legislaci\u00f3n no est\u00e1 cumpliendo su funci\u00f3n. El balance primario de este a\u00f1o fue presupuestado en unos RD$55,600 millones. De acuerdo con el presupuesto reformulado, ese super\u00e1vit se reducir\u00eda a menos de la mitad, unos RD$21,800 millones; aumentando el d\u00e9ficit fiscal y las necesidades de financiamiento para este a\u00f1o. En 2026 se presupuestar\u00eda un super\u00e1vit menor que para 2025, con las perspectivas de que cuando se revise ese presupuesto ser\u00e1 inferior.<\/p>\n<p style=\"text-align: justify;\">La contabilidad, o la aritm\u00e9tica de los super\u00e1vits primarios, solo funciona si la deuda se incrementa a un ritmo inferior al crecimiento de la econom\u00eda. La realidad es que, ante la ausencia de reformas estructurales, el PIB empieza a dar evidencia de un crecimiento potencial menor. Si con crecimientos mayores del PIB la l\u00f3gica de los super\u00e1vits primarios no ten\u00eda un sentido pr\u00e1ctico para lograr una consolidaci\u00f3n fiscal, en el escenario actual ser\u00eda m\u00e1s dif\u00edcil reducir la deuda como porcentaje del PIB. En consecuencia, con una deuda que aumenta, y que paga intereses superiores al crecimiento del PIB, ser\u00eda prudente que se reconsidere la actual ley de responsabilidad fiscal.<\/p>\n<p style=\"text-align: justify;\">Una ley de responsabilidad fiscal que busque la forma de ser un ancla, debe considerar como regla el d\u00e9ficit total. En adici\u00f3n, debe tener una regla de deuda, no una meta. Es bueno contar con una legislaci\u00f3n; ahora debe venir el proceso de su perfeccionamiento. Lograr el grado de inversi\u00f3n no ser\u00eda posible con los resultados que est\u00e1 ofreciendo la econom\u00eda en t\u00e9rminos de crecimiento. Lograr el grado de inversi\u00f3n se torna m\u00e1s dif\u00edcil ante la necesidad de un anclaje de las expectativas de ciudadanos y tenedores de bonos con respecto a la pol\u00edtica fiscal.<\/p>\n<div class=\"pvc_clear\"><\/div>\n<p class=\"pvc_stats all \" data-element-id=\"28944\" style=\"\"><i class=\"pvc-stats-icon medium\" aria-hidden=\"true\"><svg aria-hidden=\"true\" focusable=\"false\" data-prefix=\"far\" data-icon=\"chart-bar\" role=\"img\" xmlns=\"http:\/\/www.w3.org\/2000\/svg\" viewBox=\"0 0 512 512\" class=\"svg-inline--fa fa-chart-bar fa-w-16 fa-2x\"><path fill=\"currentColor\" d=\"M396.8 352h22.4c6.4 0 12.8-6.4 12.8-12.8V108.8c0-6.4-6.4-12.8-12.8-12.8h-22.4c-6.4 0-12.8 6.4-12.8 12.8v230.4c0 6.4 6.4 12.8 12.8 12.8zm-192 0h22.4c6.4 0 12.8-6.4 12.8-12.8V140.8c0-6.4-6.4-12.8-12.8-12.8h-22.4c-6.4 0-12.8 6.4-12.8 12.8v198.4c0 6.4 6.4 12.8 12.8 12.8zm96 0h22.4c6.4 0 12.8-6.4 12.8-12.8V204.8c0-6.4-6.4-12.8-12.8-12.8h-22.4c-6.4 0-12.8 6.4-12.8 12.8v134.4c0 6.4 6.4 12.8 12.8 12.8zM496 400H48V80c0-8.84-7.16-16-16-16H16C7.16 64 0 71.16 0 80v336c0 17.67 14.33 32 32 32h464c8.84 0 16-7.16 16-16v-16c0-8.84-7.16-16-16-16zm-387.2-48h22.4c6.4 0 12.8-6.4 12.8-12.8v-70.4c0-6.4-6.4-12.8-12.8-12.8h-22.4c-6.4 0-12.8 6.4-12.8 12.8v70.4c0 6.4 6.4 12.8 12.8 12.8z\" class=\"\"><\/path><\/svg><\/i> Vistas Totales&nbsp;1,350&nbsp;, Vistas Hoy&nbsp;4&nbsp;<\/p>\n<div class=\"pvc_clear\"><\/div>\n","protected":false},"excerpt":{"rendered":"<p>Autor: Miguel Collado Di Franco Fecha: 30 de octubre de 2025 \u00bfUna ley de responsabilidad fiscal insuficiente? En el a\u00f1o 2024 fue promulgada la Ley 35-24 de Responsabilidad Fiscal de las Instituciones Estatales. Esta legislaci\u00f3n solo incluye una regla fiscal, de gasto primario; o el gasto operativo, excluyendo el gasto financiero. De acuerdo con la&#8230;<\/p>\n<div class=\"pvc_clear\"><\/div>\n<p class=\"pvc_stats all \" data-element-id=\"28944\" style=\"\"><i class=\"pvc-stats-icon medium\" aria-hidden=\"true\"><svg aria-hidden=\"true\" focusable=\"false\" data-prefix=\"far\" data-icon=\"chart-bar\" role=\"img\" xmlns=\"http:\/\/www.w3.org\/2000\/svg\" viewBox=\"0 0 512 512\" class=\"svg-inline--fa fa-chart-bar fa-w-16 fa-2x\"><path fill=\"currentColor\" d=\"M396.8 352h22.4c6.4 0 12.8-6.4 12.8-12.8V108.8c0-6.4-6.4-12.8-12.8-12.8h-22.4c-6.4 0-12.8 6.4-12.8 12.8v230.4c0 6.4 6.4 12.8 12.8 12.8zm-192 0h22.4c6.4 0 12.8-6.4 12.8-12.8V140.8c0-6.4-6.4-12.8-12.8-12.8h-22.4c-6.4 0-12.8 6.4-12.8 12.8v198.4c0 6.4 6.4 12.8 12.8 12.8zm96 0h22.4c6.4 0 12.8-6.4 12.8-12.8V204.8c0-6.4-6.4-12.8-12.8-12.8h-22.4c-6.4 0-12.8 6.4-12.8 12.8v134.4c0 6.4 6.4 12.8 12.8 12.8zM496 400H48V80c0-8.84-7.16-16-16-16H16C7.16 64 0 71.16 0 80v336c0 17.67 14.33 32 32 32h464c8.84 0 16-7.16 16-16v-16c0-8.84-7.16-16-16-16zm-387.2-48h22.4c6.4 0 12.8-6.4 12.8-12.8v-70.4c0-6.4-6.4-12.8-12.8-12.8h-22.4c-6.4 0-12.8 6.4-12.8 12.8v70.4c0 6.4 6.4 12.8 12.8 12.8z\" class=\"\"><\/path><\/svg><\/i> Vistas Totales&nbsp;1,350&nbsp;, Vistas Hoy&nbsp;4&nbsp;<\/p>\n<div class=\"pvc_clear\"><\/div>\n","protected":false},"author":2,"featured_media":28945,"comment_status":"closed","ping_status":"closed","sticky":false,"template":"","format":"standard","meta":{"footnotes":""},"categories":[22],"tags":[],"class_list":["post-28944","post","type-post","status-publish","format-standard","has-post-thumbnail","hentry","category-articulos"],"yoast_head":"<!-- This site is optimized with the Yoast SEO plugin v25.2 - https:\/\/yoast.com\/wordpress\/plugins\/seo\/ -->\n<title>\u00bfUna ley de responsabilidad fiscal insuficiente? | CREES<\/title>\n<meta name=\"robots\" content=\"index, follow, max-snippet:-1, max-image-preview:large, max-video-preview:-1\" \/>\n<link rel=\"canonical\" href=\"https:\/\/crees.org.do\/?p=28944\" \/>\n<meta property=\"og:locale\" content=\"es_ES\" \/>\n<meta property=\"og:type\" content=\"article\" \/>\n<meta property=\"og:title\" content=\"\u00bfUna ley de responsabilidad fiscal insuficiente? | CREES\" \/>\n<meta property=\"og:description\" content=\"Autor: Miguel Collado Di Franco Fecha: 30 de octubre de 2025 \u00bfUna ley de responsabilidad fiscal insuficiente? En el a\u00f1o 2024 fue promulgada la Ley 35-24 de Responsabilidad Fiscal de las Instituciones Estatales. Esta legislaci\u00f3n solo incluye una regla fiscal, de gasto primario; o el gasto operativo, excluyendo el gasto financiero. De acuerdo con la...\" \/>\n<meta property=\"og:url\" content=\"https:\/\/crees.org.do\/?p=28944\" \/>\n<meta property=\"og:site_name\" content=\"CREES\" \/>\n<meta property=\"article:publisher\" content=\"https:\/\/www.facebook.com\/CREESRD\/\" \/>\n<meta property=\"article:published_time\" content=\"2025-10-30T19:32:50+00:00\" \/>\n<meta property=\"og:image\" content=\"https:\/\/crees.org.do\/wp-content\/uploads\/2025\/10\/Deuda-SPNF-scaled.png\" \/>\n\t<meta property=\"og:image:width\" content=\"1200\" \/>\n\t<meta property=\"og:image:height\" content=\"1200\" \/>\n\t<meta property=\"og:image:type\" content=\"image\/png\" \/>\n<meta name=\"author\" content=\"Crees\" \/>\n<meta name=\"twitter:card\" content=\"summary_large_image\" \/>\n<meta name=\"twitter:creator\" content=\"@CREESRD\" \/>\n<meta name=\"twitter:site\" content=\"@CREESRD\" \/>\n<meta name=\"twitter:label1\" content=\"Escrito por\" \/>\n\t<meta name=\"twitter:data1\" content=\"Crees\" \/>\n\t<meta name=\"twitter:label2\" content=\"Tiempo de lectura\" \/>\n\t<meta name=\"twitter:data2\" content=\"4 minutos\" \/>\n<script type=\"application\/ld+json\" class=\"yoast-schema-graph\">{\"@context\":\"https:\/\/schema.org\",\"@graph\":[{\"@type\":\"Article\",\"@id\":\"https:\/\/crees.org.do\/?p=28944#article\",\"isPartOf\":{\"@id\":\"https:\/\/crees.org.do\/?p=28944\"},\"author\":{\"name\":\"Crees\",\"@id\":\"https:\/\/crees.org.do\/#\/schema\/person\/e7f97cd94d7bf9cd0e0ce30acb7d56b8\"},\"headline\":\"\u00bfUna ley de responsabilidad fiscal insuficiente?\",\"datePublished\":\"2025-10-30T19:32:50+00:00\",\"mainEntityOfPage\":{\"@id\":\"https:\/\/crees.org.do\/?p=28944\"},\"wordCount\":706,\"publisher\":{\"@id\":\"https:\/\/crees.org.do\/#organization\"},\"image\":{\"@id\":\"https:\/\/crees.org.do\/?p=28944#primaryimage\"},\"thumbnailUrl\":\"https:\/\/crees.org.do\/wp-content\/uploads\/2025\/10\/Deuda-SPNF-scaled.png\",\"articleSection\":[\"Art\u00edculos\"],\"inLanguage\":\"es\"},{\"@type\":\"WebPage\",\"@id\":\"https:\/\/crees.org.do\/?p=28944\",\"url\":\"https:\/\/crees.org.do\/?p=28944\",\"name\":\"\u00bfUna ley de responsabilidad fiscal insuficiente? | CREES\",\"isPartOf\":{\"@id\":\"https:\/\/crees.org.do\/#website\"},\"primaryImageOfPage\":{\"@id\":\"https:\/\/crees.org.do\/?p=28944#primaryimage\"},\"image\":{\"@id\":\"https:\/\/crees.org.do\/?p=28944#primaryimage\"},\"thumbnailUrl\":\"https:\/\/crees.org.do\/wp-content\/uploads\/2025\/10\/Deuda-SPNF-scaled.png\",\"datePublished\":\"2025-10-30T19:32:50+00:00\",\"breadcrumb\":{\"@id\":\"https:\/\/crees.org.do\/?p=28944#breadcrumb\"},\"inLanguage\":\"es\",\"potentialAction\":[{\"@type\":\"ReadAction\",\"target\":[\"https:\/\/crees.org.do\/?p=28944\"]}]},{\"@type\":\"ImageObject\",\"inLanguage\":\"es\",\"@id\":\"https:\/\/crees.org.do\/?p=28944#primaryimage\",\"url\":\"https:\/\/crees.org.do\/wp-content\/uploads\/2025\/10\/Deuda-SPNF-scaled.png\",\"contentUrl\":\"https:\/\/crees.org.do\/wp-content\/uploads\/2025\/10\/Deuda-SPNF-scaled.png\",\"width\":1200,\"height\":1200},{\"@type\":\"BreadcrumbList\",\"@id\":\"https:\/\/crees.org.do\/?p=28944#breadcrumb\",\"itemListElement\":[{\"@type\":\"ListItem\",\"position\":1,\"name\":\"Portada\",\"item\":\"https:\/\/crees.org.do\/\"},{\"@type\":\"ListItem\",\"position\":2,\"name\":\"\u00bfUna ley de responsabilidad fiscal insuficiente?\"}]},{\"@type\":\"WebSite\",\"@id\":\"https:\/\/crees.org.do\/#website\",\"url\":\"https:\/\/crees.org.do\/\",\"name\":\"CREES\",\"description\":\"Centro Regional de Estrategias Econ\u00f3micas Sostenibles\",\"publisher\":{\"@id\":\"https:\/\/crees.org.do\/#organization\"},\"potentialAction\":[{\"@type\":\"SearchAction\",\"target\":{\"@type\":\"EntryPoint\",\"urlTemplate\":\"https:\/\/crees.org.do\/?s={search_term_string}\"},\"query-input\":{\"@type\":\"PropertyValueSpecification\",\"valueRequired\":true,\"valueName\":\"search_term_string\"}}],\"inLanguage\":\"es\"},{\"@type\":\"Organization\",\"@id\":\"https:\/\/crees.org.do\/#organization\",\"name\":\"CREES | Centro Regional de Estrategias Econ\u00f3micas Sostenibles\",\"url\":\"https:\/\/crees.org.do\/\",\"logo\":{\"@type\":\"ImageObject\",\"inLanguage\":\"es\",\"@id\":\"https:\/\/crees.org.do\/#\/schema\/logo\/image\/\",\"url\":\"https:\/\/crees.org.do\/wp-content\/uploads\/2022\/03\/crees-logo-1.jpg\",\"contentUrl\":\"https:\/\/crees.org.do\/wp-content\/uploads\/2022\/03\/crees-logo-1.jpg\",\"width\":244,\"height\":71,\"caption\":\"CREES | Centro Regional de Estrategias Econ\u00f3micas Sostenibles\"},\"image\":{\"@id\":\"https:\/\/crees.org.do\/#\/schema\/logo\/image\/\"},\"sameAs\":[\"https:\/\/www.facebook.com\/CREESRD\/\",\"https:\/\/x.com\/CREESRD\"]},{\"@type\":\"Person\",\"@id\":\"https:\/\/crees.org.do\/#\/schema\/person\/e7f97cd94d7bf9cd0e0ce30acb7d56b8\",\"name\":\"Crees\",\"image\":{\"@type\":\"ImageObject\",\"inLanguage\":\"es\",\"@id\":\"https:\/\/crees.org.do\/#\/schema\/person\/image\/\",\"url\":\"https:\/\/secure.gravatar.com\/avatar\/390ac8f0be5d9aa046152553e2dd7011b59a512d89c150f5e5f28bb8d9a0b165?s=96&d=mm&r=g\",\"contentUrl\":\"https:\/\/secure.gravatar.com\/avatar\/390ac8f0be5d9aa046152553e2dd7011b59a512d89c150f5e5f28bb8d9a0b165?s=96&d=mm&r=g\",\"caption\":\"Crees\"},\"url\":\"https:\/\/crees.org.do\/?author=2\"}]}<\/script>\n<!-- \/ Yoast SEO plugin. -->","yoast_head_json":{"title":"\u00bfUna ley de responsabilidad fiscal insuficiente? | CREES","robots":{"index":"index","follow":"follow","max-snippet":"max-snippet:-1","max-image-preview":"max-image-preview:large","max-video-preview":"max-video-preview:-1"},"canonical":"https:\/\/crees.org.do\/?p=28944","og_locale":"es_ES","og_type":"article","og_title":"\u00bfUna ley de responsabilidad fiscal insuficiente? | CREES","og_description":"Autor: Miguel Collado Di Franco Fecha: 30 de octubre de 2025 \u00bfUna ley de responsabilidad fiscal insuficiente? En el a\u00f1o 2024 fue promulgada la Ley 35-24 de Responsabilidad Fiscal de las Instituciones Estatales. Esta legislaci\u00f3n solo incluye una regla fiscal, de gasto primario; o el gasto operativo, excluyendo el gasto financiero. De acuerdo con la...","og_url":"https:\/\/crees.org.do\/?p=28944","og_site_name":"CREES","article_publisher":"https:\/\/www.facebook.com\/CREESRD\/","article_published_time":"2025-10-30T19:32:50+00:00","og_image":[{"width":1200,"height":1200,"url":"https:\/\/crees.org.do\/wp-content\/uploads\/2025\/10\/Deuda-SPNF-scaled.png","type":"image\/png"}],"author":"Crees","twitter_card":"summary_large_image","twitter_creator":"@CREESRD","twitter_site":"@CREESRD","twitter_misc":{"Escrito por":"Crees","Tiempo de lectura":"4 minutos"},"schema":{"@context":"https:\/\/schema.org","@graph":[{"@type":"Article","@id":"https:\/\/crees.org.do\/?p=28944#article","isPartOf":{"@id":"https:\/\/crees.org.do\/?p=28944"},"author":{"name":"Crees","@id":"https:\/\/crees.org.do\/#\/schema\/person\/e7f97cd94d7bf9cd0e0ce30acb7d56b8"},"headline":"\u00bfUna ley de responsabilidad fiscal insuficiente?","datePublished":"2025-10-30T19:32:50+00:00","mainEntityOfPage":{"@id":"https:\/\/crees.org.do\/?p=28944"},"wordCount":706,"publisher":{"@id":"https:\/\/crees.org.do\/#organization"},"image":{"@id":"https:\/\/crees.org.do\/?p=28944#primaryimage"},"thumbnailUrl":"https:\/\/crees.org.do\/wp-content\/uploads\/2025\/10\/Deuda-SPNF-scaled.png","articleSection":["Art\u00edculos"],"inLanguage":"es"},{"@type":"WebPage","@id":"https:\/\/crees.org.do\/?p=28944","url":"https:\/\/crees.org.do\/?p=28944","name":"\u00bfUna ley de responsabilidad fiscal insuficiente? | CREES","isPartOf":{"@id":"https:\/\/crees.org.do\/#website"},"primaryImageOfPage":{"@id":"https:\/\/crees.org.do\/?p=28944#primaryimage"},"image":{"@id":"https:\/\/crees.org.do\/?p=28944#primaryimage"},"thumbnailUrl":"https:\/\/crees.org.do\/wp-content\/uploads\/2025\/10\/Deuda-SPNF-scaled.png","datePublished":"2025-10-30T19:32:50+00:00","breadcrumb":{"@id":"https:\/\/crees.org.do\/?p=28944#breadcrumb"},"inLanguage":"es","potentialAction":[{"@type":"ReadAction","target":["https:\/\/crees.org.do\/?p=28944"]}]},{"@type":"ImageObject","inLanguage":"es","@id":"https:\/\/crees.org.do\/?p=28944#primaryimage","url":"https:\/\/crees.org.do\/wp-content\/uploads\/2025\/10\/Deuda-SPNF-scaled.png","contentUrl":"https:\/\/crees.org.do\/wp-content\/uploads\/2025\/10\/Deuda-SPNF-scaled.png","width":1200,"height":1200},{"@type":"BreadcrumbList","@id":"https:\/\/crees.org.do\/?p=28944#breadcrumb","itemListElement":[{"@type":"ListItem","position":1,"name":"Portada","item":"https:\/\/crees.org.do\/"},{"@type":"ListItem","position":2,"name":"\u00bfUna ley de responsabilidad fiscal insuficiente?"}]},{"@type":"WebSite","@id":"https:\/\/crees.org.do\/#website","url":"https:\/\/crees.org.do\/","name":"CREES","description":"Centro Regional de Estrategias Econ\u00f3micas Sostenibles","publisher":{"@id":"https:\/\/crees.org.do\/#organization"},"potentialAction":[{"@type":"SearchAction","target":{"@type":"EntryPoint","urlTemplate":"https:\/\/crees.org.do\/?s={search_term_string}"},"query-input":{"@type":"PropertyValueSpecification","valueRequired":true,"valueName":"search_term_string"}}],"inLanguage":"es"},{"@type":"Organization","@id":"https:\/\/crees.org.do\/#organization","name":"CREES | Centro Regional de Estrategias Econ\u00f3micas Sostenibles","url":"https:\/\/crees.org.do\/","logo":{"@type":"ImageObject","inLanguage":"es","@id":"https:\/\/crees.org.do\/#\/schema\/logo\/image\/","url":"https:\/\/crees.org.do\/wp-content\/uploads\/2022\/03\/crees-logo-1.jpg","contentUrl":"https:\/\/crees.org.do\/wp-content\/uploads\/2022\/03\/crees-logo-1.jpg","width":244,"height":71,"caption":"CREES | Centro Regional de Estrategias Econ\u00f3micas Sostenibles"},"image":{"@id":"https:\/\/crees.org.do\/#\/schema\/logo\/image\/"},"sameAs":["https:\/\/www.facebook.com\/CREESRD\/","https:\/\/x.com\/CREESRD"]},{"@type":"Person","@id":"https:\/\/crees.org.do\/#\/schema\/person\/e7f97cd94d7bf9cd0e0ce30acb7d56b8","name":"Crees","image":{"@type":"ImageObject","inLanguage":"es","@id":"https:\/\/crees.org.do\/#\/schema\/person\/image\/","url":"https:\/\/secure.gravatar.com\/avatar\/390ac8f0be5d9aa046152553e2dd7011b59a512d89c150f5e5f28bb8d9a0b165?s=96&d=mm&r=g","contentUrl":"https:\/\/secure.gravatar.com\/avatar\/390ac8f0be5d9aa046152553e2dd7011b59a512d89c150f5e5f28bb8d9a0b165?s=96&d=mm&r=g","caption":"Crees"},"url":"https:\/\/crees.org.do\/?author=2"}]}},"_links":{"self":[{"href":"https:\/\/crees.org.do\/index.php?rest_route=\/wp\/v2\/posts\/28944","targetHints":{"allow":["GET"]}}],"collection":[{"href":"https:\/\/crees.org.do\/index.php?rest_route=\/wp\/v2\/posts"}],"about":[{"href":"https:\/\/crees.org.do\/index.php?rest_route=\/wp\/v2\/types\/post"}],"author":[{"embeddable":true,"href":"https:\/\/crees.org.do\/index.php?rest_route=\/wp\/v2\/users\/2"}],"replies":[{"embeddable":true,"href":"https:\/\/crees.org.do\/index.php?rest_route=%2Fwp%2Fv2%2Fcomments&post=28944"}],"version-history":[{"count":1,"href":"https:\/\/crees.org.do\/index.php?rest_route=\/wp\/v2\/posts\/28944\/revisions"}],"predecessor-version":[{"id":28946,"href":"https:\/\/crees.org.do\/index.php?rest_route=\/wp\/v2\/posts\/28944\/revisions\/28946"}],"wp:featuredmedia":[{"embeddable":true,"href":"https:\/\/crees.org.do\/index.php?rest_route=\/wp\/v2\/media\/28945"}],"wp:attachment":[{"href":"https:\/\/crees.org.do\/index.php?rest_route=%2Fwp%2Fv2%2Fmedia&parent=28944"}],"wp:term":[{"taxonomy":"category","embeddable":true,"href":"https:\/\/crees.org.do\/index.php?rest_route=%2Fwp%2Fv2%2Fcategories&post=28944"},{"taxonomy":"post_tag","embeddable":true,"href":"https:\/\/crees.org.do\/index.php?rest_route=%2Fwp%2Fv2%2Ftags&post=28944"}],"curies":[{"name":"wp","href":"https:\/\/api.w.org\/{rel}","templated":true}]}}