{"id":28973,"date":"2025-11-06T19:42:56","date_gmt":"2025-11-06T19:42:56","guid":{"rendered":"https:\/\/crees.org.do\/?p=28973"},"modified":"2025-11-06T19:42:56","modified_gmt":"2025-11-06T19:42:56","slug":"perdidas-de-las-ede-alcanzan-el-44-2-de-la-energia-comprada","status":"publish","type":"post","link":"https:\/\/crees.org.do\/?p=28973","title":{"rendered":"P\u00e9rdidas de las EDE alcanzan el 44.2% de la energ\u00eda comprada"},"content":{"rendered":"<p><img fetchpriority=\"high\" decoding=\"async\" class=\"aligncenter wp-image-28975\" src=\"https:\/\/crees.org.do\/wp-content\/uploads\/2025\/11\/Perdidas-EDE-agosto-2025-scaled.png\" alt=\"\" width=\"896\" height=\"896\" srcset=\"https:\/\/crees.org.do\/wp-content\/uploads\/2025\/11\/Perdidas-EDE-agosto-2025-scaled.png 1200w, https:\/\/crees.org.do\/wp-content\/uploads\/2025\/11\/Perdidas-EDE-agosto-2025-450x450.png 450w, https:\/\/crees.org.do\/wp-content\/uploads\/2025\/11\/Perdidas-EDE-agosto-2025-2000x2000.png 2000w, https:\/\/crees.org.do\/wp-content\/uploads\/2025\/11\/Perdidas-EDE-agosto-2025-150x150.png 150w, https:\/\/crees.org.do\/wp-content\/uploads\/2025\/11\/Perdidas-EDE-agosto-2025-768x768.png 768w, https:\/\/crees.org.do\/wp-content\/uploads\/2025\/11\/Perdidas-EDE-agosto-2025-500x500.png 500w, https:\/\/crees.org.do\/wp-content\/uploads\/2025\/11\/Perdidas-EDE-agosto-2025-1536x1536.png 1536w, https:\/\/crees.org.do\/wp-content\/uploads\/2025\/11\/Perdidas-EDE-agosto-2025-2048x2048.png 2048w\" sizes=\"(max-width: 896px) 100vw, 896px\" \/><\/p>\n<h2 style=\"text-align: justify;\"><strong>P\u00e9rdidas de las EDE alcanzan el 44.2% de la energ\u00eda comprada<\/strong><\/h2>\n<p style=\"text-align: justify;\">De acuerdo con el \u00faltimo informe del Ministerio de Energ\u00eda y Minas, a agosto de 2025, las Empresas Distribuidoras de Electricidad (EDE) han acumulado p\u00e9rdidas totales equivalentes al 44.2% de la energ\u00eda adquirida. Esto significa que, por cada 100 gigavatios-hora (GWh) comprados, se perdieron 44.2 GWh.<\/p>\n<p style=\"text-align: justify;\">En t\u00e9rminos absolutos, las EDE compraron 13,656.6 GWh durante ese per\u00edodo. De esa cantidad, 5,408.4 GWh no se facturaron, lo que representa p\u00e9rdidas del 39.6% del total adquirido. A esta cifra se a\u00f1ade un 4.6% correspondiente a energ\u00eda facturada pero no cobrada. La suma de ambas proporciones da como resultado el 44.2% de p\u00e9rdidas totales registradas hasta agosto de 2025.<\/p>\n<p style=\"text-align: justify;\">Seg\u00fan el \u00faltimo reporte de la Direcci\u00f3n General de Presupuesto (DIGEPRES), a septiembre de 2025, las EDE hab\u00edan recibido un total de RD$71,441.4 millones en transferencias por parte del Gobierno Central. En la \u00faltima revisi\u00f3n del presupuesto de 2025 se aument\u00f3 el monto presupuestado para estas transferencias de RD$83,360.7 millones a RD$101,985.7 millones.<\/p>\n<p style=\"text-align: justify;\">A pesar de los recursos destinados, los resultados no muestran mejoras en las perdidas. Estas siguen representando una proporci\u00f3n significativa de la energ\u00eda adquirida, lo que evidencia falta de responsabilidad sobre los resultados y debilidad de los incentivos actuales. Mientras el financiamiento provenga de fondos p\u00fablicos, el costo de la ineficiencia se transfiere a los contribuyentes, que terminan pagando por la energ\u00eda que no se factura o no se cobra.<\/p>\n<p style=\"text-align: justify;\">Avanzar hacia esquemas de gesti\u00f3n donde los operadores asuman riesgos, respondan por resultados y se despolitice el sistema el\u00e9ctrico ser\u00eda un paso importante para aliviar el peso de las transferencias y mejorar la sostenibilidad del servicio.<\/p>\n<div class=\"pvc_clear\"><\/div>\n<p class=\"pvc_stats all \" data-element-id=\"28973\" style=\"\"><i class=\"pvc-stats-icon medium\" aria-hidden=\"true\"><svg aria-hidden=\"true\" focusable=\"false\" data-prefix=\"far\" data-icon=\"chart-bar\" role=\"img\" xmlns=\"http:\/\/www.w3.org\/2000\/svg\" viewBox=\"0 0 512 512\" class=\"svg-inline--fa fa-chart-bar fa-w-16 fa-2x\"><path fill=\"currentColor\" d=\"M396.8 352h22.4c6.4 0 12.8-6.4 12.8-12.8V108.8c0-6.4-6.4-12.8-12.8-12.8h-22.4c-6.4 0-12.8 6.4-12.8 12.8v230.4c0 6.4 6.4 12.8 12.8 12.8zm-192 0h22.4c6.4 0 12.8-6.4 12.8-12.8V140.8c0-6.4-6.4-12.8-12.8-12.8h-22.4c-6.4 0-12.8 6.4-12.8 12.8v198.4c0 6.4 6.4 12.8 12.8 12.8zm96 0h22.4c6.4 0 12.8-6.4 12.8-12.8V204.8c0-6.4-6.4-12.8-12.8-12.8h-22.4c-6.4 0-12.8 6.4-12.8 12.8v134.4c0 6.4 6.4 12.8 12.8 12.8zM496 400H48V80c0-8.84-7.16-16-16-16H16C7.16 64 0 71.16 0 80v336c0 17.67 14.33 32 32 32h464c8.84 0 16-7.16 16-16v-16c0-8.84-7.16-16-16-16zm-387.2-48h22.4c6.4 0 12.8-6.4 12.8-12.8v-70.4c0-6.4-6.4-12.8-12.8-12.8h-22.4c-6.4 0-12.8 6.4-12.8 12.8v70.4c0 6.4 6.4 12.8 12.8 12.8z\" class=\"\"><\/path><\/svg><\/i> Vistas Totales&nbsp;1,582&nbsp;, Vistas Hoy&nbsp;2&nbsp;<\/p>\n<div class=\"pvc_clear\"><\/div>\n","protected":false},"excerpt":{"rendered":"<p>P\u00e9rdidas de las EDE alcanzan el 44.2% de la energ\u00eda comprada De acuerdo con el \u00faltimo informe del Ministerio de Energ\u00eda y Minas, a agosto de 2025, las Empresas Distribuidoras de Electricidad (EDE) han acumulado p\u00e9rdidas totales equivalentes al 44.2% de la energ\u00eda adquirida. Esto significa que, por cada 100 gigavatios-hora (GWh) comprados, se perdieron&#8230;<\/p>\n<div class=\"pvc_clear\"><\/div>\n<p class=\"pvc_stats all \" data-element-id=\"28973\" style=\"\"><i class=\"pvc-stats-icon medium\" aria-hidden=\"true\"><svg aria-hidden=\"true\" focusable=\"false\" data-prefix=\"far\" data-icon=\"chart-bar\" role=\"img\" xmlns=\"http:\/\/www.w3.org\/2000\/svg\" viewBox=\"0 0 512 512\" class=\"svg-inline--fa fa-chart-bar fa-w-16 fa-2x\"><path fill=\"currentColor\" d=\"M396.8 352h22.4c6.4 0 12.8-6.4 12.8-12.8V108.8c0-6.4-6.4-12.8-12.8-12.8h-22.4c-6.4 0-12.8 6.4-12.8 12.8v230.4c0 6.4 6.4 12.8 12.8 12.8zm-192 0h22.4c6.4 0 12.8-6.4 12.8-12.8V140.8c0-6.4-6.4-12.8-12.8-12.8h-22.4c-6.4 0-12.8 6.4-12.8 12.8v198.4c0 6.4 6.4 12.8 12.8 12.8zm96 0h22.4c6.4 0 12.8-6.4 12.8-12.8V204.8c0-6.4-6.4-12.8-12.8-12.8h-22.4c-6.4 0-12.8 6.4-12.8 12.8v134.4c0 6.4 6.4 12.8 12.8 12.8zM496 400H48V80c0-8.84-7.16-16-16-16H16C7.16 64 0 71.16 0 80v336c0 17.67 14.33 32 32 32h464c8.84 0 16-7.16 16-16v-16c0-8.84-7.16-16-16-16zm-387.2-48h22.4c6.4 0 12.8-6.4 12.8-12.8v-70.4c0-6.4-6.4-12.8-12.8-12.8h-22.4c-6.4 0-12.8 6.4-12.8 12.8v70.4c0 6.4 6.4 12.8 12.8 12.8z\" class=\"\"><\/path><\/svg><\/i> Vistas Totales&nbsp;1,582&nbsp;, Vistas Hoy&nbsp;2&nbsp;<\/p>\n<div class=\"pvc_clear\"><\/div>\n","protected":false},"author":2,"featured_media":28975,"comment_status":"closed","ping_status":"closed","sticky":false,"template":"","format":"standard","meta":{"footnotes":""},"categories":[21],"tags":[],"class_list":["post-28973","post","type-post","status-publish","format-standard","has-post-thumbnail","hentry","category-blog"],"yoast_head":"<!-- This site is optimized with the Yoast SEO plugin v25.2 - https:\/\/yoast.com\/wordpress\/plugins\/seo\/ -->\n<title>P\u00e9rdidas de las EDE alcanzan el 44.2% de la energ\u00eda comprada | CREES<\/title>\n<meta name=\"robots\" content=\"index, follow, max-snippet:-1, max-image-preview:large, max-video-preview:-1\" \/>\n<link rel=\"canonical\" href=\"https:\/\/crees.org.do\/?p=28973\" \/>\n<meta property=\"og:locale\" content=\"es_ES\" \/>\n<meta property=\"og:type\" content=\"article\" \/>\n<meta property=\"og:title\" content=\"P\u00e9rdidas de las EDE alcanzan el 44.2% de la energ\u00eda comprada | CREES\" \/>\n<meta property=\"og:description\" content=\"P\u00e9rdidas de las EDE alcanzan el 44.2% de la energ\u00eda comprada De acuerdo con el \u00faltimo informe del Ministerio de Energ\u00eda y Minas, a agosto de 2025, las Empresas Distribuidoras de Electricidad (EDE) han acumulado p\u00e9rdidas totales equivalentes al 44.2% de la energ\u00eda adquirida. Esto significa que, por cada 100 gigavatios-hora (GWh) comprados, se perdieron...\" \/>\n<meta property=\"og:url\" content=\"https:\/\/crees.org.do\/?p=28973\" \/>\n<meta property=\"og:site_name\" content=\"CREES\" \/>\n<meta property=\"article:publisher\" content=\"https:\/\/www.facebook.com\/CREESRD\/\" \/>\n<meta property=\"article:published_time\" content=\"2025-11-06T19:42:56+00:00\" \/>\n<meta property=\"og:image\" content=\"https:\/\/crees.org.do\/wp-content\/uploads\/2025\/11\/Perdidas-EDE-agosto-2025-scaled.png\" \/>\n\t<meta property=\"og:image:width\" content=\"1200\" \/>\n\t<meta property=\"og:image:height\" content=\"1200\" \/>\n\t<meta property=\"og:image:type\" content=\"image\/png\" \/>\n<meta name=\"author\" content=\"Crees\" \/>\n<meta name=\"twitter:card\" content=\"summary_large_image\" \/>\n<meta name=\"twitter:creator\" content=\"@CREESRD\" \/>\n<meta name=\"twitter:site\" content=\"@CREESRD\" \/>\n<meta name=\"twitter:label1\" content=\"Escrito por\" \/>\n\t<meta name=\"twitter:data1\" content=\"Crees\" \/>\n\t<meta name=\"twitter:label2\" content=\"Tiempo de lectura\" \/>\n\t<meta name=\"twitter:data2\" content=\"1 minuto\" \/>\n<script type=\"application\/ld+json\" class=\"yoast-schema-graph\">{\"@context\":\"https:\/\/schema.org\",\"@graph\":[{\"@type\":\"Article\",\"@id\":\"https:\/\/crees.org.do\/?p=28973#article\",\"isPartOf\":{\"@id\":\"https:\/\/crees.org.do\/?p=28973\"},\"author\":{\"name\":\"Crees\",\"@id\":\"https:\/\/crees.org.do\/#\/schema\/person\/e7f97cd94d7bf9cd0e0ce30acb7d56b8\"},\"headline\":\"P\u00e9rdidas de las EDE alcanzan el 44.2% de la energ\u00eda comprada\",\"datePublished\":\"2025-11-06T19:42:56+00:00\",\"mainEntityOfPage\":{\"@id\":\"https:\/\/crees.org.do\/?p=28973\"},\"wordCount\":297,\"publisher\":{\"@id\":\"https:\/\/crees.org.do\/#organization\"},\"image\":{\"@id\":\"https:\/\/crees.org.do\/?p=28973#primaryimage\"},\"thumbnailUrl\":\"https:\/\/crees.org.do\/wp-content\/uploads\/2025\/11\/Perdidas-EDE-agosto-2025-scaled.png\",\"articleSection\":[\"Blog\"],\"inLanguage\":\"es\"},{\"@type\":\"WebPage\",\"@id\":\"https:\/\/crees.org.do\/?p=28973\",\"url\":\"https:\/\/crees.org.do\/?p=28973\",\"name\":\"P\u00e9rdidas de las EDE alcanzan el 44.2% de la energ\u00eda comprada | CREES\",\"isPartOf\":{\"@id\":\"https:\/\/crees.org.do\/#website\"},\"primaryImageOfPage\":{\"@id\":\"https:\/\/crees.org.do\/?p=28973#primaryimage\"},\"image\":{\"@id\":\"https:\/\/crees.org.do\/?p=28973#primaryimage\"},\"thumbnailUrl\":\"https:\/\/crees.org.do\/wp-content\/uploads\/2025\/11\/Perdidas-EDE-agosto-2025-scaled.png\",\"datePublished\":\"2025-11-06T19:42:56+00:00\",\"breadcrumb\":{\"@id\":\"https:\/\/crees.org.do\/?p=28973#breadcrumb\"},\"inLanguage\":\"es\",\"potentialAction\":[{\"@type\":\"ReadAction\",\"target\":[\"https:\/\/crees.org.do\/?p=28973\"]}]},{\"@type\":\"ImageObject\",\"inLanguage\":\"es\",\"@id\":\"https:\/\/crees.org.do\/?p=28973#primaryimage\",\"url\":\"https:\/\/crees.org.do\/wp-content\/uploads\/2025\/11\/Perdidas-EDE-agosto-2025-scaled.png\",\"contentUrl\":\"https:\/\/crees.org.do\/wp-content\/uploads\/2025\/11\/Perdidas-EDE-agosto-2025-scaled.png\",\"width\":1200,\"height\":1200},{\"@type\":\"BreadcrumbList\",\"@id\":\"https:\/\/crees.org.do\/?p=28973#breadcrumb\",\"itemListElement\":[{\"@type\":\"ListItem\",\"position\":1,\"name\":\"Portada\",\"item\":\"https:\/\/crees.org.do\/\"},{\"@type\":\"ListItem\",\"position\":2,\"name\":\"P\u00e9rdidas de las EDE alcanzan el 44.2% de la energ\u00eda comprada\"}]},{\"@type\":\"WebSite\",\"@id\":\"https:\/\/crees.org.do\/#website\",\"url\":\"https:\/\/crees.org.do\/\",\"name\":\"CREES\",\"description\":\"Centro Regional de Estrategias Econ\u00f3micas Sostenibles\",\"publisher\":{\"@id\":\"https:\/\/crees.org.do\/#organization\"},\"potentialAction\":[{\"@type\":\"SearchAction\",\"target\":{\"@type\":\"EntryPoint\",\"urlTemplate\":\"https:\/\/crees.org.do\/?s={search_term_string}\"},\"query-input\":{\"@type\":\"PropertyValueSpecification\",\"valueRequired\":true,\"valueName\":\"search_term_string\"}}],\"inLanguage\":\"es\"},{\"@type\":\"Organization\",\"@id\":\"https:\/\/crees.org.do\/#organization\",\"name\":\"CREES | Centro Regional de Estrategias Econ\u00f3micas Sostenibles\",\"url\":\"https:\/\/crees.org.do\/\",\"logo\":{\"@type\":\"ImageObject\",\"inLanguage\":\"es\",\"@id\":\"https:\/\/crees.org.do\/#\/schema\/logo\/image\/\",\"url\":\"https:\/\/crees.org.do\/wp-content\/uploads\/2022\/03\/crees-logo-1.jpg\",\"contentUrl\":\"https:\/\/crees.org.do\/wp-content\/uploads\/2022\/03\/crees-logo-1.jpg\",\"width\":244,\"height\":71,\"caption\":\"CREES | Centro Regional de Estrategias Econ\u00f3micas Sostenibles\"},\"image\":{\"@id\":\"https:\/\/crees.org.do\/#\/schema\/logo\/image\/\"},\"sameAs\":[\"https:\/\/www.facebook.com\/CREESRD\/\",\"https:\/\/x.com\/CREESRD\"]},{\"@type\":\"Person\",\"@id\":\"https:\/\/crees.org.do\/#\/schema\/person\/e7f97cd94d7bf9cd0e0ce30acb7d56b8\",\"name\":\"Crees\",\"image\":{\"@type\":\"ImageObject\",\"inLanguage\":\"es\",\"@id\":\"https:\/\/crees.org.do\/#\/schema\/person\/image\/\",\"url\":\"https:\/\/secure.gravatar.com\/avatar\/390ac8f0be5d9aa046152553e2dd7011b59a512d89c150f5e5f28bb8d9a0b165?s=96&d=mm&r=g\",\"contentUrl\":\"https:\/\/secure.gravatar.com\/avatar\/390ac8f0be5d9aa046152553e2dd7011b59a512d89c150f5e5f28bb8d9a0b165?s=96&d=mm&r=g\",\"caption\":\"Crees\"},\"url\":\"https:\/\/crees.org.do\/?author=2\"}]}<\/script>\n<!-- \/ Yoast SEO plugin. -->","yoast_head_json":{"title":"P\u00e9rdidas de las EDE alcanzan el 44.2% de la energ\u00eda comprada | CREES","robots":{"index":"index","follow":"follow","max-snippet":"max-snippet:-1","max-image-preview":"max-image-preview:large","max-video-preview":"max-video-preview:-1"},"canonical":"https:\/\/crees.org.do\/?p=28973","og_locale":"es_ES","og_type":"article","og_title":"P\u00e9rdidas de las EDE alcanzan el 44.2% de la energ\u00eda comprada | CREES","og_description":"P\u00e9rdidas de las EDE alcanzan el 44.2% de la energ\u00eda comprada De acuerdo con el \u00faltimo informe del Ministerio de Energ\u00eda y Minas, a agosto de 2025, las Empresas Distribuidoras de Electricidad (EDE) han acumulado p\u00e9rdidas totales equivalentes al 44.2% de la energ\u00eda adquirida. Esto significa que, por cada 100 gigavatios-hora (GWh) comprados, se perdieron...","og_url":"https:\/\/crees.org.do\/?p=28973","og_site_name":"CREES","article_publisher":"https:\/\/www.facebook.com\/CREESRD\/","article_published_time":"2025-11-06T19:42:56+00:00","og_image":[{"width":1200,"height":1200,"url":"https:\/\/crees.org.do\/wp-content\/uploads\/2025\/11\/Perdidas-EDE-agosto-2025-scaled.png","type":"image\/png"}],"author":"Crees","twitter_card":"summary_large_image","twitter_creator":"@CREESRD","twitter_site":"@CREESRD","twitter_misc":{"Escrito por":"Crees","Tiempo de lectura":"1 minuto"},"schema":{"@context":"https:\/\/schema.org","@graph":[{"@type":"Article","@id":"https:\/\/crees.org.do\/?p=28973#article","isPartOf":{"@id":"https:\/\/crees.org.do\/?p=28973"},"author":{"name":"Crees","@id":"https:\/\/crees.org.do\/#\/schema\/person\/e7f97cd94d7bf9cd0e0ce30acb7d56b8"},"headline":"P\u00e9rdidas de las EDE alcanzan el 44.2% de la energ\u00eda comprada","datePublished":"2025-11-06T19:42:56+00:00","mainEntityOfPage":{"@id":"https:\/\/crees.org.do\/?p=28973"},"wordCount":297,"publisher":{"@id":"https:\/\/crees.org.do\/#organization"},"image":{"@id":"https:\/\/crees.org.do\/?p=28973#primaryimage"},"thumbnailUrl":"https:\/\/crees.org.do\/wp-content\/uploads\/2025\/11\/Perdidas-EDE-agosto-2025-scaled.png","articleSection":["Blog"],"inLanguage":"es"},{"@type":"WebPage","@id":"https:\/\/crees.org.do\/?p=28973","url":"https:\/\/crees.org.do\/?p=28973","name":"P\u00e9rdidas de las EDE alcanzan el 44.2% de la energ\u00eda comprada | CREES","isPartOf":{"@id":"https:\/\/crees.org.do\/#website"},"primaryImageOfPage":{"@id":"https:\/\/crees.org.do\/?p=28973#primaryimage"},"image":{"@id":"https:\/\/crees.org.do\/?p=28973#primaryimage"},"thumbnailUrl":"https:\/\/crees.org.do\/wp-content\/uploads\/2025\/11\/Perdidas-EDE-agosto-2025-scaled.png","datePublished":"2025-11-06T19:42:56+00:00","breadcrumb":{"@id":"https:\/\/crees.org.do\/?p=28973#breadcrumb"},"inLanguage":"es","potentialAction":[{"@type":"ReadAction","target":["https:\/\/crees.org.do\/?p=28973"]}]},{"@type":"ImageObject","inLanguage":"es","@id":"https:\/\/crees.org.do\/?p=28973#primaryimage","url":"https:\/\/crees.org.do\/wp-content\/uploads\/2025\/11\/Perdidas-EDE-agosto-2025-scaled.png","contentUrl":"https:\/\/crees.org.do\/wp-content\/uploads\/2025\/11\/Perdidas-EDE-agosto-2025-scaled.png","width":1200,"height":1200},{"@type":"BreadcrumbList","@id":"https:\/\/crees.org.do\/?p=28973#breadcrumb","itemListElement":[{"@type":"ListItem","position":1,"name":"Portada","item":"https:\/\/crees.org.do\/"},{"@type":"ListItem","position":2,"name":"P\u00e9rdidas de las EDE alcanzan el 44.2% de la energ\u00eda comprada"}]},{"@type":"WebSite","@id":"https:\/\/crees.org.do\/#website","url":"https:\/\/crees.org.do\/","name":"CREES","description":"Centro Regional de Estrategias Econ\u00f3micas Sostenibles","publisher":{"@id":"https:\/\/crees.org.do\/#organization"},"potentialAction":[{"@type":"SearchAction","target":{"@type":"EntryPoint","urlTemplate":"https:\/\/crees.org.do\/?s={search_term_string}"},"query-input":{"@type":"PropertyValueSpecification","valueRequired":true,"valueName":"search_term_string"}}],"inLanguage":"es"},{"@type":"Organization","@id":"https:\/\/crees.org.do\/#organization","name":"CREES | Centro Regional de Estrategias Econ\u00f3micas Sostenibles","url":"https:\/\/crees.org.do\/","logo":{"@type":"ImageObject","inLanguage":"es","@id":"https:\/\/crees.org.do\/#\/schema\/logo\/image\/","url":"https:\/\/crees.org.do\/wp-content\/uploads\/2022\/03\/crees-logo-1.jpg","contentUrl":"https:\/\/crees.org.do\/wp-content\/uploads\/2022\/03\/crees-logo-1.jpg","width":244,"height":71,"caption":"CREES | Centro Regional de Estrategias Econ\u00f3micas Sostenibles"},"image":{"@id":"https:\/\/crees.org.do\/#\/schema\/logo\/image\/"},"sameAs":["https:\/\/www.facebook.com\/CREESRD\/","https:\/\/x.com\/CREESRD"]},{"@type":"Person","@id":"https:\/\/crees.org.do\/#\/schema\/person\/e7f97cd94d7bf9cd0e0ce30acb7d56b8","name":"Crees","image":{"@type":"ImageObject","inLanguage":"es","@id":"https:\/\/crees.org.do\/#\/schema\/person\/image\/","url":"https:\/\/secure.gravatar.com\/avatar\/390ac8f0be5d9aa046152553e2dd7011b59a512d89c150f5e5f28bb8d9a0b165?s=96&d=mm&r=g","contentUrl":"https:\/\/secure.gravatar.com\/avatar\/390ac8f0be5d9aa046152553e2dd7011b59a512d89c150f5e5f28bb8d9a0b165?s=96&d=mm&r=g","caption":"Crees"},"url":"https:\/\/crees.org.do\/?author=2"}]}},"_links":{"self":[{"href":"https:\/\/crees.org.do\/index.php?rest_route=\/wp\/v2\/posts\/28973","targetHints":{"allow":["GET"]}}],"collection":[{"href":"https:\/\/crees.org.do\/index.php?rest_route=\/wp\/v2\/posts"}],"about":[{"href":"https:\/\/crees.org.do\/index.php?rest_route=\/wp\/v2\/types\/post"}],"author":[{"embeddable":true,"href":"https:\/\/crees.org.do\/index.php?rest_route=\/wp\/v2\/users\/2"}],"replies":[{"embeddable":true,"href":"https:\/\/crees.org.do\/index.php?rest_route=%2Fwp%2Fv2%2Fcomments&post=28973"}],"version-history":[{"count":1,"href":"https:\/\/crees.org.do\/index.php?rest_route=\/wp\/v2\/posts\/28973\/revisions"}],"predecessor-version":[{"id":28976,"href":"https:\/\/crees.org.do\/index.php?rest_route=\/wp\/v2\/posts\/28973\/revisions\/28976"}],"wp:featuredmedia":[{"embeddable":true,"href":"https:\/\/crees.org.do\/index.php?rest_route=\/wp\/v2\/media\/28975"}],"wp:attachment":[{"href":"https:\/\/crees.org.do\/index.php?rest_route=%2Fwp%2Fv2%2Fmedia&parent=28973"}],"wp:term":[{"taxonomy":"category","embeddable":true,"href":"https:\/\/crees.org.do\/index.php?rest_route=%2Fwp%2Fv2%2Fcategories&post=28973"},{"taxonomy":"post_tag","embeddable":true,"href":"https:\/\/crees.org.do\/index.php?rest_route=%2Fwp%2Fv2%2Ftags&post=28973"}],"curies":[{"name":"wp","href":"https:\/\/api.w.org\/{rel}","templated":true}]}}