{"id":28987,"date":"2025-11-07T13:45:01","date_gmt":"2025-11-07T13:45:01","guid":{"rendered":"https:\/\/crees.org.do\/?p=28987"},"modified":"2025-11-07T13:45:01","modified_gmt":"2025-11-07T13:45:01","slug":"crees-advierte-sobre-persistente-carga-fiscal-por-transferencias-al-sector-electrico","status":"publish","type":"post","link":"https:\/\/crees.org.do\/?p=28987","title":{"rendered":"CREES advierte sobre persistente carga fiscal por transferencias al sector el\u00e9ctrico"},"content":{"rendered":"<p style=\"text-align: justify;\">Autor: Propuesta Digital<\/p>\n<p style=\"text-align: justify;\">Fecha: 31 de octubre de 2025<\/p>\n<p style=\"text-align: justify;\">Extra\u00eddo de: <a href=\"https:\/\/lapropuestadigital.com\/crees-advierte-sobre-persistente-carga-fiscal-por-transferencias-al-sector-electrico\/\">La Propuesta Digital<\/a><\/p>\n<h2 class=\"entry-title\" style=\"text-align: justify;\">CREES advierte sobre persistente carga fiscal por transferencias al sector el\u00e9ctrico<\/h2>\n<p style=\"text-align: justify;\"><strong>Santo Domingo,<\/strong>\u00a031 oct. \u2013 Las transferencias del Gobierno central a las empresas distribuidoras de electricidad (EDE) contin\u00faan siendo una pesada carga para las finanzas p\u00fablicas dominicanas, advirti\u00f3 el Centro Regional de Estrategias Econ\u00f3micas Sostenibles (CREES).<\/p>\n<p style=\"text-align: justify;\">Seg\u00fan el centro de pensamiento econ\u00f3mico, estas transferencias representaron el 7.3 % del gasto total del Estado en 2024 y se proyecta que equivaldr\u00e1n al 6.7 % para 2025. En t\u00e9rminos del producto interno bruto (PIB), esta subvenci\u00f3n alcanzar\u00eda el 1.3 %, cifra superior al promedio de la \u00faltima d\u00e9cada.\u00a0<em>(Fuente: CREES)<\/em><\/p>\n<p style=\"text-align: justify;\">A pesar de estos elevados recursos, las EDE mantienen niveles cr\u00edticos de ineficiencia. CREES se\u00f1ala que, hasta julio de 2025, las p\u00e9rdidas totales del sistema alcanzaron el 43.3 %, de las cuales el 39.1 % corresponde a energ\u00eda perdida y un 4.2 % a energ\u00eda no cobrada.<\/p>\n<p style=\"text-align: justify;\">Esta situaci\u00f3n obliga al Estado a cubrir con fondos p\u00fablicos una parte sustancial del costo del servicio, trasladando la carga directamente a los contribuyentes, quienes terminan pagando tanto por la energ\u00eda que consumen como por aquella que se pierde o no es facturada.<\/p>\n<p style=\"text-align: justify;\">Para el centro de estudios, el problema va m\u00e1s all\u00e1 de las cifras financieras. CREES sostiene que el modelo actual de gesti\u00f3n genera incentivos perversos: al no depender de su eficiencia operativa para sostenerse, las empresas distribuidoras no tienen presi\u00f3n real para mejorar.<\/p>\n<p style=\"text-align: justify;\">Mientras las p\u00e9rdidas contin\u00faen siendo cubiertas con fondos estatales, no hay motivaci\u00f3n efectiva para alcanzar est\u00e1ndares m\u00e1s altos de desempe\u00f1o, lo que perpet\u00faa la carga sobre los contribuyentes.<\/p>\n<p style=\"text-align: justify;\">CREES plantea que una reforma estructural del sistema el\u00e9ctrico dominicano debe incluir esquemas donde los operadores asuman riesgos y respondan por resultados concretos.<\/p>\n<p style=\"text-align: justify;\">Asimismo, aboga por la despolitizaci\u00f3n del sector el\u00e9ctrico como v\u00eda para mejorar su sostenibilidad. Solo as\u00ed, concluye el centro, se podr\u00e1 reducir el peso de las transferencias en el presupuesto nacional y garantizar un servicio m\u00e1s eficiente y justo para la ciudadan\u00eda.<\/p>\n<p><img fetchpriority=\"high\" decoding=\"async\" class=\"aligncenter wp-image-28939\" src=\"https:\/\/crees.org.do\/wp-content\/uploads\/2025\/10\/Transferencias-sector-electrico-como-del-gasto-scaled.png\" alt=\"\" width=\"896\" height=\"896\" srcset=\"https:\/\/crees.org.do\/wp-content\/uploads\/2025\/10\/Transferencias-sector-electrico-como-del-gasto-scaled.png 1200w, https:\/\/crees.org.do\/wp-content\/uploads\/2025\/10\/Transferencias-sector-electrico-como-del-gasto-450x450.png 450w, https:\/\/crees.org.do\/wp-content\/uploads\/2025\/10\/Transferencias-sector-electrico-como-del-gasto-2000x2000.png 2000w, https:\/\/crees.org.do\/wp-content\/uploads\/2025\/10\/Transferencias-sector-electrico-como-del-gasto-150x150.png 150w, https:\/\/crees.org.do\/wp-content\/uploads\/2025\/10\/Transferencias-sector-electrico-como-del-gasto-768x768.png 768w, https:\/\/crees.org.do\/wp-content\/uploads\/2025\/10\/Transferencias-sector-electrico-como-del-gasto-500x500.png 500w, https:\/\/crees.org.do\/wp-content\/uploads\/2025\/10\/Transferencias-sector-electrico-como-del-gasto-1536x1536.png 1536w, https:\/\/crees.org.do\/wp-content\/uploads\/2025\/10\/Transferencias-sector-electrico-como-del-gasto-2048x2048.png 2048w\" sizes=\"(max-width: 896px) 100vw, 896px\" \/><\/p>\n<div class=\"pvc_clear\"><\/div>\n<p class=\"pvc_stats all \" data-element-id=\"28987\" style=\"\"><i class=\"pvc-stats-icon medium\" aria-hidden=\"true\"><svg aria-hidden=\"true\" focusable=\"false\" data-prefix=\"far\" data-icon=\"chart-bar\" role=\"img\" xmlns=\"http:\/\/www.w3.org\/2000\/svg\" viewBox=\"0 0 512 512\" class=\"svg-inline--fa fa-chart-bar fa-w-16 fa-2x\"><path fill=\"currentColor\" d=\"M396.8 352h22.4c6.4 0 12.8-6.4 12.8-12.8V108.8c0-6.4-6.4-12.8-12.8-12.8h-22.4c-6.4 0-12.8 6.4-12.8 12.8v230.4c0 6.4 6.4 12.8 12.8 12.8zm-192 0h22.4c6.4 0 12.8-6.4 12.8-12.8V140.8c0-6.4-6.4-12.8-12.8-12.8h-22.4c-6.4 0-12.8 6.4-12.8 12.8v198.4c0 6.4 6.4 12.8 12.8 12.8zm96 0h22.4c6.4 0 12.8-6.4 12.8-12.8V204.8c0-6.4-6.4-12.8-12.8-12.8h-22.4c-6.4 0-12.8 6.4-12.8 12.8v134.4c0 6.4 6.4 12.8 12.8 12.8zM496 400H48V80c0-8.84-7.16-16-16-16H16C7.16 64 0 71.16 0 80v336c0 17.67 14.33 32 32 32h464c8.84 0 16-7.16 16-16v-16c0-8.84-7.16-16-16-16zm-387.2-48h22.4c6.4 0 12.8-6.4 12.8-12.8v-70.4c0-6.4-6.4-12.8-12.8-12.8h-22.4c-6.4 0-12.8 6.4-12.8 12.8v70.4c0 6.4 6.4 12.8 12.8 12.8z\" class=\"\"><\/path><\/svg><\/i> Vistas Totales&nbsp;965&nbsp;<\/p>\n<div class=\"pvc_clear\"><\/div>\n","protected":false},"excerpt":{"rendered":"<p>Autor: Propuesta Digital Fecha: 31 de octubre de 2025 Extra\u00eddo de: La Propuesta Digital CREES advierte sobre persistente carga fiscal por transferencias al sector el\u00e9ctrico Santo Domingo,\u00a031 oct. \u2013 Las transferencias del Gobierno central a las empresas distribuidoras de electricidad (EDE) contin\u00faan siendo una pesada carga para las finanzas p\u00fablicas dominicanas, advirti\u00f3 el Centro Regional&#8230;<\/p>\n<div class=\"pvc_clear\"><\/div>\n<p class=\"pvc_stats all \" data-element-id=\"28987\" style=\"\"><i class=\"pvc-stats-icon medium\" aria-hidden=\"true\"><svg aria-hidden=\"true\" focusable=\"false\" data-prefix=\"far\" data-icon=\"chart-bar\" role=\"img\" xmlns=\"http:\/\/www.w3.org\/2000\/svg\" viewBox=\"0 0 512 512\" class=\"svg-inline--fa fa-chart-bar fa-w-16 fa-2x\"><path fill=\"currentColor\" d=\"M396.8 352h22.4c6.4 0 12.8-6.4 12.8-12.8V108.8c0-6.4-6.4-12.8-12.8-12.8h-22.4c-6.4 0-12.8 6.4-12.8 12.8v230.4c0 6.4 6.4 12.8 12.8 12.8zm-192 0h22.4c6.4 0 12.8-6.4 12.8-12.8V140.8c0-6.4-6.4-12.8-12.8-12.8h-22.4c-6.4 0-12.8 6.4-12.8 12.8v198.4c0 6.4 6.4 12.8 12.8 12.8zm96 0h22.4c6.4 0 12.8-6.4 12.8-12.8V204.8c0-6.4-6.4-12.8-12.8-12.8h-22.4c-6.4 0-12.8 6.4-12.8 12.8v134.4c0 6.4 6.4 12.8 12.8 12.8zM496 400H48V80c0-8.84-7.16-16-16-16H16C7.16 64 0 71.16 0 80v336c0 17.67 14.33 32 32 32h464c8.84 0 16-7.16 16-16v-16c0-8.84-7.16-16-16-16zm-387.2-48h22.4c6.4 0 12.8-6.4 12.8-12.8v-70.4c0-6.4-6.4-12.8-12.8-12.8h-22.4c-6.4 0-12.8 6.4-12.8 12.8v70.4c0 6.4 6.4 12.8 12.8 12.8z\" class=\"\"><\/path><\/svg><\/i> Vistas Totales&nbsp;965&nbsp;<\/p>\n<div class=\"pvc_clear\"><\/div>\n","protected":false},"author":2,"featured_media":28988,"comment_status":"closed","ping_status":"closed","sticky":false,"template":"","format":"standard","meta":{"footnotes":""},"categories":[19],"tags":[],"class_list":["post-28987","post","type-post","status-publish","format-standard","has-post-thumbnail","hentry","category-actualidad"],"yoast_head":"<!-- This site is optimized with the Yoast SEO plugin v25.2 - https:\/\/yoast.com\/wordpress\/plugins\/seo\/ -->\n<title>CREES advierte sobre persistente carga fiscal por transferencias al sector el\u00e9ctrico | CREES<\/title>\n<meta name=\"robots\" content=\"index, follow, max-snippet:-1, max-image-preview:large, max-video-preview:-1\" \/>\n<link rel=\"canonical\" href=\"https:\/\/crees.org.do\/?p=28987\" \/>\n<meta property=\"og:locale\" content=\"es_ES\" \/>\n<meta property=\"og:type\" content=\"article\" \/>\n<meta property=\"og:title\" content=\"CREES advierte sobre persistente carga fiscal por transferencias al sector el\u00e9ctrico | CREES\" \/>\n<meta property=\"og:description\" content=\"Autor: Propuesta Digital Fecha: 31 de octubre de 2025 Extra\u00eddo de: La Propuesta Digital CREES advierte sobre persistente carga fiscal por transferencias al sector el\u00e9ctrico Santo Domingo,\u00a031 oct. \u2013 Las transferencias del Gobierno central a las empresas distribuidoras de electricidad (EDE) contin\u00faan siendo una pesada carga para las finanzas p\u00fablicas dominicanas, advirti\u00f3 el Centro Regional...\" \/>\n<meta property=\"og:url\" content=\"https:\/\/crees.org.do\/?p=28987\" \/>\n<meta property=\"og:site_name\" content=\"CREES\" \/>\n<meta property=\"article:publisher\" content=\"https:\/\/www.facebook.com\/CREESRD\/\" \/>\n<meta property=\"article:published_time\" content=\"2025-11-07T13:45:01+00:00\" \/>\n<meta property=\"og:image\" content=\"https:\/\/crees.org.do\/wp-content\/uploads\/2025\/11\/SECTORELECTICO1.png\" \/>\n\t<meta property=\"og:image:width\" content=\"720\" \/>\n\t<meta property=\"og:image:height\" content=\"396\" \/>\n\t<meta property=\"og:image:type\" content=\"image\/png\" \/>\n<meta name=\"author\" content=\"Crees\" \/>\n<meta name=\"twitter:card\" content=\"summary_large_image\" \/>\n<meta name=\"twitter:creator\" content=\"@CREESRD\" \/>\n<meta name=\"twitter:site\" content=\"@CREESRD\" \/>\n<meta name=\"twitter:label1\" content=\"Escrito por\" \/>\n\t<meta name=\"twitter:data1\" content=\"Crees\" \/>\n\t<meta name=\"twitter:label2\" content=\"Tiempo de lectura\" \/>\n\t<meta name=\"twitter:data2\" content=\"2 minutos\" \/>\n<script type=\"application\/ld+json\" class=\"yoast-schema-graph\">{\"@context\":\"https:\/\/schema.org\",\"@graph\":[{\"@type\":\"Article\",\"@id\":\"https:\/\/crees.org.do\/?p=28987#article\",\"isPartOf\":{\"@id\":\"https:\/\/crees.org.do\/?p=28987\"},\"author\":{\"name\":\"Crees\",\"@id\":\"https:\/\/crees.org.do\/#\/schema\/person\/e7f97cd94d7bf9cd0e0ce30acb7d56b8\"},\"headline\":\"CREES advierte sobre persistente carga fiscal por transferencias al sector el\u00e9ctrico\",\"datePublished\":\"2025-11-07T13:45:01+00:00\",\"mainEntityOfPage\":{\"@id\":\"https:\/\/crees.org.do\/?p=28987\"},\"wordCount\":368,\"publisher\":{\"@id\":\"https:\/\/crees.org.do\/#organization\"},\"image\":{\"@id\":\"https:\/\/crees.org.do\/?p=28987#primaryimage\"},\"thumbnailUrl\":\"https:\/\/crees.org.do\/wp-content\/uploads\/2025\/11\/SECTORELECTICO1.png\",\"articleSection\":[\"Actualidad\"],\"inLanguage\":\"es\"},{\"@type\":\"WebPage\",\"@id\":\"https:\/\/crees.org.do\/?p=28987\",\"url\":\"https:\/\/crees.org.do\/?p=28987\",\"name\":\"CREES advierte sobre persistente carga fiscal por transferencias al sector el\u00e9ctrico | CREES\",\"isPartOf\":{\"@id\":\"https:\/\/crees.org.do\/#website\"},\"primaryImageOfPage\":{\"@id\":\"https:\/\/crees.org.do\/?p=28987#primaryimage\"},\"image\":{\"@id\":\"https:\/\/crees.org.do\/?p=28987#primaryimage\"},\"thumbnailUrl\":\"https:\/\/crees.org.do\/wp-content\/uploads\/2025\/11\/SECTORELECTICO1.png\",\"datePublished\":\"2025-11-07T13:45:01+00:00\",\"breadcrumb\":{\"@id\":\"https:\/\/crees.org.do\/?p=28987#breadcrumb\"},\"inLanguage\":\"es\",\"potentialAction\":[{\"@type\":\"ReadAction\",\"target\":[\"https:\/\/crees.org.do\/?p=28987\"]}]},{\"@type\":\"ImageObject\",\"inLanguage\":\"es\",\"@id\":\"https:\/\/crees.org.do\/?p=28987#primaryimage\",\"url\":\"https:\/\/crees.org.do\/wp-content\/uploads\/2025\/11\/SECTORELECTICO1.png\",\"contentUrl\":\"https:\/\/crees.org.do\/wp-content\/uploads\/2025\/11\/SECTORELECTICO1.png\",\"width\":720,\"height\":396},{\"@type\":\"BreadcrumbList\",\"@id\":\"https:\/\/crees.org.do\/?p=28987#breadcrumb\",\"itemListElement\":[{\"@type\":\"ListItem\",\"position\":1,\"name\":\"Portada\",\"item\":\"https:\/\/crees.org.do\/\"},{\"@type\":\"ListItem\",\"position\":2,\"name\":\"CREES advierte sobre persistente carga fiscal por transferencias al sector el\u00e9ctrico\"}]},{\"@type\":\"WebSite\",\"@id\":\"https:\/\/crees.org.do\/#website\",\"url\":\"https:\/\/crees.org.do\/\",\"name\":\"CREES\",\"description\":\"Centro Regional de Estrategias Econ\u00f3micas Sostenibles\",\"publisher\":{\"@id\":\"https:\/\/crees.org.do\/#organization\"},\"potentialAction\":[{\"@type\":\"SearchAction\",\"target\":{\"@type\":\"EntryPoint\",\"urlTemplate\":\"https:\/\/crees.org.do\/?s={search_term_string}\"},\"query-input\":{\"@type\":\"PropertyValueSpecification\",\"valueRequired\":true,\"valueName\":\"search_term_string\"}}],\"inLanguage\":\"es\"},{\"@type\":\"Organization\",\"@id\":\"https:\/\/crees.org.do\/#organization\",\"name\":\"CREES | Centro Regional de Estrategias Econ\u00f3micas Sostenibles\",\"url\":\"https:\/\/crees.org.do\/\",\"logo\":{\"@type\":\"ImageObject\",\"inLanguage\":\"es\",\"@id\":\"https:\/\/crees.org.do\/#\/schema\/logo\/image\/\",\"url\":\"https:\/\/crees.org.do\/wp-content\/uploads\/2022\/03\/crees-logo-1.jpg\",\"contentUrl\":\"https:\/\/crees.org.do\/wp-content\/uploads\/2022\/03\/crees-logo-1.jpg\",\"width\":244,\"height\":71,\"caption\":\"CREES | Centro Regional de Estrategias Econ\u00f3micas Sostenibles\"},\"image\":{\"@id\":\"https:\/\/crees.org.do\/#\/schema\/logo\/image\/\"},\"sameAs\":[\"https:\/\/www.facebook.com\/CREESRD\/\",\"https:\/\/x.com\/CREESRD\"]},{\"@type\":\"Person\",\"@id\":\"https:\/\/crees.org.do\/#\/schema\/person\/e7f97cd94d7bf9cd0e0ce30acb7d56b8\",\"name\":\"Crees\",\"image\":{\"@type\":\"ImageObject\",\"inLanguage\":\"es\",\"@id\":\"https:\/\/crees.org.do\/#\/schema\/person\/image\/\",\"url\":\"https:\/\/secure.gravatar.com\/avatar\/390ac8f0be5d9aa046152553e2dd7011b59a512d89c150f5e5f28bb8d9a0b165?s=96&d=mm&r=g\",\"contentUrl\":\"https:\/\/secure.gravatar.com\/avatar\/390ac8f0be5d9aa046152553e2dd7011b59a512d89c150f5e5f28bb8d9a0b165?s=96&d=mm&r=g\",\"caption\":\"Crees\"},\"url\":\"https:\/\/crees.org.do\/?author=2\"}]}<\/script>\n<!-- \/ Yoast SEO plugin. -->","yoast_head_json":{"title":"CREES advierte sobre persistente carga fiscal por transferencias al sector el\u00e9ctrico | CREES","robots":{"index":"index","follow":"follow","max-snippet":"max-snippet:-1","max-image-preview":"max-image-preview:large","max-video-preview":"max-video-preview:-1"},"canonical":"https:\/\/crees.org.do\/?p=28987","og_locale":"es_ES","og_type":"article","og_title":"CREES advierte sobre persistente carga fiscal por transferencias al sector el\u00e9ctrico | CREES","og_description":"Autor: Propuesta Digital Fecha: 31 de octubre de 2025 Extra\u00eddo de: La Propuesta Digital CREES advierte sobre persistente carga fiscal por transferencias al sector el\u00e9ctrico Santo Domingo,\u00a031 oct. \u2013 Las transferencias del Gobierno central a las empresas distribuidoras de electricidad (EDE) contin\u00faan siendo una pesada carga para las finanzas p\u00fablicas dominicanas, advirti\u00f3 el Centro Regional...","og_url":"https:\/\/crees.org.do\/?p=28987","og_site_name":"CREES","article_publisher":"https:\/\/www.facebook.com\/CREESRD\/","article_published_time":"2025-11-07T13:45:01+00:00","og_image":[{"width":720,"height":396,"url":"https:\/\/crees.org.do\/wp-content\/uploads\/2025\/11\/SECTORELECTICO1.png","type":"image\/png"}],"author":"Crees","twitter_card":"summary_large_image","twitter_creator":"@CREESRD","twitter_site":"@CREESRD","twitter_misc":{"Escrito por":"Crees","Tiempo de lectura":"2 minutos"},"schema":{"@context":"https:\/\/schema.org","@graph":[{"@type":"Article","@id":"https:\/\/crees.org.do\/?p=28987#article","isPartOf":{"@id":"https:\/\/crees.org.do\/?p=28987"},"author":{"name":"Crees","@id":"https:\/\/crees.org.do\/#\/schema\/person\/e7f97cd94d7bf9cd0e0ce30acb7d56b8"},"headline":"CREES advierte sobre persistente carga fiscal por transferencias al sector el\u00e9ctrico","datePublished":"2025-11-07T13:45:01+00:00","mainEntityOfPage":{"@id":"https:\/\/crees.org.do\/?p=28987"},"wordCount":368,"publisher":{"@id":"https:\/\/crees.org.do\/#organization"},"image":{"@id":"https:\/\/crees.org.do\/?p=28987#primaryimage"},"thumbnailUrl":"https:\/\/crees.org.do\/wp-content\/uploads\/2025\/11\/SECTORELECTICO1.png","articleSection":["Actualidad"],"inLanguage":"es"},{"@type":"WebPage","@id":"https:\/\/crees.org.do\/?p=28987","url":"https:\/\/crees.org.do\/?p=28987","name":"CREES advierte sobre persistente carga fiscal por transferencias al sector el\u00e9ctrico | CREES","isPartOf":{"@id":"https:\/\/crees.org.do\/#website"},"primaryImageOfPage":{"@id":"https:\/\/crees.org.do\/?p=28987#primaryimage"},"image":{"@id":"https:\/\/crees.org.do\/?p=28987#primaryimage"},"thumbnailUrl":"https:\/\/crees.org.do\/wp-content\/uploads\/2025\/11\/SECTORELECTICO1.png","datePublished":"2025-11-07T13:45:01+00:00","breadcrumb":{"@id":"https:\/\/crees.org.do\/?p=28987#breadcrumb"},"inLanguage":"es","potentialAction":[{"@type":"ReadAction","target":["https:\/\/crees.org.do\/?p=28987"]}]},{"@type":"ImageObject","inLanguage":"es","@id":"https:\/\/crees.org.do\/?p=28987#primaryimage","url":"https:\/\/crees.org.do\/wp-content\/uploads\/2025\/11\/SECTORELECTICO1.png","contentUrl":"https:\/\/crees.org.do\/wp-content\/uploads\/2025\/11\/SECTORELECTICO1.png","width":720,"height":396},{"@type":"BreadcrumbList","@id":"https:\/\/crees.org.do\/?p=28987#breadcrumb","itemListElement":[{"@type":"ListItem","position":1,"name":"Portada","item":"https:\/\/crees.org.do\/"},{"@type":"ListItem","position":2,"name":"CREES advierte sobre persistente carga fiscal por transferencias al sector el\u00e9ctrico"}]},{"@type":"WebSite","@id":"https:\/\/crees.org.do\/#website","url":"https:\/\/crees.org.do\/","name":"CREES","description":"Centro Regional de Estrategias Econ\u00f3micas Sostenibles","publisher":{"@id":"https:\/\/crees.org.do\/#organization"},"potentialAction":[{"@type":"SearchAction","target":{"@type":"EntryPoint","urlTemplate":"https:\/\/crees.org.do\/?s={search_term_string}"},"query-input":{"@type":"PropertyValueSpecification","valueRequired":true,"valueName":"search_term_string"}}],"inLanguage":"es"},{"@type":"Organization","@id":"https:\/\/crees.org.do\/#organization","name":"CREES | Centro Regional de Estrategias Econ\u00f3micas Sostenibles","url":"https:\/\/crees.org.do\/","logo":{"@type":"ImageObject","inLanguage":"es","@id":"https:\/\/crees.org.do\/#\/schema\/logo\/image\/","url":"https:\/\/crees.org.do\/wp-content\/uploads\/2022\/03\/crees-logo-1.jpg","contentUrl":"https:\/\/crees.org.do\/wp-content\/uploads\/2022\/03\/crees-logo-1.jpg","width":244,"height":71,"caption":"CREES | Centro Regional de Estrategias Econ\u00f3micas Sostenibles"},"image":{"@id":"https:\/\/crees.org.do\/#\/schema\/logo\/image\/"},"sameAs":["https:\/\/www.facebook.com\/CREESRD\/","https:\/\/x.com\/CREESRD"]},{"@type":"Person","@id":"https:\/\/crees.org.do\/#\/schema\/person\/e7f97cd94d7bf9cd0e0ce30acb7d56b8","name":"Crees","image":{"@type":"ImageObject","inLanguage":"es","@id":"https:\/\/crees.org.do\/#\/schema\/person\/image\/","url":"https:\/\/secure.gravatar.com\/avatar\/390ac8f0be5d9aa046152553e2dd7011b59a512d89c150f5e5f28bb8d9a0b165?s=96&d=mm&r=g","contentUrl":"https:\/\/secure.gravatar.com\/avatar\/390ac8f0be5d9aa046152553e2dd7011b59a512d89c150f5e5f28bb8d9a0b165?s=96&d=mm&r=g","caption":"Crees"},"url":"https:\/\/crees.org.do\/?author=2"}]}},"_links":{"self":[{"href":"https:\/\/crees.org.do\/index.php?rest_route=\/wp\/v2\/posts\/28987","targetHints":{"allow":["GET"]}}],"collection":[{"href":"https:\/\/crees.org.do\/index.php?rest_route=\/wp\/v2\/posts"}],"about":[{"href":"https:\/\/crees.org.do\/index.php?rest_route=\/wp\/v2\/types\/post"}],"author":[{"embeddable":true,"href":"https:\/\/crees.org.do\/index.php?rest_route=\/wp\/v2\/users\/2"}],"replies":[{"embeddable":true,"href":"https:\/\/crees.org.do\/index.php?rest_route=%2Fwp%2Fv2%2Fcomments&post=28987"}],"version-history":[{"count":1,"href":"https:\/\/crees.org.do\/index.php?rest_route=\/wp\/v2\/posts\/28987\/revisions"}],"predecessor-version":[{"id":28989,"href":"https:\/\/crees.org.do\/index.php?rest_route=\/wp\/v2\/posts\/28987\/revisions\/28989"}],"wp:featuredmedia":[{"embeddable":true,"href":"https:\/\/crees.org.do\/index.php?rest_route=\/wp\/v2\/media\/28988"}],"wp:attachment":[{"href":"https:\/\/crees.org.do\/index.php?rest_route=%2Fwp%2Fv2%2Fmedia&parent=28987"}],"wp:term":[{"taxonomy":"category","embeddable":true,"href":"https:\/\/crees.org.do\/index.php?rest_route=%2Fwp%2Fv2%2Fcategories&post=28987"},{"taxonomy":"post_tag","embeddable":true,"href":"https:\/\/crees.org.do\/index.php?rest_route=%2Fwp%2Fv2%2Ftags&post=28987"}],"curies":[{"name":"wp","href":"https:\/\/api.w.org\/{rel}","templated":true}]}}