{"id":29006,"date":"2025-11-19T15:36:27","date_gmt":"2025-11-19T15:36:27","guid":{"rendered":"https:\/\/crees.org.do\/?p=29006"},"modified":"2025-11-21T15:57:27","modified_gmt":"2025-11-21T15:57:27","slug":"el-impuesto-corporativo-de-republica-dominicana-entre-mas-altos","status":"publish","type":"post","link":"https:\/\/crees.org.do\/?p=29006","title":{"rendered":"El impuesto corporativo de Rep\u00fablica Dominicana entre m\u00e1s altos"},"content":{"rendered":"<h2><img fetchpriority=\"high\" decoding=\"async\" class=\"aligncenter wp-image-29043\" src=\"https:\/\/crees.org.do\/wp-content\/uploads\/2025\/11\/ISR-comparacion-scaled.png\" alt=\"\" width=\"896\" height=\"896\" srcset=\"https:\/\/crees.org.do\/wp-content\/uploads\/2025\/11\/ISR-comparacion-scaled.png 1200w, https:\/\/crees.org.do\/wp-content\/uploads\/2025\/11\/ISR-comparacion-450x450.png 450w, https:\/\/crees.org.do\/wp-content\/uploads\/2025\/11\/ISR-comparacion-2000x2000.png 2000w, https:\/\/crees.org.do\/wp-content\/uploads\/2025\/11\/ISR-comparacion-150x150.png 150w, https:\/\/crees.org.do\/wp-content\/uploads\/2025\/11\/ISR-comparacion-768x768.png 768w, https:\/\/crees.org.do\/wp-content\/uploads\/2025\/11\/ISR-comparacion-500x500.png 500w, https:\/\/crees.org.do\/wp-content\/uploads\/2025\/11\/ISR-comparacion-1536x1536.png 1536w, https:\/\/crees.org.do\/wp-content\/uploads\/2025\/11\/ISR-comparacion-2048x2048.png 2048w\" sizes=\"(max-width: 896px) 100vw, 896px\" \/><\/h2>\n<h2 style=\"text-align: justify;\"><strong>El impuesto corporativo de Rep\u00fablica Dominicana entre m\u00e1s altos<\/strong><\/h2>\n<p style=\"text-align: justify;\">Rep\u00fablica Dominicana aplica una tasa de impuesto sobre la renta corporativa de 27%, una de las m\u00e1s elevadas en comparaci\u00f3n con m\u00faltiples jurisdicciones alrededor del mundo. Y es que al menos 111 de 164 analizadas, es decir, 68% de las jurisdicciones cuentan con tasas m\u00e1s bajas que la dominicana. Por ejemplo, la tasa promedio de la Uni\u00f3n Europea se sit\u00faa en 17.5%, mientras que econom\u00edas que compiten activamente por atraer inversi\u00f3n\u2014como Singapur, Irlanda, Emiratos \u00c1rabes Unidos o Suiza\u2014 mantienen tasas entre 9% a 17%.<\/p>\n<p style=\"text-align: justify;\">La consecuencia directa de este diferencial es una menor competitividad. Evidencia reciente, como el \u00cdndice de Clima Empresarial (ICE) de la Asociaci\u00f3n de Industrias de la Rep\u00fablica Dominicana (AIRD), se\u00f1ala que la carga tributaria se ubica de forma recurrente entre los principales obst\u00e1culos para el desarrollo de negocios en el pa\u00eds. En un entorno global donde la competencia por capital es intensa, mantener una tasa relativamente alta limita el atractivo del pa\u00eds frente a alternativas con condiciones m\u00e1s favorables.<\/p>\n<p style=\"text-align: justify;\">El problema no radica solo en la tasa, sino tambi\u00e9n en la complejidad del sistema, caracterizado por reg\u00edmenes diferenciados, exenciones focalizadas y altos costos de cumplimiento. Esta estructura fragmentada genera distorsiones, desincentiva la formalizaci\u00f3n y dificulta la planificaci\u00f3n de largo plazo. Avanzar hacia un sistema m\u00e1s simple, competitivo y predecible ayudar\u00eda a fortalecer el tejido productivo.<\/p>\n<p style=\"text-align: justify;\">Un sistema tributario m\u00e1s competitivo no implica menor recaudaci\u00f3n. Por el contrario, al permitir mayor inversi\u00f3n, formalidad y productividad, se ampl\u00eda la base imponible y se construye una recaudaci\u00f3n sostenible, estable y menos dependiente de presiones sobre unos pocos contribuyentes formales.<\/p>\n<div class=\"pvc_clear\"><\/div>\n<p class=\"pvc_stats all \" data-element-id=\"29006\" style=\"\"><i class=\"pvc-stats-icon medium\" aria-hidden=\"true\"><svg aria-hidden=\"true\" focusable=\"false\" data-prefix=\"far\" data-icon=\"chart-bar\" role=\"img\" xmlns=\"http:\/\/www.w3.org\/2000\/svg\" viewBox=\"0 0 512 512\" class=\"svg-inline--fa fa-chart-bar fa-w-16 fa-2x\"><path fill=\"currentColor\" d=\"M396.8 352h22.4c6.4 0 12.8-6.4 12.8-12.8V108.8c0-6.4-6.4-12.8-12.8-12.8h-22.4c-6.4 0-12.8 6.4-12.8 12.8v230.4c0 6.4 6.4 12.8 12.8 12.8zm-192 0h22.4c6.4 0 12.8-6.4 12.8-12.8V140.8c0-6.4-6.4-12.8-12.8-12.8h-22.4c-6.4 0-12.8 6.4-12.8 12.8v198.4c0 6.4 6.4 12.8 12.8 12.8zm96 0h22.4c6.4 0 12.8-6.4 12.8-12.8V204.8c0-6.4-6.4-12.8-12.8-12.8h-22.4c-6.4 0-12.8 6.4-12.8 12.8v134.4c0 6.4 6.4 12.8 12.8 12.8zM496 400H48V80c0-8.84-7.16-16-16-16H16C7.16 64 0 71.16 0 80v336c0 17.67 14.33 32 32 32h464c8.84 0 16-7.16 16-16v-16c0-8.84-7.16-16-16-16zm-387.2-48h22.4c6.4 0 12.8-6.4 12.8-12.8v-70.4c0-6.4-6.4-12.8-12.8-12.8h-22.4c-6.4 0-12.8 6.4-12.8 12.8v70.4c0 6.4 6.4 12.8 12.8 12.8z\" class=\"\"><\/path><\/svg><\/i> Vistas Totales&nbsp;2,190&nbsp;, Vistas Hoy&nbsp;8&nbsp;<\/p>\n<div class=\"pvc_clear\"><\/div>\n","protected":false},"excerpt":{"rendered":"<p>El impuesto corporativo de Rep\u00fablica Dominicana entre m\u00e1s altos Rep\u00fablica Dominicana aplica una tasa de impuesto sobre la renta corporativa de 27%, una de las m\u00e1s elevadas en comparaci\u00f3n con m\u00faltiples jurisdicciones alrededor del mundo. Y es que al menos 111 de 164 analizadas, es decir, 68% de las jurisdicciones cuentan con tasas m\u00e1s bajas&#8230;<\/p>\n<div class=\"pvc_clear\"><\/div>\n<p class=\"pvc_stats all \" data-element-id=\"29006\" style=\"\"><i class=\"pvc-stats-icon medium\" aria-hidden=\"true\"><svg aria-hidden=\"true\" focusable=\"false\" data-prefix=\"far\" data-icon=\"chart-bar\" role=\"img\" xmlns=\"http:\/\/www.w3.org\/2000\/svg\" viewBox=\"0 0 512 512\" class=\"svg-inline--fa fa-chart-bar fa-w-16 fa-2x\"><path fill=\"currentColor\" d=\"M396.8 352h22.4c6.4 0 12.8-6.4 12.8-12.8V108.8c0-6.4-6.4-12.8-12.8-12.8h-22.4c-6.4 0-12.8 6.4-12.8 12.8v230.4c0 6.4 6.4 12.8 12.8 12.8zm-192 0h22.4c6.4 0 12.8-6.4 12.8-12.8V140.8c0-6.4-6.4-12.8-12.8-12.8h-22.4c-6.4 0-12.8 6.4-12.8 12.8v198.4c0 6.4 6.4 12.8 12.8 12.8zm96 0h22.4c6.4 0 12.8-6.4 12.8-12.8V204.8c0-6.4-6.4-12.8-12.8-12.8h-22.4c-6.4 0-12.8 6.4-12.8 12.8v134.4c0 6.4 6.4 12.8 12.8 12.8zM496 400H48V80c0-8.84-7.16-16-16-16H16C7.16 64 0 71.16 0 80v336c0 17.67 14.33 32 32 32h464c8.84 0 16-7.16 16-16v-16c0-8.84-7.16-16-16-16zm-387.2-48h22.4c6.4 0 12.8-6.4 12.8-12.8v-70.4c0-6.4-6.4-12.8-12.8-12.8h-22.4c-6.4 0-12.8 6.4-12.8 12.8v70.4c0 6.4 6.4 12.8 12.8 12.8z\" class=\"\"><\/path><\/svg><\/i> Vistas Totales&nbsp;2,190&nbsp;, Vistas Hoy&nbsp;8&nbsp;<\/p>\n<div class=\"pvc_clear\"><\/div>\n","protected":false},"author":2,"featured_media":29043,"comment_status":"closed","ping_status":"closed","sticky":false,"template":"","format":"standard","meta":{"footnotes":""},"categories":[21],"tags":[],"class_list":["post-29006","post","type-post","status-publish","format-standard","has-post-thumbnail","hentry","category-blog"],"yoast_head":"<!-- This site is optimized with the Yoast SEO plugin v25.2 - https:\/\/yoast.com\/wordpress\/plugins\/seo\/ -->\n<title>El impuesto corporativo de Rep\u00fablica Dominicana entre m\u00e1s altos | CREES<\/title>\n<meta name=\"robots\" content=\"index, follow, max-snippet:-1, max-image-preview:large, max-video-preview:-1\" \/>\n<link rel=\"canonical\" href=\"https:\/\/crees.org.do\/?p=29006\" \/>\n<meta property=\"og:locale\" content=\"es_ES\" \/>\n<meta property=\"og:type\" content=\"article\" \/>\n<meta property=\"og:title\" content=\"El impuesto corporativo de Rep\u00fablica Dominicana entre m\u00e1s altos | CREES\" \/>\n<meta property=\"og:description\" content=\"El impuesto corporativo de Rep\u00fablica Dominicana entre m\u00e1s altos Rep\u00fablica Dominicana aplica una tasa de impuesto sobre la renta corporativa de 27%, una de las m\u00e1s elevadas en comparaci\u00f3n con m\u00faltiples jurisdicciones alrededor del mundo. Y es que al menos 111 de 164 analizadas, es decir, 68% de las jurisdicciones cuentan con tasas m\u00e1s bajas...\" \/>\n<meta property=\"og:url\" content=\"https:\/\/crees.org.do\/?p=29006\" \/>\n<meta property=\"og:site_name\" content=\"CREES\" \/>\n<meta property=\"article:publisher\" content=\"https:\/\/www.facebook.com\/CREESRD\/\" \/>\n<meta property=\"article:published_time\" content=\"2025-11-19T15:36:27+00:00\" \/>\n<meta property=\"article:modified_time\" content=\"2025-11-21T15:57:27+00:00\" \/>\n<meta property=\"og:image\" content=\"https:\/\/crees.org.do\/wp-content\/uploads\/2025\/11\/ISR-comparacion-scaled.png\" \/>\n\t<meta property=\"og:image:width\" content=\"1200\" \/>\n\t<meta property=\"og:image:height\" content=\"1200\" \/>\n\t<meta property=\"og:image:type\" content=\"image\/png\" \/>\n<meta name=\"author\" content=\"Crees\" \/>\n<meta name=\"twitter:card\" content=\"summary_large_image\" \/>\n<meta name=\"twitter:creator\" content=\"@CREESRD\" \/>\n<meta name=\"twitter:site\" content=\"@CREESRD\" \/>\n<meta name=\"twitter:label1\" content=\"Escrito por\" \/>\n\t<meta name=\"twitter:data1\" content=\"Crees\" \/>\n\t<meta name=\"twitter:label2\" content=\"Tiempo de lectura\" \/>\n\t<meta name=\"twitter:data2\" content=\"1 minuto\" \/>\n<script type=\"application\/ld+json\" class=\"yoast-schema-graph\">{\"@context\":\"https:\/\/schema.org\",\"@graph\":[{\"@type\":\"Article\",\"@id\":\"https:\/\/crees.org.do\/?p=29006#article\",\"isPartOf\":{\"@id\":\"https:\/\/crees.org.do\/?p=29006\"},\"author\":{\"name\":\"Crees\",\"@id\":\"https:\/\/crees.org.do\/#\/schema\/person\/e7f97cd94d7bf9cd0e0ce30acb7d56b8\"},\"headline\":\"El impuesto corporativo de Rep\u00fablica Dominicana entre m\u00e1s altos\",\"datePublished\":\"2025-11-19T15:36:27+00:00\",\"dateModified\":\"2025-11-21T15:57:27+00:00\",\"mainEntityOfPage\":{\"@id\":\"https:\/\/crees.org.do\/?p=29006\"},\"wordCount\":303,\"publisher\":{\"@id\":\"https:\/\/crees.org.do\/#organization\"},\"image\":{\"@id\":\"https:\/\/crees.org.do\/?p=29006#primaryimage\"},\"thumbnailUrl\":\"https:\/\/crees.org.do\/wp-content\/uploads\/2025\/11\/ISR-comparacion-scaled.png\",\"articleSection\":[\"Blog\"],\"inLanguage\":\"es\"},{\"@type\":\"WebPage\",\"@id\":\"https:\/\/crees.org.do\/?p=29006\",\"url\":\"https:\/\/crees.org.do\/?p=29006\",\"name\":\"El impuesto corporativo de Rep\u00fablica Dominicana entre m\u00e1s altos | CREES\",\"isPartOf\":{\"@id\":\"https:\/\/crees.org.do\/#website\"},\"primaryImageOfPage\":{\"@id\":\"https:\/\/crees.org.do\/?p=29006#primaryimage\"},\"image\":{\"@id\":\"https:\/\/crees.org.do\/?p=29006#primaryimage\"},\"thumbnailUrl\":\"https:\/\/crees.org.do\/wp-content\/uploads\/2025\/11\/ISR-comparacion-scaled.png\",\"datePublished\":\"2025-11-19T15:36:27+00:00\",\"dateModified\":\"2025-11-21T15:57:27+00:00\",\"breadcrumb\":{\"@id\":\"https:\/\/crees.org.do\/?p=29006#breadcrumb\"},\"inLanguage\":\"es\",\"potentialAction\":[{\"@type\":\"ReadAction\",\"target\":[\"https:\/\/crees.org.do\/?p=29006\"]}]},{\"@type\":\"ImageObject\",\"inLanguage\":\"es\",\"@id\":\"https:\/\/crees.org.do\/?p=29006#primaryimage\",\"url\":\"https:\/\/crees.org.do\/wp-content\/uploads\/2025\/11\/ISR-comparacion-scaled.png\",\"contentUrl\":\"https:\/\/crees.org.do\/wp-content\/uploads\/2025\/11\/ISR-comparacion-scaled.png\",\"width\":1200,\"height\":1200},{\"@type\":\"BreadcrumbList\",\"@id\":\"https:\/\/crees.org.do\/?p=29006#breadcrumb\",\"itemListElement\":[{\"@type\":\"ListItem\",\"position\":1,\"name\":\"Portada\",\"item\":\"https:\/\/crees.org.do\/\"},{\"@type\":\"ListItem\",\"position\":2,\"name\":\"El impuesto corporativo de Rep\u00fablica Dominicana entre m\u00e1s altos\"}]},{\"@type\":\"WebSite\",\"@id\":\"https:\/\/crees.org.do\/#website\",\"url\":\"https:\/\/crees.org.do\/\",\"name\":\"CREES\",\"description\":\"Centro Regional de Estrategias Econ\u00f3micas Sostenibles\",\"publisher\":{\"@id\":\"https:\/\/crees.org.do\/#organization\"},\"potentialAction\":[{\"@type\":\"SearchAction\",\"target\":{\"@type\":\"EntryPoint\",\"urlTemplate\":\"https:\/\/crees.org.do\/?s={search_term_string}\"},\"query-input\":{\"@type\":\"PropertyValueSpecification\",\"valueRequired\":true,\"valueName\":\"search_term_string\"}}],\"inLanguage\":\"es\"},{\"@type\":\"Organization\",\"@id\":\"https:\/\/crees.org.do\/#organization\",\"name\":\"CREES | Centro Regional de Estrategias Econ\u00f3micas Sostenibles\",\"url\":\"https:\/\/crees.org.do\/\",\"logo\":{\"@type\":\"ImageObject\",\"inLanguage\":\"es\",\"@id\":\"https:\/\/crees.org.do\/#\/schema\/logo\/image\/\",\"url\":\"https:\/\/crees.org.do\/wp-content\/uploads\/2022\/03\/crees-logo-1.jpg\",\"contentUrl\":\"https:\/\/crees.org.do\/wp-content\/uploads\/2022\/03\/crees-logo-1.jpg\",\"width\":244,\"height\":71,\"caption\":\"CREES | Centro Regional de Estrategias Econ\u00f3micas Sostenibles\"},\"image\":{\"@id\":\"https:\/\/crees.org.do\/#\/schema\/logo\/image\/\"},\"sameAs\":[\"https:\/\/www.facebook.com\/CREESRD\/\",\"https:\/\/x.com\/CREESRD\"]},{\"@type\":\"Person\",\"@id\":\"https:\/\/crees.org.do\/#\/schema\/person\/e7f97cd94d7bf9cd0e0ce30acb7d56b8\",\"name\":\"Crees\",\"image\":{\"@type\":\"ImageObject\",\"inLanguage\":\"es\",\"@id\":\"https:\/\/crees.org.do\/#\/schema\/person\/image\/\",\"url\":\"https:\/\/secure.gravatar.com\/avatar\/390ac8f0be5d9aa046152553e2dd7011b59a512d89c150f5e5f28bb8d9a0b165?s=96&d=mm&r=g\",\"contentUrl\":\"https:\/\/secure.gravatar.com\/avatar\/390ac8f0be5d9aa046152553e2dd7011b59a512d89c150f5e5f28bb8d9a0b165?s=96&d=mm&r=g\",\"caption\":\"Crees\"},\"url\":\"https:\/\/crees.org.do\/?author=2\"}]}<\/script>\n<!-- \/ Yoast SEO plugin. -->","yoast_head_json":{"title":"El impuesto corporativo de Rep\u00fablica Dominicana entre m\u00e1s altos | CREES","robots":{"index":"index","follow":"follow","max-snippet":"max-snippet:-1","max-image-preview":"max-image-preview:large","max-video-preview":"max-video-preview:-1"},"canonical":"https:\/\/crees.org.do\/?p=29006","og_locale":"es_ES","og_type":"article","og_title":"El impuesto corporativo de Rep\u00fablica Dominicana entre m\u00e1s altos | CREES","og_description":"El impuesto corporativo de Rep\u00fablica Dominicana entre m\u00e1s altos Rep\u00fablica Dominicana aplica una tasa de impuesto sobre la renta corporativa de 27%, una de las m\u00e1s elevadas en comparaci\u00f3n con m\u00faltiples jurisdicciones alrededor del mundo. Y es que al menos 111 de 164 analizadas, es decir, 68% de las jurisdicciones cuentan con tasas m\u00e1s bajas...","og_url":"https:\/\/crees.org.do\/?p=29006","og_site_name":"CREES","article_publisher":"https:\/\/www.facebook.com\/CREESRD\/","article_published_time":"2025-11-19T15:36:27+00:00","article_modified_time":"2025-11-21T15:57:27+00:00","og_image":[{"width":1200,"height":1200,"url":"https:\/\/crees.org.do\/wp-content\/uploads\/2025\/11\/ISR-comparacion-scaled.png","type":"image\/png"}],"author":"Crees","twitter_card":"summary_large_image","twitter_creator":"@CREESRD","twitter_site":"@CREESRD","twitter_misc":{"Escrito por":"Crees","Tiempo de lectura":"1 minuto"},"schema":{"@context":"https:\/\/schema.org","@graph":[{"@type":"Article","@id":"https:\/\/crees.org.do\/?p=29006#article","isPartOf":{"@id":"https:\/\/crees.org.do\/?p=29006"},"author":{"name":"Crees","@id":"https:\/\/crees.org.do\/#\/schema\/person\/e7f97cd94d7bf9cd0e0ce30acb7d56b8"},"headline":"El impuesto corporativo de Rep\u00fablica Dominicana entre m\u00e1s altos","datePublished":"2025-11-19T15:36:27+00:00","dateModified":"2025-11-21T15:57:27+00:00","mainEntityOfPage":{"@id":"https:\/\/crees.org.do\/?p=29006"},"wordCount":303,"publisher":{"@id":"https:\/\/crees.org.do\/#organization"},"image":{"@id":"https:\/\/crees.org.do\/?p=29006#primaryimage"},"thumbnailUrl":"https:\/\/crees.org.do\/wp-content\/uploads\/2025\/11\/ISR-comparacion-scaled.png","articleSection":["Blog"],"inLanguage":"es"},{"@type":"WebPage","@id":"https:\/\/crees.org.do\/?p=29006","url":"https:\/\/crees.org.do\/?p=29006","name":"El impuesto corporativo de Rep\u00fablica Dominicana entre m\u00e1s altos | CREES","isPartOf":{"@id":"https:\/\/crees.org.do\/#website"},"primaryImageOfPage":{"@id":"https:\/\/crees.org.do\/?p=29006#primaryimage"},"image":{"@id":"https:\/\/crees.org.do\/?p=29006#primaryimage"},"thumbnailUrl":"https:\/\/crees.org.do\/wp-content\/uploads\/2025\/11\/ISR-comparacion-scaled.png","datePublished":"2025-11-19T15:36:27+00:00","dateModified":"2025-11-21T15:57:27+00:00","breadcrumb":{"@id":"https:\/\/crees.org.do\/?p=29006#breadcrumb"},"inLanguage":"es","potentialAction":[{"@type":"ReadAction","target":["https:\/\/crees.org.do\/?p=29006"]}]},{"@type":"ImageObject","inLanguage":"es","@id":"https:\/\/crees.org.do\/?p=29006#primaryimage","url":"https:\/\/crees.org.do\/wp-content\/uploads\/2025\/11\/ISR-comparacion-scaled.png","contentUrl":"https:\/\/crees.org.do\/wp-content\/uploads\/2025\/11\/ISR-comparacion-scaled.png","width":1200,"height":1200},{"@type":"BreadcrumbList","@id":"https:\/\/crees.org.do\/?p=29006#breadcrumb","itemListElement":[{"@type":"ListItem","position":1,"name":"Portada","item":"https:\/\/crees.org.do\/"},{"@type":"ListItem","position":2,"name":"El impuesto corporativo de Rep\u00fablica Dominicana entre m\u00e1s altos"}]},{"@type":"WebSite","@id":"https:\/\/crees.org.do\/#website","url":"https:\/\/crees.org.do\/","name":"CREES","description":"Centro Regional de Estrategias Econ\u00f3micas Sostenibles","publisher":{"@id":"https:\/\/crees.org.do\/#organization"},"potentialAction":[{"@type":"SearchAction","target":{"@type":"EntryPoint","urlTemplate":"https:\/\/crees.org.do\/?s={search_term_string}"},"query-input":{"@type":"PropertyValueSpecification","valueRequired":true,"valueName":"search_term_string"}}],"inLanguage":"es"},{"@type":"Organization","@id":"https:\/\/crees.org.do\/#organization","name":"CREES | Centro Regional de Estrategias Econ\u00f3micas Sostenibles","url":"https:\/\/crees.org.do\/","logo":{"@type":"ImageObject","inLanguage":"es","@id":"https:\/\/crees.org.do\/#\/schema\/logo\/image\/","url":"https:\/\/crees.org.do\/wp-content\/uploads\/2022\/03\/crees-logo-1.jpg","contentUrl":"https:\/\/crees.org.do\/wp-content\/uploads\/2022\/03\/crees-logo-1.jpg","width":244,"height":71,"caption":"CREES | Centro Regional de Estrategias Econ\u00f3micas Sostenibles"},"image":{"@id":"https:\/\/crees.org.do\/#\/schema\/logo\/image\/"},"sameAs":["https:\/\/www.facebook.com\/CREESRD\/","https:\/\/x.com\/CREESRD"]},{"@type":"Person","@id":"https:\/\/crees.org.do\/#\/schema\/person\/e7f97cd94d7bf9cd0e0ce30acb7d56b8","name":"Crees","image":{"@type":"ImageObject","inLanguage":"es","@id":"https:\/\/crees.org.do\/#\/schema\/person\/image\/","url":"https:\/\/secure.gravatar.com\/avatar\/390ac8f0be5d9aa046152553e2dd7011b59a512d89c150f5e5f28bb8d9a0b165?s=96&d=mm&r=g","contentUrl":"https:\/\/secure.gravatar.com\/avatar\/390ac8f0be5d9aa046152553e2dd7011b59a512d89c150f5e5f28bb8d9a0b165?s=96&d=mm&r=g","caption":"Crees"},"url":"https:\/\/crees.org.do\/?author=2"}]}},"_links":{"self":[{"href":"https:\/\/crees.org.do\/index.php?rest_route=\/wp\/v2\/posts\/29006","targetHints":{"allow":["GET"]}}],"collection":[{"href":"https:\/\/crees.org.do\/index.php?rest_route=\/wp\/v2\/posts"}],"about":[{"href":"https:\/\/crees.org.do\/index.php?rest_route=\/wp\/v2\/types\/post"}],"author":[{"embeddable":true,"href":"https:\/\/crees.org.do\/index.php?rest_route=\/wp\/v2\/users\/2"}],"replies":[{"embeddable":true,"href":"https:\/\/crees.org.do\/index.php?rest_route=%2Fwp%2Fv2%2Fcomments&post=29006"}],"version-history":[{"count":3,"href":"https:\/\/crees.org.do\/index.php?rest_route=\/wp\/v2\/posts\/29006\/revisions"}],"predecessor-version":[{"id":29045,"href":"https:\/\/crees.org.do\/index.php?rest_route=\/wp\/v2\/posts\/29006\/revisions\/29045"}],"wp:featuredmedia":[{"embeddable":true,"href":"https:\/\/crees.org.do\/index.php?rest_route=\/wp\/v2\/media\/29043"}],"wp:attachment":[{"href":"https:\/\/crees.org.do\/index.php?rest_route=%2Fwp%2Fv2%2Fmedia&parent=29006"}],"wp:term":[{"taxonomy":"category","embeddable":true,"href":"https:\/\/crees.org.do\/index.php?rest_route=%2Fwp%2Fv2%2Fcategories&post=29006"},{"taxonomy":"post_tag","embeddable":true,"href":"https:\/\/crees.org.do\/index.php?rest_route=%2Fwp%2Fv2%2Ftags&post=29006"}],"curies":[{"name":"wp","href":"https:\/\/api.w.org\/{rel}","templated":true}]}}