{"id":29012,"date":"2025-11-20T20:06:09","date_gmt":"2025-11-20T20:06:09","guid":{"rendered":"https:\/\/crees.org.do\/?p=29012"},"modified":"2025-11-21T16:33:16","modified_gmt":"2025-11-21T16:33:16","slug":"cuando-la-economia-nos-lleva-al-socialismo","status":"publish","type":"post","link":"https:\/\/crees.org.do\/?p=29012","title":{"rendered":"Cuando la econom\u00eda nos lleva al socialismo"},"content":{"rendered":"<p style=\"text-align: justify;\">Autor: Miguel Collado Di Franco<\/p>\n<p style=\"text-align: justify;\">Fecha: 20 de noviembre de 2025<\/p>\n<h2 style=\"text-align: justify;\"><strong>Cuando la econom\u00eda nos lleva al socialismo<\/strong><\/h2>\n<p style=\"text-align: justify;\">Uno observa las noticias que aparecen en los medios, lee las opiniones de los funcionarios del \u00e1rea econ\u00f3mica, entra a los chats de economistas, y surgen preocupaciones sobre el di\u00e1logo econ\u00f3mico. Por ejemplo, se habla de la salvaci\u00f3n por medio de tasas de inter\u00e9s m\u00e1s bajas, sin una teor\u00eda del capital que sustente esa opini\u00f3n. \u00bfSe le explica a la gente, quienes deber\u00edan aprender econom\u00eda de los economistas, que la tasa de inter\u00e9s resulta del ahorro? Las tasas bajan cuando las personas pueden ahorrar, que es lo mismo que postergar consumo hacia el futuro. Ese consumo postergado, en forma de fondos prestables, provoca que bajen las tasas de inter\u00e9s, promoviendo m\u00e1s inversiones, mayor cantidad de capital y generando mayor riqueza.<\/p>\n<p style=\"text-align: justify;\">Sin embargo, como esa parte de la econom\u00eda, y muchas otras, se han perdido entre los mismos economistas, a la gente se le proporciona la idea de que todo se resuelve a golpe de medidas artificiales. Los ministerios, los gobernantes, los bancos centrales; basados en decisiones pol\u00edticas, pretenden sustituir a la ciencia econ\u00f3mica.<\/p>\n<p style=\"text-align: justify;\">En la Edad Media, los escol\u00e1sticos entendieron la tasa de inter\u00e9s, los precios y otros elementos que tienen que ver con el accionar de las personas. La ciencia econ\u00f3mica cada vez pierde esa tradici\u00f3n: tener en su centro el estudio del comportamiento humano. Se ha abandonado esa esencia para enfocar las pol\u00edticas en el control de la vida de las personas.<\/p>\n<p style=\"text-align: justify;\">La intervenci\u00f3n sobre las vidas de los ciudadanos, en consecuencia, se vuelve la norma. La salvaci\u00f3n por medio de la pol\u00edtica es la voz que se escucha a diario en los medios de comunicaci\u00f3n. Muchas veces los periodistas no pueden enfocar los problemas de la manera adecuada, o hacer las preguntas relevantes, porque quienes dominan la ciencia econ\u00f3mica tambi\u00e9n los han confundido.<\/p>\n<p style=\"text-align: justify;\">Que la inflaci\u00f3n de los alimentos haya crecido m\u00e1s de 40% entre octubre de 2020 y octubre de 2025 encontrar\u00e1 una explicaci\u00f3n. Los economistas siempre tendr\u00e1n una justificaci\u00f3n para el control estatal de la moneda y la p\u00e9rdida de valor de esta; no solo en Rep\u00fablica Dominicana.<\/p>\n<p style=\"text-align: justify;\">Ese impuesto inflacionario se combina con los impuestos que deben pagar los ciudadanos al fisco. Porque en base a elementos sin fundamentos reales, los economistas les dieron la excusa a los pol\u00edticos de corregir supuestas fallas del mercado. Por eso deben gastar el ingreso de los ciudadanos; y endeudarse con el aval de los impuestos que luego les cobrar\u00e1n.<\/p>\n<p style=\"text-align: justify;\">Deirdre McCloskey identific\u00f3 en un art\u00edculo acad\u00e9mico de 2018 un total de 108 fallas\/justificaciones de intervenci\u00f3n estatal. Mientras otras ciencias avanzan con el tiempo, la ciencia econ\u00f3mica, como predomina hoy en d\u00eda, acumula falacias y aberraciones. Cuando McCloskey elabor\u00f3 la lista, las \u00faltimas falacias proven\u00edan de la se\u00f1ora Mazzucatto y del se\u00f1or Piketty. La lista ha seguido en aumento.<\/p>\n<p style=\"text-align: justify;\">El economista justificar\u00e1 que quien gobierna pueda gastar m\u00e1s y tener mayor poder sobre los ciudadanos. No importa si el servicio brindado por el gobierno sea m\u00e1s ineficiente que el que pueden proveerse los mismos ciudadanos. Importa decir que esos bienes p\u00fablicos son imprescindibles y son gratuitos. \u00bfQui\u00e9n puede argumentar en contra de la benevolencia p\u00fablica? Hacerlo parecer\u00eda de insensibles. Sin embargo, no ser\u00eda m\u00e1s que ir en contra de falacias que se repiten a diario, y que de tanto repetirlas se vuelven las verdades que predominan en las pol\u00edticas p\u00fablicas.<\/p>\n<p style=\"text-align: justify;\">El pensamiento de los llamados de derecha, de centro y los de izquierda es igual en este sentido; incluso lo que ahora llaman liberalismo, la nueva etiqueta que ha sustituido al neoliberalismo. Todos comparten una manera de gobernar que se llama intervencionismo. Y ese intervencionismo estatal controla la libertad, la vida y los bienes de las personas.<\/p>\n<p style=\"text-align: justify;\">Hay que solicitarle al gobierno que devuelva a las personas recursos de exenciones impositivas, como es el caso de la indexaci\u00f3n salarial que se debate en estos d\u00edas. Y el gobierno dir\u00e1 que ese dinero es suyo, y que lo necesita para gastarlo en beneficio de los ciudadanos. La distorsi\u00f3n se hace a\u00fan mayor cuando a los recursos que tienen los ciudadanos, que no cedieron en forma de impuestos, se les llama &#8220;gasto tributario&#8221;. La frase implica que ese dinero pertenece a la clase pol\u00edtica, al gobierno.<\/p>\n<p style=\"text-align: justify;\">Parece que los economistas no est\u00e1n en capacidad de explicar a los ciudadanos que bajo ciertas instituciones que propician la acumulaci\u00f3n de capital y la innovaci\u00f3n, las personas generan prosperidad generalizada de manera espont\u00e1nea, independencia de la clase pol\u00edtica (libertad), movilidad socioecon\u00f3mica, y paz social. Esa debe ser la ense\u00f1anza del economista, como lo era d\u00e9cadas atr\u00e1s.<\/p>\n<p style=\"text-align: justify;\">Por donde quiera que se observe, el economista ha dejado su funci\u00f3n de educar y se ha convertido en un ente que sirve al pol\u00edtico de turno, o al que est\u00e1 en la oposici\u00f3n esperando llegar al poder, o al empresario que busca privilegios. No hay econom\u00eda, todo es pol\u00edtica.<\/p>\n<p style=\"text-align: justify;\">Con el tiempo, el intervencionismo adquiere un matiz peor; una forma de intervenci\u00f3n que se llama socialismo. Cuando los pa\u00edses se enfilan en ese rumbo, quienes s\u00ed asumen el apostolado de la ciencia econ\u00f3mica no deben quedarse indiferentes. Por eso hay que decir estas cosas, aunque sean inc\u00f3modas.<\/p>\n<div class=\"pvc_clear\"><\/div>\n<p class=\"pvc_stats all \" data-element-id=\"29012\" style=\"\"><i class=\"pvc-stats-icon medium\" aria-hidden=\"true\"><svg aria-hidden=\"true\" focusable=\"false\" data-prefix=\"far\" data-icon=\"chart-bar\" role=\"img\" xmlns=\"http:\/\/www.w3.org\/2000\/svg\" viewBox=\"0 0 512 512\" class=\"svg-inline--fa fa-chart-bar fa-w-16 fa-2x\"><path fill=\"currentColor\" d=\"M396.8 352h22.4c6.4 0 12.8-6.4 12.8-12.8V108.8c0-6.4-6.4-12.8-12.8-12.8h-22.4c-6.4 0-12.8 6.4-12.8 12.8v230.4c0 6.4 6.4 12.8 12.8 12.8zm-192 0h22.4c6.4 0 12.8-6.4 12.8-12.8V140.8c0-6.4-6.4-12.8-12.8-12.8h-22.4c-6.4 0-12.8 6.4-12.8 12.8v198.4c0 6.4 6.4 12.8 12.8 12.8zm96 0h22.4c6.4 0 12.8-6.4 12.8-12.8V204.8c0-6.4-6.4-12.8-12.8-12.8h-22.4c-6.4 0-12.8 6.4-12.8 12.8v134.4c0 6.4 6.4 12.8 12.8 12.8zM496 400H48V80c0-8.84-7.16-16-16-16H16C7.16 64 0 71.16 0 80v336c0 17.67 14.33 32 32 32h464c8.84 0 16-7.16 16-16v-16c0-8.84-7.16-16-16-16zm-387.2-48h22.4c6.4 0 12.8-6.4 12.8-12.8v-70.4c0-6.4-6.4-12.8-12.8-12.8h-22.4c-6.4 0-12.8 6.4-12.8 12.8v70.4c0 6.4 6.4 12.8 12.8 12.8z\" class=\"\"><\/path><\/svg><\/i> Vistas Totales&nbsp;1,089&nbsp;, Vistas Hoy&nbsp;2&nbsp;<\/p>\n<div class=\"pvc_clear\"><\/div>\n","protected":false},"excerpt":{"rendered":"<p>Autor: Miguel Collado Di Franco Fecha: 20 de noviembre de 2025 Cuando la econom\u00eda nos lleva al socialismo Uno observa las noticias que aparecen en los medios, lee las opiniones de los funcionarios del \u00e1rea econ\u00f3mica, entra a los chats de economistas, y surgen preocupaciones sobre el di\u00e1logo econ\u00f3mico. Por ejemplo, se habla de la&#8230;<\/p>\n<div class=\"pvc_clear\"><\/div>\n<p class=\"pvc_stats all \" data-element-id=\"29012\" style=\"\"><i class=\"pvc-stats-icon medium\" aria-hidden=\"true\"><svg aria-hidden=\"true\" focusable=\"false\" data-prefix=\"far\" data-icon=\"chart-bar\" role=\"img\" xmlns=\"http:\/\/www.w3.org\/2000\/svg\" viewBox=\"0 0 512 512\" class=\"svg-inline--fa fa-chart-bar fa-w-16 fa-2x\"><path fill=\"currentColor\" d=\"M396.8 352h22.4c6.4 0 12.8-6.4 12.8-12.8V108.8c0-6.4-6.4-12.8-12.8-12.8h-22.4c-6.4 0-12.8 6.4-12.8 12.8v230.4c0 6.4 6.4 12.8 12.8 12.8zm-192 0h22.4c6.4 0 12.8-6.4 12.8-12.8V140.8c0-6.4-6.4-12.8-12.8-12.8h-22.4c-6.4 0-12.8 6.4-12.8 12.8v198.4c0 6.4 6.4 12.8 12.8 12.8zm96 0h22.4c6.4 0 12.8-6.4 12.8-12.8V204.8c0-6.4-6.4-12.8-12.8-12.8h-22.4c-6.4 0-12.8 6.4-12.8 12.8v134.4c0 6.4 6.4 12.8 12.8 12.8zM496 400H48V80c0-8.84-7.16-16-16-16H16C7.16 64 0 71.16 0 80v336c0 17.67 14.33 32 32 32h464c8.84 0 16-7.16 16-16v-16c0-8.84-7.16-16-16-16zm-387.2-48h22.4c6.4 0 12.8-6.4 12.8-12.8v-70.4c0-6.4-6.4-12.8-12.8-12.8h-22.4c-6.4 0-12.8 6.4-12.8 12.8v70.4c0 6.4 6.4 12.8 12.8 12.8z\" class=\"\"><\/path><\/svg><\/i> Vistas Totales&nbsp;1,089&nbsp;, Vistas Hoy&nbsp;2&nbsp;<\/p>\n<div class=\"pvc_clear\"><\/div>\n","protected":false},"author":2,"featured_media":29046,"comment_status":"closed","ping_status":"closed","sticky":false,"template":"","format":"standard","meta":{"footnotes":""},"categories":[22],"tags":[],"class_list":["post-29012","post","type-post","status-publish","format-standard","has-post-thumbnail","hentry","category-articulos"],"yoast_head":"<!-- This site is optimized with the Yoast SEO plugin v25.2 - https:\/\/yoast.com\/wordpress\/plugins\/seo\/ -->\n<title>Cuando la econom\u00eda nos lleva al socialismo | CREES<\/title>\n<meta name=\"robots\" content=\"index, follow, max-snippet:-1, max-image-preview:large, max-video-preview:-1\" \/>\n<link rel=\"canonical\" href=\"https:\/\/crees.org.do\/?p=29012\" \/>\n<meta property=\"og:locale\" content=\"es_ES\" \/>\n<meta property=\"og:type\" content=\"article\" \/>\n<meta property=\"og:title\" content=\"Cuando la econom\u00eda nos lleva al socialismo | CREES\" \/>\n<meta property=\"og:description\" content=\"Autor: Miguel Collado Di Franco Fecha: 20 de noviembre de 2025 Cuando la econom\u00eda nos lleva al socialismo Uno observa las noticias que aparecen en los medios, lee las opiniones de los funcionarios del \u00e1rea econ\u00f3mica, entra a los chats de economistas, y surgen preocupaciones sobre el di\u00e1logo econ\u00f3mico. Por ejemplo, se habla de la...\" \/>\n<meta property=\"og:url\" content=\"https:\/\/crees.org.do\/?p=29012\" \/>\n<meta property=\"og:site_name\" content=\"CREES\" \/>\n<meta property=\"article:publisher\" content=\"https:\/\/www.facebook.com\/CREESRD\/\" \/>\n<meta property=\"article:published_time\" content=\"2025-11-20T20:06:09+00:00\" \/>\n<meta property=\"article:modified_time\" content=\"2025-11-21T16:33:16+00:00\" \/>\n<meta property=\"og:image\" content=\"https:\/\/crees.org.do\/wp-content\/uploads\/2025\/11\/Slide-1-copy-49-10-scaled.png\" \/>\n\t<meta property=\"og:image:width\" content=\"1200\" \/>\n\t<meta property=\"og:image:height\" content=\"1200\" \/>\n\t<meta property=\"og:image:type\" content=\"image\/png\" \/>\n<meta name=\"author\" content=\"Crees\" \/>\n<meta name=\"twitter:card\" content=\"summary_large_image\" \/>\n<meta name=\"twitter:creator\" content=\"@CREESRD\" \/>\n<meta name=\"twitter:site\" content=\"@CREESRD\" \/>\n<meta name=\"twitter:label1\" content=\"Escrito por\" \/>\n\t<meta name=\"twitter:data1\" content=\"Crees\" \/>\n\t<meta name=\"twitter:label2\" content=\"Tiempo de lectura\" \/>\n\t<meta name=\"twitter:data2\" content=\"5 minutos\" \/>\n<script type=\"application\/ld+json\" class=\"yoast-schema-graph\">{\"@context\":\"https:\/\/schema.org\",\"@graph\":[{\"@type\":\"Article\",\"@id\":\"https:\/\/crees.org.do\/?p=29012#article\",\"isPartOf\":{\"@id\":\"https:\/\/crees.org.do\/?p=29012\"},\"author\":{\"name\":\"Crees\",\"@id\":\"https:\/\/crees.org.do\/#\/schema\/person\/e7f97cd94d7bf9cd0e0ce30acb7d56b8\"},\"headline\":\"Cuando la econom\u00eda nos lleva al socialismo\",\"datePublished\":\"2025-11-20T20:06:09+00:00\",\"dateModified\":\"2025-11-21T16:33:16+00:00\",\"mainEntityOfPage\":{\"@id\":\"https:\/\/crees.org.do\/?p=29012\"},\"wordCount\":949,\"publisher\":{\"@id\":\"https:\/\/crees.org.do\/#organization\"},\"image\":{\"@id\":\"https:\/\/crees.org.do\/?p=29012#primaryimage\"},\"thumbnailUrl\":\"https:\/\/crees.org.do\/wp-content\/uploads\/2025\/11\/Slide-1-copy-49-10-scaled.png\",\"articleSection\":[\"Art\u00edculos\"],\"inLanguage\":\"es\"},{\"@type\":\"WebPage\",\"@id\":\"https:\/\/crees.org.do\/?p=29012\",\"url\":\"https:\/\/crees.org.do\/?p=29012\",\"name\":\"Cuando la econom\u00eda nos lleva al socialismo | CREES\",\"isPartOf\":{\"@id\":\"https:\/\/crees.org.do\/#website\"},\"primaryImageOfPage\":{\"@id\":\"https:\/\/crees.org.do\/?p=29012#primaryimage\"},\"image\":{\"@id\":\"https:\/\/crees.org.do\/?p=29012#primaryimage\"},\"thumbnailUrl\":\"https:\/\/crees.org.do\/wp-content\/uploads\/2025\/11\/Slide-1-copy-49-10-scaled.png\",\"datePublished\":\"2025-11-20T20:06:09+00:00\",\"dateModified\":\"2025-11-21T16:33:16+00:00\",\"breadcrumb\":{\"@id\":\"https:\/\/crees.org.do\/?p=29012#breadcrumb\"},\"inLanguage\":\"es\",\"potentialAction\":[{\"@type\":\"ReadAction\",\"target\":[\"https:\/\/crees.org.do\/?p=29012\"]}]},{\"@type\":\"ImageObject\",\"inLanguage\":\"es\",\"@id\":\"https:\/\/crees.org.do\/?p=29012#primaryimage\",\"url\":\"https:\/\/crees.org.do\/wp-content\/uploads\/2025\/11\/Slide-1-copy-49-10-scaled.png\",\"contentUrl\":\"https:\/\/crees.org.do\/wp-content\/uploads\/2025\/11\/Slide-1-copy-49-10-scaled.png\",\"width\":1200,\"height\":1200},{\"@type\":\"BreadcrumbList\",\"@id\":\"https:\/\/crees.org.do\/?p=29012#breadcrumb\",\"itemListElement\":[{\"@type\":\"ListItem\",\"position\":1,\"name\":\"Portada\",\"item\":\"https:\/\/crees.org.do\/\"},{\"@type\":\"ListItem\",\"position\":2,\"name\":\"Cuando la econom\u00eda nos lleva al socialismo\"}]},{\"@type\":\"WebSite\",\"@id\":\"https:\/\/crees.org.do\/#website\",\"url\":\"https:\/\/crees.org.do\/\",\"name\":\"CREES\",\"description\":\"Centro Regional de Estrategias Econ\u00f3micas Sostenibles\",\"publisher\":{\"@id\":\"https:\/\/crees.org.do\/#organization\"},\"potentialAction\":[{\"@type\":\"SearchAction\",\"target\":{\"@type\":\"EntryPoint\",\"urlTemplate\":\"https:\/\/crees.org.do\/?s={search_term_string}\"},\"query-input\":{\"@type\":\"PropertyValueSpecification\",\"valueRequired\":true,\"valueName\":\"search_term_string\"}}],\"inLanguage\":\"es\"},{\"@type\":\"Organization\",\"@id\":\"https:\/\/crees.org.do\/#organization\",\"name\":\"CREES | Centro Regional de Estrategias Econ\u00f3micas Sostenibles\",\"url\":\"https:\/\/crees.org.do\/\",\"logo\":{\"@type\":\"ImageObject\",\"inLanguage\":\"es\",\"@id\":\"https:\/\/crees.org.do\/#\/schema\/logo\/image\/\",\"url\":\"https:\/\/crees.org.do\/wp-content\/uploads\/2022\/03\/crees-logo-1.jpg\",\"contentUrl\":\"https:\/\/crees.org.do\/wp-content\/uploads\/2022\/03\/crees-logo-1.jpg\",\"width\":244,\"height\":71,\"caption\":\"CREES | Centro Regional de Estrategias Econ\u00f3micas Sostenibles\"},\"image\":{\"@id\":\"https:\/\/crees.org.do\/#\/schema\/logo\/image\/\"},\"sameAs\":[\"https:\/\/www.facebook.com\/CREESRD\/\",\"https:\/\/x.com\/CREESRD\"]},{\"@type\":\"Person\",\"@id\":\"https:\/\/crees.org.do\/#\/schema\/person\/e7f97cd94d7bf9cd0e0ce30acb7d56b8\",\"name\":\"Crees\",\"image\":{\"@type\":\"ImageObject\",\"inLanguage\":\"es\",\"@id\":\"https:\/\/crees.org.do\/#\/schema\/person\/image\/\",\"url\":\"https:\/\/secure.gravatar.com\/avatar\/390ac8f0be5d9aa046152553e2dd7011b59a512d89c150f5e5f28bb8d9a0b165?s=96&d=mm&r=g\",\"contentUrl\":\"https:\/\/secure.gravatar.com\/avatar\/390ac8f0be5d9aa046152553e2dd7011b59a512d89c150f5e5f28bb8d9a0b165?s=96&d=mm&r=g\",\"caption\":\"Crees\"},\"url\":\"https:\/\/crees.org.do\/?author=2\"}]}<\/script>\n<!-- \/ Yoast SEO plugin. -->","yoast_head_json":{"title":"Cuando la econom\u00eda nos lleva al socialismo | CREES","robots":{"index":"index","follow":"follow","max-snippet":"max-snippet:-1","max-image-preview":"max-image-preview:large","max-video-preview":"max-video-preview:-1"},"canonical":"https:\/\/crees.org.do\/?p=29012","og_locale":"es_ES","og_type":"article","og_title":"Cuando la econom\u00eda nos lleva al socialismo | CREES","og_description":"Autor: Miguel Collado Di Franco Fecha: 20 de noviembre de 2025 Cuando la econom\u00eda nos lleva al socialismo Uno observa las noticias que aparecen en los medios, lee las opiniones de los funcionarios del \u00e1rea econ\u00f3mica, entra a los chats de economistas, y surgen preocupaciones sobre el di\u00e1logo econ\u00f3mico. Por ejemplo, se habla de la...","og_url":"https:\/\/crees.org.do\/?p=29012","og_site_name":"CREES","article_publisher":"https:\/\/www.facebook.com\/CREESRD\/","article_published_time":"2025-11-20T20:06:09+00:00","article_modified_time":"2025-11-21T16:33:16+00:00","og_image":[{"width":1200,"height":1200,"url":"https:\/\/crees.org.do\/wp-content\/uploads\/2025\/11\/Slide-1-copy-49-10-scaled.png","type":"image\/png"}],"author":"Crees","twitter_card":"summary_large_image","twitter_creator":"@CREESRD","twitter_site":"@CREESRD","twitter_misc":{"Escrito por":"Crees","Tiempo de lectura":"5 minutos"},"schema":{"@context":"https:\/\/schema.org","@graph":[{"@type":"Article","@id":"https:\/\/crees.org.do\/?p=29012#article","isPartOf":{"@id":"https:\/\/crees.org.do\/?p=29012"},"author":{"name":"Crees","@id":"https:\/\/crees.org.do\/#\/schema\/person\/e7f97cd94d7bf9cd0e0ce30acb7d56b8"},"headline":"Cuando la econom\u00eda nos lleva al socialismo","datePublished":"2025-11-20T20:06:09+00:00","dateModified":"2025-11-21T16:33:16+00:00","mainEntityOfPage":{"@id":"https:\/\/crees.org.do\/?p=29012"},"wordCount":949,"publisher":{"@id":"https:\/\/crees.org.do\/#organization"},"image":{"@id":"https:\/\/crees.org.do\/?p=29012#primaryimage"},"thumbnailUrl":"https:\/\/crees.org.do\/wp-content\/uploads\/2025\/11\/Slide-1-copy-49-10-scaled.png","articleSection":["Art\u00edculos"],"inLanguage":"es"},{"@type":"WebPage","@id":"https:\/\/crees.org.do\/?p=29012","url":"https:\/\/crees.org.do\/?p=29012","name":"Cuando la econom\u00eda nos lleva al socialismo | CREES","isPartOf":{"@id":"https:\/\/crees.org.do\/#website"},"primaryImageOfPage":{"@id":"https:\/\/crees.org.do\/?p=29012#primaryimage"},"image":{"@id":"https:\/\/crees.org.do\/?p=29012#primaryimage"},"thumbnailUrl":"https:\/\/crees.org.do\/wp-content\/uploads\/2025\/11\/Slide-1-copy-49-10-scaled.png","datePublished":"2025-11-20T20:06:09+00:00","dateModified":"2025-11-21T16:33:16+00:00","breadcrumb":{"@id":"https:\/\/crees.org.do\/?p=29012#breadcrumb"},"inLanguage":"es","potentialAction":[{"@type":"ReadAction","target":["https:\/\/crees.org.do\/?p=29012"]}]},{"@type":"ImageObject","inLanguage":"es","@id":"https:\/\/crees.org.do\/?p=29012#primaryimage","url":"https:\/\/crees.org.do\/wp-content\/uploads\/2025\/11\/Slide-1-copy-49-10-scaled.png","contentUrl":"https:\/\/crees.org.do\/wp-content\/uploads\/2025\/11\/Slide-1-copy-49-10-scaled.png","width":1200,"height":1200},{"@type":"BreadcrumbList","@id":"https:\/\/crees.org.do\/?p=29012#breadcrumb","itemListElement":[{"@type":"ListItem","position":1,"name":"Portada","item":"https:\/\/crees.org.do\/"},{"@type":"ListItem","position":2,"name":"Cuando la econom\u00eda nos lleva al socialismo"}]},{"@type":"WebSite","@id":"https:\/\/crees.org.do\/#website","url":"https:\/\/crees.org.do\/","name":"CREES","description":"Centro Regional de Estrategias Econ\u00f3micas Sostenibles","publisher":{"@id":"https:\/\/crees.org.do\/#organization"},"potentialAction":[{"@type":"SearchAction","target":{"@type":"EntryPoint","urlTemplate":"https:\/\/crees.org.do\/?s={search_term_string}"},"query-input":{"@type":"PropertyValueSpecification","valueRequired":true,"valueName":"search_term_string"}}],"inLanguage":"es"},{"@type":"Organization","@id":"https:\/\/crees.org.do\/#organization","name":"CREES | Centro Regional de Estrategias Econ\u00f3micas Sostenibles","url":"https:\/\/crees.org.do\/","logo":{"@type":"ImageObject","inLanguage":"es","@id":"https:\/\/crees.org.do\/#\/schema\/logo\/image\/","url":"https:\/\/crees.org.do\/wp-content\/uploads\/2022\/03\/crees-logo-1.jpg","contentUrl":"https:\/\/crees.org.do\/wp-content\/uploads\/2022\/03\/crees-logo-1.jpg","width":244,"height":71,"caption":"CREES | Centro Regional de Estrategias Econ\u00f3micas Sostenibles"},"image":{"@id":"https:\/\/crees.org.do\/#\/schema\/logo\/image\/"},"sameAs":["https:\/\/www.facebook.com\/CREESRD\/","https:\/\/x.com\/CREESRD"]},{"@type":"Person","@id":"https:\/\/crees.org.do\/#\/schema\/person\/e7f97cd94d7bf9cd0e0ce30acb7d56b8","name":"Crees","image":{"@type":"ImageObject","inLanguage":"es","@id":"https:\/\/crees.org.do\/#\/schema\/person\/image\/","url":"https:\/\/secure.gravatar.com\/avatar\/390ac8f0be5d9aa046152553e2dd7011b59a512d89c150f5e5f28bb8d9a0b165?s=96&d=mm&r=g","contentUrl":"https:\/\/secure.gravatar.com\/avatar\/390ac8f0be5d9aa046152553e2dd7011b59a512d89c150f5e5f28bb8d9a0b165?s=96&d=mm&r=g","caption":"Crees"},"url":"https:\/\/crees.org.do\/?author=2"}]}},"_links":{"self":[{"href":"https:\/\/crees.org.do\/index.php?rest_route=\/wp\/v2\/posts\/29012","targetHints":{"allow":["GET"]}}],"collection":[{"href":"https:\/\/crees.org.do\/index.php?rest_route=\/wp\/v2\/posts"}],"about":[{"href":"https:\/\/crees.org.do\/index.php?rest_route=\/wp\/v2\/types\/post"}],"author":[{"embeddable":true,"href":"https:\/\/crees.org.do\/index.php?rest_route=\/wp\/v2\/users\/2"}],"replies":[{"embeddable":true,"href":"https:\/\/crees.org.do\/index.php?rest_route=%2Fwp%2Fv2%2Fcomments&post=29012"}],"version-history":[{"count":1,"href":"https:\/\/crees.org.do\/index.php?rest_route=\/wp\/v2\/posts\/29012\/revisions"}],"predecessor-version":[{"id":29013,"href":"https:\/\/crees.org.do\/index.php?rest_route=\/wp\/v2\/posts\/29012\/revisions\/29013"}],"wp:featuredmedia":[{"embeddable":true,"href":"https:\/\/crees.org.do\/index.php?rest_route=\/wp\/v2\/media\/29046"}],"wp:attachment":[{"href":"https:\/\/crees.org.do\/index.php?rest_route=%2Fwp%2Fv2%2Fmedia&parent=29012"}],"wp:term":[{"taxonomy":"category","embeddable":true,"href":"https:\/\/crees.org.do\/index.php?rest_route=%2Fwp%2Fv2%2Fcategories&post=29012"},{"taxonomy":"post_tag","embeddable":true,"href":"https:\/\/crees.org.do\/index.php?rest_route=%2Fwp%2Fv2%2Ftags&post=29012"}],"curies":[{"name":"wp","href":"https:\/\/api.w.org\/{rel}","templated":true}]}}